{"id":157870,"date":"2022-07-10T14:07:50","date_gmt":"2022-07-10T13:07:50","guid":{"rendered":"https:\/\/radioljubuski.ba\/?p=157870"},"modified":"2022-07-10T14:07:52","modified_gmt":"2022-07-10T13:07:52","slug":"na-podrucju-akvatorija-otoka-krka-nestala-dvojica-nijemaca","status":"publish","type":"post","link":"https:\/\/radioljubuski.ba\/index.php\/2022\/07\/10\/na-podrucju-akvatorija-otoka-krka-nestala-dvojica-nijemaca\/","title":{"rendered":"Na podru\u010dju akvatorija otoka Krka nestala dvojica Nijemaca"},"content":{"rendered":"\n<p><strong>Na podru\u010dju akvatorija otoka Krka nestala su dvojica Nijemaca. U tijeku je potraga, a na zahtjev Nacionalne sredi\u0161njice za traganje i spa\u0161avanje Obalna stra\u017ea Hrvatske vojske anga\u017eirala je zrakoplov Pilatus PC-9.<\/strong><\/p>\n\n\n\n<blockquote class=\"twitter-tweet\"><p lang=\"und\" dir=\"ltr\">Obalna stra\u017ea <a href=\"https:\/\/twitter.com\/hashtag\/HV?src=hash&amp;ref_src=twsrc%5Etfw\">#HV<\/a> anga\u017eirala je jedan avion Pilatus PC-9 temeljem zahtjeva MRCC Rijeka za potrebe traganja i spa\u0161avanja dva njema\u010dka dr\u017eavljanina na podru\u010dju akvatorija otoka Krka. <a href=\"https:\/\/t.co\/VTnbQIhxio\">pic.twitter.com\/VTnbQIhxio<\/a><\/p>&mdash; MORH\/MoD Croatia (@MORH_OSRH) <a href=\"https:\/\/twitter.com\/MORH_OSRH\/status\/1546047914421751809?ref_src=twsrc%5Etfw\">July 10, 2022<\/a><\/blockquote> <script async src=\"https:\/\/platform.twitter.com\/widgets.js\" charset=\"utf-8\"><\/script>\n\n\n\n<p>Sino\u0107 u 20.40, slu\u017ebenici MRCC Rijeka zaprimili su poziv iznajmljiva\u010da rekreativnih plovila iz Klenovice, koji je javio o ka\u0161njenju u povratku dvoje gostiju, dr\u017eavljani Republike Njema\u010dke, nakon \u0161to su toga dana oko 17.00 isplovili na dasci za veslanje (SUP) u smjeru otoka Krka na kupanje. Informacije o svrsi i smjeru veslanja nestalih dojavitelj je saznao od supruge i majke nestalih, koji su se upustili u veslanje unato\u010d \u010dinjenici da je tijekom cijeloga dana u Velebitskom kanalu puhala bura.<br><br>Odmah nakon dojave obavijest o nestanku proslije\u0111ena je Lu\u010dkoj kapetaniji Rijeka i mjesno nadle\u017enoj Lu\u010dkoj ispostavi Novi Vinodolski, a u traganje su anga\u017eirane jedinice Pomorske i aerodromske policije Rijeka te Obalne stra\u017ee RH.<br><br>Sino\u0107 i no\u0107as slu\u017ebenici LI Novi Vinodolski i PPAP Rijeka izvr\u0161ili su povr\u0161insko traganje za nestalima uz obalni rub, od Vrbnika do Male luke. Tako\u0111er je pretra\u017een dio akvatorija Velebitskog kanala izme\u0111u Smokvice i otoka Krka, a traganje je zbog smanjene vidljivosti i vremenskih uvjeta privremeno obustavljeno no\u0107as oko dva sata i nastavljeno je jutros, 10. srpnja od 5.00.<br><br>Dosad je prona\u0111ena SUP daska s jednim veslom, sa isto\u010dne obale otoka Krka, jutros oko deset sati.<br><br>MRCC Rijeka uz povr\u0161insko koordinira i zra\u010dno traganje za nestalima, anga\u017eiranim zrakoplovom Obalne stra\u017ee RH, koji podru\u010dje traganja nadlije\u0107e jutros od 8.45, dok je za kopnenu potragu anga\u017eirana Hrvatska gorska slu\u017eba spa\u0161avanja (HGSS).<br><br>Akcija traganja za nestalima nastavlja se tijekom dana\u0161njeg dana, svim raspolo\u017eivim sredstvima.<\/p>\n\n\n\n<p>Izvor:hrt.hr<\/p>\n","protected":false},"excerpt":{"rendered":"<p>Na podru\u010dju akvatorija otoka Krka nestala su dvojica Nijemaca. U tijeku je potraga, a na zahtjev Nacionalne sredi\u0161njice za traganje i spa\u0161avanje Obalna stra\u017ea Hrvatske vojske anga\u017eirala je zrakoplov Pilatus PC-9. Obalna stra\u017ea #HV anga\u017eirala je jedan avion Pilatus PC-9 temeljem zahtjeva MRCC Rijeka za potrebe traganja i spa\u0161avanja dva njema\u010dka dr\u017eavljanina na podru\u010dju akvatorija [&hellip;]<\/p>\n","protected":false},"author":2,"featured_media":157871,"comment_status":"closed","ping_status":"closed","sticky":false,"template":"","format":"standard","meta":{"h5ap_radio_sources":[],"footnotes":""},"categories":[1],"tags":[],"class_list":["post-157870","post","type-post","status-publish","format-standard","has-post-thumbnail","hentry","category-bihiregija"],"yoast_head":"<!-- This site is optimized with the Yoast SEO plugin v27.5 - https:\/\/yoast.com\/product\/yoast-seo-wordpress\/ -->\n<title>Na podru\u010dju akvatorija otoka Krka nestala dvojica Nijemaca - RADIO LJUBU\u0160KI<\/title>\n<meta name=\"robots\" content=\"index, follow, max-snippet:-1, max-image-preview:large, max-video-preview:-1\" \/>\n<link rel=\"canonical\" href=\"https:\/\/radioljubuski.ba\/index.php\/2022\/07\/10\/na-podrucju-akvatorija-otoka-krka-nestala-dvojica-nijemaca\/\" \/>\n<meta property=\"og:locale\" content=\"hr_HR\" \/>\n<meta property=\"og:type\" content=\"article\" \/>\n<meta property=\"og:title\" content=\"Na podru\u010dju akvatorija otoka Krka nestala dvojica Nijemaca - RADIO LJUBU\u0160KI\" \/>\n<meta property=\"og:description\" content=\"Na podru\u010dju akvatorija otoka Krka nestala su dvojica Nijemaca. U tijeku je potraga, a na zahtjev Nacionalne sredi\u0161njice za traganje i spa\u0161avanje Obalna stra\u017ea Hrvatske vojske anga\u017eirala je zrakoplov Pilatus PC-9. Obalna stra\u017ea #HV anga\u017eirala je jedan avion Pilatus PC-9 temeljem zahtjeva MRCC Rijeka za potrebe traganja i spa\u0161avanja dva njema\u010dka dr\u017eavljanina na podru\u010dju akvatorija [&hellip;]\" \/>\n<meta property=\"og:url\" content=\"https:\/\/radioljubuski.ba\/index.php\/2022\/07\/10\/na-podrucju-akvatorija-otoka-krka-nestala-dvojica-nijemaca\/\" \/>\n<meta property=\"og:site_name\" content=\"RADIO LJUBU\u0160KI\" \/>\n<meta property=\"article:publisher\" content=\"https:\/\/www.facebook.com\/Radiio-Ljubuski-1490835324566332\" \/>\n<meta property=\"article:published_time\" content=\"2022-07-10T13:07:50+00:00\" \/>\n<meta property=\"article:modified_time\" content=\"2022-07-10T13:07:52+00:00\" \/>\n<meta property=\"og:image\" content=\"https:\/\/radioljubuski.ba\/wp-content\/uploads\/2022\/07\/pxl-021121-90455298.jpg\" \/>\n\t<meta property=\"og:image:width\" content=\"800\" \/>\n\t<meta property=\"og:image:height\" content=\"505\" \/>\n\t<meta property=\"og:image:type\" content=\"image\/jpeg\" \/>\n<meta name=\"author\" content=\"Radio Ljubu\u0161ki\" \/>\n<meta name=\"twitter:card\" content=\"summary_large_image\" \/>\n<meta name=\"twitter:creator\" content=\"@radioljubuski\" \/>\n<meta name=\"twitter:site\" content=\"@radioljubuski\" \/>\n<meta name=\"twitter:label1\" content=\"Napisao\/la\" \/>\n\t<meta name=\"twitter:data1\" content=\"Radio Ljubu\u0161ki\" \/>\n\t<meta name=\"twitter:label2\" content=\"Procijenjeno vrijeme \u010ditanja\" \/>\n\t<meta name=\"twitter:data2\" content=\"2 minute\" \/>\n<script type=\"application\/ld+json\" class=\"yoast-schema-graph\">{\"@context\":\"https:\\\/\\\/schema.org\",\"@graph\":[{\"@type\":\"Article\",\"@id\":\"https:\\\/\\\/radioljubuski.ba\\\/index.php\\\/2022\\\/07\\\/10\\\/na-podrucju-akvatorija-otoka-krka-nestala-dvojica-nijemaca\\\/#article\",\"isPartOf\":{\"@id\":\"https:\\\/\\\/radioljubuski.ba\\\/index.php\\\/2022\\\/07\\\/10\\\/na-podrucju-akvatorija-otoka-krka-nestala-dvojica-nijemaca\\\/\"},\"author\":{\"name\":\"Radio Ljubu\u0161ki\",\"@id\":\"https:\\\/\\\/radioljubuski.ba\\\/#\\\/schema\\\/person\\\/19fc700381a780f69665d7956c469e3b\"},\"headline\":\"Na podru\u010dju akvatorija otoka Krka nestala dvojica Nijemaca\",\"datePublished\":\"2022-07-10T13:07:50+00:00\",\"dateModified\":\"2022-07-10T13:07:52+00:00\",\"mainEntityOfPage\":{\"@id\":\"https:\\\/\\\/radioljubuski.ba\\\/index.php\\\/2022\\\/07\\\/10\\\/na-podrucju-akvatorija-otoka-krka-nestala-dvojica-nijemaca\\\/\"},\"wordCount\":350,\"publisher\":{\"@id\":\"https:\\\/\\\/radioljubuski.ba\\\/#organization\"},\"image\":{\"@id\":\"https:\\\/\\\/radioljubuski.ba\\\/index.php\\\/2022\\\/07\\\/10\\\/na-podrucju-akvatorija-otoka-krka-nestala-dvojica-nijemaca\\\/#primaryimage\"},\"thumbnailUrl\":\"https:\\\/\\\/radioljubuski.ba\\\/wp-content\\\/uploads\\\/2022\\\/07\\\/pxl-021121-90455298.jpg\",\"articleSection\":[\"BIH i regija\"],\"inLanguage\":\"hr\"},{\"@type\":\"WebPage\",\"@id\":\"https:\\\/\\\/radioljubuski.ba\\\/index.php\\\/2022\\\/07\\\/10\\\/na-podrucju-akvatorija-otoka-krka-nestala-dvojica-nijemaca\\\/\",\"url\":\"https:\\\/\\\/radioljubuski.ba\\\/index.php\\\/2022\\\/07\\\/10\\\/na-podrucju-akvatorija-otoka-krka-nestala-dvojica-nijemaca\\\/\",\"name\":\"Na podru\u010dju akvatorija otoka Krka nestala dvojica Nijemaca - RADIO LJUBU\u0160KI\",\"isPartOf\":{\"@id\":\"https:\\\/\\\/radioljubuski.ba\\\/#website\"},\"primaryImageOfPage\":{\"@id\":\"https:\\\/\\\/radioljubuski.ba\\\/index.php\\\/2022\\\/07\\\/10\\\/na-podrucju-akvatorija-otoka-krka-nestala-dvojica-nijemaca\\\/#primaryimage\"},\"image\":{\"@id\":\"https:\\\/\\\/radioljubuski.ba\\\/index.php\\\/2022\\\/07\\\/10\\\/na-podrucju-akvatorija-otoka-krka-nestala-dvojica-nijemaca\\\/#primaryimage\"},\"thumbnailUrl\":\"https:\\\/\\\/radioljubuski.ba\\\/wp-content\\\/uploads\\\/2022\\\/07\\\/pxl-021121-90455298.jpg\",\"datePublished\":\"2022-07-10T13:07:50+00:00\",\"dateModified\":\"2022-07-10T13:07:52+00:00\",\"breadcrumb\":{\"@id\":\"https:\\\/\\\/radioljubuski.ba\\\/index.php\\\/2022\\\/07\\\/10\\\/na-podrucju-akvatorija-otoka-krka-nestala-dvojica-nijemaca\\\/#breadcrumb\"},\"inLanguage\":\"hr\",\"potentialAction\":[{\"@type\":\"ReadAction\",\"target\":[\"https:\\\/\\\/radioljubuski.ba\\\/index.php\\\/2022\\\/07\\\/10\\\/na-podrucju-akvatorija-otoka-krka-nestala-dvojica-nijemaca\\\/\"]}]},{\"@type\":\"ImageObject\",\"inLanguage\":\"hr\",\"@id\":\"https:\\\/\\\/radioljubuski.ba\\\/index.php\\\/2022\\\/07\\\/10\\\/na-podrucju-akvatorija-otoka-krka-nestala-dvojica-nijemaca\\\/#primaryimage\",\"url\":\"https:\\\/\\\/radioljubuski.ba\\\/wp-content\\\/uploads\\\/2022\\\/07\\\/pxl-021121-90455298.jpg\",\"contentUrl\":\"https:\\\/\\\/radioljubuski.ba\\\/wp-content\\\/uploads\\\/2022\\\/07\\\/pxl-021121-90455298.jpg\",\"width\":800,\"height\":505},{\"@type\":\"BreadcrumbList\",\"@id\":\"https:\\\/\\\/radioljubuski.ba\\\/index.php\\\/2022\\\/07\\\/10\\\/na-podrucju-akvatorija-otoka-krka-nestala-dvojica-nijemaca\\\/#breadcrumb\",\"itemListElement\":[{\"@type\":\"ListItem\",\"position\":1,\"name\":\"Po\u010detna stranica\",\"item\":\"https:\\\/\\\/radioljubuski.ba\\\/\"},{\"@type\":\"ListItem\",\"position\":2,\"name\":\"Na podru\u010dju akvatorija otoka Krka nestala dvojica Nijemaca\"}]},{\"@type\":\"WebSite\",\"@id\":\"https:\\\/\\\/radioljubuski.ba\\\/#website\",\"url\":\"https:\\\/\\\/radioljubuski.ba\\\/\",\"name\":\"Radio Ljubu\u0161ki\",\"description\":\"Sun\u010dana frekvencija Hercegovine\",\"publisher\":{\"@id\":\"https:\\\/\\\/radioljubuski.ba\\\/#organization\"},\"potentialAction\":[{\"@type\":\"SearchAction\",\"target\":{\"@type\":\"EntryPoint\",\"urlTemplate\":\"https:\\\/\\\/radioljubuski.ba\\\/?s={search_term_string}\"},\"query-input\":{\"@type\":\"PropertyValueSpecification\",\"valueRequired\":true,\"valueName\":\"search_term_string\"}}],\"inLanguage\":\"hr\"},{\"@type\":\"Organization\",\"@id\":\"https:\\\/\\\/radioljubuski.ba\\\/#organization\",\"name\":\"Radio Ljubu\u0161ki\",\"url\":\"https:\\\/\\\/radioljubuski.ba\\\/\",\"logo\":{\"@type\":\"ImageObject\",\"inLanguage\":\"hr\",\"@id\":\"https:\\\/\\\/radioljubuski.ba\\\/#\\\/schema\\\/logo\\\/image\\\/\",\"url\":\"https:\\\/\\\/radioljubuski.ba\\\/wp-content\\\/uploads\\\/2021\\\/02\\\/cropped-Radio_Ljubuski_logo1.jpg\",\"contentUrl\":\"https:\\\/\\\/radioljubuski.ba\\\/wp-content\\\/uploads\\\/2021\\\/02\\\/cropped-Radio_Ljubuski_logo1.jpg\",\"width\":512,\"height\":512,\"caption\":\"Radio Ljubu\u0161ki\"},\"image\":{\"@id\":\"https:\\\/\\\/radioljubuski.ba\\\/#\\\/schema\\\/logo\\\/image\\\/\"},\"sameAs\":[\"https:\\\/\\\/www.facebook.com\\\/Radiio-Ljubuski-1490835324566332\",\"https:\\\/\\\/x.com\\\/radioljubuski\",\"https:\\\/\\\/hr.linkedin.com\\\/company\\\/radio-ljubuski\",\"https:\\\/\\\/www.youtube.com\\\/channel\\\/UCHYaeO_n0Db3tjNGudGpXyw\"]},{\"@type\":\"Person\",\"@id\":\"https:\\\/\\\/radioljubuski.ba\\\/#\\\/schema\\\/person\\\/19fc700381a780f69665d7956c469e3b\",\"name\":\"Radio Ljubu\u0161ki\"}]}<\/script>\n<!-- \/ Yoast SEO plugin. -->","yoast_head_json":{"title":"Na podru\u010dju akvatorija otoka Krka nestala dvojica Nijemaca - RADIO LJUBU\u0160KI","robots":{"index":"index","follow":"follow","max-snippet":"max-snippet:-1","max-image-preview":"max-image-preview:large","max-video-preview":"max-video-preview:-1"},"canonical":"https:\/\/radioljubuski.ba\/index.php\/2022\/07\/10\/na-podrucju-akvatorija-otoka-krka-nestala-dvojica-nijemaca\/","og_locale":"hr_HR","og_type":"article","og_title":"Na podru\u010dju akvatorija otoka Krka nestala dvojica Nijemaca - RADIO LJUBU\u0160KI","og_description":"Na podru\u010dju akvatorija otoka Krka nestala su dvojica Nijemaca. U tijeku je potraga, a na zahtjev Nacionalne sredi\u0161njice za traganje i spa\u0161avanje Obalna stra\u017ea Hrvatske vojske anga\u017eirala je zrakoplov Pilatus PC-9. Obalna stra\u017ea #HV anga\u017eirala je jedan avion Pilatus PC-9 temeljem zahtjeva MRCC Rijeka za potrebe traganja i spa\u0161avanja dva njema\u010dka dr\u017eavljanina na podru\u010dju akvatorija [&hellip;]","og_url":"https:\/\/radioljubuski.ba\/index.php\/2022\/07\/10\/na-podrucju-akvatorija-otoka-krka-nestala-dvojica-nijemaca\/","og_site_name":"RADIO LJUBU\u0160KI","article_publisher":"https:\/\/www.facebook.com\/Radiio-Ljubuski-1490835324566332","article_published_time":"2022-07-10T13:07:50+00:00","article_modified_time":"2022-07-10T13:07:52+00:00","og_image":[{"width":800,"height":505,"url":"https:\/\/radioljubuski.ba\/wp-content\/uploads\/2022\/07\/pxl-021121-90455298.jpg","type":"image\/jpeg"}],"author":"Radio Ljubu\u0161ki","twitter_card":"summary_large_image","twitter_creator":"@radioljubuski","twitter_site":"@radioljubuski","twitter_misc":{"Napisao\/la":"Radio Ljubu\u0161ki","Procijenjeno vrijeme \u010ditanja":"2 minute"},"schema":{"@context":"https:\/\/schema.org","@graph":[{"@type":"Article","@id":"https:\/\/radioljubuski.ba\/index.php\/2022\/07\/10\/na-podrucju-akvatorija-otoka-krka-nestala-dvojica-nijemaca\/#article","isPartOf":{"@id":"https:\/\/radioljubuski.ba\/index.php\/2022\/07\/10\/na-podrucju-akvatorija-otoka-krka-nestala-dvojica-nijemaca\/"},"author":{"name":"Radio Ljubu\u0161ki","@id":"https:\/\/radioljubuski.ba\/#\/schema\/person\/19fc700381a780f69665d7956c469e3b"},"headline":"Na podru\u010dju akvatorija otoka Krka nestala dvojica Nijemaca","datePublished":"2022-07-10T13:07:50+00:00","dateModified":"2022-07-10T13:07:52+00:00","mainEntityOfPage":{"@id":"https:\/\/radioljubuski.ba\/index.php\/2022\/07\/10\/na-podrucju-akvatorija-otoka-krka-nestala-dvojica-nijemaca\/"},"wordCount":350,"publisher":{"@id":"https:\/\/radioljubuski.ba\/#organization"},"image":{"@id":"https:\/\/radioljubuski.ba\/index.php\/2022\/07\/10\/na-podrucju-akvatorija-otoka-krka-nestala-dvojica-nijemaca\/#primaryimage"},"thumbnailUrl":"https:\/\/radioljubuski.ba\/wp-content\/uploads\/2022\/07\/pxl-021121-90455298.jpg","articleSection":["BIH i regija"],"inLanguage":"hr"},{"@type":"WebPage","@id":"https:\/\/radioljubuski.ba\/index.php\/2022\/07\/10\/na-podrucju-akvatorija-otoka-krka-nestala-dvojica-nijemaca\/","url":"https:\/\/radioljubuski.ba\/index.php\/2022\/07\/10\/na-podrucju-akvatorija-otoka-krka-nestala-dvojica-nijemaca\/","name":"Na podru\u010dju akvatorija otoka Krka nestala dvojica Nijemaca - RADIO LJUBU\u0160KI","isPartOf":{"@id":"https:\/\/radioljubuski.ba\/#website"},"primaryImageOfPage":{"@id":"https:\/\/radioljubuski.ba\/index.php\/2022\/07\/10\/na-podrucju-akvatorija-otoka-krka-nestala-dvojica-nijemaca\/#primaryimage"},"image":{"@id":"https:\/\/radioljubuski.ba\/index.php\/2022\/07\/10\/na-podrucju-akvatorija-otoka-krka-nestala-dvojica-nijemaca\/#primaryimage"},"thumbnailUrl":"https:\/\/radioljubuski.ba\/wp-content\/uploads\/2022\/07\/pxl-021121-90455298.jpg","datePublished":"2022-07-10T13:07:50+00:00","dateModified":"2022-07-10T13:07:52+00:00","breadcrumb":{"@id":"https:\/\/radioljubuski.ba\/index.php\/2022\/07\/10\/na-podrucju-akvatorija-otoka-krka-nestala-dvojica-nijemaca\/#breadcrumb"},"inLanguage":"hr","potentialAction":[{"@type":"ReadAction","target":["https:\/\/radioljubuski.ba\/index.php\/2022\/07\/10\/na-podrucju-akvatorija-otoka-krka-nestala-dvojica-nijemaca\/"]}]},{"@type":"ImageObject","inLanguage":"hr","@id":"https:\/\/radioljubuski.ba\/index.php\/2022\/07\/10\/na-podrucju-akvatorija-otoka-krka-nestala-dvojica-nijemaca\/#primaryimage","url":"https:\/\/radioljubuski.ba\/wp-content\/uploads\/2022\/07\/pxl-021121-90455298.jpg","contentUrl":"https:\/\/radioljubuski.ba\/wp-content\/uploads\/2022\/07\/pxl-021121-90455298.jpg","width":800,"height":505},{"@type":"BreadcrumbList","@id":"https:\/\/radioljubuski.ba\/index.php\/2022\/07\/10\/na-podrucju-akvatorija-otoka-krka-nestala-dvojica-nijemaca\/#breadcrumb","itemListElement":[{"@type":"ListItem","position":1,"name":"Po\u010detna stranica","item":"https:\/\/radioljubuski.ba\/"},{"@type":"ListItem","position":2,"name":"Na podru\u010dju akvatorija otoka Krka nestala dvojica Nijemaca"}]},{"@type":"WebSite","@id":"https:\/\/radioljubuski.ba\/#website","url":"https:\/\/radioljubuski.ba\/","name":"Radio Ljubu\u0161ki","description":"Sun\u010dana frekvencija Hercegovine","publisher":{"@id":"https:\/\/radioljubuski.ba\/#organization"},"potentialAction":[{"@type":"SearchAction","target":{"@type":"EntryPoint","urlTemplate":"https:\/\/radioljubuski.ba\/?s={search_term_string}"},"query-input":{"@type":"PropertyValueSpecification","valueRequired":true,"valueName":"search_term_string"}}],"inLanguage":"hr"},{"@type":"Organization","@id":"https:\/\/radioljubuski.ba\/#organization","name":"Radio Ljubu\u0161ki","url":"https:\/\/radioljubuski.ba\/","logo":{"@type":"ImageObject","inLanguage":"hr","@id":"https:\/\/radioljubuski.ba\/#\/schema\/logo\/image\/","url":"https:\/\/radioljubuski.ba\/wp-content\/uploads\/2021\/02\/cropped-Radio_Ljubuski_logo1.jpg","contentUrl":"https:\/\/radioljubuski.ba\/wp-content\/uploads\/2021\/02\/cropped-Radio_Ljubuski_logo1.jpg","width":512,"height":512,"caption":"Radio Ljubu\u0161ki"},"image":{"@id":"https:\/\/radioljubuski.ba\/#\/schema\/logo\/image\/"},"sameAs":["https:\/\/www.facebook.com\/Radiio-Ljubuski-1490835324566332","https:\/\/x.com\/radioljubuski","https:\/\/hr.linkedin.com\/company\/radio-ljubuski","https:\/\/www.youtube.com\/channel\/UCHYaeO_n0Db3tjNGudGpXyw"]},{"@type":"Person","@id":"https:\/\/radioljubuski.ba\/#\/schema\/person\/19fc700381a780f69665d7956c469e3b","name":"Radio Ljubu\u0161ki"}]}},"_links":{"self":[{"href":"https:\/\/radioljubuski.ba\/index.php\/wp-json\/wp\/v2\/posts\/157870","targetHints":{"allow":["GET"]}}],"collection":[{"href":"https:\/\/radioljubuski.ba\/index.php\/wp-json\/wp\/v2\/posts"}],"about":[{"href":"https:\/\/radioljubuski.ba\/index.php\/wp-json\/wp\/v2\/types\/post"}],"author":[{"embeddable":true,"href":"https:\/\/radioljubuski.ba\/index.php\/wp-json\/wp\/v2\/users\/2"}],"replies":[{"embeddable":true,"href":"https:\/\/radioljubuski.ba\/index.php\/wp-json\/wp\/v2\/comments?post=157870"}],"version-history":[{"count":1,"href":"https:\/\/radioljubuski.ba\/index.php\/wp-json\/wp\/v2\/posts\/157870\/revisions"}],"predecessor-version":[{"id":157872,"href":"https:\/\/radioljubuski.ba\/index.php\/wp-json\/wp\/v2\/posts\/157870\/revisions\/157872"}],"wp:featuredmedia":[{"embeddable":true,"href":"https:\/\/radioljubuski.ba\/index.php\/wp-json\/wp\/v2\/media\/157871"}],"wp:attachment":[{"href":"https:\/\/radioljubuski.ba\/index.php\/wp-json\/wp\/v2\/media?parent=157870"}],"wp:term":[{"taxonomy":"category","embeddable":true,"href":"https:\/\/radioljubuski.ba\/index.php\/wp-json\/wp\/v2\/categories?post=157870"},{"taxonomy":"post_tag","embeddable":true,"href":"https:\/\/radioljubuski.ba\/index.php\/wp-json\/wp\/v2\/tags?post=157870"}],"curies":[{"name":"wp","href":"https:\/\/api.w.org\/{rel}","templated":true}]}}