{"id":157873,"date":"2022-07-10T14:09:02","date_gmt":"2022-07-10T13:09:02","guid":{"rendered":"https:\/\/radioljubuski.ba\/?p=157873"},"modified":"2022-07-10T14:09:04","modified_gmt":"2022-07-10T13:09:04","slug":"ugasen-pozar-kod-kljuca-u-np-krka","status":"publish","type":"post","link":"https:\/\/radioljubuski.ba\/index.php\/2022\/07\/10\/ugasen-pozar-kod-kljuca-u-np-krka\/","title":{"rendered":"Uga\u0161en po\u017ear kod Klju\u010da u NP Krka"},"content":{"rendered":"\n<p><strong>Uga\u0161en je po\u017ear koji je u subotu buknuo kod Klju\u010da u Nacionalnom parku Krka gdje je izgorjelo 20 hektara trave i niskog raslinja.<\/strong><\/p>\n\n\n\n<p>&#8211; Po\u017ear koji je sino\u0107 buknuo u blizini utvrde Klju\u010dica u kanjonu \u010cikole lokaliziran je jutros u 7,33, a u 8.20 sati uga\u0161en. U ga\u0161enju su sudjelovali vatrogasci drni\u0161ke Javne vatrogasne postrojbe te dobrovoljnih vatrogasnih dru\u0161tava iz Drni\u0161a i Promine koji su i de\u017eurali tijekom no\u0107i. Izgorjelo je 20 hektara trave i niskog raslinja, izvijestili su u nedjelju ujutro iz \u017dupanijskog centra 112.<br><br>Po\u017ear u Nacionalnom parku Krka planuo je kod mjesta Klju\u010d, odnosno utvrde Klju\u010dica u kanjonu \u010cikole. Gorjela je trava i nisko raslinje, a na terenu je bilo 18 vatrogasaca i sedam vozila te je od jutra u ga\u0161enju sudjelovao i kanader.&nbsp;<\/p>\n\n\n\n<p>Izvor:hrt.hr<\/p>\n","protected":false},"excerpt":{"rendered":"<p>Uga\u0161en je po\u017ear koji je u subotu buknuo kod Klju\u010da u Nacionalnom parku Krka gdje je izgorjelo 20 hektara trave i niskog raslinja. &#8211; Po\u017ear koji je sino\u0107 buknuo u blizini utvrde Klju\u010dica u kanjonu \u010cikole lokaliziran je jutros u 7,33, a u 8.20 sati uga\u0161en. U ga\u0161enju su sudjelovali vatrogasci drni\u0161ke Javne vatrogasne postrojbe [&hellip;]<\/p>\n","protected":false},"author":2,"featured_media":157874,"comment_status":"closed","ping_status":"closed","sticky":false,"template":"","format":"standard","meta":{"h5ap_radio_sources":[],"footnotes":""},"categories":[1],"tags":[],"class_list":["post-157873","post","type-post","status-publish","format-standard","has-post-thumbnail","hentry","category-bihiregija"],"yoast_head":"<!-- This site is optimized with the Yoast SEO plugin v27.5 - https:\/\/yoast.com\/product\/yoast-seo-wordpress\/ -->\n<title>Uga\u0161en po\u017ear kod Klju\u010da u NP Krka - RADIO LJUBU\u0160KI<\/title>\n<meta name=\"robots\" content=\"index, follow, max-snippet:-1, max-image-preview:large, max-video-preview:-1\" \/>\n<link rel=\"canonical\" href=\"https:\/\/radioljubuski.ba\/index.php\/2022\/07\/10\/ugasen-pozar-kod-kljuca-u-np-krka\/\" \/>\n<meta property=\"og:locale\" content=\"hr_HR\" \/>\n<meta property=\"og:type\" content=\"article\" \/>\n<meta property=\"og:title\" content=\"Uga\u0161en po\u017ear kod Klju\u010da u NP Krka - RADIO LJUBU\u0160KI\" \/>\n<meta property=\"og:description\" content=\"Uga\u0161en je po\u017ear koji je u subotu buknuo kod Klju\u010da u Nacionalnom parku Krka gdje je izgorjelo 20 hektara trave i niskog raslinja. &#8211; Po\u017ear koji je sino\u0107 buknuo u blizini utvrde Klju\u010dica u kanjonu \u010cikole lokaliziran je jutros u 7,33, a u 8.20 sati uga\u0161en. U ga\u0161enju su sudjelovali vatrogasci drni\u0161ke Javne vatrogasne postrojbe [&hellip;]\" \/>\n<meta property=\"og:url\" content=\"https:\/\/radioljubuski.ba\/index.php\/2022\/07\/10\/ugasen-pozar-kod-kljuca-u-np-krka\/\" \/>\n<meta property=\"og:site_name\" content=\"RADIO LJUBU\u0160KI\" \/>\n<meta property=\"article:publisher\" content=\"https:\/\/www.facebook.com\/Radiio-Ljubuski-1490835324566332\" \/>\n<meta property=\"article:published_time\" content=\"2022-07-10T13:09:02+00:00\" \/>\n<meta property=\"article:modified_time\" content=\"2022-07-10T13:09:04+00:00\" \/>\n<meta property=\"og:image\" content=\"https:\/\/radioljubuski.ba\/wp-content\/uploads\/2022\/07\/pxl-260821-34313532-20220710090107.jpg\" \/>\n\t<meta property=\"og:image:width\" content=\"1600\" \/>\n\t<meta property=\"og:image:height\" content=\"1055\" \/>\n\t<meta property=\"og:image:type\" content=\"image\/jpeg\" \/>\n<meta name=\"author\" content=\"Radio Ljubu\u0161ki\" \/>\n<meta name=\"twitter:card\" content=\"summary_large_image\" \/>\n<meta name=\"twitter:creator\" content=\"@radioljubuski\" \/>\n<meta name=\"twitter:site\" content=\"@radioljubuski\" \/>\n<meta name=\"twitter:label1\" content=\"Napisao\/la\" \/>\n\t<meta name=\"twitter:data1\" content=\"Radio Ljubu\u0161ki\" \/>\n\t<meta name=\"twitter:label2\" content=\"Procijenjeno vrijeme \u010ditanja\" \/>\n\t<meta name=\"twitter:data2\" content=\"1 minuta\" \/>\n<script type=\"application\/ld+json\" class=\"yoast-schema-graph\">{\"@context\":\"https:\\\/\\\/schema.org\",\"@graph\":[{\"@type\":\"Article\",\"@id\":\"https:\\\/\\\/radioljubuski.ba\\\/index.php\\\/2022\\\/07\\\/10\\\/ugasen-pozar-kod-kljuca-u-np-krka\\\/#article\",\"isPartOf\":{\"@id\":\"https:\\\/\\\/radioljubuski.ba\\\/index.php\\\/2022\\\/07\\\/10\\\/ugasen-pozar-kod-kljuca-u-np-krka\\\/\"},\"author\":{\"name\":\"Radio Ljubu\u0161ki\",\"@id\":\"https:\\\/\\\/radioljubuski.ba\\\/#\\\/schema\\\/person\\\/19fc700381a780f69665d7956c469e3b\"},\"headline\":\"Uga\u0161en po\u017ear kod Klju\u010da u NP Krka\",\"datePublished\":\"2022-07-10T13:09:02+00:00\",\"dateModified\":\"2022-07-10T13:09:04+00:00\",\"mainEntityOfPage\":{\"@id\":\"https:\\\/\\\/radioljubuski.ba\\\/index.php\\\/2022\\\/07\\\/10\\\/ugasen-pozar-kod-kljuca-u-np-krka\\\/\"},\"wordCount\":150,\"publisher\":{\"@id\":\"https:\\\/\\\/radioljubuski.ba\\\/#organization\"},\"image\":{\"@id\":\"https:\\\/\\\/radioljubuski.ba\\\/index.php\\\/2022\\\/07\\\/10\\\/ugasen-pozar-kod-kljuca-u-np-krka\\\/#primaryimage\"},\"thumbnailUrl\":\"https:\\\/\\\/radioljubuski.ba\\\/wp-content\\\/uploads\\\/2022\\\/07\\\/pxl-260821-34313532-20220710090107.jpg\",\"articleSection\":[\"BIH i regija\"],\"inLanguage\":\"hr\"},{\"@type\":\"WebPage\",\"@id\":\"https:\\\/\\\/radioljubuski.ba\\\/index.php\\\/2022\\\/07\\\/10\\\/ugasen-pozar-kod-kljuca-u-np-krka\\\/\",\"url\":\"https:\\\/\\\/radioljubuski.ba\\\/index.php\\\/2022\\\/07\\\/10\\\/ugasen-pozar-kod-kljuca-u-np-krka\\\/\",\"name\":\"Uga\u0161en po\u017ear kod Klju\u010da u NP Krka - RADIO LJUBU\u0160KI\",\"isPartOf\":{\"@id\":\"https:\\\/\\\/radioljubuski.ba\\\/#website\"},\"primaryImageOfPage\":{\"@id\":\"https:\\\/\\\/radioljubuski.ba\\\/index.php\\\/2022\\\/07\\\/10\\\/ugasen-pozar-kod-kljuca-u-np-krka\\\/#primaryimage\"},\"image\":{\"@id\":\"https:\\\/\\\/radioljubuski.ba\\\/index.php\\\/2022\\\/07\\\/10\\\/ugasen-pozar-kod-kljuca-u-np-krka\\\/#primaryimage\"},\"thumbnailUrl\":\"https:\\\/\\\/radioljubuski.ba\\\/wp-content\\\/uploads\\\/2022\\\/07\\\/pxl-260821-34313532-20220710090107.jpg\",\"datePublished\":\"2022-07-10T13:09:02+00:00\",\"dateModified\":\"2022-07-10T13:09:04+00:00\",\"breadcrumb\":{\"@id\":\"https:\\\/\\\/radioljubuski.ba\\\/index.php\\\/2022\\\/07\\\/10\\\/ugasen-pozar-kod-kljuca-u-np-krka\\\/#breadcrumb\"},\"inLanguage\":\"hr\",\"potentialAction\":[{\"@type\":\"ReadAction\",\"target\":[\"https:\\\/\\\/radioljubuski.ba\\\/index.php\\\/2022\\\/07\\\/10\\\/ugasen-pozar-kod-kljuca-u-np-krka\\\/\"]}]},{\"@type\":\"ImageObject\",\"inLanguage\":\"hr\",\"@id\":\"https:\\\/\\\/radioljubuski.ba\\\/index.php\\\/2022\\\/07\\\/10\\\/ugasen-pozar-kod-kljuca-u-np-krka\\\/#primaryimage\",\"url\":\"https:\\\/\\\/radioljubuski.ba\\\/wp-content\\\/uploads\\\/2022\\\/07\\\/pxl-260821-34313532-20220710090107.jpg\",\"contentUrl\":\"https:\\\/\\\/radioljubuski.ba\\\/wp-content\\\/uploads\\\/2022\\\/07\\\/pxl-260821-34313532-20220710090107.jpg\",\"width\":1600,\"height\":1055,\"caption\":\"26.08.2021.,Zaboric-Vise pozara koji su se tijekom noci spojili u jedan veliki na podrucju izmedju Jadrtovca i Zabori\u0107a.59 vatrogasaca s 21 vozilom su na terenu a u pomoc su u svitanje dosla i dva kanadera. Pozar gase vatrogasci iz JVP Sibenik, JVP Vodice, DIP Sibenik, DVD-ovi: Brodarica, Grebastica, Sibenik, Zablace, Zaton, Bilice, Perkovic, Pirovac, Skradin, Rogoznica i Vodice.rPhoto: Dusko Jaramaz\\\/PIXSELL\"},{\"@type\":\"BreadcrumbList\",\"@id\":\"https:\\\/\\\/radioljubuski.ba\\\/index.php\\\/2022\\\/07\\\/10\\\/ugasen-pozar-kod-kljuca-u-np-krka\\\/#breadcrumb\",\"itemListElement\":[{\"@type\":\"ListItem\",\"position\":1,\"name\":\"Po\u010detna stranica\",\"item\":\"https:\\\/\\\/radioljubuski.ba\\\/\"},{\"@type\":\"ListItem\",\"position\":2,\"name\":\"Uga\u0161en po\u017ear kod Klju\u010da u NP Krka\"}]},{\"@type\":\"WebSite\",\"@id\":\"https:\\\/\\\/radioljubuski.ba\\\/#website\",\"url\":\"https:\\\/\\\/radioljubuski.ba\\\/\",\"name\":\"Radio Ljubu\u0161ki\",\"description\":\"Sun\u010dana frekvencija Hercegovine\",\"publisher\":{\"@id\":\"https:\\\/\\\/radioljubuski.ba\\\/#organization\"},\"potentialAction\":[{\"@type\":\"SearchAction\",\"target\":{\"@type\":\"EntryPoint\",\"urlTemplate\":\"https:\\\/\\\/radioljubuski.ba\\\/?s={search_term_string}\"},\"query-input\":{\"@type\":\"PropertyValueSpecification\",\"valueRequired\":true,\"valueName\":\"search_term_string\"}}],\"inLanguage\":\"hr\"},{\"@type\":\"Organization\",\"@id\":\"https:\\\/\\\/radioljubuski.ba\\\/#organization\",\"name\":\"Radio Ljubu\u0161ki\",\"url\":\"https:\\\/\\\/radioljubuski.ba\\\/\",\"logo\":{\"@type\":\"ImageObject\",\"inLanguage\":\"hr\",\"@id\":\"https:\\\/\\\/radioljubuski.ba\\\/#\\\/schema\\\/logo\\\/image\\\/\",\"url\":\"https:\\\/\\\/radioljubuski.ba\\\/wp-content\\\/uploads\\\/2021\\\/02\\\/cropped-Radio_Ljubuski_logo1.jpg\",\"contentUrl\":\"https:\\\/\\\/radioljubuski.ba\\\/wp-content\\\/uploads\\\/2021\\\/02\\\/cropped-Radio_Ljubuski_logo1.jpg\",\"width\":512,\"height\":512,\"caption\":\"Radio Ljubu\u0161ki\"},\"image\":{\"@id\":\"https:\\\/\\\/radioljubuski.ba\\\/#\\\/schema\\\/logo\\\/image\\\/\"},\"sameAs\":[\"https:\\\/\\\/www.facebook.com\\\/Radiio-Ljubuski-1490835324566332\",\"https:\\\/\\\/x.com\\\/radioljubuski\",\"https:\\\/\\\/hr.linkedin.com\\\/company\\\/radio-ljubuski\",\"https:\\\/\\\/www.youtube.com\\\/channel\\\/UCHYaeO_n0Db3tjNGudGpXyw\"]},{\"@type\":\"Person\",\"@id\":\"https:\\\/\\\/radioljubuski.ba\\\/#\\\/schema\\\/person\\\/19fc700381a780f69665d7956c469e3b\",\"name\":\"Radio Ljubu\u0161ki\"}]}<\/script>\n<!-- \/ Yoast SEO plugin. -->","yoast_head_json":{"title":"Uga\u0161en po\u017ear kod Klju\u010da u NP Krka - RADIO LJUBU\u0160KI","robots":{"index":"index","follow":"follow","max-snippet":"max-snippet:-1","max-image-preview":"max-image-preview:large","max-video-preview":"max-video-preview:-1"},"canonical":"https:\/\/radioljubuski.ba\/index.php\/2022\/07\/10\/ugasen-pozar-kod-kljuca-u-np-krka\/","og_locale":"hr_HR","og_type":"article","og_title":"Uga\u0161en po\u017ear kod Klju\u010da u NP Krka - RADIO LJUBU\u0160KI","og_description":"Uga\u0161en je po\u017ear koji je u subotu buknuo kod Klju\u010da u Nacionalnom parku Krka gdje je izgorjelo 20 hektara trave i niskog raslinja. &#8211; Po\u017ear koji je sino\u0107 buknuo u blizini utvrde Klju\u010dica u kanjonu \u010cikole lokaliziran je jutros u 7,33, a u 8.20 sati uga\u0161en. U ga\u0161enju su sudjelovali vatrogasci drni\u0161ke Javne vatrogasne postrojbe [&hellip;]","og_url":"https:\/\/radioljubuski.ba\/index.php\/2022\/07\/10\/ugasen-pozar-kod-kljuca-u-np-krka\/","og_site_name":"RADIO LJUBU\u0160KI","article_publisher":"https:\/\/www.facebook.com\/Radiio-Ljubuski-1490835324566332","article_published_time":"2022-07-10T13:09:02+00:00","article_modified_time":"2022-07-10T13:09:04+00:00","og_image":[{"width":1600,"height":1055,"url":"https:\/\/radioljubuski.ba\/wp-content\/uploads\/2022\/07\/pxl-260821-34313532-20220710090107.jpg","type":"image\/jpeg"}],"author":"Radio Ljubu\u0161ki","twitter_card":"summary_large_image","twitter_creator":"@radioljubuski","twitter_site":"@radioljubuski","twitter_misc":{"Napisao\/la":"Radio Ljubu\u0161ki","Procijenjeno vrijeme \u010ditanja":"1 minuta"},"schema":{"@context":"https:\/\/schema.org","@graph":[{"@type":"Article","@id":"https:\/\/radioljubuski.ba\/index.php\/2022\/07\/10\/ugasen-pozar-kod-kljuca-u-np-krka\/#article","isPartOf":{"@id":"https:\/\/radioljubuski.ba\/index.php\/2022\/07\/10\/ugasen-pozar-kod-kljuca-u-np-krka\/"},"author":{"name":"Radio Ljubu\u0161ki","@id":"https:\/\/radioljubuski.ba\/#\/schema\/person\/19fc700381a780f69665d7956c469e3b"},"headline":"Uga\u0161en po\u017ear kod Klju\u010da u NP Krka","datePublished":"2022-07-10T13:09:02+00:00","dateModified":"2022-07-10T13:09:04+00:00","mainEntityOfPage":{"@id":"https:\/\/radioljubuski.ba\/index.php\/2022\/07\/10\/ugasen-pozar-kod-kljuca-u-np-krka\/"},"wordCount":150,"publisher":{"@id":"https:\/\/radioljubuski.ba\/#organization"},"image":{"@id":"https:\/\/radioljubuski.ba\/index.php\/2022\/07\/10\/ugasen-pozar-kod-kljuca-u-np-krka\/#primaryimage"},"thumbnailUrl":"https:\/\/radioljubuski.ba\/wp-content\/uploads\/2022\/07\/pxl-260821-34313532-20220710090107.jpg","articleSection":["BIH i regija"],"inLanguage":"hr"},{"@type":"WebPage","@id":"https:\/\/radioljubuski.ba\/index.php\/2022\/07\/10\/ugasen-pozar-kod-kljuca-u-np-krka\/","url":"https:\/\/radioljubuski.ba\/index.php\/2022\/07\/10\/ugasen-pozar-kod-kljuca-u-np-krka\/","name":"Uga\u0161en po\u017ear kod Klju\u010da u NP Krka - RADIO LJUBU\u0160KI","isPartOf":{"@id":"https:\/\/radioljubuski.ba\/#website"},"primaryImageOfPage":{"@id":"https:\/\/radioljubuski.ba\/index.php\/2022\/07\/10\/ugasen-pozar-kod-kljuca-u-np-krka\/#primaryimage"},"image":{"@id":"https:\/\/radioljubuski.ba\/index.php\/2022\/07\/10\/ugasen-pozar-kod-kljuca-u-np-krka\/#primaryimage"},"thumbnailUrl":"https:\/\/radioljubuski.ba\/wp-content\/uploads\/2022\/07\/pxl-260821-34313532-20220710090107.jpg","datePublished":"2022-07-10T13:09:02+00:00","dateModified":"2022-07-10T13:09:04+00:00","breadcrumb":{"@id":"https:\/\/radioljubuski.ba\/index.php\/2022\/07\/10\/ugasen-pozar-kod-kljuca-u-np-krka\/#breadcrumb"},"inLanguage":"hr","potentialAction":[{"@type":"ReadAction","target":["https:\/\/radioljubuski.ba\/index.php\/2022\/07\/10\/ugasen-pozar-kod-kljuca-u-np-krka\/"]}]},{"@type":"ImageObject","inLanguage":"hr","@id":"https:\/\/radioljubuski.ba\/index.php\/2022\/07\/10\/ugasen-pozar-kod-kljuca-u-np-krka\/#primaryimage","url":"https:\/\/radioljubuski.ba\/wp-content\/uploads\/2022\/07\/pxl-260821-34313532-20220710090107.jpg","contentUrl":"https:\/\/radioljubuski.ba\/wp-content\/uploads\/2022\/07\/pxl-260821-34313532-20220710090107.jpg","width":1600,"height":1055,"caption":"26.08.2021.,Zaboric-Vise pozara koji su se tijekom noci spojili u jedan veliki na podrucju izmedju Jadrtovca i Zabori\u0107a.59 vatrogasaca s 21 vozilom su na terenu a u pomoc su u svitanje dosla i dva kanadera. Pozar gase vatrogasci iz JVP Sibenik, JVP Vodice, DIP Sibenik, DVD-ovi: Brodarica, Grebastica, Sibenik, Zablace, Zaton, Bilice, Perkovic, Pirovac, Skradin, Rogoznica i Vodice.rPhoto: Dusko Jaramaz\/PIXSELL"},{"@type":"BreadcrumbList","@id":"https:\/\/radioljubuski.ba\/index.php\/2022\/07\/10\/ugasen-pozar-kod-kljuca-u-np-krka\/#breadcrumb","itemListElement":[{"@type":"ListItem","position":1,"name":"Po\u010detna stranica","item":"https:\/\/radioljubuski.ba\/"},{"@type":"ListItem","position":2,"name":"Uga\u0161en po\u017ear kod Klju\u010da u NP Krka"}]},{"@type":"WebSite","@id":"https:\/\/radioljubuski.ba\/#website","url":"https:\/\/radioljubuski.ba\/","name":"Radio Ljubu\u0161ki","description":"Sun\u010dana frekvencija Hercegovine","publisher":{"@id":"https:\/\/radioljubuski.ba\/#organization"},"potentialAction":[{"@type":"SearchAction","target":{"@type":"EntryPoint","urlTemplate":"https:\/\/radioljubuski.ba\/?s={search_term_string}"},"query-input":{"@type":"PropertyValueSpecification","valueRequired":true,"valueName":"search_term_string"}}],"inLanguage":"hr"},{"@type":"Organization","@id":"https:\/\/radioljubuski.ba\/#organization","name":"Radio Ljubu\u0161ki","url":"https:\/\/radioljubuski.ba\/","logo":{"@type":"ImageObject","inLanguage":"hr","@id":"https:\/\/radioljubuski.ba\/#\/schema\/logo\/image\/","url":"https:\/\/radioljubuski.ba\/wp-content\/uploads\/2021\/02\/cropped-Radio_Ljubuski_logo1.jpg","contentUrl":"https:\/\/radioljubuski.ba\/wp-content\/uploads\/2021\/02\/cropped-Radio_Ljubuski_logo1.jpg","width":512,"height":512,"caption":"Radio Ljubu\u0161ki"},"image":{"@id":"https:\/\/radioljubuski.ba\/#\/schema\/logo\/image\/"},"sameAs":["https:\/\/www.facebook.com\/Radiio-Ljubuski-1490835324566332","https:\/\/x.com\/radioljubuski","https:\/\/hr.linkedin.com\/company\/radio-ljubuski","https:\/\/www.youtube.com\/channel\/UCHYaeO_n0Db3tjNGudGpXyw"]},{"@type":"Person","@id":"https:\/\/radioljubuski.ba\/#\/schema\/person\/19fc700381a780f69665d7956c469e3b","name":"Radio Ljubu\u0161ki"}]}},"_links":{"self":[{"href":"https:\/\/radioljubuski.ba\/index.php\/wp-json\/wp\/v2\/posts\/157873","targetHints":{"allow":["GET"]}}],"collection":[{"href":"https:\/\/radioljubuski.ba\/index.php\/wp-json\/wp\/v2\/posts"}],"about":[{"href":"https:\/\/radioljubuski.ba\/index.php\/wp-json\/wp\/v2\/types\/post"}],"author":[{"embeddable":true,"href":"https:\/\/radioljubuski.ba\/index.php\/wp-json\/wp\/v2\/users\/2"}],"replies":[{"embeddable":true,"href":"https:\/\/radioljubuski.ba\/index.php\/wp-json\/wp\/v2\/comments?post=157873"}],"version-history":[{"count":1,"href":"https:\/\/radioljubuski.ba\/index.php\/wp-json\/wp\/v2\/posts\/157873\/revisions"}],"predecessor-version":[{"id":157875,"href":"https:\/\/radioljubuski.ba\/index.php\/wp-json\/wp\/v2\/posts\/157873\/revisions\/157875"}],"wp:featuredmedia":[{"embeddable":true,"href":"https:\/\/radioljubuski.ba\/index.php\/wp-json\/wp\/v2\/media\/157874"}],"wp:attachment":[{"href":"https:\/\/radioljubuski.ba\/index.php\/wp-json\/wp\/v2\/media?parent=157873"}],"wp:term":[{"taxonomy":"category","embeddable":true,"href":"https:\/\/radioljubuski.ba\/index.php\/wp-json\/wp\/v2\/categories?post=157873"},{"taxonomy":"post_tag","embeddable":true,"href":"https:\/\/radioljubuski.ba\/index.php\/wp-json\/wp\/v2\/tags?post=157873"}],"curies":[{"name":"wp","href":"https:\/\/api.w.org\/{rel}","templated":true}]}}