{"id":158324,"date":"2022-07-11T11:17:10","date_gmt":"2022-07-11T10:17:10","guid":{"rendered":"https:\/\/radioljubuski.ba\/?p=158324"},"modified":"2022-07-11T11:17:11","modified_gmt":"2022-07-11T10:17:11","slug":"muskarac-prezivio-18-sati-u-uzburkanom-moru-zahvaljujuci-lopti","status":"publish","type":"post","link":"https:\/\/radioljubuski.ba\/index.php\/2022\/07\/11\/muskarac-prezivio-18-sati-u-uzburkanom-moru-zahvaljujuci-lopti\/","title":{"rendered":"Mu\u0161karac pre\u017eivio 18 sati u uzburkanom moru zahvaljuju\u0107i lopti"},"content":{"rendered":"\n<p>Ivana je prona\u0161ao putni\u010dki brod 25 kilometara od obale nakon \u0161to ga je uo\u010dila ekipa spasitelja u helikopteru, pi\u0161e makedonski portal Telma. <\/p>\n\n\n\n<p>Tridesetogodi\u0161nji Ivan pre\u017eivio je 18 sati u uzburkanom moru u Gr\u010dkoj zahvaljuju\u0107i lopti na koju je slu\u010dajno nai\u0161ao nakon \u0161to su njega i dvojicu prijatelja odvukle sna\u017ene struje dok su se kupali na pla\u017ei Mytis u Halkidikiju. <\/p>\n\n\n\n<p>Trojica prijatelja iz Sjeverne Makedonije koja su bila na odmoru u Gr\u010dkoj u subotu su se oti\u0161la kupati iako je more bilo uzburkano, a u tom dijelu su i vrlo sna\u017ene struje, koje su ih odvukle na otvoreno more.<\/p>\n\n\n\n<p> Jedan mladi\u0107 (25) prona\u0111en je i spa\u0161en nakon nekoliko minuta, za 28-godi\u0161njakom se jo\u0161 traga, a 30-godi\u0161nji Ivan, koji je taj dan slavio ro\u0111endan, do\u017eivio je gotovo filmski scenarij jer mu je lopta na koju je slu\u010dajno nai\u0161ao pomogla da u uzburkanom moru izdr\u017ei 18 sati, prenosi gr\u010dki portal Voria. Ivana je prona\u0161ao putni\u010dki brod 25 kilometara od obale nakon \u0161to ga je uo\u010dila ekipa spasitelja u helikopteru, pi\u0161e makedonski portal Telma. Ivanovi prijatelji oti\u0161li su se kupati, a on je shvatio da ne\u0161to ne valja nakon \u0161to su zaronili i vi\u0161e nisu izranjali, krenuo ih je spasiti, pa je i njega odvukla struja, prenosi Dnevnik.hr.\u00a0 <\/p>\n\n\n\n<p>Njegov otac za gr\u010dke medije je kazao da je 30-godi\u0161njak u dobrom stanju i da se oporavlja. Lokalni mediji pi\u0161u kako lokalno stanovni\u0161tvo izbjegava kupanje na toj pla\u017ei upravo zbog jakih struja. Zbog toga apeliraju na vlasti da postave table s upozorenjima na vi\u0161e jezika kako bi i turisti znali da je kupanje tamo opasno. Mladi\u0107i su nestali u nekoliko sekundi, a hitne slu\u017ebe odmah su alarmirane i krenule su u potragu. <\/p>\n\n\n\n<p>Izvor: <a href=\"https:\/\/bljesak.info\/vijesti\/svijet\/muskarac-prezivio-18-sati-u-uzburkanom-moru-zahvaljujuci-lopti\/388046\">Bljesak.info<\/a><\/p>\n","protected":false},"excerpt":{"rendered":"<p>Ivana je prona\u0161ao putni\u010dki brod 25 kilometara od obale nakon \u0161to ga je uo\u010dila ekipa spasitelja u helikopteru, pi\u0161e makedonski portal Telma. Tridesetogodi\u0161nji Ivan pre\u017eivio je 18 sati u uzburkanom moru u Gr\u010dkoj zahvaljuju\u0107i lopti na koju je slu\u010dajno nai\u0161ao nakon \u0161to su njega i dvojicu prijatelja odvukle sna\u017ene struje dok su se kupali na [&hellip;]<\/p>\n","protected":false},"author":2,"featured_media":158325,"comment_status":"closed","ping_status":"closed","sticky":false,"template":"","format":"standard","meta":{"h5ap_radio_sources":[],"footnotes":""},"categories":[1],"tags":[],"class_list":["post-158324","post","type-post","status-publish","format-standard","has-post-thumbnail","hentry","category-bihiregija"],"yoast_head":"<!-- This site is optimized with the Yoast SEO plugin v27.4 - https:\/\/yoast.com\/product\/yoast-seo-wordpress\/ -->\n<title>Mu\u0161karac pre\u017eivio 18 sati u uzburkanom moru zahvaljuju\u0107i lopti - RADIO LJUBU\u0160KI<\/title>\n<meta name=\"robots\" content=\"index, follow, max-snippet:-1, max-image-preview:large, max-video-preview:-1\" \/>\n<link rel=\"canonical\" href=\"https:\/\/radioljubuski.ba\/index.php\/2022\/07\/11\/muskarac-prezivio-18-sati-u-uzburkanom-moru-zahvaljujuci-lopti\/\" \/>\n<meta property=\"og:locale\" content=\"hr_HR\" \/>\n<meta property=\"og:type\" content=\"article\" \/>\n<meta property=\"og:title\" content=\"Mu\u0161karac pre\u017eivio 18 sati u uzburkanom moru zahvaljuju\u0107i lopti - RADIO LJUBU\u0160KI\" \/>\n<meta property=\"og:description\" content=\"Ivana je prona\u0161ao putni\u010dki brod 25 kilometara od obale nakon \u0161to ga je uo\u010dila ekipa spasitelja u helikopteru, pi\u0161e makedonski portal Telma. Tridesetogodi\u0161nji Ivan pre\u017eivio je 18 sati u uzburkanom moru u Gr\u010dkoj zahvaljuju\u0107i lopti na koju je slu\u010dajno nai\u0161ao nakon \u0161to su njega i dvojicu prijatelja odvukle sna\u017ene struje dok su se kupali na [&hellip;]\" \/>\n<meta property=\"og:url\" content=\"https:\/\/radioljubuski.ba\/index.php\/2022\/07\/11\/muskarac-prezivio-18-sati-u-uzburkanom-moru-zahvaljujuci-lopti\/\" \/>\n<meta property=\"og:site_name\" content=\"RADIO LJUBU\u0160KI\" \/>\n<meta property=\"article:publisher\" content=\"https:\/\/www.facebook.com\/Radiio-Ljubuski-1490835324566332\" \/>\n<meta property=\"article:published_time\" content=\"2022-07-11T10:17:10+00:00\" \/>\n<meta property=\"article:modified_time\" content=\"2022-07-11T10:17:11+00:00\" \/>\n<meta property=\"og:image\" content=\"https:\/\/radioljubuski.ba\/wp-content\/uploads\/2022\/07\/more-lopta.jpg\" \/>\n\t<meta property=\"og:image:width\" content=\"450\" \/>\n\t<meta property=\"og:image:height\" content=\"310\" \/>\n\t<meta property=\"og:image:type\" content=\"image\/jpeg\" \/>\n<meta name=\"author\" content=\"Radio Ljubu\u0161ki\" \/>\n<meta name=\"twitter:card\" content=\"summary_large_image\" \/>\n<meta name=\"twitter:creator\" content=\"@radioljubuski\" \/>\n<meta name=\"twitter:site\" content=\"@radioljubuski\" \/>\n<meta name=\"twitter:label1\" content=\"Napisao\/la\" \/>\n\t<meta name=\"twitter:data1\" content=\"Radio Ljubu\u0161ki\" \/>\n\t<meta name=\"twitter:label2\" content=\"Procijenjeno vrijeme \u010ditanja\" \/>\n\t<meta name=\"twitter:data2\" content=\"2 minute\" \/>\n<script type=\"application\/ld+json\" class=\"yoast-schema-graph\">{\"@context\":\"https:\\\/\\\/schema.org\",\"@graph\":[{\"@type\":\"Article\",\"@id\":\"https:\\\/\\\/radioljubuski.ba\\\/index.php\\\/2022\\\/07\\\/11\\\/muskarac-prezivio-18-sati-u-uzburkanom-moru-zahvaljujuci-lopti\\\/#article\",\"isPartOf\":{\"@id\":\"https:\\\/\\\/radioljubuski.ba\\\/index.php\\\/2022\\\/07\\\/11\\\/muskarac-prezivio-18-sati-u-uzburkanom-moru-zahvaljujuci-lopti\\\/\"},\"author\":{\"name\":\"Radio Ljubu\u0161ki\",\"@id\":\"https:\\\/\\\/radioljubuski.ba\\\/#\\\/schema\\\/person\\\/19fc700381a780f69665d7956c469e3b\"},\"headline\":\"Mu\u0161karac pre\u017eivio 18 sati u uzburkanom moru zahvaljuju\u0107i lopti\",\"datePublished\":\"2022-07-11T10:17:10+00:00\",\"dateModified\":\"2022-07-11T10:17:11+00:00\",\"mainEntityOfPage\":{\"@id\":\"https:\\\/\\\/radioljubuski.ba\\\/index.php\\\/2022\\\/07\\\/11\\\/muskarac-prezivio-18-sati-u-uzburkanom-moru-zahvaljujuci-lopti\\\/\"},\"wordCount\":326,\"publisher\":{\"@id\":\"https:\\\/\\\/radioljubuski.ba\\\/#organization\"},\"image\":{\"@id\":\"https:\\\/\\\/radioljubuski.ba\\\/index.php\\\/2022\\\/07\\\/11\\\/muskarac-prezivio-18-sati-u-uzburkanom-moru-zahvaljujuci-lopti\\\/#primaryimage\"},\"thumbnailUrl\":\"https:\\\/\\\/radioljubuski.ba\\\/wp-content\\\/uploads\\\/2022\\\/07\\\/more-lopta.jpg\",\"articleSection\":[\"BIH i regija\"],\"inLanguage\":\"hr\"},{\"@type\":\"WebPage\",\"@id\":\"https:\\\/\\\/radioljubuski.ba\\\/index.php\\\/2022\\\/07\\\/11\\\/muskarac-prezivio-18-sati-u-uzburkanom-moru-zahvaljujuci-lopti\\\/\",\"url\":\"https:\\\/\\\/radioljubuski.ba\\\/index.php\\\/2022\\\/07\\\/11\\\/muskarac-prezivio-18-sati-u-uzburkanom-moru-zahvaljujuci-lopti\\\/\",\"name\":\"Mu\u0161karac pre\u017eivio 18 sati u uzburkanom moru zahvaljuju\u0107i lopti - RADIO LJUBU\u0160KI\",\"isPartOf\":{\"@id\":\"https:\\\/\\\/radioljubuski.ba\\\/#website\"},\"primaryImageOfPage\":{\"@id\":\"https:\\\/\\\/radioljubuski.ba\\\/index.php\\\/2022\\\/07\\\/11\\\/muskarac-prezivio-18-sati-u-uzburkanom-moru-zahvaljujuci-lopti\\\/#primaryimage\"},\"image\":{\"@id\":\"https:\\\/\\\/radioljubuski.ba\\\/index.php\\\/2022\\\/07\\\/11\\\/muskarac-prezivio-18-sati-u-uzburkanom-moru-zahvaljujuci-lopti\\\/#primaryimage\"},\"thumbnailUrl\":\"https:\\\/\\\/radioljubuski.ba\\\/wp-content\\\/uploads\\\/2022\\\/07\\\/more-lopta.jpg\",\"datePublished\":\"2022-07-11T10:17:10+00:00\",\"dateModified\":\"2022-07-11T10:17:11+00:00\",\"breadcrumb\":{\"@id\":\"https:\\\/\\\/radioljubuski.ba\\\/index.php\\\/2022\\\/07\\\/11\\\/muskarac-prezivio-18-sati-u-uzburkanom-moru-zahvaljujuci-lopti\\\/#breadcrumb\"},\"inLanguage\":\"hr\",\"potentialAction\":[{\"@type\":\"ReadAction\",\"target\":[\"https:\\\/\\\/radioljubuski.ba\\\/index.php\\\/2022\\\/07\\\/11\\\/muskarac-prezivio-18-sati-u-uzburkanom-moru-zahvaljujuci-lopti\\\/\"]}]},{\"@type\":\"ImageObject\",\"inLanguage\":\"hr\",\"@id\":\"https:\\\/\\\/radioljubuski.ba\\\/index.php\\\/2022\\\/07\\\/11\\\/muskarac-prezivio-18-sati-u-uzburkanom-moru-zahvaljujuci-lopti\\\/#primaryimage\",\"url\":\"https:\\\/\\\/radioljubuski.ba\\\/wp-content\\\/uploads\\\/2022\\\/07\\\/more-lopta.jpg\",\"contentUrl\":\"https:\\\/\\\/radioljubuski.ba\\\/wp-content\\\/uploads\\\/2022\\\/07\\\/more-lopta.jpg\",\"width\":450,\"height\":310},{\"@type\":\"BreadcrumbList\",\"@id\":\"https:\\\/\\\/radioljubuski.ba\\\/index.php\\\/2022\\\/07\\\/11\\\/muskarac-prezivio-18-sati-u-uzburkanom-moru-zahvaljujuci-lopti\\\/#breadcrumb\",\"itemListElement\":[{\"@type\":\"ListItem\",\"position\":1,\"name\":\"Po\u010detna stranica\",\"item\":\"https:\\\/\\\/radioljubuski.ba\\\/\"},{\"@type\":\"ListItem\",\"position\":2,\"name\":\"Mu\u0161karac pre\u017eivio 18 sati u uzburkanom moru zahvaljuju\u0107i lopti\"}]},{\"@type\":\"WebSite\",\"@id\":\"https:\\\/\\\/radioljubuski.ba\\\/#website\",\"url\":\"https:\\\/\\\/radioljubuski.ba\\\/\",\"name\":\"Radio Ljubu\u0161ki\",\"description\":\"Sun\u010dana frekvencija Hercegovine\",\"publisher\":{\"@id\":\"https:\\\/\\\/radioljubuski.ba\\\/#organization\"},\"potentialAction\":[{\"@type\":\"SearchAction\",\"target\":{\"@type\":\"EntryPoint\",\"urlTemplate\":\"https:\\\/\\\/radioljubuski.ba\\\/?s={search_term_string}\"},\"query-input\":{\"@type\":\"PropertyValueSpecification\",\"valueRequired\":true,\"valueName\":\"search_term_string\"}}],\"inLanguage\":\"hr\"},{\"@type\":\"Organization\",\"@id\":\"https:\\\/\\\/radioljubuski.ba\\\/#organization\",\"name\":\"Radio Ljubu\u0161ki\",\"url\":\"https:\\\/\\\/radioljubuski.ba\\\/\",\"logo\":{\"@type\":\"ImageObject\",\"inLanguage\":\"hr\",\"@id\":\"https:\\\/\\\/radioljubuski.ba\\\/#\\\/schema\\\/logo\\\/image\\\/\",\"url\":\"https:\\\/\\\/radioljubuski.ba\\\/wp-content\\\/uploads\\\/2021\\\/02\\\/cropped-Radio_Ljubuski_logo1.jpg\",\"contentUrl\":\"https:\\\/\\\/radioljubuski.ba\\\/wp-content\\\/uploads\\\/2021\\\/02\\\/cropped-Radio_Ljubuski_logo1.jpg\",\"width\":512,\"height\":512,\"caption\":\"Radio Ljubu\u0161ki\"},\"image\":{\"@id\":\"https:\\\/\\\/radioljubuski.ba\\\/#\\\/schema\\\/logo\\\/image\\\/\"},\"sameAs\":[\"https:\\\/\\\/www.facebook.com\\\/Radiio-Ljubuski-1490835324566332\",\"https:\\\/\\\/x.com\\\/radioljubuski\",\"https:\\\/\\\/hr.linkedin.com\\\/company\\\/radio-ljubuski\",\"https:\\\/\\\/www.youtube.com\\\/channel\\\/UCHYaeO_n0Db3tjNGudGpXyw\"]},{\"@type\":\"Person\",\"@id\":\"https:\\\/\\\/radioljubuski.ba\\\/#\\\/schema\\\/person\\\/19fc700381a780f69665d7956c469e3b\",\"name\":\"Radio Ljubu\u0161ki\"}]}<\/script>\n<!-- \/ Yoast SEO plugin. -->","yoast_head_json":{"title":"Mu\u0161karac pre\u017eivio 18 sati u uzburkanom moru zahvaljuju\u0107i lopti - RADIO LJUBU\u0160KI","robots":{"index":"index","follow":"follow","max-snippet":"max-snippet:-1","max-image-preview":"max-image-preview:large","max-video-preview":"max-video-preview:-1"},"canonical":"https:\/\/radioljubuski.ba\/index.php\/2022\/07\/11\/muskarac-prezivio-18-sati-u-uzburkanom-moru-zahvaljujuci-lopti\/","og_locale":"hr_HR","og_type":"article","og_title":"Mu\u0161karac pre\u017eivio 18 sati u uzburkanom moru zahvaljuju\u0107i lopti - RADIO LJUBU\u0160KI","og_description":"Ivana je prona\u0161ao putni\u010dki brod 25 kilometara od obale nakon \u0161to ga je uo\u010dila ekipa spasitelja u helikopteru, pi\u0161e makedonski portal Telma. Tridesetogodi\u0161nji Ivan pre\u017eivio je 18 sati u uzburkanom moru u Gr\u010dkoj zahvaljuju\u0107i lopti na koju je slu\u010dajno nai\u0161ao nakon \u0161to su njega i dvojicu prijatelja odvukle sna\u017ene struje dok su se kupali na [&hellip;]","og_url":"https:\/\/radioljubuski.ba\/index.php\/2022\/07\/11\/muskarac-prezivio-18-sati-u-uzburkanom-moru-zahvaljujuci-lopti\/","og_site_name":"RADIO LJUBU\u0160KI","article_publisher":"https:\/\/www.facebook.com\/Radiio-Ljubuski-1490835324566332","article_published_time":"2022-07-11T10:17:10+00:00","article_modified_time":"2022-07-11T10:17:11+00:00","og_image":[{"width":450,"height":310,"url":"https:\/\/radioljubuski.ba\/wp-content\/uploads\/2022\/07\/more-lopta.jpg","type":"image\/jpeg"}],"author":"Radio Ljubu\u0161ki","twitter_card":"summary_large_image","twitter_creator":"@radioljubuski","twitter_site":"@radioljubuski","twitter_misc":{"Napisao\/la":"Radio Ljubu\u0161ki","Procijenjeno vrijeme \u010ditanja":"2 minute"},"schema":{"@context":"https:\/\/schema.org","@graph":[{"@type":"Article","@id":"https:\/\/radioljubuski.ba\/index.php\/2022\/07\/11\/muskarac-prezivio-18-sati-u-uzburkanom-moru-zahvaljujuci-lopti\/#article","isPartOf":{"@id":"https:\/\/radioljubuski.ba\/index.php\/2022\/07\/11\/muskarac-prezivio-18-sati-u-uzburkanom-moru-zahvaljujuci-lopti\/"},"author":{"name":"Radio Ljubu\u0161ki","@id":"https:\/\/radioljubuski.ba\/#\/schema\/person\/19fc700381a780f69665d7956c469e3b"},"headline":"Mu\u0161karac pre\u017eivio 18 sati u uzburkanom moru zahvaljuju\u0107i lopti","datePublished":"2022-07-11T10:17:10+00:00","dateModified":"2022-07-11T10:17:11+00:00","mainEntityOfPage":{"@id":"https:\/\/radioljubuski.ba\/index.php\/2022\/07\/11\/muskarac-prezivio-18-sati-u-uzburkanom-moru-zahvaljujuci-lopti\/"},"wordCount":326,"publisher":{"@id":"https:\/\/radioljubuski.ba\/#organization"},"image":{"@id":"https:\/\/radioljubuski.ba\/index.php\/2022\/07\/11\/muskarac-prezivio-18-sati-u-uzburkanom-moru-zahvaljujuci-lopti\/#primaryimage"},"thumbnailUrl":"https:\/\/radioljubuski.ba\/wp-content\/uploads\/2022\/07\/more-lopta.jpg","articleSection":["BIH i regija"],"inLanguage":"hr"},{"@type":"WebPage","@id":"https:\/\/radioljubuski.ba\/index.php\/2022\/07\/11\/muskarac-prezivio-18-sati-u-uzburkanom-moru-zahvaljujuci-lopti\/","url":"https:\/\/radioljubuski.ba\/index.php\/2022\/07\/11\/muskarac-prezivio-18-sati-u-uzburkanom-moru-zahvaljujuci-lopti\/","name":"Mu\u0161karac pre\u017eivio 18 sati u uzburkanom moru zahvaljuju\u0107i lopti - RADIO LJUBU\u0160KI","isPartOf":{"@id":"https:\/\/radioljubuski.ba\/#website"},"primaryImageOfPage":{"@id":"https:\/\/radioljubuski.ba\/index.php\/2022\/07\/11\/muskarac-prezivio-18-sati-u-uzburkanom-moru-zahvaljujuci-lopti\/#primaryimage"},"image":{"@id":"https:\/\/radioljubuski.ba\/index.php\/2022\/07\/11\/muskarac-prezivio-18-sati-u-uzburkanom-moru-zahvaljujuci-lopti\/#primaryimage"},"thumbnailUrl":"https:\/\/radioljubuski.ba\/wp-content\/uploads\/2022\/07\/more-lopta.jpg","datePublished":"2022-07-11T10:17:10+00:00","dateModified":"2022-07-11T10:17:11+00:00","breadcrumb":{"@id":"https:\/\/radioljubuski.ba\/index.php\/2022\/07\/11\/muskarac-prezivio-18-sati-u-uzburkanom-moru-zahvaljujuci-lopti\/#breadcrumb"},"inLanguage":"hr","potentialAction":[{"@type":"ReadAction","target":["https:\/\/radioljubuski.ba\/index.php\/2022\/07\/11\/muskarac-prezivio-18-sati-u-uzburkanom-moru-zahvaljujuci-lopti\/"]}]},{"@type":"ImageObject","inLanguage":"hr","@id":"https:\/\/radioljubuski.ba\/index.php\/2022\/07\/11\/muskarac-prezivio-18-sati-u-uzburkanom-moru-zahvaljujuci-lopti\/#primaryimage","url":"https:\/\/radioljubuski.ba\/wp-content\/uploads\/2022\/07\/more-lopta.jpg","contentUrl":"https:\/\/radioljubuski.ba\/wp-content\/uploads\/2022\/07\/more-lopta.jpg","width":450,"height":310},{"@type":"BreadcrumbList","@id":"https:\/\/radioljubuski.ba\/index.php\/2022\/07\/11\/muskarac-prezivio-18-sati-u-uzburkanom-moru-zahvaljujuci-lopti\/#breadcrumb","itemListElement":[{"@type":"ListItem","position":1,"name":"Po\u010detna stranica","item":"https:\/\/radioljubuski.ba\/"},{"@type":"ListItem","position":2,"name":"Mu\u0161karac pre\u017eivio 18 sati u uzburkanom moru zahvaljuju\u0107i lopti"}]},{"@type":"WebSite","@id":"https:\/\/radioljubuski.ba\/#website","url":"https:\/\/radioljubuski.ba\/","name":"Radio Ljubu\u0161ki","description":"Sun\u010dana frekvencija Hercegovine","publisher":{"@id":"https:\/\/radioljubuski.ba\/#organization"},"potentialAction":[{"@type":"SearchAction","target":{"@type":"EntryPoint","urlTemplate":"https:\/\/radioljubuski.ba\/?s={search_term_string}"},"query-input":{"@type":"PropertyValueSpecification","valueRequired":true,"valueName":"search_term_string"}}],"inLanguage":"hr"},{"@type":"Organization","@id":"https:\/\/radioljubuski.ba\/#organization","name":"Radio Ljubu\u0161ki","url":"https:\/\/radioljubuski.ba\/","logo":{"@type":"ImageObject","inLanguage":"hr","@id":"https:\/\/radioljubuski.ba\/#\/schema\/logo\/image\/","url":"https:\/\/radioljubuski.ba\/wp-content\/uploads\/2021\/02\/cropped-Radio_Ljubuski_logo1.jpg","contentUrl":"https:\/\/radioljubuski.ba\/wp-content\/uploads\/2021\/02\/cropped-Radio_Ljubuski_logo1.jpg","width":512,"height":512,"caption":"Radio Ljubu\u0161ki"},"image":{"@id":"https:\/\/radioljubuski.ba\/#\/schema\/logo\/image\/"},"sameAs":["https:\/\/www.facebook.com\/Radiio-Ljubuski-1490835324566332","https:\/\/x.com\/radioljubuski","https:\/\/hr.linkedin.com\/company\/radio-ljubuski","https:\/\/www.youtube.com\/channel\/UCHYaeO_n0Db3tjNGudGpXyw"]},{"@type":"Person","@id":"https:\/\/radioljubuski.ba\/#\/schema\/person\/19fc700381a780f69665d7956c469e3b","name":"Radio Ljubu\u0161ki"}]}},"_links":{"self":[{"href":"https:\/\/radioljubuski.ba\/index.php\/wp-json\/wp\/v2\/posts\/158324","targetHints":{"allow":["GET"]}}],"collection":[{"href":"https:\/\/radioljubuski.ba\/index.php\/wp-json\/wp\/v2\/posts"}],"about":[{"href":"https:\/\/radioljubuski.ba\/index.php\/wp-json\/wp\/v2\/types\/post"}],"author":[{"embeddable":true,"href":"https:\/\/radioljubuski.ba\/index.php\/wp-json\/wp\/v2\/users\/2"}],"replies":[{"embeddable":true,"href":"https:\/\/radioljubuski.ba\/index.php\/wp-json\/wp\/v2\/comments?post=158324"}],"version-history":[{"count":1,"href":"https:\/\/radioljubuski.ba\/index.php\/wp-json\/wp\/v2\/posts\/158324\/revisions"}],"predecessor-version":[{"id":158326,"href":"https:\/\/radioljubuski.ba\/index.php\/wp-json\/wp\/v2\/posts\/158324\/revisions\/158326"}],"wp:featuredmedia":[{"embeddable":true,"href":"https:\/\/radioljubuski.ba\/index.php\/wp-json\/wp\/v2\/media\/158325"}],"wp:attachment":[{"href":"https:\/\/radioljubuski.ba\/index.php\/wp-json\/wp\/v2\/media?parent=158324"}],"wp:term":[{"taxonomy":"category","embeddable":true,"href":"https:\/\/radioljubuski.ba\/index.php\/wp-json\/wp\/v2\/categories?post=158324"},{"taxonomy":"post_tag","embeddable":true,"href":"https:\/\/radioljubuski.ba\/index.php\/wp-json\/wp\/v2\/tags?post=158324"}],"curies":[{"name":"wp","href":"https:\/\/api.w.org\/{rel}","templated":true}]}}