{"id":158327,"date":"2022-07-11T11:35:49","date_gmt":"2022-07-11T10:35:49","guid":{"rendered":"https:\/\/radioljubuski.ba\/?p=158327"},"modified":"2022-07-12T00:17:01","modified_gmt":"2022-07-11T23:17:01","slug":"foto-odrzana-akcija-ciscenja-korita-rijeke-tihaljina-mlade-trebizat","status":"publish","type":"post","link":"https:\/\/radioljubuski.ba\/index.php\/2022\/07\/11\/foto-odrzana-akcija-ciscenja-korita-rijeke-tihaljina-mlade-trebizat\/","title":{"rendered":"Odr\u017eana akcija \u010di\u0161\u0107enja korita rijeke Tihaljina \u2013 Mlade \u2013 Trebi\u017eat"},"content":{"rendered":"\n<p>Kroz dvodnevno dru\u017eenje, preko 45 \u010dlanova roniteljskih udruga i NVO-a \u010distilo je korito rijeke Tihaljina \u2013 Mlade \u2013 Trebi\u017eat u du\u017eini od 51 km, prikupili 10 vre\u0107a otpada, u\u017eivali u vo\u017enji kanuima, foto izlo\u017ebi i kulturno povijesnoj ba\u0161tini ovog kraja.<\/p>\n\n\n\n<p>Program je zapo\u010deo okupljanjem sudionika u subotu u jutarnjim satima u Motelu Kiwi. Predsjednik udruge \u0160rek Vidra Ljubu\u0161ki Kamilo \u010culjak izvr\u0161io je raspored ronitelja po lokalitetima du\u017e cijelog rije\u010dnog toka Tihaljina \u2013 Mlade \u2013 Trebi\u017eat u du\u017eini od 51 km.<\/p>\n\n\n\n<p>Manifestacija je uspje\u0161no zavr\u0161ena na op\u0107e zadovoljstvo svih sudionika.<\/p>\n\n\n\n<p>Me\u0111utim, drago nam je da samo ove godine privukli veliki broj ronitelja iz Hrvatske i Bosne i Hercegovine koji su po prvi put na ovoj manifestaciji koja se odr\u017eava u kontinuitetu ve\u0107 15 godina, govore nam iz organizacijskog odbora manifestacije.<\/p>\n\n\n\n<p>Prvi dan manifestacije protekao je uspje\u0161no i ronitelji su zadovoljni \u0161to nisu imali previ\u0161e posla, korito rijeke iz godine u godinu je \u010distije. Sve je manje otpada ali i nedozvoljenih eksplozivnih predmeta koji \u010desto znali zavr\u0161avati na dnu rijeke.<\/p>\n\n\n\n<p>\u010cistilo se na Ko\u0107u\u0161i, Bu\u010dinama, \u010cevelju\u0161i, Kravici, Bo\u017ejaku, Strugama. Ru\u010dak za sve sudionike organiziran je na Kravicama. U ve\u010dernjim satima ronitelji su posjetili muzej Humac te se opustili uz kulturno zabavni program.<\/p>\n\n\n\n<p>Drugi dan manifestacije nastavljen je spu\u0161tanjem kanuima niz rijeku Trebi\u017eat na podru\u010dju op\u0107ine \u010capljina. Ronitelji su usput \u010distiti rijeku od plasti\u010dnih boca i u\u017eivali u prelijepim slapovima Trebi\u017eata.<\/p>\n\n\n\n<p>Na dijelu gdje je planiran odmor i domjenak uprili\u010dena je foto izlo\u017eba o rijeci Trebi\u017eat. Ronitelji koji dolaze iz gradova van Bosne i Hercegovine upoznali su se sa svim \u010darima i ljepotama koje krije rijeke od svog izvora u Tihaljini pa sve do u\u0161\u0107a u Neretvu.<\/p>\n\n\n\n<p>Ovogodi\u0161nji organizatori manifestacije \u201cDANI TREBI\u017dATA\u201d su Referentna grupa \u2013 \u010capljina, \u0160rek VIDRA Ljubu\u0161ki s tim da su im se pridru\u017eili i \u010dlanovi ReReC-a, Lijepe na\u0161e, NDF, \u010caplje, EHOO, Pengea, Dobra, Modro Zelena, te pojedinci i zaljubljenici u ovu rijeku.<\/p>\n\n\n\n<p>Ovo je prva u nizu aktivnosti u sklopu Manifestaciju \u201cDANI TREBI\u017dATA\u201d te pozivamo sve zainteresirane da nam se pridru\u017ee narednim aktivnostima: brudetijadi, fi\u0161ijadi, ra\u0161tikijadi, ve\u010derima poezije te raznim kulturnim doga\u0111anjima koji \u0107e se odr\u017eavati uz rije\u010dni tok TMT.<\/p>\n\n\n\n<p>Ovom prilikom se zahvaljujemo svim sudionicima manifestacije ali i onim koji su podr\u017eali i prepoznali vrijednosti ove manifestacije koja poprima internacionalni karakter: Federalno ministarstvo kulture i \u0161porta, Ministarstvo prosvjete, znanosti kulture i \u0161porta HN\u017d, Ministarstvo prostornog ure\u0111enja i graditeljstva i za\u0161tite okoli\u0161a \u017dZH, Grad \u010capljina, Grad Ljubu\u0161ki, Op\u0107ina Grude te sponzori i donatori koji su dali svoj doprinos ovoj manifestaciji.<\/p>\n\n\n\n<figure class=\"wp-block-gallery columns-3 is-cropped wp-block-gallery-1 is-layout-flex wp-block-gallery-is-layout-flex\"><ul class=\"blocks-gallery-grid\"><li class=\"blocks-gallery-item\"><figure><img loading=\"lazy\" decoding=\"async\" width=\"1000\" height=\"750\" src=\"https:\/\/radioljubuski.ba\/wp-content\/uploads\/2022\/07\/20220709_101950.jpg\" alt=\"\" data-id=\"158328\" data-link=\"https:\/\/radioljubuski.ba\/?attachment_id=158328\" class=\"wp-image-158328\" srcset=\"https:\/\/radioljubuski.ba\/wp-content\/uploads\/2022\/07\/20220709_101950.jpg 1000w, https:\/\/radioljubuski.ba\/wp-content\/uploads\/2022\/07\/20220709_101950-300x225.jpg 300w, https:\/\/radioljubuski.ba\/wp-content\/uploads\/2022\/07\/20220709_101950-768x576.jpg 768w, https:\/\/radioljubuski.ba\/wp-content\/uploads\/2022\/07\/20220709_101950-16x12.jpg 16w\" sizes=\"auto, (max-width: 1000px) 100vw, 1000px\" \/><\/figure><\/li><li class=\"blocks-gallery-item\"><figure><img loading=\"lazy\" decoding=\"async\" width=\"1000\" height=\"750\" src=\"https:\/\/radioljubuski.ba\/wp-content\/uploads\/2022\/07\/20220709_110658.jpg\" alt=\"\" data-id=\"158329\" data-link=\"https:\/\/radioljubuski.ba\/?attachment_id=158329\" class=\"wp-image-158329\" srcset=\"https:\/\/radioljubuski.ba\/wp-content\/uploads\/2022\/07\/20220709_110658.jpg 1000w, https:\/\/radioljubuski.ba\/wp-content\/uploads\/2022\/07\/20220709_110658-300x225.jpg 300w, https:\/\/radioljubuski.ba\/wp-content\/uploads\/2022\/07\/20220709_110658-768x576.jpg 768w, https:\/\/radioljubuski.ba\/wp-content\/uploads\/2022\/07\/20220709_110658-16x12.jpg 16w\" sizes=\"auto, (max-width: 1000px) 100vw, 1000px\" \/><\/figure><\/li><li class=\"blocks-gallery-item\"><figure><img loading=\"lazy\" decoding=\"async\" width=\"1000\" height=\"750\" src=\"https:\/\/radioljubuski.ba\/wp-content\/uploads\/2022\/07\/20220709_111352.jpg\" alt=\"\" data-id=\"158330\" data-link=\"https:\/\/radioljubuski.ba\/?attachment_id=158330\" class=\"wp-image-158330\" srcset=\"https:\/\/radioljubuski.ba\/wp-content\/uploads\/2022\/07\/20220709_111352.jpg 1000w, https:\/\/radioljubuski.ba\/wp-content\/uploads\/2022\/07\/20220709_111352-300x225.jpg 300w, https:\/\/radioljubuski.ba\/wp-content\/uploads\/2022\/07\/20220709_111352-768x576.jpg 768w, https:\/\/radioljubuski.ba\/wp-content\/uploads\/2022\/07\/20220709_111352-16x12.jpg 16w\" sizes=\"auto, (max-width: 1000px) 100vw, 1000px\" \/><\/figure><\/li><li class=\"blocks-gallery-item\"><figure><img loading=\"lazy\" decoding=\"async\" width=\"1000\" height=\"750\" src=\"https:\/\/radioljubuski.ba\/wp-content\/uploads\/2022\/07\/20220709_123348.jpg\" alt=\"\" data-id=\"158331\" data-link=\"https:\/\/radioljubuski.ba\/?attachment_id=158331\" class=\"wp-image-158331\" srcset=\"https:\/\/radioljubuski.ba\/wp-content\/uploads\/2022\/07\/20220709_123348.jpg 1000w, https:\/\/radioljubuski.ba\/wp-content\/uploads\/2022\/07\/20220709_123348-300x225.jpg 300w, https:\/\/radioljubuski.ba\/wp-content\/uploads\/2022\/07\/20220709_123348-768x576.jpg 768w, https:\/\/radioljubuski.ba\/wp-content\/uploads\/2022\/07\/20220709_123348-16x12.jpg 16w\" sizes=\"auto, (max-width: 1000px) 100vw, 1000px\" \/><\/figure><\/li><li class=\"blocks-gallery-item\"><figure><img loading=\"lazy\" decoding=\"async\" width=\"1000\" height=\"667\" src=\"https:\/\/radioljubuski.ba\/wp-content\/uploads\/2022\/07\/IMG_0162.jpg\" alt=\"\" data-id=\"158332\" data-full-url=\"https:\/\/radioljubuski.ba\/wp-content\/uploads\/2022\/07\/IMG_0162.jpg\" data-link=\"https:\/\/radioljubuski.ba\/?attachment_id=158332\" class=\"wp-image-158332\" srcset=\"https:\/\/radioljubuski.ba\/wp-content\/uploads\/2022\/07\/IMG_0162.jpg 1000w, https:\/\/radioljubuski.ba\/wp-content\/uploads\/2022\/07\/IMG_0162-300x200.jpg 300w, https:\/\/radioljubuski.ba\/wp-content\/uploads\/2022\/07\/IMG_0162-768x512.jpg 768w, https:\/\/radioljubuski.ba\/wp-content\/uploads\/2022\/07\/IMG_0162-18x12.jpg 18w\" sizes=\"auto, (max-width: 1000px) 100vw, 1000px\" \/><\/figure><\/li><li class=\"blocks-gallery-item\"><figure><img loading=\"lazy\" decoding=\"async\" width=\"1000\" height=\"750\" src=\"https:\/\/radioljubuski.ba\/wp-content\/uploads\/2022\/07\/IMG_3496.jpg\" alt=\"\" data-id=\"158333\" data-full-url=\"https:\/\/radioljubuski.ba\/wp-content\/uploads\/2022\/07\/IMG_3496.jpg\" data-link=\"https:\/\/radioljubuski.ba\/?attachment_id=158333\" class=\"wp-image-158333\" srcset=\"https:\/\/radioljubuski.ba\/wp-content\/uploads\/2022\/07\/IMG_3496.jpg 1000w, https:\/\/radioljubuski.ba\/wp-content\/uploads\/2022\/07\/IMG_3496-300x225.jpg 300w, https:\/\/radioljubuski.ba\/wp-content\/uploads\/2022\/07\/IMG_3496-768x576.jpg 768w, https:\/\/radioljubuski.ba\/wp-content\/uploads\/2022\/07\/IMG_3496-16x12.jpg 16w\" sizes=\"auto, (max-width: 1000px) 100vw, 1000px\" \/><\/figure><\/li><li class=\"blocks-gallery-item\"><figure><img loading=\"lazy\" decoding=\"async\" width=\"1000\" height=\"562\" src=\"https:\/\/radioljubuski.ba\/wp-content\/uploads\/2022\/07\/IMG_8055.jpg\" alt=\"\" data-id=\"158334\" data-full-url=\"https:\/\/radioljubuski.ba\/wp-content\/uploads\/2022\/07\/IMG_8055.jpg\" data-link=\"https:\/\/radioljubuski.ba\/?attachment_id=158334\" class=\"wp-image-158334\" srcset=\"https:\/\/radioljubuski.ba\/wp-content\/uploads\/2022\/07\/IMG_8055.jpg 1000w, https:\/\/radioljubuski.ba\/wp-content\/uploads\/2022\/07\/IMG_8055-300x169.jpg 300w, https:\/\/radioljubuski.ba\/wp-content\/uploads\/2022\/07\/IMG_8055-768x432.jpg 768w, https:\/\/radioljubuski.ba\/wp-content\/uploads\/2022\/07\/IMG_8055-18x10.jpg 18w\" sizes=\"auto, (max-width: 1000px) 100vw, 1000px\" \/><\/figure><\/li><\/ul><\/figure>\n\n\n\n<p>Izvor: <a href=\"https:\/\/www.grude-online.info\/foto-odrzana-akcija-ciscenja-korita-rijeke-tihaljina-mlade-trebizat\/\">Grude online<\/a><\/p>\n","protected":false},"excerpt":{"rendered":"<p>Kroz dvodnevno dru\u017eenje, preko 45 \u010dlanova roniteljskih udruga i NVO-a \u010distilo je korito rijeke Tihaljina \u2013 Mlade \u2013 Trebi\u017eat u du\u017eini od 51 km, prikupili 10 vre\u0107a otpada, u\u017eivali u vo\u017enji kanuima, foto izlo\u017ebi i kulturno povijesnoj ba\u0161tini ovog kraja. Program je zapo\u010deo okupljanjem sudionika u subotu u jutarnjim satima u Motelu Kiwi. Predsjednik udruge [&hellip;]<\/p>\n","protected":false},"author":2,"featured_media":158334,"comment_status":"closed","ping_status":"closed","sticky":false,"template":"","format":"standard","meta":{"h5ap_radio_sources":[],"footnotes":""},"categories":[1],"tags":[],"class_list":["post-158327","post","type-post","status-publish","format-standard","has-post-thumbnail","hentry","category-bihiregija"],"yoast_head":"<!-- This site is optimized with the Yoast SEO plugin v27.4 - https:\/\/yoast.com\/product\/yoast-seo-wordpress\/ -->\n<title>Odr\u017eana akcija \u010di\u0161\u0107enja korita rijeke Tihaljina \u2013 Mlade \u2013 Trebi\u017eat - RADIO LJUBU\u0160KI<\/title>\n<meta name=\"robots\" content=\"index, follow, max-snippet:-1, max-image-preview:large, max-video-preview:-1\" \/>\n<link rel=\"canonical\" href=\"https:\/\/radioljubuski.ba\/index.php\/2022\/07\/11\/foto-odrzana-akcija-ciscenja-korita-rijeke-tihaljina-mlade-trebizat\/\" \/>\n<meta property=\"og:locale\" content=\"hr_HR\" \/>\n<meta property=\"og:type\" content=\"article\" \/>\n<meta property=\"og:title\" content=\"Odr\u017eana akcija \u010di\u0161\u0107enja korita rijeke Tihaljina \u2013 Mlade \u2013 Trebi\u017eat - RADIO LJUBU\u0160KI\" \/>\n<meta property=\"og:description\" content=\"Kroz dvodnevno dru\u017eenje, preko 45 \u010dlanova roniteljskih udruga i NVO-a \u010distilo je korito rijeke Tihaljina \u2013 Mlade \u2013 Trebi\u017eat u du\u017eini od 51 km, prikupili 10 vre\u0107a otpada, u\u017eivali u vo\u017enji kanuima, foto izlo\u017ebi i kulturno povijesnoj ba\u0161tini ovog kraja. Program je zapo\u010deo okupljanjem sudionika u subotu u jutarnjim satima u Motelu Kiwi. Predsjednik udruge [&hellip;]\" \/>\n<meta property=\"og:url\" content=\"https:\/\/radioljubuski.ba\/index.php\/2022\/07\/11\/foto-odrzana-akcija-ciscenja-korita-rijeke-tihaljina-mlade-trebizat\/\" \/>\n<meta property=\"og:site_name\" content=\"RADIO LJUBU\u0160KI\" \/>\n<meta property=\"article:publisher\" content=\"https:\/\/www.facebook.com\/Radiio-Ljubuski-1490835324566332\" \/>\n<meta property=\"article:published_time\" content=\"2022-07-11T10:35:49+00:00\" \/>\n<meta property=\"article:modified_time\" content=\"2022-07-11T23:17:01+00:00\" \/>\n<meta property=\"og:image\" content=\"https:\/\/radioljubuski.ba\/wp-content\/uploads\/2022\/07\/IMG_8055.jpg\" \/>\n\t<meta property=\"og:image:width\" content=\"1000\" \/>\n\t<meta property=\"og:image:height\" content=\"562\" \/>\n\t<meta property=\"og:image:type\" content=\"image\/jpeg\" \/>\n<meta name=\"author\" content=\"Radio Ljubu\u0161ki\" \/>\n<meta name=\"twitter:card\" content=\"summary_large_image\" \/>\n<meta name=\"twitter:creator\" content=\"@radioljubuski\" \/>\n<meta name=\"twitter:site\" content=\"@radioljubuski\" \/>\n<meta name=\"twitter:label1\" content=\"Napisao\/la\" \/>\n\t<meta name=\"twitter:data1\" content=\"Radio Ljubu\u0161ki\" \/>\n\t<meta name=\"twitter:label2\" content=\"Procijenjeno vrijeme \u010ditanja\" \/>\n\t<meta name=\"twitter:data2\" content=\"4 minute\" \/>\n<script type=\"application\/ld+json\" class=\"yoast-schema-graph\">{\"@context\":\"https:\\\/\\\/schema.org\",\"@graph\":[{\"@type\":\"Article\",\"@id\":\"https:\\\/\\\/radioljubuski.ba\\\/index.php\\\/2022\\\/07\\\/11\\\/foto-odrzana-akcija-ciscenja-korita-rijeke-tihaljina-mlade-trebizat\\\/#article\",\"isPartOf\":{\"@id\":\"https:\\\/\\\/radioljubuski.ba\\\/index.php\\\/2022\\\/07\\\/11\\\/foto-odrzana-akcija-ciscenja-korita-rijeke-tihaljina-mlade-trebizat\\\/\"},\"author\":{\"name\":\"Radio Ljubu\u0161ki\",\"@id\":\"https:\\\/\\\/radioljubuski.ba\\\/#\\\/schema\\\/person\\\/19fc700381a780f69665d7956c469e3b\"},\"headline\":\"Odr\u017eana akcija \u010di\u0161\u0107enja korita rijeke Tihaljina \u2013 Mlade \u2013 Trebi\u017eat\",\"datePublished\":\"2022-07-11T10:35:49+00:00\",\"dateModified\":\"2022-07-11T23:17:01+00:00\",\"mainEntityOfPage\":{\"@id\":\"https:\\\/\\\/radioljubuski.ba\\\/index.php\\\/2022\\\/07\\\/11\\\/foto-odrzana-akcija-ciscenja-korita-rijeke-tihaljina-mlade-trebizat\\\/\"},\"wordCount\":474,\"publisher\":{\"@id\":\"https:\\\/\\\/radioljubuski.ba\\\/#organization\"},\"image\":{\"@id\":\"https:\\\/\\\/radioljubuski.ba\\\/index.php\\\/2022\\\/07\\\/11\\\/foto-odrzana-akcija-ciscenja-korita-rijeke-tihaljina-mlade-trebizat\\\/#primaryimage\"},\"thumbnailUrl\":\"https:\\\/\\\/radioljubuski.ba\\\/wp-content\\\/uploads\\\/2022\\\/07\\\/IMG_8055.jpg\",\"articleSection\":[\"BIH i regija\"],\"inLanguage\":\"hr\"},{\"@type\":\"WebPage\",\"@id\":\"https:\\\/\\\/radioljubuski.ba\\\/index.php\\\/2022\\\/07\\\/11\\\/foto-odrzana-akcija-ciscenja-korita-rijeke-tihaljina-mlade-trebizat\\\/\",\"url\":\"https:\\\/\\\/radioljubuski.ba\\\/index.php\\\/2022\\\/07\\\/11\\\/foto-odrzana-akcija-ciscenja-korita-rijeke-tihaljina-mlade-trebizat\\\/\",\"name\":\"Odr\u017eana akcija \u010di\u0161\u0107enja korita rijeke Tihaljina \u2013 Mlade \u2013 Trebi\u017eat - RADIO LJUBU\u0160KI\",\"isPartOf\":{\"@id\":\"https:\\\/\\\/radioljubuski.ba\\\/#website\"},\"primaryImageOfPage\":{\"@id\":\"https:\\\/\\\/radioljubuski.ba\\\/index.php\\\/2022\\\/07\\\/11\\\/foto-odrzana-akcija-ciscenja-korita-rijeke-tihaljina-mlade-trebizat\\\/#primaryimage\"},\"image\":{\"@id\":\"https:\\\/\\\/radioljubuski.ba\\\/index.php\\\/2022\\\/07\\\/11\\\/foto-odrzana-akcija-ciscenja-korita-rijeke-tihaljina-mlade-trebizat\\\/#primaryimage\"},\"thumbnailUrl\":\"https:\\\/\\\/radioljubuski.ba\\\/wp-content\\\/uploads\\\/2022\\\/07\\\/IMG_8055.jpg\",\"datePublished\":\"2022-07-11T10:35:49+00:00\",\"dateModified\":\"2022-07-11T23:17:01+00:00\",\"breadcrumb\":{\"@id\":\"https:\\\/\\\/radioljubuski.ba\\\/index.php\\\/2022\\\/07\\\/11\\\/foto-odrzana-akcija-ciscenja-korita-rijeke-tihaljina-mlade-trebizat\\\/#breadcrumb\"},\"inLanguage\":\"hr\",\"potentialAction\":[{\"@type\":\"ReadAction\",\"target\":[\"https:\\\/\\\/radioljubuski.ba\\\/index.php\\\/2022\\\/07\\\/11\\\/foto-odrzana-akcija-ciscenja-korita-rijeke-tihaljina-mlade-trebizat\\\/\"]}]},{\"@type\":\"ImageObject\",\"inLanguage\":\"hr\",\"@id\":\"https:\\\/\\\/radioljubuski.ba\\\/index.php\\\/2022\\\/07\\\/11\\\/foto-odrzana-akcija-ciscenja-korita-rijeke-tihaljina-mlade-trebizat\\\/#primaryimage\",\"url\":\"https:\\\/\\\/radioljubuski.ba\\\/wp-content\\\/uploads\\\/2022\\\/07\\\/IMG_8055.jpg\",\"contentUrl\":\"https:\\\/\\\/radioljubuski.ba\\\/wp-content\\\/uploads\\\/2022\\\/07\\\/IMG_8055.jpg\",\"width\":1000,\"height\":562},{\"@type\":\"BreadcrumbList\",\"@id\":\"https:\\\/\\\/radioljubuski.ba\\\/index.php\\\/2022\\\/07\\\/11\\\/foto-odrzana-akcija-ciscenja-korita-rijeke-tihaljina-mlade-trebizat\\\/#breadcrumb\",\"itemListElement\":[{\"@type\":\"ListItem\",\"position\":1,\"name\":\"Po\u010detna stranica\",\"item\":\"https:\\\/\\\/radioljubuski.ba\\\/\"},{\"@type\":\"ListItem\",\"position\":2,\"name\":\"Odr\u017eana akcija \u010di\u0161\u0107enja korita rijeke Tihaljina \u2013 Mlade \u2013 Trebi\u017eat\"}]},{\"@type\":\"WebSite\",\"@id\":\"https:\\\/\\\/radioljubuski.ba\\\/#website\",\"url\":\"https:\\\/\\\/radioljubuski.ba\\\/\",\"name\":\"Radio Ljubu\u0161ki\",\"description\":\"Sun\u010dana frekvencija Hercegovine\",\"publisher\":{\"@id\":\"https:\\\/\\\/radioljubuski.ba\\\/#organization\"},\"potentialAction\":[{\"@type\":\"SearchAction\",\"target\":{\"@type\":\"EntryPoint\",\"urlTemplate\":\"https:\\\/\\\/radioljubuski.ba\\\/?s={search_term_string}\"},\"query-input\":{\"@type\":\"PropertyValueSpecification\",\"valueRequired\":true,\"valueName\":\"search_term_string\"}}],\"inLanguage\":\"hr\"},{\"@type\":\"Organization\",\"@id\":\"https:\\\/\\\/radioljubuski.ba\\\/#organization\",\"name\":\"Radio Ljubu\u0161ki\",\"url\":\"https:\\\/\\\/radioljubuski.ba\\\/\",\"logo\":{\"@type\":\"ImageObject\",\"inLanguage\":\"hr\",\"@id\":\"https:\\\/\\\/radioljubuski.ba\\\/#\\\/schema\\\/logo\\\/image\\\/\",\"url\":\"https:\\\/\\\/radioljubuski.ba\\\/wp-content\\\/uploads\\\/2021\\\/02\\\/cropped-Radio_Ljubuski_logo1.jpg\",\"contentUrl\":\"https:\\\/\\\/radioljubuski.ba\\\/wp-content\\\/uploads\\\/2021\\\/02\\\/cropped-Radio_Ljubuski_logo1.jpg\",\"width\":512,\"height\":512,\"caption\":\"Radio Ljubu\u0161ki\"},\"image\":{\"@id\":\"https:\\\/\\\/radioljubuski.ba\\\/#\\\/schema\\\/logo\\\/image\\\/\"},\"sameAs\":[\"https:\\\/\\\/www.facebook.com\\\/Radiio-Ljubuski-1490835324566332\",\"https:\\\/\\\/x.com\\\/radioljubuski\",\"https:\\\/\\\/hr.linkedin.com\\\/company\\\/radio-ljubuski\",\"https:\\\/\\\/www.youtube.com\\\/channel\\\/UCHYaeO_n0Db3tjNGudGpXyw\"]},{\"@type\":\"Person\",\"@id\":\"https:\\\/\\\/radioljubuski.ba\\\/#\\\/schema\\\/person\\\/19fc700381a780f69665d7956c469e3b\",\"name\":\"Radio Ljubu\u0161ki\"}]}<\/script>\n<!-- \/ Yoast SEO plugin. -->","yoast_head_json":{"title":"Odr\u017eana akcija \u010di\u0161\u0107enja korita rijeke Tihaljina \u2013 Mlade \u2013 Trebi\u017eat - RADIO LJUBU\u0160KI","robots":{"index":"index","follow":"follow","max-snippet":"max-snippet:-1","max-image-preview":"max-image-preview:large","max-video-preview":"max-video-preview:-1"},"canonical":"https:\/\/radioljubuski.ba\/index.php\/2022\/07\/11\/foto-odrzana-akcija-ciscenja-korita-rijeke-tihaljina-mlade-trebizat\/","og_locale":"hr_HR","og_type":"article","og_title":"Odr\u017eana akcija \u010di\u0161\u0107enja korita rijeke Tihaljina \u2013 Mlade \u2013 Trebi\u017eat - RADIO LJUBU\u0160KI","og_description":"Kroz dvodnevno dru\u017eenje, preko 45 \u010dlanova roniteljskih udruga i NVO-a \u010distilo je korito rijeke Tihaljina \u2013 Mlade \u2013 Trebi\u017eat u du\u017eini od 51 km, prikupili 10 vre\u0107a otpada, u\u017eivali u vo\u017enji kanuima, foto izlo\u017ebi i kulturno povijesnoj ba\u0161tini ovog kraja. Program je zapo\u010deo okupljanjem sudionika u subotu u jutarnjim satima u Motelu Kiwi. Predsjednik udruge [&hellip;]","og_url":"https:\/\/radioljubuski.ba\/index.php\/2022\/07\/11\/foto-odrzana-akcija-ciscenja-korita-rijeke-tihaljina-mlade-trebizat\/","og_site_name":"RADIO LJUBU\u0160KI","article_publisher":"https:\/\/www.facebook.com\/Radiio-Ljubuski-1490835324566332","article_published_time":"2022-07-11T10:35:49+00:00","article_modified_time":"2022-07-11T23:17:01+00:00","og_image":[{"width":1000,"height":562,"url":"https:\/\/radioljubuski.ba\/wp-content\/uploads\/2022\/07\/IMG_8055.jpg","type":"image\/jpeg"}],"author":"Radio Ljubu\u0161ki","twitter_card":"summary_large_image","twitter_creator":"@radioljubuski","twitter_site":"@radioljubuski","twitter_misc":{"Napisao\/la":"Radio Ljubu\u0161ki","Procijenjeno vrijeme \u010ditanja":"4 minute"},"schema":{"@context":"https:\/\/schema.org","@graph":[{"@type":"Article","@id":"https:\/\/radioljubuski.ba\/index.php\/2022\/07\/11\/foto-odrzana-akcija-ciscenja-korita-rijeke-tihaljina-mlade-trebizat\/#article","isPartOf":{"@id":"https:\/\/radioljubuski.ba\/index.php\/2022\/07\/11\/foto-odrzana-akcija-ciscenja-korita-rijeke-tihaljina-mlade-trebizat\/"},"author":{"name":"Radio Ljubu\u0161ki","@id":"https:\/\/radioljubuski.ba\/#\/schema\/person\/19fc700381a780f69665d7956c469e3b"},"headline":"Odr\u017eana akcija \u010di\u0161\u0107enja korita rijeke Tihaljina \u2013 Mlade \u2013 Trebi\u017eat","datePublished":"2022-07-11T10:35:49+00:00","dateModified":"2022-07-11T23:17:01+00:00","mainEntityOfPage":{"@id":"https:\/\/radioljubuski.ba\/index.php\/2022\/07\/11\/foto-odrzana-akcija-ciscenja-korita-rijeke-tihaljina-mlade-trebizat\/"},"wordCount":474,"publisher":{"@id":"https:\/\/radioljubuski.ba\/#organization"},"image":{"@id":"https:\/\/radioljubuski.ba\/index.php\/2022\/07\/11\/foto-odrzana-akcija-ciscenja-korita-rijeke-tihaljina-mlade-trebizat\/#primaryimage"},"thumbnailUrl":"https:\/\/radioljubuski.ba\/wp-content\/uploads\/2022\/07\/IMG_8055.jpg","articleSection":["BIH i regija"],"inLanguage":"hr"},{"@type":"WebPage","@id":"https:\/\/radioljubuski.ba\/index.php\/2022\/07\/11\/foto-odrzana-akcija-ciscenja-korita-rijeke-tihaljina-mlade-trebizat\/","url":"https:\/\/radioljubuski.ba\/index.php\/2022\/07\/11\/foto-odrzana-akcija-ciscenja-korita-rijeke-tihaljina-mlade-trebizat\/","name":"Odr\u017eana akcija \u010di\u0161\u0107enja korita rijeke Tihaljina \u2013 Mlade \u2013 Trebi\u017eat - RADIO LJUBU\u0160KI","isPartOf":{"@id":"https:\/\/radioljubuski.ba\/#website"},"primaryImageOfPage":{"@id":"https:\/\/radioljubuski.ba\/index.php\/2022\/07\/11\/foto-odrzana-akcija-ciscenja-korita-rijeke-tihaljina-mlade-trebizat\/#primaryimage"},"image":{"@id":"https:\/\/radioljubuski.ba\/index.php\/2022\/07\/11\/foto-odrzana-akcija-ciscenja-korita-rijeke-tihaljina-mlade-trebizat\/#primaryimage"},"thumbnailUrl":"https:\/\/radioljubuski.ba\/wp-content\/uploads\/2022\/07\/IMG_8055.jpg","datePublished":"2022-07-11T10:35:49+00:00","dateModified":"2022-07-11T23:17:01+00:00","breadcrumb":{"@id":"https:\/\/radioljubuski.ba\/index.php\/2022\/07\/11\/foto-odrzana-akcija-ciscenja-korita-rijeke-tihaljina-mlade-trebizat\/#breadcrumb"},"inLanguage":"hr","potentialAction":[{"@type":"ReadAction","target":["https:\/\/radioljubuski.ba\/index.php\/2022\/07\/11\/foto-odrzana-akcija-ciscenja-korita-rijeke-tihaljina-mlade-trebizat\/"]}]},{"@type":"ImageObject","inLanguage":"hr","@id":"https:\/\/radioljubuski.ba\/index.php\/2022\/07\/11\/foto-odrzana-akcija-ciscenja-korita-rijeke-tihaljina-mlade-trebizat\/#primaryimage","url":"https:\/\/radioljubuski.ba\/wp-content\/uploads\/2022\/07\/IMG_8055.jpg","contentUrl":"https:\/\/radioljubuski.ba\/wp-content\/uploads\/2022\/07\/IMG_8055.jpg","width":1000,"height":562},{"@type":"BreadcrumbList","@id":"https:\/\/radioljubuski.ba\/index.php\/2022\/07\/11\/foto-odrzana-akcija-ciscenja-korita-rijeke-tihaljina-mlade-trebizat\/#breadcrumb","itemListElement":[{"@type":"ListItem","position":1,"name":"Po\u010detna stranica","item":"https:\/\/radioljubuski.ba\/"},{"@type":"ListItem","position":2,"name":"Odr\u017eana akcija \u010di\u0161\u0107enja korita rijeke Tihaljina \u2013 Mlade \u2013 Trebi\u017eat"}]},{"@type":"WebSite","@id":"https:\/\/radioljubuski.ba\/#website","url":"https:\/\/radioljubuski.ba\/","name":"Radio Ljubu\u0161ki","description":"Sun\u010dana frekvencija Hercegovine","publisher":{"@id":"https:\/\/radioljubuski.ba\/#organization"},"potentialAction":[{"@type":"SearchAction","target":{"@type":"EntryPoint","urlTemplate":"https:\/\/radioljubuski.ba\/?s={search_term_string}"},"query-input":{"@type":"PropertyValueSpecification","valueRequired":true,"valueName":"search_term_string"}}],"inLanguage":"hr"},{"@type":"Organization","@id":"https:\/\/radioljubuski.ba\/#organization","name":"Radio Ljubu\u0161ki","url":"https:\/\/radioljubuski.ba\/","logo":{"@type":"ImageObject","inLanguage":"hr","@id":"https:\/\/radioljubuski.ba\/#\/schema\/logo\/image\/","url":"https:\/\/radioljubuski.ba\/wp-content\/uploads\/2021\/02\/cropped-Radio_Ljubuski_logo1.jpg","contentUrl":"https:\/\/radioljubuski.ba\/wp-content\/uploads\/2021\/02\/cropped-Radio_Ljubuski_logo1.jpg","width":512,"height":512,"caption":"Radio Ljubu\u0161ki"},"image":{"@id":"https:\/\/radioljubuski.ba\/#\/schema\/logo\/image\/"},"sameAs":["https:\/\/www.facebook.com\/Radiio-Ljubuski-1490835324566332","https:\/\/x.com\/radioljubuski","https:\/\/hr.linkedin.com\/company\/radio-ljubuski","https:\/\/www.youtube.com\/channel\/UCHYaeO_n0Db3tjNGudGpXyw"]},{"@type":"Person","@id":"https:\/\/radioljubuski.ba\/#\/schema\/person\/19fc700381a780f69665d7956c469e3b","name":"Radio Ljubu\u0161ki"}]}},"_links":{"self":[{"href":"https:\/\/radioljubuski.ba\/index.php\/wp-json\/wp\/v2\/posts\/158327","targetHints":{"allow":["GET"]}}],"collection":[{"href":"https:\/\/radioljubuski.ba\/index.php\/wp-json\/wp\/v2\/posts"}],"about":[{"href":"https:\/\/radioljubuski.ba\/index.php\/wp-json\/wp\/v2\/types\/post"}],"author":[{"embeddable":true,"href":"https:\/\/radioljubuski.ba\/index.php\/wp-json\/wp\/v2\/users\/2"}],"replies":[{"embeddable":true,"href":"https:\/\/radioljubuski.ba\/index.php\/wp-json\/wp\/v2\/comments?post=158327"}],"version-history":[{"count":2,"href":"https:\/\/radioljubuski.ba\/index.php\/wp-json\/wp\/v2\/posts\/158327\/revisions"}],"predecessor-version":[{"id":158351,"href":"https:\/\/radioljubuski.ba\/index.php\/wp-json\/wp\/v2\/posts\/158327\/revisions\/158351"}],"wp:featuredmedia":[{"embeddable":true,"href":"https:\/\/radioljubuski.ba\/index.php\/wp-json\/wp\/v2\/media\/158334"}],"wp:attachment":[{"href":"https:\/\/radioljubuski.ba\/index.php\/wp-json\/wp\/v2\/media?parent=158327"}],"wp:term":[{"taxonomy":"category","embeddable":true,"href":"https:\/\/radioljubuski.ba\/index.php\/wp-json\/wp\/v2\/categories?post=158327"},{"taxonomy":"post_tag","embeddable":true,"href":"https:\/\/radioljubuski.ba\/index.php\/wp-json\/wp\/v2\/tags?post=158327"}],"curies":[{"name":"wp","href":"https:\/\/api.w.org\/{rel}","templated":true}]}}