{"id":158972,"date":"2022-07-13T09:32:39","date_gmt":"2022-07-13T08:32:39","guid":{"rendered":"https:\/\/radioljubuski.ba\/?p=158972"},"modified":"2022-07-13T09:32:41","modified_gmt":"2022-07-13T08:32:41","slug":"ganic-i-ostali-se-izjasnili-da-nisu-krivi-za-zlocin-u-dobrovoljackoj","status":"publish","type":"post","link":"https:\/\/radioljubuski.ba\/index.php\/2022\/07\/13\/ganic-i-ostali-se-izjasnili-da-nisu-krivi-za-zlocin-u-dobrovoljackoj\/","title":{"rendered":"Gani\u0107 i ostali se izjasnili da nisu krivi za zlo\u010din u Dobrovolja\u010dkoj"},"content":{"rendered":"\n<p>Ejup Gani\u0107 i jo\u0161 devet osoba su se pred Sudom Bosne i Hercegovine izjasnili da nisu krivi za ratni zlo\u010din 3. svibnja 1992. godine u Dobrovolja\u010dkoj ulici u Sarajevu.<\/p>\n\n\n\n<p>Za ratni zlo\u010din protiv ratnih zarobljenika i zlo\u010din protiv civilnog stanovni\u0161tva, pored Gani\u0107a, optu\u017eeni su Zaim Backovi\u0107, Hamid Bahto, Hasan Efendi\u0107, Fikret Muslimovi\u0107, Jusuf Pu\u0161ina, Bakir Alispahi\u0107, Enes Bezdrob, Ismet Dahi\u0107 i Mahir \u017di\u0161ko.<\/p>\n\n\n\n<p>Optu\u017enica se odnosi na doga\u0111aje od 3. svibnja 1992. godine, a kako je ranije priop\u0107eno iz Tu\u017eiteljstva, prikupljeni su dokazi koji se odnose na stradanje osam ubijenih \u017ertava s utvr\u0111enim identitetom, me\u0111u kojima ima i civila i sanitetskog osoblja, ranjavanje 24 osobe, te zarobljavanje vi\u0161e desetina vojnika i civila, koji su mu\u010deni i zlostavljani.<\/p>\n\n\n\n<p>Na upit Sudskog vije\u0107a jesu li razumjeli \u0161to im se stavlja na teret, optu\u017eeni Bakir Alispahi\u0107 je kazao da ne razumije optu\u017enicu.<\/p>\n\n\n\n<p>\u201c\u010citao sam je pet puta, ali nisam razumio optu\u017enicu\u201d, kazao je Alispahi\u0107.<\/p>\n\n\n\n<p>Prema priop\u0107enju Tu\u017eiteljstva, njih desetorica se terete da su, u okviru svojih funkcija i ovla\u0161tenja u vojnim, policijskim i civilnim strukturama, zajedno sa svojim podre\u0111enima, planirali, poticali i izvr\u0161ili napad na nebranjenu mje\u0161ovitu kolonu vojnika i civila zaposlenih u biv\u0161oj Jugoslovenskoj narodnoj armiji (JNA) pod pratnjom mirovnih snaga Ujedinjenih nacija (UN).<\/p>\n\n\n\n<p>Na teret im je stavljeno da nisu sprije\u010dili ubojstva i ranjavanja vojnika i civila, da su propustili kazniti izvr\u0161itelje ubojstava i ranjavanja, mu\u010dili i ne\u010dovje\u010dno postupali prema zarobljenim vojnicima, nisu sprije\u010dili ni kaznili po\u010dinitelje, kao i da su im pomagali poslije izvr\u0161enog zlo\u010dina.<\/p>\n\n\n\n<p>Iz Tu\u017eiteljstva BiH su ranije priop\u0107ili da su, zajedno s Dr\u017eavnom agencijom za istrage i za\u0161titu (SIPA), kao i Ministarstvom unutra\u0161njih poslova Republike Srpske (MUP RS), proveli temeljitu istragu u kojoj je saslu\u0161ano vi\u0161e stotina svjedoka doga\u0111aja, me\u0111u kojima i pre\u017eivjeli vojnici i civili, predstavnici obitelji ubijenih i ranjenih \u017ertava, kao i veliki broj sudionika doga\u0111aja, prenosi BIRN BiH.<\/p>\n\n\n\n<p>Uz optu\u017enicu, predlo\u017eeno je saslu\u0161anje 277 svjedoka, kao i vi\u0161e vje\u0161taka, a prilo\u017eeno je vi\u0161e od 500 materijalnih dokaza kojima se potkrepljuju navodi optu\u017enice.<\/p>\n\n\n\n<p>Optu\u017enica je podignuta 27. travnja ove godine, nakon vi\u0161egodi\u0161nje istrage koja je bila prekidana pa nastavljana, te dva slu\u010daja zadr\u017eavanja visokih du\u017enosnika u Be\u010du, odnosno Londonu, nakon zahtjeva Srbije.<\/p>\n\n\n\n<p>Optu\u017eenima u ovom predmetu su\u0111enje \u0107e po\u010deti u narednih 60 dana.<\/p>\n\n\n\n<p> Izvor: <a href=\"https:\/\/hms.ba\/ganic-i-ostali-se-izjasnili-da-nisu-krivi-za-zlocin-u-dobrovoljackoj\/\">\/HMS\/<\/a><\/p>\n","protected":false},"excerpt":{"rendered":"<p>Ejup Gani\u0107 i jo\u0161 devet osoba su se pred Sudom Bosne i Hercegovine izjasnili da nisu krivi za ratni zlo\u010din 3. svibnja 1992. godine u Dobrovolja\u010dkoj ulici u Sarajevu. Za ratni zlo\u010din protiv ratnih zarobljenika i zlo\u010din protiv civilnog stanovni\u0161tva, pored Gani\u0107a, optu\u017eeni su Zaim Backovi\u0107, Hamid Bahto, Hasan Efendi\u0107, Fikret Muslimovi\u0107, Jusuf Pu\u0161ina, Bakir [&hellip;]<\/p>\n","protected":false},"author":2,"featured_media":158973,"comment_status":"closed","ping_status":"closed","sticky":false,"template":"","format":"standard","meta":{"h5ap_radio_sources":[],"footnotes":""},"categories":[1],"tags":[],"class_list":["post-158972","post","type-post","status-publish","format-standard","has-post-thumbnail","hentry","category-bihiregija"],"yoast_head":"<!-- This site is optimized with the Yoast SEO plugin v27.5 - https:\/\/yoast.com\/product\/yoast-seo-wordpress\/ -->\n<title>Gani\u0107 i ostali se izjasnili da nisu krivi za zlo\u010din u Dobrovolja\u010dkoj - RADIO LJUBU\u0160KI<\/title>\n<meta name=\"robots\" content=\"index, follow, max-snippet:-1, max-image-preview:large, max-video-preview:-1\" \/>\n<link rel=\"canonical\" href=\"https:\/\/radioljubuski.ba\/index.php\/2022\/07\/13\/ganic-i-ostali-se-izjasnili-da-nisu-krivi-za-zlocin-u-dobrovoljackoj\/\" \/>\n<meta property=\"og:locale\" content=\"hr_HR\" \/>\n<meta property=\"og:type\" content=\"article\" \/>\n<meta property=\"og:title\" content=\"Gani\u0107 i ostali se izjasnili da nisu krivi za zlo\u010din u Dobrovolja\u010dkoj - RADIO LJUBU\u0160KI\" \/>\n<meta property=\"og:description\" content=\"Ejup Gani\u0107 i jo\u0161 devet osoba su se pred Sudom Bosne i Hercegovine izjasnili da nisu krivi za ratni zlo\u010din 3. svibnja 1992. godine u Dobrovolja\u010dkoj ulici u Sarajevu. Za ratni zlo\u010din protiv ratnih zarobljenika i zlo\u010din protiv civilnog stanovni\u0161tva, pored Gani\u0107a, optu\u017eeni su Zaim Backovi\u0107, Hamid Bahto, Hasan Efendi\u0107, Fikret Muslimovi\u0107, Jusuf Pu\u0161ina, Bakir [&hellip;]\" \/>\n<meta property=\"og:url\" content=\"https:\/\/radioljubuski.ba\/index.php\/2022\/07\/13\/ganic-i-ostali-se-izjasnili-da-nisu-krivi-za-zlocin-u-dobrovoljackoj\/\" \/>\n<meta property=\"og:site_name\" content=\"RADIO LJUBU\u0160KI\" \/>\n<meta property=\"article:publisher\" content=\"https:\/\/www.facebook.com\/Radiio-Ljubuski-1490835324566332\" \/>\n<meta property=\"article:published_time\" content=\"2022-07-13T08:32:39+00:00\" \/>\n<meta property=\"article:modified_time\" content=\"2022-07-13T08:32:41+00:00\" \/>\n<meta property=\"og:image\" content=\"https:\/\/radioljubuski.ba\/wp-content\/uploads\/2022\/07\/ejup-ganic.jpg\" \/>\n\t<meta property=\"og:image:width\" content=\"1024\" \/>\n\t<meta property=\"og:image:height\" content=\"576\" \/>\n\t<meta property=\"og:image:type\" content=\"image\/jpeg\" \/>\n<meta name=\"author\" content=\"Radio Ljubu\u0161ki\" \/>\n<meta name=\"twitter:card\" content=\"summary_large_image\" \/>\n<meta name=\"twitter:creator\" content=\"@radioljubuski\" \/>\n<meta name=\"twitter:site\" content=\"@radioljubuski\" \/>\n<meta name=\"twitter:label1\" content=\"Napisao\/la\" \/>\n\t<meta name=\"twitter:data1\" content=\"Radio Ljubu\u0161ki\" \/>\n\t<meta name=\"twitter:label2\" content=\"Procijenjeno vrijeme \u010ditanja\" \/>\n\t<meta name=\"twitter:data2\" content=\"2 minute\" \/>\n<script type=\"application\/ld+json\" class=\"yoast-schema-graph\">{\"@context\":\"https:\\\/\\\/schema.org\",\"@graph\":[{\"@type\":\"Article\",\"@id\":\"https:\\\/\\\/radioljubuski.ba\\\/index.php\\\/2022\\\/07\\\/13\\\/ganic-i-ostali-se-izjasnili-da-nisu-krivi-za-zlocin-u-dobrovoljackoj\\\/#article\",\"isPartOf\":{\"@id\":\"https:\\\/\\\/radioljubuski.ba\\\/index.php\\\/2022\\\/07\\\/13\\\/ganic-i-ostali-se-izjasnili-da-nisu-krivi-za-zlocin-u-dobrovoljackoj\\\/\"},\"author\":{\"name\":\"Radio Ljubu\u0161ki\",\"@id\":\"https:\\\/\\\/radioljubuski.ba\\\/#\\\/schema\\\/person\\\/19fc700381a780f69665d7956c469e3b\"},\"headline\":\"Gani\u0107 i ostali se izjasnili da nisu krivi za zlo\u010din u Dobrovolja\u010dkoj\",\"datePublished\":\"2022-07-13T08:32:39+00:00\",\"dateModified\":\"2022-07-13T08:32:41+00:00\",\"mainEntityOfPage\":{\"@id\":\"https:\\\/\\\/radioljubuski.ba\\\/index.php\\\/2022\\\/07\\\/13\\\/ganic-i-ostali-se-izjasnili-da-nisu-krivi-za-zlocin-u-dobrovoljackoj\\\/\"},\"wordCount\":441,\"publisher\":{\"@id\":\"https:\\\/\\\/radioljubuski.ba\\\/#organization\"},\"image\":{\"@id\":\"https:\\\/\\\/radioljubuski.ba\\\/index.php\\\/2022\\\/07\\\/13\\\/ganic-i-ostali-se-izjasnili-da-nisu-krivi-za-zlocin-u-dobrovoljackoj\\\/#primaryimage\"},\"thumbnailUrl\":\"https:\\\/\\\/radioljubuski.ba\\\/wp-content\\\/uploads\\\/2022\\\/07\\\/ejup-ganic.jpg\",\"articleSection\":[\"BIH i regija\"],\"inLanguage\":\"hr\"},{\"@type\":\"WebPage\",\"@id\":\"https:\\\/\\\/radioljubuski.ba\\\/index.php\\\/2022\\\/07\\\/13\\\/ganic-i-ostali-se-izjasnili-da-nisu-krivi-za-zlocin-u-dobrovoljackoj\\\/\",\"url\":\"https:\\\/\\\/radioljubuski.ba\\\/index.php\\\/2022\\\/07\\\/13\\\/ganic-i-ostali-se-izjasnili-da-nisu-krivi-za-zlocin-u-dobrovoljackoj\\\/\",\"name\":\"Gani\u0107 i ostali se izjasnili da nisu krivi za zlo\u010din u Dobrovolja\u010dkoj - RADIO LJUBU\u0160KI\",\"isPartOf\":{\"@id\":\"https:\\\/\\\/radioljubuski.ba\\\/#website\"},\"primaryImageOfPage\":{\"@id\":\"https:\\\/\\\/radioljubuski.ba\\\/index.php\\\/2022\\\/07\\\/13\\\/ganic-i-ostali-se-izjasnili-da-nisu-krivi-za-zlocin-u-dobrovoljackoj\\\/#primaryimage\"},\"image\":{\"@id\":\"https:\\\/\\\/radioljubuski.ba\\\/index.php\\\/2022\\\/07\\\/13\\\/ganic-i-ostali-se-izjasnili-da-nisu-krivi-za-zlocin-u-dobrovoljackoj\\\/#primaryimage\"},\"thumbnailUrl\":\"https:\\\/\\\/radioljubuski.ba\\\/wp-content\\\/uploads\\\/2022\\\/07\\\/ejup-ganic.jpg\",\"datePublished\":\"2022-07-13T08:32:39+00:00\",\"dateModified\":\"2022-07-13T08:32:41+00:00\",\"breadcrumb\":{\"@id\":\"https:\\\/\\\/radioljubuski.ba\\\/index.php\\\/2022\\\/07\\\/13\\\/ganic-i-ostali-se-izjasnili-da-nisu-krivi-za-zlocin-u-dobrovoljackoj\\\/#breadcrumb\"},\"inLanguage\":\"hr\",\"potentialAction\":[{\"@type\":\"ReadAction\",\"target\":[\"https:\\\/\\\/radioljubuski.ba\\\/index.php\\\/2022\\\/07\\\/13\\\/ganic-i-ostali-se-izjasnili-da-nisu-krivi-za-zlocin-u-dobrovoljackoj\\\/\"]}]},{\"@type\":\"ImageObject\",\"inLanguage\":\"hr\",\"@id\":\"https:\\\/\\\/radioljubuski.ba\\\/index.php\\\/2022\\\/07\\\/13\\\/ganic-i-ostali-se-izjasnili-da-nisu-krivi-za-zlocin-u-dobrovoljackoj\\\/#primaryimage\",\"url\":\"https:\\\/\\\/radioljubuski.ba\\\/wp-content\\\/uploads\\\/2022\\\/07\\\/ejup-ganic.jpg\",\"contentUrl\":\"https:\\\/\\\/radioljubuski.ba\\\/wp-content\\\/uploads\\\/2022\\\/07\\\/ejup-ganic.jpg\",\"width\":1024,\"height\":576},{\"@type\":\"BreadcrumbList\",\"@id\":\"https:\\\/\\\/radioljubuski.ba\\\/index.php\\\/2022\\\/07\\\/13\\\/ganic-i-ostali-se-izjasnili-da-nisu-krivi-za-zlocin-u-dobrovoljackoj\\\/#breadcrumb\",\"itemListElement\":[{\"@type\":\"ListItem\",\"position\":1,\"name\":\"Po\u010detna stranica\",\"item\":\"https:\\\/\\\/radioljubuski.ba\\\/\"},{\"@type\":\"ListItem\",\"position\":2,\"name\":\"Gani\u0107 i ostali se izjasnili da nisu krivi za zlo\u010din u Dobrovolja\u010dkoj\"}]},{\"@type\":\"WebSite\",\"@id\":\"https:\\\/\\\/radioljubuski.ba\\\/#website\",\"url\":\"https:\\\/\\\/radioljubuski.ba\\\/\",\"name\":\"Radio Ljubu\u0161ki\",\"description\":\"Sun\u010dana frekvencija Hercegovine\",\"publisher\":{\"@id\":\"https:\\\/\\\/radioljubuski.ba\\\/#organization\"},\"potentialAction\":[{\"@type\":\"SearchAction\",\"target\":{\"@type\":\"EntryPoint\",\"urlTemplate\":\"https:\\\/\\\/radioljubuski.ba\\\/?s={search_term_string}\"},\"query-input\":{\"@type\":\"PropertyValueSpecification\",\"valueRequired\":true,\"valueName\":\"search_term_string\"}}],\"inLanguage\":\"hr\"},{\"@type\":\"Organization\",\"@id\":\"https:\\\/\\\/radioljubuski.ba\\\/#organization\",\"name\":\"Radio Ljubu\u0161ki\",\"url\":\"https:\\\/\\\/radioljubuski.ba\\\/\",\"logo\":{\"@type\":\"ImageObject\",\"inLanguage\":\"hr\",\"@id\":\"https:\\\/\\\/radioljubuski.ba\\\/#\\\/schema\\\/logo\\\/image\\\/\",\"url\":\"https:\\\/\\\/radioljubuski.ba\\\/wp-content\\\/uploads\\\/2021\\\/02\\\/cropped-Radio_Ljubuski_logo1.jpg\",\"contentUrl\":\"https:\\\/\\\/radioljubuski.ba\\\/wp-content\\\/uploads\\\/2021\\\/02\\\/cropped-Radio_Ljubuski_logo1.jpg\",\"width\":512,\"height\":512,\"caption\":\"Radio Ljubu\u0161ki\"},\"image\":{\"@id\":\"https:\\\/\\\/radioljubuski.ba\\\/#\\\/schema\\\/logo\\\/image\\\/\"},\"sameAs\":[\"https:\\\/\\\/www.facebook.com\\\/Radiio-Ljubuski-1490835324566332\",\"https:\\\/\\\/x.com\\\/radioljubuski\",\"https:\\\/\\\/hr.linkedin.com\\\/company\\\/radio-ljubuski\",\"https:\\\/\\\/www.youtube.com\\\/channel\\\/UCHYaeO_n0Db3tjNGudGpXyw\"]},{\"@type\":\"Person\",\"@id\":\"https:\\\/\\\/radioljubuski.ba\\\/#\\\/schema\\\/person\\\/19fc700381a780f69665d7956c469e3b\",\"name\":\"Radio Ljubu\u0161ki\"}]}<\/script>\n<!-- \/ Yoast SEO plugin. -->","yoast_head_json":{"title":"Gani\u0107 i ostali se izjasnili da nisu krivi za zlo\u010din u Dobrovolja\u010dkoj - RADIO LJUBU\u0160KI","robots":{"index":"index","follow":"follow","max-snippet":"max-snippet:-1","max-image-preview":"max-image-preview:large","max-video-preview":"max-video-preview:-1"},"canonical":"https:\/\/radioljubuski.ba\/index.php\/2022\/07\/13\/ganic-i-ostali-se-izjasnili-da-nisu-krivi-za-zlocin-u-dobrovoljackoj\/","og_locale":"hr_HR","og_type":"article","og_title":"Gani\u0107 i ostali se izjasnili da nisu krivi za zlo\u010din u Dobrovolja\u010dkoj - RADIO LJUBU\u0160KI","og_description":"Ejup Gani\u0107 i jo\u0161 devet osoba su se pred Sudom Bosne i Hercegovine izjasnili da nisu krivi za ratni zlo\u010din 3. svibnja 1992. godine u Dobrovolja\u010dkoj ulici u Sarajevu. Za ratni zlo\u010din protiv ratnih zarobljenika i zlo\u010din protiv civilnog stanovni\u0161tva, pored Gani\u0107a, optu\u017eeni su Zaim Backovi\u0107, Hamid Bahto, Hasan Efendi\u0107, Fikret Muslimovi\u0107, Jusuf Pu\u0161ina, Bakir [&hellip;]","og_url":"https:\/\/radioljubuski.ba\/index.php\/2022\/07\/13\/ganic-i-ostali-se-izjasnili-da-nisu-krivi-za-zlocin-u-dobrovoljackoj\/","og_site_name":"RADIO LJUBU\u0160KI","article_publisher":"https:\/\/www.facebook.com\/Radiio-Ljubuski-1490835324566332","article_published_time":"2022-07-13T08:32:39+00:00","article_modified_time":"2022-07-13T08:32:41+00:00","og_image":[{"width":1024,"height":576,"url":"https:\/\/radioljubuski.ba\/wp-content\/uploads\/2022\/07\/ejup-ganic.jpg","type":"image\/jpeg"}],"author":"Radio Ljubu\u0161ki","twitter_card":"summary_large_image","twitter_creator":"@radioljubuski","twitter_site":"@radioljubuski","twitter_misc":{"Napisao\/la":"Radio Ljubu\u0161ki","Procijenjeno vrijeme \u010ditanja":"2 minute"},"schema":{"@context":"https:\/\/schema.org","@graph":[{"@type":"Article","@id":"https:\/\/radioljubuski.ba\/index.php\/2022\/07\/13\/ganic-i-ostali-se-izjasnili-da-nisu-krivi-za-zlocin-u-dobrovoljackoj\/#article","isPartOf":{"@id":"https:\/\/radioljubuski.ba\/index.php\/2022\/07\/13\/ganic-i-ostali-se-izjasnili-da-nisu-krivi-za-zlocin-u-dobrovoljackoj\/"},"author":{"name":"Radio Ljubu\u0161ki","@id":"https:\/\/radioljubuski.ba\/#\/schema\/person\/19fc700381a780f69665d7956c469e3b"},"headline":"Gani\u0107 i ostali se izjasnili da nisu krivi za zlo\u010din u Dobrovolja\u010dkoj","datePublished":"2022-07-13T08:32:39+00:00","dateModified":"2022-07-13T08:32:41+00:00","mainEntityOfPage":{"@id":"https:\/\/radioljubuski.ba\/index.php\/2022\/07\/13\/ganic-i-ostali-se-izjasnili-da-nisu-krivi-za-zlocin-u-dobrovoljackoj\/"},"wordCount":441,"publisher":{"@id":"https:\/\/radioljubuski.ba\/#organization"},"image":{"@id":"https:\/\/radioljubuski.ba\/index.php\/2022\/07\/13\/ganic-i-ostali-se-izjasnili-da-nisu-krivi-za-zlocin-u-dobrovoljackoj\/#primaryimage"},"thumbnailUrl":"https:\/\/radioljubuski.ba\/wp-content\/uploads\/2022\/07\/ejup-ganic.jpg","articleSection":["BIH i regija"],"inLanguage":"hr"},{"@type":"WebPage","@id":"https:\/\/radioljubuski.ba\/index.php\/2022\/07\/13\/ganic-i-ostali-se-izjasnili-da-nisu-krivi-za-zlocin-u-dobrovoljackoj\/","url":"https:\/\/radioljubuski.ba\/index.php\/2022\/07\/13\/ganic-i-ostali-se-izjasnili-da-nisu-krivi-za-zlocin-u-dobrovoljackoj\/","name":"Gani\u0107 i ostali se izjasnili da nisu krivi za zlo\u010din u Dobrovolja\u010dkoj - RADIO LJUBU\u0160KI","isPartOf":{"@id":"https:\/\/radioljubuski.ba\/#website"},"primaryImageOfPage":{"@id":"https:\/\/radioljubuski.ba\/index.php\/2022\/07\/13\/ganic-i-ostali-se-izjasnili-da-nisu-krivi-za-zlocin-u-dobrovoljackoj\/#primaryimage"},"image":{"@id":"https:\/\/radioljubuski.ba\/index.php\/2022\/07\/13\/ganic-i-ostali-se-izjasnili-da-nisu-krivi-za-zlocin-u-dobrovoljackoj\/#primaryimage"},"thumbnailUrl":"https:\/\/radioljubuski.ba\/wp-content\/uploads\/2022\/07\/ejup-ganic.jpg","datePublished":"2022-07-13T08:32:39+00:00","dateModified":"2022-07-13T08:32:41+00:00","breadcrumb":{"@id":"https:\/\/radioljubuski.ba\/index.php\/2022\/07\/13\/ganic-i-ostali-se-izjasnili-da-nisu-krivi-za-zlocin-u-dobrovoljackoj\/#breadcrumb"},"inLanguage":"hr","potentialAction":[{"@type":"ReadAction","target":["https:\/\/radioljubuski.ba\/index.php\/2022\/07\/13\/ganic-i-ostali-se-izjasnili-da-nisu-krivi-za-zlocin-u-dobrovoljackoj\/"]}]},{"@type":"ImageObject","inLanguage":"hr","@id":"https:\/\/radioljubuski.ba\/index.php\/2022\/07\/13\/ganic-i-ostali-se-izjasnili-da-nisu-krivi-za-zlocin-u-dobrovoljackoj\/#primaryimage","url":"https:\/\/radioljubuski.ba\/wp-content\/uploads\/2022\/07\/ejup-ganic.jpg","contentUrl":"https:\/\/radioljubuski.ba\/wp-content\/uploads\/2022\/07\/ejup-ganic.jpg","width":1024,"height":576},{"@type":"BreadcrumbList","@id":"https:\/\/radioljubuski.ba\/index.php\/2022\/07\/13\/ganic-i-ostali-se-izjasnili-da-nisu-krivi-za-zlocin-u-dobrovoljackoj\/#breadcrumb","itemListElement":[{"@type":"ListItem","position":1,"name":"Po\u010detna stranica","item":"https:\/\/radioljubuski.ba\/"},{"@type":"ListItem","position":2,"name":"Gani\u0107 i ostali se izjasnili da nisu krivi za zlo\u010din u Dobrovolja\u010dkoj"}]},{"@type":"WebSite","@id":"https:\/\/radioljubuski.ba\/#website","url":"https:\/\/radioljubuski.ba\/","name":"Radio Ljubu\u0161ki","description":"Sun\u010dana frekvencija Hercegovine","publisher":{"@id":"https:\/\/radioljubuski.ba\/#organization"},"potentialAction":[{"@type":"SearchAction","target":{"@type":"EntryPoint","urlTemplate":"https:\/\/radioljubuski.ba\/?s={search_term_string}"},"query-input":{"@type":"PropertyValueSpecification","valueRequired":true,"valueName":"search_term_string"}}],"inLanguage":"hr"},{"@type":"Organization","@id":"https:\/\/radioljubuski.ba\/#organization","name":"Radio Ljubu\u0161ki","url":"https:\/\/radioljubuski.ba\/","logo":{"@type":"ImageObject","inLanguage":"hr","@id":"https:\/\/radioljubuski.ba\/#\/schema\/logo\/image\/","url":"https:\/\/radioljubuski.ba\/wp-content\/uploads\/2021\/02\/cropped-Radio_Ljubuski_logo1.jpg","contentUrl":"https:\/\/radioljubuski.ba\/wp-content\/uploads\/2021\/02\/cropped-Radio_Ljubuski_logo1.jpg","width":512,"height":512,"caption":"Radio Ljubu\u0161ki"},"image":{"@id":"https:\/\/radioljubuski.ba\/#\/schema\/logo\/image\/"},"sameAs":["https:\/\/www.facebook.com\/Radiio-Ljubuski-1490835324566332","https:\/\/x.com\/radioljubuski","https:\/\/hr.linkedin.com\/company\/radio-ljubuski","https:\/\/www.youtube.com\/channel\/UCHYaeO_n0Db3tjNGudGpXyw"]},{"@type":"Person","@id":"https:\/\/radioljubuski.ba\/#\/schema\/person\/19fc700381a780f69665d7956c469e3b","name":"Radio Ljubu\u0161ki"}]}},"_links":{"self":[{"href":"https:\/\/radioljubuski.ba\/index.php\/wp-json\/wp\/v2\/posts\/158972","targetHints":{"allow":["GET"]}}],"collection":[{"href":"https:\/\/radioljubuski.ba\/index.php\/wp-json\/wp\/v2\/posts"}],"about":[{"href":"https:\/\/radioljubuski.ba\/index.php\/wp-json\/wp\/v2\/types\/post"}],"author":[{"embeddable":true,"href":"https:\/\/radioljubuski.ba\/index.php\/wp-json\/wp\/v2\/users\/2"}],"replies":[{"embeddable":true,"href":"https:\/\/radioljubuski.ba\/index.php\/wp-json\/wp\/v2\/comments?post=158972"}],"version-history":[{"count":1,"href":"https:\/\/radioljubuski.ba\/index.php\/wp-json\/wp\/v2\/posts\/158972\/revisions"}],"predecessor-version":[{"id":158974,"href":"https:\/\/radioljubuski.ba\/index.php\/wp-json\/wp\/v2\/posts\/158972\/revisions\/158974"}],"wp:featuredmedia":[{"embeddable":true,"href":"https:\/\/radioljubuski.ba\/index.php\/wp-json\/wp\/v2\/media\/158973"}],"wp:attachment":[{"href":"https:\/\/radioljubuski.ba\/index.php\/wp-json\/wp\/v2\/media?parent=158972"}],"wp:term":[{"taxonomy":"category","embeddable":true,"href":"https:\/\/radioljubuski.ba\/index.php\/wp-json\/wp\/v2\/categories?post=158972"},{"taxonomy":"post_tag","embeddable":true,"href":"https:\/\/radioljubuski.ba\/index.php\/wp-json\/wp\/v2\/tags?post=158972"}],"curies":[{"name":"wp","href":"https:\/\/api.w.org\/{rel}","templated":true}]}}