{"id":158979,"date":"2022-07-13T09:37:51","date_gmt":"2022-07-13T08:37:51","guid":{"rendered":"https:\/\/radioljubuski.ba\/?p=158979"},"modified":"2022-07-13T09:37:53","modified_gmt":"2022-07-13T08:37:53","slug":"ahmetovic-sestrinska-stranka-hdz-a-je-glasovala-za-rezoluciju-o-bih","status":"publish","type":"post","link":"https:\/\/radioljubuski.ba\/index.php\/2022\/07\/13\/ahmetovic-sestrinska-stranka-hdz-a-je-glasovala-za-rezoluciju-o-bih\/","title":{"rendered":"Ahmetovi\u0107: Sestrinska stranka HDZ-a je glasovala za rezoluciju o BiH"},"content":{"rendered":"\n<p>Rezolucija o BiH koju je Bundestag u petak usvojio nije rezolucija Adisa Ahmetovi\u0107a ili Borisa Mijatovi\u0107a, ve\u0107 ve\u0107ine poslanika u njema\u010dkom Parlamentu \u2013 poru\u010dio je bo\u0161nja\u010dki lobist Adis Ahmetovi\u0107, izvjestitelj njema\u010dkog SDP-a za Zapadni Balkan, komentiraju\u0107i optu\u017ebe da je jednostran u odnosu prema BiH.<\/p>\n\n\n\n<p>\u201cRezolucija je dobila podr\u0161ku ve\u0107ine i vladaju\u0107ih stranaka, ali i opozicije, 80% \u010dlanova Bundestaga su glasali za tu rezoluciju. Sestrinska stranka HDZ-a i HDZ-a BiH je glasala za tu rezoluciju- CDU CSU\u201d, rekao je Ahmetovi\u0107 ogovaraju\u0107i na komentare koje je izazvao njegov govor u petak, a u kome je poru\u010dio da je \u201ckoncept konstitutivnih naroda u BiH propao\u201d.<\/p>\n\n\n\n<blockquote class=\"twitter-tweet\"><p lang=\"und\" dir=\"ltr\">Adis Ahmetovi\u0107, poslanik u njema\u010dkom Bundestagu razgovarao sa ministrom odbrane BiH Sfetom Pod\u017ei\u0107em:&quot; 80% njema\u010dkog Bundestaga podr\u017eava na\u0161u misiju u EUFOR-u. Sti\u017ee 50 novih vojnika.&quot; <a href=\"https:\/\/t.co\/2qTbvsm5dU\">pic.twitter.com\/2qTbvsm5dU<\/a><\/p>&mdash; TV N1 Sarajevo (@N1infoSA) <a href=\"https:\/\/twitter.com\/N1infoSA\/status\/1546799198737235969?ref_src=twsrc%5Etfw\">July 12, 2022<\/a><\/blockquote> <script async src=\"https:\/\/platform.twitter.com\/widgets.js\" charset=\"utf-8\"><\/script>\n\n\n\n<p>Ovaj poslanik Bundestaga dodaje da niti jedna dr\u017eava u Europi nema ovakav sustav kao BiH, te podcrtava da BiH 27 godina nakon rata ne mo\u017ee usvojiti 14 prioriteta, od \u010dega su tri reformska zakona kako bi ispunila uvjete koje je EU stavila pred BiH.<\/p>\n\n\n\n<p>\u201cCitiram Sattlera koji je jasno rekao, put u EU blokira u Domu naroda HDZ i SNSD, to je potpuno jasno. Mi ka\u017eemo u Njema\u010dkoj, neka u BiH bilo koji drugi europski sustav u BiH bi\u0107e bolji nego ovaj koji je sada\u201d, rekao je Ahmetovi\u0107.<\/p>\n\n\n\n<p>Ahmetovi\u0107 od subote boravi u BiH, a danas se susreo s ministrom obrane BiH Sifetom Pod\u017ei\u0107em s kojim je razgovarao o dolasku 50 njema\u010dkih vojnika u misiju ALTEA. Ali i o mogu\u0107oj sudbini EUFOR misije.<\/p>\n\n\n\n<p>\u201cAko u studenom Rusija odlu\u010di staviti veto za nastavak EUFOR misije, veleposlanik Rusije je rekao da \u0107e ako se BiH odlu\u010di za \u010dlanstvo u NATO, da mo\u017ee zavr\u0161iti kao Ukrajina. Ako se to dogodi, postoji mogu\u0107nost kroz Daytonski sporazum da Predsjedni\u0161tvo BiH pozove da se NATO uklju\u010di u BiH, da se i nakon studenog osigura sigurnost u BiH\u201d, rekao je Ahmetovi\u0107.<\/p>\n\n\n\n<p>Ahmetovi\u0107 nastavlja svoju posjetu zemljama regije. Plan je da posjeti Makedoniju, ali i Albaniju, gdje bi se trebao susresti s Edijem Ramom.<\/p>\n\n\n\n<p> Izvor<a href=\"https:\/\/hms.ba\/ahmetovic-sestrinska-stranka-hdz-a-je-glasovala-za-rezoluciju-o-bih\/\">: HMS<\/a><\/p>\n","protected":false},"excerpt":{"rendered":"<p>Rezolucija o BiH koju je Bundestag u petak usvojio nije rezolucija Adisa Ahmetovi\u0107a ili Borisa Mijatovi\u0107a, ve\u0107 ve\u0107ine poslanika u njema\u010dkom Parlamentu \u2013 poru\u010dio je bo\u0161nja\u010dki lobist Adis Ahmetovi\u0107, izvjestitelj njema\u010dkog SDP-a za Zapadni Balkan, komentiraju\u0107i optu\u017ebe da je jednostran u odnosu prema BiH. \u201cRezolucija je dobila podr\u0161ku ve\u0107ine i vladaju\u0107ih stranaka, ali i opozicije, [&hellip;]<\/p>\n","protected":false},"author":2,"featured_media":158980,"comment_status":"closed","ping_status":"closed","sticky":false,"template":"","format":"standard","meta":{"h5ap_radio_sources":[],"footnotes":""},"categories":[1],"tags":[],"class_list":["post-158979","post","type-post","status-publish","format-standard","has-post-thumbnail","hentry","category-bihiregija"],"yoast_head":"<!-- This site is optimized with the Yoast SEO plugin v27.5 - https:\/\/yoast.com\/product\/yoast-seo-wordpress\/ -->\n<title>Ahmetovi\u0107: Sestrinska stranka HDZ-a je glasovala za rezoluciju o BiH - RADIO LJUBU\u0160KI<\/title>\n<meta name=\"robots\" content=\"index, follow, max-snippet:-1, max-image-preview:large, max-video-preview:-1\" \/>\n<link rel=\"canonical\" href=\"https:\/\/radioljubuski.ba\/index.php\/2022\/07\/13\/ahmetovic-sestrinska-stranka-hdz-a-je-glasovala-za-rezoluciju-o-bih\/\" \/>\n<meta property=\"og:locale\" content=\"hr_HR\" \/>\n<meta property=\"og:type\" content=\"article\" \/>\n<meta property=\"og:title\" content=\"Ahmetovi\u0107: Sestrinska stranka HDZ-a je glasovala za rezoluciju o BiH - RADIO LJUBU\u0160KI\" \/>\n<meta property=\"og:description\" content=\"Rezolucija o BiH koju je Bundestag u petak usvojio nije rezolucija Adisa Ahmetovi\u0107a ili Borisa Mijatovi\u0107a, ve\u0107 ve\u0107ine poslanika u njema\u010dkom Parlamentu \u2013 poru\u010dio je bo\u0161nja\u010dki lobist Adis Ahmetovi\u0107, izvjestitelj njema\u010dkog SDP-a za Zapadni Balkan, komentiraju\u0107i optu\u017ebe da je jednostran u odnosu prema BiH. \u201cRezolucija je dobila podr\u0161ku ve\u0107ine i vladaju\u0107ih stranaka, ali i opozicije, [&hellip;]\" \/>\n<meta property=\"og:url\" content=\"https:\/\/radioljubuski.ba\/index.php\/2022\/07\/13\/ahmetovic-sestrinska-stranka-hdz-a-je-glasovala-za-rezoluciju-o-bih\/\" \/>\n<meta property=\"og:site_name\" content=\"RADIO LJUBU\u0160KI\" \/>\n<meta property=\"article:publisher\" content=\"https:\/\/www.facebook.com\/Radiio-Ljubuski-1490835324566332\" \/>\n<meta property=\"article:published_time\" content=\"2022-07-13T08:37:51+00:00\" \/>\n<meta property=\"article:modified_time\" content=\"2022-07-13T08:37:53+00:00\" \/>\n<meta property=\"og:image\" content=\"https:\/\/radioljubuski.ba\/wp-content\/uploads\/2022\/07\/59803574_303.jpg\" \/>\n\t<meta property=\"og:image:width\" content=\"700\" \/>\n\t<meta property=\"og:image:height\" content=\"394\" \/>\n\t<meta property=\"og:image:type\" content=\"image\/jpeg\" \/>\n<meta name=\"author\" content=\"Radio Ljubu\u0161ki\" \/>\n<meta name=\"twitter:card\" content=\"summary_large_image\" \/>\n<meta name=\"twitter:creator\" content=\"@radioljubuski\" \/>\n<meta name=\"twitter:site\" content=\"@radioljubuski\" \/>\n<meta name=\"twitter:label1\" content=\"Napisao\/la\" \/>\n\t<meta name=\"twitter:data1\" content=\"Radio Ljubu\u0161ki\" \/>\n\t<meta name=\"twitter:label2\" content=\"Procijenjeno vrijeme \u010ditanja\" \/>\n\t<meta name=\"twitter:data2\" content=\"2 minute\" \/>\n<script type=\"application\/ld+json\" class=\"yoast-schema-graph\">{\"@context\":\"https:\\\/\\\/schema.org\",\"@graph\":[{\"@type\":\"Article\",\"@id\":\"https:\\\/\\\/radioljubuski.ba\\\/index.php\\\/2022\\\/07\\\/13\\\/ahmetovic-sestrinska-stranka-hdz-a-je-glasovala-za-rezoluciju-o-bih\\\/#article\",\"isPartOf\":{\"@id\":\"https:\\\/\\\/radioljubuski.ba\\\/index.php\\\/2022\\\/07\\\/13\\\/ahmetovic-sestrinska-stranka-hdz-a-je-glasovala-za-rezoluciju-o-bih\\\/\"},\"author\":{\"name\":\"Radio Ljubu\u0161ki\",\"@id\":\"https:\\\/\\\/radioljubuski.ba\\\/#\\\/schema\\\/person\\\/19fc700381a780f69665d7956c469e3b\"},\"headline\":\"Ahmetovi\u0107: Sestrinska stranka HDZ-a je glasovala za rezoluciju o BiH\",\"datePublished\":\"2022-07-13T08:37:51+00:00\",\"dateModified\":\"2022-07-13T08:37:53+00:00\",\"mainEntityOfPage\":{\"@id\":\"https:\\\/\\\/radioljubuski.ba\\\/index.php\\\/2022\\\/07\\\/13\\\/ahmetovic-sestrinska-stranka-hdz-a-je-glasovala-za-rezoluciju-o-bih\\\/\"},\"wordCount\":390,\"publisher\":{\"@id\":\"https:\\\/\\\/radioljubuski.ba\\\/#organization\"},\"image\":{\"@id\":\"https:\\\/\\\/radioljubuski.ba\\\/index.php\\\/2022\\\/07\\\/13\\\/ahmetovic-sestrinska-stranka-hdz-a-je-glasovala-za-rezoluciju-o-bih\\\/#primaryimage\"},\"thumbnailUrl\":\"https:\\\/\\\/radioljubuski.ba\\\/wp-content\\\/uploads\\\/2022\\\/07\\\/59803574_303.jpg\",\"articleSection\":[\"BIH i regija\"],\"inLanguage\":\"hr\"},{\"@type\":\"WebPage\",\"@id\":\"https:\\\/\\\/radioljubuski.ba\\\/index.php\\\/2022\\\/07\\\/13\\\/ahmetovic-sestrinska-stranka-hdz-a-je-glasovala-za-rezoluciju-o-bih\\\/\",\"url\":\"https:\\\/\\\/radioljubuski.ba\\\/index.php\\\/2022\\\/07\\\/13\\\/ahmetovic-sestrinska-stranka-hdz-a-je-glasovala-za-rezoluciju-o-bih\\\/\",\"name\":\"Ahmetovi\u0107: Sestrinska stranka HDZ-a je glasovala za rezoluciju o BiH - RADIO LJUBU\u0160KI\",\"isPartOf\":{\"@id\":\"https:\\\/\\\/radioljubuski.ba\\\/#website\"},\"primaryImageOfPage\":{\"@id\":\"https:\\\/\\\/radioljubuski.ba\\\/index.php\\\/2022\\\/07\\\/13\\\/ahmetovic-sestrinska-stranka-hdz-a-je-glasovala-za-rezoluciju-o-bih\\\/#primaryimage\"},\"image\":{\"@id\":\"https:\\\/\\\/radioljubuski.ba\\\/index.php\\\/2022\\\/07\\\/13\\\/ahmetovic-sestrinska-stranka-hdz-a-je-glasovala-za-rezoluciju-o-bih\\\/#primaryimage\"},\"thumbnailUrl\":\"https:\\\/\\\/radioljubuski.ba\\\/wp-content\\\/uploads\\\/2022\\\/07\\\/59803574_303.jpg\",\"datePublished\":\"2022-07-13T08:37:51+00:00\",\"dateModified\":\"2022-07-13T08:37:53+00:00\",\"breadcrumb\":{\"@id\":\"https:\\\/\\\/radioljubuski.ba\\\/index.php\\\/2022\\\/07\\\/13\\\/ahmetovic-sestrinska-stranka-hdz-a-je-glasovala-za-rezoluciju-o-bih\\\/#breadcrumb\"},\"inLanguage\":\"hr\",\"potentialAction\":[{\"@type\":\"ReadAction\",\"target\":[\"https:\\\/\\\/radioljubuski.ba\\\/index.php\\\/2022\\\/07\\\/13\\\/ahmetovic-sestrinska-stranka-hdz-a-je-glasovala-za-rezoluciju-o-bih\\\/\"]}]},{\"@type\":\"ImageObject\",\"inLanguage\":\"hr\",\"@id\":\"https:\\\/\\\/radioljubuski.ba\\\/index.php\\\/2022\\\/07\\\/13\\\/ahmetovic-sestrinska-stranka-hdz-a-je-glasovala-za-rezoluciju-o-bih\\\/#primaryimage\",\"url\":\"https:\\\/\\\/radioljubuski.ba\\\/wp-content\\\/uploads\\\/2022\\\/07\\\/59803574_303.jpg\",\"contentUrl\":\"https:\\\/\\\/radioljubuski.ba\\\/wp-content\\\/uploads\\\/2022\\\/07\\\/59803574_303.jpg\",\"width\":700,\"height\":394},{\"@type\":\"BreadcrumbList\",\"@id\":\"https:\\\/\\\/radioljubuski.ba\\\/index.php\\\/2022\\\/07\\\/13\\\/ahmetovic-sestrinska-stranka-hdz-a-je-glasovala-za-rezoluciju-o-bih\\\/#breadcrumb\",\"itemListElement\":[{\"@type\":\"ListItem\",\"position\":1,\"name\":\"Po\u010detna stranica\",\"item\":\"https:\\\/\\\/radioljubuski.ba\\\/\"},{\"@type\":\"ListItem\",\"position\":2,\"name\":\"Ahmetovi\u0107: Sestrinska stranka HDZ-a je glasovala za rezoluciju o BiH\"}]},{\"@type\":\"WebSite\",\"@id\":\"https:\\\/\\\/radioljubuski.ba\\\/#website\",\"url\":\"https:\\\/\\\/radioljubuski.ba\\\/\",\"name\":\"Radio Ljubu\u0161ki\",\"description\":\"Sun\u010dana frekvencija Hercegovine\",\"publisher\":{\"@id\":\"https:\\\/\\\/radioljubuski.ba\\\/#organization\"},\"potentialAction\":[{\"@type\":\"SearchAction\",\"target\":{\"@type\":\"EntryPoint\",\"urlTemplate\":\"https:\\\/\\\/radioljubuski.ba\\\/?s={search_term_string}\"},\"query-input\":{\"@type\":\"PropertyValueSpecification\",\"valueRequired\":true,\"valueName\":\"search_term_string\"}}],\"inLanguage\":\"hr\"},{\"@type\":\"Organization\",\"@id\":\"https:\\\/\\\/radioljubuski.ba\\\/#organization\",\"name\":\"Radio Ljubu\u0161ki\",\"url\":\"https:\\\/\\\/radioljubuski.ba\\\/\",\"logo\":{\"@type\":\"ImageObject\",\"inLanguage\":\"hr\",\"@id\":\"https:\\\/\\\/radioljubuski.ba\\\/#\\\/schema\\\/logo\\\/image\\\/\",\"url\":\"https:\\\/\\\/radioljubuski.ba\\\/wp-content\\\/uploads\\\/2021\\\/02\\\/cropped-Radio_Ljubuski_logo1.jpg\",\"contentUrl\":\"https:\\\/\\\/radioljubuski.ba\\\/wp-content\\\/uploads\\\/2021\\\/02\\\/cropped-Radio_Ljubuski_logo1.jpg\",\"width\":512,\"height\":512,\"caption\":\"Radio Ljubu\u0161ki\"},\"image\":{\"@id\":\"https:\\\/\\\/radioljubuski.ba\\\/#\\\/schema\\\/logo\\\/image\\\/\"},\"sameAs\":[\"https:\\\/\\\/www.facebook.com\\\/Radiio-Ljubuski-1490835324566332\",\"https:\\\/\\\/x.com\\\/radioljubuski\",\"https:\\\/\\\/hr.linkedin.com\\\/company\\\/radio-ljubuski\",\"https:\\\/\\\/www.youtube.com\\\/channel\\\/UCHYaeO_n0Db3tjNGudGpXyw\"]},{\"@type\":\"Person\",\"@id\":\"https:\\\/\\\/radioljubuski.ba\\\/#\\\/schema\\\/person\\\/19fc700381a780f69665d7956c469e3b\",\"name\":\"Radio Ljubu\u0161ki\"}]}<\/script>\n<!-- \/ Yoast SEO plugin. -->","yoast_head_json":{"title":"Ahmetovi\u0107: Sestrinska stranka HDZ-a je glasovala za rezoluciju o BiH - RADIO LJUBU\u0160KI","robots":{"index":"index","follow":"follow","max-snippet":"max-snippet:-1","max-image-preview":"max-image-preview:large","max-video-preview":"max-video-preview:-1"},"canonical":"https:\/\/radioljubuski.ba\/index.php\/2022\/07\/13\/ahmetovic-sestrinska-stranka-hdz-a-je-glasovala-za-rezoluciju-o-bih\/","og_locale":"hr_HR","og_type":"article","og_title":"Ahmetovi\u0107: Sestrinska stranka HDZ-a je glasovala za rezoluciju o BiH - RADIO LJUBU\u0160KI","og_description":"Rezolucija o BiH koju je Bundestag u petak usvojio nije rezolucija Adisa Ahmetovi\u0107a ili Borisa Mijatovi\u0107a, ve\u0107 ve\u0107ine poslanika u njema\u010dkom Parlamentu \u2013 poru\u010dio je bo\u0161nja\u010dki lobist Adis Ahmetovi\u0107, izvjestitelj njema\u010dkog SDP-a za Zapadni Balkan, komentiraju\u0107i optu\u017ebe da je jednostran u odnosu prema BiH. \u201cRezolucija je dobila podr\u0161ku ve\u0107ine i vladaju\u0107ih stranaka, ali i opozicije, [&hellip;]","og_url":"https:\/\/radioljubuski.ba\/index.php\/2022\/07\/13\/ahmetovic-sestrinska-stranka-hdz-a-je-glasovala-za-rezoluciju-o-bih\/","og_site_name":"RADIO LJUBU\u0160KI","article_publisher":"https:\/\/www.facebook.com\/Radiio-Ljubuski-1490835324566332","article_published_time":"2022-07-13T08:37:51+00:00","article_modified_time":"2022-07-13T08:37:53+00:00","og_image":[{"width":700,"height":394,"url":"https:\/\/radioljubuski.ba\/wp-content\/uploads\/2022\/07\/59803574_303.jpg","type":"image\/jpeg"}],"author":"Radio Ljubu\u0161ki","twitter_card":"summary_large_image","twitter_creator":"@radioljubuski","twitter_site":"@radioljubuski","twitter_misc":{"Napisao\/la":"Radio Ljubu\u0161ki","Procijenjeno vrijeme \u010ditanja":"2 minute"},"schema":{"@context":"https:\/\/schema.org","@graph":[{"@type":"Article","@id":"https:\/\/radioljubuski.ba\/index.php\/2022\/07\/13\/ahmetovic-sestrinska-stranka-hdz-a-je-glasovala-za-rezoluciju-o-bih\/#article","isPartOf":{"@id":"https:\/\/radioljubuski.ba\/index.php\/2022\/07\/13\/ahmetovic-sestrinska-stranka-hdz-a-je-glasovala-za-rezoluciju-o-bih\/"},"author":{"name":"Radio Ljubu\u0161ki","@id":"https:\/\/radioljubuski.ba\/#\/schema\/person\/19fc700381a780f69665d7956c469e3b"},"headline":"Ahmetovi\u0107: Sestrinska stranka HDZ-a je glasovala za rezoluciju o BiH","datePublished":"2022-07-13T08:37:51+00:00","dateModified":"2022-07-13T08:37:53+00:00","mainEntityOfPage":{"@id":"https:\/\/radioljubuski.ba\/index.php\/2022\/07\/13\/ahmetovic-sestrinska-stranka-hdz-a-je-glasovala-za-rezoluciju-o-bih\/"},"wordCount":390,"publisher":{"@id":"https:\/\/radioljubuski.ba\/#organization"},"image":{"@id":"https:\/\/radioljubuski.ba\/index.php\/2022\/07\/13\/ahmetovic-sestrinska-stranka-hdz-a-je-glasovala-za-rezoluciju-o-bih\/#primaryimage"},"thumbnailUrl":"https:\/\/radioljubuski.ba\/wp-content\/uploads\/2022\/07\/59803574_303.jpg","articleSection":["BIH i regija"],"inLanguage":"hr"},{"@type":"WebPage","@id":"https:\/\/radioljubuski.ba\/index.php\/2022\/07\/13\/ahmetovic-sestrinska-stranka-hdz-a-je-glasovala-za-rezoluciju-o-bih\/","url":"https:\/\/radioljubuski.ba\/index.php\/2022\/07\/13\/ahmetovic-sestrinska-stranka-hdz-a-je-glasovala-za-rezoluciju-o-bih\/","name":"Ahmetovi\u0107: Sestrinska stranka HDZ-a je glasovala za rezoluciju o BiH - RADIO LJUBU\u0160KI","isPartOf":{"@id":"https:\/\/radioljubuski.ba\/#website"},"primaryImageOfPage":{"@id":"https:\/\/radioljubuski.ba\/index.php\/2022\/07\/13\/ahmetovic-sestrinska-stranka-hdz-a-je-glasovala-za-rezoluciju-o-bih\/#primaryimage"},"image":{"@id":"https:\/\/radioljubuski.ba\/index.php\/2022\/07\/13\/ahmetovic-sestrinska-stranka-hdz-a-je-glasovala-za-rezoluciju-o-bih\/#primaryimage"},"thumbnailUrl":"https:\/\/radioljubuski.ba\/wp-content\/uploads\/2022\/07\/59803574_303.jpg","datePublished":"2022-07-13T08:37:51+00:00","dateModified":"2022-07-13T08:37:53+00:00","breadcrumb":{"@id":"https:\/\/radioljubuski.ba\/index.php\/2022\/07\/13\/ahmetovic-sestrinska-stranka-hdz-a-je-glasovala-za-rezoluciju-o-bih\/#breadcrumb"},"inLanguage":"hr","potentialAction":[{"@type":"ReadAction","target":["https:\/\/radioljubuski.ba\/index.php\/2022\/07\/13\/ahmetovic-sestrinska-stranka-hdz-a-je-glasovala-za-rezoluciju-o-bih\/"]}]},{"@type":"ImageObject","inLanguage":"hr","@id":"https:\/\/radioljubuski.ba\/index.php\/2022\/07\/13\/ahmetovic-sestrinska-stranka-hdz-a-je-glasovala-za-rezoluciju-o-bih\/#primaryimage","url":"https:\/\/radioljubuski.ba\/wp-content\/uploads\/2022\/07\/59803574_303.jpg","contentUrl":"https:\/\/radioljubuski.ba\/wp-content\/uploads\/2022\/07\/59803574_303.jpg","width":700,"height":394},{"@type":"BreadcrumbList","@id":"https:\/\/radioljubuski.ba\/index.php\/2022\/07\/13\/ahmetovic-sestrinska-stranka-hdz-a-je-glasovala-za-rezoluciju-o-bih\/#breadcrumb","itemListElement":[{"@type":"ListItem","position":1,"name":"Po\u010detna stranica","item":"https:\/\/radioljubuski.ba\/"},{"@type":"ListItem","position":2,"name":"Ahmetovi\u0107: Sestrinska stranka HDZ-a je glasovala za rezoluciju o BiH"}]},{"@type":"WebSite","@id":"https:\/\/radioljubuski.ba\/#website","url":"https:\/\/radioljubuski.ba\/","name":"Radio Ljubu\u0161ki","description":"Sun\u010dana frekvencija Hercegovine","publisher":{"@id":"https:\/\/radioljubuski.ba\/#organization"},"potentialAction":[{"@type":"SearchAction","target":{"@type":"EntryPoint","urlTemplate":"https:\/\/radioljubuski.ba\/?s={search_term_string}"},"query-input":{"@type":"PropertyValueSpecification","valueRequired":true,"valueName":"search_term_string"}}],"inLanguage":"hr"},{"@type":"Organization","@id":"https:\/\/radioljubuski.ba\/#organization","name":"Radio Ljubu\u0161ki","url":"https:\/\/radioljubuski.ba\/","logo":{"@type":"ImageObject","inLanguage":"hr","@id":"https:\/\/radioljubuski.ba\/#\/schema\/logo\/image\/","url":"https:\/\/radioljubuski.ba\/wp-content\/uploads\/2021\/02\/cropped-Radio_Ljubuski_logo1.jpg","contentUrl":"https:\/\/radioljubuski.ba\/wp-content\/uploads\/2021\/02\/cropped-Radio_Ljubuski_logo1.jpg","width":512,"height":512,"caption":"Radio Ljubu\u0161ki"},"image":{"@id":"https:\/\/radioljubuski.ba\/#\/schema\/logo\/image\/"},"sameAs":["https:\/\/www.facebook.com\/Radiio-Ljubuski-1490835324566332","https:\/\/x.com\/radioljubuski","https:\/\/hr.linkedin.com\/company\/radio-ljubuski","https:\/\/www.youtube.com\/channel\/UCHYaeO_n0Db3tjNGudGpXyw"]},{"@type":"Person","@id":"https:\/\/radioljubuski.ba\/#\/schema\/person\/19fc700381a780f69665d7956c469e3b","name":"Radio Ljubu\u0161ki"}]}},"_links":{"self":[{"href":"https:\/\/radioljubuski.ba\/index.php\/wp-json\/wp\/v2\/posts\/158979","targetHints":{"allow":["GET"]}}],"collection":[{"href":"https:\/\/radioljubuski.ba\/index.php\/wp-json\/wp\/v2\/posts"}],"about":[{"href":"https:\/\/radioljubuski.ba\/index.php\/wp-json\/wp\/v2\/types\/post"}],"author":[{"embeddable":true,"href":"https:\/\/radioljubuski.ba\/index.php\/wp-json\/wp\/v2\/users\/2"}],"replies":[{"embeddable":true,"href":"https:\/\/radioljubuski.ba\/index.php\/wp-json\/wp\/v2\/comments?post=158979"}],"version-history":[{"count":1,"href":"https:\/\/radioljubuski.ba\/index.php\/wp-json\/wp\/v2\/posts\/158979\/revisions"}],"predecessor-version":[{"id":158981,"href":"https:\/\/radioljubuski.ba\/index.php\/wp-json\/wp\/v2\/posts\/158979\/revisions\/158981"}],"wp:featuredmedia":[{"embeddable":true,"href":"https:\/\/radioljubuski.ba\/index.php\/wp-json\/wp\/v2\/media\/158980"}],"wp:attachment":[{"href":"https:\/\/radioljubuski.ba\/index.php\/wp-json\/wp\/v2\/media?parent=158979"}],"wp:term":[{"taxonomy":"category","embeddable":true,"href":"https:\/\/radioljubuski.ba\/index.php\/wp-json\/wp\/v2\/categories?post=158979"},{"taxonomy":"post_tag","embeddable":true,"href":"https:\/\/radioljubuski.ba\/index.php\/wp-json\/wp\/v2\/tags?post=158979"}],"curies":[{"name":"wp","href":"https:\/\/api.w.org\/{rel}","templated":true}]}}