{"id":158982,"date":"2022-07-13T09:40:06","date_gmt":"2022-07-13T08:40:06","guid":{"rendered":"https:\/\/radioljubuski.ba\/?p=158982"},"modified":"2022-07-13T09:40:07","modified_gmt":"2022-07-13T08:40:07","slug":"barajlija-u-mostaru-lakse-dobiti-ulicu-ako-si-cigla-nego-ako-si-zena","status":"publish","type":"post","link":"https:\/\/radioljubuski.ba\/index.php\/2022\/07\/13\/barajlija-u-mostaru-lakse-dobiti-ulicu-ako-si-cigla-nego-ako-si-zena\/","title":{"rendered":"Barajlija: U Mostaru lak\u0161e dobiti ulicu ako si cigla, nego ako si \u017eena"},"content":{"rendered":"\n<p>Grad Mostar kona\u010dno \u0107e ukloniti kontroverzne nazive ulica koje su godinama kamen spoticanja i \u010desto izvor zapaljive retorike u najve\u0107em gradu na Neretvi, o \u010demu \u0107e odluku donijeti Gradsko vije\u0107e Mostara u \u010detvrtak 14. srpnja na svojoj redovitoj sjednici.<\/p>\n\n\n\n<p>Tako je na pro\u0161loj sjednici Gradskog vije\u0107a donesena odluka o izmjeni naziva spornih ulica te imenovano povjerenstvo koja je ve\u0107 pripremilo nove nazive za sporne ulice u tom gradu.<\/p>\n\n\n\n<p>Prema tome dosada\u0161nja ulica Mile Budaka mijenja naziv u Ulicu Alekse \u0160anti\u0107a, a ulica Voki\u0107a i Lorkovi\u0107a mijenja naziv u Ulicu Tina Ujevi\u0107a, dok ulica \u0110ure Spu\u017eevi\u0107a mijenja naziv u Ulicu Ismeta ICE Voljevice, te dosada\u0161nja ulica Tabornika Ive Zelenike mijenja naziv u Ulicu Ciglana. Tako\u0111er dosada\u0161nja ulica Rafaela Bobana mijenja naziv u ulicu Fra Ljudevita Laste, dok ulica Jure Franceti\u0107a mijenja naziv u Humska ulica.<\/p>\n\n\n\n<p>Povjerenstvo za izmjenu naziva ulica u Mostaru \u010dine Mario Kordi\u0107, Salem Mari\u0107, Zlatko Guzin Vlatko Marinovi\u0107 i Velibor Milivojevi\u0107, a o svemu \u0107e ipak odlu\u010divati Gradsko vije\u0107e na osnovu gore navedenih prijedloga Povjerenstva koje je imenovalo Vije\u0107e kako bi se napokon skinula ljaga s mostarskih ulica.<\/p>\n\n\n\n<p>Tim povodom oglasila se vije\u0107nica Na\u0161e stranke Irma Baralija navode\u0107i kako \u0107e se prekosutra kona\u010dno donijeti odluka koja je davno trebala biti donesena vezano za nazive mostarskih ulica, te izrazila nezadovoljstvo \u010dinjenicom da ipak, ni jedna ulica nije dobila ime neke \u017eene, prenosi Klix.<\/p>\n\n\n\n<p>\u201cSretna sam \u0161to su napokon sve stranke pristale i dogovorile se da u Mostaru od sada nema mjesta za Milu Budaka, Voki\u0107a i Lorkovi\u0107a, Rafaela Bobana, \u0110uru Spu\u017eevi\u0107a, Tabornika Ivu Zeleniku i Juru Franceti\u0107a. S druge strane, za mene osobno je pora\u017eavaju\u0107e, pa \u010dak i uvredljivo, da je Povjerenstvo sa\u010dinjena od pet strana\u010dkih vo\u0111a odlu\u010dila da, uprkos na\u0161im ali i prijedlozima drugih stranaka, ba\u0161 ni jednu ulicu ne nazove po \u017eeni\u201d, istaknula je Baralija.<\/p>\n\n\n\n<p>Dodaje kako izgleda da, \u201cu ovakvom Mostaru je, lak\u0161e dobiti ulicu ako si cigla nego ako si npr. prva \u017eena s doktoratom u BiH.\u201d<\/p>\n\n\n\n<p>\u201cNaravno da \u0107u na ovu temu diskutirati prekosutra a pozivam i pojedince, intelektualce, kao i udru\u017eenja i organizacije koje postoje u Mostaru, a u svom Statutu imaju nazna\u010deno da se bore i za ravnopravnost \u017eena, da se oglase\u201d, poru\u010dila je Baralija.<\/p>\n\n\n\n<p>Izvor<a href=\"https:\/\/hms.ba\/barajlija-u-mostaru-lakse-dobiti-ulicu-ako-si-cigla-nego-ako-si-zena\/\">\/HMS\/<\/a><\/p>\n","protected":false},"excerpt":{"rendered":"<p>Grad Mostar kona\u010dno \u0107e ukloniti kontroverzne nazive ulica koje su godinama kamen spoticanja i \u010desto izvor zapaljive retorike u najve\u0107em gradu na Neretvi, o \u010demu \u0107e odluku donijeti Gradsko vije\u0107e Mostara u \u010detvrtak 14. srpnja na svojoj redovitoj sjednici. Tako je na pro\u0161loj sjednici Gradskog vije\u0107a donesena odluka o izmjeni naziva spornih ulica te imenovano [&hellip;]<\/p>\n","protected":false},"author":2,"featured_media":158985,"comment_status":"closed","ping_status":"closed","sticky":false,"template":"","format":"standard","meta":{"h5ap_radio_sources":[],"footnotes":""},"categories":[1],"tags":[],"class_list":["post-158982","post","type-post","status-publish","format-standard","has-post-thumbnail","hentry","category-bihiregija"],"yoast_head":"<!-- This site is optimized with the Yoast SEO plugin v27.5 - https:\/\/yoast.com\/product\/yoast-seo-wordpress\/ -->\n<title>Barajlija: U Mostaru lak\u0161e dobiti ulicu ako si cigla, nego ako si \u017eena - RADIO LJUBU\u0160KI<\/title>\n<meta name=\"robots\" content=\"index, follow, max-snippet:-1, max-image-preview:large, max-video-preview:-1\" \/>\n<link rel=\"canonical\" href=\"https:\/\/radioljubuski.ba\/index.php\/2022\/07\/13\/barajlija-u-mostaru-lakse-dobiti-ulicu-ako-si-cigla-nego-ako-si-zena\/\" \/>\n<meta property=\"og:locale\" content=\"hr_HR\" \/>\n<meta property=\"og:type\" content=\"article\" \/>\n<meta property=\"og:title\" content=\"Barajlija: U Mostaru lak\u0161e dobiti ulicu ako si cigla, nego ako si \u017eena - RADIO LJUBU\u0160KI\" \/>\n<meta property=\"og:description\" content=\"Grad Mostar kona\u010dno \u0107e ukloniti kontroverzne nazive ulica koje su godinama kamen spoticanja i \u010desto izvor zapaljive retorike u najve\u0107em gradu na Neretvi, o \u010demu \u0107e odluku donijeti Gradsko vije\u0107e Mostara u \u010detvrtak 14. srpnja na svojoj redovitoj sjednici. Tako je na pro\u0161loj sjednici Gradskog vije\u0107a donesena odluka o izmjeni naziva spornih ulica te imenovano [&hellip;]\" \/>\n<meta property=\"og:url\" content=\"https:\/\/radioljubuski.ba\/index.php\/2022\/07\/13\/barajlija-u-mostaru-lakse-dobiti-ulicu-ako-si-cigla-nego-ako-si-zena\/\" \/>\n<meta property=\"og:site_name\" content=\"RADIO LJUBU\u0160KI\" \/>\n<meta property=\"article:publisher\" content=\"https:\/\/www.facebook.com\/Radiio-Ljubuski-1490835324566332\" \/>\n<meta property=\"article:published_time\" content=\"2022-07-13T08:40:06+00:00\" \/>\n<meta property=\"article:modified_time\" content=\"2022-07-13T08:40:07+00:00\" \/>\n<meta property=\"og:image\" content=\"https:\/\/radioljubuski.ba\/wp-content\/uploads\/2022\/07\/irma.jpg\" \/>\n\t<meta property=\"og:image:width\" content=\"1024\" \/>\n\t<meta property=\"og:image:height\" content=\"768\" \/>\n\t<meta property=\"og:image:type\" content=\"image\/jpeg\" \/>\n<meta name=\"author\" content=\"Radio Ljubu\u0161ki\" \/>\n<meta name=\"twitter:card\" content=\"summary_large_image\" \/>\n<meta name=\"twitter:creator\" content=\"@radioljubuski\" \/>\n<meta name=\"twitter:site\" content=\"@radioljubuski\" \/>\n<meta name=\"twitter:label1\" content=\"Napisao\/la\" \/>\n\t<meta name=\"twitter:data1\" content=\"Radio Ljubu\u0161ki\" \/>\n\t<meta name=\"twitter:label2\" content=\"Procijenjeno vrijeme \u010ditanja\" \/>\n\t<meta name=\"twitter:data2\" content=\"2 minute\" \/>\n<script type=\"application\/ld+json\" class=\"yoast-schema-graph\">{\"@context\":\"https:\\\/\\\/schema.org\",\"@graph\":[{\"@type\":\"Article\",\"@id\":\"https:\\\/\\\/radioljubuski.ba\\\/index.php\\\/2022\\\/07\\\/13\\\/barajlija-u-mostaru-lakse-dobiti-ulicu-ako-si-cigla-nego-ako-si-zena\\\/#article\",\"isPartOf\":{\"@id\":\"https:\\\/\\\/radioljubuski.ba\\\/index.php\\\/2022\\\/07\\\/13\\\/barajlija-u-mostaru-lakse-dobiti-ulicu-ako-si-cigla-nego-ako-si-zena\\\/\"},\"author\":{\"name\":\"Radio Ljubu\u0161ki\",\"@id\":\"https:\\\/\\\/radioljubuski.ba\\\/#\\\/schema\\\/person\\\/19fc700381a780f69665d7956c469e3b\"},\"headline\":\"Barajlija: U Mostaru lak\u0161e dobiti ulicu ako si cigla, nego ako si \u017eena\",\"datePublished\":\"2022-07-13T08:40:06+00:00\",\"dateModified\":\"2022-07-13T08:40:07+00:00\",\"mainEntityOfPage\":{\"@id\":\"https:\\\/\\\/radioljubuski.ba\\\/index.php\\\/2022\\\/07\\\/13\\\/barajlija-u-mostaru-lakse-dobiti-ulicu-ako-si-cigla-nego-ako-si-zena\\\/\"},\"wordCount\":417,\"publisher\":{\"@id\":\"https:\\\/\\\/radioljubuski.ba\\\/#organization\"},\"image\":{\"@id\":\"https:\\\/\\\/radioljubuski.ba\\\/index.php\\\/2022\\\/07\\\/13\\\/barajlija-u-mostaru-lakse-dobiti-ulicu-ako-si-cigla-nego-ako-si-zena\\\/#primaryimage\"},\"thumbnailUrl\":\"https:\\\/\\\/radioljubuski.ba\\\/wp-content\\\/uploads\\\/2022\\\/07\\\/irma.jpg\",\"articleSection\":[\"BIH i regija\"],\"inLanguage\":\"hr\"},{\"@type\":\"WebPage\",\"@id\":\"https:\\\/\\\/radioljubuski.ba\\\/index.php\\\/2022\\\/07\\\/13\\\/barajlija-u-mostaru-lakse-dobiti-ulicu-ako-si-cigla-nego-ako-si-zena\\\/\",\"url\":\"https:\\\/\\\/radioljubuski.ba\\\/index.php\\\/2022\\\/07\\\/13\\\/barajlija-u-mostaru-lakse-dobiti-ulicu-ako-si-cigla-nego-ako-si-zena\\\/\",\"name\":\"Barajlija: U Mostaru lak\u0161e dobiti ulicu ako si cigla, nego ako si \u017eena - RADIO LJUBU\u0160KI\",\"isPartOf\":{\"@id\":\"https:\\\/\\\/radioljubuski.ba\\\/#website\"},\"primaryImageOfPage\":{\"@id\":\"https:\\\/\\\/radioljubuski.ba\\\/index.php\\\/2022\\\/07\\\/13\\\/barajlija-u-mostaru-lakse-dobiti-ulicu-ako-si-cigla-nego-ako-si-zena\\\/#primaryimage\"},\"image\":{\"@id\":\"https:\\\/\\\/radioljubuski.ba\\\/index.php\\\/2022\\\/07\\\/13\\\/barajlija-u-mostaru-lakse-dobiti-ulicu-ako-si-cigla-nego-ako-si-zena\\\/#primaryimage\"},\"thumbnailUrl\":\"https:\\\/\\\/radioljubuski.ba\\\/wp-content\\\/uploads\\\/2022\\\/07\\\/irma.jpg\",\"datePublished\":\"2022-07-13T08:40:06+00:00\",\"dateModified\":\"2022-07-13T08:40:07+00:00\",\"breadcrumb\":{\"@id\":\"https:\\\/\\\/radioljubuski.ba\\\/index.php\\\/2022\\\/07\\\/13\\\/barajlija-u-mostaru-lakse-dobiti-ulicu-ako-si-cigla-nego-ako-si-zena\\\/#breadcrumb\"},\"inLanguage\":\"hr\",\"potentialAction\":[{\"@type\":\"ReadAction\",\"target\":[\"https:\\\/\\\/radioljubuski.ba\\\/index.php\\\/2022\\\/07\\\/13\\\/barajlija-u-mostaru-lakse-dobiti-ulicu-ako-si-cigla-nego-ako-si-zena\\\/\"]}]},{\"@type\":\"ImageObject\",\"inLanguage\":\"hr\",\"@id\":\"https:\\\/\\\/radioljubuski.ba\\\/index.php\\\/2022\\\/07\\\/13\\\/barajlija-u-mostaru-lakse-dobiti-ulicu-ako-si-cigla-nego-ako-si-zena\\\/#primaryimage\",\"url\":\"https:\\\/\\\/radioljubuski.ba\\\/wp-content\\\/uploads\\\/2022\\\/07\\\/irma.jpg\",\"contentUrl\":\"https:\\\/\\\/radioljubuski.ba\\\/wp-content\\\/uploads\\\/2022\\\/07\\\/irma.jpg\",\"width\":1024,\"height\":768},{\"@type\":\"BreadcrumbList\",\"@id\":\"https:\\\/\\\/radioljubuski.ba\\\/index.php\\\/2022\\\/07\\\/13\\\/barajlija-u-mostaru-lakse-dobiti-ulicu-ako-si-cigla-nego-ako-si-zena\\\/#breadcrumb\",\"itemListElement\":[{\"@type\":\"ListItem\",\"position\":1,\"name\":\"Po\u010detna stranica\",\"item\":\"https:\\\/\\\/radioljubuski.ba\\\/\"},{\"@type\":\"ListItem\",\"position\":2,\"name\":\"Barajlija: U Mostaru lak\u0161e dobiti ulicu ako si cigla, nego ako si \u017eena\"}]},{\"@type\":\"WebSite\",\"@id\":\"https:\\\/\\\/radioljubuski.ba\\\/#website\",\"url\":\"https:\\\/\\\/radioljubuski.ba\\\/\",\"name\":\"Radio Ljubu\u0161ki\",\"description\":\"Sun\u010dana frekvencija Hercegovine\",\"publisher\":{\"@id\":\"https:\\\/\\\/radioljubuski.ba\\\/#organization\"},\"potentialAction\":[{\"@type\":\"SearchAction\",\"target\":{\"@type\":\"EntryPoint\",\"urlTemplate\":\"https:\\\/\\\/radioljubuski.ba\\\/?s={search_term_string}\"},\"query-input\":{\"@type\":\"PropertyValueSpecification\",\"valueRequired\":true,\"valueName\":\"search_term_string\"}}],\"inLanguage\":\"hr\"},{\"@type\":\"Organization\",\"@id\":\"https:\\\/\\\/radioljubuski.ba\\\/#organization\",\"name\":\"Radio Ljubu\u0161ki\",\"url\":\"https:\\\/\\\/radioljubuski.ba\\\/\",\"logo\":{\"@type\":\"ImageObject\",\"inLanguage\":\"hr\",\"@id\":\"https:\\\/\\\/radioljubuski.ba\\\/#\\\/schema\\\/logo\\\/image\\\/\",\"url\":\"https:\\\/\\\/radioljubuski.ba\\\/wp-content\\\/uploads\\\/2021\\\/02\\\/cropped-Radio_Ljubuski_logo1.jpg\",\"contentUrl\":\"https:\\\/\\\/radioljubuski.ba\\\/wp-content\\\/uploads\\\/2021\\\/02\\\/cropped-Radio_Ljubuski_logo1.jpg\",\"width\":512,\"height\":512,\"caption\":\"Radio Ljubu\u0161ki\"},\"image\":{\"@id\":\"https:\\\/\\\/radioljubuski.ba\\\/#\\\/schema\\\/logo\\\/image\\\/\"},\"sameAs\":[\"https:\\\/\\\/www.facebook.com\\\/Radiio-Ljubuski-1490835324566332\",\"https:\\\/\\\/x.com\\\/radioljubuski\",\"https:\\\/\\\/hr.linkedin.com\\\/company\\\/radio-ljubuski\",\"https:\\\/\\\/www.youtube.com\\\/channel\\\/UCHYaeO_n0Db3tjNGudGpXyw\"]},{\"@type\":\"Person\",\"@id\":\"https:\\\/\\\/radioljubuski.ba\\\/#\\\/schema\\\/person\\\/19fc700381a780f69665d7956c469e3b\",\"name\":\"Radio Ljubu\u0161ki\"}]}<\/script>\n<!-- \/ Yoast SEO plugin. -->","yoast_head_json":{"title":"Barajlija: U Mostaru lak\u0161e dobiti ulicu ako si cigla, nego ako si \u017eena - RADIO LJUBU\u0160KI","robots":{"index":"index","follow":"follow","max-snippet":"max-snippet:-1","max-image-preview":"max-image-preview:large","max-video-preview":"max-video-preview:-1"},"canonical":"https:\/\/radioljubuski.ba\/index.php\/2022\/07\/13\/barajlija-u-mostaru-lakse-dobiti-ulicu-ako-si-cigla-nego-ako-si-zena\/","og_locale":"hr_HR","og_type":"article","og_title":"Barajlija: U Mostaru lak\u0161e dobiti ulicu ako si cigla, nego ako si \u017eena - RADIO LJUBU\u0160KI","og_description":"Grad Mostar kona\u010dno \u0107e ukloniti kontroverzne nazive ulica koje su godinama kamen spoticanja i \u010desto izvor zapaljive retorike u najve\u0107em gradu na Neretvi, o \u010demu \u0107e odluku donijeti Gradsko vije\u0107e Mostara u \u010detvrtak 14. srpnja na svojoj redovitoj sjednici. Tako je na pro\u0161loj sjednici Gradskog vije\u0107a donesena odluka o izmjeni naziva spornih ulica te imenovano [&hellip;]","og_url":"https:\/\/radioljubuski.ba\/index.php\/2022\/07\/13\/barajlija-u-mostaru-lakse-dobiti-ulicu-ako-si-cigla-nego-ako-si-zena\/","og_site_name":"RADIO LJUBU\u0160KI","article_publisher":"https:\/\/www.facebook.com\/Radiio-Ljubuski-1490835324566332","article_published_time":"2022-07-13T08:40:06+00:00","article_modified_time":"2022-07-13T08:40:07+00:00","og_image":[{"width":1024,"height":768,"url":"https:\/\/radioljubuski.ba\/wp-content\/uploads\/2022\/07\/irma.jpg","type":"image\/jpeg"}],"author":"Radio Ljubu\u0161ki","twitter_card":"summary_large_image","twitter_creator":"@radioljubuski","twitter_site":"@radioljubuski","twitter_misc":{"Napisao\/la":"Radio Ljubu\u0161ki","Procijenjeno vrijeme \u010ditanja":"2 minute"},"schema":{"@context":"https:\/\/schema.org","@graph":[{"@type":"Article","@id":"https:\/\/radioljubuski.ba\/index.php\/2022\/07\/13\/barajlija-u-mostaru-lakse-dobiti-ulicu-ako-si-cigla-nego-ako-si-zena\/#article","isPartOf":{"@id":"https:\/\/radioljubuski.ba\/index.php\/2022\/07\/13\/barajlija-u-mostaru-lakse-dobiti-ulicu-ako-si-cigla-nego-ako-si-zena\/"},"author":{"name":"Radio Ljubu\u0161ki","@id":"https:\/\/radioljubuski.ba\/#\/schema\/person\/19fc700381a780f69665d7956c469e3b"},"headline":"Barajlija: U Mostaru lak\u0161e dobiti ulicu ako si cigla, nego ako si \u017eena","datePublished":"2022-07-13T08:40:06+00:00","dateModified":"2022-07-13T08:40:07+00:00","mainEntityOfPage":{"@id":"https:\/\/radioljubuski.ba\/index.php\/2022\/07\/13\/barajlija-u-mostaru-lakse-dobiti-ulicu-ako-si-cigla-nego-ako-si-zena\/"},"wordCount":417,"publisher":{"@id":"https:\/\/radioljubuski.ba\/#organization"},"image":{"@id":"https:\/\/radioljubuski.ba\/index.php\/2022\/07\/13\/barajlija-u-mostaru-lakse-dobiti-ulicu-ako-si-cigla-nego-ako-si-zena\/#primaryimage"},"thumbnailUrl":"https:\/\/radioljubuski.ba\/wp-content\/uploads\/2022\/07\/irma.jpg","articleSection":["BIH i regija"],"inLanguage":"hr"},{"@type":"WebPage","@id":"https:\/\/radioljubuski.ba\/index.php\/2022\/07\/13\/barajlija-u-mostaru-lakse-dobiti-ulicu-ako-si-cigla-nego-ako-si-zena\/","url":"https:\/\/radioljubuski.ba\/index.php\/2022\/07\/13\/barajlija-u-mostaru-lakse-dobiti-ulicu-ako-si-cigla-nego-ako-si-zena\/","name":"Barajlija: U Mostaru lak\u0161e dobiti ulicu ako si cigla, nego ako si \u017eena - RADIO LJUBU\u0160KI","isPartOf":{"@id":"https:\/\/radioljubuski.ba\/#website"},"primaryImageOfPage":{"@id":"https:\/\/radioljubuski.ba\/index.php\/2022\/07\/13\/barajlija-u-mostaru-lakse-dobiti-ulicu-ako-si-cigla-nego-ako-si-zena\/#primaryimage"},"image":{"@id":"https:\/\/radioljubuski.ba\/index.php\/2022\/07\/13\/barajlija-u-mostaru-lakse-dobiti-ulicu-ako-si-cigla-nego-ako-si-zena\/#primaryimage"},"thumbnailUrl":"https:\/\/radioljubuski.ba\/wp-content\/uploads\/2022\/07\/irma.jpg","datePublished":"2022-07-13T08:40:06+00:00","dateModified":"2022-07-13T08:40:07+00:00","breadcrumb":{"@id":"https:\/\/radioljubuski.ba\/index.php\/2022\/07\/13\/barajlija-u-mostaru-lakse-dobiti-ulicu-ako-si-cigla-nego-ako-si-zena\/#breadcrumb"},"inLanguage":"hr","potentialAction":[{"@type":"ReadAction","target":["https:\/\/radioljubuski.ba\/index.php\/2022\/07\/13\/barajlija-u-mostaru-lakse-dobiti-ulicu-ako-si-cigla-nego-ako-si-zena\/"]}]},{"@type":"ImageObject","inLanguage":"hr","@id":"https:\/\/radioljubuski.ba\/index.php\/2022\/07\/13\/barajlija-u-mostaru-lakse-dobiti-ulicu-ako-si-cigla-nego-ako-si-zena\/#primaryimage","url":"https:\/\/radioljubuski.ba\/wp-content\/uploads\/2022\/07\/irma.jpg","contentUrl":"https:\/\/radioljubuski.ba\/wp-content\/uploads\/2022\/07\/irma.jpg","width":1024,"height":768},{"@type":"BreadcrumbList","@id":"https:\/\/radioljubuski.ba\/index.php\/2022\/07\/13\/barajlija-u-mostaru-lakse-dobiti-ulicu-ako-si-cigla-nego-ako-si-zena\/#breadcrumb","itemListElement":[{"@type":"ListItem","position":1,"name":"Po\u010detna stranica","item":"https:\/\/radioljubuski.ba\/"},{"@type":"ListItem","position":2,"name":"Barajlija: U Mostaru lak\u0161e dobiti ulicu ako si cigla, nego ako si \u017eena"}]},{"@type":"WebSite","@id":"https:\/\/radioljubuski.ba\/#website","url":"https:\/\/radioljubuski.ba\/","name":"Radio Ljubu\u0161ki","description":"Sun\u010dana frekvencija Hercegovine","publisher":{"@id":"https:\/\/radioljubuski.ba\/#organization"},"potentialAction":[{"@type":"SearchAction","target":{"@type":"EntryPoint","urlTemplate":"https:\/\/radioljubuski.ba\/?s={search_term_string}"},"query-input":{"@type":"PropertyValueSpecification","valueRequired":true,"valueName":"search_term_string"}}],"inLanguage":"hr"},{"@type":"Organization","@id":"https:\/\/radioljubuski.ba\/#organization","name":"Radio Ljubu\u0161ki","url":"https:\/\/radioljubuski.ba\/","logo":{"@type":"ImageObject","inLanguage":"hr","@id":"https:\/\/radioljubuski.ba\/#\/schema\/logo\/image\/","url":"https:\/\/radioljubuski.ba\/wp-content\/uploads\/2021\/02\/cropped-Radio_Ljubuski_logo1.jpg","contentUrl":"https:\/\/radioljubuski.ba\/wp-content\/uploads\/2021\/02\/cropped-Radio_Ljubuski_logo1.jpg","width":512,"height":512,"caption":"Radio Ljubu\u0161ki"},"image":{"@id":"https:\/\/radioljubuski.ba\/#\/schema\/logo\/image\/"},"sameAs":["https:\/\/www.facebook.com\/Radiio-Ljubuski-1490835324566332","https:\/\/x.com\/radioljubuski","https:\/\/hr.linkedin.com\/company\/radio-ljubuski","https:\/\/www.youtube.com\/channel\/UCHYaeO_n0Db3tjNGudGpXyw"]},{"@type":"Person","@id":"https:\/\/radioljubuski.ba\/#\/schema\/person\/19fc700381a780f69665d7956c469e3b","name":"Radio Ljubu\u0161ki"}]}},"_links":{"self":[{"href":"https:\/\/radioljubuski.ba\/index.php\/wp-json\/wp\/v2\/posts\/158982","targetHints":{"allow":["GET"]}}],"collection":[{"href":"https:\/\/radioljubuski.ba\/index.php\/wp-json\/wp\/v2\/posts"}],"about":[{"href":"https:\/\/radioljubuski.ba\/index.php\/wp-json\/wp\/v2\/types\/post"}],"author":[{"embeddable":true,"href":"https:\/\/radioljubuski.ba\/index.php\/wp-json\/wp\/v2\/users\/2"}],"replies":[{"embeddable":true,"href":"https:\/\/radioljubuski.ba\/index.php\/wp-json\/wp\/v2\/comments?post=158982"}],"version-history":[{"count":1,"href":"https:\/\/radioljubuski.ba\/index.php\/wp-json\/wp\/v2\/posts\/158982\/revisions"}],"predecessor-version":[{"id":158986,"href":"https:\/\/radioljubuski.ba\/index.php\/wp-json\/wp\/v2\/posts\/158982\/revisions\/158986"}],"wp:featuredmedia":[{"embeddable":true,"href":"https:\/\/radioljubuski.ba\/index.php\/wp-json\/wp\/v2\/media\/158985"}],"wp:attachment":[{"href":"https:\/\/radioljubuski.ba\/index.php\/wp-json\/wp\/v2\/media?parent=158982"}],"wp:term":[{"taxonomy":"category","embeddable":true,"href":"https:\/\/radioljubuski.ba\/index.php\/wp-json\/wp\/v2\/categories?post=158982"},{"taxonomy":"post_tag","embeddable":true,"href":"https:\/\/radioljubuski.ba\/index.php\/wp-json\/wp\/v2\/tags?post=158982"}],"curies":[{"name":"wp","href":"https:\/\/api.w.org\/{rel}","templated":true}]}}