{"id":159003,"date":"2022-07-13T09:48:35","date_gmt":"2022-07-13T08:48:35","guid":{"rendered":"https:\/\/radioljubuski.ba\/?p=159003"},"modified":"2022-07-14T10:08:19","modified_gmt":"2022-07-14T09:08:19","slug":"obavjestenje-o-otpisu-duga-kamate-po-osnovu-studentskih-zajmova","status":"publish","type":"post","link":"https:\/\/radioljubuski.ba\/index.php\/2022\/07\/13\/obavjestenje-o-otpisu-duga-kamate-po-osnovu-studentskih-zajmova\/","title":{"rendered":"Obavje\u0161tenje o otpisu duga kamate po osnovu studentskih zajmova"},"content":{"rendered":"\n<p>Federalno ministarstvo obrazovanja i znanosti obavje\u0161tava korisnike studentskih zajmova da je Vlada Federacije BiH na svojoj 320. sjednici od 23.6.2022. godine usvojila Zaklju\u010dak kojim se korisnicima studentskih zajmova koji su osnovni dug izmirili do 31.12.2021. godine, a ne i zateznu kamatu, otpisuju potra\u017eivanja po osnovu kamate.<\/p>\n\n\n\n<p>Tako\u0111er, svi studenti, korisnici studentskih zajmova, koji izvr\u0161e povrat osnovnog duga do 31.12.2022. godine bit \u0107e oslobo\u0111eni obveze povrata zateznih kamata, kao i svi korisnici studentskih zajmova, odnosno sudu\u017enici ili jamci koji do 31.12.2022. godine zaklju\u010de ugovor s Federalnim ministarstvom obrazovanja i znanosti o rokovima isplate osnovnog duga (u jednom iznosu ili obro\u010dno) bit \u0107e oslobo\u0111eni povrata zateznih kamata.<\/p>\n\n\n\n<p>Iz Ministarstva navode da je ovim zaklju\u010dkom utvr\u0111eno da \u0107e biti otpisana potra\u017eivanja od korisnika studentskih zajmova za koje se utvrdi da su preminuli ili boluju od te\u0161kih bolesti i te\u017eih oblika invalidnosti, a na osnovu pravilnika kojeg \u0107e donijeti ovo federalno ministarstvo.<\/p>\n\n\n\n<p>Za sve detaljnije informacije korisnici studentskih zajmova mogu kontaktirati Ministarstvo putem e-maila: studentski.zajmovi@gmail.com ili na broj telefona 036 355 745, priop\u0107eno je iz Federalnog ministarstva obrazovanja i znanosti.&nbsp;<\/p>\n\n\n\n<p>Izvor.pogled.ba<\/p>\n","protected":false},"excerpt":{"rendered":"<p>Federalno ministarstvo obrazovanja i znanosti obavje\u0161tava korisnike studentskih zajmova da je Vlada Federacije BiH na svojoj 320. sjednici od 23.6.2022. godine usvojila Zaklju\u010dak kojim se korisnicima studentskih zajmova koji su osnovni dug izmirili do 31.12.2021. godine, a ne i zateznu kamatu, otpisuju potra\u017eivanja po osnovu kamate. Tako\u0111er, svi studenti, korisnici studentskih zajmova, koji izvr\u0161e povrat [&hellip;]<\/p>\n","protected":false},"author":2,"featured_media":159004,"comment_status":"closed","ping_status":"closed","sticky":false,"template":"","format":"standard","meta":{"h5ap_radio_sources":[],"footnotes":""},"categories":[1],"tags":[],"class_list":["post-159003","post","type-post","status-publish","format-standard","has-post-thumbnail","hentry","category-bihiregija"],"yoast_head":"<!-- This site is optimized with the Yoast SEO plugin v27.5 - https:\/\/yoast.com\/product\/yoast-seo-wordpress\/ -->\n<title>Obavje\u0161tenje o otpisu duga kamate po osnovu studentskih zajmova - RADIO LJUBU\u0160KI<\/title>\n<meta name=\"robots\" content=\"index, follow, max-snippet:-1, max-image-preview:large, max-video-preview:-1\" \/>\n<link rel=\"canonical\" href=\"https:\/\/radioljubuski.ba\/index.php\/2022\/07\/13\/obavjestenje-o-otpisu-duga-kamate-po-osnovu-studentskih-zajmova\/\" \/>\n<meta property=\"og:locale\" content=\"hr_HR\" \/>\n<meta property=\"og:type\" content=\"article\" \/>\n<meta property=\"og:title\" content=\"Obavje\u0161tenje o otpisu duga kamate po osnovu studentskih zajmova - RADIO LJUBU\u0160KI\" \/>\n<meta property=\"og:description\" content=\"Federalno ministarstvo obrazovanja i znanosti obavje\u0161tava korisnike studentskih zajmova da je Vlada Federacije BiH na svojoj 320. sjednici od 23.6.2022. godine usvojila Zaklju\u010dak kojim se korisnicima studentskih zajmova koji su osnovni dug izmirili do 31.12.2021. godine, a ne i zateznu kamatu, otpisuju potra\u017eivanja po osnovu kamate. Tako\u0111er, svi studenti, korisnici studentskih zajmova, koji izvr\u0161e povrat [&hellip;]\" \/>\n<meta property=\"og:url\" content=\"https:\/\/radioljubuski.ba\/index.php\/2022\/07\/13\/obavjestenje-o-otpisu-duga-kamate-po-osnovu-studentskih-zajmova\/\" \/>\n<meta property=\"og:site_name\" content=\"RADIO LJUBU\u0160KI\" \/>\n<meta property=\"article:publisher\" content=\"https:\/\/www.facebook.com\/Radiio-Ljubuski-1490835324566332\" \/>\n<meta property=\"article:published_time\" content=\"2022-07-13T08:48:35+00:00\" \/>\n<meta property=\"article:modified_time\" content=\"2022-07-14T09:08:19+00:00\" \/>\n<meta property=\"og:image\" content=\"https:\/\/radioljubuski.ba\/wp-content\/uploads\/2022\/07\/3-2022-07-12-13-15-01-l_187c757f2f6a4d4c4fdbf8d3c21ab502.jpg\" \/>\n\t<meta property=\"og:image:width\" content=\"1000\" \/>\n\t<meta property=\"og:image:height\" content=\"625\" \/>\n\t<meta property=\"og:image:type\" content=\"image\/jpeg\" \/>\n<meta name=\"author\" content=\"Radio Ljubu\u0161ki\" \/>\n<meta name=\"twitter:card\" content=\"summary_large_image\" \/>\n<meta name=\"twitter:creator\" content=\"@radioljubuski\" \/>\n<meta name=\"twitter:site\" content=\"@radioljubuski\" \/>\n<meta name=\"twitter:label1\" content=\"Napisao\/la\" \/>\n\t<meta name=\"twitter:data1\" content=\"Radio Ljubu\u0161ki\" \/>\n\t<meta name=\"twitter:label2\" content=\"Procijenjeno vrijeme \u010ditanja\" \/>\n\t<meta name=\"twitter:data2\" content=\"1 minuta\" \/>\n<script type=\"application\/ld+json\" class=\"yoast-schema-graph\">{\"@context\":\"https:\\\/\\\/schema.org\",\"@graph\":[{\"@type\":\"Article\",\"@id\":\"https:\\\/\\\/radioljubuski.ba\\\/index.php\\\/2022\\\/07\\\/13\\\/obavjestenje-o-otpisu-duga-kamate-po-osnovu-studentskih-zajmova\\\/#article\",\"isPartOf\":{\"@id\":\"https:\\\/\\\/radioljubuski.ba\\\/index.php\\\/2022\\\/07\\\/13\\\/obavjestenje-o-otpisu-duga-kamate-po-osnovu-studentskih-zajmova\\\/\"},\"author\":{\"name\":\"Radio Ljubu\u0161ki\",\"@id\":\"https:\\\/\\\/radioljubuski.ba\\\/#\\\/schema\\\/person\\\/19fc700381a780f69665d7956c469e3b\"},\"headline\":\"Obavje\u0161tenje o otpisu duga kamate po osnovu studentskih zajmova\",\"datePublished\":\"2022-07-13T08:48:35+00:00\",\"dateModified\":\"2022-07-14T09:08:19+00:00\",\"mainEntityOfPage\":{\"@id\":\"https:\\\/\\\/radioljubuski.ba\\\/index.php\\\/2022\\\/07\\\/13\\\/obavjestenje-o-otpisu-duga-kamate-po-osnovu-studentskih-zajmova\\\/\"},\"wordCount\":201,\"publisher\":{\"@id\":\"https:\\\/\\\/radioljubuski.ba\\\/#organization\"},\"image\":{\"@id\":\"https:\\\/\\\/radioljubuski.ba\\\/index.php\\\/2022\\\/07\\\/13\\\/obavjestenje-o-otpisu-duga-kamate-po-osnovu-studentskih-zajmova\\\/#primaryimage\"},\"thumbnailUrl\":\"https:\\\/\\\/radioljubuski.ba\\\/wp-content\\\/uploads\\\/2022\\\/07\\\/3-2022-07-12-13-15-01-l_187c757f2f6a4d4c4fdbf8d3c21ab502.jpg\",\"articleSection\":[\"BIH i regija\"],\"inLanguage\":\"hr\"},{\"@type\":\"WebPage\",\"@id\":\"https:\\\/\\\/radioljubuski.ba\\\/index.php\\\/2022\\\/07\\\/13\\\/obavjestenje-o-otpisu-duga-kamate-po-osnovu-studentskih-zajmova\\\/\",\"url\":\"https:\\\/\\\/radioljubuski.ba\\\/index.php\\\/2022\\\/07\\\/13\\\/obavjestenje-o-otpisu-duga-kamate-po-osnovu-studentskih-zajmova\\\/\",\"name\":\"Obavje\u0161tenje o otpisu duga kamate po osnovu studentskih zajmova - RADIO LJUBU\u0160KI\",\"isPartOf\":{\"@id\":\"https:\\\/\\\/radioljubuski.ba\\\/#website\"},\"primaryImageOfPage\":{\"@id\":\"https:\\\/\\\/radioljubuski.ba\\\/index.php\\\/2022\\\/07\\\/13\\\/obavjestenje-o-otpisu-duga-kamate-po-osnovu-studentskih-zajmova\\\/#primaryimage\"},\"image\":{\"@id\":\"https:\\\/\\\/radioljubuski.ba\\\/index.php\\\/2022\\\/07\\\/13\\\/obavjestenje-o-otpisu-duga-kamate-po-osnovu-studentskih-zajmova\\\/#primaryimage\"},\"thumbnailUrl\":\"https:\\\/\\\/radioljubuski.ba\\\/wp-content\\\/uploads\\\/2022\\\/07\\\/3-2022-07-12-13-15-01-l_187c757f2f6a4d4c4fdbf8d3c21ab502.jpg\",\"datePublished\":\"2022-07-13T08:48:35+00:00\",\"dateModified\":\"2022-07-14T09:08:19+00:00\",\"breadcrumb\":{\"@id\":\"https:\\\/\\\/radioljubuski.ba\\\/index.php\\\/2022\\\/07\\\/13\\\/obavjestenje-o-otpisu-duga-kamate-po-osnovu-studentskih-zajmova\\\/#breadcrumb\"},\"inLanguage\":\"hr\",\"potentialAction\":[{\"@type\":\"ReadAction\",\"target\":[\"https:\\\/\\\/radioljubuski.ba\\\/index.php\\\/2022\\\/07\\\/13\\\/obavjestenje-o-otpisu-duga-kamate-po-osnovu-studentskih-zajmova\\\/\"]}]},{\"@type\":\"ImageObject\",\"inLanguage\":\"hr\",\"@id\":\"https:\\\/\\\/radioljubuski.ba\\\/index.php\\\/2022\\\/07\\\/13\\\/obavjestenje-o-otpisu-duga-kamate-po-osnovu-studentskih-zajmova\\\/#primaryimage\",\"url\":\"https:\\\/\\\/radioljubuski.ba\\\/wp-content\\\/uploads\\\/2022\\\/07\\\/3-2022-07-12-13-15-01-l_187c757f2f6a4d4c4fdbf8d3c21ab502.jpg\",\"contentUrl\":\"https:\\\/\\\/radioljubuski.ba\\\/wp-content\\\/uploads\\\/2022\\\/07\\\/3-2022-07-12-13-15-01-l_187c757f2f6a4d4c4fdbf8d3c21ab502.jpg\",\"width\":1000,\"height\":625},{\"@type\":\"BreadcrumbList\",\"@id\":\"https:\\\/\\\/radioljubuski.ba\\\/index.php\\\/2022\\\/07\\\/13\\\/obavjestenje-o-otpisu-duga-kamate-po-osnovu-studentskih-zajmova\\\/#breadcrumb\",\"itemListElement\":[{\"@type\":\"ListItem\",\"position\":1,\"name\":\"Po\u010detna stranica\",\"item\":\"https:\\\/\\\/radioljubuski.ba\\\/\"},{\"@type\":\"ListItem\",\"position\":2,\"name\":\"Obavje\u0161tenje o otpisu duga kamate po osnovu studentskih zajmova\"}]},{\"@type\":\"WebSite\",\"@id\":\"https:\\\/\\\/radioljubuski.ba\\\/#website\",\"url\":\"https:\\\/\\\/radioljubuski.ba\\\/\",\"name\":\"Radio Ljubu\u0161ki\",\"description\":\"Sun\u010dana frekvencija Hercegovine\",\"publisher\":{\"@id\":\"https:\\\/\\\/radioljubuski.ba\\\/#organization\"},\"potentialAction\":[{\"@type\":\"SearchAction\",\"target\":{\"@type\":\"EntryPoint\",\"urlTemplate\":\"https:\\\/\\\/radioljubuski.ba\\\/?s={search_term_string}\"},\"query-input\":{\"@type\":\"PropertyValueSpecification\",\"valueRequired\":true,\"valueName\":\"search_term_string\"}}],\"inLanguage\":\"hr\"},{\"@type\":\"Organization\",\"@id\":\"https:\\\/\\\/radioljubuski.ba\\\/#organization\",\"name\":\"Radio Ljubu\u0161ki\",\"url\":\"https:\\\/\\\/radioljubuski.ba\\\/\",\"logo\":{\"@type\":\"ImageObject\",\"inLanguage\":\"hr\",\"@id\":\"https:\\\/\\\/radioljubuski.ba\\\/#\\\/schema\\\/logo\\\/image\\\/\",\"url\":\"https:\\\/\\\/radioljubuski.ba\\\/wp-content\\\/uploads\\\/2021\\\/02\\\/cropped-Radio_Ljubuski_logo1.jpg\",\"contentUrl\":\"https:\\\/\\\/radioljubuski.ba\\\/wp-content\\\/uploads\\\/2021\\\/02\\\/cropped-Radio_Ljubuski_logo1.jpg\",\"width\":512,\"height\":512,\"caption\":\"Radio Ljubu\u0161ki\"},\"image\":{\"@id\":\"https:\\\/\\\/radioljubuski.ba\\\/#\\\/schema\\\/logo\\\/image\\\/\"},\"sameAs\":[\"https:\\\/\\\/www.facebook.com\\\/Radiio-Ljubuski-1490835324566332\",\"https:\\\/\\\/x.com\\\/radioljubuski\",\"https:\\\/\\\/hr.linkedin.com\\\/company\\\/radio-ljubuski\",\"https:\\\/\\\/www.youtube.com\\\/channel\\\/UCHYaeO_n0Db3tjNGudGpXyw\"]},{\"@type\":\"Person\",\"@id\":\"https:\\\/\\\/radioljubuski.ba\\\/#\\\/schema\\\/person\\\/19fc700381a780f69665d7956c469e3b\",\"name\":\"Radio Ljubu\u0161ki\"}]}<\/script>\n<!-- \/ Yoast SEO plugin. -->","yoast_head_json":{"title":"Obavje\u0161tenje o otpisu duga kamate po osnovu studentskih zajmova - RADIO LJUBU\u0160KI","robots":{"index":"index","follow":"follow","max-snippet":"max-snippet:-1","max-image-preview":"max-image-preview:large","max-video-preview":"max-video-preview:-1"},"canonical":"https:\/\/radioljubuski.ba\/index.php\/2022\/07\/13\/obavjestenje-o-otpisu-duga-kamate-po-osnovu-studentskih-zajmova\/","og_locale":"hr_HR","og_type":"article","og_title":"Obavje\u0161tenje o otpisu duga kamate po osnovu studentskih zajmova - RADIO LJUBU\u0160KI","og_description":"Federalno ministarstvo obrazovanja i znanosti obavje\u0161tava korisnike studentskih zajmova da je Vlada Federacije BiH na svojoj 320. sjednici od 23.6.2022. godine usvojila Zaklju\u010dak kojim se korisnicima studentskih zajmova koji su osnovni dug izmirili do 31.12.2021. godine, a ne i zateznu kamatu, otpisuju potra\u017eivanja po osnovu kamate. Tako\u0111er, svi studenti, korisnici studentskih zajmova, koji izvr\u0161e povrat [&hellip;]","og_url":"https:\/\/radioljubuski.ba\/index.php\/2022\/07\/13\/obavjestenje-o-otpisu-duga-kamate-po-osnovu-studentskih-zajmova\/","og_site_name":"RADIO LJUBU\u0160KI","article_publisher":"https:\/\/www.facebook.com\/Radiio-Ljubuski-1490835324566332","article_published_time":"2022-07-13T08:48:35+00:00","article_modified_time":"2022-07-14T09:08:19+00:00","og_image":[{"width":1000,"height":625,"url":"https:\/\/radioljubuski.ba\/wp-content\/uploads\/2022\/07\/3-2022-07-12-13-15-01-l_187c757f2f6a4d4c4fdbf8d3c21ab502.jpg","type":"image\/jpeg"}],"author":"Radio Ljubu\u0161ki","twitter_card":"summary_large_image","twitter_creator":"@radioljubuski","twitter_site":"@radioljubuski","twitter_misc":{"Napisao\/la":"Radio Ljubu\u0161ki","Procijenjeno vrijeme \u010ditanja":"1 minuta"},"schema":{"@context":"https:\/\/schema.org","@graph":[{"@type":"Article","@id":"https:\/\/radioljubuski.ba\/index.php\/2022\/07\/13\/obavjestenje-o-otpisu-duga-kamate-po-osnovu-studentskih-zajmova\/#article","isPartOf":{"@id":"https:\/\/radioljubuski.ba\/index.php\/2022\/07\/13\/obavjestenje-o-otpisu-duga-kamate-po-osnovu-studentskih-zajmova\/"},"author":{"name":"Radio Ljubu\u0161ki","@id":"https:\/\/radioljubuski.ba\/#\/schema\/person\/19fc700381a780f69665d7956c469e3b"},"headline":"Obavje\u0161tenje o otpisu duga kamate po osnovu studentskih zajmova","datePublished":"2022-07-13T08:48:35+00:00","dateModified":"2022-07-14T09:08:19+00:00","mainEntityOfPage":{"@id":"https:\/\/radioljubuski.ba\/index.php\/2022\/07\/13\/obavjestenje-o-otpisu-duga-kamate-po-osnovu-studentskih-zajmova\/"},"wordCount":201,"publisher":{"@id":"https:\/\/radioljubuski.ba\/#organization"},"image":{"@id":"https:\/\/radioljubuski.ba\/index.php\/2022\/07\/13\/obavjestenje-o-otpisu-duga-kamate-po-osnovu-studentskih-zajmova\/#primaryimage"},"thumbnailUrl":"https:\/\/radioljubuski.ba\/wp-content\/uploads\/2022\/07\/3-2022-07-12-13-15-01-l_187c757f2f6a4d4c4fdbf8d3c21ab502.jpg","articleSection":["BIH i regija"],"inLanguage":"hr"},{"@type":"WebPage","@id":"https:\/\/radioljubuski.ba\/index.php\/2022\/07\/13\/obavjestenje-o-otpisu-duga-kamate-po-osnovu-studentskih-zajmova\/","url":"https:\/\/radioljubuski.ba\/index.php\/2022\/07\/13\/obavjestenje-o-otpisu-duga-kamate-po-osnovu-studentskih-zajmova\/","name":"Obavje\u0161tenje o otpisu duga kamate po osnovu studentskih zajmova - RADIO LJUBU\u0160KI","isPartOf":{"@id":"https:\/\/radioljubuski.ba\/#website"},"primaryImageOfPage":{"@id":"https:\/\/radioljubuski.ba\/index.php\/2022\/07\/13\/obavjestenje-o-otpisu-duga-kamate-po-osnovu-studentskih-zajmova\/#primaryimage"},"image":{"@id":"https:\/\/radioljubuski.ba\/index.php\/2022\/07\/13\/obavjestenje-o-otpisu-duga-kamate-po-osnovu-studentskih-zajmova\/#primaryimage"},"thumbnailUrl":"https:\/\/radioljubuski.ba\/wp-content\/uploads\/2022\/07\/3-2022-07-12-13-15-01-l_187c757f2f6a4d4c4fdbf8d3c21ab502.jpg","datePublished":"2022-07-13T08:48:35+00:00","dateModified":"2022-07-14T09:08:19+00:00","breadcrumb":{"@id":"https:\/\/radioljubuski.ba\/index.php\/2022\/07\/13\/obavjestenje-o-otpisu-duga-kamate-po-osnovu-studentskih-zajmova\/#breadcrumb"},"inLanguage":"hr","potentialAction":[{"@type":"ReadAction","target":["https:\/\/radioljubuski.ba\/index.php\/2022\/07\/13\/obavjestenje-o-otpisu-duga-kamate-po-osnovu-studentskih-zajmova\/"]}]},{"@type":"ImageObject","inLanguage":"hr","@id":"https:\/\/radioljubuski.ba\/index.php\/2022\/07\/13\/obavjestenje-o-otpisu-duga-kamate-po-osnovu-studentskih-zajmova\/#primaryimage","url":"https:\/\/radioljubuski.ba\/wp-content\/uploads\/2022\/07\/3-2022-07-12-13-15-01-l_187c757f2f6a4d4c4fdbf8d3c21ab502.jpg","contentUrl":"https:\/\/radioljubuski.ba\/wp-content\/uploads\/2022\/07\/3-2022-07-12-13-15-01-l_187c757f2f6a4d4c4fdbf8d3c21ab502.jpg","width":1000,"height":625},{"@type":"BreadcrumbList","@id":"https:\/\/radioljubuski.ba\/index.php\/2022\/07\/13\/obavjestenje-o-otpisu-duga-kamate-po-osnovu-studentskih-zajmova\/#breadcrumb","itemListElement":[{"@type":"ListItem","position":1,"name":"Po\u010detna stranica","item":"https:\/\/radioljubuski.ba\/"},{"@type":"ListItem","position":2,"name":"Obavje\u0161tenje o otpisu duga kamate po osnovu studentskih zajmova"}]},{"@type":"WebSite","@id":"https:\/\/radioljubuski.ba\/#website","url":"https:\/\/radioljubuski.ba\/","name":"Radio Ljubu\u0161ki","description":"Sun\u010dana frekvencija Hercegovine","publisher":{"@id":"https:\/\/radioljubuski.ba\/#organization"},"potentialAction":[{"@type":"SearchAction","target":{"@type":"EntryPoint","urlTemplate":"https:\/\/radioljubuski.ba\/?s={search_term_string}"},"query-input":{"@type":"PropertyValueSpecification","valueRequired":true,"valueName":"search_term_string"}}],"inLanguage":"hr"},{"@type":"Organization","@id":"https:\/\/radioljubuski.ba\/#organization","name":"Radio Ljubu\u0161ki","url":"https:\/\/radioljubuski.ba\/","logo":{"@type":"ImageObject","inLanguage":"hr","@id":"https:\/\/radioljubuski.ba\/#\/schema\/logo\/image\/","url":"https:\/\/radioljubuski.ba\/wp-content\/uploads\/2021\/02\/cropped-Radio_Ljubuski_logo1.jpg","contentUrl":"https:\/\/radioljubuski.ba\/wp-content\/uploads\/2021\/02\/cropped-Radio_Ljubuski_logo1.jpg","width":512,"height":512,"caption":"Radio Ljubu\u0161ki"},"image":{"@id":"https:\/\/radioljubuski.ba\/#\/schema\/logo\/image\/"},"sameAs":["https:\/\/www.facebook.com\/Radiio-Ljubuski-1490835324566332","https:\/\/x.com\/radioljubuski","https:\/\/hr.linkedin.com\/company\/radio-ljubuski","https:\/\/www.youtube.com\/channel\/UCHYaeO_n0Db3tjNGudGpXyw"]},{"@type":"Person","@id":"https:\/\/radioljubuski.ba\/#\/schema\/person\/19fc700381a780f69665d7956c469e3b","name":"Radio Ljubu\u0161ki"}]}},"_links":{"self":[{"href":"https:\/\/radioljubuski.ba\/index.php\/wp-json\/wp\/v2\/posts\/159003","targetHints":{"allow":["GET"]}}],"collection":[{"href":"https:\/\/radioljubuski.ba\/index.php\/wp-json\/wp\/v2\/posts"}],"about":[{"href":"https:\/\/radioljubuski.ba\/index.php\/wp-json\/wp\/v2\/types\/post"}],"author":[{"embeddable":true,"href":"https:\/\/radioljubuski.ba\/index.php\/wp-json\/wp\/v2\/users\/2"}],"replies":[{"embeddable":true,"href":"https:\/\/radioljubuski.ba\/index.php\/wp-json\/wp\/v2\/comments?post=159003"}],"version-history":[{"count":1,"href":"https:\/\/radioljubuski.ba\/index.php\/wp-json\/wp\/v2\/posts\/159003\/revisions"}],"predecessor-version":[{"id":159005,"href":"https:\/\/radioljubuski.ba\/index.php\/wp-json\/wp\/v2\/posts\/159003\/revisions\/159005"}],"wp:featuredmedia":[{"embeddable":true,"href":"https:\/\/radioljubuski.ba\/index.php\/wp-json\/wp\/v2\/media\/159004"}],"wp:attachment":[{"href":"https:\/\/radioljubuski.ba\/index.php\/wp-json\/wp\/v2\/media?parent=159003"}],"wp:term":[{"taxonomy":"category","embeddable":true,"href":"https:\/\/radioljubuski.ba\/index.php\/wp-json\/wp\/v2\/categories?post=159003"},{"taxonomy":"post_tag","embeddable":true,"href":"https:\/\/radioljubuski.ba\/index.php\/wp-json\/wp\/v2\/tags?post=159003"}],"curies":[{"name":"wp","href":"https:\/\/api.w.org\/{rel}","templated":true}]}}