{"id":159595,"date":"2022-07-14T14:39:45","date_gmt":"2022-07-14T13:39:45","guid":{"rendered":"https:\/\/radioljubuski.ba\/?p=159595"},"modified":"2022-07-14T14:39:46","modified_gmt":"2022-07-14T13:39:46","slug":"vidovic-u-saboru-govorio-o-presucenim-i-nekaznjenim-zlocinima-tzv-armije-bih-koje-dzaferovic-negira","status":"publish","type":"post","link":"https:\/\/radioljubuski.ba\/index.php\/2022\/07\/14\/vidovic-u-saboru-govorio-o-presucenim-i-nekaznjenim-zlocinima-tzv-armije-bih-koje-dzaferovic-negira\/","title":{"rendered":"Vidovi\u0107 u Saboru govorio o pre\u0161u\u0107enim i neka\u017enjenim zlo\u010dinima tzv. Armije BiH, koje D\u017eaferovi\u0107 negira"},"content":{"rendered":"\n<p><strong>Radoje Vidovi\u0107, predsjednik \u017dupanijskog odbora HDZ-a BiH \u017dSB-a i zastupnik HDZ-a RH u Saboru RH, na ju\u010dera\u0161njoj 11. sjednici Sabora RH govorio je o brojnim zlo\u010dinima Armije BiH po\u010dinjenim nad Hrvatima u Bosni i Hercegovini.<\/strong><\/p>\n\n\n\n<iframe loading=\"lazy\" title=\"Zastupnik u Saboru RH Radoje Vidovi\u0107 govorio o zlo\u010dinima Armije BiH nad Hrvatima u BiH\" width=\"640\" height=\"360\" src=\"https:\/\/www.youtube.com\/embed\/xKaXX_OJ57U?feature=oembed\" frameborder=\"0\" allow=\"accelerometer; autoplay; clipboard-write; encrypted-media; gyroscope; picture-in-picture; web-share\" referrerpolicy=\"strict-origin-when-cross-origin\" allowfullscreen><\/iframe>\n\n\n\n<p>U svom izlaganju dotaknuo se zlo\u010dina, strati\u0161ta, progona Hrvata iz BiH, s posebnim osvrtom na Hrvate u sredi\u0161njoj Bosni.<\/p>\n\n\n\n<p>\u201eKao zastupnik u Saboru RH, Hrvat sredi\u0161nje Bosne i pripadnik nekada\u0161njeg Hrvatskog vije\u0107a obrane, moram ovdje u Hrvatskom saboru govoriti i sve nas podsjetiti o pre\u0161u\u0107enim i neka\u017enjenim zlo\u010dinima Armije Bosne i Hercegovine nad Hrvatima u Bosni i Hercegovini, a osobito nad Hrvatima u sredi\u0161njoj Bosni\u201c, rekao je zastupnik Vidovi\u0107 te podsjetio zastupnike u Saboru RH i cjelokupnu javnost o zlo\u010dinima Armije BiH u selima Gusti Grab i Dusina, o zlo\u010dinima u op\u0107ini Konjic, u Trusini, Travniku, Fojnici, Bugojnu\u2026<\/p>\n\n\n\n<p>\u201eMoram s vama podijeliti sje\u0107anje na sije\u010danj 1933. godine i na mala sela na podru\u010dju op\u0107ine Busova\u010da i grada Zenice, Gusti Grab i Dusinu. Ova dva sela napala je Armija BiH i zarobila civile i vojnike HVO-a koje je nakon zvjerskog mu\u010denja ubila i strijeljala, njih ukupno 20-ak. Moramo se tako\u0111er prisjetiti i o\u017eujka 1993. godine, na progone, etni\u010dko \u010di\u0161\u0107enje i zlo\u010dine nad Hrvatima Klisa, Konjica, o \u010dijem postojanju i \u017eivotu danas svjedo\u010de samo ru\u0161evine. Moramo se tako\u0111er sjetiti 16. travnja 1993. godine i sela Trusina u Konjicu. Tada je Armija BiH napala, zarobila, zvjerski strijeljala i ubila 14 civila i 9 zarobljenih pripadnika HVO-a. Ne mo\u017eemo zaboraviti i ne obilje\u017eiti jedan od najtu\u017enijih dana u povijesti travni\u010dkih Hrvata, kada je iz Travnika protjerano skoro 20 tisu\u0107a Hrvata. Dana kad su u selu Maljine zarobljeni civili i kada je odvojeno 40 mu\u0161karaca i odvedeno na lokalitet Biko\u0161e gdje su strijeljani. Na\u017ealost, za tijelima ubijenih Hrvata njihove obitelji jo\u0161 uvijek tragaju\u201c, istaknuo je Vidovi\u0107 te nastavio izlaganje podsjetiv\u0161i sve na stradanje i ubojstvo osmero djece u Vitezu.<\/p>\n\n\n\n<p>\u201eTako\u0111er, kako da ne spomenemo i da se ne sjetimo 10. lipnja kada cijela sredi\u0161nja Bosna oplakuje vite\u0161ke an\u0111ele odnosno osmero poginule djece koje je ubila granata Armije BiH. Mo\u017eemo li provesti ijedan srpanj da se ne prisjetimo progona oko 5 tisu\u0107a fojni\u010dkih Hrvata, da se ne prisjetimo progona i stradanja bugojanskih Hrvata, njih oko 15 tisu\u0107a protjeranih sa svojih ognji\u0161ta. Njih 2 tisu\u0107e u Bugojnu je pro\u0161lo kroz logore, a od tog broja 23 osobe ukupno su odvedene i ubijene. Za njihovim tijelima se jo\u0161 uvijek traga. Moramo se prisjetiti i ubijenih fratara u Fojnici, gvardijana fra Nikicu Mili\u010devi\u0107a i vikara fra Leona Migi\u0107a, koji su u samostanu u studenom zvjerski ubijeni. U prosincu cijela sredi\u0161nja Bosna oplakuje \u017ertve iz Kri\u017ean\u010deva sela, 63 zarobljena vojnika i civila koji su mu\u010deni i mu\u010dki ubijeni. Na\u017ealost, tu nije kraj. Pred samo potpisivanje primirja i Washingtonskog sporazuma u sije\u010dnju 1994. godine dogodio se jo\u0161 jedan stra\u0161an zlo\u010din kada je Armija BiH napala Buhine ku\u0107e i po\u010dinila stra\u0161an zlo\u010din ubojstvom 26 civila i pripadnika HVO-a. Najmla\u0111a od ubijenih osoba bila je beba od samo godinu dana. Tada je 9 pripadnika HVO-a nakon mu\u010denja ubijeno\u201c, nastavio je Vidovi\u0107.<\/p>\n\n\n\n<p>U zavr\u0161nom dijelu izlaganja naglasio je kako krik Hrvata iz Bosne i Hercegovine ne dopire do onih koji su trebali istra\u017eiti i kazniti ove zlo\u010dine.<\/p>\n\n\n\n<p>\u201eSve ovo nas ne \u010dudi kada pored tisu\u0107ama grobova nedu\u017eno ubijenih civila i vojnika, \u010dlan Predsjedni\u0161tva BiH iz reda bo\u0161nja\u010dkog naroda ka\u017ee da Armija BiH nije po\u010dinila zlo\u010dine. Ovu istinu na\u017ealost ne \u017eele ni da \u010duju me\u0111unarodni mo\u0107nici jer im se ova istina ne uklapa u njihove velike planove. Bez obzira na to, dok smo \u017eivi, mi \u0107emo dizati svoj glas i govoriti o istini, o stradanjima Hrvata Bosne i Hercegovine. Zbog na\u0161e budu\u0107nost, zbog na\u0161ih \u017ertava, a ne da potaknemo mr\u017enju i osvetu, nego da potaknemo pomirenje i svjesnost o \u017ertvama te da te \u017ertve ne bi bile uzaludne\u201c, zaklju\u010dio je Vidovi\u0107 na kraju izlaganja.<\/p>\n\n\n\n<p>\/HMS\/<\/p>\n","protected":false},"excerpt":{"rendered":"<p>Radoje Vidovi\u0107, predsjednik \u017dupanijskog odbora HDZ-a BiH \u017dSB-a i zastupnik HDZ-a RH u Saboru RH, na ju\u010dera\u0161njoj 11. sjednici Sabora RH govorio je o brojnim zlo\u010dinima Armije BiH po\u010dinjenim nad Hrvatima u Bosni i Hercegovini. U svom izlaganju dotaknuo se zlo\u010dina, strati\u0161ta, progona Hrvata iz BiH, s posebnim osvrtom na Hrvate u sredi\u0161njoj Bosni. \u201eKao [&hellip;]<\/p>\n","protected":false},"author":2,"featured_media":159596,"comment_status":"closed","ping_status":"closed","sticky":false,"template":"","format":"standard","meta":{"h5ap_radio_sources":[],"footnotes":""},"categories":[1],"tags":[],"class_list":["post-159595","post","type-post","status-publish","format-standard","has-post-thumbnail","hentry","category-bihiregija"],"yoast_head":"<!-- This site is optimized with the Yoast SEO plugin v27.5 - https:\/\/yoast.com\/product\/yoast-seo-wordpress\/ -->\n<title>Vidovi\u0107 u Saboru govorio o pre\u0161u\u0107enim i neka\u017enjenim zlo\u010dinima tzv. Armije BiH, koje D\u017eaferovi\u0107 negira - RADIO LJUBU\u0160KI<\/title>\n<meta name=\"robots\" content=\"index, follow, max-snippet:-1, max-image-preview:large, max-video-preview:-1\" \/>\n<link rel=\"canonical\" href=\"https:\/\/radioljubuski.ba\/index.php\/2022\/07\/14\/vidovic-u-saboru-govorio-o-presucenim-i-nekaznjenim-zlocinima-tzv-armije-bih-koje-dzaferovic-negira\/\" \/>\n<meta property=\"og:locale\" content=\"hr_HR\" \/>\n<meta property=\"og:type\" content=\"article\" \/>\n<meta property=\"og:title\" content=\"Vidovi\u0107 u Saboru govorio o pre\u0161u\u0107enim i neka\u017enjenim zlo\u010dinima tzv. Armije BiH, koje D\u017eaferovi\u0107 negira - RADIO LJUBU\u0160KI\" \/>\n<meta property=\"og:description\" content=\"Radoje Vidovi\u0107, predsjednik \u017dupanijskog odbora HDZ-a BiH \u017dSB-a i zastupnik HDZ-a RH u Saboru RH, na ju\u010dera\u0161njoj 11. sjednici Sabora RH govorio je o brojnim zlo\u010dinima Armije BiH po\u010dinjenim nad Hrvatima u Bosni i Hercegovini. U svom izlaganju dotaknuo se zlo\u010dina, strati\u0161ta, progona Hrvata iz BiH, s posebnim osvrtom na Hrvate u sredi\u0161njoj Bosni. \u201eKao [&hellip;]\" \/>\n<meta property=\"og:url\" content=\"https:\/\/radioljubuski.ba\/index.php\/2022\/07\/14\/vidovic-u-saboru-govorio-o-presucenim-i-nekaznjenim-zlocinima-tzv-armije-bih-koje-dzaferovic-negira\/\" \/>\n<meta property=\"og:site_name\" content=\"RADIO LJUBU\u0160KI\" \/>\n<meta property=\"article:publisher\" content=\"https:\/\/www.facebook.com\/Radiio-Ljubuski-1490835324566332\" \/>\n<meta property=\"article:published_time\" content=\"2022-07-14T13:39:45+00:00\" \/>\n<meta property=\"article:modified_time\" content=\"2022-07-14T13:39:46+00:00\" \/>\n<meta property=\"og:image\" content=\"https:\/\/radioljubuski.ba\/wp-content\/uploads\/2022\/07\/vidovic-sabor-e1657787368892.png\" \/>\n\t<meta property=\"og:image:width\" content=\"620\" \/>\n\t<meta property=\"og:image:height\" content=\"348\" \/>\n\t<meta property=\"og:image:type\" content=\"image\/png\" \/>\n<meta name=\"author\" content=\"Radio Ljubu\u0161ki\" \/>\n<meta name=\"twitter:card\" content=\"summary_large_image\" \/>\n<meta name=\"twitter:creator\" content=\"@radioljubuski\" \/>\n<meta name=\"twitter:site\" content=\"@radioljubuski\" \/>\n<meta name=\"twitter:label1\" content=\"Napisao\/la\" \/>\n\t<meta name=\"twitter:data1\" content=\"Radio Ljubu\u0161ki\" \/>\n\t<meta name=\"twitter:label2\" content=\"Procijenjeno vrijeme \u010ditanja\" \/>\n\t<meta name=\"twitter:data2\" content=\"3 minute\" \/>\n<script type=\"application\/ld+json\" class=\"yoast-schema-graph\">{\"@context\":\"https:\\\/\\\/schema.org\",\"@graph\":[{\"@type\":\"Article\",\"@id\":\"https:\\\/\\\/radioljubuski.ba\\\/index.php\\\/2022\\\/07\\\/14\\\/vidovic-u-saboru-govorio-o-presucenim-i-nekaznjenim-zlocinima-tzv-armije-bih-koje-dzaferovic-negira\\\/#article\",\"isPartOf\":{\"@id\":\"https:\\\/\\\/radioljubuski.ba\\\/index.php\\\/2022\\\/07\\\/14\\\/vidovic-u-saboru-govorio-o-presucenim-i-nekaznjenim-zlocinima-tzv-armije-bih-koje-dzaferovic-negira\\\/\"},\"author\":{\"name\":\"Radio Ljubu\u0161ki\",\"@id\":\"https:\\\/\\\/radioljubuski.ba\\\/#\\\/schema\\\/person\\\/19fc700381a780f69665d7956c469e3b\"},\"headline\":\"Vidovi\u0107 u Saboru govorio o pre\u0161u\u0107enim i neka\u017enjenim zlo\u010dinima tzv. Armije BiH, koje D\u017eaferovi\u0107 negira\",\"datePublished\":\"2022-07-14T13:39:45+00:00\",\"dateModified\":\"2022-07-14T13:39:46+00:00\",\"mainEntityOfPage\":{\"@id\":\"https:\\\/\\\/radioljubuski.ba\\\/index.php\\\/2022\\\/07\\\/14\\\/vidovic-u-saboru-govorio-o-presucenim-i-nekaznjenim-zlocinima-tzv-armije-bih-koje-dzaferovic-negira\\\/\"},\"wordCount\":735,\"publisher\":{\"@id\":\"https:\\\/\\\/radioljubuski.ba\\\/#organization\"},\"image\":{\"@id\":\"https:\\\/\\\/radioljubuski.ba\\\/index.php\\\/2022\\\/07\\\/14\\\/vidovic-u-saboru-govorio-o-presucenim-i-nekaznjenim-zlocinima-tzv-armije-bih-koje-dzaferovic-negira\\\/#primaryimage\"},\"thumbnailUrl\":\"https:\\\/\\\/radioljubuski.ba\\\/wp-content\\\/uploads\\\/2022\\\/07\\\/vidovic-sabor-e1657787368892.png\",\"articleSection\":[\"BIH i regija\"],\"inLanguage\":\"hr\"},{\"@type\":\"WebPage\",\"@id\":\"https:\\\/\\\/radioljubuski.ba\\\/index.php\\\/2022\\\/07\\\/14\\\/vidovic-u-saboru-govorio-o-presucenim-i-nekaznjenim-zlocinima-tzv-armije-bih-koje-dzaferovic-negira\\\/\",\"url\":\"https:\\\/\\\/radioljubuski.ba\\\/index.php\\\/2022\\\/07\\\/14\\\/vidovic-u-saboru-govorio-o-presucenim-i-nekaznjenim-zlocinima-tzv-armije-bih-koje-dzaferovic-negira\\\/\",\"name\":\"Vidovi\u0107 u Saboru govorio o pre\u0161u\u0107enim i neka\u017enjenim zlo\u010dinima tzv. Armije BiH, koje D\u017eaferovi\u0107 negira - RADIO LJUBU\u0160KI\",\"isPartOf\":{\"@id\":\"https:\\\/\\\/radioljubuski.ba\\\/#website\"},\"primaryImageOfPage\":{\"@id\":\"https:\\\/\\\/radioljubuski.ba\\\/index.php\\\/2022\\\/07\\\/14\\\/vidovic-u-saboru-govorio-o-presucenim-i-nekaznjenim-zlocinima-tzv-armije-bih-koje-dzaferovic-negira\\\/#primaryimage\"},\"image\":{\"@id\":\"https:\\\/\\\/radioljubuski.ba\\\/index.php\\\/2022\\\/07\\\/14\\\/vidovic-u-saboru-govorio-o-presucenim-i-nekaznjenim-zlocinima-tzv-armije-bih-koje-dzaferovic-negira\\\/#primaryimage\"},\"thumbnailUrl\":\"https:\\\/\\\/radioljubuski.ba\\\/wp-content\\\/uploads\\\/2022\\\/07\\\/vidovic-sabor-e1657787368892.png\",\"datePublished\":\"2022-07-14T13:39:45+00:00\",\"dateModified\":\"2022-07-14T13:39:46+00:00\",\"breadcrumb\":{\"@id\":\"https:\\\/\\\/radioljubuski.ba\\\/index.php\\\/2022\\\/07\\\/14\\\/vidovic-u-saboru-govorio-o-presucenim-i-nekaznjenim-zlocinima-tzv-armije-bih-koje-dzaferovic-negira\\\/#breadcrumb\"},\"inLanguage\":\"hr\",\"potentialAction\":[{\"@type\":\"ReadAction\",\"target\":[\"https:\\\/\\\/radioljubuski.ba\\\/index.php\\\/2022\\\/07\\\/14\\\/vidovic-u-saboru-govorio-o-presucenim-i-nekaznjenim-zlocinima-tzv-armije-bih-koje-dzaferovic-negira\\\/\"]}]},{\"@type\":\"ImageObject\",\"inLanguage\":\"hr\",\"@id\":\"https:\\\/\\\/radioljubuski.ba\\\/index.php\\\/2022\\\/07\\\/14\\\/vidovic-u-saboru-govorio-o-presucenim-i-nekaznjenim-zlocinima-tzv-armije-bih-koje-dzaferovic-negira\\\/#primaryimage\",\"url\":\"https:\\\/\\\/radioljubuski.ba\\\/wp-content\\\/uploads\\\/2022\\\/07\\\/vidovic-sabor-e1657787368892.png\",\"contentUrl\":\"https:\\\/\\\/radioljubuski.ba\\\/wp-content\\\/uploads\\\/2022\\\/07\\\/vidovic-sabor-e1657787368892.png\",\"width\":620,\"height\":348},{\"@type\":\"BreadcrumbList\",\"@id\":\"https:\\\/\\\/radioljubuski.ba\\\/index.php\\\/2022\\\/07\\\/14\\\/vidovic-u-saboru-govorio-o-presucenim-i-nekaznjenim-zlocinima-tzv-armije-bih-koje-dzaferovic-negira\\\/#breadcrumb\",\"itemListElement\":[{\"@type\":\"ListItem\",\"position\":1,\"name\":\"Po\u010detna stranica\",\"item\":\"https:\\\/\\\/radioljubuski.ba\\\/\"},{\"@type\":\"ListItem\",\"position\":2,\"name\":\"Vidovi\u0107 u Saboru govorio o pre\u0161u\u0107enim i neka\u017enjenim zlo\u010dinima tzv. Armije BiH, koje D\u017eaferovi\u0107 negira\"}]},{\"@type\":\"WebSite\",\"@id\":\"https:\\\/\\\/radioljubuski.ba\\\/#website\",\"url\":\"https:\\\/\\\/radioljubuski.ba\\\/\",\"name\":\"Radio Ljubu\u0161ki\",\"description\":\"Sun\u010dana frekvencija Hercegovine\",\"publisher\":{\"@id\":\"https:\\\/\\\/radioljubuski.ba\\\/#organization\"},\"potentialAction\":[{\"@type\":\"SearchAction\",\"target\":{\"@type\":\"EntryPoint\",\"urlTemplate\":\"https:\\\/\\\/radioljubuski.ba\\\/?s={search_term_string}\"},\"query-input\":{\"@type\":\"PropertyValueSpecification\",\"valueRequired\":true,\"valueName\":\"search_term_string\"}}],\"inLanguage\":\"hr\"},{\"@type\":\"Organization\",\"@id\":\"https:\\\/\\\/radioljubuski.ba\\\/#organization\",\"name\":\"Radio Ljubu\u0161ki\",\"url\":\"https:\\\/\\\/radioljubuski.ba\\\/\",\"logo\":{\"@type\":\"ImageObject\",\"inLanguage\":\"hr\",\"@id\":\"https:\\\/\\\/radioljubuski.ba\\\/#\\\/schema\\\/logo\\\/image\\\/\",\"url\":\"https:\\\/\\\/radioljubuski.ba\\\/wp-content\\\/uploads\\\/2021\\\/02\\\/cropped-Radio_Ljubuski_logo1.jpg\",\"contentUrl\":\"https:\\\/\\\/radioljubuski.ba\\\/wp-content\\\/uploads\\\/2021\\\/02\\\/cropped-Radio_Ljubuski_logo1.jpg\",\"width\":512,\"height\":512,\"caption\":\"Radio Ljubu\u0161ki\"},\"image\":{\"@id\":\"https:\\\/\\\/radioljubuski.ba\\\/#\\\/schema\\\/logo\\\/image\\\/\"},\"sameAs\":[\"https:\\\/\\\/www.facebook.com\\\/Radiio-Ljubuski-1490835324566332\",\"https:\\\/\\\/x.com\\\/radioljubuski\",\"https:\\\/\\\/hr.linkedin.com\\\/company\\\/radio-ljubuski\",\"https:\\\/\\\/www.youtube.com\\\/channel\\\/UCHYaeO_n0Db3tjNGudGpXyw\"]},{\"@type\":\"Person\",\"@id\":\"https:\\\/\\\/radioljubuski.ba\\\/#\\\/schema\\\/person\\\/19fc700381a780f69665d7956c469e3b\",\"name\":\"Radio Ljubu\u0161ki\"}]}<\/script>\n<!-- \/ Yoast SEO plugin. -->","yoast_head_json":{"title":"Vidovi\u0107 u Saboru govorio o pre\u0161u\u0107enim i neka\u017enjenim zlo\u010dinima tzv. Armije BiH, koje D\u017eaferovi\u0107 negira - RADIO LJUBU\u0160KI","robots":{"index":"index","follow":"follow","max-snippet":"max-snippet:-1","max-image-preview":"max-image-preview:large","max-video-preview":"max-video-preview:-1"},"canonical":"https:\/\/radioljubuski.ba\/index.php\/2022\/07\/14\/vidovic-u-saboru-govorio-o-presucenim-i-nekaznjenim-zlocinima-tzv-armije-bih-koje-dzaferovic-negira\/","og_locale":"hr_HR","og_type":"article","og_title":"Vidovi\u0107 u Saboru govorio o pre\u0161u\u0107enim i neka\u017enjenim zlo\u010dinima tzv. Armije BiH, koje D\u017eaferovi\u0107 negira - RADIO LJUBU\u0160KI","og_description":"Radoje Vidovi\u0107, predsjednik \u017dupanijskog odbora HDZ-a BiH \u017dSB-a i zastupnik HDZ-a RH u Saboru RH, na ju\u010dera\u0161njoj 11. sjednici Sabora RH govorio je o brojnim zlo\u010dinima Armije BiH po\u010dinjenim nad Hrvatima u Bosni i Hercegovini. U svom izlaganju dotaknuo se zlo\u010dina, strati\u0161ta, progona Hrvata iz BiH, s posebnim osvrtom na Hrvate u sredi\u0161njoj Bosni. \u201eKao [&hellip;]","og_url":"https:\/\/radioljubuski.ba\/index.php\/2022\/07\/14\/vidovic-u-saboru-govorio-o-presucenim-i-nekaznjenim-zlocinima-tzv-armije-bih-koje-dzaferovic-negira\/","og_site_name":"RADIO LJUBU\u0160KI","article_publisher":"https:\/\/www.facebook.com\/Radiio-Ljubuski-1490835324566332","article_published_time":"2022-07-14T13:39:45+00:00","article_modified_time":"2022-07-14T13:39:46+00:00","og_image":[{"width":620,"height":348,"url":"https:\/\/radioljubuski.ba\/wp-content\/uploads\/2022\/07\/vidovic-sabor-e1657787368892.png","type":"image\/png"}],"author":"Radio Ljubu\u0161ki","twitter_card":"summary_large_image","twitter_creator":"@radioljubuski","twitter_site":"@radioljubuski","twitter_misc":{"Napisao\/la":"Radio Ljubu\u0161ki","Procijenjeno vrijeme \u010ditanja":"3 minute"},"schema":{"@context":"https:\/\/schema.org","@graph":[{"@type":"Article","@id":"https:\/\/radioljubuski.ba\/index.php\/2022\/07\/14\/vidovic-u-saboru-govorio-o-presucenim-i-nekaznjenim-zlocinima-tzv-armije-bih-koje-dzaferovic-negira\/#article","isPartOf":{"@id":"https:\/\/radioljubuski.ba\/index.php\/2022\/07\/14\/vidovic-u-saboru-govorio-o-presucenim-i-nekaznjenim-zlocinima-tzv-armije-bih-koje-dzaferovic-negira\/"},"author":{"name":"Radio Ljubu\u0161ki","@id":"https:\/\/radioljubuski.ba\/#\/schema\/person\/19fc700381a780f69665d7956c469e3b"},"headline":"Vidovi\u0107 u Saboru govorio o pre\u0161u\u0107enim i neka\u017enjenim zlo\u010dinima tzv. Armije BiH, koje D\u017eaferovi\u0107 negira","datePublished":"2022-07-14T13:39:45+00:00","dateModified":"2022-07-14T13:39:46+00:00","mainEntityOfPage":{"@id":"https:\/\/radioljubuski.ba\/index.php\/2022\/07\/14\/vidovic-u-saboru-govorio-o-presucenim-i-nekaznjenim-zlocinima-tzv-armije-bih-koje-dzaferovic-negira\/"},"wordCount":735,"publisher":{"@id":"https:\/\/radioljubuski.ba\/#organization"},"image":{"@id":"https:\/\/radioljubuski.ba\/index.php\/2022\/07\/14\/vidovic-u-saboru-govorio-o-presucenim-i-nekaznjenim-zlocinima-tzv-armije-bih-koje-dzaferovic-negira\/#primaryimage"},"thumbnailUrl":"https:\/\/radioljubuski.ba\/wp-content\/uploads\/2022\/07\/vidovic-sabor-e1657787368892.png","articleSection":["BIH i regija"],"inLanguage":"hr"},{"@type":"WebPage","@id":"https:\/\/radioljubuski.ba\/index.php\/2022\/07\/14\/vidovic-u-saboru-govorio-o-presucenim-i-nekaznjenim-zlocinima-tzv-armije-bih-koje-dzaferovic-negira\/","url":"https:\/\/radioljubuski.ba\/index.php\/2022\/07\/14\/vidovic-u-saboru-govorio-o-presucenim-i-nekaznjenim-zlocinima-tzv-armije-bih-koje-dzaferovic-negira\/","name":"Vidovi\u0107 u Saboru govorio o pre\u0161u\u0107enim i neka\u017enjenim zlo\u010dinima tzv. Armije BiH, koje D\u017eaferovi\u0107 negira - RADIO LJUBU\u0160KI","isPartOf":{"@id":"https:\/\/radioljubuski.ba\/#website"},"primaryImageOfPage":{"@id":"https:\/\/radioljubuski.ba\/index.php\/2022\/07\/14\/vidovic-u-saboru-govorio-o-presucenim-i-nekaznjenim-zlocinima-tzv-armije-bih-koje-dzaferovic-negira\/#primaryimage"},"image":{"@id":"https:\/\/radioljubuski.ba\/index.php\/2022\/07\/14\/vidovic-u-saboru-govorio-o-presucenim-i-nekaznjenim-zlocinima-tzv-armije-bih-koje-dzaferovic-negira\/#primaryimage"},"thumbnailUrl":"https:\/\/radioljubuski.ba\/wp-content\/uploads\/2022\/07\/vidovic-sabor-e1657787368892.png","datePublished":"2022-07-14T13:39:45+00:00","dateModified":"2022-07-14T13:39:46+00:00","breadcrumb":{"@id":"https:\/\/radioljubuski.ba\/index.php\/2022\/07\/14\/vidovic-u-saboru-govorio-o-presucenim-i-nekaznjenim-zlocinima-tzv-armije-bih-koje-dzaferovic-negira\/#breadcrumb"},"inLanguage":"hr","potentialAction":[{"@type":"ReadAction","target":["https:\/\/radioljubuski.ba\/index.php\/2022\/07\/14\/vidovic-u-saboru-govorio-o-presucenim-i-nekaznjenim-zlocinima-tzv-armije-bih-koje-dzaferovic-negira\/"]}]},{"@type":"ImageObject","inLanguage":"hr","@id":"https:\/\/radioljubuski.ba\/index.php\/2022\/07\/14\/vidovic-u-saboru-govorio-o-presucenim-i-nekaznjenim-zlocinima-tzv-armije-bih-koje-dzaferovic-negira\/#primaryimage","url":"https:\/\/radioljubuski.ba\/wp-content\/uploads\/2022\/07\/vidovic-sabor-e1657787368892.png","contentUrl":"https:\/\/radioljubuski.ba\/wp-content\/uploads\/2022\/07\/vidovic-sabor-e1657787368892.png","width":620,"height":348},{"@type":"BreadcrumbList","@id":"https:\/\/radioljubuski.ba\/index.php\/2022\/07\/14\/vidovic-u-saboru-govorio-o-presucenim-i-nekaznjenim-zlocinima-tzv-armije-bih-koje-dzaferovic-negira\/#breadcrumb","itemListElement":[{"@type":"ListItem","position":1,"name":"Po\u010detna stranica","item":"https:\/\/radioljubuski.ba\/"},{"@type":"ListItem","position":2,"name":"Vidovi\u0107 u Saboru govorio o pre\u0161u\u0107enim i neka\u017enjenim zlo\u010dinima tzv. Armije BiH, koje D\u017eaferovi\u0107 negira"}]},{"@type":"WebSite","@id":"https:\/\/radioljubuski.ba\/#website","url":"https:\/\/radioljubuski.ba\/","name":"Radio Ljubu\u0161ki","description":"Sun\u010dana frekvencija Hercegovine","publisher":{"@id":"https:\/\/radioljubuski.ba\/#organization"},"potentialAction":[{"@type":"SearchAction","target":{"@type":"EntryPoint","urlTemplate":"https:\/\/radioljubuski.ba\/?s={search_term_string}"},"query-input":{"@type":"PropertyValueSpecification","valueRequired":true,"valueName":"search_term_string"}}],"inLanguage":"hr"},{"@type":"Organization","@id":"https:\/\/radioljubuski.ba\/#organization","name":"Radio Ljubu\u0161ki","url":"https:\/\/radioljubuski.ba\/","logo":{"@type":"ImageObject","inLanguage":"hr","@id":"https:\/\/radioljubuski.ba\/#\/schema\/logo\/image\/","url":"https:\/\/radioljubuski.ba\/wp-content\/uploads\/2021\/02\/cropped-Radio_Ljubuski_logo1.jpg","contentUrl":"https:\/\/radioljubuski.ba\/wp-content\/uploads\/2021\/02\/cropped-Radio_Ljubuski_logo1.jpg","width":512,"height":512,"caption":"Radio Ljubu\u0161ki"},"image":{"@id":"https:\/\/radioljubuski.ba\/#\/schema\/logo\/image\/"},"sameAs":["https:\/\/www.facebook.com\/Radiio-Ljubuski-1490835324566332","https:\/\/x.com\/radioljubuski","https:\/\/hr.linkedin.com\/company\/radio-ljubuski","https:\/\/www.youtube.com\/channel\/UCHYaeO_n0Db3tjNGudGpXyw"]},{"@type":"Person","@id":"https:\/\/radioljubuski.ba\/#\/schema\/person\/19fc700381a780f69665d7956c469e3b","name":"Radio Ljubu\u0161ki"}]}},"_links":{"self":[{"href":"https:\/\/radioljubuski.ba\/index.php\/wp-json\/wp\/v2\/posts\/159595","targetHints":{"allow":["GET"]}}],"collection":[{"href":"https:\/\/radioljubuski.ba\/index.php\/wp-json\/wp\/v2\/posts"}],"about":[{"href":"https:\/\/radioljubuski.ba\/index.php\/wp-json\/wp\/v2\/types\/post"}],"author":[{"embeddable":true,"href":"https:\/\/radioljubuski.ba\/index.php\/wp-json\/wp\/v2\/users\/2"}],"replies":[{"embeddable":true,"href":"https:\/\/radioljubuski.ba\/index.php\/wp-json\/wp\/v2\/comments?post=159595"}],"version-history":[{"count":1,"href":"https:\/\/radioljubuski.ba\/index.php\/wp-json\/wp\/v2\/posts\/159595\/revisions"}],"predecessor-version":[{"id":159597,"href":"https:\/\/radioljubuski.ba\/index.php\/wp-json\/wp\/v2\/posts\/159595\/revisions\/159597"}],"wp:featuredmedia":[{"embeddable":true,"href":"https:\/\/radioljubuski.ba\/index.php\/wp-json\/wp\/v2\/media\/159596"}],"wp:attachment":[{"href":"https:\/\/radioljubuski.ba\/index.php\/wp-json\/wp\/v2\/media?parent=159595"}],"wp:term":[{"taxonomy":"category","embeddable":true,"href":"https:\/\/radioljubuski.ba\/index.php\/wp-json\/wp\/v2\/categories?post=159595"},{"taxonomy":"post_tag","embeddable":true,"href":"https:\/\/radioljubuski.ba\/index.php\/wp-json\/wp\/v2\/tags?post=159595"}],"curies":[{"name":"wp","href":"https:\/\/api.w.org\/{rel}","templated":true}]}}