{"id":159598,"date":"2022-07-14T14:46:45","date_gmt":"2022-07-14T13:46:45","guid":{"rendered":"https:\/\/radioljubuski.ba\/?p=159598"},"modified":"2022-07-14T14:46:47","modified_gmt":"2022-07-14T13:46:47","slug":"za-programe-uvezivanja-radnog-staza-u-javnim-i-privatnim-poduzecima-4-468-000-km","status":"publish","type":"post","link":"https:\/\/radioljubuski.ba\/index.php\/2022\/07\/14\/za-programe-uvezivanja-radnog-staza-u-javnim-i-privatnim-poduzecima-4-468-000-km\/","title":{"rendered":"Za programe \u201cuvezivanja radnog sta\u017ea\u201d u javnim i privatnim poduze\u0107ima 4.468.000 KM"},"content":{"rendered":"\n<p>Vlada Federacije BiH je, ne prijedog Federalnog ministarstva energije, rudarstva i industrije, donijela odluke o usvajanju dva programa utro\u0161ka sredstava utvr\u0111enih u ovogodi\u0161njem Prora\u010dunu FBiH, a namijenjenih kao subvencije za uvezivanje radnog sta\u017ea radnika u javnim, te privatnim poduze\u0107ima i poduzetnicima, u ukupnom iznosu od 4.468.000 konvertibilnih maraka.<\/p>\n\n\n\n<p>Od toga se na javna poduze\u0107a odnosi 3.468.000 KM, a na privatna poduze\u0107a i poduzetnike 1.000.000 KM.<\/p>\n\n\n\n<p>Za realizaciju ovih odluka, koje na snagu stupaju dan nakon objave u Slu\u017ebenim novinama FBiH, zadu\u017eena su federalna ministarstva energije, rudarstva i industrije, te financija, svako u okviru svoje nadle\u017enosti.<\/p>\n\n\n\n<p>Prvenstveni cilj ovih programa je zbrinjavanje radnika koji ne mogu ste\u0107i pravo na odlazak u mirovinu jer im nije upla\u0107en radni sta\u017e. Rije\u010d je o grant sredstvima koja se dodjeljuju za izmirenje dugovanja poduze\u0107a za neupla\u0107ene doprinose samo po osnovu mirovinsko-invalidskog osiguranja, i to za radnike koji \u0107e sa sta\u017eom osiguranja za koji \u0107e biti upla\u0107eni doprinosi, ispunjavati uvjete za ostvarivanje prava za umirovljenje, po bilo kojem osnovu.<\/p>\n\n\n\n<p>Kada je rije\u010d o programu namjenjenom javnim poduze\u0107ima, izuzetak od ovoga su poduze\u0107a u procesu likvidacije, a kojima se dodjeljuju sredstva za izmirenje dugovanja za neupla\u0107ene doprinose po osnovu MIO, zdravstvenog i osiguranja od nezaposlenosti i to za radnike koji \u0107e sa sta\u017eom osiguranja za koji \u0107e biti upla\u0107eni doprinosi ispunjavati uvjete za umirovljenje po bilo kojem osnovu.<\/p>\n\n\n\n<p>Rezultat provodenja ovih programa je rje\u0161avanje socijalnog statusa zaposlenika kroz umirovljenje.<\/p>\n\n\n\n<p>Programi traju do utro\u0161ka sredstava, a najkasnije do kraja fiskalne godine, odnosno do 31.12.2022.<\/p>\n\n\n\n<p>Sredstva \u0107e biti dodjeljivana na osnovu raspisanog javnog poziva, kojim \u0107e biti definirane osnovne informacije o programima. Ukoliko sredstva ne budu utro\u0161ena po prvom raspisanom javnom pozivu, resorno federalno ministarstvo mo\u017ee raspisati novi, do utro\u0161ka sredstava, priop\u0107eno je iz Ureda Vlade FBiH za odnose s javno\u0161\u0107u.<\/p>\n\n\n\n<p>\/HMS\/<\/p>\n","protected":false},"excerpt":{"rendered":"<p>Vlada Federacije BiH je, ne prijedog Federalnog ministarstva energije, rudarstva i industrije, donijela odluke o usvajanju dva programa utro\u0161ka sredstava utvr\u0111enih u ovogodi\u0161njem Prora\u010dunu FBiH, a namijenjenih kao subvencije za uvezivanje radnog sta\u017ea radnika u javnim, te privatnim poduze\u0107ima i poduzetnicima, u ukupnom iznosu od 4.468.000 konvertibilnih maraka. Od toga se na javna poduze\u0107a odnosi [&hellip;]<\/p>\n","protected":false},"author":2,"featured_media":159599,"comment_status":"closed","ping_status":"closed","sticky":false,"template":"","format":"standard","meta":{"h5ap_radio_sources":[],"footnotes":""},"categories":[1],"tags":[],"class_list":["post-159598","post","type-post","status-publish","format-standard","has-post-thumbnail","hentry","category-bihiregija"],"yoast_head":"<!-- This site is optimized with the Yoast SEO plugin v27.5 - https:\/\/yoast.com\/product\/yoast-seo-wordpress\/ -->\n<title>Za programe \u201cuvezivanja radnog sta\u017ea\u201d u javnim i privatnim poduze\u0107ima 4.468.000 KM - RADIO LJUBU\u0160KI<\/title>\n<meta name=\"robots\" content=\"index, follow, max-snippet:-1, max-image-preview:large, max-video-preview:-1\" \/>\n<link rel=\"canonical\" href=\"https:\/\/radioljubuski.ba\/index.php\/2022\/07\/14\/za-programe-uvezivanja-radnog-staza-u-javnim-i-privatnim-poduzecima-4-468-000-km\/\" \/>\n<meta property=\"og:locale\" content=\"hr_HR\" \/>\n<meta property=\"og:type\" content=\"article\" \/>\n<meta property=\"og:title\" content=\"Za programe \u201cuvezivanja radnog sta\u017ea\u201d u javnim i privatnim poduze\u0107ima 4.468.000 KM - RADIO LJUBU\u0160KI\" \/>\n<meta property=\"og:description\" content=\"Vlada Federacije BiH je, ne prijedog Federalnog ministarstva energije, rudarstva i industrije, donijela odluke o usvajanju dva programa utro\u0161ka sredstava utvr\u0111enih u ovogodi\u0161njem Prora\u010dunu FBiH, a namijenjenih kao subvencije za uvezivanje radnog sta\u017ea radnika u javnim, te privatnim poduze\u0107ima i poduzetnicima, u ukupnom iznosu od 4.468.000 konvertibilnih maraka. Od toga se na javna poduze\u0107a odnosi [&hellip;]\" \/>\n<meta property=\"og:url\" content=\"https:\/\/radioljubuski.ba\/index.php\/2022\/07\/14\/za-programe-uvezivanja-radnog-staza-u-javnim-i-privatnim-poduzecima-4-468-000-km\/\" \/>\n<meta property=\"og:site_name\" content=\"RADIO LJUBU\u0160KI\" \/>\n<meta property=\"article:publisher\" content=\"https:\/\/www.facebook.com\/Radiio-Ljubuski-1490835324566332\" \/>\n<meta property=\"article:published_time\" content=\"2022-07-14T13:46:45+00:00\" \/>\n<meta property=\"article:modified_time\" content=\"2022-07-14T13:46:47+00:00\" \/>\n<meta property=\"og:image\" content=\"https:\/\/radioljubuski.ba\/wp-content\/uploads\/2022\/07\/novalic-milicevic.jpg\" \/>\n\t<meta property=\"og:image:width\" content=\"1024\" \/>\n\t<meta property=\"og:image:height\" content=\"678\" \/>\n\t<meta property=\"og:image:type\" content=\"image\/jpeg\" \/>\n<meta name=\"author\" content=\"Radio Ljubu\u0161ki\" \/>\n<meta name=\"twitter:card\" content=\"summary_large_image\" \/>\n<meta name=\"twitter:creator\" content=\"@radioljubuski\" \/>\n<meta name=\"twitter:site\" content=\"@radioljubuski\" \/>\n<meta name=\"twitter:label1\" content=\"Napisao\/la\" \/>\n\t<meta name=\"twitter:data1\" content=\"Radio Ljubu\u0161ki\" \/>\n\t<meta name=\"twitter:label2\" content=\"Procijenjeno vrijeme \u010ditanja\" \/>\n\t<meta name=\"twitter:data2\" content=\"2 minute\" \/>\n<script type=\"application\/ld+json\" class=\"yoast-schema-graph\">{\"@context\":\"https:\\\/\\\/schema.org\",\"@graph\":[{\"@type\":\"Article\",\"@id\":\"https:\\\/\\\/radioljubuski.ba\\\/index.php\\\/2022\\\/07\\\/14\\\/za-programe-uvezivanja-radnog-staza-u-javnim-i-privatnim-poduzecima-4-468-000-km\\\/#article\",\"isPartOf\":{\"@id\":\"https:\\\/\\\/radioljubuski.ba\\\/index.php\\\/2022\\\/07\\\/14\\\/za-programe-uvezivanja-radnog-staza-u-javnim-i-privatnim-poduzecima-4-468-000-km\\\/\"},\"author\":{\"name\":\"Radio Ljubu\u0161ki\",\"@id\":\"https:\\\/\\\/radioljubuski.ba\\\/#\\\/schema\\\/person\\\/19fc700381a780f69665d7956c469e3b\"},\"headline\":\"Za programe \u201cuvezivanja radnog sta\u017ea\u201d u javnim i privatnim poduze\u0107ima 4.468.000 KM\",\"datePublished\":\"2022-07-14T13:46:45+00:00\",\"dateModified\":\"2022-07-14T13:46:47+00:00\",\"mainEntityOfPage\":{\"@id\":\"https:\\\/\\\/radioljubuski.ba\\\/index.php\\\/2022\\\/07\\\/14\\\/za-programe-uvezivanja-radnog-staza-u-javnim-i-privatnim-poduzecima-4-468-000-km\\\/\"},\"wordCount\":331,\"publisher\":{\"@id\":\"https:\\\/\\\/radioljubuski.ba\\\/#organization\"},\"image\":{\"@id\":\"https:\\\/\\\/radioljubuski.ba\\\/index.php\\\/2022\\\/07\\\/14\\\/za-programe-uvezivanja-radnog-staza-u-javnim-i-privatnim-poduzecima-4-468-000-km\\\/#primaryimage\"},\"thumbnailUrl\":\"https:\\\/\\\/radioljubuski.ba\\\/wp-content\\\/uploads\\\/2022\\\/07\\\/novalic-milicevic.jpg\",\"articleSection\":[\"BIH i regija\"],\"inLanguage\":\"hr\"},{\"@type\":\"WebPage\",\"@id\":\"https:\\\/\\\/radioljubuski.ba\\\/index.php\\\/2022\\\/07\\\/14\\\/za-programe-uvezivanja-radnog-staza-u-javnim-i-privatnim-poduzecima-4-468-000-km\\\/\",\"url\":\"https:\\\/\\\/radioljubuski.ba\\\/index.php\\\/2022\\\/07\\\/14\\\/za-programe-uvezivanja-radnog-staza-u-javnim-i-privatnim-poduzecima-4-468-000-km\\\/\",\"name\":\"Za programe \u201cuvezivanja radnog sta\u017ea\u201d u javnim i privatnim poduze\u0107ima 4.468.000 KM - RADIO LJUBU\u0160KI\",\"isPartOf\":{\"@id\":\"https:\\\/\\\/radioljubuski.ba\\\/#website\"},\"primaryImageOfPage\":{\"@id\":\"https:\\\/\\\/radioljubuski.ba\\\/index.php\\\/2022\\\/07\\\/14\\\/za-programe-uvezivanja-radnog-staza-u-javnim-i-privatnim-poduzecima-4-468-000-km\\\/#primaryimage\"},\"image\":{\"@id\":\"https:\\\/\\\/radioljubuski.ba\\\/index.php\\\/2022\\\/07\\\/14\\\/za-programe-uvezivanja-radnog-staza-u-javnim-i-privatnim-poduzecima-4-468-000-km\\\/#primaryimage\"},\"thumbnailUrl\":\"https:\\\/\\\/radioljubuski.ba\\\/wp-content\\\/uploads\\\/2022\\\/07\\\/novalic-milicevic.jpg\",\"datePublished\":\"2022-07-14T13:46:45+00:00\",\"dateModified\":\"2022-07-14T13:46:47+00:00\",\"breadcrumb\":{\"@id\":\"https:\\\/\\\/radioljubuski.ba\\\/index.php\\\/2022\\\/07\\\/14\\\/za-programe-uvezivanja-radnog-staza-u-javnim-i-privatnim-poduzecima-4-468-000-km\\\/#breadcrumb\"},\"inLanguage\":\"hr\",\"potentialAction\":[{\"@type\":\"ReadAction\",\"target\":[\"https:\\\/\\\/radioljubuski.ba\\\/index.php\\\/2022\\\/07\\\/14\\\/za-programe-uvezivanja-radnog-staza-u-javnim-i-privatnim-poduzecima-4-468-000-km\\\/\"]}]},{\"@type\":\"ImageObject\",\"inLanguage\":\"hr\",\"@id\":\"https:\\\/\\\/radioljubuski.ba\\\/index.php\\\/2022\\\/07\\\/14\\\/za-programe-uvezivanja-radnog-staza-u-javnim-i-privatnim-poduzecima-4-468-000-km\\\/#primaryimage\",\"url\":\"https:\\\/\\\/radioljubuski.ba\\\/wp-content\\\/uploads\\\/2022\\\/07\\\/novalic-milicevic.jpg\",\"contentUrl\":\"https:\\\/\\\/radioljubuski.ba\\\/wp-content\\\/uploads\\\/2022\\\/07\\\/novalic-milicevic.jpg\",\"width\":1024,\"height\":678},{\"@type\":\"BreadcrumbList\",\"@id\":\"https:\\\/\\\/radioljubuski.ba\\\/index.php\\\/2022\\\/07\\\/14\\\/za-programe-uvezivanja-radnog-staza-u-javnim-i-privatnim-poduzecima-4-468-000-km\\\/#breadcrumb\",\"itemListElement\":[{\"@type\":\"ListItem\",\"position\":1,\"name\":\"Po\u010detna stranica\",\"item\":\"https:\\\/\\\/radioljubuski.ba\\\/\"},{\"@type\":\"ListItem\",\"position\":2,\"name\":\"Za programe \u201cuvezivanja radnog sta\u017ea\u201d u javnim i privatnim poduze\u0107ima 4.468.000 KM\"}]},{\"@type\":\"WebSite\",\"@id\":\"https:\\\/\\\/radioljubuski.ba\\\/#website\",\"url\":\"https:\\\/\\\/radioljubuski.ba\\\/\",\"name\":\"Radio Ljubu\u0161ki\",\"description\":\"Sun\u010dana frekvencija Hercegovine\",\"publisher\":{\"@id\":\"https:\\\/\\\/radioljubuski.ba\\\/#organization\"},\"potentialAction\":[{\"@type\":\"SearchAction\",\"target\":{\"@type\":\"EntryPoint\",\"urlTemplate\":\"https:\\\/\\\/radioljubuski.ba\\\/?s={search_term_string}\"},\"query-input\":{\"@type\":\"PropertyValueSpecification\",\"valueRequired\":true,\"valueName\":\"search_term_string\"}}],\"inLanguage\":\"hr\"},{\"@type\":\"Organization\",\"@id\":\"https:\\\/\\\/radioljubuski.ba\\\/#organization\",\"name\":\"Radio Ljubu\u0161ki\",\"url\":\"https:\\\/\\\/radioljubuski.ba\\\/\",\"logo\":{\"@type\":\"ImageObject\",\"inLanguage\":\"hr\",\"@id\":\"https:\\\/\\\/radioljubuski.ba\\\/#\\\/schema\\\/logo\\\/image\\\/\",\"url\":\"https:\\\/\\\/radioljubuski.ba\\\/wp-content\\\/uploads\\\/2021\\\/02\\\/cropped-Radio_Ljubuski_logo1.jpg\",\"contentUrl\":\"https:\\\/\\\/radioljubuski.ba\\\/wp-content\\\/uploads\\\/2021\\\/02\\\/cropped-Radio_Ljubuski_logo1.jpg\",\"width\":512,\"height\":512,\"caption\":\"Radio Ljubu\u0161ki\"},\"image\":{\"@id\":\"https:\\\/\\\/radioljubuski.ba\\\/#\\\/schema\\\/logo\\\/image\\\/\"},\"sameAs\":[\"https:\\\/\\\/www.facebook.com\\\/Radiio-Ljubuski-1490835324566332\",\"https:\\\/\\\/x.com\\\/radioljubuski\",\"https:\\\/\\\/hr.linkedin.com\\\/company\\\/radio-ljubuski\",\"https:\\\/\\\/www.youtube.com\\\/channel\\\/UCHYaeO_n0Db3tjNGudGpXyw\"]},{\"@type\":\"Person\",\"@id\":\"https:\\\/\\\/radioljubuski.ba\\\/#\\\/schema\\\/person\\\/19fc700381a780f69665d7956c469e3b\",\"name\":\"Radio Ljubu\u0161ki\"}]}<\/script>\n<!-- \/ Yoast SEO plugin. -->","yoast_head_json":{"title":"Za programe \u201cuvezivanja radnog sta\u017ea\u201d u javnim i privatnim poduze\u0107ima 4.468.000 KM - RADIO LJUBU\u0160KI","robots":{"index":"index","follow":"follow","max-snippet":"max-snippet:-1","max-image-preview":"max-image-preview:large","max-video-preview":"max-video-preview:-1"},"canonical":"https:\/\/radioljubuski.ba\/index.php\/2022\/07\/14\/za-programe-uvezivanja-radnog-staza-u-javnim-i-privatnim-poduzecima-4-468-000-km\/","og_locale":"hr_HR","og_type":"article","og_title":"Za programe \u201cuvezivanja radnog sta\u017ea\u201d u javnim i privatnim poduze\u0107ima 4.468.000 KM - RADIO LJUBU\u0160KI","og_description":"Vlada Federacije BiH je, ne prijedog Federalnog ministarstva energije, rudarstva i industrije, donijela odluke o usvajanju dva programa utro\u0161ka sredstava utvr\u0111enih u ovogodi\u0161njem Prora\u010dunu FBiH, a namijenjenih kao subvencije za uvezivanje radnog sta\u017ea radnika u javnim, te privatnim poduze\u0107ima i poduzetnicima, u ukupnom iznosu od 4.468.000 konvertibilnih maraka. Od toga se na javna poduze\u0107a odnosi [&hellip;]","og_url":"https:\/\/radioljubuski.ba\/index.php\/2022\/07\/14\/za-programe-uvezivanja-radnog-staza-u-javnim-i-privatnim-poduzecima-4-468-000-km\/","og_site_name":"RADIO LJUBU\u0160KI","article_publisher":"https:\/\/www.facebook.com\/Radiio-Ljubuski-1490835324566332","article_published_time":"2022-07-14T13:46:45+00:00","article_modified_time":"2022-07-14T13:46:47+00:00","og_image":[{"width":1024,"height":678,"url":"https:\/\/radioljubuski.ba\/wp-content\/uploads\/2022\/07\/novalic-milicevic.jpg","type":"image\/jpeg"}],"author":"Radio Ljubu\u0161ki","twitter_card":"summary_large_image","twitter_creator":"@radioljubuski","twitter_site":"@radioljubuski","twitter_misc":{"Napisao\/la":"Radio Ljubu\u0161ki","Procijenjeno vrijeme \u010ditanja":"2 minute"},"schema":{"@context":"https:\/\/schema.org","@graph":[{"@type":"Article","@id":"https:\/\/radioljubuski.ba\/index.php\/2022\/07\/14\/za-programe-uvezivanja-radnog-staza-u-javnim-i-privatnim-poduzecima-4-468-000-km\/#article","isPartOf":{"@id":"https:\/\/radioljubuski.ba\/index.php\/2022\/07\/14\/za-programe-uvezivanja-radnog-staza-u-javnim-i-privatnim-poduzecima-4-468-000-km\/"},"author":{"name":"Radio Ljubu\u0161ki","@id":"https:\/\/radioljubuski.ba\/#\/schema\/person\/19fc700381a780f69665d7956c469e3b"},"headline":"Za programe \u201cuvezivanja radnog sta\u017ea\u201d u javnim i privatnim poduze\u0107ima 4.468.000 KM","datePublished":"2022-07-14T13:46:45+00:00","dateModified":"2022-07-14T13:46:47+00:00","mainEntityOfPage":{"@id":"https:\/\/radioljubuski.ba\/index.php\/2022\/07\/14\/za-programe-uvezivanja-radnog-staza-u-javnim-i-privatnim-poduzecima-4-468-000-km\/"},"wordCount":331,"publisher":{"@id":"https:\/\/radioljubuski.ba\/#organization"},"image":{"@id":"https:\/\/radioljubuski.ba\/index.php\/2022\/07\/14\/za-programe-uvezivanja-radnog-staza-u-javnim-i-privatnim-poduzecima-4-468-000-km\/#primaryimage"},"thumbnailUrl":"https:\/\/radioljubuski.ba\/wp-content\/uploads\/2022\/07\/novalic-milicevic.jpg","articleSection":["BIH i regija"],"inLanguage":"hr"},{"@type":"WebPage","@id":"https:\/\/radioljubuski.ba\/index.php\/2022\/07\/14\/za-programe-uvezivanja-radnog-staza-u-javnim-i-privatnim-poduzecima-4-468-000-km\/","url":"https:\/\/radioljubuski.ba\/index.php\/2022\/07\/14\/za-programe-uvezivanja-radnog-staza-u-javnim-i-privatnim-poduzecima-4-468-000-km\/","name":"Za programe \u201cuvezivanja radnog sta\u017ea\u201d u javnim i privatnim poduze\u0107ima 4.468.000 KM - RADIO LJUBU\u0160KI","isPartOf":{"@id":"https:\/\/radioljubuski.ba\/#website"},"primaryImageOfPage":{"@id":"https:\/\/radioljubuski.ba\/index.php\/2022\/07\/14\/za-programe-uvezivanja-radnog-staza-u-javnim-i-privatnim-poduzecima-4-468-000-km\/#primaryimage"},"image":{"@id":"https:\/\/radioljubuski.ba\/index.php\/2022\/07\/14\/za-programe-uvezivanja-radnog-staza-u-javnim-i-privatnim-poduzecima-4-468-000-km\/#primaryimage"},"thumbnailUrl":"https:\/\/radioljubuski.ba\/wp-content\/uploads\/2022\/07\/novalic-milicevic.jpg","datePublished":"2022-07-14T13:46:45+00:00","dateModified":"2022-07-14T13:46:47+00:00","breadcrumb":{"@id":"https:\/\/radioljubuski.ba\/index.php\/2022\/07\/14\/za-programe-uvezivanja-radnog-staza-u-javnim-i-privatnim-poduzecima-4-468-000-km\/#breadcrumb"},"inLanguage":"hr","potentialAction":[{"@type":"ReadAction","target":["https:\/\/radioljubuski.ba\/index.php\/2022\/07\/14\/za-programe-uvezivanja-radnog-staza-u-javnim-i-privatnim-poduzecima-4-468-000-km\/"]}]},{"@type":"ImageObject","inLanguage":"hr","@id":"https:\/\/radioljubuski.ba\/index.php\/2022\/07\/14\/za-programe-uvezivanja-radnog-staza-u-javnim-i-privatnim-poduzecima-4-468-000-km\/#primaryimage","url":"https:\/\/radioljubuski.ba\/wp-content\/uploads\/2022\/07\/novalic-milicevic.jpg","contentUrl":"https:\/\/radioljubuski.ba\/wp-content\/uploads\/2022\/07\/novalic-milicevic.jpg","width":1024,"height":678},{"@type":"BreadcrumbList","@id":"https:\/\/radioljubuski.ba\/index.php\/2022\/07\/14\/za-programe-uvezivanja-radnog-staza-u-javnim-i-privatnim-poduzecima-4-468-000-km\/#breadcrumb","itemListElement":[{"@type":"ListItem","position":1,"name":"Po\u010detna stranica","item":"https:\/\/radioljubuski.ba\/"},{"@type":"ListItem","position":2,"name":"Za programe \u201cuvezivanja radnog sta\u017ea\u201d u javnim i privatnim poduze\u0107ima 4.468.000 KM"}]},{"@type":"WebSite","@id":"https:\/\/radioljubuski.ba\/#website","url":"https:\/\/radioljubuski.ba\/","name":"Radio Ljubu\u0161ki","description":"Sun\u010dana frekvencija Hercegovine","publisher":{"@id":"https:\/\/radioljubuski.ba\/#organization"},"potentialAction":[{"@type":"SearchAction","target":{"@type":"EntryPoint","urlTemplate":"https:\/\/radioljubuski.ba\/?s={search_term_string}"},"query-input":{"@type":"PropertyValueSpecification","valueRequired":true,"valueName":"search_term_string"}}],"inLanguage":"hr"},{"@type":"Organization","@id":"https:\/\/radioljubuski.ba\/#organization","name":"Radio Ljubu\u0161ki","url":"https:\/\/radioljubuski.ba\/","logo":{"@type":"ImageObject","inLanguage":"hr","@id":"https:\/\/radioljubuski.ba\/#\/schema\/logo\/image\/","url":"https:\/\/radioljubuski.ba\/wp-content\/uploads\/2021\/02\/cropped-Radio_Ljubuski_logo1.jpg","contentUrl":"https:\/\/radioljubuski.ba\/wp-content\/uploads\/2021\/02\/cropped-Radio_Ljubuski_logo1.jpg","width":512,"height":512,"caption":"Radio Ljubu\u0161ki"},"image":{"@id":"https:\/\/radioljubuski.ba\/#\/schema\/logo\/image\/"},"sameAs":["https:\/\/www.facebook.com\/Radiio-Ljubuski-1490835324566332","https:\/\/x.com\/radioljubuski","https:\/\/hr.linkedin.com\/company\/radio-ljubuski","https:\/\/www.youtube.com\/channel\/UCHYaeO_n0Db3tjNGudGpXyw"]},{"@type":"Person","@id":"https:\/\/radioljubuski.ba\/#\/schema\/person\/19fc700381a780f69665d7956c469e3b","name":"Radio Ljubu\u0161ki"}]}},"_links":{"self":[{"href":"https:\/\/radioljubuski.ba\/index.php\/wp-json\/wp\/v2\/posts\/159598","targetHints":{"allow":["GET"]}}],"collection":[{"href":"https:\/\/radioljubuski.ba\/index.php\/wp-json\/wp\/v2\/posts"}],"about":[{"href":"https:\/\/radioljubuski.ba\/index.php\/wp-json\/wp\/v2\/types\/post"}],"author":[{"embeddable":true,"href":"https:\/\/radioljubuski.ba\/index.php\/wp-json\/wp\/v2\/users\/2"}],"replies":[{"embeddable":true,"href":"https:\/\/radioljubuski.ba\/index.php\/wp-json\/wp\/v2\/comments?post=159598"}],"version-history":[{"count":1,"href":"https:\/\/radioljubuski.ba\/index.php\/wp-json\/wp\/v2\/posts\/159598\/revisions"}],"predecessor-version":[{"id":159600,"href":"https:\/\/radioljubuski.ba\/index.php\/wp-json\/wp\/v2\/posts\/159598\/revisions\/159600"}],"wp:featuredmedia":[{"embeddable":true,"href":"https:\/\/radioljubuski.ba\/index.php\/wp-json\/wp\/v2\/media\/159599"}],"wp:attachment":[{"href":"https:\/\/radioljubuski.ba\/index.php\/wp-json\/wp\/v2\/media?parent=159598"}],"wp:term":[{"taxonomy":"category","embeddable":true,"href":"https:\/\/radioljubuski.ba\/index.php\/wp-json\/wp\/v2\/categories?post=159598"},{"taxonomy":"post_tag","embeddable":true,"href":"https:\/\/radioljubuski.ba\/index.php\/wp-json\/wp\/v2\/tags?post=159598"}],"curies":[{"name":"wp","href":"https:\/\/api.w.org\/{rel}","templated":true}]}}