{"id":159604,"date":"2022-07-14T14:49:06","date_gmt":"2022-07-14T13:49:06","guid":{"rendered":"https:\/\/radioljubuski.ba\/?p=159604"},"modified":"2022-07-14T14:49:07","modified_gmt":"2022-07-14T13:49:07","slug":"hrs-ne-podrzavamo-kandidaturu-kristo-pozivamo-glasace-da-glasaju-po-svojoj-savjesti","status":"publish","type":"post","link":"https:\/\/radioljubuski.ba\/index.php\/2022\/07\/14\/hrs-ne-podrzavamo-kandidaturu-kristo-pozivamo-glasace-da-glasaju-po-svojoj-savjesti\/","title":{"rendered":"HRS: Ne podr\u017eavamo kandidaturu Kri\u0161to, pozivamo glasa\u010de da glasaju po svojoj savjesti"},"content":{"rendered":"\n<p><strong>Povodom kontinuiranih objava i izjava u javnosti od strane HDZ-a BiH i njihovih du\u017enosnika kako \u201csve hrvatske stranke podr\u017eavaju kandidaturu Borjane Kri\u0161to\u201d, ovim putem moramo iskazati slu\u017ebeni stav Hrvatske republikanske stranke kako HRS ne podr\u017eava kandidaturu Borjane Kri\u0161to za hrvatskog \u010dlana Predsjedni\u0161tva. Ljudi neka glasuju po svojoj savjesti, ali na\u0161u podr\u0161ku kandidatkinja HDZ-a BiH nema, navodi HRS u priop\u0107enju za javnost.<\/strong><\/p>\n\n\n\n<p>\u2013 Puno prije slu\u017ebenog raspisivanja Izbora 2022., u vremenu kada je vrh HDZ-a BiH obe\u0107avao \u201csa sigurno\u0161\u0107u\u201d uspje\u0161an ishod pregovora oko izmjena Izbornog zakona, HRS je to\u010dno predvidio ne samo ishode tih razgovora, nego i cijeli razvoj okolnosti i situacije oko izbora i izbornog procesa. To je vrlo lako dokazivo, ako se samo povr\u0161no pregledaju javni istupi na\u0161ih du\u017enosnika. Od tada, pa tijekom cijelog razdoblja od lokalnih izbora do raspisivanja Op\u0107ih, insistirali smo o svehrvatskom konsenzusu oko hrvatskog kandidata za Predsjedni\u0161tvo \u2013 navode u HRS-u.<\/p>\n\n\n\n<p><strong>Predlagali politi\u010dki neovisnu osobu<\/strong><\/p>\n\n\n\n<p>Podsje\u0107aju da su predlagali politi\u010dki neovisnu osobu, intelektualno kapacitiranu i patriotski osvije\u0161tenu, iza koje bi iskreno stale sve hrvatske stranke.<\/p>\n\n\n\n<p>\u2013 Osobu koja \u0107e djelovati motiviraju\u0107e na hrvatsko bira\u010dko tijelo. Do zadnjeg trenutka smo insistirali na tome, u prilog \u010demu ide \u010dinjenica da smo sami odustali od kandidature svog kandidata, kako se ne bi na ovoj razini razbijalo hrvatsko politi\u010dko bi\u0107e, posebno znaju\u0107i kako se ponovno kandidirao uzurpator \u017deljko Kom\u0161i\u0107. Umjesto da shvate povijesnu ozbiljnost trenutka i odgovornost, najja\u010da stranka, odnosno njen predsjednik, odlu\u010dili su kandidirati Borjanu Kri\u0161to. Gospo\u0111a Kri\u0161to ima vi\u0161edesetljetni sta\u017e u politici, jo\u0161 od 1999. godine, navodi HRS.<\/p>\n\n\n\n<p>Pitaju \u201cmo\u017ee li netko ista\u0107i makar jednu stvar koju je uradila za dobrobit hrvatskog naroda i \u010dovjeka, a s kojom bi se mogla pohvaliti?\u201d<\/p>\n\n\n\n<p>\u2013 Godine 2010. je ve\u0107 jednom bezuspje\u0161no bila kandidat za hrvatskog \u010dlana Predsjedni\u0161tva. U godinama kasnijih izbornih ciklusa, 2014. i 2018. izborna jedinica gdje je nosila listu imala najmanju izlaznost. Godine 2018., uz malu izlaznost, imala je i ogroman prosjek neva\u017ee\u0107ih\/poni\u0161tenih listova. \u010cak 14%! Ne mo\u017ee, dakle, se o\u010dekivati da njena kandidatura iole djeluje motiviraju\u0107e. Ba\u0161 suprotno. U konstalaciji odnosa u kojima bo\u0161nja\u010dka politika otvoreno \u017eeli od Hrvata napraviti manjinu u svome domu, potez njene kandidature je ultimativni dokaz kako hrvatska politi\u010dka elita, na \u010delu s HDZ-om BiH \u017eivi u svom nekom svijetu, bez ikakvih dodirnih to\u010daka sa stvarno\u0161\u0107u i kako isklju\u010divo ima u interesu zadr\u017eati\/odr\u017eati sinekure. Interes hrvatskog naroda i hrvatskog \u010dovjeka im nije niti u primislima \u2013 nagla\u0161avaju u HRS-u.<\/p>\n\n\n\n<p><strong>\u201cMole Izetbegovi\u0107a da ne podr\u017ei Kom\u0161i\u0107ev izbor\u201d<\/strong><\/p>\n\n\n\n<p>Oni smatraju da iako je Dragan \u010covi\u0107 odustao od kandidature, on i dalje kontrolira infrastrukturu stranke kako bi nakon izbora \u201czauzeo planiranu poziciju za sebe i svoje pulene\u201d.<\/p>\n\n\n\n<p>\u2013 Iste one koji zadnjih 8 godina nisu napravili apsolutno ni\u0161ta po pitanju rje\u0161avanja hrvatskog pitanja u BiH. Koliko smo nisko pali ponajbolje govori \u010dinjenica da prakti\u010dno \u201cmolimo\u201d Bakira Izetbegovi\u0107a da ovaj put ne podr\u017ei Kom\u0161i\u0107ev izbor. Sve je to sasvim legitimno od strane vodstva HDZ-a BiH. Ne \u017eelimo i ne\u0107emo se petljati u njihovo vo\u0111enje politike, ali isto tako ne dopu\u0161tamo identificiranje te politike s prefiksom \u201chrvatski\u201d. To je politika HDZ-a BiH, to nije hrvatska politika. Ne dopu\u0161tamo stavljanje u taj kontekst HRS-a, stranke s hrvatskim predznakom. Borjana Kri\u0161to je i pravno i politi\u010dki gledano kandidat HDZ-a BiH, ne \u201cstranaka s hrvatskim predznakom\u201d.<\/p>\n\n\n\n<p>Naglasili su da HRS ne podr\u017eava njenu kandidaturu, te da pozivaju sve ljude, kada je lista za Predsjedni\u0161tvo u pitanju, glasuju po svojoj savjesti.<\/p>\n\n\n\n<p>\/HMS\/<\/p>\n","protected":false},"excerpt":{"rendered":"<p>Povodom kontinuiranih objava i izjava u javnosti od strane HDZ-a BiH i njihovih du\u017enosnika kako \u201csve hrvatske stranke podr\u017eavaju kandidaturu Borjane Kri\u0161to\u201d, ovim putem moramo iskazati slu\u017ebeni stav Hrvatske republikanske stranke kako HRS ne podr\u017eava kandidaturu Borjane Kri\u0161to za hrvatskog \u010dlana Predsjedni\u0161tva. Ljudi neka glasuju po svojoj savjesti, ali na\u0161u podr\u0161ku kandidatkinja HDZ-a BiH nema, [&hellip;]<\/p>\n","protected":false},"author":2,"featured_media":114819,"comment_status":"closed","ping_status":"closed","sticky":false,"template":"","format":"standard","meta":{"h5ap_radio_sources":[],"footnotes":""},"categories":[1],"tags":[],"class_list":["post-159604","post","type-post","status-publish","format-standard","has-post-thumbnail","hentry","category-bihiregija"],"yoast_head":"<!-- This site is optimized with the Yoast SEO plugin v27.5 - https:\/\/yoast.com\/product\/yoast-seo-wordpress\/ -->\n<title>HRS: Ne podr\u017eavamo kandidaturu Kri\u0161to, pozivamo glasa\u010de da glasaju po svojoj savjesti - RADIO LJUBU\u0160KI<\/title>\n<meta name=\"robots\" content=\"index, follow, max-snippet:-1, max-image-preview:large, max-video-preview:-1\" \/>\n<link rel=\"canonical\" href=\"https:\/\/radioljubuski.ba\/index.php\/2022\/07\/14\/hrs-ne-podrzavamo-kandidaturu-kristo-pozivamo-glasace-da-glasaju-po-svojoj-savjesti\/\" \/>\n<meta property=\"og:locale\" content=\"hr_HR\" \/>\n<meta property=\"og:type\" content=\"article\" \/>\n<meta property=\"og:title\" content=\"HRS: Ne podr\u017eavamo kandidaturu Kri\u0161to, pozivamo glasa\u010de da glasaju po svojoj savjesti - RADIO LJUBU\u0160KI\" \/>\n<meta property=\"og:description\" content=\"Povodom kontinuiranih objava i izjava u javnosti od strane HDZ-a BiH i njihovih du\u017enosnika kako \u201csve hrvatske stranke podr\u017eavaju kandidaturu Borjane Kri\u0161to\u201d, ovim putem moramo iskazati slu\u017ebeni stav Hrvatske republikanske stranke kako HRS ne podr\u017eava kandidaturu Borjane Kri\u0161to za hrvatskog \u010dlana Predsjedni\u0161tva. Ljudi neka glasuju po svojoj savjesti, ali na\u0161u podr\u0161ku kandidatkinja HDZ-a BiH nema, [&hellip;]\" \/>\n<meta property=\"og:url\" content=\"https:\/\/radioljubuski.ba\/index.php\/2022\/07\/14\/hrs-ne-podrzavamo-kandidaturu-kristo-pozivamo-glasace-da-glasaju-po-svojoj-savjesti\/\" \/>\n<meta property=\"og:site_name\" content=\"RADIO LJUBU\u0160KI\" \/>\n<meta property=\"article:publisher\" content=\"https:\/\/www.facebook.com\/Radiio-Ljubuski-1490835324566332\" \/>\n<meta property=\"article:published_time\" content=\"2022-07-14T13:49:06+00:00\" \/>\n<meta property=\"article:modified_time\" content=\"2022-07-14T13:49:07+00:00\" \/>\n<meta property=\"og:image\" content=\"https:\/\/radioljubuski.ba\/wp-content\/uploads\/2022\/02\/slaven-raguz.png\" \/>\n\t<meta property=\"og:image:width\" content=\"1024\" \/>\n\t<meta property=\"og:image:height\" content=\"540\" \/>\n\t<meta property=\"og:image:type\" content=\"image\/png\" \/>\n<meta name=\"author\" content=\"Radio Ljubu\u0161ki\" \/>\n<meta name=\"twitter:card\" content=\"summary_large_image\" \/>\n<meta name=\"twitter:creator\" content=\"@radioljubuski\" \/>\n<meta name=\"twitter:site\" content=\"@radioljubuski\" \/>\n<meta name=\"twitter:label1\" content=\"Napisao\/la\" \/>\n\t<meta name=\"twitter:data1\" content=\"Radio Ljubu\u0161ki\" \/>\n\t<meta name=\"twitter:label2\" content=\"Procijenjeno vrijeme \u010ditanja\" \/>\n\t<meta name=\"twitter:data2\" content=\"3 minute\" \/>\n<script type=\"application\/ld+json\" class=\"yoast-schema-graph\">{\"@context\":\"https:\\\/\\\/schema.org\",\"@graph\":[{\"@type\":\"Article\",\"@id\":\"https:\\\/\\\/radioljubuski.ba\\\/index.php\\\/2022\\\/07\\\/14\\\/hrs-ne-podrzavamo-kandidaturu-kristo-pozivamo-glasace-da-glasaju-po-svojoj-savjesti\\\/#article\",\"isPartOf\":{\"@id\":\"https:\\\/\\\/radioljubuski.ba\\\/index.php\\\/2022\\\/07\\\/14\\\/hrs-ne-podrzavamo-kandidaturu-kristo-pozivamo-glasace-da-glasaju-po-svojoj-savjesti\\\/\"},\"author\":{\"name\":\"Radio Ljubu\u0161ki\",\"@id\":\"https:\\\/\\\/radioljubuski.ba\\\/#\\\/schema\\\/person\\\/19fc700381a780f69665d7956c469e3b\"},\"headline\":\"HRS: Ne podr\u017eavamo kandidaturu Kri\u0161to, pozivamo glasa\u010de da glasaju po svojoj savjesti\",\"datePublished\":\"2022-07-14T13:49:06+00:00\",\"dateModified\":\"2022-07-14T13:49:07+00:00\",\"mainEntityOfPage\":{\"@id\":\"https:\\\/\\\/radioljubuski.ba\\\/index.php\\\/2022\\\/07\\\/14\\\/hrs-ne-podrzavamo-kandidaturu-kristo-pozivamo-glasace-da-glasaju-po-svojoj-savjesti\\\/\"},\"wordCount\":638,\"publisher\":{\"@id\":\"https:\\\/\\\/radioljubuski.ba\\\/#organization\"},\"image\":{\"@id\":\"https:\\\/\\\/radioljubuski.ba\\\/index.php\\\/2022\\\/07\\\/14\\\/hrs-ne-podrzavamo-kandidaturu-kristo-pozivamo-glasace-da-glasaju-po-svojoj-savjesti\\\/#primaryimage\"},\"thumbnailUrl\":\"https:\\\/\\\/radioljubuski.ba\\\/wp-content\\\/uploads\\\/2022\\\/02\\\/slaven-raguz.png\",\"articleSection\":[\"BIH i regija\"],\"inLanguage\":\"hr\"},{\"@type\":\"WebPage\",\"@id\":\"https:\\\/\\\/radioljubuski.ba\\\/index.php\\\/2022\\\/07\\\/14\\\/hrs-ne-podrzavamo-kandidaturu-kristo-pozivamo-glasace-da-glasaju-po-svojoj-savjesti\\\/\",\"url\":\"https:\\\/\\\/radioljubuski.ba\\\/index.php\\\/2022\\\/07\\\/14\\\/hrs-ne-podrzavamo-kandidaturu-kristo-pozivamo-glasace-da-glasaju-po-svojoj-savjesti\\\/\",\"name\":\"HRS: Ne podr\u017eavamo kandidaturu Kri\u0161to, pozivamo glasa\u010de da glasaju po svojoj savjesti - RADIO LJUBU\u0160KI\",\"isPartOf\":{\"@id\":\"https:\\\/\\\/radioljubuski.ba\\\/#website\"},\"primaryImageOfPage\":{\"@id\":\"https:\\\/\\\/radioljubuski.ba\\\/index.php\\\/2022\\\/07\\\/14\\\/hrs-ne-podrzavamo-kandidaturu-kristo-pozivamo-glasace-da-glasaju-po-svojoj-savjesti\\\/#primaryimage\"},\"image\":{\"@id\":\"https:\\\/\\\/radioljubuski.ba\\\/index.php\\\/2022\\\/07\\\/14\\\/hrs-ne-podrzavamo-kandidaturu-kristo-pozivamo-glasace-da-glasaju-po-svojoj-savjesti\\\/#primaryimage\"},\"thumbnailUrl\":\"https:\\\/\\\/radioljubuski.ba\\\/wp-content\\\/uploads\\\/2022\\\/02\\\/slaven-raguz.png\",\"datePublished\":\"2022-07-14T13:49:06+00:00\",\"dateModified\":\"2022-07-14T13:49:07+00:00\",\"breadcrumb\":{\"@id\":\"https:\\\/\\\/radioljubuski.ba\\\/index.php\\\/2022\\\/07\\\/14\\\/hrs-ne-podrzavamo-kandidaturu-kristo-pozivamo-glasace-da-glasaju-po-svojoj-savjesti\\\/#breadcrumb\"},\"inLanguage\":\"hr\",\"potentialAction\":[{\"@type\":\"ReadAction\",\"target\":[\"https:\\\/\\\/radioljubuski.ba\\\/index.php\\\/2022\\\/07\\\/14\\\/hrs-ne-podrzavamo-kandidaturu-kristo-pozivamo-glasace-da-glasaju-po-svojoj-savjesti\\\/\"]}]},{\"@type\":\"ImageObject\",\"inLanguage\":\"hr\",\"@id\":\"https:\\\/\\\/radioljubuski.ba\\\/index.php\\\/2022\\\/07\\\/14\\\/hrs-ne-podrzavamo-kandidaturu-kristo-pozivamo-glasace-da-glasaju-po-svojoj-savjesti\\\/#primaryimage\",\"url\":\"https:\\\/\\\/radioljubuski.ba\\\/wp-content\\\/uploads\\\/2022\\\/02\\\/slaven-raguz.png\",\"contentUrl\":\"https:\\\/\\\/radioljubuski.ba\\\/wp-content\\\/uploads\\\/2022\\\/02\\\/slaven-raguz.png\",\"width\":1024,\"height\":540},{\"@type\":\"BreadcrumbList\",\"@id\":\"https:\\\/\\\/radioljubuski.ba\\\/index.php\\\/2022\\\/07\\\/14\\\/hrs-ne-podrzavamo-kandidaturu-kristo-pozivamo-glasace-da-glasaju-po-svojoj-savjesti\\\/#breadcrumb\",\"itemListElement\":[{\"@type\":\"ListItem\",\"position\":1,\"name\":\"Po\u010detna stranica\",\"item\":\"https:\\\/\\\/radioljubuski.ba\\\/\"},{\"@type\":\"ListItem\",\"position\":2,\"name\":\"HRS: Ne podr\u017eavamo kandidaturu Kri\u0161to, pozivamo glasa\u010de da glasaju po svojoj savjesti\"}]},{\"@type\":\"WebSite\",\"@id\":\"https:\\\/\\\/radioljubuski.ba\\\/#website\",\"url\":\"https:\\\/\\\/radioljubuski.ba\\\/\",\"name\":\"Radio Ljubu\u0161ki\",\"description\":\"Sun\u010dana frekvencija Hercegovine\",\"publisher\":{\"@id\":\"https:\\\/\\\/radioljubuski.ba\\\/#organization\"},\"potentialAction\":[{\"@type\":\"SearchAction\",\"target\":{\"@type\":\"EntryPoint\",\"urlTemplate\":\"https:\\\/\\\/radioljubuski.ba\\\/?s={search_term_string}\"},\"query-input\":{\"@type\":\"PropertyValueSpecification\",\"valueRequired\":true,\"valueName\":\"search_term_string\"}}],\"inLanguage\":\"hr\"},{\"@type\":\"Organization\",\"@id\":\"https:\\\/\\\/radioljubuski.ba\\\/#organization\",\"name\":\"Radio Ljubu\u0161ki\",\"url\":\"https:\\\/\\\/radioljubuski.ba\\\/\",\"logo\":{\"@type\":\"ImageObject\",\"inLanguage\":\"hr\",\"@id\":\"https:\\\/\\\/radioljubuski.ba\\\/#\\\/schema\\\/logo\\\/image\\\/\",\"url\":\"https:\\\/\\\/radioljubuski.ba\\\/wp-content\\\/uploads\\\/2021\\\/02\\\/cropped-Radio_Ljubuski_logo1.jpg\",\"contentUrl\":\"https:\\\/\\\/radioljubuski.ba\\\/wp-content\\\/uploads\\\/2021\\\/02\\\/cropped-Radio_Ljubuski_logo1.jpg\",\"width\":512,\"height\":512,\"caption\":\"Radio Ljubu\u0161ki\"},\"image\":{\"@id\":\"https:\\\/\\\/radioljubuski.ba\\\/#\\\/schema\\\/logo\\\/image\\\/\"},\"sameAs\":[\"https:\\\/\\\/www.facebook.com\\\/Radiio-Ljubuski-1490835324566332\",\"https:\\\/\\\/x.com\\\/radioljubuski\",\"https:\\\/\\\/hr.linkedin.com\\\/company\\\/radio-ljubuski\",\"https:\\\/\\\/www.youtube.com\\\/channel\\\/UCHYaeO_n0Db3tjNGudGpXyw\"]},{\"@type\":\"Person\",\"@id\":\"https:\\\/\\\/radioljubuski.ba\\\/#\\\/schema\\\/person\\\/19fc700381a780f69665d7956c469e3b\",\"name\":\"Radio Ljubu\u0161ki\"}]}<\/script>\n<!-- \/ Yoast SEO plugin. -->","yoast_head_json":{"title":"HRS: Ne podr\u017eavamo kandidaturu Kri\u0161to, pozivamo glasa\u010de da glasaju po svojoj savjesti - RADIO LJUBU\u0160KI","robots":{"index":"index","follow":"follow","max-snippet":"max-snippet:-1","max-image-preview":"max-image-preview:large","max-video-preview":"max-video-preview:-1"},"canonical":"https:\/\/radioljubuski.ba\/index.php\/2022\/07\/14\/hrs-ne-podrzavamo-kandidaturu-kristo-pozivamo-glasace-da-glasaju-po-svojoj-savjesti\/","og_locale":"hr_HR","og_type":"article","og_title":"HRS: Ne podr\u017eavamo kandidaturu Kri\u0161to, pozivamo glasa\u010de da glasaju po svojoj savjesti - RADIO LJUBU\u0160KI","og_description":"Povodom kontinuiranih objava i izjava u javnosti od strane HDZ-a BiH i njihovih du\u017enosnika kako \u201csve hrvatske stranke podr\u017eavaju kandidaturu Borjane Kri\u0161to\u201d, ovim putem moramo iskazati slu\u017ebeni stav Hrvatske republikanske stranke kako HRS ne podr\u017eava kandidaturu Borjane Kri\u0161to za hrvatskog \u010dlana Predsjedni\u0161tva. Ljudi neka glasuju po svojoj savjesti, ali na\u0161u podr\u0161ku kandidatkinja HDZ-a BiH nema, [&hellip;]","og_url":"https:\/\/radioljubuski.ba\/index.php\/2022\/07\/14\/hrs-ne-podrzavamo-kandidaturu-kristo-pozivamo-glasace-da-glasaju-po-svojoj-savjesti\/","og_site_name":"RADIO LJUBU\u0160KI","article_publisher":"https:\/\/www.facebook.com\/Radiio-Ljubuski-1490835324566332","article_published_time":"2022-07-14T13:49:06+00:00","article_modified_time":"2022-07-14T13:49:07+00:00","og_image":[{"width":1024,"height":540,"url":"https:\/\/radioljubuski.ba\/wp-content\/uploads\/2022\/02\/slaven-raguz.png","type":"image\/png"}],"author":"Radio Ljubu\u0161ki","twitter_card":"summary_large_image","twitter_creator":"@radioljubuski","twitter_site":"@radioljubuski","twitter_misc":{"Napisao\/la":"Radio Ljubu\u0161ki","Procijenjeno vrijeme \u010ditanja":"3 minute"},"schema":{"@context":"https:\/\/schema.org","@graph":[{"@type":"Article","@id":"https:\/\/radioljubuski.ba\/index.php\/2022\/07\/14\/hrs-ne-podrzavamo-kandidaturu-kristo-pozivamo-glasace-da-glasaju-po-svojoj-savjesti\/#article","isPartOf":{"@id":"https:\/\/radioljubuski.ba\/index.php\/2022\/07\/14\/hrs-ne-podrzavamo-kandidaturu-kristo-pozivamo-glasace-da-glasaju-po-svojoj-savjesti\/"},"author":{"name":"Radio Ljubu\u0161ki","@id":"https:\/\/radioljubuski.ba\/#\/schema\/person\/19fc700381a780f69665d7956c469e3b"},"headline":"HRS: Ne podr\u017eavamo kandidaturu Kri\u0161to, pozivamo glasa\u010de da glasaju po svojoj savjesti","datePublished":"2022-07-14T13:49:06+00:00","dateModified":"2022-07-14T13:49:07+00:00","mainEntityOfPage":{"@id":"https:\/\/radioljubuski.ba\/index.php\/2022\/07\/14\/hrs-ne-podrzavamo-kandidaturu-kristo-pozivamo-glasace-da-glasaju-po-svojoj-savjesti\/"},"wordCount":638,"publisher":{"@id":"https:\/\/radioljubuski.ba\/#organization"},"image":{"@id":"https:\/\/radioljubuski.ba\/index.php\/2022\/07\/14\/hrs-ne-podrzavamo-kandidaturu-kristo-pozivamo-glasace-da-glasaju-po-svojoj-savjesti\/#primaryimage"},"thumbnailUrl":"https:\/\/radioljubuski.ba\/wp-content\/uploads\/2022\/02\/slaven-raguz.png","articleSection":["BIH i regija"],"inLanguage":"hr"},{"@type":"WebPage","@id":"https:\/\/radioljubuski.ba\/index.php\/2022\/07\/14\/hrs-ne-podrzavamo-kandidaturu-kristo-pozivamo-glasace-da-glasaju-po-svojoj-savjesti\/","url":"https:\/\/radioljubuski.ba\/index.php\/2022\/07\/14\/hrs-ne-podrzavamo-kandidaturu-kristo-pozivamo-glasace-da-glasaju-po-svojoj-savjesti\/","name":"HRS: Ne podr\u017eavamo kandidaturu Kri\u0161to, pozivamo glasa\u010de da glasaju po svojoj savjesti - RADIO LJUBU\u0160KI","isPartOf":{"@id":"https:\/\/radioljubuski.ba\/#website"},"primaryImageOfPage":{"@id":"https:\/\/radioljubuski.ba\/index.php\/2022\/07\/14\/hrs-ne-podrzavamo-kandidaturu-kristo-pozivamo-glasace-da-glasaju-po-svojoj-savjesti\/#primaryimage"},"image":{"@id":"https:\/\/radioljubuski.ba\/index.php\/2022\/07\/14\/hrs-ne-podrzavamo-kandidaturu-kristo-pozivamo-glasace-da-glasaju-po-svojoj-savjesti\/#primaryimage"},"thumbnailUrl":"https:\/\/radioljubuski.ba\/wp-content\/uploads\/2022\/02\/slaven-raguz.png","datePublished":"2022-07-14T13:49:06+00:00","dateModified":"2022-07-14T13:49:07+00:00","breadcrumb":{"@id":"https:\/\/radioljubuski.ba\/index.php\/2022\/07\/14\/hrs-ne-podrzavamo-kandidaturu-kristo-pozivamo-glasace-da-glasaju-po-svojoj-savjesti\/#breadcrumb"},"inLanguage":"hr","potentialAction":[{"@type":"ReadAction","target":["https:\/\/radioljubuski.ba\/index.php\/2022\/07\/14\/hrs-ne-podrzavamo-kandidaturu-kristo-pozivamo-glasace-da-glasaju-po-svojoj-savjesti\/"]}]},{"@type":"ImageObject","inLanguage":"hr","@id":"https:\/\/radioljubuski.ba\/index.php\/2022\/07\/14\/hrs-ne-podrzavamo-kandidaturu-kristo-pozivamo-glasace-da-glasaju-po-svojoj-savjesti\/#primaryimage","url":"https:\/\/radioljubuski.ba\/wp-content\/uploads\/2022\/02\/slaven-raguz.png","contentUrl":"https:\/\/radioljubuski.ba\/wp-content\/uploads\/2022\/02\/slaven-raguz.png","width":1024,"height":540},{"@type":"BreadcrumbList","@id":"https:\/\/radioljubuski.ba\/index.php\/2022\/07\/14\/hrs-ne-podrzavamo-kandidaturu-kristo-pozivamo-glasace-da-glasaju-po-svojoj-savjesti\/#breadcrumb","itemListElement":[{"@type":"ListItem","position":1,"name":"Po\u010detna stranica","item":"https:\/\/radioljubuski.ba\/"},{"@type":"ListItem","position":2,"name":"HRS: Ne podr\u017eavamo kandidaturu Kri\u0161to, pozivamo glasa\u010de da glasaju po svojoj savjesti"}]},{"@type":"WebSite","@id":"https:\/\/radioljubuski.ba\/#website","url":"https:\/\/radioljubuski.ba\/","name":"Radio Ljubu\u0161ki","description":"Sun\u010dana frekvencija Hercegovine","publisher":{"@id":"https:\/\/radioljubuski.ba\/#organization"},"potentialAction":[{"@type":"SearchAction","target":{"@type":"EntryPoint","urlTemplate":"https:\/\/radioljubuski.ba\/?s={search_term_string}"},"query-input":{"@type":"PropertyValueSpecification","valueRequired":true,"valueName":"search_term_string"}}],"inLanguage":"hr"},{"@type":"Organization","@id":"https:\/\/radioljubuski.ba\/#organization","name":"Radio Ljubu\u0161ki","url":"https:\/\/radioljubuski.ba\/","logo":{"@type":"ImageObject","inLanguage":"hr","@id":"https:\/\/radioljubuski.ba\/#\/schema\/logo\/image\/","url":"https:\/\/radioljubuski.ba\/wp-content\/uploads\/2021\/02\/cropped-Radio_Ljubuski_logo1.jpg","contentUrl":"https:\/\/radioljubuski.ba\/wp-content\/uploads\/2021\/02\/cropped-Radio_Ljubuski_logo1.jpg","width":512,"height":512,"caption":"Radio Ljubu\u0161ki"},"image":{"@id":"https:\/\/radioljubuski.ba\/#\/schema\/logo\/image\/"},"sameAs":["https:\/\/www.facebook.com\/Radiio-Ljubuski-1490835324566332","https:\/\/x.com\/radioljubuski","https:\/\/hr.linkedin.com\/company\/radio-ljubuski","https:\/\/www.youtube.com\/channel\/UCHYaeO_n0Db3tjNGudGpXyw"]},{"@type":"Person","@id":"https:\/\/radioljubuski.ba\/#\/schema\/person\/19fc700381a780f69665d7956c469e3b","name":"Radio Ljubu\u0161ki"}]}},"_links":{"self":[{"href":"https:\/\/radioljubuski.ba\/index.php\/wp-json\/wp\/v2\/posts\/159604","targetHints":{"allow":["GET"]}}],"collection":[{"href":"https:\/\/radioljubuski.ba\/index.php\/wp-json\/wp\/v2\/posts"}],"about":[{"href":"https:\/\/radioljubuski.ba\/index.php\/wp-json\/wp\/v2\/types\/post"}],"author":[{"embeddable":true,"href":"https:\/\/radioljubuski.ba\/index.php\/wp-json\/wp\/v2\/users\/2"}],"replies":[{"embeddable":true,"href":"https:\/\/radioljubuski.ba\/index.php\/wp-json\/wp\/v2\/comments?post=159604"}],"version-history":[{"count":1,"href":"https:\/\/radioljubuski.ba\/index.php\/wp-json\/wp\/v2\/posts\/159604\/revisions"}],"predecessor-version":[{"id":159605,"href":"https:\/\/radioljubuski.ba\/index.php\/wp-json\/wp\/v2\/posts\/159604\/revisions\/159605"}],"wp:featuredmedia":[{"embeddable":true,"href":"https:\/\/radioljubuski.ba\/index.php\/wp-json\/wp\/v2\/media\/114819"}],"wp:attachment":[{"href":"https:\/\/radioljubuski.ba\/index.php\/wp-json\/wp\/v2\/media?parent=159604"}],"wp:term":[{"taxonomy":"category","embeddable":true,"href":"https:\/\/radioljubuski.ba\/index.php\/wp-json\/wp\/v2\/categories?post=159604"},{"taxonomy":"post_tag","embeddable":true,"href":"https:\/\/radioljubuski.ba\/index.php\/wp-json\/wp\/v2\/tags?post=159604"}],"curies":[{"name":"wp","href":"https:\/\/api.w.org\/{rel}","templated":true}]}}