{"id":159620,"date":"2022-07-14T14:57:22","date_gmt":"2022-07-14T13:57:22","guid":{"rendered":"https:\/\/radioljubuski.ba\/?p=159620"},"modified":"2022-07-14T14:57:23","modified_gmt":"2022-07-14T13:57:23","slug":"bk-bih-pozvala-na-razboritost-i-odgovorno-sudjelovanje-u-izborima","status":"publish","type":"post","link":"https:\/\/radioljubuski.ba\/index.php\/2022\/07\/14\/bk-bih-pozvala-na-razboritost-i-odgovorno-sudjelovanje-u-izborima\/","title":{"rendered":"BK BiH pozvala na razboritost i odgovorno sudjelovanje u izborima"},"content":{"rendered":"\n<p><strong>\u010clanovi Biskupske konferencija Bosne i Hercegovine odr\u017eali su 13. i 14. srpnja u Banjoj Luci svoje 84. redovito zasjedanje kojim je predsjedao nadbiskup metropolit vrhbosanski i apostolski upravitelj Vojnog ordinarijata u BiH mons. Tomo Vuk\u0161i\u0107, predsjednik BK BiH, a na kojem su, uz ostalo, pozvali na obilje\u017eavanje Obiteljskog dana u BiH, kao i na razboritost i mir te odgovorno sudjelovanje u izborima.<\/strong><\/p>\n\n\n\n<p>Nakon \u0161to se na razini op\u0107e Crkve u biskupijama i biskupskim konferencijama pojedinih zemalja privodi kraju prva etapa trogodi\u0161njeg sinodskog hoda XVI. redovite op\u0107e skup\u0161tine Biskupske sinode, koja \u0107e se odr\u017eati u Vatikanu u listopadu 2023. na temu: Za sinodalnu Crkvu: zajedni\u0161tvo, sudjelovanje i poslanje., biskupi su se zajedni\u010dki osvrnuli na sa\u017eetke koje su Biskupskoj konferenciji BiH dostavili biskupijski sinodski timovi na \u010delu s generalnim vikarima iz Banje Luke, Mostara i Sarajeva.<\/p>\n\n\n\n<p>Tako\u0111er su razmotrili prijedlog sa\u017eetka Biskupske konferencije BiH i dali potrebne smjernice za njegovu doradu nakon \u010dega \u0107e biti dostavljen Generalnom tajni\u0161tvu Biskupske sinode u Rimu.<\/p>\n\n\n\n<p>Biskupi su razmotrili i prihvatili Izvje\u0161\u0107e Nadzornog vije\u0107a Caritasa Bosne i Hercegovine o djelovanju Caritasa BiH u 2021. godini.<\/p>\n\n\n\n<p>Sa \u017ealjenjem su primili na znanje informaciju da je smanjeno zanimanje partnera i donatora za financiranje aktivnosti Caritasa BiH kao i da dr\u017eavni fondovi samo simboli\u010dno podupiru rad ove karitativne institucije te da ve\u0107ina fondova Europske unije nije dostupna Caritasu BiH.<\/p>\n\n\n\n<p>Biskupi su se osvrnuli na \u0110akonsku pastoralnu godinu koja je provedena na razini svih biskupijskih zajednica i obje franjeva\u010dke provincije u Bosni i Hercegovini tijekom akademske 2021.\/2022. godine i razmi\u0161ljali o pobolj\u0161anju njezine provedbe. Zahvalni su svima koji su uklju\u010deni u njezino ostvarenje.<\/p>\n\n\n\n<p>Nakon \u0161to su dali zavr\u0161ne smjernice za proslavu 5. Obiteljskog dana u Bosni i Hercegovini, biskupi pozivaju sve \u010dlanove svojih biskupijskih zajednica kojima je to mogu\u0107e a posebno vjernike iz susjednih \u017eupa, da se i ove godine ujedine na euharistijskom slavlju u nedjelju 31. srpnja ove godine u crkvi Svete obitelji na Kupresu.<\/p>\n\n\n\n<p>Tako\u0111er poti\u010du sve \u017eupne i druge crkvene zajednice da te nedjelje obilje\u017ee Obiteljski dan i 2. Svjetski dan djedova, baka i starijih osoba.<\/p>\n\n\n\n<p>Na inicijativu Vije\u0107a europskih biskupskih konferencija, biskupi pozivaju sve \u017eupne i druge crkvene zajednice u svim biskupijama da na blagdan Uzvi\u0161enja Svetog Kri\u017ea, 14. rujna ove godine u ve\u010dernjim satima organiziraju klanjanje pred Presvetim kao izraz blizine i solidarnosti cijele Crkve u Europi ujedinjene u molitvi za ratom zahva\u0107enu Ukrajinu.<\/p>\n\n\n\n<p>U duhu crkvenog socijalnog nauka biskupi pozivaju sve na dru\u0161tvenu odgovornost. U tom smislu poti\u010du na razboritost i mir u ovo predizborno vrijeme i na odgovorno sudjelovanje u izborima, kao i na pravovremenu registraciju onih koji to trebaju u\u010diniti, prenosi KTA.<\/p>\n\n\n\n<p>\/HMS\/<\/p>\n","protected":false},"excerpt":{"rendered":"<p>\u010clanovi Biskupske konferencija Bosne i Hercegovine odr\u017eali su 13. i 14. srpnja u Banjoj Luci svoje 84. redovito zasjedanje kojim je predsjedao nadbiskup metropolit vrhbosanski i apostolski upravitelj Vojnog ordinarijata u BiH mons. Tomo Vuk\u0161i\u0107, predsjednik BK BiH, a na kojem su, uz ostalo, pozvali na obilje\u017eavanje Obiteljskog dana u BiH, kao i na razboritost [&hellip;]<\/p>\n","protected":false},"author":2,"featured_media":159621,"comment_status":"closed","ping_status":"closed","sticky":false,"template":"","format":"standard","meta":{"h5ap_radio_sources":[],"footnotes":""},"categories":[1],"tags":[],"class_list":["post-159620","post","type-post","status-publish","format-standard","has-post-thumbnail","hentry","category-bihiregija"],"yoast_head":"<!-- This site is optimized with the Yoast SEO plugin v27.5 - https:\/\/yoast.com\/product\/yoast-seo-wordpress\/ -->\n<title>BK BiH pozvala na razboritost i odgovorno sudjelovanje u izborima - RADIO LJUBU\u0160KI<\/title>\n<meta name=\"robots\" content=\"index, follow, max-snippet:-1, max-image-preview:large, max-video-preview:-1\" \/>\n<link rel=\"canonical\" href=\"https:\/\/radioljubuski.ba\/index.php\/2022\/07\/14\/bk-bih-pozvala-na-razboritost-i-odgovorno-sudjelovanje-u-izborima\/\" \/>\n<meta property=\"og:locale\" content=\"hr_HR\" \/>\n<meta property=\"og:type\" content=\"article\" \/>\n<meta property=\"og:title\" content=\"BK BiH pozvala na razboritost i odgovorno sudjelovanje u izborima - RADIO LJUBU\u0160KI\" \/>\n<meta property=\"og:description\" content=\"\u010clanovi Biskupske konferencija Bosne i Hercegovine odr\u017eali su 13. i 14. srpnja u Banjoj Luci svoje 84. redovito zasjedanje kojim je predsjedao nadbiskup metropolit vrhbosanski i apostolski upravitelj Vojnog ordinarijata u BiH mons. Tomo Vuk\u0161i\u0107, predsjednik BK BiH, a na kojem su, uz ostalo, pozvali na obilje\u017eavanje Obiteljskog dana u BiH, kao i na razboritost [&hellip;]\" \/>\n<meta property=\"og:url\" content=\"https:\/\/radioljubuski.ba\/index.php\/2022\/07\/14\/bk-bih-pozvala-na-razboritost-i-odgovorno-sudjelovanje-u-izborima\/\" \/>\n<meta property=\"og:site_name\" content=\"RADIO LJUBU\u0160KI\" \/>\n<meta property=\"article:publisher\" content=\"https:\/\/www.facebook.com\/Radiio-Ljubuski-1490835324566332\" \/>\n<meta property=\"article:published_time\" content=\"2022-07-14T13:57:22+00:00\" \/>\n<meta property=\"article:modified_time\" content=\"2022-07-14T13:57:23+00:00\" \/>\n<meta property=\"og:image\" content=\"https:\/\/radioljubuski.ba\/wp-content\/uploads\/2022\/07\/o_115368_1024.jpg\" \/>\n\t<meta property=\"og:image:width\" content=\"1024\" \/>\n\t<meta property=\"og:image:height\" content=\"682\" \/>\n\t<meta property=\"og:image:type\" content=\"image\/jpeg\" \/>\n<meta name=\"author\" content=\"Radio Ljubu\u0161ki\" \/>\n<meta name=\"twitter:card\" content=\"summary_large_image\" \/>\n<meta name=\"twitter:creator\" content=\"@radioljubuski\" \/>\n<meta name=\"twitter:site\" content=\"@radioljubuski\" \/>\n<meta name=\"twitter:label1\" content=\"Napisao\/la\" \/>\n\t<meta name=\"twitter:data1\" content=\"Radio Ljubu\u0161ki\" \/>\n\t<meta name=\"twitter:label2\" content=\"Procijenjeno vrijeme \u010ditanja\" \/>\n\t<meta name=\"twitter:data2\" content=\"2 minute\" \/>\n<script type=\"application\/ld+json\" class=\"yoast-schema-graph\">{\"@context\":\"https:\\\/\\\/schema.org\",\"@graph\":[{\"@type\":\"Article\",\"@id\":\"https:\\\/\\\/radioljubuski.ba\\\/index.php\\\/2022\\\/07\\\/14\\\/bk-bih-pozvala-na-razboritost-i-odgovorno-sudjelovanje-u-izborima\\\/#article\",\"isPartOf\":{\"@id\":\"https:\\\/\\\/radioljubuski.ba\\\/index.php\\\/2022\\\/07\\\/14\\\/bk-bih-pozvala-na-razboritost-i-odgovorno-sudjelovanje-u-izborima\\\/\"},\"author\":{\"name\":\"Radio Ljubu\u0161ki\",\"@id\":\"https:\\\/\\\/radioljubuski.ba\\\/#\\\/schema\\\/person\\\/19fc700381a780f69665d7956c469e3b\"},\"headline\":\"BK BiH pozvala na razboritost i odgovorno sudjelovanje u izborima\",\"datePublished\":\"2022-07-14T13:57:22+00:00\",\"dateModified\":\"2022-07-14T13:57:23+00:00\",\"mainEntityOfPage\":{\"@id\":\"https:\\\/\\\/radioljubuski.ba\\\/index.php\\\/2022\\\/07\\\/14\\\/bk-bih-pozvala-na-razboritost-i-odgovorno-sudjelovanje-u-izborima\\\/\"},\"wordCount\":467,\"publisher\":{\"@id\":\"https:\\\/\\\/radioljubuski.ba\\\/#organization\"},\"image\":{\"@id\":\"https:\\\/\\\/radioljubuski.ba\\\/index.php\\\/2022\\\/07\\\/14\\\/bk-bih-pozvala-na-razboritost-i-odgovorno-sudjelovanje-u-izborima\\\/#primaryimage\"},\"thumbnailUrl\":\"https:\\\/\\\/radioljubuski.ba\\\/wp-content\\\/uploads\\\/2022\\\/07\\\/o_115368_1024.jpg\",\"articleSection\":[\"BIH i regija\"],\"inLanguage\":\"hr\"},{\"@type\":\"WebPage\",\"@id\":\"https:\\\/\\\/radioljubuski.ba\\\/index.php\\\/2022\\\/07\\\/14\\\/bk-bih-pozvala-na-razboritost-i-odgovorno-sudjelovanje-u-izborima\\\/\",\"url\":\"https:\\\/\\\/radioljubuski.ba\\\/index.php\\\/2022\\\/07\\\/14\\\/bk-bih-pozvala-na-razboritost-i-odgovorno-sudjelovanje-u-izborima\\\/\",\"name\":\"BK BiH pozvala na razboritost i odgovorno sudjelovanje u izborima - RADIO LJUBU\u0160KI\",\"isPartOf\":{\"@id\":\"https:\\\/\\\/radioljubuski.ba\\\/#website\"},\"primaryImageOfPage\":{\"@id\":\"https:\\\/\\\/radioljubuski.ba\\\/index.php\\\/2022\\\/07\\\/14\\\/bk-bih-pozvala-na-razboritost-i-odgovorno-sudjelovanje-u-izborima\\\/#primaryimage\"},\"image\":{\"@id\":\"https:\\\/\\\/radioljubuski.ba\\\/index.php\\\/2022\\\/07\\\/14\\\/bk-bih-pozvala-na-razboritost-i-odgovorno-sudjelovanje-u-izborima\\\/#primaryimage\"},\"thumbnailUrl\":\"https:\\\/\\\/radioljubuski.ba\\\/wp-content\\\/uploads\\\/2022\\\/07\\\/o_115368_1024.jpg\",\"datePublished\":\"2022-07-14T13:57:22+00:00\",\"dateModified\":\"2022-07-14T13:57:23+00:00\",\"breadcrumb\":{\"@id\":\"https:\\\/\\\/radioljubuski.ba\\\/index.php\\\/2022\\\/07\\\/14\\\/bk-bih-pozvala-na-razboritost-i-odgovorno-sudjelovanje-u-izborima\\\/#breadcrumb\"},\"inLanguage\":\"hr\",\"potentialAction\":[{\"@type\":\"ReadAction\",\"target\":[\"https:\\\/\\\/radioljubuski.ba\\\/index.php\\\/2022\\\/07\\\/14\\\/bk-bih-pozvala-na-razboritost-i-odgovorno-sudjelovanje-u-izborima\\\/\"]}]},{\"@type\":\"ImageObject\",\"inLanguage\":\"hr\",\"@id\":\"https:\\\/\\\/radioljubuski.ba\\\/index.php\\\/2022\\\/07\\\/14\\\/bk-bih-pozvala-na-razboritost-i-odgovorno-sudjelovanje-u-izborima\\\/#primaryimage\",\"url\":\"https:\\\/\\\/radioljubuski.ba\\\/wp-content\\\/uploads\\\/2022\\\/07\\\/o_115368_1024.jpg\",\"contentUrl\":\"https:\\\/\\\/radioljubuski.ba\\\/wp-content\\\/uploads\\\/2022\\\/07\\\/o_115368_1024.jpg\",\"width\":1024,\"height\":682},{\"@type\":\"BreadcrumbList\",\"@id\":\"https:\\\/\\\/radioljubuski.ba\\\/index.php\\\/2022\\\/07\\\/14\\\/bk-bih-pozvala-na-razboritost-i-odgovorno-sudjelovanje-u-izborima\\\/#breadcrumb\",\"itemListElement\":[{\"@type\":\"ListItem\",\"position\":1,\"name\":\"Po\u010detna stranica\",\"item\":\"https:\\\/\\\/radioljubuski.ba\\\/\"},{\"@type\":\"ListItem\",\"position\":2,\"name\":\"BK BiH pozvala na razboritost i odgovorno sudjelovanje u izborima\"}]},{\"@type\":\"WebSite\",\"@id\":\"https:\\\/\\\/radioljubuski.ba\\\/#website\",\"url\":\"https:\\\/\\\/radioljubuski.ba\\\/\",\"name\":\"Radio Ljubu\u0161ki\",\"description\":\"Sun\u010dana frekvencija Hercegovine\",\"publisher\":{\"@id\":\"https:\\\/\\\/radioljubuski.ba\\\/#organization\"},\"potentialAction\":[{\"@type\":\"SearchAction\",\"target\":{\"@type\":\"EntryPoint\",\"urlTemplate\":\"https:\\\/\\\/radioljubuski.ba\\\/?s={search_term_string}\"},\"query-input\":{\"@type\":\"PropertyValueSpecification\",\"valueRequired\":true,\"valueName\":\"search_term_string\"}}],\"inLanguage\":\"hr\"},{\"@type\":\"Organization\",\"@id\":\"https:\\\/\\\/radioljubuski.ba\\\/#organization\",\"name\":\"Radio Ljubu\u0161ki\",\"url\":\"https:\\\/\\\/radioljubuski.ba\\\/\",\"logo\":{\"@type\":\"ImageObject\",\"inLanguage\":\"hr\",\"@id\":\"https:\\\/\\\/radioljubuski.ba\\\/#\\\/schema\\\/logo\\\/image\\\/\",\"url\":\"https:\\\/\\\/radioljubuski.ba\\\/wp-content\\\/uploads\\\/2021\\\/02\\\/cropped-Radio_Ljubuski_logo1.jpg\",\"contentUrl\":\"https:\\\/\\\/radioljubuski.ba\\\/wp-content\\\/uploads\\\/2021\\\/02\\\/cropped-Radio_Ljubuski_logo1.jpg\",\"width\":512,\"height\":512,\"caption\":\"Radio Ljubu\u0161ki\"},\"image\":{\"@id\":\"https:\\\/\\\/radioljubuski.ba\\\/#\\\/schema\\\/logo\\\/image\\\/\"},\"sameAs\":[\"https:\\\/\\\/www.facebook.com\\\/Radiio-Ljubuski-1490835324566332\",\"https:\\\/\\\/x.com\\\/radioljubuski\",\"https:\\\/\\\/hr.linkedin.com\\\/company\\\/radio-ljubuski\",\"https:\\\/\\\/www.youtube.com\\\/channel\\\/UCHYaeO_n0Db3tjNGudGpXyw\"]},{\"@type\":\"Person\",\"@id\":\"https:\\\/\\\/radioljubuski.ba\\\/#\\\/schema\\\/person\\\/19fc700381a780f69665d7956c469e3b\",\"name\":\"Radio Ljubu\u0161ki\"}]}<\/script>\n<!-- \/ Yoast SEO plugin. -->","yoast_head_json":{"title":"BK BiH pozvala na razboritost i odgovorno sudjelovanje u izborima - RADIO LJUBU\u0160KI","robots":{"index":"index","follow":"follow","max-snippet":"max-snippet:-1","max-image-preview":"max-image-preview:large","max-video-preview":"max-video-preview:-1"},"canonical":"https:\/\/radioljubuski.ba\/index.php\/2022\/07\/14\/bk-bih-pozvala-na-razboritost-i-odgovorno-sudjelovanje-u-izborima\/","og_locale":"hr_HR","og_type":"article","og_title":"BK BiH pozvala na razboritost i odgovorno sudjelovanje u izborima - RADIO LJUBU\u0160KI","og_description":"\u010clanovi Biskupske konferencija Bosne i Hercegovine odr\u017eali su 13. i 14. srpnja u Banjoj Luci svoje 84. redovito zasjedanje kojim je predsjedao nadbiskup metropolit vrhbosanski i apostolski upravitelj Vojnog ordinarijata u BiH mons. Tomo Vuk\u0161i\u0107, predsjednik BK BiH, a na kojem su, uz ostalo, pozvali na obilje\u017eavanje Obiteljskog dana u BiH, kao i na razboritost [&hellip;]","og_url":"https:\/\/radioljubuski.ba\/index.php\/2022\/07\/14\/bk-bih-pozvala-na-razboritost-i-odgovorno-sudjelovanje-u-izborima\/","og_site_name":"RADIO LJUBU\u0160KI","article_publisher":"https:\/\/www.facebook.com\/Radiio-Ljubuski-1490835324566332","article_published_time":"2022-07-14T13:57:22+00:00","article_modified_time":"2022-07-14T13:57:23+00:00","og_image":[{"width":1024,"height":682,"url":"https:\/\/radioljubuski.ba\/wp-content\/uploads\/2022\/07\/o_115368_1024.jpg","type":"image\/jpeg"}],"author":"Radio Ljubu\u0161ki","twitter_card":"summary_large_image","twitter_creator":"@radioljubuski","twitter_site":"@radioljubuski","twitter_misc":{"Napisao\/la":"Radio Ljubu\u0161ki","Procijenjeno vrijeme \u010ditanja":"2 minute"},"schema":{"@context":"https:\/\/schema.org","@graph":[{"@type":"Article","@id":"https:\/\/radioljubuski.ba\/index.php\/2022\/07\/14\/bk-bih-pozvala-na-razboritost-i-odgovorno-sudjelovanje-u-izborima\/#article","isPartOf":{"@id":"https:\/\/radioljubuski.ba\/index.php\/2022\/07\/14\/bk-bih-pozvala-na-razboritost-i-odgovorno-sudjelovanje-u-izborima\/"},"author":{"name":"Radio Ljubu\u0161ki","@id":"https:\/\/radioljubuski.ba\/#\/schema\/person\/19fc700381a780f69665d7956c469e3b"},"headline":"BK BiH pozvala na razboritost i odgovorno sudjelovanje u izborima","datePublished":"2022-07-14T13:57:22+00:00","dateModified":"2022-07-14T13:57:23+00:00","mainEntityOfPage":{"@id":"https:\/\/radioljubuski.ba\/index.php\/2022\/07\/14\/bk-bih-pozvala-na-razboritost-i-odgovorno-sudjelovanje-u-izborima\/"},"wordCount":467,"publisher":{"@id":"https:\/\/radioljubuski.ba\/#organization"},"image":{"@id":"https:\/\/radioljubuski.ba\/index.php\/2022\/07\/14\/bk-bih-pozvala-na-razboritost-i-odgovorno-sudjelovanje-u-izborima\/#primaryimage"},"thumbnailUrl":"https:\/\/radioljubuski.ba\/wp-content\/uploads\/2022\/07\/o_115368_1024.jpg","articleSection":["BIH i regija"],"inLanguage":"hr"},{"@type":"WebPage","@id":"https:\/\/radioljubuski.ba\/index.php\/2022\/07\/14\/bk-bih-pozvala-na-razboritost-i-odgovorno-sudjelovanje-u-izborima\/","url":"https:\/\/radioljubuski.ba\/index.php\/2022\/07\/14\/bk-bih-pozvala-na-razboritost-i-odgovorno-sudjelovanje-u-izborima\/","name":"BK BiH pozvala na razboritost i odgovorno sudjelovanje u izborima - RADIO LJUBU\u0160KI","isPartOf":{"@id":"https:\/\/radioljubuski.ba\/#website"},"primaryImageOfPage":{"@id":"https:\/\/radioljubuski.ba\/index.php\/2022\/07\/14\/bk-bih-pozvala-na-razboritost-i-odgovorno-sudjelovanje-u-izborima\/#primaryimage"},"image":{"@id":"https:\/\/radioljubuski.ba\/index.php\/2022\/07\/14\/bk-bih-pozvala-na-razboritost-i-odgovorno-sudjelovanje-u-izborima\/#primaryimage"},"thumbnailUrl":"https:\/\/radioljubuski.ba\/wp-content\/uploads\/2022\/07\/o_115368_1024.jpg","datePublished":"2022-07-14T13:57:22+00:00","dateModified":"2022-07-14T13:57:23+00:00","breadcrumb":{"@id":"https:\/\/radioljubuski.ba\/index.php\/2022\/07\/14\/bk-bih-pozvala-na-razboritost-i-odgovorno-sudjelovanje-u-izborima\/#breadcrumb"},"inLanguage":"hr","potentialAction":[{"@type":"ReadAction","target":["https:\/\/radioljubuski.ba\/index.php\/2022\/07\/14\/bk-bih-pozvala-na-razboritost-i-odgovorno-sudjelovanje-u-izborima\/"]}]},{"@type":"ImageObject","inLanguage":"hr","@id":"https:\/\/radioljubuski.ba\/index.php\/2022\/07\/14\/bk-bih-pozvala-na-razboritost-i-odgovorno-sudjelovanje-u-izborima\/#primaryimage","url":"https:\/\/radioljubuski.ba\/wp-content\/uploads\/2022\/07\/o_115368_1024.jpg","contentUrl":"https:\/\/radioljubuski.ba\/wp-content\/uploads\/2022\/07\/o_115368_1024.jpg","width":1024,"height":682},{"@type":"BreadcrumbList","@id":"https:\/\/radioljubuski.ba\/index.php\/2022\/07\/14\/bk-bih-pozvala-na-razboritost-i-odgovorno-sudjelovanje-u-izborima\/#breadcrumb","itemListElement":[{"@type":"ListItem","position":1,"name":"Po\u010detna stranica","item":"https:\/\/radioljubuski.ba\/"},{"@type":"ListItem","position":2,"name":"BK BiH pozvala na razboritost i odgovorno sudjelovanje u izborima"}]},{"@type":"WebSite","@id":"https:\/\/radioljubuski.ba\/#website","url":"https:\/\/radioljubuski.ba\/","name":"Radio Ljubu\u0161ki","description":"Sun\u010dana frekvencija Hercegovine","publisher":{"@id":"https:\/\/radioljubuski.ba\/#organization"},"potentialAction":[{"@type":"SearchAction","target":{"@type":"EntryPoint","urlTemplate":"https:\/\/radioljubuski.ba\/?s={search_term_string}"},"query-input":{"@type":"PropertyValueSpecification","valueRequired":true,"valueName":"search_term_string"}}],"inLanguage":"hr"},{"@type":"Organization","@id":"https:\/\/radioljubuski.ba\/#organization","name":"Radio Ljubu\u0161ki","url":"https:\/\/radioljubuski.ba\/","logo":{"@type":"ImageObject","inLanguage":"hr","@id":"https:\/\/radioljubuski.ba\/#\/schema\/logo\/image\/","url":"https:\/\/radioljubuski.ba\/wp-content\/uploads\/2021\/02\/cropped-Radio_Ljubuski_logo1.jpg","contentUrl":"https:\/\/radioljubuski.ba\/wp-content\/uploads\/2021\/02\/cropped-Radio_Ljubuski_logo1.jpg","width":512,"height":512,"caption":"Radio Ljubu\u0161ki"},"image":{"@id":"https:\/\/radioljubuski.ba\/#\/schema\/logo\/image\/"},"sameAs":["https:\/\/www.facebook.com\/Radiio-Ljubuski-1490835324566332","https:\/\/x.com\/radioljubuski","https:\/\/hr.linkedin.com\/company\/radio-ljubuski","https:\/\/www.youtube.com\/channel\/UCHYaeO_n0Db3tjNGudGpXyw"]},{"@type":"Person","@id":"https:\/\/radioljubuski.ba\/#\/schema\/person\/19fc700381a780f69665d7956c469e3b","name":"Radio Ljubu\u0161ki"}]}},"_links":{"self":[{"href":"https:\/\/radioljubuski.ba\/index.php\/wp-json\/wp\/v2\/posts\/159620","targetHints":{"allow":["GET"]}}],"collection":[{"href":"https:\/\/radioljubuski.ba\/index.php\/wp-json\/wp\/v2\/posts"}],"about":[{"href":"https:\/\/radioljubuski.ba\/index.php\/wp-json\/wp\/v2\/types\/post"}],"author":[{"embeddable":true,"href":"https:\/\/radioljubuski.ba\/index.php\/wp-json\/wp\/v2\/users\/2"}],"replies":[{"embeddable":true,"href":"https:\/\/radioljubuski.ba\/index.php\/wp-json\/wp\/v2\/comments?post=159620"}],"version-history":[{"count":1,"href":"https:\/\/radioljubuski.ba\/index.php\/wp-json\/wp\/v2\/posts\/159620\/revisions"}],"predecessor-version":[{"id":159622,"href":"https:\/\/radioljubuski.ba\/index.php\/wp-json\/wp\/v2\/posts\/159620\/revisions\/159622"}],"wp:featuredmedia":[{"embeddable":true,"href":"https:\/\/radioljubuski.ba\/index.php\/wp-json\/wp\/v2\/media\/159621"}],"wp:attachment":[{"href":"https:\/\/radioljubuski.ba\/index.php\/wp-json\/wp\/v2\/media?parent=159620"}],"wp:term":[{"taxonomy":"category","embeddable":true,"href":"https:\/\/radioljubuski.ba\/index.php\/wp-json\/wp\/v2\/categories?post=159620"},{"taxonomy":"post_tag","embeddable":true,"href":"https:\/\/radioljubuski.ba\/index.php\/wp-json\/wp\/v2\/tags?post=159620"}],"curies":[{"name":"wp","href":"https:\/\/api.w.org\/{rel}","templated":true}]}}