{"id":159848,"date":"2022-07-15T08:09:11","date_gmt":"2022-07-15T07:09:11","guid":{"rendered":"https:\/\/radioljubuski.ba\/?p=159848"},"modified":"2022-07-15T08:09:12","modified_gmt":"2022-07-15T07:09:12","slug":"velez-ce-ipak-na-maltu","status":"publish","type":"post","link":"https:\/\/radioljubuski.ba\/index.php\/2022\/07\/15\/velez-ce-ipak-na-maltu\/","title":{"rendered":"Vele\u017e \u0107e ipak na Maltu"},"content":{"rendered":"\n<p>Pomalo neo\u010dekivano, Hamrun Spartansi su eliminirali Alashkert iz Armenije pa \u0107e u drugom pretkolu Konferencijske lige igrati protiv Vele\u017ea. Armenci su stigli na Maltu sa golom prednosti iz prve utakmice, ali su u revan\u0161u do\u017eivjeli te\u017eak poraz. Uvjerljiv 4:1, iako su do 55.minute imali dva gola prednosti. Yedigaryan je u 48.minuti postigao vode\u0107i gol za goste, ali su se stvari na terenu po\u010dele mijenjati sedam minuta poslije. Roko Pr\u0161a, nekada\u0161nji igra\u010d Segeste, Rude\u017ea, Intera iz Zapre\u0161i\u0107a, Fu\u017einara i Aluminija, je vratio Spartanse u \u017eivot. Sedam minuta poslije, Ognjen Bjeli\u010di\u0107 igra\u010d iz Srbije je preokrenuo rezultat. Do kraja utakmice, Hamrun Spartansi su golovima Brazilca Jonnyja i Afrikanca Dodoa stigli do velike pobjede. Hamrun Spartans su pro\u0161lu sezonu zaklju\u010di na tre\u0107em mjestu u prvenstvu Malte, vodio ih je Branko Ni\u0161evi\u0107. I ova ekipa ima svoje Brazilce, igra\u010de iz Afrike, ali i iz Srbije, Francuske, Engleske. Devet puta su nastupali na euro sceni i samo jednom su uspjeli pro\u0107i, Ballymenu United u sezoni 1984\/85. Ovosezonski izlazak na evropsku scenu je prvi nakon trideset godina. Evropu pro\u0161le godine nisu igrali. Zbog skandala o namje\u0161tanju utakmica iz 2013. godine izba\u010deni su iz takmi\u010denja, pa su morali \u010dekati jo\u0161 godinu dana kako bi se pojavili na europskoj sceni. Revan\u0161 utakmicu protiv Alashkerta su Spartansi po\u010deli u sastavu: Bonello &#8211; Borg, Marcelina, Bjeli\u010di\u0107 &#8211; Corbalan, Pr\u0161a, Guillaumier, Camenzuli &#8211; Jonny &#8211; Sukisa &#8211; Dodo. <\/p>\n\n\n\n<p>izvor: bljesak.info<\/p>\n","protected":false},"excerpt":{"rendered":"<p>Pomalo neo\u010dekivano, Hamrun Spartansi su eliminirali Alashkert iz Armenije pa \u0107e u drugom pretkolu Konferencijske lige igrati protiv Vele\u017ea. Armenci su stigli na Maltu sa golom prednosti iz prve utakmice, ali su u revan\u0161u do\u017eivjeli te\u017eak poraz. Uvjerljiv 4:1, iako su do 55.minute imali dva gola prednosti. Yedigaryan je u 48.minuti postigao vode\u0107i gol za [&hellip;]<\/p>\n","protected":false},"author":2,"featured_media":159853,"comment_status":"closed","ping_status":"closed","sticky":false,"template":"","format":"standard","meta":{"h5ap_radio_sources":[],"footnotes":""},"categories":[7],"tags":[],"class_list":["post-159848","post","type-post","status-publish","format-standard","has-post-thumbnail","hentry","category-sport"],"yoast_head":"<!-- This site is optimized with the Yoast SEO plugin v27.5 - https:\/\/yoast.com\/product\/yoast-seo-wordpress\/ -->\n<title>Vele\u017e \u0107e ipak na Maltu - RADIO LJUBU\u0160KI<\/title>\n<meta name=\"robots\" content=\"index, follow, max-snippet:-1, max-image-preview:large, max-video-preview:-1\" \/>\n<link rel=\"canonical\" href=\"https:\/\/radioljubuski.ba\/index.php\/2022\/07\/15\/velez-ce-ipak-na-maltu\/\" \/>\n<meta property=\"og:locale\" content=\"hr_HR\" \/>\n<meta property=\"og:type\" content=\"article\" \/>\n<meta property=\"og:title\" content=\"Vele\u017e \u0107e ipak na Maltu - RADIO LJUBU\u0160KI\" \/>\n<meta property=\"og:description\" content=\"Pomalo neo\u010dekivano, Hamrun Spartansi su eliminirali Alashkert iz Armenije pa \u0107e u drugom pretkolu Konferencijske lige igrati protiv Vele\u017ea. Armenci su stigli na Maltu sa golom prednosti iz prve utakmice, ali su u revan\u0161u do\u017eivjeli te\u017eak poraz. Uvjerljiv 4:1, iako su do 55.minute imali dva gola prednosti. Yedigaryan je u 48.minuti postigao vode\u0107i gol za [&hellip;]\" \/>\n<meta property=\"og:url\" content=\"https:\/\/radioljubuski.ba\/index.php\/2022\/07\/15\/velez-ce-ipak-na-maltu\/\" \/>\n<meta property=\"og:site_name\" content=\"RADIO LJUBU\u0160KI\" \/>\n<meta property=\"article:publisher\" content=\"https:\/\/www.facebook.com\/Radiio-Ljubuski-1490835324566332\" \/>\n<meta property=\"article:published_time\" content=\"2022-07-15T07:09:11+00:00\" \/>\n<meta property=\"article:modified_time\" content=\"2022-07-15T07:09:12+00:00\" \/>\n<meta property=\"og:image\" content=\"https:\/\/radioljubuski.ba\/wp-content\/uploads\/2022\/07\/velez.jpg\" \/>\n\t<meta property=\"og:image:width\" content=\"275\" \/>\n\t<meta property=\"og:image:height\" content=\"183\" \/>\n\t<meta property=\"og:image:type\" content=\"image\/jpeg\" \/>\n<meta name=\"author\" content=\"Radio Ljubu\u0161ki\" \/>\n<meta name=\"twitter:card\" content=\"summary_large_image\" \/>\n<meta name=\"twitter:creator\" content=\"@radioljubuski\" \/>\n<meta name=\"twitter:site\" content=\"@radioljubuski\" \/>\n<meta name=\"twitter:label1\" content=\"Napisao\/la\" \/>\n\t<meta name=\"twitter:data1\" content=\"Radio Ljubu\u0161ki\" \/>\n\t<meta name=\"twitter:label2\" content=\"Procijenjeno vrijeme \u010ditanja\" \/>\n\t<meta name=\"twitter:data2\" content=\"1 minuta\" \/>\n<script type=\"application\/ld+json\" class=\"yoast-schema-graph\">{\"@context\":\"https:\\\/\\\/schema.org\",\"@graph\":[{\"@type\":\"Article\",\"@id\":\"https:\\\/\\\/radioljubuski.ba\\\/index.php\\\/2022\\\/07\\\/15\\\/velez-ce-ipak-na-maltu\\\/#article\",\"isPartOf\":{\"@id\":\"https:\\\/\\\/radioljubuski.ba\\\/index.php\\\/2022\\\/07\\\/15\\\/velez-ce-ipak-na-maltu\\\/\"},\"author\":{\"name\":\"Radio Ljubu\u0161ki\",\"@id\":\"https:\\\/\\\/radioljubuski.ba\\\/#\\\/schema\\\/person\\\/19fc700381a780f69665d7956c469e3b\"},\"headline\":\"Vele\u017e \u0107e ipak na Maltu\",\"datePublished\":\"2022-07-15T07:09:11+00:00\",\"dateModified\":\"2022-07-15T07:09:12+00:00\",\"mainEntityOfPage\":{\"@id\":\"https:\\\/\\\/radioljubuski.ba\\\/index.php\\\/2022\\\/07\\\/15\\\/velez-ce-ipak-na-maltu\\\/\"},\"wordCount\":259,\"publisher\":{\"@id\":\"https:\\\/\\\/radioljubuski.ba\\\/#organization\"},\"image\":{\"@id\":\"https:\\\/\\\/radioljubuski.ba\\\/index.php\\\/2022\\\/07\\\/15\\\/velez-ce-ipak-na-maltu\\\/#primaryimage\"},\"thumbnailUrl\":\"https:\\\/\\\/radioljubuski.ba\\\/wp-content\\\/uploads\\\/2022\\\/07\\\/velez.jpg\",\"articleSection\":[\"\u0160port\"],\"inLanguage\":\"hr\"},{\"@type\":\"WebPage\",\"@id\":\"https:\\\/\\\/radioljubuski.ba\\\/index.php\\\/2022\\\/07\\\/15\\\/velez-ce-ipak-na-maltu\\\/\",\"url\":\"https:\\\/\\\/radioljubuski.ba\\\/index.php\\\/2022\\\/07\\\/15\\\/velez-ce-ipak-na-maltu\\\/\",\"name\":\"Vele\u017e \u0107e ipak na Maltu - RADIO LJUBU\u0160KI\",\"isPartOf\":{\"@id\":\"https:\\\/\\\/radioljubuski.ba\\\/#website\"},\"primaryImageOfPage\":{\"@id\":\"https:\\\/\\\/radioljubuski.ba\\\/index.php\\\/2022\\\/07\\\/15\\\/velez-ce-ipak-na-maltu\\\/#primaryimage\"},\"image\":{\"@id\":\"https:\\\/\\\/radioljubuski.ba\\\/index.php\\\/2022\\\/07\\\/15\\\/velez-ce-ipak-na-maltu\\\/#primaryimage\"},\"thumbnailUrl\":\"https:\\\/\\\/radioljubuski.ba\\\/wp-content\\\/uploads\\\/2022\\\/07\\\/velez.jpg\",\"datePublished\":\"2022-07-15T07:09:11+00:00\",\"dateModified\":\"2022-07-15T07:09:12+00:00\",\"breadcrumb\":{\"@id\":\"https:\\\/\\\/radioljubuski.ba\\\/index.php\\\/2022\\\/07\\\/15\\\/velez-ce-ipak-na-maltu\\\/#breadcrumb\"},\"inLanguage\":\"hr\",\"potentialAction\":[{\"@type\":\"ReadAction\",\"target\":[\"https:\\\/\\\/radioljubuski.ba\\\/index.php\\\/2022\\\/07\\\/15\\\/velez-ce-ipak-na-maltu\\\/\"]}]},{\"@type\":\"ImageObject\",\"inLanguage\":\"hr\",\"@id\":\"https:\\\/\\\/radioljubuski.ba\\\/index.php\\\/2022\\\/07\\\/15\\\/velez-ce-ipak-na-maltu\\\/#primaryimage\",\"url\":\"https:\\\/\\\/radioljubuski.ba\\\/wp-content\\\/uploads\\\/2022\\\/07\\\/velez.jpg\",\"contentUrl\":\"https:\\\/\\\/radioljubuski.ba\\\/wp-content\\\/uploads\\\/2022\\\/07\\\/velez.jpg\",\"width\":275,\"height\":183},{\"@type\":\"BreadcrumbList\",\"@id\":\"https:\\\/\\\/radioljubuski.ba\\\/index.php\\\/2022\\\/07\\\/15\\\/velez-ce-ipak-na-maltu\\\/#breadcrumb\",\"itemListElement\":[{\"@type\":\"ListItem\",\"position\":1,\"name\":\"Po\u010detna stranica\",\"item\":\"https:\\\/\\\/radioljubuski.ba\\\/\"},{\"@type\":\"ListItem\",\"position\":2,\"name\":\"Vele\u017e \u0107e ipak na Maltu\"}]},{\"@type\":\"WebSite\",\"@id\":\"https:\\\/\\\/radioljubuski.ba\\\/#website\",\"url\":\"https:\\\/\\\/radioljubuski.ba\\\/\",\"name\":\"Radio Ljubu\u0161ki\",\"description\":\"Sun\u010dana frekvencija Hercegovine\",\"publisher\":{\"@id\":\"https:\\\/\\\/radioljubuski.ba\\\/#organization\"},\"potentialAction\":[{\"@type\":\"SearchAction\",\"target\":{\"@type\":\"EntryPoint\",\"urlTemplate\":\"https:\\\/\\\/radioljubuski.ba\\\/?s={search_term_string}\"},\"query-input\":{\"@type\":\"PropertyValueSpecification\",\"valueRequired\":true,\"valueName\":\"search_term_string\"}}],\"inLanguage\":\"hr\"},{\"@type\":\"Organization\",\"@id\":\"https:\\\/\\\/radioljubuski.ba\\\/#organization\",\"name\":\"Radio Ljubu\u0161ki\",\"url\":\"https:\\\/\\\/radioljubuski.ba\\\/\",\"logo\":{\"@type\":\"ImageObject\",\"inLanguage\":\"hr\",\"@id\":\"https:\\\/\\\/radioljubuski.ba\\\/#\\\/schema\\\/logo\\\/image\\\/\",\"url\":\"https:\\\/\\\/radioljubuski.ba\\\/wp-content\\\/uploads\\\/2021\\\/02\\\/cropped-Radio_Ljubuski_logo1.jpg\",\"contentUrl\":\"https:\\\/\\\/radioljubuski.ba\\\/wp-content\\\/uploads\\\/2021\\\/02\\\/cropped-Radio_Ljubuski_logo1.jpg\",\"width\":512,\"height\":512,\"caption\":\"Radio Ljubu\u0161ki\"},\"image\":{\"@id\":\"https:\\\/\\\/radioljubuski.ba\\\/#\\\/schema\\\/logo\\\/image\\\/\"},\"sameAs\":[\"https:\\\/\\\/www.facebook.com\\\/Radiio-Ljubuski-1490835324566332\",\"https:\\\/\\\/x.com\\\/radioljubuski\",\"https:\\\/\\\/hr.linkedin.com\\\/company\\\/radio-ljubuski\",\"https:\\\/\\\/www.youtube.com\\\/channel\\\/UCHYaeO_n0Db3tjNGudGpXyw\"]},{\"@type\":\"Person\",\"@id\":\"https:\\\/\\\/radioljubuski.ba\\\/#\\\/schema\\\/person\\\/19fc700381a780f69665d7956c469e3b\",\"name\":\"Radio Ljubu\u0161ki\"}]}<\/script>\n<!-- \/ Yoast SEO plugin. -->","yoast_head_json":{"title":"Vele\u017e \u0107e ipak na Maltu - RADIO LJUBU\u0160KI","robots":{"index":"index","follow":"follow","max-snippet":"max-snippet:-1","max-image-preview":"max-image-preview:large","max-video-preview":"max-video-preview:-1"},"canonical":"https:\/\/radioljubuski.ba\/index.php\/2022\/07\/15\/velez-ce-ipak-na-maltu\/","og_locale":"hr_HR","og_type":"article","og_title":"Vele\u017e \u0107e ipak na Maltu - RADIO LJUBU\u0160KI","og_description":"Pomalo neo\u010dekivano, Hamrun Spartansi su eliminirali Alashkert iz Armenije pa \u0107e u drugom pretkolu Konferencijske lige igrati protiv Vele\u017ea. Armenci su stigli na Maltu sa golom prednosti iz prve utakmice, ali su u revan\u0161u do\u017eivjeli te\u017eak poraz. Uvjerljiv 4:1, iako su do 55.minute imali dva gola prednosti. Yedigaryan je u 48.minuti postigao vode\u0107i gol za [&hellip;]","og_url":"https:\/\/radioljubuski.ba\/index.php\/2022\/07\/15\/velez-ce-ipak-na-maltu\/","og_site_name":"RADIO LJUBU\u0160KI","article_publisher":"https:\/\/www.facebook.com\/Radiio-Ljubuski-1490835324566332","article_published_time":"2022-07-15T07:09:11+00:00","article_modified_time":"2022-07-15T07:09:12+00:00","og_image":[{"width":275,"height":183,"url":"https:\/\/radioljubuski.ba\/wp-content\/uploads\/2022\/07\/velez.jpg","type":"image\/jpeg"}],"author":"Radio Ljubu\u0161ki","twitter_card":"summary_large_image","twitter_creator":"@radioljubuski","twitter_site":"@radioljubuski","twitter_misc":{"Napisao\/la":"Radio Ljubu\u0161ki","Procijenjeno vrijeme \u010ditanja":"1 minuta"},"schema":{"@context":"https:\/\/schema.org","@graph":[{"@type":"Article","@id":"https:\/\/radioljubuski.ba\/index.php\/2022\/07\/15\/velez-ce-ipak-na-maltu\/#article","isPartOf":{"@id":"https:\/\/radioljubuski.ba\/index.php\/2022\/07\/15\/velez-ce-ipak-na-maltu\/"},"author":{"name":"Radio Ljubu\u0161ki","@id":"https:\/\/radioljubuski.ba\/#\/schema\/person\/19fc700381a780f69665d7956c469e3b"},"headline":"Vele\u017e \u0107e ipak na Maltu","datePublished":"2022-07-15T07:09:11+00:00","dateModified":"2022-07-15T07:09:12+00:00","mainEntityOfPage":{"@id":"https:\/\/radioljubuski.ba\/index.php\/2022\/07\/15\/velez-ce-ipak-na-maltu\/"},"wordCount":259,"publisher":{"@id":"https:\/\/radioljubuski.ba\/#organization"},"image":{"@id":"https:\/\/radioljubuski.ba\/index.php\/2022\/07\/15\/velez-ce-ipak-na-maltu\/#primaryimage"},"thumbnailUrl":"https:\/\/radioljubuski.ba\/wp-content\/uploads\/2022\/07\/velez.jpg","articleSection":["\u0160port"],"inLanguage":"hr"},{"@type":"WebPage","@id":"https:\/\/radioljubuski.ba\/index.php\/2022\/07\/15\/velez-ce-ipak-na-maltu\/","url":"https:\/\/radioljubuski.ba\/index.php\/2022\/07\/15\/velez-ce-ipak-na-maltu\/","name":"Vele\u017e \u0107e ipak na Maltu - RADIO LJUBU\u0160KI","isPartOf":{"@id":"https:\/\/radioljubuski.ba\/#website"},"primaryImageOfPage":{"@id":"https:\/\/radioljubuski.ba\/index.php\/2022\/07\/15\/velez-ce-ipak-na-maltu\/#primaryimage"},"image":{"@id":"https:\/\/radioljubuski.ba\/index.php\/2022\/07\/15\/velez-ce-ipak-na-maltu\/#primaryimage"},"thumbnailUrl":"https:\/\/radioljubuski.ba\/wp-content\/uploads\/2022\/07\/velez.jpg","datePublished":"2022-07-15T07:09:11+00:00","dateModified":"2022-07-15T07:09:12+00:00","breadcrumb":{"@id":"https:\/\/radioljubuski.ba\/index.php\/2022\/07\/15\/velez-ce-ipak-na-maltu\/#breadcrumb"},"inLanguage":"hr","potentialAction":[{"@type":"ReadAction","target":["https:\/\/radioljubuski.ba\/index.php\/2022\/07\/15\/velez-ce-ipak-na-maltu\/"]}]},{"@type":"ImageObject","inLanguage":"hr","@id":"https:\/\/radioljubuski.ba\/index.php\/2022\/07\/15\/velez-ce-ipak-na-maltu\/#primaryimage","url":"https:\/\/radioljubuski.ba\/wp-content\/uploads\/2022\/07\/velez.jpg","contentUrl":"https:\/\/radioljubuski.ba\/wp-content\/uploads\/2022\/07\/velez.jpg","width":275,"height":183},{"@type":"BreadcrumbList","@id":"https:\/\/radioljubuski.ba\/index.php\/2022\/07\/15\/velez-ce-ipak-na-maltu\/#breadcrumb","itemListElement":[{"@type":"ListItem","position":1,"name":"Po\u010detna stranica","item":"https:\/\/radioljubuski.ba\/"},{"@type":"ListItem","position":2,"name":"Vele\u017e \u0107e ipak na Maltu"}]},{"@type":"WebSite","@id":"https:\/\/radioljubuski.ba\/#website","url":"https:\/\/radioljubuski.ba\/","name":"Radio Ljubu\u0161ki","description":"Sun\u010dana frekvencija Hercegovine","publisher":{"@id":"https:\/\/radioljubuski.ba\/#organization"},"potentialAction":[{"@type":"SearchAction","target":{"@type":"EntryPoint","urlTemplate":"https:\/\/radioljubuski.ba\/?s={search_term_string}"},"query-input":{"@type":"PropertyValueSpecification","valueRequired":true,"valueName":"search_term_string"}}],"inLanguage":"hr"},{"@type":"Organization","@id":"https:\/\/radioljubuski.ba\/#organization","name":"Radio Ljubu\u0161ki","url":"https:\/\/radioljubuski.ba\/","logo":{"@type":"ImageObject","inLanguage":"hr","@id":"https:\/\/radioljubuski.ba\/#\/schema\/logo\/image\/","url":"https:\/\/radioljubuski.ba\/wp-content\/uploads\/2021\/02\/cropped-Radio_Ljubuski_logo1.jpg","contentUrl":"https:\/\/radioljubuski.ba\/wp-content\/uploads\/2021\/02\/cropped-Radio_Ljubuski_logo1.jpg","width":512,"height":512,"caption":"Radio Ljubu\u0161ki"},"image":{"@id":"https:\/\/radioljubuski.ba\/#\/schema\/logo\/image\/"},"sameAs":["https:\/\/www.facebook.com\/Radiio-Ljubuski-1490835324566332","https:\/\/x.com\/radioljubuski","https:\/\/hr.linkedin.com\/company\/radio-ljubuski","https:\/\/www.youtube.com\/channel\/UCHYaeO_n0Db3tjNGudGpXyw"]},{"@type":"Person","@id":"https:\/\/radioljubuski.ba\/#\/schema\/person\/19fc700381a780f69665d7956c469e3b","name":"Radio Ljubu\u0161ki"}]}},"_links":{"self":[{"href":"https:\/\/radioljubuski.ba\/index.php\/wp-json\/wp\/v2\/posts\/159848","targetHints":{"allow":["GET"]}}],"collection":[{"href":"https:\/\/radioljubuski.ba\/index.php\/wp-json\/wp\/v2\/posts"}],"about":[{"href":"https:\/\/radioljubuski.ba\/index.php\/wp-json\/wp\/v2\/types\/post"}],"author":[{"embeddable":true,"href":"https:\/\/radioljubuski.ba\/index.php\/wp-json\/wp\/v2\/users\/2"}],"replies":[{"embeddable":true,"href":"https:\/\/radioljubuski.ba\/index.php\/wp-json\/wp\/v2\/comments?post=159848"}],"version-history":[{"count":1,"href":"https:\/\/radioljubuski.ba\/index.php\/wp-json\/wp\/v2\/posts\/159848\/revisions"}],"predecessor-version":[{"id":159854,"href":"https:\/\/radioljubuski.ba\/index.php\/wp-json\/wp\/v2\/posts\/159848\/revisions\/159854"}],"wp:featuredmedia":[{"embeddable":true,"href":"https:\/\/radioljubuski.ba\/index.php\/wp-json\/wp\/v2\/media\/159853"}],"wp:attachment":[{"href":"https:\/\/radioljubuski.ba\/index.php\/wp-json\/wp\/v2\/media?parent=159848"}],"wp:term":[{"taxonomy":"category","embeddable":true,"href":"https:\/\/radioljubuski.ba\/index.php\/wp-json\/wp\/v2\/categories?post=159848"},{"taxonomy":"post_tag","embeddable":true,"href":"https:\/\/radioljubuski.ba\/index.php\/wp-json\/wp\/v2\/tags?post=159848"}],"curies":[{"name":"wp","href":"https:\/\/api.w.org\/{rel}","templated":true}]}}