{"id":159882,"date":"2022-07-15T09:08:25","date_gmt":"2022-07-15T08:08:25","guid":{"rendered":"https:\/\/radioljubuski.ba\/?p=159882"},"modified":"2022-07-15T09:08:25","modified_gmt":"2022-07-15T08:08:25","slug":"covid-ima-novi-glavni-simptom","status":"publish","type":"post","link":"https:\/\/radioljubuski.ba\/index.php\/2022\/07\/15\/covid-ima-novi-glavni-simptom\/","title":{"rendered":"COVID ima novi glavni simptom"},"content":{"rendered":"\n<p>Glavni simptom koji bi mogao ukazivati na covid-19 je upaljeno grlo, prema podacima prikupljenima na 17.500 ljudi koji su rekli da su bili pozitivni na covid ovog tjedna.<\/p>\n\n\n\n<p>Nakon grlobolje, slijede po u\u010destalosti glavobolja, za\u010depljen nos i ka\u0161alj.<\/p>\n\n\n\n<p>Visoka temperatura ili groznica te gubitak mirisa ili okusa se sada rje\u0111e pojavljuju kod oboljelih.<\/p>\n\n\n\n<p>Promukli glas, kihanje, umor, bolovi u mi\u0161i\u0107ima i vrtoglavica javljaju se u ne\u0161to ve\u0107oj mjeri.<\/p>\n\n\n\n<p>Top 20 covid simptoma, prema podacima iz studije Zoe App su: upaljeno grlo (58 posto), glavobolja (49 posto), za\u010depljen nos (40 posto), ka\u0161alj bez sluzi (40 posto), curenje nosa (40 posto), ka\u0161alj sa sluzi (37 posto), promukli glas (35 posto), kihanje (32 posto), umor (27 posto), bolovi u mi\u0161i\u0107ima (25 posto), vrtoglavica (18 posto), nate\u010dene \u017elijezde na vratu (15 posto), bol u oku (14 posto), promjene u osjetilu mirisa (13 posto), stezanje u prsima (13 posto), groznica (13 posto), groznica ili drhtavica (12 posto), kratko\u0107a daha (11 posto), bol u uhu (11 posto) i gubitak mirisa (10 posto).<\/p>\n\n\n\n<p>Ovakva u\u010destalost simptoma kod zara\u017eenih poklapa se s nalazima drugih istra\u017eiva\u010da.<\/p>\n\n\n\n<p>U sklopu studije React-1, znanstvenici su svakog mjeseca slali ku\u0107ne testove za 150.000 nasumi\u010dno odabranih ljudi \u0161irom Engleske, a njihovi nalazi pomogli su otkriti kako su se promijenili simptomi covida od po\u010detka pandemije te kako se pandemija razvija, pi\u0161e BBC.<\/p>\n\n\n\n<p>Znanstvenici vjeruju da bi ovo moglo ukazivati na to kako se virus mijenja i mutira s vremenom. Od po\u010detka pandemije pojavilo se nekoliko varijanti, a posljednja je omikron sa svojim podvarijantama.<\/p>\n\n\n\n<p>Studija React-1 pokazuje da se gubitak mirisa i okusa kod ove varijante javljaju puno rje\u0111e, iako je to kod izvorne wuhanske varijante bio jedan od dominantnih simptoma.<\/p>\n\n\n\n<p>Izvor: <a href=\"https:\/\/pogled.ba\/svijet\/covid-ima-novi-glavni-simptom\/250731\">Pogled.ba<\/a><\/p>\n","protected":false},"excerpt":{"rendered":"<p>Glavni simptom koji bi mogao ukazivati na covid-19 je upaljeno grlo, prema podacima prikupljenima na 17.500 ljudi koji su rekli da su bili pozitivni na covid ovog tjedna. Nakon grlobolje, slijede po u\u010destalosti glavobolja, za\u010depljen nos i ka\u0161alj. Visoka temperatura ili groznica te gubitak mirisa ili okusa se sada rje\u0111e pojavljuju kod oboljelih. Promukli glas, [&hellip;]<\/p>\n","protected":false},"author":2,"featured_media":159883,"comment_status":"closed","ping_status":"closed","sticky":false,"template":"","format":"standard","meta":{"h5ap_radio_sources":[],"footnotes":""},"categories":[1],"tags":[],"class_list":["post-159882","post","type-post","status-publish","format-standard","has-post-thumbnail","hentry","category-bihiregija"],"yoast_head":"<!-- This site is optimized with the Yoast SEO plugin v27.5 - https:\/\/yoast.com\/product\/yoast-seo-wordpress\/ -->\n<title>COVID ima novi glavni simptom - RADIO LJUBU\u0160KI<\/title>\n<meta name=\"robots\" content=\"index, follow, max-snippet:-1, max-image-preview:large, max-video-preview:-1\" \/>\n<link rel=\"canonical\" href=\"https:\/\/radioljubuski.ba\/index.php\/2022\/07\/15\/covid-ima-novi-glavni-simptom\/\" \/>\n<meta property=\"og:locale\" content=\"hr_HR\" \/>\n<meta property=\"og:type\" content=\"article\" \/>\n<meta property=\"og:title\" content=\"COVID ima novi glavni simptom - RADIO LJUBU\u0160KI\" \/>\n<meta property=\"og:description\" content=\"Glavni simptom koji bi mogao ukazivati na covid-19 je upaljeno grlo, prema podacima prikupljenima na 17.500 ljudi koji su rekli da su bili pozitivni na covid ovog tjedna. Nakon grlobolje, slijede po u\u010destalosti glavobolja, za\u010depljen nos i ka\u0161alj. Visoka temperatura ili groznica te gubitak mirisa ili okusa se sada rje\u0111e pojavljuju kod oboljelih. Promukli glas, [&hellip;]\" \/>\n<meta property=\"og:url\" content=\"https:\/\/radioljubuski.ba\/index.php\/2022\/07\/15\/covid-ima-novi-glavni-simptom\/\" \/>\n<meta property=\"og:site_name\" content=\"RADIO LJUBU\u0160KI\" \/>\n<meta property=\"article:publisher\" content=\"https:\/\/www.facebook.com\/Radiio-Ljubuski-1490835324566332\" \/>\n<meta property=\"article:published_time\" content=\"2022-07-15T08:08:25+00:00\" \/>\n<meta property=\"og:image\" content=\"https:\/\/radioljubuski.ba\/wp-content\/uploads\/2022\/07\/X2Y1wfUy_gripa_simptomi.jpg\" \/>\n\t<meta property=\"og:image:width\" content=\"1000\" \/>\n\t<meta property=\"og:image:height\" content=\"625\" \/>\n\t<meta property=\"og:image:type\" content=\"image\/jpeg\" \/>\n<meta name=\"author\" content=\"Radio Ljubu\u0161ki\" \/>\n<meta name=\"twitter:card\" content=\"summary_large_image\" \/>\n<meta name=\"twitter:creator\" content=\"@radioljubuski\" \/>\n<meta name=\"twitter:site\" content=\"@radioljubuski\" \/>\n<meta name=\"twitter:label1\" content=\"Napisao\/la\" \/>\n\t<meta name=\"twitter:data1\" content=\"Radio Ljubu\u0161ki\" \/>\n\t<meta name=\"twitter:label2\" content=\"Procijenjeno vrijeme \u010ditanja\" \/>\n\t<meta name=\"twitter:data2\" content=\"2 minute\" \/>\n<script type=\"application\/ld+json\" class=\"yoast-schema-graph\">{\"@context\":\"https:\\\/\\\/schema.org\",\"@graph\":[{\"@type\":\"Article\",\"@id\":\"https:\\\/\\\/radioljubuski.ba\\\/index.php\\\/2022\\\/07\\\/15\\\/covid-ima-novi-glavni-simptom\\\/#article\",\"isPartOf\":{\"@id\":\"https:\\\/\\\/radioljubuski.ba\\\/index.php\\\/2022\\\/07\\\/15\\\/covid-ima-novi-glavni-simptom\\\/\"},\"author\":{\"name\":\"Radio Ljubu\u0161ki\",\"@id\":\"https:\\\/\\\/radioljubuski.ba\\\/#\\\/schema\\\/person\\\/19fc700381a780f69665d7956c469e3b\"},\"headline\":\"COVID ima novi glavni simptom\",\"datePublished\":\"2022-07-15T08:08:25+00:00\",\"mainEntityOfPage\":{\"@id\":\"https:\\\/\\\/radioljubuski.ba\\\/index.php\\\/2022\\\/07\\\/15\\\/covid-ima-novi-glavni-simptom\\\/\"},\"wordCount\":285,\"publisher\":{\"@id\":\"https:\\\/\\\/radioljubuski.ba\\\/#organization\"},\"image\":{\"@id\":\"https:\\\/\\\/radioljubuski.ba\\\/index.php\\\/2022\\\/07\\\/15\\\/covid-ima-novi-glavni-simptom\\\/#primaryimage\"},\"thumbnailUrl\":\"https:\\\/\\\/radioljubuski.ba\\\/wp-content\\\/uploads\\\/2022\\\/07\\\/X2Y1wfUy_gripa_simptomi.jpg\",\"articleSection\":[\"BIH i regija\"],\"inLanguage\":\"hr\"},{\"@type\":\"WebPage\",\"@id\":\"https:\\\/\\\/radioljubuski.ba\\\/index.php\\\/2022\\\/07\\\/15\\\/covid-ima-novi-glavni-simptom\\\/\",\"url\":\"https:\\\/\\\/radioljubuski.ba\\\/index.php\\\/2022\\\/07\\\/15\\\/covid-ima-novi-glavni-simptom\\\/\",\"name\":\"COVID ima novi glavni simptom - RADIO LJUBU\u0160KI\",\"isPartOf\":{\"@id\":\"https:\\\/\\\/radioljubuski.ba\\\/#website\"},\"primaryImageOfPage\":{\"@id\":\"https:\\\/\\\/radioljubuski.ba\\\/index.php\\\/2022\\\/07\\\/15\\\/covid-ima-novi-glavni-simptom\\\/#primaryimage\"},\"image\":{\"@id\":\"https:\\\/\\\/radioljubuski.ba\\\/index.php\\\/2022\\\/07\\\/15\\\/covid-ima-novi-glavni-simptom\\\/#primaryimage\"},\"thumbnailUrl\":\"https:\\\/\\\/radioljubuski.ba\\\/wp-content\\\/uploads\\\/2022\\\/07\\\/X2Y1wfUy_gripa_simptomi.jpg\",\"datePublished\":\"2022-07-15T08:08:25+00:00\",\"breadcrumb\":{\"@id\":\"https:\\\/\\\/radioljubuski.ba\\\/index.php\\\/2022\\\/07\\\/15\\\/covid-ima-novi-glavni-simptom\\\/#breadcrumb\"},\"inLanguage\":\"hr\",\"potentialAction\":[{\"@type\":\"ReadAction\",\"target\":[\"https:\\\/\\\/radioljubuski.ba\\\/index.php\\\/2022\\\/07\\\/15\\\/covid-ima-novi-glavni-simptom\\\/\"]}]},{\"@type\":\"ImageObject\",\"inLanguage\":\"hr\",\"@id\":\"https:\\\/\\\/radioljubuski.ba\\\/index.php\\\/2022\\\/07\\\/15\\\/covid-ima-novi-glavni-simptom\\\/#primaryimage\",\"url\":\"https:\\\/\\\/radioljubuski.ba\\\/wp-content\\\/uploads\\\/2022\\\/07\\\/X2Y1wfUy_gripa_simptomi.jpg\",\"contentUrl\":\"https:\\\/\\\/radioljubuski.ba\\\/wp-content\\\/uploads\\\/2022\\\/07\\\/X2Y1wfUy_gripa_simptomi.jpg\",\"width\":1000,\"height\":625},{\"@type\":\"BreadcrumbList\",\"@id\":\"https:\\\/\\\/radioljubuski.ba\\\/index.php\\\/2022\\\/07\\\/15\\\/covid-ima-novi-glavni-simptom\\\/#breadcrumb\",\"itemListElement\":[{\"@type\":\"ListItem\",\"position\":1,\"name\":\"Po\u010detna stranica\",\"item\":\"https:\\\/\\\/radioljubuski.ba\\\/\"},{\"@type\":\"ListItem\",\"position\":2,\"name\":\"COVID ima novi glavni simptom\"}]},{\"@type\":\"WebSite\",\"@id\":\"https:\\\/\\\/radioljubuski.ba\\\/#website\",\"url\":\"https:\\\/\\\/radioljubuski.ba\\\/\",\"name\":\"Radio Ljubu\u0161ki\",\"description\":\"Sun\u010dana frekvencija Hercegovine\",\"publisher\":{\"@id\":\"https:\\\/\\\/radioljubuski.ba\\\/#organization\"},\"potentialAction\":[{\"@type\":\"SearchAction\",\"target\":{\"@type\":\"EntryPoint\",\"urlTemplate\":\"https:\\\/\\\/radioljubuski.ba\\\/?s={search_term_string}\"},\"query-input\":{\"@type\":\"PropertyValueSpecification\",\"valueRequired\":true,\"valueName\":\"search_term_string\"}}],\"inLanguage\":\"hr\"},{\"@type\":\"Organization\",\"@id\":\"https:\\\/\\\/radioljubuski.ba\\\/#organization\",\"name\":\"Radio Ljubu\u0161ki\",\"url\":\"https:\\\/\\\/radioljubuski.ba\\\/\",\"logo\":{\"@type\":\"ImageObject\",\"inLanguage\":\"hr\",\"@id\":\"https:\\\/\\\/radioljubuski.ba\\\/#\\\/schema\\\/logo\\\/image\\\/\",\"url\":\"https:\\\/\\\/radioljubuski.ba\\\/wp-content\\\/uploads\\\/2021\\\/02\\\/cropped-Radio_Ljubuski_logo1.jpg\",\"contentUrl\":\"https:\\\/\\\/radioljubuski.ba\\\/wp-content\\\/uploads\\\/2021\\\/02\\\/cropped-Radio_Ljubuski_logo1.jpg\",\"width\":512,\"height\":512,\"caption\":\"Radio Ljubu\u0161ki\"},\"image\":{\"@id\":\"https:\\\/\\\/radioljubuski.ba\\\/#\\\/schema\\\/logo\\\/image\\\/\"},\"sameAs\":[\"https:\\\/\\\/www.facebook.com\\\/Radiio-Ljubuski-1490835324566332\",\"https:\\\/\\\/x.com\\\/radioljubuski\",\"https:\\\/\\\/hr.linkedin.com\\\/company\\\/radio-ljubuski\",\"https:\\\/\\\/www.youtube.com\\\/channel\\\/UCHYaeO_n0Db3tjNGudGpXyw\"]},{\"@type\":\"Person\",\"@id\":\"https:\\\/\\\/radioljubuski.ba\\\/#\\\/schema\\\/person\\\/19fc700381a780f69665d7956c469e3b\",\"name\":\"Radio Ljubu\u0161ki\"}]}<\/script>\n<!-- \/ Yoast SEO plugin. -->","yoast_head_json":{"title":"COVID ima novi glavni simptom - RADIO LJUBU\u0160KI","robots":{"index":"index","follow":"follow","max-snippet":"max-snippet:-1","max-image-preview":"max-image-preview:large","max-video-preview":"max-video-preview:-1"},"canonical":"https:\/\/radioljubuski.ba\/index.php\/2022\/07\/15\/covid-ima-novi-glavni-simptom\/","og_locale":"hr_HR","og_type":"article","og_title":"COVID ima novi glavni simptom - RADIO LJUBU\u0160KI","og_description":"Glavni simptom koji bi mogao ukazivati na covid-19 je upaljeno grlo, prema podacima prikupljenima na 17.500 ljudi koji su rekli da su bili pozitivni na covid ovog tjedna. Nakon grlobolje, slijede po u\u010destalosti glavobolja, za\u010depljen nos i ka\u0161alj. Visoka temperatura ili groznica te gubitak mirisa ili okusa se sada rje\u0111e pojavljuju kod oboljelih. Promukli glas, [&hellip;]","og_url":"https:\/\/radioljubuski.ba\/index.php\/2022\/07\/15\/covid-ima-novi-glavni-simptom\/","og_site_name":"RADIO LJUBU\u0160KI","article_publisher":"https:\/\/www.facebook.com\/Radiio-Ljubuski-1490835324566332","article_published_time":"2022-07-15T08:08:25+00:00","og_image":[{"width":1000,"height":625,"url":"https:\/\/radioljubuski.ba\/wp-content\/uploads\/2022\/07\/X2Y1wfUy_gripa_simptomi.jpg","type":"image\/jpeg"}],"author":"Radio Ljubu\u0161ki","twitter_card":"summary_large_image","twitter_creator":"@radioljubuski","twitter_site":"@radioljubuski","twitter_misc":{"Napisao\/la":"Radio Ljubu\u0161ki","Procijenjeno vrijeme \u010ditanja":"2 minute"},"schema":{"@context":"https:\/\/schema.org","@graph":[{"@type":"Article","@id":"https:\/\/radioljubuski.ba\/index.php\/2022\/07\/15\/covid-ima-novi-glavni-simptom\/#article","isPartOf":{"@id":"https:\/\/radioljubuski.ba\/index.php\/2022\/07\/15\/covid-ima-novi-glavni-simptom\/"},"author":{"name":"Radio Ljubu\u0161ki","@id":"https:\/\/radioljubuski.ba\/#\/schema\/person\/19fc700381a780f69665d7956c469e3b"},"headline":"COVID ima novi glavni simptom","datePublished":"2022-07-15T08:08:25+00:00","mainEntityOfPage":{"@id":"https:\/\/radioljubuski.ba\/index.php\/2022\/07\/15\/covid-ima-novi-glavni-simptom\/"},"wordCount":285,"publisher":{"@id":"https:\/\/radioljubuski.ba\/#organization"},"image":{"@id":"https:\/\/radioljubuski.ba\/index.php\/2022\/07\/15\/covid-ima-novi-glavni-simptom\/#primaryimage"},"thumbnailUrl":"https:\/\/radioljubuski.ba\/wp-content\/uploads\/2022\/07\/X2Y1wfUy_gripa_simptomi.jpg","articleSection":["BIH i regija"],"inLanguage":"hr"},{"@type":"WebPage","@id":"https:\/\/radioljubuski.ba\/index.php\/2022\/07\/15\/covid-ima-novi-glavni-simptom\/","url":"https:\/\/radioljubuski.ba\/index.php\/2022\/07\/15\/covid-ima-novi-glavni-simptom\/","name":"COVID ima novi glavni simptom - RADIO LJUBU\u0160KI","isPartOf":{"@id":"https:\/\/radioljubuski.ba\/#website"},"primaryImageOfPage":{"@id":"https:\/\/radioljubuski.ba\/index.php\/2022\/07\/15\/covid-ima-novi-glavni-simptom\/#primaryimage"},"image":{"@id":"https:\/\/radioljubuski.ba\/index.php\/2022\/07\/15\/covid-ima-novi-glavni-simptom\/#primaryimage"},"thumbnailUrl":"https:\/\/radioljubuski.ba\/wp-content\/uploads\/2022\/07\/X2Y1wfUy_gripa_simptomi.jpg","datePublished":"2022-07-15T08:08:25+00:00","breadcrumb":{"@id":"https:\/\/radioljubuski.ba\/index.php\/2022\/07\/15\/covid-ima-novi-glavni-simptom\/#breadcrumb"},"inLanguage":"hr","potentialAction":[{"@type":"ReadAction","target":["https:\/\/radioljubuski.ba\/index.php\/2022\/07\/15\/covid-ima-novi-glavni-simptom\/"]}]},{"@type":"ImageObject","inLanguage":"hr","@id":"https:\/\/radioljubuski.ba\/index.php\/2022\/07\/15\/covid-ima-novi-glavni-simptom\/#primaryimage","url":"https:\/\/radioljubuski.ba\/wp-content\/uploads\/2022\/07\/X2Y1wfUy_gripa_simptomi.jpg","contentUrl":"https:\/\/radioljubuski.ba\/wp-content\/uploads\/2022\/07\/X2Y1wfUy_gripa_simptomi.jpg","width":1000,"height":625},{"@type":"BreadcrumbList","@id":"https:\/\/radioljubuski.ba\/index.php\/2022\/07\/15\/covid-ima-novi-glavni-simptom\/#breadcrumb","itemListElement":[{"@type":"ListItem","position":1,"name":"Po\u010detna stranica","item":"https:\/\/radioljubuski.ba\/"},{"@type":"ListItem","position":2,"name":"COVID ima novi glavni simptom"}]},{"@type":"WebSite","@id":"https:\/\/radioljubuski.ba\/#website","url":"https:\/\/radioljubuski.ba\/","name":"Radio Ljubu\u0161ki","description":"Sun\u010dana frekvencija Hercegovine","publisher":{"@id":"https:\/\/radioljubuski.ba\/#organization"},"potentialAction":[{"@type":"SearchAction","target":{"@type":"EntryPoint","urlTemplate":"https:\/\/radioljubuski.ba\/?s={search_term_string}"},"query-input":{"@type":"PropertyValueSpecification","valueRequired":true,"valueName":"search_term_string"}}],"inLanguage":"hr"},{"@type":"Organization","@id":"https:\/\/radioljubuski.ba\/#organization","name":"Radio Ljubu\u0161ki","url":"https:\/\/radioljubuski.ba\/","logo":{"@type":"ImageObject","inLanguage":"hr","@id":"https:\/\/radioljubuski.ba\/#\/schema\/logo\/image\/","url":"https:\/\/radioljubuski.ba\/wp-content\/uploads\/2021\/02\/cropped-Radio_Ljubuski_logo1.jpg","contentUrl":"https:\/\/radioljubuski.ba\/wp-content\/uploads\/2021\/02\/cropped-Radio_Ljubuski_logo1.jpg","width":512,"height":512,"caption":"Radio Ljubu\u0161ki"},"image":{"@id":"https:\/\/radioljubuski.ba\/#\/schema\/logo\/image\/"},"sameAs":["https:\/\/www.facebook.com\/Radiio-Ljubuski-1490835324566332","https:\/\/x.com\/radioljubuski","https:\/\/hr.linkedin.com\/company\/radio-ljubuski","https:\/\/www.youtube.com\/channel\/UCHYaeO_n0Db3tjNGudGpXyw"]},{"@type":"Person","@id":"https:\/\/radioljubuski.ba\/#\/schema\/person\/19fc700381a780f69665d7956c469e3b","name":"Radio Ljubu\u0161ki"}]}},"_links":{"self":[{"href":"https:\/\/radioljubuski.ba\/index.php\/wp-json\/wp\/v2\/posts\/159882","targetHints":{"allow":["GET"]}}],"collection":[{"href":"https:\/\/radioljubuski.ba\/index.php\/wp-json\/wp\/v2\/posts"}],"about":[{"href":"https:\/\/radioljubuski.ba\/index.php\/wp-json\/wp\/v2\/types\/post"}],"author":[{"embeddable":true,"href":"https:\/\/radioljubuski.ba\/index.php\/wp-json\/wp\/v2\/users\/2"}],"replies":[{"embeddable":true,"href":"https:\/\/radioljubuski.ba\/index.php\/wp-json\/wp\/v2\/comments?post=159882"}],"version-history":[{"count":1,"href":"https:\/\/radioljubuski.ba\/index.php\/wp-json\/wp\/v2\/posts\/159882\/revisions"}],"predecessor-version":[{"id":159884,"href":"https:\/\/radioljubuski.ba\/index.php\/wp-json\/wp\/v2\/posts\/159882\/revisions\/159884"}],"wp:featuredmedia":[{"embeddable":true,"href":"https:\/\/radioljubuski.ba\/index.php\/wp-json\/wp\/v2\/media\/159883"}],"wp:attachment":[{"href":"https:\/\/radioljubuski.ba\/index.php\/wp-json\/wp\/v2\/media?parent=159882"}],"wp:term":[{"taxonomy":"category","embeddable":true,"href":"https:\/\/radioljubuski.ba\/index.php\/wp-json\/wp\/v2\/categories?post=159882"},{"taxonomy":"post_tag","embeddable":true,"href":"https:\/\/radioljubuski.ba\/index.php\/wp-json\/wp\/v2\/tags?post=159882"}],"curies":[{"name":"wp","href":"https:\/\/api.w.org\/{rel}","templated":true}]}}