{"id":160031,"date":"2022-07-15T14:55:37","date_gmt":"2022-07-15T13:55:37","guid":{"rendered":"https:\/\/radioljubuski.ba\/?p=160031"},"modified":"2022-07-15T14:55:38","modified_gmt":"2022-07-15T13:55:38","slug":"objavljene-poruke-klana-velje-nevolje-vec-je-ostao-bez-prsta-hahaha-sad-ide-ruka-daj-ruku-da-posaljemo-njegovima","status":"publish","type":"post","link":"https:\/\/radioljubuski.ba\/index.php\/2022\/07\/15\/objavljene-poruke-klana-velje-nevolje-vec-je-ostao-bez-prsta-hahaha-sad-ide-ruka-daj-ruku-da-posaljemo-njegovima\/","title":{"rendered":"Objavljene poruke klana Velje Nevolje: &#8220;Ve\u0107 je ostao bez prsta&#8221;, &#8220;Hahaha, sad ide ruka&#8221;, &#8216;Daj ruku da po\u0161aljemo njegovima&#8217;"},"content":{"rendered":"\n<p>Ubojstvu Nikole Miti\u0107a prethodili su dani u kojima su \u010dlanovi ozlogla\u0161enog klana Veljka Belivuka, poznatijeg kao Velja Nevolja i Marka Miljkovi\u0107a sumnjali da ih konkurencija na tr\u017ei\u0161tu prati. Upravo to je i do\u0161lo glave ubijenom Miti\u0107u, a sada su otkriveni detalji monstruoznog mu\u010denja \u017ertve klana, otkriva Nova.rs.<\/p>\n\n\n\n<p>U grupi za dopisivanje, 8. kolovoza, pripadnici ove grupe komentirali su \u0161to \u0107e raditi suparni\u010dkoj grupi, za koju su sumnjali da motri na njih i da ih prate. Naime, sumnjali su da &#8220;rade Velju i Mareta&#8221;, a da iza svega stoji Aleksandar \u0160arac (35), Pink panter koji je ubijen naknadno u gara\u017ei TC U\u0161\u0107e u Beogradu.<\/p>\n\n\n\n<p>U tom kontekstu spominje se i ubijeni Lazar Vuki\u0107evi\u0107, \u017ertva ovog klana, kao netko tko, tako\u0111er, stoji iza pra\u0107enja ozlogla\u0161enog klana. Ipak, ono \u0161to su sa precizno\u0161\u0107u znali to je da je jedan od najbli\u017eih \u0160ar\u010devih ljudi imao stan koji gleda na njihov ulaz u Humskoj. Dogovarali su se da krenu u kontra pratnju.<\/p>\n\n\n\n<p>Tog dana, kada su krenuli u pratnju, uo\u010dili su automobil Miti\u0107a, da bi ga u nekom trenutku zaustavilo vozilo Miljkovi\u0107a. Tada ga je Miljkovi\u0107, sa jo\u0161 dva \u010dlana \u010dlana napao, nakon \u010dega su ga li\u0161ili slobode i odvezli u prostorije u kojima je mu\u010den.<\/p>\n\n\n\n<p>Ovo su poruke koje su razmijenjene izme\u0111u \u010dlanova grupe kobnog dana kada je Miti\u0107 mu\u010den i ubijen, pi\u0161e &#8220;Nova&#8221;.<\/p>\n\n\n\n<p>Sr\u0111an Lali\u0107: Ovaj se pravi lud.<\/p>\n\n\n\n<p>Marko Budimir: Udri po dupetu.<\/p>\n\n\n\n<p>Marko Miljkovi\u0107: Tucite ga po dupetu.<\/p>\n\n\n\n<p>Sr\u0111an Lali\u0107: Da, znam kako da ga obra\u0111ujemo, dosta se pravi lud. Ve\u0107 je ostao bez prsta i gadno je upropa\u0161\u0107en. Ali mentol misli da \u0107e da iza\u0111e. Ve\u0107 sam ga dobro odro (odrao).<\/p>\n\n\n\n<p>Dejan Te\u0161i\u0107: \u0160ta trebam ja? Ja sam na\u0161ao marinub u Marinkovoj bari za dubinsko pranje, tek u srijedu gotov auto, ali ovu perionicu niko ne na\u0111e. Bari mu je po\u010dupao prsti\u0107 dok sam jo\u0161 bio tamo, zna\u010di pet min, a ja sad \u0161etam od Marinkove ka kolima, a Bari pi\u0161e nema prsti\u0107, ko zna \u0161ta se u me\u0111uvremenu desilo.<\/p>\n\n\n\n<p>Marko Miljkovi\u0107: Hahahaha, sad ide ruka.<\/p>\n\n\n\n<p>Bojan Hrvatin: Ostavite ne\u0161to i za no\u0107nu.<\/p>\n\n\n\n<p>Marko Budimir: Daj ruku da po\u0161aljemo njegovima.<\/p>\n\n\n\n<p>Monstrumi se tu nisu zaustavili, ve\u0107 su kasnije nastavili da pi\u0161u poruke koje se odnose na mu\u010denje Miti\u0107a, koji je u tom trenutku i dalje bio \u017eiv.<\/p>\n\n\n\n<p>Nikola Miti\u0107 Foot: Nestali Srbija<\/p>\n\n\n\n<p>Marko Miljkovi\u0107: Odrali ste ga?<\/p>\n\n\n\n<p>Sr\u0111an Lali\u0107: Da, udavili ga zajedni\u010dki, pa zaklali. Dva puta ga ubili fakti\u010dki.<\/p>\n\n\n\n<p><br>Miti\u0107 je ubijen u vikendici u Ritopeku. Rije\u010d je o objektu koji je kori\u0161ten za monstruozne likvidacije, i u kojem se nalazio i stroj za industrijsko mljevenje mesa.<\/p>\n\n\n\n<p>U spomenuti stroj, nakon likvidacija, optu\u017eeni su stavljali svoje \u017ertve.<\/p>\n\n\n\n<p>Izvor:pogled.ba<\/p>\n","protected":false},"excerpt":{"rendered":"<p>Ubojstvu Nikole Miti\u0107a prethodili su dani u kojima su \u010dlanovi ozlogla\u0161enog klana Veljka Belivuka, poznatijeg kao Velja Nevolja i Marka Miljkovi\u0107a sumnjali da ih konkurencija na tr\u017ei\u0161tu prati. Upravo to je i do\u0161lo glave ubijenom Miti\u0107u, a sada su otkriveni detalji monstruoznog mu\u010denja \u017ertve klana, otkriva Nova.rs. U grupi za dopisivanje, 8. kolovoza, pripadnici ove [&hellip;]<\/p>\n","protected":false},"author":2,"featured_media":160032,"comment_status":"closed","ping_status":"closed","sticky":false,"template":"","format":"standard","meta":{"h5ap_radio_sources":[],"footnotes":""},"categories":[1],"tags":[],"class_list":["post-160031","post","type-post","status-publish","format-standard","has-post-thumbnail","hentry","category-bihiregija"],"yoast_head":"<!-- This site is optimized with the Yoast SEO plugin v27.5 - https:\/\/yoast.com\/product\/yoast-seo-wordpress\/ -->\n<title>Objavljene poruke klana Velje Nevolje: &quot;Ve\u0107 je ostao bez prsta&quot;, &quot;Hahaha, sad ide ruka&quot;, &#039;Daj ruku da po\u0161aljemo njegovima&#039; - RADIO LJUBU\u0160KI<\/title>\n<meta name=\"robots\" content=\"index, follow, max-snippet:-1, max-image-preview:large, max-video-preview:-1\" \/>\n<link rel=\"canonical\" href=\"https:\/\/radioljubuski.ba\/index.php\/2022\/07\/15\/objavljene-poruke-klana-velje-nevolje-vec-je-ostao-bez-prsta-hahaha-sad-ide-ruka-daj-ruku-da-posaljemo-njegovima\/\" \/>\n<meta property=\"og:locale\" content=\"hr_HR\" \/>\n<meta property=\"og:type\" content=\"article\" \/>\n<meta property=\"og:title\" content=\"Objavljene poruke klana Velje Nevolje: &quot;Ve\u0107 je ostao bez prsta&quot;, &quot;Hahaha, sad ide ruka&quot;, &#039;Daj ruku da po\u0161aljemo njegovima&#039; - RADIO LJUBU\u0160KI\" \/>\n<meta property=\"og:description\" content=\"Ubojstvu Nikole Miti\u0107a prethodili su dani u kojima su \u010dlanovi ozlogla\u0161enog klana Veljka Belivuka, poznatijeg kao Velja Nevolja i Marka Miljkovi\u0107a sumnjali da ih konkurencija na tr\u017ei\u0161tu prati. Upravo to je i do\u0161lo glave ubijenom Miti\u0107u, a sada su otkriveni detalji monstruoznog mu\u010denja \u017ertve klana, otkriva Nova.rs. U grupi za dopisivanje, 8. kolovoza, pripadnici ove [&hellip;]\" \/>\n<meta property=\"og:url\" content=\"https:\/\/radioljubuski.ba\/index.php\/2022\/07\/15\/objavljene-poruke-klana-velje-nevolje-vec-je-ostao-bez-prsta-hahaha-sad-ide-ruka-daj-ruku-da-posaljemo-njegovima\/\" \/>\n<meta property=\"og:site_name\" content=\"RADIO LJUBU\u0160KI\" \/>\n<meta property=\"article:publisher\" content=\"https:\/\/www.facebook.com\/Radiio-Ljubuski-1490835324566332\" \/>\n<meta property=\"article:published_time\" content=\"2022-07-15T13:55:37+00:00\" \/>\n<meta property=\"article:modified_time\" content=\"2022-07-15T13:55:38+00:00\" \/>\n<meta property=\"og:image\" content=\"https:\/\/radioljubuski.ba\/wp-content\/uploads\/2022\/07\/zwkHeByV_veljo.jpg\" \/>\n\t<meta property=\"og:image:width\" content=\"1000\" \/>\n\t<meta property=\"og:image:height\" content=\"625\" \/>\n\t<meta property=\"og:image:type\" content=\"image\/jpeg\" \/>\n<meta name=\"author\" content=\"Radio Ljubu\u0161ki\" \/>\n<meta name=\"twitter:card\" content=\"summary_large_image\" \/>\n<meta name=\"twitter:creator\" content=\"@radioljubuski\" \/>\n<meta name=\"twitter:site\" content=\"@radioljubuski\" \/>\n<meta name=\"twitter:label1\" content=\"Napisao\/la\" \/>\n\t<meta name=\"twitter:data1\" content=\"Radio Ljubu\u0161ki\" \/>\n\t<meta name=\"twitter:label2\" content=\"Procijenjeno vrijeme \u010ditanja\" \/>\n\t<meta name=\"twitter:data2\" content=\"2 minute\" \/>\n<script type=\"application\/ld+json\" class=\"yoast-schema-graph\">{\"@context\":\"https:\\\/\\\/schema.org\",\"@graph\":[{\"@type\":\"Article\",\"@id\":\"https:\\\/\\\/radioljubuski.ba\\\/index.php\\\/2022\\\/07\\\/15\\\/objavljene-poruke-klana-velje-nevolje-vec-je-ostao-bez-prsta-hahaha-sad-ide-ruka-daj-ruku-da-posaljemo-njegovima\\\/#article\",\"isPartOf\":{\"@id\":\"https:\\\/\\\/radioljubuski.ba\\\/index.php\\\/2022\\\/07\\\/15\\\/objavljene-poruke-klana-velje-nevolje-vec-je-ostao-bez-prsta-hahaha-sad-ide-ruka-daj-ruku-da-posaljemo-njegovima\\\/\"},\"author\":{\"name\":\"Radio Ljubu\u0161ki\",\"@id\":\"https:\\\/\\\/radioljubuski.ba\\\/#\\\/schema\\\/person\\\/19fc700381a780f69665d7956c469e3b\"},\"headline\":\"Objavljene poruke klana Velje Nevolje: &#8220;Ve\u0107 je ostao bez prsta&#8221;, &#8220;Hahaha, sad ide ruka&#8221;, &#8216;Daj ruku da po\u0161aljemo njegovima&#8217;\",\"datePublished\":\"2022-07-15T13:55:37+00:00\",\"dateModified\":\"2022-07-15T13:55:38+00:00\",\"mainEntityOfPage\":{\"@id\":\"https:\\\/\\\/radioljubuski.ba\\\/index.php\\\/2022\\\/07\\\/15\\\/objavljene-poruke-klana-velje-nevolje-vec-je-ostao-bez-prsta-hahaha-sad-ide-ruka-daj-ruku-da-posaljemo-njegovima\\\/\"},\"wordCount\":509,\"publisher\":{\"@id\":\"https:\\\/\\\/radioljubuski.ba\\\/#organization\"},\"image\":{\"@id\":\"https:\\\/\\\/radioljubuski.ba\\\/index.php\\\/2022\\\/07\\\/15\\\/objavljene-poruke-klana-velje-nevolje-vec-je-ostao-bez-prsta-hahaha-sad-ide-ruka-daj-ruku-da-posaljemo-njegovima\\\/#primaryimage\"},\"thumbnailUrl\":\"https:\\\/\\\/radioljubuski.ba\\\/wp-content\\\/uploads\\\/2022\\\/07\\\/zwkHeByV_veljo.jpg\",\"articleSection\":[\"BIH i regija\"],\"inLanguage\":\"hr\"},{\"@type\":\"WebPage\",\"@id\":\"https:\\\/\\\/radioljubuski.ba\\\/index.php\\\/2022\\\/07\\\/15\\\/objavljene-poruke-klana-velje-nevolje-vec-je-ostao-bez-prsta-hahaha-sad-ide-ruka-daj-ruku-da-posaljemo-njegovima\\\/\",\"url\":\"https:\\\/\\\/radioljubuski.ba\\\/index.php\\\/2022\\\/07\\\/15\\\/objavljene-poruke-klana-velje-nevolje-vec-je-ostao-bez-prsta-hahaha-sad-ide-ruka-daj-ruku-da-posaljemo-njegovima\\\/\",\"name\":\"Objavljene poruke klana Velje Nevolje: \\\"Ve\u0107 je ostao bez prsta\\\", \\\"Hahaha, sad ide ruka\\\", 'Daj ruku da po\u0161aljemo njegovima' - RADIO LJUBU\u0160KI\",\"isPartOf\":{\"@id\":\"https:\\\/\\\/radioljubuski.ba\\\/#website\"},\"primaryImageOfPage\":{\"@id\":\"https:\\\/\\\/radioljubuski.ba\\\/index.php\\\/2022\\\/07\\\/15\\\/objavljene-poruke-klana-velje-nevolje-vec-je-ostao-bez-prsta-hahaha-sad-ide-ruka-daj-ruku-da-posaljemo-njegovima\\\/#primaryimage\"},\"image\":{\"@id\":\"https:\\\/\\\/radioljubuski.ba\\\/index.php\\\/2022\\\/07\\\/15\\\/objavljene-poruke-klana-velje-nevolje-vec-je-ostao-bez-prsta-hahaha-sad-ide-ruka-daj-ruku-da-posaljemo-njegovima\\\/#primaryimage\"},\"thumbnailUrl\":\"https:\\\/\\\/radioljubuski.ba\\\/wp-content\\\/uploads\\\/2022\\\/07\\\/zwkHeByV_veljo.jpg\",\"datePublished\":\"2022-07-15T13:55:37+00:00\",\"dateModified\":\"2022-07-15T13:55:38+00:00\",\"breadcrumb\":{\"@id\":\"https:\\\/\\\/radioljubuski.ba\\\/index.php\\\/2022\\\/07\\\/15\\\/objavljene-poruke-klana-velje-nevolje-vec-je-ostao-bez-prsta-hahaha-sad-ide-ruka-daj-ruku-da-posaljemo-njegovima\\\/#breadcrumb\"},\"inLanguage\":\"hr\",\"potentialAction\":[{\"@type\":\"ReadAction\",\"target\":[\"https:\\\/\\\/radioljubuski.ba\\\/index.php\\\/2022\\\/07\\\/15\\\/objavljene-poruke-klana-velje-nevolje-vec-je-ostao-bez-prsta-hahaha-sad-ide-ruka-daj-ruku-da-posaljemo-njegovima\\\/\"]}]},{\"@type\":\"ImageObject\",\"inLanguage\":\"hr\",\"@id\":\"https:\\\/\\\/radioljubuski.ba\\\/index.php\\\/2022\\\/07\\\/15\\\/objavljene-poruke-klana-velje-nevolje-vec-je-ostao-bez-prsta-hahaha-sad-ide-ruka-daj-ruku-da-posaljemo-njegovima\\\/#primaryimage\",\"url\":\"https:\\\/\\\/radioljubuski.ba\\\/wp-content\\\/uploads\\\/2022\\\/07\\\/zwkHeByV_veljo.jpg\",\"contentUrl\":\"https:\\\/\\\/radioljubuski.ba\\\/wp-content\\\/uploads\\\/2022\\\/07\\\/zwkHeByV_veljo.jpg\",\"width\":1000,\"height\":625},{\"@type\":\"BreadcrumbList\",\"@id\":\"https:\\\/\\\/radioljubuski.ba\\\/index.php\\\/2022\\\/07\\\/15\\\/objavljene-poruke-klana-velje-nevolje-vec-je-ostao-bez-prsta-hahaha-sad-ide-ruka-daj-ruku-da-posaljemo-njegovima\\\/#breadcrumb\",\"itemListElement\":[{\"@type\":\"ListItem\",\"position\":1,\"name\":\"Po\u010detna stranica\",\"item\":\"https:\\\/\\\/radioljubuski.ba\\\/\"},{\"@type\":\"ListItem\",\"position\":2,\"name\":\"Objavljene poruke klana Velje Nevolje: &#8220;Ve\u0107 je ostao bez prsta&#8221;, &#8220;Hahaha, sad ide ruka&#8221;, &#8216;Daj ruku da po\u0161aljemo njegovima&#8217;\"}]},{\"@type\":\"WebSite\",\"@id\":\"https:\\\/\\\/radioljubuski.ba\\\/#website\",\"url\":\"https:\\\/\\\/radioljubuski.ba\\\/\",\"name\":\"Radio Ljubu\u0161ki\",\"description\":\"Sun\u010dana frekvencija Hercegovine\",\"publisher\":{\"@id\":\"https:\\\/\\\/radioljubuski.ba\\\/#organization\"},\"potentialAction\":[{\"@type\":\"SearchAction\",\"target\":{\"@type\":\"EntryPoint\",\"urlTemplate\":\"https:\\\/\\\/radioljubuski.ba\\\/?s={search_term_string}\"},\"query-input\":{\"@type\":\"PropertyValueSpecification\",\"valueRequired\":true,\"valueName\":\"search_term_string\"}}],\"inLanguage\":\"hr\"},{\"@type\":\"Organization\",\"@id\":\"https:\\\/\\\/radioljubuski.ba\\\/#organization\",\"name\":\"Radio Ljubu\u0161ki\",\"url\":\"https:\\\/\\\/radioljubuski.ba\\\/\",\"logo\":{\"@type\":\"ImageObject\",\"inLanguage\":\"hr\",\"@id\":\"https:\\\/\\\/radioljubuski.ba\\\/#\\\/schema\\\/logo\\\/image\\\/\",\"url\":\"https:\\\/\\\/radioljubuski.ba\\\/wp-content\\\/uploads\\\/2021\\\/02\\\/cropped-Radio_Ljubuski_logo1.jpg\",\"contentUrl\":\"https:\\\/\\\/radioljubuski.ba\\\/wp-content\\\/uploads\\\/2021\\\/02\\\/cropped-Radio_Ljubuski_logo1.jpg\",\"width\":512,\"height\":512,\"caption\":\"Radio Ljubu\u0161ki\"},\"image\":{\"@id\":\"https:\\\/\\\/radioljubuski.ba\\\/#\\\/schema\\\/logo\\\/image\\\/\"},\"sameAs\":[\"https:\\\/\\\/www.facebook.com\\\/Radiio-Ljubuski-1490835324566332\",\"https:\\\/\\\/x.com\\\/radioljubuski\",\"https:\\\/\\\/hr.linkedin.com\\\/company\\\/radio-ljubuski\",\"https:\\\/\\\/www.youtube.com\\\/channel\\\/UCHYaeO_n0Db3tjNGudGpXyw\"]},{\"@type\":\"Person\",\"@id\":\"https:\\\/\\\/radioljubuski.ba\\\/#\\\/schema\\\/person\\\/19fc700381a780f69665d7956c469e3b\",\"name\":\"Radio Ljubu\u0161ki\"}]}<\/script>\n<!-- \/ Yoast SEO plugin. -->","yoast_head_json":{"title":"Objavljene poruke klana Velje Nevolje: \"Ve\u0107 je ostao bez prsta\", \"Hahaha, sad ide ruka\", 'Daj ruku da po\u0161aljemo njegovima' - RADIO LJUBU\u0160KI","robots":{"index":"index","follow":"follow","max-snippet":"max-snippet:-1","max-image-preview":"max-image-preview:large","max-video-preview":"max-video-preview:-1"},"canonical":"https:\/\/radioljubuski.ba\/index.php\/2022\/07\/15\/objavljene-poruke-klana-velje-nevolje-vec-je-ostao-bez-prsta-hahaha-sad-ide-ruka-daj-ruku-da-posaljemo-njegovima\/","og_locale":"hr_HR","og_type":"article","og_title":"Objavljene poruke klana Velje Nevolje: \"Ve\u0107 je ostao bez prsta\", \"Hahaha, sad ide ruka\", 'Daj ruku da po\u0161aljemo njegovima' - RADIO LJUBU\u0160KI","og_description":"Ubojstvu Nikole Miti\u0107a prethodili su dani u kojima su \u010dlanovi ozlogla\u0161enog klana Veljka Belivuka, poznatijeg kao Velja Nevolja i Marka Miljkovi\u0107a sumnjali da ih konkurencija na tr\u017ei\u0161tu prati. Upravo to je i do\u0161lo glave ubijenom Miti\u0107u, a sada su otkriveni detalji monstruoznog mu\u010denja \u017ertve klana, otkriva Nova.rs. U grupi za dopisivanje, 8. kolovoza, pripadnici ove [&hellip;]","og_url":"https:\/\/radioljubuski.ba\/index.php\/2022\/07\/15\/objavljene-poruke-klana-velje-nevolje-vec-je-ostao-bez-prsta-hahaha-sad-ide-ruka-daj-ruku-da-posaljemo-njegovima\/","og_site_name":"RADIO LJUBU\u0160KI","article_publisher":"https:\/\/www.facebook.com\/Radiio-Ljubuski-1490835324566332","article_published_time":"2022-07-15T13:55:37+00:00","article_modified_time":"2022-07-15T13:55:38+00:00","og_image":[{"width":1000,"height":625,"url":"https:\/\/radioljubuski.ba\/wp-content\/uploads\/2022\/07\/zwkHeByV_veljo.jpg","type":"image\/jpeg"}],"author":"Radio Ljubu\u0161ki","twitter_card":"summary_large_image","twitter_creator":"@radioljubuski","twitter_site":"@radioljubuski","twitter_misc":{"Napisao\/la":"Radio Ljubu\u0161ki","Procijenjeno vrijeme \u010ditanja":"2 minute"},"schema":{"@context":"https:\/\/schema.org","@graph":[{"@type":"Article","@id":"https:\/\/radioljubuski.ba\/index.php\/2022\/07\/15\/objavljene-poruke-klana-velje-nevolje-vec-je-ostao-bez-prsta-hahaha-sad-ide-ruka-daj-ruku-da-posaljemo-njegovima\/#article","isPartOf":{"@id":"https:\/\/radioljubuski.ba\/index.php\/2022\/07\/15\/objavljene-poruke-klana-velje-nevolje-vec-je-ostao-bez-prsta-hahaha-sad-ide-ruka-daj-ruku-da-posaljemo-njegovima\/"},"author":{"name":"Radio Ljubu\u0161ki","@id":"https:\/\/radioljubuski.ba\/#\/schema\/person\/19fc700381a780f69665d7956c469e3b"},"headline":"Objavljene poruke klana Velje Nevolje: &#8220;Ve\u0107 je ostao bez prsta&#8221;, &#8220;Hahaha, sad ide ruka&#8221;, &#8216;Daj ruku da po\u0161aljemo njegovima&#8217;","datePublished":"2022-07-15T13:55:37+00:00","dateModified":"2022-07-15T13:55:38+00:00","mainEntityOfPage":{"@id":"https:\/\/radioljubuski.ba\/index.php\/2022\/07\/15\/objavljene-poruke-klana-velje-nevolje-vec-je-ostao-bez-prsta-hahaha-sad-ide-ruka-daj-ruku-da-posaljemo-njegovima\/"},"wordCount":509,"publisher":{"@id":"https:\/\/radioljubuski.ba\/#organization"},"image":{"@id":"https:\/\/radioljubuski.ba\/index.php\/2022\/07\/15\/objavljene-poruke-klana-velje-nevolje-vec-je-ostao-bez-prsta-hahaha-sad-ide-ruka-daj-ruku-da-posaljemo-njegovima\/#primaryimage"},"thumbnailUrl":"https:\/\/radioljubuski.ba\/wp-content\/uploads\/2022\/07\/zwkHeByV_veljo.jpg","articleSection":["BIH i regija"],"inLanguage":"hr"},{"@type":"WebPage","@id":"https:\/\/radioljubuski.ba\/index.php\/2022\/07\/15\/objavljene-poruke-klana-velje-nevolje-vec-je-ostao-bez-prsta-hahaha-sad-ide-ruka-daj-ruku-da-posaljemo-njegovima\/","url":"https:\/\/radioljubuski.ba\/index.php\/2022\/07\/15\/objavljene-poruke-klana-velje-nevolje-vec-je-ostao-bez-prsta-hahaha-sad-ide-ruka-daj-ruku-da-posaljemo-njegovima\/","name":"Objavljene poruke klana Velje Nevolje: \"Ve\u0107 je ostao bez prsta\", \"Hahaha, sad ide ruka\", 'Daj ruku da po\u0161aljemo njegovima' - RADIO LJUBU\u0160KI","isPartOf":{"@id":"https:\/\/radioljubuski.ba\/#website"},"primaryImageOfPage":{"@id":"https:\/\/radioljubuski.ba\/index.php\/2022\/07\/15\/objavljene-poruke-klana-velje-nevolje-vec-je-ostao-bez-prsta-hahaha-sad-ide-ruka-daj-ruku-da-posaljemo-njegovima\/#primaryimage"},"image":{"@id":"https:\/\/radioljubuski.ba\/index.php\/2022\/07\/15\/objavljene-poruke-klana-velje-nevolje-vec-je-ostao-bez-prsta-hahaha-sad-ide-ruka-daj-ruku-da-posaljemo-njegovima\/#primaryimage"},"thumbnailUrl":"https:\/\/radioljubuski.ba\/wp-content\/uploads\/2022\/07\/zwkHeByV_veljo.jpg","datePublished":"2022-07-15T13:55:37+00:00","dateModified":"2022-07-15T13:55:38+00:00","breadcrumb":{"@id":"https:\/\/radioljubuski.ba\/index.php\/2022\/07\/15\/objavljene-poruke-klana-velje-nevolje-vec-je-ostao-bez-prsta-hahaha-sad-ide-ruka-daj-ruku-da-posaljemo-njegovima\/#breadcrumb"},"inLanguage":"hr","potentialAction":[{"@type":"ReadAction","target":["https:\/\/radioljubuski.ba\/index.php\/2022\/07\/15\/objavljene-poruke-klana-velje-nevolje-vec-je-ostao-bez-prsta-hahaha-sad-ide-ruka-daj-ruku-da-posaljemo-njegovima\/"]}]},{"@type":"ImageObject","inLanguage":"hr","@id":"https:\/\/radioljubuski.ba\/index.php\/2022\/07\/15\/objavljene-poruke-klana-velje-nevolje-vec-je-ostao-bez-prsta-hahaha-sad-ide-ruka-daj-ruku-da-posaljemo-njegovima\/#primaryimage","url":"https:\/\/radioljubuski.ba\/wp-content\/uploads\/2022\/07\/zwkHeByV_veljo.jpg","contentUrl":"https:\/\/radioljubuski.ba\/wp-content\/uploads\/2022\/07\/zwkHeByV_veljo.jpg","width":1000,"height":625},{"@type":"BreadcrumbList","@id":"https:\/\/radioljubuski.ba\/index.php\/2022\/07\/15\/objavljene-poruke-klana-velje-nevolje-vec-je-ostao-bez-prsta-hahaha-sad-ide-ruka-daj-ruku-da-posaljemo-njegovima\/#breadcrumb","itemListElement":[{"@type":"ListItem","position":1,"name":"Po\u010detna stranica","item":"https:\/\/radioljubuski.ba\/"},{"@type":"ListItem","position":2,"name":"Objavljene poruke klana Velje Nevolje: &#8220;Ve\u0107 je ostao bez prsta&#8221;, &#8220;Hahaha, sad ide ruka&#8221;, &#8216;Daj ruku da po\u0161aljemo njegovima&#8217;"}]},{"@type":"WebSite","@id":"https:\/\/radioljubuski.ba\/#website","url":"https:\/\/radioljubuski.ba\/","name":"Radio Ljubu\u0161ki","description":"Sun\u010dana frekvencija Hercegovine","publisher":{"@id":"https:\/\/radioljubuski.ba\/#organization"},"potentialAction":[{"@type":"SearchAction","target":{"@type":"EntryPoint","urlTemplate":"https:\/\/radioljubuski.ba\/?s={search_term_string}"},"query-input":{"@type":"PropertyValueSpecification","valueRequired":true,"valueName":"search_term_string"}}],"inLanguage":"hr"},{"@type":"Organization","@id":"https:\/\/radioljubuski.ba\/#organization","name":"Radio Ljubu\u0161ki","url":"https:\/\/radioljubuski.ba\/","logo":{"@type":"ImageObject","inLanguage":"hr","@id":"https:\/\/radioljubuski.ba\/#\/schema\/logo\/image\/","url":"https:\/\/radioljubuski.ba\/wp-content\/uploads\/2021\/02\/cropped-Radio_Ljubuski_logo1.jpg","contentUrl":"https:\/\/radioljubuski.ba\/wp-content\/uploads\/2021\/02\/cropped-Radio_Ljubuski_logo1.jpg","width":512,"height":512,"caption":"Radio Ljubu\u0161ki"},"image":{"@id":"https:\/\/radioljubuski.ba\/#\/schema\/logo\/image\/"},"sameAs":["https:\/\/www.facebook.com\/Radiio-Ljubuski-1490835324566332","https:\/\/x.com\/radioljubuski","https:\/\/hr.linkedin.com\/company\/radio-ljubuski","https:\/\/www.youtube.com\/channel\/UCHYaeO_n0Db3tjNGudGpXyw"]},{"@type":"Person","@id":"https:\/\/radioljubuski.ba\/#\/schema\/person\/19fc700381a780f69665d7956c469e3b","name":"Radio Ljubu\u0161ki"}]}},"_links":{"self":[{"href":"https:\/\/radioljubuski.ba\/index.php\/wp-json\/wp\/v2\/posts\/160031","targetHints":{"allow":["GET"]}}],"collection":[{"href":"https:\/\/radioljubuski.ba\/index.php\/wp-json\/wp\/v2\/posts"}],"about":[{"href":"https:\/\/radioljubuski.ba\/index.php\/wp-json\/wp\/v2\/types\/post"}],"author":[{"embeddable":true,"href":"https:\/\/radioljubuski.ba\/index.php\/wp-json\/wp\/v2\/users\/2"}],"replies":[{"embeddable":true,"href":"https:\/\/radioljubuski.ba\/index.php\/wp-json\/wp\/v2\/comments?post=160031"}],"version-history":[{"count":1,"href":"https:\/\/radioljubuski.ba\/index.php\/wp-json\/wp\/v2\/posts\/160031\/revisions"}],"predecessor-version":[{"id":160033,"href":"https:\/\/radioljubuski.ba\/index.php\/wp-json\/wp\/v2\/posts\/160031\/revisions\/160033"}],"wp:featuredmedia":[{"embeddable":true,"href":"https:\/\/radioljubuski.ba\/index.php\/wp-json\/wp\/v2\/media\/160032"}],"wp:attachment":[{"href":"https:\/\/radioljubuski.ba\/index.php\/wp-json\/wp\/v2\/media?parent=160031"}],"wp:term":[{"taxonomy":"category","embeddable":true,"href":"https:\/\/radioljubuski.ba\/index.php\/wp-json\/wp\/v2\/categories?post=160031"},{"taxonomy":"post_tag","embeddable":true,"href":"https:\/\/radioljubuski.ba\/index.php\/wp-json\/wp\/v2\/tags?post=160031"}],"curies":[{"name":"wp","href":"https:\/\/api.w.org\/{rel}","templated":true}]}}