{"id":160034,"date":"2022-07-15T14:56:36","date_gmt":"2022-07-15T13:56:36","guid":{"rendered":"https:\/\/radioljubuski.ba\/?p=160034"},"modified":"2022-07-15T14:56:37","modified_gmt":"2022-07-15T13:56:37","slug":"juratovic-izetbegovic-skup-u-stuttgartu-u-srebrenici-pretvorio-u-jeftinu-politicku-kampanju-nisu-mi-dopustili-da-odrzim-govor","status":"publish","type":"post","link":"https:\/\/radioljubuski.ba\/index.php\/2022\/07\/15\/juratovic-izetbegovic-skup-u-stuttgartu-u-srebrenici-pretvorio-u-jeftinu-politicku-kampanju-nisu-mi-dopustili-da-odrzim-govor\/","title":{"rendered":"Juratovi\u0107: Izetbegovi\u0107 skup u Stuttgartu u Srebrenici pretvorio u jeftinu politi\u010dku kampanju, nisu mi dopustili da odr\u017eim govor"},"content":{"rendered":"\n<p>Zastupnik socijaldemokrata u njema\u010dkom Bundestagu Josip Juratovi\u0107 izjavio je kako je tragi\u010dno to \u0161to je ove godine skup povodom godi\u0161njice ratnih doga\u0111anja u Srebrenici u Stuttgartu iskori\u0161ten za &#8220;jeftinu izbornu propagandu&#8221; lidera SDA Bakira Izetbegovi\u0107a.<\/p>\n\n\n\n<p>Juratovi\u0107 ka\u017ee kako je izlo\u017een hajci bo\u0161nja\u010dkih nacionalista, zbog iznesenih primjedbi na tekst rezolucije o BiH i inzistiranja da se i Izetbegovi\u0107 navede kao netko tko predstavlja prepreku u funkcioniranju BiH.<\/p>\n\n\n\n<p>To je, prema njegovim rije\u010dima, revoltiralo bo\u0161nja\u010dke nacionaliste koji ga na dru\u0161tvenim mre\u017eama nazivaju Putinovim \u010dovjekom.<\/p>\n\n\n\n<p>&#8220;Cijela pri\u010da je nastala zbog moga zahtjeva da se u takozvanoj rezoluciji o BiH, koja je zaklju\u010dena u njema\u010dkom Bundestagu, poimence navedu i imenuju nacionalisti\u010dke stranke i njihovi vo\u0111e na svim stranama u BiH, pa da se uz Milorada Dodika i Dragana \u010covi\u0107a navede i Bakir Izetbegovi\u0107&#8221;, ka\u017ee Juratovi\u0107.<\/p>\n\n\n\n<p>Juratovi\u0107u ove godine nije dozvoljeno da povodom godi\u0161njice ratnih doga\u0111aja u Srebrenici govori na skupu u Stuttgartu sa obrazlo\u017eenjem organizatora da ima puno govornika.<\/p>\n\n\n\n<p>&#8220;A zapravo, iza svega toga stoji to da je organizatoru onemogu\u0107eno da sam odlu\u010duje jer je organizaciju tog skupa preuzeo Izetbegovi\u0107 u svrhu svoje izborne kampanje. Tragedija je to \u0161to je takav skup, gdje bi u centru pa\u017enje trebalo da bude ljudska katastrofa koja se dogodila u Srebrenici, iskori\u0161ten za jeftinu izbornu kampanju Bakira Izetbegovi\u0107a&#8221;, naveo je Juratovi\u0107 za Ve\u010dernji list.<\/p>\n\n\n\n<p>U takvoj situaciji je, ka\u017ee, posve razumljivo da onde njemu nema mjesta.<\/p>\n\n\n\n<p>&#8220;Jako mi je \u017eao \u0161to u srcu Njema\u010dke, \u010diji sam ja predstavnik, nacionalizam uzima takvu slobodu&#8221;, rekao je Juratovi\u0107, koji je porijeklom iz Hrvatske.<\/p>\n\n\n\n<p>Izvor.pogled.ba<\/p>\n","protected":false},"excerpt":{"rendered":"<p>Zastupnik socijaldemokrata u njema\u010dkom Bundestagu Josip Juratovi\u0107 izjavio je kako je tragi\u010dno to \u0161to je ove godine skup povodom godi\u0161njice ratnih doga\u0111anja u Srebrenici u Stuttgartu iskori\u0161ten za &#8220;jeftinu izbornu propagandu&#8221; lidera SDA Bakira Izetbegovi\u0107a. Juratovi\u0107 ka\u017ee kako je izlo\u017een hajci bo\u0161nja\u010dkih nacionalista, zbog iznesenih primjedbi na tekst rezolucije o BiH i inzistiranja da se [&hellip;]<\/p>\n","protected":false},"author":2,"featured_media":160035,"comment_status":"closed","ping_status":"closed","sticky":false,"template":"","format":"standard","meta":{"h5ap_radio_sources":[],"footnotes":""},"categories":[1],"tags":[],"class_list":["post-160034","post","type-post","status-publish","format-standard","has-post-thumbnail","hentry","category-bihiregija"],"yoast_head":"<!-- This site is optimized with the Yoast SEO plugin v27.5 - https:\/\/yoast.com\/product\/yoast-seo-wordpress\/ -->\n<title>Juratovi\u0107: Izetbegovi\u0107 skup u Stuttgartu u Srebrenici pretvorio u jeftinu politi\u010dku kampanju, nisu mi dopustili da odr\u017eim govor - RADIO LJUBU\u0160KI<\/title>\n<meta name=\"robots\" content=\"index, follow, max-snippet:-1, max-image-preview:large, max-video-preview:-1\" \/>\n<link rel=\"canonical\" href=\"https:\/\/radioljubuski.ba\/index.php\/2022\/07\/15\/juratovic-izetbegovic-skup-u-stuttgartu-u-srebrenici-pretvorio-u-jeftinu-politicku-kampanju-nisu-mi-dopustili-da-odrzim-govor\/\" \/>\n<meta property=\"og:locale\" content=\"hr_HR\" \/>\n<meta property=\"og:type\" content=\"article\" \/>\n<meta property=\"og:title\" content=\"Juratovi\u0107: Izetbegovi\u0107 skup u Stuttgartu u Srebrenici pretvorio u jeftinu politi\u010dku kampanju, nisu mi dopustili da odr\u017eim govor - RADIO LJUBU\u0160KI\" \/>\n<meta property=\"og:description\" content=\"Zastupnik socijaldemokrata u njema\u010dkom Bundestagu Josip Juratovi\u0107 izjavio je kako je tragi\u010dno to \u0161to je ove godine skup povodom godi\u0161njice ratnih doga\u0111anja u Srebrenici u Stuttgartu iskori\u0161ten za &#8220;jeftinu izbornu propagandu&#8221; lidera SDA Bakira Izetbegovi\u0107a. Juratovi\u0107 ka\u017ee kako je izlo\u017een hajci bo\u0161nja\u010dkih nacionalista, zbog iznesenih primjedbi na tekst rezolucije o BiH i inzistiranja da se [&hellip;]\" \/>\n<meta property=\"og:url\" content=\"https:\/\/radioljubuski.ba\/index.php\/2022\/07\/15\/juratovic-izetbegovic-skup-u-stuttgartu-u-srebrenici-pretvorio-u-jeftinu-politicku-kampanju-nisu-mi-dopustili-da-odrzim-govor\/\" \/>\n<meta property=\"og:site_name\" content=\"RADIO LJUBU\u0160KI\" \/>\n<meta property=\"article:publisher\" content=\"https:\/\/www.facebook.com\/Radiio-Ljubuski-1490835324566332\" \/>\n<meta property=\"article:published_time\" content=\"2022-07-15T13:56:36+00:00\" \/>\n<meta property=\"article:modified_time\" content=\"2022-07-15T13:56:37+00:00\" \/>\n<meta property=\"og:image\" content=\"https:\/\/radioljubuski.ba\/wp-content\/uploads\/2022\/07\/sXAR9lWN_juratovic.jpg\" \/>\n\t<meta property=\"og:image:width\" content=\"1000\" \/>\n\t<meta property=\"og:image:height\" content=\"625\" \/>\n\t<meta property=\"og:image:type\" content=\"image\/jpeg\" \/>\n<meta name=\"author\" content=\"Radio Ljubu\u0161ki\" \/>\n<meta name=\"twitter:card\" content=\"summary_large_image\" \/>\n<meta name=\"twitter:creator\" content=\"@radioljubuski\" \/>\n<meta name=\"twitter:site\" content=\"@radioljubuski\" \/>\n<meta name=\"twitter:label1\" content=\"Napisao\/la\" \/>\n\t<meta name=\"twitter:data1\" content=\"Radio Ljubu\u0161ki\" \/>\n\t<meta name=\"twitter:label2\" content=\"Procijenjeno vrijeme \u010ditanja\" \/>\n\t<meta name=\"twitter:data2\" content=\"2 minute\" \/>\n<script type=\"application\/ld+json\" class=\"yoast-schema-graph\">{\"@context\":\"https:\\\/\\\/schema.org\",\"@graph\":[{\"@type\":\"Article\",\"@id\":\"https:\\\/\\\/radioljubuski.ba\\\/index.php\\\/2022\\\/07\\\/15\\\/juratovic-izetbegovic-skup-u-stuttgartu-u-srebrenici-pretvorio-u-jeftinu-politicku-kampanju-nisu-mi-dopustili-da-odrzim-govor\\\/#article\",\"isPartOf\":{\"@id\":\"https:\\\/\\\/radioljubuski.ba\\\/index.php\\\/2022\\\/07\\\/15\\\/juratovic-izetbegovic-skup-u-stuttgartu-u-srebrenici-pretvorio-u-jeftinu-politicku-kampanju-nisu-mi-dopustili-da-odrzim-govor\\\/\"},\"author\":{\"name\":\"Radio Ljubu\u0161ki\",\"@id\":\"https:\\\/\\\/radioljubuski.ba\\\/#\\\/schema\\\/person\\\/19fc700381a780f69665d7956c469e3b\"},\"headline\":\"Juratovi\u0107: Izetbegovi\u0107 skup u Stuttgartu u Srebrenici pretvorio u jeftinu politi\u010dku kampanju, nisu mi dopustili da odr\u017eim govor\",\"datePublished\":\"2022-07-15T13:56:36+00:00\",\"dateModified\":\"2022-07-15T13:56:37+00:00\",\"mainEntityOfPage\":{\"@id\":\"https:\\\/\\\/radioljubuski.ba\\\/index.php\\\/2022\\\/07\\\/15\\\/juratovic-izetbegovic-skup-u-stuttgartu-u-srebrenici-pretvorio-u-jeftinu-politicku-kampanju-nisu-mi-dopustili-da-odrzim-govor\\\/\"},\"wordCount\":309,\"publisher\":{\"@id\":\"https:\\\/\\\/radioljubuski.ba\\\/#organization\"},\"image\":{\"@id\":\"https:\\\/\\\/radioljubuski.ba\\\/index.php\\\/2022\\\/07\\\/15\\\/juratovic-izetbegovic-skup-u-stuttgartu-u-srebrenici-pretvorio-u-jeftinu-politicku-kampanju-nisu-mi-dopustili-da-odrzim-govor\\\/#primaryimage\"},\"thumbnailUrl\":\"https:\\\/\\\/radioljubuski.ba\\\/wp-content\\\/uploads\\\/2022\\\/07\\\/sXAR9lWN_juratovic.jpg\",\"articleSection\":[\"BIH i regija\"],\"inLanguage\":\"hr\"},{\"@type\":\"WebPage\",\"@id\":\"https:\\\/\\\/radioljubuski.ba\\\/index.php\\\/2022\\\/07\\\/15\\\/juratovic-izetbegovic-skup-u-stuttgartu-u-srebrenici-pretvorio-u-jeftinu-politicku-kampanju-nisu-mi-dopustili-da-odrzim-govor\\\/\",\"url\":\"https:\\\/\\\/radioljubuski.ba\\\/index.php\\\/2022\\\/07\\\/15\\\/juratovic-izetbegovic-skup-u-stuttgartu-u-srebrenici-pretvorio-u-jeftinu-politicku-kampanju-nisu-mi-dopustili-da-odrzim-govor\\\/\",\"name\":\"Juratovi\u0107: Izetbegovi\u0107 skup u Stuttgartu u Srebrenici pretvorio u jeftinu politi\u010dku kampanju, nisu mi dopustili da odr\u017eim govor - RADIO LJUBU\u0160KI\",\"isPartOf\":{\"@id\":\"https:\\\/\\\/radioljubuski.ba\\\/#website\"},\"primaryImageOfPage\":{\"@id\":\"https:\\\/\\\/radioljubuski.ba\\\/index.php\\\/2022\\\/07\\\/15\\\/juratovic-izetbegovic-skup-u-stuttgartu-u-srebrenici-pretvorio-u-jeftinu-politicku-kampanju-nisu-mi-dopustili-da-odrzim-govor\\\/#primaryimage\"},\"image\":{\"@id\":\"https:\\\/\\\/radioljubuski.ba\\\/index.php\\\/2022\\\/07\\\/15\\\/juratovic-izetbegovic-skup-u-stuttgartu-u-srebrenici-pretvorio-u-jeftinu-politicku-kampanju-nisu-mi-dopustili-da-odrzim-govor\\\/#primaryimage\"},\"thumbnailUrl\":\"https:\\\/\\\/radioljubuski.ba\\\/wp-content\\\/uploads\\\/2022\\\/07\\\/sXAR9lWN_juratovic.jpg\",\"datePublished\":\"2022-07-15T13:56:36+00:00\",\"dateModified\":\"2022-07-15T13:56:37+00:00\",\"breadcrumb\":{\"@id\":\"https:\\\/\\\/radioljubuski.ba\\\/index.php\\\/2022\\\/07\\\/15\\\/juratovic-izetbegovic-skup-u-stuttgartu-u-srebrenici-pretvorio-u-jeftinu-politicku-kampanju-nisu-mi-dopustili-da-odrzim-govor\\\/#breadcrumb\"},\"inLanguage\":\"hr\",\"potentialAction\":[{\"@type\":\"ReadAction\",\"target\":[\"https:\\\/\\\/radioljubuski.ba\\\/index.php\\\/2022\\\/07\\\/15\\\/juratovic-izetbegovic-skup-u-stuttgartu-u-srebrenici-pretvorio-u-jeftinu-politicku-kampanju-nisu-mi-dopustili-da-odrzim-govor\\\/\"]}]},{\"@type\":\"ImageObject\",\"inLanguage\":\"hr\",\"@id\":\"https:\\\/\\\/radioljubuski.ba\\\/index.php\\\/2022\\\/07\\\/15\\\/juratovic-izetbegovic-skup-u-stuttgartu-u-srebrenici-pretvorio-u-jeftinu-politicku-kampanju-nisu-mi-dopustili-da-odrzim-govor\\\/#primaryimage\",\"url\":\"https:\\\/\\\/radioljubuski.ba\\\/wp-content\\\/uploads\\\/2022\\\/07\\\/sXAR9lWN_juratovic.jpg\",\"contentUrl\":\"https:\\\/\\\/radioljubuski.ba\\\/wp-content\\\/uploads\\\/2022\\\/07\\\/sXAR9lWN_juratovic.jpg\",\"width\":1000,\"height\":625},{\"@type\":\"BreadcrumbList\",\"@id\":\"https:\\\/\\\/radioljubuski.ba\\\/index.php\\\/2022\\\/07\\\/15\\\/juratovic-izetbegovic-skup-u-stuttgartu-u-srebrenici-pretvorio-u-jeftinu-politicku-kampanju-nisu-mi-dopustili-da-odrzim-govor\\\/#breadcrumb\",\"itemListElement\":[{\"@type\":\"ListItem\",\"position\":1,\"name\":\"Po\u010detna stranica\",\"item\":\"https:\\\/\\\/radioljubuski.ba\\\/\"},{\"@type\":\"ListItem\",\"position\":2,\"name\":\"Juratovi\u0107: Izetbegovi\u0107 skup u Stuttgartu u Srebrenici pretvorio u jeftinu politi\u010dku kampanju, nisu mi dopustili da odr\u017eim govor\"}]},{\"@type\":\"WebSite\",\"@id\":\"https:\\\/\\\/radioljubuski.ba\\\/#website\",\"url\":\"https:\\\/\\\/radioljubuski.ba\\\/\",\"name\":\"Radio Ljubu\u0161ki\",\"description\":\"Sun\u010dana frekvencija Hercegovine\",\"publisher\":{\"@id\":\"https:\\\/\\\/radioljubuski.ba\\\/#organization\"},\"potentialAction\":[{\"@type\":\"SearchAction\",\"target\":{\"@type\":\"EntryPoint\",\"urlTemplate\":\"https:\\\/\\\/radioljubuski.ba\\\/?s={search_term_string}\"},\"query-input\":{\"@type\":\"PropertyValueSpecification\",\"valueRequired\":true,\"valueName\":\"search_term_string\"}}],\"inLanguage\":\"hr\"},{\"@type\":\"Organization\",\"@id\":\"https:\\\/\\\/radioljubuski.ba\\\/#organization\",\"name\":\"Radio Ljubu\u0161ki\",\"url\":\"https:\\\/\\\/radioljubuski.ba\\\/\",\"logo\":{\"@type\":\"ImageObject\",\"inLanguage\":\"hr\",\"@id\":\"https:\\\/\\\/radioljubuski.ba\\\/#\\\/schema\\\/logo\\\/image\\\/\",\"url\":\"https:\\\/\\\/radioljubuski.ba\\\/wp-content\\\/uploads\\\/2021\\\/02\\\/cropped-Radio_Ljubuski_logo1.jpg\",\"contentUrl\":\"https:\\\/\\\/radioljubuski.ba\\\/wp-content\\\/uploads\\\/2021\\\/02\\\/cropped-Radio_Ljubuski_logo1.jpg\",\"width\":512,\"height\":512,\"caption\":\"Radio Ljubu\u0161ki\"},\"image\":{\"@id\":\"https:\\\/\\\/radioljubuski.ba\\\/#\\\/schema\\\/logo\\\/image\\\/\"},\"sameAs\":[\"https:\\\/\\\/www.facebook.com\\\/Radiio-Ljubuski-1490835324566332\",\"https:\\\/\\\/x.com\\\/radioljubuski\",\"https:\\\/\\\/hr.linkedin.com\\\/company\\\/radio-ljubuski\",\"https:\\\/\\\/www.youtube.com\\\/channel\\\/UCHYaeO_n0Db3tjNGudGpXyw\"]},{\"@type\":\"Person\",\"@id\":\"https:\\\/\\\/radioljubuski.ba\\\/#\\\/schema\\\/person\\\/19fc700381a780f69665d7956c469e3b\",\"name\":\"Radio Ljubu\u0161ki\"}]}<\/script>\n<!-- \/ Yoast SEO plugin. -->","yoast_head_json":{"title":"Juratovi\u0107: Izetbegovi\u0107 skup u Stuttgartu u Srebrenici pretvorio u jeftinu politi\u010dku kampanju, nisu mi dopustili da odr\u017eim govor - RADIO LJUBU\u0160KI","robots":{"index":"index","follow":"follow","max-snippet":"max-snippet:-1","max-image-preview":"max-image-preview:large","max-video-preview":"max-video-preview:-1"},"canonical":"https:\/\/radioljubuski.ba\/index.php\/2022\/07\/15\/juratovic-izetbegovic-skup-u-stuttgartu-u-srebrenici-pretvorio-u-jeftinu-politicku-kampanju-nisu-mi-dopustili-da-odrzim-govor\/","og_locale":"hr_HR","og_type":"article","og_title":"Juratovi\u0107: Izetbegovi\u0107 skup u Stuttgartu u Srebrenici pretvorio u jeftinu politi\u010dku kampanju, nisu mi dopustili da odr\u017eim govor - RADIO LJUBU\u0160KI","og_description":"Zastupnik socijaldemokrata u njema\u010dkom Bundestagu Josip Juratovi\u0107 izjavio je kako je tragi\u010dno to \u0161to je ove godine skup povodom godi\u0161njice ratnih doga\u0111anja u Srebrenici u Stuttgartu iskori\u0161ten za &#8220;jeftinu izbornu propagandu&#8221; lidera SDA Bakira Izetbegovi\u0107a. Juratovi\u0107 ka\u017ee kako je izlo\u017een hajci bo\u0161nja\u010dkih nacionalista, zbog iznesenih primjedbi na tekst rezolucije o BiH i inzistiranja da se [&hellip;]","og_url":"https:\/\/radioljubuski.ba\/index.php\/2022\/07\/15\/juratovic-izetbegovic-skup-u-stuttgartu-u-srebrenici-pretvorio-u-jeftinu-politicku-kampanju-nisu-mi-dopustili-da-odrzim-govor\/","og_site_name":"RADIO LJUBU\u0160KI","article_publisher":"https:\/\/www.facebook.com\/Radiio-Ljubuski-1490835324566332","article_published_time":"2022-07-15T13:56:36+00:00","article_modified_time":"2022-07-15T13:56:37+00:00","og_image":[{"width":1000,"height":625,"url":"https:\/\/radioljubuski.ba\/wp-content\/uploads\/2022\/07\/sXAR9lWN_juratovic.jpg","type":"image\/jpeg"}],"author":"Radio Ljubu\u0161ki","twitter_card":"summary_large_image","twitter_creator":"@radioljubuski","twitter_site":"@radioljubuski","twitter_misc":{"Napisao\/la":"Radio Ljubu\u0161ki","Procijenjeno vrijeme \u010ditanja":"2 minute"},"schema":{"@context":"https:\/\/schema.org","@graph":[{"@type":"Article","@id":"https:\/\/radioljubuski.ba\/index.php\/2022\/07\/15\/juratovic-izetbegovic-skup-u-stuttgartu-u-srebrenici-pretvorio-u-jeftinu-politicku-kampanju-nisu-mi-dopustili-da-odrzim-govor\/#article","isPartOf":{"@id":"https:\/\/radioljubuski.ba\/index.php\/2022\/07\/15\/juratovic-izetbegovic-skup-u-stuttgartu-u-srebrenici-pretvorio-u-jeftinu-politicku-kampanju-nisu-mi-dopustili-da-odrzim-govor\/"},"author":{"name":"Radio Ljubu\u0161ki","@id":"https:\/\/radioljubuski.ba\/#\/schema\/person\/19fc700381a780f69665d7956c469e3b"},"headline":"Juratovi\u0107: Izetbegovi\u0107 skup u Stuttgartu u Srebrenici pretvorio u jeftinu politi\u010dku kampanju, nisu mi dopustili da odr\u017eim govor","datePublished":"2022-07-15T13:56:36+00:00","dateModified":"2022-07-15T13:56:37+00:00","mainEntityOfPage":{"@id":"https:\/\/radioljubuski.ba\/index.php\/2022\/07\/15\/juratovic-izetbegovic-skup-u-stuttgartu-u-srebrenici-pretvorio-u-jeftinu-politicku-kampanju-nisu-mi-dopustili-da-odrzim-govor\/"},"wordCount":309,"publisher":{"@id":"https:\/\/radioljubuski.ba\/#organization"},"image":{"@id":"https:\/\/radioljubuski.ba\/index.php\/2022\/07\/15\/juratovic-izetbegovic-skup-u-stuttgartu-u-srebrenici-pretvorio-u-jeftinu-politicku-kampanju-nisu-mi-dopustili-da-odrzim-govor\/#primaryimage"},"thumbnailUrl":"https:\/\/radioljubuski.ba\/wp-content\/uploads\/2022\/07\/sXAR9lWN_juratovic.jpg","articleSection":["BIH i regija"],"inLanguage":"hr"},{"@type":"WebPage","@id":"https:\/\/radioljubuski.ba\/index.php\/2022\/07\/15\/juratovic-izetbegovic-skup-u-stuttgartu-u-srebrenici-pretvorio-u-jeftinu-politicku-kampanju-nisu-mi-dopustili-da-odrzim-govor\/","url":"https:\/\/radioljubuski.ba\/index.php\/2022\/07\/15\/juratovic-izetbegovic-skup-u-stuttgartu-u-srebrenici-pretvorio-u-jeftinu-politicku-kampanju-nisu-mi-dopustili-da-odrzim-govor\/","name":"Juratovi\u0107: Izetbegovi\u0107 skup u Stuttgartu u Srebrenici pretvorio u jeftinu politi\u010dku kampanju, nisu mi dopustili da odr\u017eim govor - RADIO LJUBU\u0160KI","isPartOf":{"@id":"https:\/\/radioljubuski.ba\/#website"},"primaryImageOfPage":{"@id":"https:\/\/radioljubuski.ba\/index.php\/2022\/07\/15\/juratovic-izetbegovic-skup-u-stuttgartu-u-srebrenici-pretvorio-u-jeftinu-politicku-kampanju-nisu-mi-dopustili-da-odrzim-govor\/#primaryimage"},"image":{"@id":"https:\/\/radioljubuski.ba\/index.php\/2022\/07\/15\/juratovic-izetbegovic-skup-u-stuttgartu-u-srebrenici-pretvorio-u-jeftinu-politicku-kampanju-nisu-mi-dopustili-da-odrzim-govor\/#primaryimage"},"thumbnailUrl":"https:\/\/radioljubuski.ba\/wp-content\/uploads\/2022\/07\/sXAR9lWN_juratovic.jpg","datePublished":"2022-07-15T13:56:36+00:00","dateModified":"2022-07-15T13:56:37+00:00","breadcrumb":{"@id":"https:\/\/radioljubuski.ba\/index.php\/2022\/07\/15\/juratovic-izetbegovic-skup-u-stuttgartu-u-srebrenici-pretvorio-u-jeftinu-politicku-kampanju-nisu-mi-dopustili-da-odrzim-govor\/#breadcrumb"},"inLanguage":"hr","potentialAction":[{"@type":"ReadAction","target":["https:\/\/radioljubuski.ba\/index.php\/2022\/07\/15\/juratovic-izetbegovic-skup-u-stuttgartu-u-srebrenici-pretvorio-u-jeftinu-politicku-kampanju-nisu-mi-dopustili-da-odrzim-govor\/"]}]},{"@type":"ImageObject","inLanguage":"hr","@id":"https:\/\/radioljubuski.ba\/index.php\/2022\/07\/15\/juratovic-izetbegovic-skup-u-stuttgartu-u-srebrenici-pretvorio-u-jeftinu-politicku-kampanju-nisu-mi-dopustili-da-odrzim-govor\/#primaryimage","url":"https:\/\/radioljubuski.ba\/wp-content\/uploads\/2022\/07\/sXAR9lWN_juratovic.jpg","contentUrl":"https:\/\/radioljubuski.ba\/wp-content\/uploads\/2022\/07\/sXAR9lWN_juratovic.jpg","width":1000,"height":625},{"@type":"BreadcrumbList","@id":"https:\/\/radioljubuski.ba\/index.php\/2022\/07\/15\/juratovic-izetbegovic-skup-u-stuttgartu-u-srebrenici-pretvorio-u-jeftinu-politicku-kampanju-nisu-mi-dopustili-da-odrzim-govor\/#breadcrumb","itemListElement":[{"@type":"ListItem","position":1,"name":"Po\u010detna stranica","item":"https:\/\/radioljubuski.ba\/"},{"@type":"ListItem","position":2,"name":"Juratovi\u0107: Izetbegovi\u0107 skup u Stuttgartu u Srebrenici pretvorio u jeftinu politi\u010dku kampanju, nisu mi dopustili da odr\u017eim govor"}]},{"@type":"WebSite","@id":"https:\/\/radioljubuski.ba\/#website","url":"https:\/\/radioljubuski.ba\/","name":"Radio Ljubu\u0161ki","description":"Sun\u010dana frekvencija Hercegovine","publisher":{"@id":"https:\/\/radioljubuski.ba\/#organization"},"potentialAction":[{"@type":"SearchAction","target":{"@type":"EntryPoint","urlTemplate":"https:\/\/radioljubuski.ba\/?s={search_term_string}"},"query-input":{"@type":"PropertyValueSpecification","valueRequired":true,"valueName":"search_term_string"}}],"inLanguage":"hr"},{"@type":"Organization","@id":"https:\/\/radioljubuski.ba\/#organization","name":"Radio Ljubu\u0161ki","url":"https:\/\/radioljubuski.ba\/","logo":{"@type":"ImageObject","inLanguage":"hr","@id":"https:\/\/radioljubuski.ba\/#\/schema\/logo\/image\/","url":"https:\/\/radioljubuski.ba\/wp-content\/uploads\/2021\/02\/cropped-Radio_Ljubuski_logo1.jpg","contentUrl":"https:\/\/radioljubuski.ba\/wp-content\/uploads\/2021\/02\/cropped-Radio_Ljubuski_logo1.jpg","width":512,"height":512,"caption":"Radio Ljubu\u0161ki"},"image":{"@id":"https:\/\/radioljubuski.ba\/#\/schema\/logo\/image\/"},"sameAs":["https:\/\/www.facebook.com\/Radiio-Ljubuski-1490835324566332","https:\/\/x.com\/radioljubuski","https:\/\/hr.linkedin.com\/company\/radio-ljubuski","https:\/\/www.youtube.com\/channel\/UCHYaeO_n0Db3tjNGudGpXyw"]},{"@type":"Person","@id":"https:\/\/radioljubuski.ba\/#\/schema\/person\/19fc700381a780f69665d7956c469e3b","name":"Radio Ljubu\u0161ki"}]}},"_links":{"self":[{"href":"https:\/\/radioljubuski.ba\/index.php\/wp-json\/wp\/v2\/posts\/160034","targetHints":{"allow":["GET"]}}],"collection":[{"href":"https:\/\/radioljubuski.ba\/index.php\/wp-json\/wp\/v2\/posts"}],"about":[{"href":"https:\/\/radioljubuski.ba\/index.php\/wp-json\/wp\/v2\/types\/post"}],"author":[{"embeddable":true,"href":"https:\/\/radioljubuski.ba\/index.php\/wp-json\/wp\/v2\/users\/2"}],"replies":[{"embeddable":true,"href":"https:\/\/radioljubuski.ba\/index.php\/wp-json\/wp\/v2\/comments?post=160034"}],"version-history":[{"count":1,"href":"https:\/\/radioljubuski.ba\/index.php\/wp-json\/wp\/v2\/posts\/160034\/revisions"}],"predecessor-version":[{"id":160036,"href":"https:\/\/radioljubuski.ba\/index.php\/wp-json\/wp\/v2\/posts\/160034\/revisions\/160036"}],"wp:featuredmedia":[{"embeddable":true,"href":"https:\/\/radioljubuski.ba\/index.php\/wp-json\/wp\/v2\/media\/160035"}],"wp:attachment":[{"href":"https:\/\/radioljubuski.ba\/index.php\/wp-json\/wp\/v2\/media?parent=160034"}],"wp:term":[{"taxonomy":"category","embeddable":true,"href":"https:\/\/radioljubuski.ba\/index.php\/wp-json\/wp\/v2\/categories?post=160034"},{"taxonomy":"post_tag","embeddable":true,"href":"https:\/\/radioljubuski.ba\/index.php\/wp-json\/wp\/v2\/tags?post=160034"}],"curies":[{"name":"wp","href":"https:\/\/api.w.org\/{rel}","templated":true}]}}