{"id":16130,"date":"2021-04-25T01:25:10","date_gmt":"2021-04-25T00:25:10","guid":{"rendered":"https:\/\/radioljubuski.ba\/?p=16130"},"modified":"2021-04-25T01:25:10","modified_gmt":"2021-04-25T00:25:10","slug":"ovo-je-razlika-izmedu-obicne-i-elektricne-cetkice-za-zube","status":"publish","type":"post","link":"https:\/\/radioljubuski.ba\/index.php\/2021\/04\/25\/ovo-je-razlika-izmedu-obicne-i-elektricne-cetkice-za-zube\/","title":{"rendered":"Ovo je razlika izme\u0111u obi\u010dne i elektri\u010dne \u010detkice za zube"},"content":{"rendered":"\n<p><strong>Bijeli i lijepi zubi su prve asocijacije mnogima kada \u010duju izraze kao \u0161to su oralna higijena i oralno zdravlje. No, oralno zdravlje se ne odnosi samo na dio zubi vidljiv kada se nasmijemo, ve\u0107 se ti\u010de zdravlja kompletne usne \u0161upljine, ali i zdravlja cjelokupnog organizma.<\/strong><\/p>\n\n\n\n<p>Osim \u0161to&nbsp;<strong>lo\u0161a oralna higijena uzrokuje bolesti&nbsp;<\/strong>zubi i desni, tako\u0111er se povezuje s&nbsp;<strong>bolestima srca, rakom i dijabetesom te mo\u017ee utjecati na razvoj fetusa tijekom trudno\u0107e.&nbsp;<\/strong>Zato je va\u017eno odr\u017eavati pravilnu oralnu higijenu, koja uklju\u010duje redovito pranje zubi, \u010di\u0161\u0107enje me\u0111uzubnih prostora, kori\u0161tenje teku\u0107ine za ispiranje usta i redovite preventivne preglede kod stomatologa, pi\u0161e Centarzdravlja.hr.<\/p>\n\n\n\n<p>Iako o pranju zubi u\u010dimo jo\u0161 od malena, mnogi nisu svjesni da svoje zube peru sasvim pogre\u0161no i&nbsp;<strong>koriste \u010detkicu za zube koja im ne odgovara.<\/strong>&nbsp;Tomu u prilog govore pora\u017eavaju\u0107e statistike, a to je da Hrvati u prosjeku peru zube tek 40 sekundi, \u0161to je znatno manje od<strong>&nbsp;2 minute 2 puta dnevno&nbsp;<\/strong>koliko preporu\u010duju stomatolozi. Osim toga, problem je i \u0161to \u010detkice za zube mijenjaju tek 1-2 puta godi\u0161nje, a pranje zubi starom i istro\u0161enom \u010detkicom nije u\u010dinkovito.<\/p>\n\n\n\n<p>Svi bi voljeli imati lijep, zdrav osmjeh, no unato\u010d brojnim informacijama mnogi i dalje imaju brojne nedoumice kada je rije\u010d o pranju zubi. Jedna od nedoumica je&nbsp;<strong>kakvu \u010detkicu za zube odabrati.<\/strong>&nbsp;Gotovo svi su \u010duli za elektri\u010dne \u010detkice za zube, ali ne znaju koje su njihove prednosti i isplati li se ulo\u017eiti novac u njih.<\/p>\n\n\n\n<p>Razlika izme\u0111u obi\u010dne i elektri\u010dne \u010detkice za zube<\/p>\n\n\n\n<p>Postoji velika razlika izme\u0111u obi\u010dne i elektri\u010dne \u010detkice za zube, a isto tako postoji i velika razlika izme\u0111u nekvalitetnih elektri\u010dnih \u010detkica te onih koje su razvijene u suradnji sa stomatolozima i klini\u010dki testirane, kao \u0161to su&nbsp;<strong>Philips Sonicare zubne \u010detkice<\/strong>&nbsp;koje pokre\u0107e soni\u010dna tehnologija.<\/p>\n\n\n\n<p>Jedno je istra\u017eivanje pokazalo da osobe koje koriste kvalitetne elektri\u010dne \u010detkice, imaju manje plaka i manje bolesti desni.<\/p>\n\n\n\n<p>Obi\u010dna \u010detkica za zube \u0107e obaviti svoj posao ako se koristi pravilno, ipak nerijetko ljudi&nbsp;<strong>ne znaju pravilno rukovati \u010detkicom za zube&nbsp;<\/strong>i ne zahvate svaku plohu zuba te&nbsp;<strong>ne peru zube dovoljno dugo.<\/strong><\/p>\n\n\n\n<p>\u010cetkanjem obi\u010dnom \u010detkicom u prosjeku napravimo oko 300 pokreta u minuti, dok<strong>&nbsp;Philips Sonicare \u010detkica<\/strong>&nbsp;napravi nevjerojatnih<strong>&nbsp;62.000 kombiniranih pokreta&nbsp;<\/strong>u istom vremenu. Stoga, nije nevjerojatno da su Philips Sonicare \u010detkice \u010dak<strong>&nbsp;do 10 puta u\u010dinkovitije u uklanjanju naslaga od obi\u010dne \u010detkice za zube.<\/strong>&nbsp;Philips Sonicare nudi \u0161iroki raspon raznih modela \u010detkica poput&nbsp;<strong>DiamondClean 9000<\/strong>&nbsp;serije, koja nudi kompletnu njegu zubi i desni ili&nbsp;<strong>Protective Clean<\/strong>&nbsp;serije koja je idealna preporuka za one koji tek \u017eele upoznati svu snagu soni\u010dne tehnologije. Ono \u0161to je va\u017eno napomenuti je da svi modeli Sonicare \u010detkica&nbsp;<strong>u samo 2 minute nje\u017eno i dubinski \u010diste zube i desni<\/strong>&nbsp;zbog \u010dega ih preporu\u010duje i Hrvatsko parodontolo\u0161ko dru\u0161tvo.<\/p>\n\n\n\n<p>Soni\u010dne vibracije i amplituda pokreta stvaraju mikromjehuri\u0107e koji \u010diste prostor izme\u0111u zuba i uzdu\u017e linije desni.&nbsp;<strong>Pogodne su i za osobe s osjetljivim zubima i desni<\/strong>&nbsp;te osobama koje nose aparati\u0107 za zube.<\/p>\n\n\n\n<p>Elektri\u010dne su \u010detkice posebno prikladne za kori\u0161tenje kod djece koja jo\u0161 ne znaju pravilno oprati zube. Za njih je namijenjena&nbsp;<strong>Philips Sonicare Kids \u010detkica&nbsp;<\/strong>koja \u0107e im pomo\u0107i stvaranju zdrave navike pranja zubi na zabavan na\u010din.<\/p>\n\n\n\n<p>Svakodnevna i pravilna rutina odr\u017eavanja oralne higijene, uz kori\u0161tenje kvalitetne \u010detkice za zube, poma\u017eu sa\u010duvati zdravlje usne \u0161upljine te doprinose boljem zdravlju cijelog organizma. \u0160to prije usvojite ovu rutinu, to \u0107ete prije vidjeti \u017eeljene rezultate.<\/p>\n\n\n\n<p>\/HMS\/<\/p>\n","protected":false},"excerpt":{"rendered":"<p>Bijeli i lijepi zubi su prve asocijacije mnogima kada \u010duju izraze kao \u0161to su oralna higijena i oralno zdravlje. No, oralno zdravlje se ne odnosi samo na dio zubi vidljiv kada se nasmijemo, ve\u0107 se ti\u010de zdravlja kompletne usne \u0161upljine, ali i zdravlja cjelokupnog organizma. Osim \u0161to&nbsp;lo\u0161a oralna higijena uzrokuje bolesti&nbsp;zubi i desni, tako\u0111er se [&hellip;]<\/p>\n","protected":false},"author":2,"featured_media":16131,"comment_status":"closed","ping_status":"closed","sticky":false,"template":"","format":"standard","meta":{"h5ap_radio_sources":[],"footnotes":""},"categories":[1],"tags":[],"class_list":["post-16130","post","type-post","status-publish","format-standard","has-post-thumbnail","hentry","category-bihiregija"],"yoast_head":"<!-- This site is optimized with the Yoast SEO plugin v27.4 - https:\/\/yoast.com\/product\/yoast-seo-wordpress\/ -->\n<title>Ovo je razlika izme\u0111u obi\u010dne i elektri\u010dne \u010detkice za zube - RADIO LJUBU\u0160KI<\/title>\n<meta name=\"robots\" content=\"index, follow, max-snippet:-1, max-image-preview:large, max-video-preview:-1\" \/>\n<link rel=\"canonical\" href=\"https:\/\/radioljubuski.ba\/index.php\/2021\/04\/25\/ovo-je-razlika-izmedu-obicne-i-elektricne-cetkice-za-zube\/\" \/>\n<meta property=\"og:locale\" content=\"hr_HR\" \/>\n<meta property=\"og:type\" content=\"article\" \/>\n<meta property=\"og:title\" content=\"Ovo je razlika izme\u0111u obi\u010dne i elektri\u010dne \u010detkice za zube - RADIO LJUBU\u0160KI\" \/>\n<meta property=\"og:description\" content=\"Bijeli i lijepi zubi su prve asocijacije mnogima kada \u010duju izraze kao \u0161to su oralna higijena i oralno zdravlje. No, oralno zdravlje se ne odnosi samo na dio zubi vidljiv kada se nasmijemo, ve\u0107 se ti\u010de zdravlja kompletne usne \u0161upljine, ali i zdravlja cjelokupnog organizma. Osim \u0161to&nbsp;lo\u0161a oralna higijena uzrokuje bolesti&nbsp;zubi i desni, tako\u0111er se [&hellip;]\" \/>\n<meta property=\"og:url\" content=\"https:\/\/radioljubuski.ba\/index.php\/2021\/04\/25\/ovo-je-razlika-izmedu-obicne-i-elektricne-cetkice-za-zube\/\" \/>\n<meta property=\"og:site_name\" content=\"RADIO LJUBU\u0160KI\" \/>\n<meta property=\"article:publisher\" content=\"https:\/\/www.facebook.com\/Radiio-Ljubuski-1490835324566332\" \/>\n<meta property=\"article:published_time\" content=\"2021-04-25T00:25:10+00:00\" \/>\n<meta property=\"og:image\" content=\"https:\/\/radioljubuski.ba\/wp-content\/uploads\/2021\/04\/elektricna-cetkica-1.875x480.jpg\" \/>\n\t<meta property=\"og:image:width\" content=\"875\" \/>\n\t<meta property=\"og:image:height\" content=\"480\" \/>\n\t<meta property=\"og:image:type\" content=\"image\/jpeg\" \/>\n<meta name=\"author\" content=\"Radio Ljubu\u0161ki\" \/>\n<meta name=\"twitter:card\" content=\"summary_large_image\" \/>\n<meta name=\"twitter:creator\" content=\"@radioljubuski\" \/>\n<meta name=\"twitter:site\" content=\"@radioljubuski\" \/>\n<meta name=\"twitter:label1\" content=\"Napisao\/la\" \/>\n\t<meta name=\"twitter:data1\" content=\"Radio Ljubu\u0161ki\" \/>\n\t<meta name=\"twitter:label2\" content=\"Procijenjeno vrijeme \u010ditanja\" \/>\n\t<meta name=\"twitter:data2\" content=\"3 minute\" \/>\n<script type=\"application\/ld+json\" class=\"yoast-schema-graph\">{\"@context\":\"https:\\\/\\\/schema.org\",\"@graph\":[{\"@type\":\"Article\",\"@id\":\"https:\\\/\\\/radioljubuski.ba\\\/index.php\\\/2021\\\/04\\\/25\\\/ovo-je-razlika-izmedu-obicne-i-elektricne-cetkice-za-zube\\\/#article\",\"isPartOf\":{\"@id\":\"https:\\\/\\\/radioljubuski.ba\\\/index.php\\\/2021\\\/04\\\/25\\\/ovo-je-razlika-izmedu-obicne-i-elektricne-cetkice-za-zube\\\/\"},\"author\":{\"name\":\"Radio Ljubu\u0161ki\",\"@id\":\"https:\\\/\\\/radioljubuski.ba\\\/#\\\/schema\\\/person\\\/19fc700381a780f69665d7956c469e3b\"},\"headline\":\"Ovo je razlika izme\u0111u obi\u010dne i elektri\u010dne \u010detkice za zube\",\"datePublished\":\"2021-04-25T00:25:10+00:00\",\"mainEntityOfPage\":{\"@id\":\"https:\\\/\\\/radioljubuski.ba\\\/index.php\\\/2021\\\/04\\\/25\\\/ovo-je-razlika-izmedu-obicne-i-elektricne-cetkice-za-zube\\\/\"},\"wordCount\":650,\"publisher\":{\"@id\":\"https:\\\/\\\/radioljubuski.ba\\\/#organization\"},\"image\":{\"@id\":\"https:\\\/\\\/radioljubuski.ba\\\/index.php\\\/2021\\\/04\\\/25\\\/ovo-je-razlika-izmedu-obicne-i-elektricne-cetkice-za-zube\\\/#primaryimage\"},\"thumbnailUrl\":\"https:\\\/\\\/radioljubuski.ba\\\/wp-content\\\/uploads\\\/2021\\\/04\\\/elektricna-cetkica-1.875x480.jpg\",\"articleSection\":[\"BIH i regija\"],\"inLanguage\":\"hr\"},{\"@type\":\"WebPage\",\"@id\":\"https:\\\/\\\/radioljubuski.ba\\\/index.php\\\/2021\\\/04\\\/25\\\/ovo-je-razlika-izmedu-obicne-i-elektricne-cetkice-za-zube\\\/\",\"url\":\"https:\\\/\\\/radioljubuski.ba\\\/index.php\\\/2021\\\/04\\\/25\\\/ovo-je-razlika-izmedu-obicne-i-elektricne-cetkice-za-zube\\\/\",\"name\":\"Ovo je razlika izme\u0111u obi\u010dne i elektri\u010dne \u010detkice za zube - RADIO LJUBU\u0160KI\",\"isPartOf\":{\"@id\":\"https:\\\/\\\/radioljubuski.ba\\\/#website\"},\"primaryImageOfPage\":{\"@id\":\"https:\\\/\\\/radioljubuski.ba\\\/index.php\\\/2021\\\/04\\\/25\\\/ovo-je-razlika-izmedu-obicne-i-elektricne-cetkice-za-zube\\\/#primaryimage\"},\"image\":{\"@id\":\"https:\\\/\\\/radioljubuski.ba\\\/index.php\\\/2021\\\/04\\\/25\\\/ovo-je-razlika-izmedu-obicne-i-elektricne-cetkice-za-zube\\\/#primaryimage\"},\"thumbnailUrl\":\"https:\\\/\\\/radioljubuski.ba\\\/wp-content\\\/uploads\\\/2021\\\/04\\\/elektricna-cetkica-1.875x480.jpg\",\"datePublished\":\"2021-04-25T00:25:10+00:00\",\"breadcrumb\":{\"@id\":\"https:\\\/\\\/radioljubuski.ba\\\/index.php\\\/2021\\\/04\\\/25\\\/ovo-je-razlika-izmedu-obicne-i-elektricne-cetkice-za-zube\\\/#breadcrumb\"},\"inLanguage\":\"hr\",\"potentialAction\":[{\"@type\":\"ReadAction\",\"target\":[\"https:\\\/\\\/radioljubuski.ba\\\/index.php\\\/2021\\\/04\\\/25\\\/ovo-je-razlika-izmedu-obicne-i-elektricne-cetkice-za-zube\\\/\"]}]},{\"@type\":\"ImageObject\",\"inLanguage\":\"hr\",\"@id\":\"https:\\\/\\\/radioljubuski.ba\\\/index.php\\\/2021\\\/04\\\/25\\\/ovo-je-razlika-izmedu-obicne-i-elektricne-cetkice-za-zube\\\/#primaryimage\",\"url\":\"https:\\\/\\\/radioljubuski.ba\\\/wp-content\\\/uploads\\\/2021\\\/04\\\/elektricna-cetkica-1.875x480.jpg\",\"contentUrl\":\"https:\\\/\\\/radioljubuski.ba\\\/wp-content\\\/uploads\\\/2021\\\/04\\\/elektricna-cetkica-1.875x480.jpg\",\"width\":875,\"height\":480},{\"@type\":\"BreadcrumbList\",\"@id\":\"https:\\\/\\\/radioljubuski.ba\\\/index.php\\\/2021\\\/04\\\/25\\\/ovo-je-razlika-izmedu-obicne-i-elektricne-cetkice-za-zube\\\/#breadcrumb\",\"itemListElement\":[{\"@type\":\"ListItem\",\"position\":1,\"name\":\"Po\u010detna stranica\",\"item\":\"https:\\\/\\\/radioljubuski.ba\\\/\"},{\"@type\":\"ListItem\",\"position\":2,\"name\":\"Ovo je razlika izme\u0111u obi\u010dne i elektri\u010dne \u010detkice za zube\"}]},{\"@type\":\"WebSite\",\"@id\":\"https:\\\/\\\/radioljubuski.ba\\\/#website\",\"url\":\"https:\\\/\\\/radioljubuski.ba\\\/\",\"name\":\"Radio Ljubu\u0161ki\",\"description\":\"Sun\u010dana frekvencija Hercegovine\",\"publisher\":{\"@id\":\"https:\\\/\\\/radioljubuski.ba\\\/#organization\"},\"potentialAction\":[{\"@type\":\"SearchAction\",\"target\":{\"@type\":\"EntryPoint\",\"urlTemplate\":\"https:\\\/\\\/radioljubuski.ba\\\/?s={search_term_string}\"},\"query-input\":{\"@type\":\"PropertyValueSpecification\",\"valueRequired\":true,\"valueName\":\"search_term_string\"}}],\"inLanguage\":\"hr\"},{\"@type\":\"Organization\",\"@id\":\"https:\\\/\\\/radioljubuski.ba\\\/#organization\",\"name\":\"Radio Ljubu\u0161ki\",\"url\":\"https:\\\/\\\/radioljubuski.ba\\\/\",\"logo\":{\"@type\":\"ImageObject\",\"inLanguage\":\"hr\",\"@id\":\"https:\\\/\\\/radioljubuski.ba\\\/#\\\/schema\\\/logo\\\/image\\\/\",\"url\":\"https:\\\/\\\/radioljubuski.ba\\\/wp-content\\\/uploads\\\/2021\\\/02\\\/cropped-Radio_Ljubuski_logo1.jpg\",\"contentUrl\":\"https:\\\/\\\/radioljubuski.ba\\\/wp-content\\\/uploads\\\/2021\\\/02\\\/cropped-Radio_Ljubuski_logo1.jpg\",\"width\":512,\"height\":512,\"caption\":\"Radio Ljubu\u0161ki\"},\"image\":{\"@id\":\"https:\\\/\\\/radioljubuski.ba\\\/#\\\/schema\\\/logo\\\/image\\\/\"},\"sameAs\":[\"https:\\\/\\\/www.facebook.com\\\/Radiio-Ljubuski-1490835324566332\",\"https:\\\/\\\/x.com\\\/radioljubuski\",\"https:\\\/\\\/hr.linkedin.com\\\/company\\\/radio-ljubuski\",\"https:\\\/\\\/www.youtube.com\\\/channel\\\/UCHYaeO_n0Db3tjNGudGpXyw\"]},{\"@type\":\"Person\",\"@id\":\"https:\\\/\\\/radioljubuski.ba\\\/#\\\/schema\\\/person\\\/19fc700381a780f69665d7956c469e3b\",\"name\":\"Radio Ljubu\u0161ki\"}]}<\/script>\n<!-- \/ Yoast SEO plugin. -->","yoast_head_json":{"title":"Ovo je razlika izme\u0111u obi\u010dne i elektri\u010dne \u010detkice za zube - RADIO LJUBU\u0160KI","robots":{"index":"index","follow":"follow","max-snippet":"max-snippet:-1","max-image-preview":"max-image-preview:large","max-video-preview":"max-video-preview:-1"},"canonical":"https:\/\/radioljubuski.ba\/index.php\/2021\/04\/25\/ovo-je-razlika-izmedu-obicne-i-elektricne-cetkice-za-zube\/","og_locale":"hr_HR","og_type":"article","og_title":"Ovo je razlika izme\u0111u obi\u010dne i elektri\u010dne \u010detkice za zube - RADIO LJUBU\u0160KI","og_description":"Bijeli i lijepi zubi su prve asocijacije mnogima kada \u010duju izraze kao \u0161to su oralna higijena i oralno zdravlje. No, oralno zdravlje se ne odnosi samo na dio zubi vidljiv kada se nasmijemo, ve\u0107 se ti\u010de zdravlja kompletne usne \u0161upljine, ali i zdravlja cjelokupnog organizma. Osim \u0161to&nbsp;lo\u0161a oralna higijena uzrokuje bolesti&nbsp;zubi i desni, tako\u0111er se [&hellip;]","og_url":"https:\/\/radioljubuski.ba\/index.php\/2021\/04\/25\/ovo-je-razlika-izmedu-obicne-i-elektricne-cetkice-za-zube\/","og_site_name":"RADIO LJUBU\u0160KI","article_publisher":"https:\/\/www.facebook.com\/Radiio-Ljubuski-1490835324566332","article_published_time":"2021-04-25T00:25:10+00:00","og_image":[{"width":875,"height":480,"url":"https:\/\/radioljubuski.ba\/wp-content\/uploads\/2021\/04\/elektricna-cetkica-1.875x480.jpg","type":"image\/jpeg"}],"author":"Radio Ljubu\u0161ki","twitter_card":"summary_large_image","twitter_creator":"@radioljubuski","twitter_site":"@radioljubuski","twitter_misc":{"Napisao\/la":"Radio Ljubu\u0161ki","Procijenjeno vrijeme \u010ditanja":"3 minute"},"schema":{"@context":"https:\/\/schema.org","@graph":[{"@type":"Article","@id":"https:\/\/radioljubuski.ba\/index.php\/2021\/04\/25\/ovo-je-razlika-izmedu-obicne-i-elektricne-cetkice-za-zube\/#article","isPartOf":{"@id":"https:\/\/radioljubuski.ba\/index.php\/2021\/04\/25\/ovo-je-razlika-izmedu-obicne-i-elektricne-cetkice-za-zube\/"},"author":{"name":"Radio Ljubu\u0161ki","@id":"https:\/\/radioljubuski.ba\/#\/schema\/person\/19fc700381a780f69665d7956c469e3b"},"headline":"Ovo je razlika izme\u0111u obi\u010dne i elektri\u010dne \u010detkice za zube","datePublished":"2021-04-25T00:25:10+00:00","mainEntityOfPage":{"@id":"https:\/\/radioljubuski.ba\/index.php\/2021\/04\/25\/ovo-je-razlika-izmedu-obicne-i-elektricne-cetkice-za-zube\/"},"wordCount":650,"publisher":{"@id":"https:\/\/radioljubuski.ba\/#organization"},"image":{"@id":"https:\/\/radioljubuski.ba\/index.php\/2021\/04\/25\/ovo-je-razlika-izmedu-obicne-i-elektricne-cetkice-za-zube\/#primaryimage"},"thumbnailUrl":"https:\/\/radioljubuski.ba\/wp-content\/uploads\/2021\/04\/elektricna-cetkica-1.875x480.jpg","articleSection":["BIH i regija"],"inLanguage":"hr"},{"@type":"WebPage","@id":"https:\/\/radioljubuski.ba\/index.php\/2021\/04\/25\/ovo-je-razlika-izmedu-obicne-i-elektricne-cetkice-za-zube\/","url":"https:\/\/radioljubuski.ba\/index.php\/2021\/04\/25\/ovo-je-razlika-izmedu-obicne-i-elektricne-cetkice-za-zube\/","name":"Ovo je razlika izme\u0111u obi\u010dne i elektri\u010dne \u010detkice za zube - RADIO LJUBU\u0160KI","isPartOf":{"@id":"https:\/\/radioljubuski.ba\/#website"},"primaryImageOfPage":{"@id":"https:\/\/radioljubuski.ba\/index.php\/2021\/04\/25\/ovo-je-razlika-izmedu-obicne-i-elektricne-cetkice-za-zube\/#primaryimage"},"image":{"@id":"https:\/\/radioljubuski.ba\/index.php\/2021\/04\/25\/ovo-je-razlika-izmedu-obicne-i-elektricne-cetkice-za-zube\/#primaryimage"},"thumbnailUrl":"https:\/\/radioljubuski.ba\/wp-content\/uploads\/2021\/04\/elektricna-cetkica-1.875x480.jpg","datePublished":"2021-04-25T00:25:10+00:00","breadcrumb":{"@id":"https:\/\/radioljubuski.ba\/index.php\/2021\/04\/25\/ovo-je-razlika-izmedu-obicne-i-elektricne-cetkice-za-zube\/#breadcrumb"},"inLanguage":"hr","potentialAction":[{"@type":"ReadAction","target":["https:\/\/radioljubuski.ba\/index.php\/2021\/04\/25\/ovo-je-razlika-izmedu-obicne-i-elektricne-cetkice-za-zube\/"]}]},{"@type":"ImageObject","inLanguage":"hr","@id":"https:\/\/radioljubuski.ba\/index.php\/2021\/04\/25\/ovo-je-razlika-izmedu-obicne-i-elektricne-cetkice-za-zube\/#primaryimage","url":"https:\/\/radioljubuski.ba\/wp-content\/uploads\/2021\/04\/elektricna-cetkica-1.875x480.jpg","contentUrl":"https:\/\/radioljubuski.ba\/wp-content\/uploads\/2021\/04\/elektricna-cetkica-1.875x480.jpg","width":875,"height":480},{"@type":"BreadcrumbList","@id":"https:\/\/radioljubuski.ba\/index.php\/2021\/04\/25\/ovo-je-razlika-izmedu-obicne-i-elektricne-cetkice-za-zube\/#breadcrumb","itemListElement":[{"@type":"ListItem","position":1,"name":"Po\u010detna stranica","item":"https:\/\/radioljubuski.ba\/"},{"@type":"ListItem","position":2,"name":"Ovo je razlika izme\u0111u obi\u010dne i elektri\u010dne \u010detkice za zube"}]},{"@type":"WebSite","@id":"https:\/\/radioljubuski.ba\/#website","url":"https:\/\/radioljubuski.ba\/","name":"Radio Ljubu\u0161ki","description":"Sun\u010dana frekvencija Hercegovine","publisher":{"@id":"https:\/\/radioljubuski.ba\/#organization"},"potentialAction":[{"@type":"SearchAction","target":{"@type":"EntryPoint","urlTemplate":"https:\/\/radioljubuski.ba\/?s={search_term_string}"},"query-input":{"@type":"PropertyValueSpecification","valueRequired":true,"valueName":"search_term_string"}}],"inLanguage":"hr"},{"@type":"Organization","@id":"https:\/\/radioljubuski.ba\/#organization","name":"Radio Ljubu\u0161ki","url":"https:\/\/radioljubuski.ba\/","logo":{"@type":"ImageObject","inLanguage":"hr","@id":"https:\/\/radioljubuski.ba\/#\/schema\/logo\/image\/","url":"https:\/\/radioljubuski.ba\/wp-content\/uploads\/2021\/02\/cropped-Radio_Ljubuski_logo1.jpg","contentUrl":"https:\/\/radioljubuski.ba\/wp-content\/uploads\/2021\/02\/cropped-Radio_Ljubuski_logo1.jpg","width":512,"height":512,"caption":"Radio Ljubu\u0161ki"},"image":{"@id":"https:\/\/radioljubuski.ba\/#\/schema\/logo\/image\/"},"sameAs":["https:\/\/www.facebook.com\/Radiio-Ljubuski-1490835324566332","https:\/\/x.com\/radioljubuski","https:\/\/hr.linkedin.com\/company\/radio-ljubuski","https:\/\/www.youtube.com\/channel\/UCHYaeO_n0Db3tjNGudGpXyw"]},{"@type":"Person","@id":"https:\/\/radioljubuski.ba\/#\/schema\/person\/19fc700381a780f69665d7956c469e3b","name":"Radio Ljubu\u0161ki"}]}},"_links":{"self":[{"href":"https:\/\/radioljubuski.ba\/index.php\/wp-json\/wp\/v2\/posts\/16130","targetHints":{"allow":["GET"]}}],"collection":[{"href":"https:\/\/radioljubuski.ba\/index.php\/wp-json\/wp\/v2\/posts"}],"about":[{"href":"https:\/\/radioljubuski.ba\/index.php\/wp-json\/wp\/v2\/types\/post"}],"author":[{"embeddable":true,"href":"https:\/\/radioljubuski.ba\/index.php\/wp-json\/wp\/v2\/users\/2"}],"replies":[{"embeddable":true,"href":"https:\/\/radioljubuski.ba\/index.php\/wp-json\/wp\/v2\/comments?post=16130"}],"version-history":[{"count":1,"href":"https:\/\/radioljubuski.ba\/index.php\/wp-json\/wp\/v2\/posts\/16130\/revisions"}],"predecessor-version":[{"id":16132,"href":"https:\/\/radioljubuski.ba\/index.php\/wp-json\/wp\/v2\/posts\/16130\/revisions\/16132"}],"wp:featuredmedia":[{"embeddable":true,"href":"https:\/\/radioljubuski.ba\/index.php\/wp-json\/wp\/v2\/media\/16131"}],"wp:attachment":[{"href":"https:\/\/radioljubuski.ba\/index.php\/wp-json\/wp\/v2\/media?parent=16130"}],"wp:term":[{"taxonomy":"category","embeddable":true,"href":"https:\/\/radioljubuski.ba\/index.php\/wp-json\/wp\/v2\/categories?post=16130"},{"taxonomy":"post_tag","embeddable":true,"href":"https:\/\/radioljubuski.ba\/index.php\/wp-json\/wp\/v2\/tags?post=16130"}],"curies":[{"name":"wp","href":"https:\/\/api.w.org\/{rel}","templated":true}]}}