{"id":16189,"date":"2021-04-25T17:46:29","date_gmt":"2021-04-25T16:46:29","guid":{"rendered":"https:\/\/radioljubuski.ba\/?p=16189"},"modified":"2021-04-25T17:46:30","modified_gmt":"2021-04-25T16:46:30","slug":"hodocasnici-iz-meksika-posjetili-medugorje","status":"publish","type":"post","link":"https:\/\/radioljubuski.ba\/index.php\/2021\/04\/25\/hodocasnici-iz-meksika-posjetili-medugorje\/","title":{"rendered":"Hodo\u010dasnici iz Meksika posjetili Me\u0111ugorje"},"content":{"rendered":"\n<p>U Me\u0111ugorju od 16. do 25. travnja 2021. boravi grupa od 59 meksi\u010dkih hodo\u010dasnika. Od njih dvije tre\u0107ine grupe su po prvi puta ovdje. Ve\u0107inom su iz same dr\u017eave Meksiko, jedan je iz Perua, a trinaest ih \u017eivi u Americi. Okupili su se na hodo\u010da\u0161\u0107e preko medijske platforme Mundo Cat\u00f3lico Television Network (www.mundocatolico.tv) koja \u017eeli svojim sadr\u017eajem pomo\u0107i duhovnom rastu svojih pratitelja i tako ih pribli\u017eiti Bogu. Oni su najve\u0107a katoli\u010dka platforma u Latinskoj Americi i prati ih vi\u0161e od pola milijuna vjernika.&nbsp;<\/p>\n\n\n\n<p>Nakon najave hodo\u010da\u0161\u0107a, u samo dva tjedna, sva ponu\u0111ena mjesta bila su popunjena, a jo\u0161 puno zainteresiranih je ostalo na listi \u010dekanja. Organizatori su ostali iznena\u0111eni ovako velikim odazivom i bilo im je poslije \u017eao \u0161to su u avionu rezervirali samo 59 mjesta. Za putovanje im je trebao negativan PCR test, i unato\u010d tome \u0161to su svi prijavljeni hodo\u010dasnici znali da im u slu\u010daju pozitivnog testa njihova cjelokupna uplata ne\u0107e biti vra\u0107ena, ipak se nisu bojali do\u0107i. Putovanje im je bilo od Ciudad de M\u00e9xico, preko Madrida do Dubrovnika, a zatim autobusom do Me\u0111ugorja. Mauricio Guizar, jedan od organizatora ka\u017ee kako se ljudi uop\u0107e nisu bojali do\u0107i jer su umorni od straha, zatvorenosti i zaista su s jednom vjerom u Boga i s pouzdanjem u Gospu \u017eeljeli do\u0107i u Me\u0111ugorje. &nbsp;&#8220;U Meksiku ima ljudi koji doista imaju jaku vjeru. I ima ljudi koji godinama prate Me\u0111ugorje iako ovdje nisu bili\u201c \u2013 kazao je Mauricio za portal medjugorje-info.com.&nbsp;<\/p>\n\n\n\n<p>Mauricio Guizar je od samih po\u010detaka ukazanja \u010duo za Me\u0111ugorje, ali je prvi puta do\u0161ao ovdje 2005. godine. U grupi ih je tada bilo oko 36 osoba i svi sa velikim zdravstvenim problemima i bolestima. Do\u0161li su se ba\u0161 moliti Gospi i predati joj svoje bolne situacije. Jedne ve\u010deri dok su molili na Brdu Ukazanja, vidjeli su 12 Gospinih zvijezda kako kru\u017ee po Nebu. To je shvatio kao jedan Gospin poklon njihovoj grupi koja je unato\u010d svim bolestima, problemima i pote\u0161ko\u0107ama ipak do\u0161la k Njoj. I za sve njih je to bila jedna velika utjeha, a on je to do\u017eivio kao poziv da zapo\u010dne i druge ljude dovoditi u Me\u0111ugorje. Od tada je do\u0161ao sa barem 15 grupa, otprilike jedanput godi\u0161nje.<\/p>\n\n\n\n<p>Osim hodo\u010dasni\u010dkih mjesta u Me\u0111ugorju, grupa je posjetila i Tihaljinu gdje su imali posvetu BDM prema Montfortovu pristupu marijanskom posve\u0107enju. Po njemu, Isus i Marija su nerazdvojni. &#8220;Posve\u0107enje Isusu u Mariji&#8221; je poseban put prema kojem se vjernik mora suobli\u010diti, ujediniti i posvetiti Kristu, s obzirom na to da &#8220;\u2026od svih stvorenja koja su najprikladnija Isusu Kristu, proizlazi da me\u0111u svim pobo\u017enostima ono \u0161to najvi\u0161e posve\u0107uje i uskla\u0111uje du\u0161u s na\u0161im Gospodinom je predanost Mariji, njegovoj Svetoj Majci, i da \u0161to je du\u0161a vi\u0161e njoj posve\u0107ena, to \u0107e vi\u0161e biti posve\u0107ena Isusu Kristu. &#8221; Tako\u0111er su posjetili \u0160iroki Brijeg i groblje franjeva\u010dkih mu\u010denika, a i\u0107i \u0107e jo\u0161 u posjet franjeva\u010dkoj crkvi u Mostaru. &#8220;Za sada, svi hodo\u010dasnici su fascinirani, osje\u0107aju se tako slobodno, i fizi\u010dki i duhovno, jednostavno su prodisali\u201c \u2013 ka\u017ee Mauricio i nadodaje &#8211; &#8220;kao da imamo cijelo Me\u0111ugorje samo za nas, a to je neobi\u010dno, ali i prekrasno! I jako smo zahvalni ljudima u Me\u0111ugorju i Gospi, svima koji su nas tako lijepo do\u010dekali i koji su za nas pravi primjer vjere&#8221;.<\/p>\n\n\n\n<p>Izvor:pogled.ba<\/p>\n","protected":false},"excerpt":{"rendered":"<p>U Me\u0111ugorju od 16. do 25. travnja 2021. boravi grupa od 59 meksi\u010dkih hodo\u010dasnika. Od njih dvije tre\u0107ine grupe su po prvi puta ovdje. Ve\u0107inom su iz same dr\u017eave Meksiko, jedan je iz Perua, a trinaest ih \u017eivi u Americi. Okupili su se na hodo\u010da\u0161\u0107e preko medijske platforme Mundo Cat\u00f3lico Television Network (www.mundocatolico.tv) koja \u017eeli [&hellip;]<\/p>\n","protected":false},"author":2,"featured_media":16190,"comment_status":"closed","ping_status":"closed","sticky":false,"template":"","format":"standard","meta":{"h5ap_radio_sources":[],"footnotes":""},"categories":[1],"tags":[],"class_list":["post-16189","post","type-post","status-publish","format-standard","has-post-thumbnail","hentry","category-bihiregija"],"yoast_head":"<!-- This site is optimized with the Yoast SEO plugin v27.4 - https:\/\/yoast.com\/product\/yoast-seo-wordpress\/ -->\n<title>Hodo\u010dasnici iz Meksika posjetili Me\u0111ugorje - RADIO LJUBU\u0160KI<\/title>\n<meta name=\"robots\" content=\"index, follow, max-snippet:-1, max-image-preview:large, max-video-preview:-1\" \/>\n<link rel=\"canonical\" href=\"https:\/\/radioljubuski.ba\/index.php\/2021\/04\/25\/hodocasnici-iz-meksika-posjetili-medugorje\/\" \/>\n<meta property=\"og:locale\" content=\"hr_HR\" \/>\n<meta property=\"og:type\" content=\"article\" \/>\n<meta property=\"og:title\" content=\"Hodo\u010dasnici iz Meksika posjetili Me\u0111ugorje - RADIO LJUBU\u0160KI\" \/>\n<meta property=\"og:description\" content=\"U Me\u0111ugorju od 16. do 25. travnja 2021. boravi grupa od 59 meksi\u010dkih hodo\u010dasnika. Od njih dvije tre\u0107ine grupe su po prvi puta ovdje. Ve\u0107inom su iz same dr\u017eave Meksiko, jedan je iz Perua, a trinaest ih \u017eivi u Americi. Okupili su se na hodo\u010da\u0161\u0107e preko medijske platforme Mundo Cat\u00f3lico Television Network (www.mundocatolico.tv) koja \u017eeli [&hellip;]\" \/>\n<meta property=\"og:url\" content=\"https:\/\/radioljubuski.ba\/index.php\/2021\/04\/25\/hodocasnici-iz-meksika-posjetili-medugorje\/\" \/>\n<meta property=\"og:site_name\" content=\"RADIO LJUBU\u0160KI\" \/>\n<meta property=\"article:publisher\" content=\"https:\/\/www.facebook.com\/Radiio-Ljubuski-1490835324566332\" \/>\n<meta property=\"article:published_time\" content=\"2021-04-25T16:46:29+00:00\" \/>\n<meta property=\"article:modified_time\" content=\"2021-04-25T16:46:30+00:00\" \/>\n<meta property=\"og:image\" content=\"https:\/\/radioljubuski.ba\/wp-content\/uploads\/2021\/04\/2-2021-04-25-12-24-40-medjugorje.jpg\" \/>\n\t<meta property=\"og:image:width\" content=\"1000\" \/>\n\t<meta property=\"og:image:height\" content=\"625\" \/>\n\t<meta property=\"og:image:type\" content=\"image\/jpeg\" \/>\n<meta name=\"author\" content=\"Radio Ljubu\u0161ki\" \/>\n<meta name=\"twitter:card\" content=\"summary_large_image\" \/>\n<meta name=\"twitter:creator\" content=\"@radioljubuski\" \/>\n<meta name=\"twitter:site\" content=\"@radioljubuski\" \/>\n<meta name=\"twitter:label1\" content=\"Napisao\/la\" \/>\n\t<meta name=\"twitter:data1\" content=\"Radio Ljubu\u0161ki\" \/>\n\t<meta name=\"twitter:label2\" content=\"Procijenjeno vrijeme \u010ditanja\" \/>\n\t<meta name=\"twitter:data2\" content=\"3 minute\" \/>\n<script type=\"application\/ld+json\" class=\"yoast-schema-graph\">{\"@context\":\"https:\\\/\\\/schema.org\",\"@graph\":[{\"@type\":\"Article\",\"@id\":\"https:\\\/\\\/radioljubuski.ba\\\/index.php\\\/2021\\\/04\\\/25\\\/hodocasnici-iz-meksika-posjetili-medugorje\\\/#article\",\"isPartOf\":{\"@id\":\"https:\\\/\\\/radioljubuski.ba\\\/index.php\\\/2021\\\/04\\\/25\\\/hodocasnici-iz-meksika-posjetili-medugorje\\\/\"},\"author\":{\"name\":\"Radio Ljubu\u0161ki\",\"@id\":\"https:\\\/\\\/radioljubuski.ba\\\/#\\\/schema\\\/person\\\/19fc700381a780f69665d7956c469e3b\"},\"headline\":\"Hodo\u010dasnici iz Meksika posjetili Me\u0111ugorje\",\"datePublished\":\"2021-04-25T16:46:29+00:00\",\"dateModified\":\"2021-04-25T16:46:30+00:00\",\"mainEntityOfPage\":{\"@id\":\"https:\\\/\\\/radioljubuski.ba\\\/index.php\\\/2021\\\/04\\\/25\\\/hodocasnici-iz-meksika-posjetili-medugorje\\\/\"},\"wordCount\":617,\"publisher\":{\"@id\":\"https:\\\/\\\/radioljubuski.ba\\\/#organization\"},\"image\":{\"@id\":\"https:\\\/\\\/radioljubuski.ba\\\/index.php\\\/2021\\\/04\\\/25\\\/hodocasnici-iz-meksika-posjetili-medugorje\\\/#primaryimage\"},\"thumbnailUrl\":\"https:\\\/\\\/radioljubuski.ba\\\/wp-content\\\/uploads\\\/2021\\\/04\\\/2-2021-04-25-12-24-40-medjugorje.jpg\",\"articleSection\":[\"BIH i regija\"],\"inLanguage\":\"hr\"},{\"@type\":\"WebPage\",\"@id\":\"https:\\\/\\\/radioljubuski.ba\\\/index.php\\\/2021\\\/04\\\/25\\\/hodocasnici-iz-meksika-posjetili-medugorje\\\/\",\"url\":\"https:\\\/\\\/radioljubuski.ba\\\/index.php\\\/2021\\\/04\\\/25\\\/hodocasnici-iz-meksika-posjetili-medugorje\\\/\",\"name\":\"Hodo\u010dasnici iz Meksika posjetili Me\u0111ugorje - RADIO LJUBU\u0160KI\",\"isPartOf\":{\"@id\":\"https:\\\/\\\/radioljubuski.ba\\\/#website\"},\"primaryImageOfPage\":{\"@id\":\"https:\\\/\\\/radioljubuski.ba\\\/index.php\\\/2021\\\/04\\\/25\\\/hodocasnici-iz-meksika-posjetili-medugorje\\\/#primaryimage\"},\"image\":{\"@id\":\"https:\\\/\\\/radioljubuski.ba\\\/index.php\\\/2021\\\/04\\\/25\\\/hodocasnici-iz-meksika-posjetili-medugorje\\\/#primaryimage\"},\"thumbnailUrl\":\"https:\\\/\\\/radioljubuski.ba\\\/wp-content\\\/uploads\\\/2021\\\/04\\\/2-2021-04-25-12-24-40-medjugorje.jpg\",\"datePublished\":\"2021-04-25T16:46:29+00:00\",\"dateModified\":\"2021-04-25T16:46:30+00:00\",\"breadcrumb\":{\"@id\":\"https:\\\/\\\/radioljubuski.ba\\\/index.php\\\/2021\\\/04\\\/25\\\/hodocasnici-iz-meksika-posjetili-medugorje\\\/#breadcrumb\"},\"inLanguage\":\"hr\",\"potentialAction\":[{\"@type\":\"ReadAction\",\"target\":[\"https:\\\/\\\/radioljubuski.ba\\\/index.php\\\/2021\\\/04\\\/25\\\/hodocasnici-iz-meksika-posjetili-medugorje\\\/\"]}]},{\"@type\":\"ImageObject\",\"inLanguage\":\"hr\",\"@id\":\"https:\\\/\\\/radioljubuski.ba\\\/index.php\\\/2021\\\/04\\\/25\\\/hodocasnici-iz-meksika-posjetili-medugorje\\\/#primaryimage\",\"url\":\"https:\\\/\\\/radioljubuski.ba\\\/wp-content\\\/uploads\\\/2021\\\/04\\\/2-2021-04-25-12-24-40-medjugorje.jpg\",\"contentUrl\":\"https:\\\/\\\/radioljubuski.ba\\\/wp-content\\\/uploads\\\/2021\\\/04\\\/2-2021-04-25-12-24-40-medjugorje.jpg\",\"width\":1000,\"height\":625},{\"@type\":\"BreadcrumbList\",\"@id\":\"https:\\\/\\\/radioljubuski.ba\\\/index.php\\\/2021\\\/04\\\/25\\\/hodocasnici-iz-meksika-posjetili-medugorje\\\/#breadcrumb\",\"itemListElement\":[{\"@type\":\"ListItem\",\"position\":1,\"name\":\"Po\u010detna stranica\",\"item\":\"https:\\\/\\\/radioljubuski.ba\\\/\"},{\"@type\":\"ListItem\",\"position\":2,\"name\":\"Hodo\u010dasnici iz Meksika posjetili Me\u0111ugorje\"}]},{\"@type\":\"WebSite\",\"@id\":\"https:\\\/\\\/radioljubuski.ba\\\/#website\",\"url\":\"https:\\\/\\\/radioljubuski.ba\\\/\",\"name\":\"Radio Ljubu\u0161ki\",\"description\":\"Sun\u010dana frekvencija Hercegovine\",\"publisher\":{\"@id\":\"https:\\\/\\\/radioljubuski.ba\\\/#organization\"},\"potentialAction\":[{\"@type\":\"SearchAction\",\"target\":{\"@type\":\"EntryPoint\",\"urlTemplate\":\"https:\\\/\\\/radioljubuski.ba\\\/?s={search_term_string}\"},\"query-input\":{\"@type\":\"PropertyValueSpecification\",\"valueRequired\":true,\"valueName\":\"search_term_string\"}}],\"inLanguage\":\"hr\"},{\"@type\":\"Organization\",\"@id\":\"https:\\\/\\\/radioljubuski.ba\\\/#organization\",\"name\":\"Radio Ljubu\u0161ki\",\"url\":\"https:\\\/\\\/radioljubuski.ba\\\/\",\"logo\":{\"@type\":\"ImageObject\",\"inLanguage\":\"hr\",\"@id\":\"https:\\\/\\\/radioljubuski.ba\\\/#\\\/schema\\\/logo\\\/image\\\/\",\"url\":\"https:\\\/\\\/radioljubuski.ba\\\/wp-content\\\/uploads\\\/2021\\\/02\\\/cropped-Radio_Ljubuski_logo1.jpg\",\"contentUrl\":\"https:\\\/\\\/radioljubuski.ba\\\/wp-content\\\/uploads\\\/2021\\\/02\\\/cropped-Radio_Ljubuski_logo1.jpg\",\"width\":512,\"height\":512,\"caption\":\"Radio Ljubu\u0161ki\"},\"image\":{\"@id\":\"https:\\\/\\\/radioljubuski.ba\\\/#\\\/schema\\\/logo\\\/image\\\/\"},\"sameAs\":[\"https:\\\/\\\/www.facebook.com\\\/Radiio-Ljubuski-1490835324566332\",\"https:\\\/\\\/x.com\\\/radioljubuski\",\"https:\\\/\\\/hr.linkedin.com\\\/company\\\/radio-ljubuski\",\"https:\\\/\\\/www.youtube.com\\\/channel\\\/UCHYaeO_n0Db3tjNGudGpXyw\"]},{\"@type\":\"Person\",\"@id\":\"https:\\\/\\\/radioljubuski.ba\\\/#\\\/schema\\\/person\\\/19fc700381a780f69665d7956c469e3b\",\"name\":\"Radio Ljubu\u0161ki\"}]}<\/script>\n<!-- \/ Yoast SEO plugin. -->","yoast_head_json":{"title":"Hodo\u010dasnici iz Meksika posjetili Me\u0111ugorje - RADIO LJUBU\u0160KI","robots":{"index":"index","follow":"follow","max-snippet":"max-snippet:-1","max-image-preview":"max-image-preview:large","max-video-preview":"max-video-preview:-1"},"canonical":"https:\/\/radioljubuski.ba\/index.php\/2021\/04\/25\/hodocasnici-iz-meksika-posjetili-medugorje\/","og_locale":"hr_HR","og_type":"article","og_title":"Hodo\u010dasnici iz Meksika posjetili Me\u0111ugorje - RADIO LJUBU\u0160KI","og_description":"U Me\u0111ugorju od 16. do 25. travnja 2021. boravi grupa od 59 meksi\u010dkih hodo\u010dasnika. Od njih dvije tre\u0107ine grupe su po prvi puta ovdje. Ve\u0107inom su iz same dr\u017eave Meksiko, jedan je iz Perua, a trinaest ih \u017eivi u Americi. Okupili su se na hodo\u010da\u0161\u0107e preko medijske platforme Mundo Cat\u00f3lico Television Network (www.mundocatolico.tv) koja \u017eeli [&hellip;]","og_url":"https:\/\/radioljubuski.ba\/index.php\/2021\/04\/25\/hodocasnici-iz-meksika-posjetili-medugorje\/","og_site_name":"RADIO LJUBU\u0160KI","article_publisher":"https:\/\/www.facebook.com\/Radiio-Ljubuski-1490835324566332","article_published_time":"2021-04-25T16:46:29+00:00","article_modified_time":"2021-04-25T16:46:30+00:00","og_image":[{"width":1000,"height":625,"url":"https:\/\/radioljubuski.ba\/wp-content\/uploads\/2021\/04\/2-2021-04-25-12-24-40-medjugorje.jpg","type":"image\/jpeg"}],"author":"Radio Ljubu\u0161ki","twitter_card":"summary_large_image","twitter_creator":"@radioljubuski","twitter_site":"@radioljubuski","twitter_misc":{"Napisao\/la":"Radio Ljubu\u0161ki","Procijenjeno vrijeme \u010ditanja":"3 minute"},"schema":{"@context":"https:\/\/schema.org","@graph":[{"@type":"Article","@id":"https:\/\/radioljubuski.ba\/index.php\/2021\/04\/25\/hodocasnici-iz-meksika-posjetili-medugorje\/#article","isPartOf":{"@id":"https:\/\/radioljubuski.ba\/index.php\/2021\/04\/25\/hodocasnici-iz-meksika-posjetili-medugorje\/"},"author":{"name":"Radio Ljubu\u0161ki","@id":"https:\/\/radioljubuski.ba\/#\/schema\/person\/19fc700381a780f69665d7956c469e3b"},"headline":"Hodo\u010dasnici iz Meksika posjetili Me\u0111ugorje","datePublished":"2021-04-25T16:46:29+00:00","dateModified":"2021-04-25T16:46:30+00:00","mainEntityOfPage":{"@id":"https:\/\/radioljubuski.ba\/index.php\/2021\/04\/25\/hodocasnici-iz-meksika-posjetili-medugorje\/"},"wordCount":617,"publisher":{"@id":"https:\/\/radioljubuski.ba\/#organization"},"image":{"@id":"https:\/\/radioljubuski.ba\/index.php\/2021\/04\/25\/hodocasnici-iz-meksika-posjetili-medugorje\/#primaryimage"},"thumbnailUrl":"https:\/\/radioljubuski.ba\/wp-content\/uploads\/2021\/04\/2-2021-04-25-12-24-40-medjugorje.jpg","articleSection":["BIH i regija"],"inLanguage":"hr"},{"@type":"WebPage","@id":"https:\/\/radioljubuski.ba\/index.php\/2021\/04\/25\/hodocasnici-iz-meksika-posjetili-medugorje\/","url":"https:\/\/radioljubuski.ba\/index.php\/2021\/04\/25\/hodocasnici-iz-meksika-posjetili-medugorje\/","name":"Hodo\u010dasnici iz Meksika posjetili Me\u0111ugorje - RADIO LJUBU\u0160KI","isPartOf":{"@id":"https:\/\/radioljubuski.ba\/#website"},"primaryImageOfPage":{"@id":"https:\/\/radioljubuski.ba\/index.php\/2021\/04\/25\/hodocasnici-iz-meksika-posjetili-medugorje\/#primaryimage"},"image":{"@id":"https:\/\/radioljubuski.ba\/index.php\/2021\/04\/25\/hodocasnici-iz-meksika-posjetili-medugorje\/#primaryimage"},"thumbnailUrl":"https:\/\/radioljubuski.ba\/wp-content\/uploads\/2021\/04\/2-2021-04-25-12-24-40-medjugorje.jpg","datePublished":"2021-04-25T16:46:29+00:00","dateModified":"2021-04-25T16:46:30+00:00","breadcrumb":{"@id":"https:\/\/radioljubuski.ba\/index.php\/2021\/04\/25\/hodocasnici-iz-meksika-posjetili-medugorje\/#breadcrumb"},"inLanguage":"hr","potentialAction":[{"@type":"ReadAction","target":["https:\/\/radioljubuski.ba\/index.php\/2021\/04\/25\/hodocasnici-iz-meksika-posjetili-medugorje\/"]}]},{"@type":"ImageObject","inLanguage":"hr","@id":"https:\/\/radioljubuski.ba\/index.php\/2021\/04\/25\/hodocasnici-iz-meksika-posjetili-medugorje\/#primaryimage","url":"https:\/\/radioljubuski.ba\/wp-content\/uploads\/2021\/04\/2-2021-04-25-12-24-40-medjugorje.jpg","contentUrl":"https:\/\/radioljubuski.ba\/wp-content\/uploads\/2021\/04\/2-2021-04-25-12-24-40-medjugorje.jpg","width":1000,"height":625},{"@type":"BreadcrumbList","@id":"https:\/\/radioljubuski.ba\/index.php\/2021\/04\/25\/hodocasnici-iz-meksika-posjetili-medugorje\/#breadcrumb","itemListElement":[{"@type":"ListItem","position":1,"name":"Po\u010detna stranica","item":"https:\/\/radioljubuski.ba\/"},{"@type":"ListItem","position":2,"name":"Hodo\u010dasnici iz Meksika posjetili Me\u0111ugorje"}]},{"@type":"WebSite","@id":"https:\/\/radioljubuski.ba\/#website","url":"https:\/\/radioljubuski.ba\/","name":"Radio Ljubu\u0161ki","description":"Sun\u010dana frekvencija Hercegovine","publisher":{"@id":"https:\/\/radioljubuski.ba\/#organization"},"potentialAction":[{"@type":"SearchAction","target":{"@type":"EntryPoint","urlTemplate":"https:\/\/radioljubuski.ba\/?s={search_term_string}"},"query-input":{"@type":"PropertyValueSpecification","valueRequired":true,"valueName":"search_term_string"}}],"inLanguage":"hr"},{"@type":"Organization","@id":"https:\/\/radioljubuski.ba\/#organization","name":"Radio Ljubu\u0161ki","url":"https:\/\/radioljubuski.ba\/","logo":{"@type":"ImageObject","inLanguage":"hr","@id":"https:\/\/radioljubuski.ba\/#\/schema\/logo\/image\/","url":"https:\/\/radioljubuski.ba\/wp-content\/uploads\/2021\/02\/cropped-Radio_Ljubuski_logo1.jpg","contentUrl":"https:\/\/radioljubuski.ba\/wp-content\/uploads\/2021\/02\/cropped-Radio_Ljubuski_logo1.jpg","width":512,"height":512,"caption":"Radio Ljubu\u0161ki"},"image":{"@id":"https:\/\/radioljubuski.ba\/#\/schema\/logo\/image\/"},"sameAs":["https:\/\/www.facebook.com\/Radiio-Ljubuski-1490835324566332","https:\/\/x.com\/radioljubuski","https:\/\/hr.linkedin.com\/company\/radio-ljubuski","https:\/\/www.youtube.com\/channel\/UCHYaeO_n0Db3tjNGudGpXyw"]},{"@type":"Person","@id":"https:\/\/radioljubuski.ba\/#\/schema\/person\/19fc700381a780f69665d7956c469e3b","name":"Radio Ljubu\u0161ki"}]}},"_links":{"self":[{"href":"https:\/\/radioljubuski.ba\/index.php\/wp-json\/wp\/v2\/posts\/16189","targetHints":{"allow":["GET"]}}],"collection":[{"href":"https:\/\/radioljubuski.ba\/index.php\/wp-json\/wp\/v2\/posts"}],"about":[{"href":"https:\/\/radioljubuski.ba\/index.php\/wp-json\/wp\/v2\/types\/post"}],"author":[{"embeddable":true,"href":"https:\/\/radioljubuski.ba\/index.php\/wp-json\/wp\/v2\/users\/2"}],"replies":[{"embeddable":true,"href":"https:\/\/radioljubuski.ba\/index.php\/wp-json\/wp\/v2\/comments?post=16189"}],"version-history":[{"count":1,"href":"https:\/\/radioljubuski.ba\/index.php\/wp-json\/wp\/v2\/posts\/16189\/revisions"}],"predecessor-version":[{"id":16191,"href":"https:\/\/radioljubuski.ba\/index.php\/wp-json\/wp\/v2\/posts\/16189\/revisions\/16191"}],"wp:featuredmedia":[{"embeddable":true,"href":"https:\/\/radioljubuski.ba\/index.php\/wp-json\/wp\/v2\/media\/16190"}],"wp:attachment":[{"href":"https:\/\/radioljubuski.ba\/index.php\/wp-json\/wp\/v2\/media?parent=16189"}],"wp:term":[{"taxonomy":"category","embeddable":true,"href":"https:\/\/radioljubuski.ba\/index.php\/wp-json\/wp\/v2\/categories?post=16189"},{"taxonomy":"post_tag","embeddable":true,"href":"https:\/\/radioljubuski.ba\/index.php\/wp-json\/wp\/v2\/tags?post=16189"}],"curies":[{"name":"wp","href":"https:\/\/api.w.org\/{rel}","templated":true}]}}