{"id":16204,"date":"2021-04-25T17:53:33","date_gmt":"2021-04-25T16:53:33","guid":{"rendered":"https:\/\/radioljubuski.ba\/?p=16204"},"modified":"2021-04-25T17:53:35","modified_gmt":"2021-04-25T16:53:35","slug":"junaci-domovinskog-rata-ivica-safaric-ratnik-koji-je-skinuo-neprijateljsku-zastavu-pred-2000-cetnika","status":"publish","type":"post","link":"https:\/\/radioljubuski.ba\/index.php\/2021\/04\/25\/junaci-domovinskog-rata-ivica-safaric-ratnik-koji-je-skinuo-neprijateljsku-zastavu-pred-2000-cetnika\/","title":{"rendered":"Junaci Domovinskog rata (Ivica \u0160afari\u0107) \u2013 ratnik koji je skinuo neprijateljsku zastavu pred 2000 \u010detnika!"},"content":{"rendered":"\n<p><strong>\u201cOn je na moje o\u010di, usred napada na Petrinju, oti\u0161ao 100 metara od na\u0161eg polo\u017eaja u vojarnu po kojoj se \u0161etalo, po mojoj procjeni, 2000 \u010detnika. Presko\u010dio je ogradu, do\u0161ao do stijega i skinuo jugoslavensku zastavu. Nije ni okom trepnuo, a \u010detnici su ga samo gledali.\u201d (Mario Milo\u0161i\u0107)<\/strong><\/p>\n\n\n\n<p><strong>Dokumentarni film \u201cRatnik u zrcalu vremena\u201d,<\/strong>&nbsp;<strong>iz serije \u201cJunaci Domovinskog rata\u201d, pri\u010da je o Ivici \u0160afari\u0107u koji je krenuo u Domovinski rat iz rodne Podravine.<\/strong><\/p>\n\n\n\n<p>Puno je Podravaca sudjelovalo u Domovinskom ratu, ali jedno ime se isti\u010de: Ivica \u0160afari\u0107 Nind\u017ea.<\/p>\n\n\n\n<p><strong>Ivica \u0160afari\u0107 Nind\u017ea<\/strong>&nbsp;bio je pripadnik 1. pje\u0161a\u010dke bojne 2. gardijske brigade \u201cGrom\u201d, legendarnih \u201eCrnih mambi\u201d koje su tijekom Domovinskog rata odra\u0111ivale najte\u017ee zadatke po boji\u0161nicama diljem Hrvatske.<\/p>\n\n\n\n<p><em>\u201dPrvi put vidio sam ga u Petrinji. Odmah me je impresionirao\u2026 Ja sam bio klinac, 19-godi\u0161njak, iako ni on nije bio puno stariji, 2-3 godine, \u010dini mi se. Osim godina, bitna razlika izme\u0111u Nind\u017ee i mene, ali i Nind\u017ee i svih ostalih, jest \u0161to je njegov uro\u0111eni, ratni\u010dki instikt bio nevjerojatan, rekao bih \u010dak \u017eivotnijski. Bio je najmirniji i najsamozatajniji u postrojbi, ali taj mir trajao je samo dok ne \u010duje tenkove. Ponavljam, poput instiktivne \u017eivotinje pojurio bi na te tenkove, tako da ne \u010dudi to&nbsp;<\/em><strong><em>\u0161to je ranjen pet puta.<\/em><\/strong><em>&nbsp;On je, naravno u skladu sa svojim karakterom,&nbsp;<\/em><strong><em>prijavio samo dva ranjavanja\u201d,<\/em><\/strong>&nbsp;doznajemo od Nind\u017einog suborca, Petrinjca Maria Milo\u0161i\u0107a. Sam Nind\u017ea, u rat se prijavio odmah na po\u010detku iako je, kako ka\u017ee, najprije bio odbijen zbog nezavr\u0161ene srednje \u0161kole, pi\u0161e&nbsp;<a href=\"https:\/\/b-m.facebook.com\/story.php?story_fbid=618086205065152&amp;substory_index=0&amp;id=520724911467949&amp;_ft_=top_level_post_id.618086205065152%3Atl_objid.618086205065152%3Athrowback_story_fbid.618086205065152%3Apage_id.520724911467949%3Apage_insights.%7B%22520724911467949%22%3A%7B%22role%22%3A1%2C%22page_id%22%3A520724911467949%2C%22post_context%22%3A%7B%22story_fbid%22%3A618086205065152%2C%22publish_time%22%3A1481619605%2C%22story_name%22%3A%22EntPhotoNodeBasedEdgeStory%22%2C%22object_fbtype%22%3A22%7D%2C%22actor_id%22%3A520724911467949%2C%22psn%22%3A%22EntPhotoNodeBasedEdgeStory%22%2C%22sl%22%3A4%2C%22targets%22%3A%5B%7B%22page_id%22%3A520724911467949%2C%22actor_id%22%3A520724911467949%2C%22role%22%3A1%2C%22post_id%22%3A618086205065152%2C%22share_id%22%3A0%7D%5D%7D%7D%3Athid.520724911467949%3A306061129499414%3A69%3A0%3A1525157999%3A8364430522064497883&amp;__tn__=%2As-R\">Facebook \u2013 Hvala im \u0161to smo sloboodni<\/a>.<\/p>\n\n\n\n<p><strong>Skinuo jugoslavensku zastavu pred 2.000 naoru\u017eanih \u010detnika!<\/strong><\/p>\n\n\n\n<p><em>\u201dIako su me\u0111u nama bila trojica iz Legije, Ivica \u0160afari\u0107 je jedini imao uro\u0111eno pona\u0161anje specijalca pa je izme\u0111u ostalog imao i kapu kakve nose nind\u017ee. Uz to tajnovito pona\u0161anje, taj izgled i tu kapu, bilo je logi\u010dno da \u0107e zauvijek ostati Nind\u017ea. Ne mo\u017ee se on opisati u par re\u010denica\u2026 To je tip koji bez najave i na svoju ruku tiho ode sam na par dana u izvi\u0111anje i isto se tako tiho vrati s informacijama. Nikada, ali nikada nije smatrao da je to juna\u010dko djelo. Pa, on je na moje o\u010di, usred napada na Petrinju, oti\u0161ao 100 metara od na\u0161eg polo\u017eaja u vojarnu po kojoj se \u0161etalo, po mojoj procjeni, 2.000 \u010detnika. Presko\u010dio je ogradu, do\u0161ao do stijega i&nbsp;<\/em><strong><em>skinuo jugoslavensku zastavu<\/em><\/strong><em>. Nije ni okom trepnuo, a \u010detnici su ga samo gledali. Jednostavno su bili zbunjeni, mislim da nisu uop\u0107e pretpostavili da je to hrvatski vojnik\u201d,<\/em>&nbsp;odu\u0161evljeno o Nind\u017ei pri\u010da njegov \u201cbrat po oru\u017eju\u201d, Mario Milo\u0161i\u0107.<\/p>\n\n\n\n<p>\u010cin skidanja zastave, potpuno je iz takta izbacio zapovjednika vojarne, velikosrbina iz JNA&nbsp;<strong>Slobodana Tarbuka<\/strong>&nbsp;koji je zbog tog poni\u017eenja medijski prijetio da \u0107e sravniti grad. Mario Milo\u0161i\u0107 isti\u010de da mu je trebalo malo vremena naviknuti se na Nind\u017eu koji je slabo, gotovo nikako, komunicirao s ostalim:<\/p>\n\n\n\n<p><em>\u201dZnao sam da je stra\u0161an borac i veliki suborac, a onda sam nekako uspio doprijeti do njega. Danas, on je moj veliki prijatelj i kum, ali i bri\u017ean prijatelj svim ostalim suborcima. Uvijek je uklju\u010den u njihove probleme i nastoji im pomo\u0107i\u201d,<\/em>&nbsp;zaklju\u010duje Milo\u0161i\u0107.<\/p>\n\n\n\n<p><strong>Dokumentarni film \u201cRatnik u zrcalu vremena\u201d,<\/strong>&nbsp;iz serije \u201cJunaci Domovinskog rata\u201d, pri\u010da je o Ivici \u0160afari\u0107u koji je krenuo u rat iz rodne Podravine. Postav\u0161i profesionalni vojnik, sa svojim suborcima bori se na rati\u0161tima diljem Hrvatske. I dan danas imponira njegov ugled koji je stekao tijekom rata me\u0111u suborcima i mje\u0161tanima mjesta i gradova gdje su ratovali.<\/p>\n\n\n\n<p>Danas Ivica \u0160afari\u0107 \u017eivi mirnim obiteljskim \u017eivotom, uglavnom brinu\u0107i o djeci i njihovim aktivnostima. Stvarna je podr\u0161ka kolegama braniteljima u rje\u0161avanju njihovih problema i osoba koja unato\u010d svemu pro\u017eivljenom zra\u010di realnim optimizmom:<\/p>\n\n\n\n<figure class=\"wp-block-embed is-type-video is-provider-youtube wp-block-embed-youtube wp-embed-aspect-4-3 wp-has-aspect-ratio\"><div class=\"wp-block-embed__wrapper\">\n<iframe loading=\"lazy\" title=\"Junaci Domovinskog rata - Ratnik u zrcalu vremena (dokumentarni film, 2007.)\" width=\"640\" height=\"480\" src=\"https:\/\/www.youtube.com\/embed\/owtSn2kHS80?start=698&#038;feature=oembed\" frameborder=\"0\" allow=\"accelerometer; autoplay; clipboard-write; encrypted-media; gyroscope; picture-in-picture; web-share\" referrerpolicy=\"strict-origin-when-cross-origin\" allowfullscreen><\/iframe>\n<\/div><\/figure>\n\n\n\n<p>Izvor:narod.hr<\/p>\n","protected":false},"excerpt":{"rendered":"<p>\u201cOn je na moje o\u010di, usred napada na Petrinju, oti\u0161ao 100 metara od na\u0161eg polo\u017eaja u vojarnu po kojoj se \u0161etalo, po mojoj procjeni, 2000 \u010detnika. Presko\u010dio je ogradu, do\u0161ao do stijega i skinuo jugoslavensku zastavu. Nije ni okom trepnuo, a \u010detnici su ga samo gledali.\u201d (Mario Milo\u0161i\u0107) Dokumentarni film \u201cRatnik u zrcalu vremena\u201d,&nbsp;iz serije [&hellip;]<\/p>\n","protected":false},"author":2,"featured_media":16205,"comment_status":"closed","ping_status":"closed","sticky":false,"template":"","format":"standard","meta":{"h5ap_radio_sources":[],"footnotes":""},"categories":[1],"tags":[],"class_list":["post-16204","post","type-post","status-publish","format-standard","has-post-thumbnail","hentry","category-bihiregija"],"yoast_head":"<!-- This site is optimized with the Yoast SEO plugin v27.4 - https:\/\/yoast.com\/product\/yoast-seo-wordpress\/ -->\n<title>Junaci Domovinskog rata (Ivica \u0160afari\u0107) \u2013 ratnik koji je skinuo neprijateljsku zastavu pred 2000 \u010detnika! - RADIO LJUBU\u0160KI<\/title>\n<meta name=\"robots\" content=\"index, follow, max-snippet:-1, max-image-preview:large, max-video-preview:-1\" \/>\n<link rel=\"canonical\" href=\"https:\/\/radioljubuski.ba\/index.php\/2021\/04\/25\/junaci-domovinskog-rata-ivica-safaric-ratnik-koji-je-skinuo-neprijateljsku-zastavu-pred-2000-cetnika\/\" \/>\n<meta property=\"og:locale\" content=\"hr_HR\" \/>\n<meta property=\"og:type\" content=\"article\" \/>\n<meta property=\"og:title\" content=\"Junaci Domovinskog rata (Ivica \u0160afari\u0107) \u2013 ratnik koji je skinuo neprijateljsku zastavu pred 2000 \u010detnika! - RADIO LJUBU\u0160KI\" \/>\n<meta property=\"og:description\" content=\"\u201cOn je na moje o\u010di, usred napada na Petrinju, oti\u0161ao 100 metara od na\u0161eg polo\u017eaja u vojarnu po kojoj se \u0161etalo, po mojoj procjeni, 2000 \u010detnika. Presko\u010dio je ogradu, do\u0161ao do stijega i skinuo jugoslavensku zastavu. Nije ni okom trepnuo, a \u010detnici su ga samo gledali.\u201d (Mario Milo\u0161i\u0107) Dokumentarni film \u201cRatnik u zrcalu vremena\u201d,&nbsp;iz serije [&hellip;]\" \/>\n<meta property=\"og:url\" content=\"https:\/\/radioljubuski.ba\/index.php\/2021\/04\/25\/junaci-domovinskog-rata-ivica-safaric-ratnik-koji-je-skinuo-neprijateljsku-zastavu-pred-2000-cetnika\/\" \/>\n<meta property=\"og:site_name\" content=\"RADIO LJUBU\u0160KI\" \/>\n<meta property=\"article:publisher\" content=\"https:\/\/www.facebook.com\/Radiio-Ljubuski-1490835324566332\" \/>\n<meta property=\"article:published_time\" content=\"2021-04-25T16:53:33+00:00\" \/>\n<meta property=\"article:modified_time\" content=\"2021-04-25T16:53:35+00:00\" \/>\n<meta property=\"og:image\" content=\"https:\/\/radioljubuski.ba\/wp-content\/uploads\/2021\/04\/junaci-domovinskog-rata-ratnik-696x479-1.jpg\" \/>\n\t<meta property=\"og:image:width\" content=\"696\" \/>\n\t<meta property=\"og:image:height\" content=\"479\" \/>\n\t<meta property=\"og:image:type\" content=\"image\/jpeg\" \/>\n<meta name=\"author\" content=\"Radio Ljubu\u0161ki\" \/>\n<meta name=\"twitter:card\" content=\"summary_large_image\" \/>\n<meta name=\"twitter:creator\" content=\"@radioljubuski\" \/>\n<meta name=\"twitter:site\" content=\"@radioljubuski\" \/>\n<meta name=\"twitter:label1\" content=\"Napisao\/la\" \/>\n\t<meta name=\"twitter:data1\" content=\"Radio Ljubu\u0161ki\" \/>\n\t<meta name=\"twitter:label2\" content=\"Procijenjeno vrijeme \u010ditanja\" \/>\n\t<meta name=\"twitter:data2\" content=\"3 minute\" \/>\n<script type=\"application\/ld+json\" class=\"yoast-schema-graph\">{\"@context\":\"https:\\\/\\\/schema.org\",\"@graph\":[{\"@type\":\"Article\",\"@id\":\"https:\\\/\\\/radioljubuski.ba\\\/index.php\\\/2021\\\/04\\\/25\\\/junaci-domovinskog-rata-ivica-safaric-ratnik-koji-je-skinuo-neprijateljsku-zastavu-pred-2000-cetnika\\\/#article\",\"isPartOf\":{\"@id\":\"https:\\\/\\\/radioljubuski.ba\\\/index.php\\\/2021\\\/04\\\/25\\\/junaci-domovinskog-rata-ivica-safaric-ratnik-koji-je-skinuo-neprijateljsku-zastavu-pred-2000-cetnika\\\/\"},\"author\":{\"name\":\"Radio Ljubu\u0161ki\",\"@id\":\"https:\\\/\\\/radioljubuski.ba\\\/#\\\/schema\\\/person\\\/19fc700381a780f69665d7956c469e3b\"},\"headline\":\"Junaci Domovinskog rata (Ivica \u0160afari\u0107) \u2013 ratnik koji je skinuo neprijateljsku zastavu pred 2000 \u010detnika!\",\"datePublished\":\"2021-04-25T16:53:33+00:00\",\"dateModified\":\"2021-04-25T16:53:35+00:00\",\"mainEntityOfPage\":{\"@id\":\"https:\\\/\\\/radioljubuski.ba\\\/index.php\\\/2021\\\/04\\\/25\\\/junaci-domovinskog-rata-ivica-safaric-ratnik-koji-je-skinuo-neprijateljsku-zastavu-pred-2000-cetnika\\\/\"},\"wordCount\":708,\"publisher\":{\"@id\":\"https:\\\/\\\/radioljubuski.ba\\\/#organization\"},\"image\":{\"@id\":\"https:\\\/\\\/radioljubuski.ba\\\/index.php\\\/2021\\\/04\\\/25\\\/junaci-domovinskog-rata-ivica-safaric-ratnik-koji-je-skinuo-neprijateljsku-zastavu-pred-2000-cetnika\\\/#primaryimage\"},\"thumbnailUrl\":\"https:\\\/\\\/radioljubuski.ba\\\/wp-content\\\/uploads\\\/2021\\\/04\\\/junaci-domovinskog-rata-ratnik-696x479-1.jpg\",\"articleSection\":[\"BIH i regija\"],\"inLanguage\":\"hr\"},{\"@type\":\"WebPage\",\"@id\":\"https:\\\/\\\/radioljubuski.ba\\\/index.php\\\/2021\\\/04\\\/25\\\/junaci-domovinskog-rata-ivica-safaric-ratnik-koji-je-skinuo-neprijateljsku-zastavu-pred-2000-cetnika\\\/\",\"url\":\"https:\\\/\\\/radioljubuski.ba\\\/index.php\\\/2021\\\/04\\\/25\\\/junaci-domovinskog-rata-ivica-safaric-ratnik-koji-je-skinuo-neprijateljsku-zastavu-pred-2000-cetnika\\\/\",\"name\":\"Junaci Domovinskog rata (Ivica \u0160afari\u0107) \u2013 ratnik koji je skinuo neprijateljsku zastavu pred 2000 \u010detnika! - RADIO LJUBU\u0160KI\",\"isPartOf\":{\"@id\":\"https:\\\/\\\/radioljubuski.ba\\\/#website\"},\"primaryImageOfPage\":{\"@id\":\"https:\\\/\\\/radioljubuski.ba\\\/index.php\\\/2021\\\/04\\\/25\\\/junaci-domovinskog-rata-ivica-safaric-ratnik-koji-je-skinuo-neprijateljsku-zastavu-pred-2000-cetnika\\\/#primaryimage\"},\"image\":{\"@id\":\"https:\\\/\\\/radioljubuski.ba\\\/index.php\\\/2021\\\/04\\\/25\\\/junaci-domovinskog-rata-ivica-safaric-ratnik-koji-je-skinuo-neprijateljsku-zastavu-pred-2000-cetnika\\\/#primaryimage\"},\"thumbnailUrl\":\"https:\\\/\\\/radioljubuski.ba\\\/wp-content\\\/uploads\\\/2021\\\/04\\\/junaci-domovinskog-rata-ratnik-696x479-1.jpg\",\"datePublished\":\"2021-04-25T16:53:33+00:00\",\"dateModified\":\"2021-04-25T16:53:35+00:00\",\"breadcrumb\":{\"@id\":\"https:\\\/\\\/radioljubuski.ba\\\/index.php\\\/2021\\\/04\\\/25\\\/junaci-domovinskog-rata-ivica-safaric-ratnik-koji-je-skinuo-neprijateljsku-zastavu-pred-2000-cetnika\\\/#breadcrumb\"},\"inLanguage\":\"hr\",\"potentialAction\":[{\"@type\":\"ReadAction\",\"target\":[\"https:\\\/\\\/radioljubuski.ba\\\/index.php\\\/2021\\\/04\\\/25\\\/junaci-domovinskog-rata-ivica-safaric-ratnik-koji-je-skinuo-neprijateljsku-zastavu-pred-2000-cetnika\\\/\"]}]},{\"@type\":\"ImageObject\",\"inLanguage\":\"hr\",\"@id\":\"https:\\\/\\\/radioljubuski.ba\\\/index.php\\\/2021\\\/04\\\/25\\\/junaci-domovinskog-rata-ivica-safaric-ratnik-koji-je-skinuo-neprijateljsku-zastavu-pred-2000-cetnika\\\/#primaryimage\",\"url\":\"https:\\\/\\\/radioljubuski.ba\\\/wp-content\\\/uploads\\\/2021\\\/04\\\/junaci-domovinskog-rata-ratnik-696x479-1.jpg\",\"contentUrl\":\"https:\\\/\\\/radioljubuski.ba\\\/wp-content\\\/uploads\\\/2021\\\/04\\\/junaci-domovinskog-rata-ratnik-696x479-1.jpg\",\"width\":696,\"height\":479},{\"@type\":\"BreadcrumbList\",\"@id\":\"https:\\\/\\\/radioljubuski.ba\\\/index.php\\\/2021\\\/04\\\/25\\\/junaci-domovinskog-rata-ivica-safaric-ratnik-koji-je-skinuo-neprijateljsku-zastavu-pred-2000-cetnika\\\/#breadcrumb\",\"itemListElement\":[{\"@type\":\"ListItem\",\"position\":1,\"name\":\"Po\u010detna stranica\",\"item\":\"https:\\\/\\\/radioljubuski.ba\\\/\"},{\"@type\":\"ListItem\",\"position\":2,\"name\":\"Junaci Domovinskog rata (Ivica \u0160afari\u0107) \u2013 ratnik koji je skinuo neprijateljsku zastavu pred 2000 \u010detnika!\"}]},{\"@type\":\"WebSite\",\"@id\":\"https:\\\/\\\/radioljubuski.ba\\\/#website\",\"url\":\"https:\\\/\\\/radioljubuski.ba\\\/\",\"name\":\"Radio Ljubu\u0161ki\",\"description\":\"Sun\u010dana frekvencija Hercegovine\",\"publisher\":{\"@id\":\"https:\\\/\\\/radioljubuski.ba\\\/#organization\"},\"potentialAction\":[{\"@type\":\"SearchAction\",\"target\":{\"@type\":\"EntryPoint\",\"urlTemplate\":\"https:\\\/\\\/radioljubuski.ba\\\/?s={search_term_string}\"},\"query-input\":{\"@type\":\"PropertyValueSpecification\",\"valueRequired\":true,\"valueName\":\"search_term_string\"}}],\"inLanguage\":\"hr\"},{\"@type\":\"Organization\",\"@id\":\"https:\\\/\\\/radioljubuski.ba\\\/#organization\",\"name\":\"Radio Ljubu\u0161ki\",\"url\":\"https:\\\/\\\/radioljubuski.ba\\\/\",\"logo\":{\"@type\":\"ImageObject\",\"inLanguage\":\"hr\",\"@id\":\"https:\\\/\\\/radioljubuski.ba\\\/#\\\/schema\\\/logo\\\/image\\\/\",\"url\":\"https:\\\/\\\/radioljubuski.ba\\\/wp-content\\\/uploads\\\/2021\\\/02\\\/cropped-Radio_Ljubuski_logo1.jpg\",\"contentUrl\":\"https:\\\/\\\/radioljubuski.ba\\\/wp-content\\\/uploads\\\/2021\\\/02\\\/cropped-Radio_Ljubuski_logo1.jpg\",\"width\":512,\"height\":512,\"caption\":\"Radio Ljubu\u0161ki\"},\"image\":{\"@id\":\"https:\\\/\\\/radioljubuski.ba\\\/#\\\/schema\\\/logo\\\/image\\\/\"},\"sameAs\":[\"https:\\\/\\\/www.facebook.com\\\/Radiio-Ljubuski-1490835324566332\",\"https:\\\/\\\/x.com\\\/radioljubuski\",\"https:\\\/\\\/hr.linkedin.com\\\/company\\\/radio-ljubuski\",\"https:\\\/\\\/www.youtube.com\\\/channel\\\/UCHYaeO_n0Db3tjNGudGpXyw\"]},{\"@type\":\"Person\",\"@id\":\"https:\\\/\\\/radioljubuski.ba\\\/#\\\/schema\\\/person\\\/19fc700381a780f69665d7956c469e3b\",\"name\":\"Radio Ljubu\u0161ki\"}]}<\/script>\n<!-- \/ Yoast SEO plugin. -->","yoast_head_json":{"title":"Junaci Domovinskog rata (Ivica \u0160afari\u0107) \u2013 ratnik koji je skinuo neprijateljsku zastavu pred 2000 \u010detnika! - RADIO LJUBU\u0160KI","robots":{"index":"index","follow":"follow","max-snippet":"max-snippet:-1","max-image-preview":"max-image-preview:large","max-video-preview":"max-video-preview:-1"},"canonical":"https:\/\/radioljubuski.ba\/index.php\/2021\/04\/25\/junaci-domovinskog-rata-ivica-safaric-ratnik-koji-je-skinuo-neprijateljsku-zastavu-pred-2000-cetnika\/","og_locale":"hr_HR","og_type":"article","og_title":"Junaci Domovinskog rata (Ivica \u0160afari\u0107) \u2013 ratnik koji je skinuo neprijateljsku zastavu pred 2000 \u010detnika! - RADIO LJUBU\u0160KI","og_description":"\u201cOn je na moje o\u010di, usred napada na Petrinju, oti\u0161ao 100 metara od na\u0161eg polo\u017eaja u vojarnu po kojoj se \u0161etalo, po mojoj procjeni, 2000 \u010detnika. Presko\u010dio je ogradu, do\u0161ao do stijega i skinuo jugoslavensku zastavu. Nije ni okom trepnuo, a \u010detnici su ga samo gledali.\u201d (Mario Milo\u0161i\u0107) Dokumentarni film \u201cRatnik u zrcalu vremena\u201d,&nbsp;iz serije [&hellip;]","og_url":"https:\/\/radioljubuski.ba\/index.php\/2021\/04\/25\/junaci-domovinskog-rata-ivica-safaric-ratnik-koji-je-skinuo-neprijateljsku-zastavu-pred-2000-cetnika\/","og_site_name":"RADIO LJUBU\u0160KI","article_publisher":"https:\/\/www.facebook.com\/Radiio-Ljubuski-1490835324566332","article_published_time":"2021-04-25T16:53:33+00:00","article_modified_time":"2021-04-25T16:53:35+00:00","og_image":[{"width":696,"height":479,"url":"https:\/\/radioljubuski.ba\/wp-content\/uploads\/2021\/04\/junaci-domovinskog-rata-ratnik-696x479-1.jpg","type":"image\/jpeg"}],"author":"Radio Ljubu\u0161ki","twitter_card":"summary_large_image","twitter_creator":"@radioljubuski","twitter_site":"@radioljubuski","twitter_misc":{"Napisao\/la":"Radio Ljubu\u0161ki","Procijenjeno vrijeme \u010ditanja":"3 minute"},"schema":{"@context":"https:\/\/schema.org","@graph":[{"@type":"Article","@id":"https:\/\/radioljubuski.ba\/index.php\/2021\/04\/25\/junaci-domovinskog-rata-ivica-safaric-ratnik-koji-je-skinuo-neprijateljsku-zastavu-pred-2000-cetnika\/#article","isPartOf":{"@id":"https:\/\/radioljubuski.ba\/index.php\/2021\/04\/25\/junaci-domovinskog-rata-ivica-safaric-ratnik-koji-je-skinuo-neprijateljsku-zastavu-pred-2000-cetnika\/"},"author":{"name":"Radio Ljubu\u0161ki","@id":"https:\/\/radioljubuski.ba\/#\/schema\/person\/19fc700381a780f69665d7956c469e3b"},"headline":"Junaci Domovinskog rata (Ivica \u0160afari\u0107) \u2013 ratnik koji je skinuo neprijateljsku zastavu pred 2000 \u010detnika!","datePublished":"2021-04-25T16:53:33+00:00","dateModified":"2021-04-25T16:53:35+00:00","mainEntityOfPage":{"@id":"https:\/\/radioljubuski.ba\/index.php\/2021\/04\/25\/junaci-domovinskog-rata-ivica-safaric-ratnik-koji-je-skinuo-neprijateljsku-zastavu-pred-2000-cetnika\/"},"wordCount":708,"publisher":{"@id":"https:\/\/radioljubuski.ba\/#organization"},"image":{"@id":"https:\/\/radioljubuski.ba\/index.php\/2021\/04\/25\/junaci-domovinskog-rata-ivica-safaric-ratnik-koji-je-skinuo-neprijateljsku-zastavu-pred-2000-cetnika\/#primaryimage"},"thumbnailUrl":"https:\/\/radioljubuski.ba\/wp-content\/uploads\/2021\/04\/junaci-domovinskog-rata-ratnik-696x479-1.jpg","articleSection":["BIH i regija"],"inLanguage":"hr"},{"@type":"WebPage","@id":"https:\/\/radioljubuski.ba\/index.php\/2021\/04\/25\/junaci-domovinskog-rata-ivica-safaric-ratnik-koji-je-skinuo-neprijateljsku-zastavu-pred-2000-cetnika\/","url":"https:\/\/radioljubuski.ba\/index.php\/2021\/04\/25\/junaci-domovinskog-rata-ivica-safaric-ratnik-koji-je-skinuo-neprijateljsku-zastavu-pred-2000-cetnika\/","name":"Junaci Domovinskog rata (Ivica \u0160afari\u0107) \u2013 ratnik koji je skinuo neprijateljsku zastavu pred 2000 \u010detnika! - RADIO LJUBU\u0160KI","isPartOf":{"@id":"https:\/\/radioljubuski.ba\/#website"},"primaryImageOfPage":{"@id":"https:\/\/radioljubuski.ba\/index.php\/2021\/04\/25\/junaci-domovinskog-rata-ivica-safaric-ratnik-koji-je-skinuo-neprijateljsku-zastavu-pred-2000-cetnika\/#primaryimage"},"image":{"@id":"https:\/\/radioljubuski.ba\/index.php\/2021\/04\/25\/junaci-domovinskog-rata-ivica-safaric-ratnik-koji-je-skinuo-neprijateljsku-zastavu-pred-2000-cetnika\/#primaryimage"},"thumbnailUrl":"https:\/\/radioljubuski.ba\/wp-content\/uploads\/2021\/04\/junaci-domovinskog-rata-ratnik-696x479-1.jpg","datePublished":"2021-04-25T16:53:33+00:00","dateModified":"2021-04-25T16:53:35+00:00","breadcrumb":{"@id":"https:\/\/radioljubuski.ba\/index.php\/2021\/04\/25\/junaci-domovinskog-rata-ivica-safaric-ratnik-koji-je-skinuo-neprijateljsku-zastavu-pred-2000-cetnika\/#breadcrumb"},"inLanguage":"hr","potentialAction":[{"@type":"ReadAction","target":["https:\/\/radioljubuski.ba\/index.php\/2021\/04\/25\/junaci-domovinskog-rata-ivica-safaric-ratnik-koji-je-skinuo-neprijateljsku-zastavu-pred-2000-cetnika\/"]}]},{"@type":"ImageObject","inLanguage":"hr","@id":"https:\/\/radioljubuski.ba\/index.php\/2021\/04\/25\/junaci-domovinskog-rata-ivica-safaric-ratnik-koji-je-skinuo-neprijateljsku-zastavu-pred-2000-cetnika\/#primaryimage","url":"https:\/\/radioljubuski.ba\/wp-content\/uploads\/2021\/04\/junaci-domovinskog-rata-ratnik-696x479-1.jpg","contentUrl":"https:\/\/radioljubuski.ba\/wp-content\/uploads\/2021\/04\/junaci-domovinskog-rata-ratnik-696x479-1.jpg","width":696,"height":479},{"@type":"BreadcrumbList","@id":"https:\/\/radioljubuski.ba\/index.php\/2021\/04\/25\/junaci-domovinskog-rata-ivica-safaric-ratnik-koji-je-skinuo-neprijateljsku-zastavu-pred-2000-cetnika\/#breadcrumb","itemListElement":[{"@type":"ListItem","position":1,"name":"Po\u010detna stranica","item":"https:\/\/radioljubuski.ba\/"},{"@type":"ListItem","position":2,"name":"Junaci Domovinskog rata (Ivica \u0160afari\u0107) \u2013 ratnik koji je skinuo neprijateljsku zastavu pred 2000 \u010detnika!"}]},{"@type":"WebSite","@id":"https:\/\/radioljubuski.ba\/#website","url":"https:\/\/radioljubuski.ba\/","name":"Radio Ljubu\u0161ki","description":"Sun\u010dana frekvencija Hercegovine","publisher":{"@id":"https:\/\/radioljubuski.ba\/#organization"},"potentialAction":[{"@type":"SearchAction","target":{"@type":"EntryPoint","urlTemplate":"https:\/\/radioljubuski.ba\/?s={search_term_string}"},"query-input":{"@type":"PropertyValueSpecification","valueRequired":true,"valueName":"search_term_string"}}],"inLanguage":"hr"},{"@type":"Organization","@id":"https:\/\/radioljubuski.ba\/#organization","name":"Radio Ljubu\u0161ki","url":"https:\/\/radioljubuski.ba\/","logo":{"@type":"ImageObject","inLanguage":"hr","@id":"https:\/\/radioljubuski.ba\/#\/schema\/logo\/image\/","url":"https:\/\/radioljubuski.ba\/wp-content\/uploads\/2021\/02\/cropped-Radio_Ljubuski_logo1.jpg","contentUrl":"https:\/\/radioljubuski.ba\/wp-content\/uploads\/2021\/02\/cropped-Radio_Ljubuski_logo1.jpg","width":512,"height":512,"caption":"Radio Ljubu\u0161ki"},"image":{"@id":"https:\/\/radioljubuski.ba\/#\/schema\/logo\/image\/"},"sameAs":["https:\/\/www.facebook.com\/Radiio-Ljubuski-1490835324566332","https:\/\/x.com\/radioljubuski","https:\/\/hr.linkedin.com\/company\/radio-ljubuski","https:\/\/www.youtube.com\/channel\/UCHYaeO_n0Db3tjNGudGpXyw"]},{"@type":"Person","@id":"https:\/\/radioljubuski.ba\/#\/schema\/person\/19fc700381a780f69665d7956c469e3b","name":"Radio Ljubu\u0161ki"}]}},"_links":{"self":[{"href":"https:\/\/radioljubuski.ba\/index.php\/wp-json\/wp\/v2\/posts\/16204","targetHints":{"allow":["GET"]}}],"collection":[{"href":"https:\/\/radioljubuski.ba\/index.php\/wp-json\/wp\/v2\/posts"}],"about":[{"href":"https:\/\/radioljubuski.ba\/index.php\/wp-json\/wp\/v2\/types\/post"}],"author":[{"embeddable":true,"href":"https:\/\/radioljubuski.ba\/index.php\/wp-json\/wp\/v2\/users\/2"}],"replies":[{"embeddable":true,"href":"https:\/\/radioljubuski.ba\/index.php\/wp-json\/wp\/v2\/comments?post=16204"}],"version-history":[{"count":1,"href":"https:\/\/radioljubuski.ba\/index.php\/wp-json\/wp\/v2\/posts\/16204\/revisions"}],"predecessor-version":[{"id":16206,"href":"https:\/\/radioljubuski.ba\/index.php\/wp-json\/wp\/v2\/posts\/16204\/revisions\/16206"}],"wp:featuredmedia":[{"embeddable":true,"href":"https:\/\/radioljubuski.ba\/index.php\/wp-json\/wp\/v2\/media\/16205"}],"wp:attachment":[{"href":"https:\/\/radioljubuski.ba\/index.php\/wp-json\/wp\/v2\/media?parent=16204"}],"wp:term":[{"taxonomy":"category","embeddable":true,"href":"https:\/\/radioljubuski.ba\/index.php\/wp-json\/wp\/v2\/categories?post=16204"},{"taxonomy":"post_tag","embeddable":true,"href":"https:\/\/radioljubuski.ba\/index.php\/wp-json\/wp\/v2\/tags?post=16204"}],"curies":[{"name":"wp","href":"https:\/\/api.w.org\/{rel}","templated":true}]}}