{"id":16231,"date":"2021-04-25T18:49:46","date_gmt":"2021-04-25T17:49:46","guid":{"rendered":"https:\/\/radioljubuski.ba\/?p=16231"},"modified":"2021-04-25T18:49:47","modified_gmt":"2021-04-25T17:49:47","slug":"u-bagdadu-najmanje-82-mrtvih-u-pozaru-u-covid-bolnici","status":"publish","type":"post","link":"https:\/\/radioljubuski.ba\/index.php\/2021\/04\/25\/u-bagdadu-najmanje-82-mrtvih-u-pozaru-u-covid-bolnici\/","title":{"rendered":"U Bagdadu najmanje 82 mrtvih u po\u017earu u COVID bolnici"},"content":{"rendered":"\n<p><strong>Ira\u010dki premijer Mustafa al-Kadhimi suspendirao je ministra zdravlja i najavio istragu o po\u017earu u bagdadskoj bolnici u kojoj su poginule najmanje 82 osobe, objavila je vlada u nedjelju. U po\u017earu koji je prouzro\u010dila eksplozija boce s kisikom najmanje je 110 ljudi ranjeno. U tijeku je istaga.<\/strong><\/p>\n\n\n\n<p>Po\u017ear u bolnici Ibn Khatib na podru\u010dju mosta Diyala u ira\u010dkom glavnom gradu prouzro\u010dila je eksplozija spremnika s kisikom, prenio je ranije Reuters. Velik broj umrlih bilo je na odjelu plu\u0107ne reanimacije u COVID bolnici, priop\u0107io je Visoki ira\u010dki odbor za ljudska prava (IHCHR). Odbor je osudio taj doga\u0111aj i tragediju prozvao zlo\u010dinom, prenosi agencija dpa.<br><br>&#8211; Ovo je zlo\u010din protiv pacijenata koji su zbrinuti u bolnici nakon zaraze COVID-om i koji su \u017eivote prepustili ministarstvu zdravlja i njezinim institucijama &#8211; stoji u priop\u0107enju. Umjesto da su izlije\u010deni, izgorjeli su, dodaje se.<br><br>\u0160ef ira\u010dke jedinice civilne obrane ranije je rekao da je po\u017ear izbio na odjelu za plu\u0107nu intenzivnu njegu i da je iz bolnice od 120 ljudi spa\u0161eno 90, prenijela je dr\u017eavna novinska agencija INA.<br><br>Mu\u0161karac koji je bio u posjetu bratu opisao je ljude koji su skakali kroz prozore kako bi pobjegli pred stihijom.<br><br>&#8211; Po\u017ear se pro\u0161irio, poput goriva &#8230; Izveo sam brata na ulicu, do kontrolne to\u010dke. Zatim sam se vratio. Na zadnji kat koji nije izgorio. Prona\u0161ao sam djevojku koja se gu\u0161ila, u dobi od 19 godina. Gu\u0161ila se, trebala je umrijeti&nbsp; &#8211; rekao je&nbsp;<strong>Ahmed Zaki<\/strong>.<br><br>&#8211; Uzeo sam je na ramena i potr\u010dao dolje. Ljudi su skakali &#8230; Lije\u010dnici su padali na automobile. Svi su skakali. A ja sam se odatle penjao, uzimao ljude i silazio opet &#8211; rekao je Zaki.<br><br>Pacijenti su premje\u0161teni u druge bolnice, rekli su medicinski izvori. No nekoliko je obitelji pacijenata jo\u0161 uvijek bilo u bolnici nekoliko sati nakon ga\u0161enja po\u017eara, nakon \u0161to ih nisu uspjeli prona\u0107i drugdje.<br><br>Premijer&nbsp;<strong>Mustafa al-Kadhimi<\/strong>&nbsp;naredio je istragu.<\/p>\n\n\n\n<p>Na molitvu za \u017ertve po\u017eara u bolnici pozvao je i papa Franjo tijekom dana\u0161njeg obra\u0107anja vjernicima u Vatikanu.<\/p>\n\n\n\n<p>Izvor:hrt.hr<\/p>\n","protected":false},"excerpt":{"rendered":"<p>Ira\u010dki premijer Mustafa al-Kadhimi suspendirao je ministra zdravlja i najavio istragu o po\u017earu u bagdadskoj bolnici u kojoj su poginule najmanje 82 osobe, objavila je vlada u nedjelju. U po\u017earu koji je prouzro\u010dila eksplozija boce s kisikom najmanje je 110 ljudi ranjeno. U tijeku je istaga. Po\u017ear u bolnici Ibn Khatib na podru\u010dju mosta Diyala [&hellip;]<\/p>\n","protected":false},"author":2,"featured_media":0,"comment_status":"closed","ping_status":"closed","sticky":false,"template":"","format":"standard","meta":{"h5ap_radio_sources":[],"footnotes":""},"categories":[1],"tags":[],"class_list":["post-16231","post","type-post","status-publish","format-standard","hentry","category-bihiregija"],"yoast_head":"<!-- This site is optimized with the Yoast SEO plugin v27.4 - https:\/\/yoast.com\/product\/yoast-seo-wordpress\/ -->\n<title>U Bagdadu najmanje 82 mrtvih u po\u017earu u COVID bolnici - RADIO LJUBU\u0160KI<\/title>\n<meta name=\"robots\" content=\"index, follow, max-snippet:-1, max-image-preview:large, max-video-preview:-1\" \/>\n<link rel=\"canonical\" href=\"https:\/\/radioljubuski.ba\/index.php\/2021\/04\/25\/u-bagdadu-najmanje-82-mrtvih-u-pozaru-u-covid-bolnici\/\" \/>\n<meta property=\"og:locale\" content=\"hr_HR\" \/>\n<meta property=\"og:type\" content=\"article\" \/>\n<meta property=\"og:title\" content=\"U Bagdadu najmanje 82 mrtvih u po\u017earu u COVID bolnici - RADIO LJUBU\u0160KI\" \/>\n<meta property=\"og:description\" content=\"Ira\u010dki premijer Mustafa al-Kadhimi suspendirao je ministra zdravlja i najavio istragu o po\u017earu u bagdadskoj bolnici u kojoj su poginule najmanje 82 osobe, objavila je vlada u nedjelju. U po\u017earu koji je prouzro\u010dila eksplozija boce s kisikom najmanje je 110 ljudi ranjeno. U tijeku je istaga. Po\u017ear u bolnici Ibn Khatib na podru\u010dju mosta Diyala [&hellip;]\" \/>\n<meta property=\"og:url\" content=\"https:\/\/radioljubuski.ba\/index.php\/2021\/04\/25\/u-bagdadu-najmanje-82-mrtvih-u-pozaru-u-covid-bolnici\/\" \/>\n<meta property=\"og:site_name\" content=\"RADIO LJUBU\u0160KI\" \/>\n<meta property=\"article:publisher\" content=\"https:\/\/www.facebook.com\/Radiio-Ljubuski-1490835324566332\" \/>\n<meta property=\"article:published_time\" content=\"2021-04-25T17:49:46+00:00\" \/>\n<meta property=\"article:modified_time\" content=\"2021-04-25T17:49:47+00:00\" \/>\n<meta property=\"og:image\" content=\"https:\/\/radioljubuski.ba\/wp-content\/uploads\/2021\/04\/bagdad_pozar_reuters.jpg\" \/>\n\t<meta property=\"og:image:width\" content=\"570\" \/>\n\t<meta property=\"og:image:height\" content=\"380\" \/>\n\t<meta property=\"og:image:type\" content=\"image\/jpeg\" \/>\n<meta name=\"author\" content=\"Radio Ljubu\u0161ki\" \/>\n<meta name=\"twitter:card\" content=\"summary_large_image\" \/>\n<meta name=\"twitter:creator\" content=\"@radioljubuski\" \/>\n<meta name=\"twitter:site\" content=\"@radioljubuski\" \/>\n<meta name=\"twitter:label1\" content=\"Napisao\/la\" \/>\n\t<meta name=\"twitter:data1\" content=\"Radio Ljubu\u0161ki\" \/>\n\t<meta name=\"twitter:label2\" content=\"Procijenjeno vrijeme \u010ditanja\" \/>\n\t<meta name=\"twitter:data2\" content=\"2 minute\" \/>\n<script type=\"application\/ld+json\" class=\"yoast-schema-graph\">{\"@context\":\"https:\\\/\\\/schema.org\",\"@graph\":[{\"@type\":\"Article\",\"@id\":\"https:\\\/\\\/radioljubuski.ba\\\/index.php\\\/2021\\\/04\\\/25\\\/u-bagdadu-najmanje-82-mrtvih-u-pozaru-u-covid-bolnici\\\/#article\",\"isPartOf\":{\"@id\":\"https:\\\/\\\/radioljubuski.ba\\\/index.php\\\/2021\\\/04\\\/25\\\/u-bagdadu-najmanje-82-mrtvih-u-pozaru-u-covid-bolnici\\\/\"},\"author\":{\"name\":\"Radio Ljubu\u0161ki\",\"@id\":\"https:\\\/\\\/radioljubuski.ba\\\/#\\\/schema\\\/person\\\/19fc700381a780f69665d7956c469e3b\"},\"headline\":\"U Bagdadu najmanje 82 mrtvih u po\u017earu u COVID bolnici\",\"datePublished\":\"2021-04-25T17:49:46+00:00\",\"dateModified\":\"2021-04-25T17:49:47+00:00\",\"mainEntityOfPage\":{\"@id\":\"https:\\\/\\\/radioljubuski.ba\\\/index.php\\\/2021\\\/04\\\/25\\\/u-bagdadu-najmanje-82-mrtvih-u-pozaru-u-covid-bolnici\\\/\"},\"wordCount\":377,\"publisher\":{\"@id\":\"https:\\\/\\\/radioljubuski.ba\\\/#organization\"},\"articleSection\":[\"BIH i regija\"],\"inLanguage\":\"hr\"},{\"@type\":\"WebPage\",\"@id\":\"https:\\\/\\\/radioljubuski.ba\\\/index.php\\\/2021\\\/04\\\/25\\\/u-bagdadu-najmanje-82-mrtvih-u-pozaru-u-covid-bolnici\\\/\",\"url\":\"https:\\\/\\\/radioljubuski.ba\\\/index.php\\\/2021\\\/04\\\/25\\\/u-bagdadu-najmanje-82-mrtvih-u-pozaru-u-covid-bolnici\\\/\",\"name\":\"U Bagdadu najmanje 82 mrtvih u po\u017earu u COVID bolnici - RADIO LJUBU\u0160KI\",\"isPartOf\":{\"@id\":\"https:\\\/\\\/radioljubuski.ba\\\/#website\"},\"datePublished\":\"2021-04-25T17:49:46+00:00\",\"dateModified\":\"2021-04-25T17:49:47+00:00\",\"breadcrumb\":{\"@id\":\"https:\\\/\\\/radioljubuski.ba\\\/index.php\\\/2021\\\/04\\\/25\\\/u-bagdadu-najmanje-82-mrtvih-u-pozaru-u-covid-bolnici\\\/#breadcrumb\"},\"inLanguage\":\"hr\",\"potentialAction\":[{\"@type\":\"ReadAction\",\"target\":[\"https:\\\/\\\/radioljubuski.ba\\\/index.php\\\/2021\\\/04\\\/25\\\/u-bagdadu-najmanje-82-mrtvih-u-pozaru-u-covid-bolnici\\\/\"]}]},{\"@type\":\"BreadcrumbList\",\"@id\":\"https:\\\/\\\/radioljubuski.ba\\\/index.php\\\/2021\\\/04\\\/25\\\/u-bagdadu-najmanje-82-mrtvih-u-pozaru-u-covid-bolnici\\\/#breadcrumb\",\"itemListElement\":[{\"@type\":\"ListItem\",\"position\":1,\"name\":\"Po\u010detna stranica\",\"item\":\"https:\\\/\\\/radioljubuski.ba\\\/\"},{\"@type\":\"ListItem\",\"position\":2,\"name\":\"U Bagdadu najmanje 82 mrtvih u po\u017earu u COVID bolnici\"}]},{\"@type\":\"WebSite\",\"@id\":\"https:\\\/\\\/radioljubuski.ba\\\/#website\",\"url\":\"https:\\\/\\\/radioljubuski.ba\\\/\",\"name\":\"Radio Ljubu\u0161ki\",\"description\":\"Sun\u010dana frekvencija Hercegovine\",\"publisher\":{\"@id\":\"https:\\\/\\\/radioljubuski.ba\\\/#organization\"},\"potentialAction\":[{\"@type\":\"SearchAction\",\"target\":{\"@type\":\"EntryPoint\",\"urlTemplate\":\"https:\\\/\\\/radioljubuski.ba\\\/?s={search_term_string}\"},\"query-input\":{\"@type\":\"PropertyValueSpecification\",\"valueRequired\":true,\"valueName\":\"search_term_string\"}}],\"inLanguage\":\"hr\"},{\"@type\":\"Organization\",\"@id\":\"https:\\\/\\\/radioljubuski.ba\\\/#organization\",\"name\":\"Radio Ljubu\u0161ki\",\"url\":\"https:\\\/\\\/radioljubuski.ba\\\/\",\"logo\":{\"@type\":\"ImageObject\",\"inLanguage\":\"hr\",\"@id\":\"https:\\\/\\\/radioljubuski.ba\\\/#\\\/schema\\\/logo\\\/image\\\/\",\"url\":\"https:\\\/\\\/radioljubuski.ba\\\/wp-content\\\/uploads\\\/2021\\\/02\\\/cropped-Radio_Ljubuski_logo1.jpg\",\"contentUrl\":\"https:\\\/\\\/radioljubuski.ba\\\/wp-content\\\/uploads\\\/2021\\\/02\\\/cropped-Radio_Ljubuski_logo1.jpg\",\"width\":512,\"height\":512,\"caption\":\"Radio Ljubu\u0161ki\"},\"image\":{\"@id\":\"https:\\\/\\\/radioljubuski.ba\\\/#\\\/schema\\\/logo\\\/image\\\/\"},\"sameAs\":[\"https:\\\/\\\/www.facebook.com\\\/Radiio-Ljubuski-1490835324566332\",\"https:\\\/\\\/x.com\\\/radioljubuski\",\"https:\\\/\\\/hr.linkedin.com\\\/company\\\/radio-ljubuski\",\"https:\\\/\\\/www.youtube.com\\\/channel\\\/UCHYaeO_n0Db3tjNGudGpXyw\"]},{\"@type\":\"Person\",\"@id\":\"https:\\\/\\\/radioljubuski.ba\\\/#\\\/schema\\\/person\\\/19fc700381a780f69665d7956c469e3b\",\"name\":\"Radio Ljubu\u0161ki\"}]}<\/script>\n<!-- \/ Yoast SEO plugin. -->","yoast_head_json":{"title":"U Bagdadu najmanje 82 mrtvih u po\u017earu u COVID bolnici - RADIO LJUBU\u0160KI","robots":{"index":"index","follow":"follow","max-snippet":"max-snippet:-1","max-image-preview":"max-image-preview:large","max-video-preview":"max-video-preview:-1"},"canonical":"https:\/\/radioljubuski.ba\/index.php\/2021\/04\/25\/u-bagdadu-najmanje-82-mrtvih-u-pozaru-u-covid-bolnici\/","og_locale":"hr_HR","og_type":"article","og_title":"U Bagdadu najmanje 82 mrtvih u po\u017earu u COVID bolnici - RADIO LJUBU\u0160KI","og_description":"Ira\u010dki premijer Mustafa al-Kadhimi suspendirao je ministra zdravlja i najavio istragu o po\u017earu u bagdadskoj bolnici u kojoj su poginule najmanje 82 osobe, objavila je vlada u nedjelju. U po\u017earu koji je prouzro\u010dila eksplozija boce s kisikom najmanje je 110 ljudi ranjeno. U tijeku je istaga. Po\u017ear u bolnici Ibn Khatib na podru\u010dju mosta Diyala [&hellip;]","og_url":"https:\/\/radioljubuski.ba\/index.php\/2021\/04\/25\/u-bagdadu-najmanje-82-mrtvih-u-pozaru-u-covid-bolnici\/","og_site_name":"RADIO LJUBU\u0160KI","article_publisher":"https:\/\/www.facebook.com\/Radiio-Ljubuski-1490835324566332","article_published_time":"2021-04-25T17:49:46+00:00","article_modified_time":"2021-04-25T17:49:47+00:00","og_image":[{"width":570,"height":380,"url":"https:\/\/radioljubuski.ba\/wp-content\/uploads\/2021\/04\/bagdad_pozar_reuters.jpg","type":"image\/jpeg"}],"author":"Radio Ljubu\u0161ki","twitter_card":"summary_large_image","twitter_creator":"@radioljubuski","twitter_site":"@radioljubuski","twitter_misc":{"Napisao\/la":"Radio Ljubu\u0161ki","Procijenjeno vrijeme \u010ditanja":"2 minute"},"schema":{"@context":"https:\/\/schema.org","@graph":[{"@type":"Article","@id":"https:\/\/radioljubuski.ba\/index.php\/2021\/04\/25\/u-bagdadu-najmanje-82-mrtvih-u-pozaru-u-covid-bolnici\/#article","isPartOf":{"@id":"https:\/\/radioljubuski.ba\/index.php\/2021\/04\/25\/u-bagdadu-najmanje-82-mrtvih-u-pozaru-u-covid-bolnici\/"},"author":{"name":"Radio Ljubu\u0161ki","@id":"https:\/\/radioljubuski.ba\/#\/schema\/person\/19fc700381a780f69665d7956c469e3b"},"headline":"U Bagdadu najmanje 82 mrtvih u po\u017earu u COVID bolnici","datePublished":"2021-04-25T17:49:46+00:00","dateModified":"2021-04-25T17:49:47+00:00","mainEntityOfPage":{"@id":"https:\/\/radioljubuski.ba\/index.php\/2021\/04\/25\/u-bagdadu-najmanje-82-mrtvih-u-pozaru-u-covid-bolnici\/"},"wordCount":377,"publisher":{"@id":"https:\/\/radioljubuski.ba\/#organization"},"articleSection":["BIH i regija"],"inLanguage":"hr"},{"@type":"WebPage","@id":"https:\/\/radioljubuski.ba\/index.php\/2021\/04\/25\/u-bagdadu-najmanje-82-mrtvih-u-pozaru-u-covid-bolnici\/","url":"https:\/\/radioljubuski.ba\/index.php\/2021\/04\/25\/u-bagdadu-najmanje-82-mrtvih-u-pozaru-u-covid-bolnici\/","name":"U Bagdadu najmanje 82 mrtvih u po\u017earu u COVID bolnici - RADIO LJUBU\u0160KI","isPartOf":{"@id":"https:\/\/radioljubuski.ba\/#website"},"datePublished":"2021-04-25T17:49:46+00:00","dateModified":"2021-04-25T17:49:47+00:00","breadcrumb":{"@id":"https:\/\/radioljubuski.ba\/index.php\/2021\/04\/25\/u-bagdadu-najmanje-82-mrtvih-u-pozaru-u-covid-bolnici\/#breadcrumb"},"inLanguage":"hr","potentialAction":[{"@type":"ReadAction","target":["https:\/\/radioljubuski.ba\/index.php\/2021\/04\/25\/u-bagdadu-najmanje-82-mrtvih-u-pozaru-u-covid-bolnici\/"]}]},{"@type":"BreadcrumbList","@id":"https:\/\/radioljubuski.ba\/index.php\/2021\/04\/25\/u-bagdadu-najmanje-82-mrtvih-u-pozaru-u-covid-bolnici\/#breadcrumb","itemListElement":[{"@type":"ListItem","position":1,"name":"Po\u010detna stranica","item":"https:\/\/radioljubuski.ba\/"},{"@type":"ListItem","position":2,"name":"U Bagdadu najmanje 82 mrtvih u po\u017earu u COVID bolnici"}]},{"@type":"WebSite","@id":"https:\/\/radioljubuski.ba\/#website","url":"https:\/\/radioljubuski.ba\/","name":"Radio Ljubu\u0161ki","description":"Sun\u010dana frekvencija Hercegovine","publisher":{"@id":"https:\/\/radioljubuski.ba\/#organization"},"potentialAction":[{"@type":"SearchAction","target":{"@type":"EntryPoint","urlTemplate":"https:\/\/radioljubuski.ba\/?s={search_term_string}"},"query-input":{"@type":"PropertyValueSpecification","valueRequired":true,"valueName":"search_term_string"}}],"inLanguage":"hr"},{"@type":"Organization","@id":"https:\/\/radioljubuski.ba\/#organization","name":"Radio Ljubu\u0161ki","url":"https:\/\/radioljubuski.ba\/","logo":{"@type":"ImageObject","inLanguage":"hr","@id":"https:\/\/radioljubuski.ba\/#\/schema\/logo\/image\/","url":"https:\/\/radioljubuski.ba\/wp-content\/uploads\/2021\/02\/cropped-Radio_Ljubuski_logo1.jpg","contentUrl":"https:\/\/radioljubuski.ba\/wp-content\/uploads\/2021\/02\/cropped-Radio_Ljubuski_logo1.jpg","width":512,"height":512,"caption":"Radio Ljubu\u0161ki"},"image":{"@id":"https:\/\/radioljubuski.ba\/#\/schema\/logo\/image\/"},"sameAs":["https:\/\/www.facebook.com\/Radiio-Ljubuski-1490835324566332","https:\/\/x.com\/radioljubuski","https:\/\/hr.linkedin.com\/company\/radio-ljubuski","https:\/\/www.youtube.com\/channel\/UCHYaeO_n0Db3tjNGudGpXyw"]},{"@type":"Person","@id":"https:\/\/radioljubuski.ba\/#\/schema\/person\/19fc700381a780f69665d7956c469e3b","name":"Radio Ljubu\u0161ki"}]}},"_links":{"self":[{"href":"https:\/\/radioljubuski.ba\/index.php\/wp-json\/wp\/v2\/posts\/16231","targetHints":{"allow":["GET"]}}],"collection":[{"href":"https:\/\/radioljubuski.ba\/index.php\/wp-json\/wp\/v2\/posts"}],"about":[{"href":"https:\/\/radioljubuski.ba\/index.php\/wp-json\/wp\/v2\/types\/post"}],"author":[{"embeddable":true,"href":"https:\/\/radioljubuski.ba\/index.php\/wp-json\/wp\/v2\/users\/2"}],"replies":[{"embeddable":true,"href":"https:\/\/radioljubuski.ba\/index.php\/wp-json\/wp\/v2\/comments?post=16231"}],"version-history":[{"count":1,"href":"https:\/\/radioljubuski.ba\/index.php\/wp-json\/wp\/v2\/posts\/16231\/revisions"}],"predecessor-version":[{"id":16233,"href":"https:\/\/radioljubuski.ba\/index.php\/wp-json\/wp\/v2\/posts\/16231\/revisions\/16233"}],"wp:attachment":[{"href":"https:\/\/radioljubuski.ba\/index.php\/wp-json\/wp\/v2\/media?parent=16231"}],"wp:term":[{"taxonomy":"category","embeddable":true,"href":"https:\/\/radioljubuski.ba\/index.php\/wp-json\/wp\/v2\/categories?post=16231"},{"taxonomy":"post_tag","embeddable":true,"href":"https:\/\/radioljubuski.ba\/index.php\/wp-json\/wp\/v2\/tags?post=16231"}],"curies":[{"name":"wp","href":"https:\/\/api.w.org\/{rel}","templated":true}]}}