{"id":16243,"date":"2021-04-25T19:00:17","date_gmt":"2021-04-25T18:00:17","guid":{"rendered":"https:\/\/radioljubuski.ba\/?p=16243"},"modified":"2021-04-25T19:00:20","modified_gmt":"2021-04-25T18:00:20","slug":"dr-ruzic-u-nedjeljom-u-dva-smrsavio-sam-gotovo-90-kilograma","status":"publish","type":"post","link":"https:\/\/radioljubuski.ba\/index.php\/2021\/04\/25\/dr-ruzic-u-nedjeljom-u-dva-smrsavio-sam-gotovo-90-kilograma\/","title":{"rendered":"Dr. Ru\u017ei\u0107 u &#8220;Nedjeljom u dva&#8221;: Smr\u0161avio sam gotovo 90 kilograma"},"content":{"rendered":"\n<p><strong>Ravnatelj KBC-a Rijeka dr. Alen Ru\u017ei\u0107 kazao je u emisiji &#8220;Nedjeljom u dva&#8221; kako je u prethodnom valu, 22. prosinca maksimalan broj u KBC-u Rijeka bio 164 pacijenata, a u posljednjih nekoliko dana broj se penje \u010dak i na preko 210 pacijenata.&nbsp;<\/strong><\/p>\n\n\n\n<p><a href=\"https:\/\/vijesti.hrt.hr\/hrvatska\/epidemiologinja-hzjz-a-objasnila-kada-se-cijepljenje-smatra-neuspjelim-1567799\"><br><\/a><\/p>\n\n\n\n<p><strong>Ru\u017ei\u0107: Puno je pacijenata<\/strong><br><br>&#8211; Do\u0161li smo do 212 kao maksimalnog broja, dodao je.<br><br>Dr. Ru\u017ei\u0107 naglasio je da je jutros u KBC-u Rijeka bilo 204 pacijenta, te da je to jedan vrlo dinami\u010dan proces. Poru\u010dio je da ovim brojevima treba dodati i post-COVID odjel koji je otvoren u KBC-u Rijeka.<br><br>&#8211; Tu je jo\u0161 dvadesetak kreveta, sekundarni centar u Opatiji. Sve skupa puno je vi\u0161e pacijenata, rekao je Ru\u017ei\u0107.<br><br>Istaknuo je kako je KBC Rijeka jedina bolnica koja pokriva sve potrebe u regiji.&nbsp;<\/p>\n\n\n\n<p><strong>&#8220;Radimo dobar posao&#8221;<\/strong><br><br>Ravnatelj KBC-a Rijeka dr. Alen Ru\u017ei\u0107 naglasio je kako se smrtnost kre\u0107e pribli\u017eno na istim razinama kao \u0161to je bila u prosincu.<br><br>&#8211; Kada analiziramo smrtnost, ona je ve\u0107a sada zbog ve\u0107eg broja oboljelih, ali u postotku ona je na razini europskih Sveu\u010dili\u0161nih bolnica, te je to podatak koji govori da radimo dobar posao, poru\u010dio je Ru\u017ei\u0107.<br><br>Zahvalio je svim kolegama na predanom radu.&nbsp;<\/p>\n\n\n\n<p><strong>Ru\u017ei\u0107: U pripremi i poljski kreveti<\/strong><br><br>Ravnatelj KBC-a Rijeka rekao je kako KBC Rijeka ima u pripremi i poljske krevete, koji su pripremljeni za slu\u010daj nu\u017ede ako se popune svi kapaciteti.<br><br>Naglasio je kako u bolnici imaju dvije vrste pacijenata, jedni su koji imaju upalu plu\u0107a uzrokovanu Covidom i te\u017ei je klini\u010dki tijek, a zarazni su dvadeset dana. Drugi su bolesnici oni koji nisu bili u bolnici, ve\u0107 su imali bla\u017ei oblik bolesti, ali s odgodom mjesec ili dva do\u0111u u bolnicu zbog komplikacija, naj\u010de\u0161\u0107e respiratornih.&nbsp;<\/p>\n\n\n\n<p><strong>&#8220;Cjepivo sprje\u010dava najte\u017ee oblike bolesti&#8221;<\/strong><br><br>Ru\u017ei\u0107 je istaknuo kako je i u KBC-u Rijeka bilo sporadi\u010dnih slu\u010dajeva da su se pacijenti zarazili koronavirusom, nakon \u0161to su se cijepili, kao \u0161to se dogodilo i potpredsjedniku Vlade&nbsp;<strong>Borisu Milo\u0161evi\u0107u<\/strong>.<br><br>&#8211; Niti jedno cjepivo nije sto posto u\u010dinkovito kao prvo, a drugo &#8211; ako se ovakve stvari i dogode, ljudi nakon cijepljenja imaju jednu odre\u0111enu razinu za\u0161tite, ali su to iznimke. I te iznimke imaju bla\u017ee klini\u010dke slike, rekao je.<br><br>Kazao je ako cjepivo i nije sto posto u\u010dinkovito barem sprje\u010dava najte\u017ee ishode odnosno najte\u017ee oblike bolesti. Poru\u010dio je svima da se cijepe.<\/p>\n\n\n\n<p><strong>Ru\u017ei\u0107: Smanjen je kirur\u0161ki program, ali najte\u017ei bolesnici se operiraju<\/strong><br><br>Ru\u017ei\u0107 je kazao da su se u KBC-u Rijeka organizirali prili\u010dno dobro \u0161to se ti\u010de prijema pacijenata. Naglasio je da je u njegovom KBC-u smanjen kirur\u0161ki program, te je na \u0161ezdeset posto, ali se svi onkolo\u0161ki i hitni bolesnici operiraju.<br><br>Dr. Alen Ru\u017ei\u0107 rekao je da o\u010dekuje da \u0107e nakon pandemije koronavirusa Hrvatska imati ve\u0107u smrtnost kod sr\u010danih i onkolo\u0161kih bolesnika, jer ljudi nisu dolazili na redovite preglede.<br><br>&#8211; Zato \u017eelimo da redovni program ide u \u0161to ve\u0107em opsegu, poru\u010dio je.<\/p>\n\n\n\n<p><strong>&#8220;Sustav je odreagirao dobro&#8221;<\/strong><br><br>Ru\u017ei\u0107 je kazao kako je zdravstveni sustav u Republici Hrvatskoj odreagirao dobro.<br><br>&#8211; To je jedna velika kriza koja je zdravstvena, ali uklju\u010duje i druge elemente. I ekonomske i dru\u0161tvene. Kada gledate analize pati i mentalno zdravlje. U ovim okolnostima, mo\u017eemo svi biti ponosni da nitko nije ostao bez zdravstvene skrbi, poru\u010dio je.<br><br>Dodao je i da je Vlada dobro obavila svoj posao naru\u010div\u0161i velike koli\u010dine cjepiva.&nbsp;&nbsp;<\/p>\n\n\n\n<p><strong>Ru\u017ei\u0107: S Bero\u0161em imam kvalitetnu i kontinuiranu komunikaciju<\/strong><strong><br><br><\/strong>Ravnatelj KBC-a Rijeka dr. Alen Ru\u017ei\u0107 komentirao je i sustav &#8216;Cijepi se&#8217;.<br><br>&#8211; Sam program &#8216;Cijepi se&#8217; usmjeren je masovnom procjepljivanju. To je faza koja je pred nama. Mo\u017eda je prerano procjenjivati uspje\u0161nost ili ne uspje\u0161nost tog sustava, poru\u010dio je.<br><br>Naglasio je da on im vrlo ograni\u010dene informacije o toj platformi. Dr. Ru\u017ei\u0107 rekao je kako je ministar zdravstva&nbsp;<strong>Vili Bero\u0161<\/strong>&nbsp;njegov ministar i da imaju vrlo kvalitetnu i kontinuiranu komunikaciju.<br><br>Dodao je da o njegovoj uspje\u0161nosti kao ministra treba procjenjivati Vlada i njezin predsjednik.<br><br>Ravnatelj KBC-a Rijeka dodao je da za sada nema ambicije biti ministar zdravstva.&nbsp;<\/p>\n\n\n\n<p><strong>&#8220;\u010clan sam HDZ-a od 2017.&#8221;<\/strong><br><br>Ru\u017ei\u0107 je potvrdio da je \u010dlan Hrvatske demokratske zajednice i da je ponosan na to. Dodao je kako je i njegov otac bio \u010dlan HDZ-a \u010dak je bio jedan od osniva\u010da te stranke.<br><br>Ru\u017ei\u0107 je naglasio da se on u\u010dlanio u HDZ 2017. godine.<br><br>&#8211; Poriv je do\u0161ao iznutra i to je bilo doba kada se najavljivalo okretanje europskim politikama. Osobno sam bio odu\u0161evljen na\u0161im predsjednikom Vlade Plenkovi\u0107em i njegovim stavovima, istaknuo je.&nbsp;&nbsp;<\/p>\n\n\n\n<p><strong>&#8220;Hrvatskom zdravstvu potrebne katalogizacija, standardizacija i digitalizacija&#8221;<\/strong><br><br>Ravnatelj KBC-a Rijeka rekao je kako je KBC Rijeka po prvi put ostvarila pozitivno poslovanje i to za mjesec o\u017eujak.<br><br>&#8211; I to zahvaljuju\u0107i nizu okolnost. Kao prvo, jako se puno radilo i puno se fakturiralo, puni limit.Osim toga ja sam po dolasku na mjesto ravnatelja poku\u0161ao smanjiti tro\u0161kove, kazao je.<br><br>Dodao je kako je i inzistirao na digitalizaciji, te da su mogu\u0107e u\u0161tede i kroz tu mogu\u0107nost. Rekao je kako je zdravstvu potrebna katalogizacija i standardizacija.<br><br>&#8211; To nama u zdravstvu treba, dodao je.<br><br>Ru\u017ei\u0107 je kazao kako vjeruje da se u\u0161tede mogu napraviti i u samoj organizaciji bolnice.<br><br>&#8211; \u0160efovi odjela moraju odgovarati i za medicinski, ali i za financijski dio, poru\u010dio je.&nbsp;<\/p>\n\n\n\n<p><strong>&#8220;Imao sam 200 kilograma&#8221;<\/strong><br><br>Dr. Ru\u017ei\u0107 osvrnuo se i na svoj problem s debljinom. Naglasio je kako je 2003. godine imao 200 kilograma.<br><br>&#8211; Trebalo mi je dvije godine da do\u0111em na svoju idealnu te\u017einu, kazao je.<br><br>Dodao je da je smr\u0161avio skoro devedeset kilograma. Ru\u017ei\u0107 je rekao kako je u borbi s debljinom bitna upornost.<br><br>&#8211; \u0160to je osoba deblja, to se vi\u0161e deblja, poru\u010dio je.&nbsp;<\/p>\n\n\n\n<p>Dr. Ru\u017ei\u0107 govorio je o prehrani u doba pandemije, zdravom doru\u010dku, te o maslinovom ulju.<\/p>\n\n\n\n<p>Izvor:hrt.hr<\/p>\n","protected":false},"excerpt":{"rendered":"<p>Ravnatelj KBC-a Rijeka dr. Alen Ru\u017ei\u0107 kazao je u emisiji &#8220;Nedjeljom u dva&#8221; kako je u prethodnom valu, 22. prosinca maksimalan broj u KBC-u Rijeka bio 164 pacijenata, a u posljednjih nekoliko dana broj se penje \u010dak i na preko 210 pacijenata.&nbsp; Ru\u017ei\u0107: Puno je pacijenata &#8211; Do\u0161li smo do 212 kao maksimalnog broja, dodao [&hellip;]<\/p>\n","protected":false},"author":2,"featured_media":16244,"comment_status":"closed","ping_status":"closed","sticky":false,"template":"","format":"standard","meta":{"h5ap_radio_sources":[],"footnotes":""},"categories":[1],"tags":[],"class_list":["post-16243","post","type-post","status-publish","format-standard","has-post-thumbnail","hentry","category-bihiregija"],"yoast_head":"<!-- This site is optimized with the Yoast SEO plugin v27.4 - https:\/\/yoast.com\/product\/yoast-seo-wordpress\/ -->\n<title>Dr. Ru\u017ei\u0107 u &quot;Nedjeljom u dva&quot;: Smr\u0161avio sam gotovo 90 kilograma - RADIO LJUBU\u0160KI<\/title>\n<meta name=\"robots\" content=\"index, follow, max-snippet:-1, max-image-preview:large, max-video-preview:-1\" \/>\n<link rel=\"canonical\" href=\"https:\/\/radioljubuski.ba\/index.php\/2021\/04\/25\/dr-ruzic-u-nedjeljom-u-dva-smrsavio-sam-gotovo-90-kilograma\/\" \/>\n<meta property=\"og:locale\" content=\"hr_HR\" \/>\n<meta property=\"og:type\" content=\"article\" \/>\n<meta property=\"og:title\" content=\"Dr. Ru\u017ei\u0107 u &quot;Nedjeljom u dva&quot;: Smr\u0161avio sam gotovo 90 kilograma - RADIO LJUBU\u0160KI\" \/>\n<meta property=\"og:description\" content=\"Ravnatelj KBC-a Rijeka dr. Alen Ru\u017ei\u0107 kazao je u emisiji &#8220;Nedjeljom u dva&#8221; kako je u prethodnom valu, 22. prosinca maksimalan broj u KBC-u Rijeka bio 164 pacijenata, a u posljednjih nekoliko dana broj se penje \u010dak i na preko 210 pacijenata.&nbsp; Ru\u017ei\u0107: Puno je pacijenata &#8211; Do\u0161li smo do 212 kao maksimalnog broja, dodao [&hellip;]\" \/>\n<meta property=\"og:url\" content=\"https:\/\/radioljubuski.ba\/index.php\/2021\/04\/25\/dr-ruzic-u-nedjeljom-u-dva-smrsavio-sam-gotovo-90-kilograma\/\" \/>\n<meta property=\"og:site_name\" content=\"RADIO LJUBU\u0160KI\" \/>\n<meta property=\"article:publisher\" content=\"https:\/\/www.facebook.com\/Radiio-Ljubuski-1490835324566332\" \/>\n<meta property=\"article:published_time\" content=\"2021-04-25T18:00:17+00:00\" \/>\n<meta property=\"article:modified_time\" content=\"2021-04-25T18:00:20+00:00\" \/>\n<meta property=\"og:image\" content=\"https:\/\/radioljubuski.ba\/wp-content\/uploads\/2021\/04\/preuzmi-14.jpg\" \/>\n\t<meta property=\"og:image:width\" content=\"300\" \/>\n\t<meta property=\"og:image:height\" content=\"168\" \/>\n\t<meta property=\"og:image:type\" content=\"image\/jpeg\" \/>\n<meta name=\"author\" content=\"Radio Ljubu\u0161ki\" \/>\n<meta name=\"twitter:card\" content=\"summary_large_image\" \/>\n<meta name=\"twitter:creator\" content=\"@radioljubuski\" \/>\n<meta name=\"twitter:site\" content=\"@radioljubuski\" \/>\n<meta name=\"twitter:label1\" content=\"Napisao\/la\" \/>\n\t<meta name=\"twitter:data1\" content=\"Radio Ljubu\u0161ki\" \/>\n\t<meta name=\"twitter:label2\" content=\"Procijenjeno vrijeme \u010ditanja\" \/>\n\t<meta name=\"twitter:data2\" content=\"5 minuta\" \/>\n<script type=\"application\/ld+json\" class=\"yoast-schema-graph\">{\"@context\":\"https:\\\/\\\/schema.org\",\"@graph\":[{\"@type\":\"Article\",\"@id\":\"https:\\\/\\\/radioljubuski.ba\\\/index.php\\\/2021\\\/04\\\/25\\\/dr-ruzic-u-nedjeljom-u-dva-smrsavio-sam-gotovo-90-kilograma\\\/#article\",\"isPartOf\":{\"@id\":\"https:\\\/\\\/radioljubuski.ba\\\/index.php\\\/2021\\\/04\\\/25\\\/dr-ruzic-u-nedjeljom-u-dva-smrsavio-sam-gotovo-90-kilograma\\\/\"},\"author\":{\"name\":\"Radio Ljubu\u0161ki\",\"@id\":\"https:\\\/\\\/radioljubuski.ba\\\/#\\\/schema\\\/person\\\/19fc700381a780f69665d7956c469e3b\"},\"headline\":\"Dr. Ru\u017ei\u0107 u &#8220;Nedjeljom u dva&#8221;: Smr\u0161avio sam gotovo 90 kilograma\",\"datePublished\":\"2021-04-25T18:00:17+00:00\",\"dateModified\":\"2021-04-25T18:00:20+00:00\",\"mainEntityOfPage\":{\"@id\":\"https:\\\/\\\/radioljubuski.ba\\\/index.php\\\/2021\\\/04\\\/25\\\/dr-ruzic-u-nedjeljom-u-dva-smrsavio-sam-gotovo-90-kilograma\\\/\"},\"wordCount\":1053,\"publisher\":{\"@id\":\"https:\\\/\\\/radioljubuski.ba\\\/#organization\"},\"image\":{\"@id\":\"https:\\\/\\\/radioljubuski.ba\\\/index.php\\\/2021\\\/04\\\/25\\\/dr-ruzic-u-nedjeljom-u-dva-smrsavio-sam-gotovo-90-kilograma\\\/#primaryimage\"},\"thumbnailUrl\":\"https:\\\/\\\/radioljubuski.ba\\\/wp-content\\\/uploads\\\/2021\\\/04\\\/preuzmi-14.jpg\",\"articleSection\":[\"BIH i regija\"],\"inLanguage\":\"hr\"},{\"@type\":\"WebPage\",\"@id\":\"https:\\\/\\\/radioljubuski.ba\\\/index.php\\\/2021\\\/04\\\/25\\\/dr-ruzic-u-nedjeljom-u-dva-smrsavio-sam-gotovo-90-kilograma\\\/\",\"url\":\"https:\\\/\\\/radioljubuski.ba\\\/index.php\\\/2021\\\/04\\\/25\\\/dr-ruzic-u-nedjeljom-u-dva-smrsavio-sam-gotovo-90-kilograma\\\/\",\"name\":\"Dr. Ru\u017ei\u0107 u \\\"Nedjeljom u dva\\\": Smr\u0161avio sam gotovo 90 kilograma - RADIO LJUBU\u0160KI\",\"isPartOf\":{\"@id\":\"https:\\\/\\\/radioljubuski.ba\\\/#website\"},\"primaryImageOfPage\":{\"@id\":\"https:\\\/\\\/radioljubuski.ba\\\/index.php\\\/2021\\\/04\\\/25\\\/dr-ruzic-u-nedjeljom-u-dva-smrsavio-sam-gotovo-90-kilograma\\\/#primaryimage\"},\"image\":{\"@id\":\"https:\\\/\\\/radioljubuski.ba\\\/index.php\\\/2021\\\/04\\\/25\\\/dr-ruzic-u-nedjeljom-u-dva-smrsavio-sam-gotovo-90-kilograma\\\/#primaryimage\"},\"thumbnailUrl\":\"https:\\\/\\\/radioljubuski.ba\\\/wp-content\\\/uploads\\\/2021\\\/04\\\/preuzmi-14.jpg\",\"datePublished\":\"2021-04-25T18:00:17+00:00\",\"dateModified\":\"2021-04-25T18:00:20+00:00\",\"breadcrumb\":{\"@id\":\"https:\\\/\\\/radioljubuski.ba\\\/index.php\\\/2021\\\/04\\\/25\\\/dr-ruzic-u-nedjeljom-u-dva-smrsavio-sam-gotovo-90-kilograma\\\/#breadcrumb\"},\"inLanguage\":\"hr\",\"potentialAction\":[{\"@type\":\"ReadAction\",\"target\":[\"https:\\\/\\\/radioljubuski.ba\\\/index.php\\\/2021\\\/04\\\/25\\\/dr-ruzic-u-nedjeljom-u-dva-smrsavio-sam-gotovo-90-kilograma\\\/\"]}]},{\"@type\":\"ImageObject\",\"inLanguage\":\"hr\",\"@id\":\"https:\\\/\\\/radioljubuski.ba\\\/index.php\\\/2021\\\/04\\\/25\\\/dr-ruzic-u-nedjeljom-u-dva-smrsavio-sam-gotovo-90-kilograma\\\/#primaryimage\",\"url\":\"https:\\\/\\\/radioljubuski.ba\\\/wp-content\\\/uploads\\\/2021\\\/04\\\/preuzmi-14.jpg\",\"contentUrl\":\"https:\\\/\\\/radioljubuski.ba\\\/wp-content\\\/uploads\\\/2021\\\/04\\\/preuzmi-14.jpg\",\"width\":300,\"height\":168},{\"@type\":\"BreadcrumbList\",\"@id\":\"https:\\\/\\\/radioljubuski.ba\\\/index.php\\\/2021\\\/04\\\/25\\\/dr-ruzic-u-nedjeljom-u-dva-smrsavio-sam-gotovo-90-kilograma\\\/#breadcrumb\",\"itemListElement\":[{\"@type\":\"ListItem\",\"position\":1,\"name\":\"Po\u010detna stranica\",\"item\":\"https:\\\/\\\/radioljubuski.ba\\\/\"},{\"@type\":\"ListItem\",\"position\":2,\"name\":\"Dr. Ru\u017ei\u0107 u &#8220;Nedjeljom u dva&#8221;: Smr\u0161avio sam gotovo 90 kilograma\"}]},{\"@type\":\"WebSite\",\"@id\":\"https:\\\/\\\/radioljubuski.ba\\\/#website\",\"url\":\"https:\\\/\\\/radioljubuski.ba\\\/\",\"name\":\"Radio Ljubu\u0161ki\",\"description\":\"Sun\u010dana frekvencija Hercegovine\",\"publisher\":{\"@id\":\"https:\\\/\\\/radioljubuski.ba\\\/#organization\"},\"potentialAction\":[{\"@type\":\"SearchAction\",\"target\":{\"@type\":\"EntryPoint\",\"urlTemplate\":\"https:\\\/\\\/radioljubuski.ba\\\/?s={search_term_string}\"},\"query-input\":{\"@type\":\"PropertyValueSpecification\",\"valueRequired\":true,\"valueName\":\"search_term_string\"}}],\"inLanguage\":\"hr\"},{\"@type\":\"Organization\",\"@id\":\"https:\\\/\\\/radioljubuski.ba\\\/#organization\",\"name\":\"Radio Ljubu\u0161ki\",\"url\":\"https:\\\/\\\/radioljubuski.ba\\\/\",\"logo\":{\"@type\":\"ImageObject\",\"inLanguage\":\"hr\",\"@id\":\"https:\\\/\\\/radioljubuski.ba\\\/#\\\/schema\\\/logo\\\/image\\\/\",\"url\":\"https:\\\/\\\/radioljubuski.ba\\\/wp-content\\\/uploads\\\/2021\\\/02\\\/cropped-Radio_Ljubuski_logo1.jpg\",\"contentUrl\":\"https:\\\/\\\/radioljubuski.ba\\\/wp-content\\\/uploads\\\/2021\\\/02\\\/cropped-Radio_Ljubuski_logo1.jpg\",\"width\":512,\"height\":512,\"caption\":\"Radio Ljubu\u0161ki\"},\"image\":{\"@id\":\"https:\\\/\\\/radioljubuski.ba\\\/#\\\/schema\\\/logo\\\/image\\\/\"},\"sameAs\":[\"https:\\\/\\\/www.facebook.com\\\/Radiio-Ljubuski-1490835324566332\",\"https:\\\/\\\/x.com\\\/radioljubuski\",\"https:\\\/\\\/hr.linkedin.com\\\/company\\\/radio-ljubuski\",\"https:\\\/\\\/www.youtube.com\\\/channel\\\/UCHYaeO_n0Db3tjNGudGpXyw\"]},{\"@type\":\"Person\",\"@id\":\"https:\\\/\\\/radioljubuski.ba\\\/#\\\/schema\\\/person\\\/19fc700381a780f69665d7956c469e3b\",\"name\":\"Radio Ljubu\u0161ki\"}]}<\/script>\n<!-- \/ Yoast SEO plugin. -->","yoast_head_json":{"title":"Dr. Ru\u017ei\u0107 u \"Nedjeljom u dva\": Smr\u0161avio sam gotovo 90 kilograma - RADIO LJUBU\u0160KI","robots":{"index":"index","follow":"follow","max-snippet":"max-snippet:-1","max-image-preview":"max-image-preview:large","max-video-preview":"max-video-preview:-1"},"canonical":"https:\/\/radioljubuski.ba\/index.php\/2021\/04\/25\/dr-ruzic-u-nedjeljom-u-dva-smrsavio-sam-gotovo-90-kilograma\/","og_locale":"hr_HR","og_type":"article","og_title":"Dr. Ru\u017ei\u0107 u \"Nedjeljom u dva\": Smr\u0161avio sam gotovo 90 kilograma - RADIO LJUBU\u0160KI","og_description":"Ravnatelj KBC-a Rijeka dr. Alen Ru\u017ei\u0107 kazao je u emisiji &#8220;Nedjeljom u dva&#8221; kako je u prethodnom valu, 22. prosinca maksimalan broj u KBC-u Rijeka bio 164 pacijenata, a u posljednjih nekoliko dana broj se penje \u010dak i na preko 210 pacijenata.&nbsp; Ru\u017ei\u0107: Puno je pacijenata &#8211; Do\u0161li smo do 212 kao maksimalnog broja, dodao [&hellip;]","og_url":"https:\/\/radioljubuski.ba\/index.php\/2021\/04\/25\/dr-ruzic-u-nedjeljom-u-dva-smrsavio-sam-gotovo-90-kilograma\/","og_site_name":"RADIO LJUBU\u0160KI","article_publisher":"https:\/\/www.facebook.com\/Radiio-Ljubuski-1490835324566332","article_published_time":"2021-04-25T18:00:17+00:00","article_modified_time":"2021-04-25T18:00:20+00:00","og_image":[{"width":300,"height":168,"url":"https:\/\/radioljubuski.ba\/wp-content\/uploads\/2021\/04\/preuzmi-14.jpg","type":"image\/jpeg"}],"author":"Radio Ljubu\u0161ki","twitter_card":"summary_large_image","twitter_creator":"@radioljubuski","twitter_site":"@radioljubuski","twitter_misc":{"Napisao\/la":"Radio Ljubu\u0161ki","Procijenjeno vrijeme \u010ditanja":"5 minuta"},"schema":{"@context":"https:\/\/schema.org","@graph":[{"@type":"Article","@id":"https:\/\/radioljubuski.ba\/index.php\/2021\/04\/25\/dr-ruzic-u-nedjeljom-u-dva-smrsavio-sam-gotovo-90-kilograma\/#article","isPartOf":{"@id":"https:\/\/radioljubuski.ba\/index.php\/2021\/04\/25\/dr-ruzic-u-nedjeljom-u-dva-smrsavio-sam-gotovo-90-kilograma\/"},"author":{"name":"Radio Ljubu\u0161ki","@id":"https:\/\/radioljubuski.ba\/#\/schema\/person\/19fc700381a780f69665d7956c469e3b"},"headline":"Dr. Ru\u017ei\u0107 u &#8220;Nedjeljom u dva&#8221;: Smr\u0161avio sam gotovo 90 kilograma","datePublished":"2021-04-25T18:00:17+00:00","dateModified":"2021-04-25T18:00:20+00:00","mainEntityOfPage":{"@id":"https:\/\/radioljubuski.ba\/index.php\/2021\/04\/25\/dr-ruzic-u-nedjeljom-u-dva-smrsavio-sam-gotovo-90-kilograma\/"},"wordCount":1053,"publisher":{"@id":"https:\/\/radioljubuski.ba\/#organization"},"image":{"@id":"https:\/\/radioljubuski.ba\/index.php\/2021\/04\/25\/dr-ruzic-u-nedjeljom-u-dva-smrsavio-sam-gotovo-90-kilograma\/#primaryimage"},"thumbnailUrl":"https:\/\/radioljubuski.ba\/wp-content\/uploads\/2021\/04\/preuzmi-14.jpg","articleSection":["BIH i regija"],"inLanguage":"hr"},{"@type":"WebPage","@id":"https:\/\/radioljubuski.ba\/index.php\/2021\/04\/25\/dr-ruzic-u-nedjeljom-u-dva-smrsavio-sam-gotovo-90-kilograma\/","url":"https:\/\/radioljubuski.ba\/index.php\/2021\/04\/25\/dr-ruzic-u-nedjeljom-u-dva-smrsavio-sam-gotovo-90-kilograma\/","name":"Dr. Ru\u017ei\u0107 u \"Nedjeljom u dva\": Smr\u0161avio sam gotovo 90 kilograma - RADIO LJUBU\u0160KI","isPartOf":{"@id":"https:\/\/radioljubuski.ba\/#website"},"primaryImageOfPage":{"@id":"https:\/\/radioljubuski.ba\/index.php\/2021\/04\/25\/dr-ruzic-u-nedjeljom-u-dva-smrsavio-sam-gotovo-90-kilograma\/#primaryimage"},"image":{"@id":"https:\/\/radioljubuski.ba\/index.php\/2021\/04\/25\/dr-ruzic-u-nedjeljom-u-dva-smrsavio-sam-gotovo-90-kilograma\/#primaryimage"},"thumbnailUrl":"https:\/\/radioljubuski.ba\/wp-content\/uploads\/2021\/04\/preuzmi-14.jpg","datePublished":"2021-04-25T18:00:17+00:00","dateModified":"2021-04-25T18:00:20+00:00","breadcrumb":{"@id":"https:\/\/radioljubuski.ba\/index.php\/2021\/04\/25\/dr-ruzic-u-nedjeljom-u-dva-smrsavio-sam-gotovo-90-kilograma\/#breadcrumb"},"inLanguage":"hr","potentialAction":[{"@type":"ReadAction","target":["https:\/\/radioljubuski.ba\/index.php\/2021\/04\/25\/dr-ruzic-u-nedjeljom-u-dva-smrsavio-sam-gotovo-90-kilograma\/"]}]},{"@type":"ImageObject","inLanguage":"hr","@id":"https:\/\/radioljubuski.ba\/index.php\/2021\/04\/25\/dr-ruzic-u-nedjeljom-u-dva-smrsavio-sam-gotovo-90-kilograma\/#primaryimage","url":"https:\/\/radioljubuski.ba\/wp-content\/uploads\/2021\/04\/preuzmi-14.jpg","contentUrl":"https:\/\/radioljubuski.ba\/wp-content\/uploads\/2021\/04\/preuzmi-14.jpg","width":300,"height":168},{"@type":"BreadcrumbList","@id":"https:\/\/radioljubuski.ba\/index.php\/2021\/04\/25\/dr-ruzic-u-nedjeljom-u-dva-smrsavio-sam-gotovo-90-kilograma\/#breadcrumb","itemListElement":[{"@type":"ListItem","position":1,"name":"Po\u010detna stranica","item":"https:\/\/radioljubuski.ba\/"},{"@type":"ListItem","position":2,"name":"Dr. Ru\u017ei\u0107 u &#8220;Nedjeljom u dva&#8221;: Smr\u0161avio sam gotovo 90 kilograma"}]},{"@type":"WebSite","@id":"https:\/\/radioljubuski.ba\/#website","url":"https:\/\/radioljubuski.ba\/","name":"Radio Ljubu\u0161ki","description":"Sun\u010dana frekvencija Hercegovine","publisher":{"@id":"https:\/\/radioljubuski.ba\/#organization"},"potentialAction":[{"@type":"SearchAction","target":{"@type":"EntryPoint","urlTemplate":"https:\/\/radioljubuski.ba\/?s={search_term_string}"},"query-input":{"@type":"PropertyValueSpecification","valueRequired":true,"valueName":"search_term_string"}}],"inLanguage":"hr"},{"@type":"Organization","@id":"https:\/\/radioljubuski.ba\/#organization","name":"Radio Ljubu\u0161ki","url":"https:\/\/radioljubuski.ba\/","logo":{"@type":"ImageObject","inLanguage":"hr","@id":"https:\/\/radioljubuski.ba\/#\/schema\/logo\/image\/","url":"https:\/\/radioljubuski.ba\/wp-content\/uploads\/2021\/02\/cropped-Radio_Ljubuski_logo1.jpg","contentUrl":"https:\/\/radioljubuski.ba\/wp-content\/uploads\/2021\/02\/cropped-Radio_Ljubuski_logo1.jpg","width":512,"height":512,"caption":"Radio Ljubu\u0161ki"},"image":{"@id":"https:\/\/radioljubuski.ba\/#\/schema\/logo\/image\/"},"sameAs":["https:\/\/www.facebook.com\/Radiio-Ljubuski-1490835324566332","https:\/\/x.com\/radioljubuski","https:\/\/hr.linkedin.com\/company\/radio-ljubuski","https:\/\/www.youtube.com\/channel\/UCHYaeO_n0Db3tjNGudGpXyw"]},{"@type":"Person","@id":"https:\/\/radioljubuski.ba\/#\/schema\/person\/19fc700381a780f69665d7956c469e3b","name":"Radio Ljubu\u0161ki"}]}},"_links":{"self":[{"href":"https:\/\/radioljubuski.ba\/index.php\/wp-json\/wp\/v2\/posts\/16243","targetHints":{"allow":["GET"]}}],"collection":[{"href":"https:\/\/radioljubuski.ba\/index.php\/wp-json\/wp\/v2\/posts"}],"about":[{"href":"https:\/\/radioljubuski.ba\/index.php\/wp-json\/wp\/v2\/types\/post"}],"author":[{"embeddable":true,"href":"https:\/\/radioljubuski.ba\/index.php\/wp-json\/wp\/v2\/users\/2"}],"replies":[{"embeddable":true,"href":"https:\/\/radioljubuski.ba\/index.php\/wp-json\/wp\/v2\/comments?post=16243"}],"version-history":[{"count":1,"href":"https:\/\/radioljubuski.ba\/index.php\/wp-json\/wp\/v2\/posts\/16243\/revisions"}],"predecessor-version":[{"id":16245,"href":"https:\/\/radioljubuski.ba\/index.php\/wp-json\/wp\/v2\/posts\/16243\/revisions\/16245"}],"wp:featuredmedia":[{"embeddable":true,"href":"https:\/\/radioljubuski.ba\/index.php\/wp-json\/wp\/v2\/media\/16244"}],"wp:attachment":[{"href":"https:\/\/radioljubuski.ba\/index.php\/wp-json\/wp\/v2\/media?parent=16243"}],"wp:term":[{"taxonomy":"category","embeddable":true,"href":"https:\/\/radioljubuski.ba\/index.php\/wp-json\/wp\/v2\/categories?post=16243"},{"taxonomy":"post_tag","embeddable":true,"href":"https:\/\/radioljubuski.ba\/index.php\/wp-json\/wp\/v2\/tags?post=16243"}],"curies":[{"name":"wp","href":"https:\/\/api.w.org\/{rel}","templated":true}]}}