{"id":162984,"date":"2022-07-25T08:05:04","date_gmt":"2022-07-25T07:05:04","guid":{"rendered":"https:\/\/radioljubuski.ba\/?p=162984"},"modified":"2022-07-25T08:05:05","modified_gmt":"2022-07-25T07:05:05","slug":"sok-za-prvake-preokret-zeljeznicara-za-prvi-poraz-plemica-nakon-10-mjeseci","status":"publish","type":"post","link":"https:\/\/radioljubuski.ba\/index.php\/2022\/07\/25\/sok-za-prvake-preokret-zeljeznicara-za-prvi-poraz-plemica-nakon-10-mjeseci\/","title":{"rendered":"\u0160ok za prvake: Preokret \u017deljezni\u010dara za prvi poraz Plemi\u0107a nakon 10 mjeseci!"},"content":{"rendered":"\n<p>Zrinjski i \u017deljezni\u010dar odigrali su 1:2 u utakmici koja je bila prva premijerliga\u0161ka za aktualnog prvaka u novoj sezoni.<\/p>\n\n\n\n<p>Zrinjski nije uspio nastaviti tamo gdje je stao pro\u0161le sezone. Ne samo da nije uspio nastaviti niz pobjeda iz pro\u0161le sezone, nego je do\u017eivio prvi premijerliga\u0161ki poraz nakon rujna pro\u0161le godine. \u017deljezni\u010dar je slavio s 2:1 i to nakon \u0161to je gubio s 1:0, te nanio Zrinjskom tek drugi doma\u0107i poraz u eri Sergeja Jakirovi\u0107a. Plemi\u0107ima je ovo bila prva premijerliga\u0161ka utakmica, budu\u0107i da su utakmicu sa Slobodom odgodili. U\u0161av\u0161i u utakmicu nakon pobjede u Tirani o\u010dekivala se jo\u0161 jedna pobjeda Plemi\u0107a i tako je i izgledalo nakon \u0161to je Nemanja Bilbija pogodio nakon centar\u0161uta Almira Beki\u0107a. Nakon postignutog gola Zrinjski je imao apsolutnu inicijativu i mogao je uve\u0107ati svoje vodstvo, ali kada je propustio svoje prilike uslijedila je kazna. <\/p>\n\n\n\n<p>Igra\u010d s klupe Hamza Gasal pogodio je s ruba \u0161esnaesterca za 1:1 i \u0161ok s tribina. Taj gol kao da je \u0161okirao i doma\u0107e, jer je \u0160tili\u0107 malo kasnije mogao posti\u0107i i drugi gol za goste. U 81. minuti Zrinjski je ostao s igra\u010dem manje, jer je Josip \u0106orluka dobio drugi \u017euti karton, a \u017deljezni\u010dar je prednost iskoristio ve\u0107 dvije minute kasnije. \u0160tili\u0107 je bio asistent, a strijelac Nedim Meki\u0107 za iznena\u0111uju\u0107u pobjedu \u017deljezni\u010dara. Zrinjskom ovaj poraz dolazi samo \u010detiri dana uo\u010di uzvratne utakmice Konferencijske lige s Tiranom.<\/p>\n\n\n\n<p>izvor: bljesak.info<\/p>\n\n\n\n<p><\/p>\n","protected":false},"excerpt":{"rendered":"<p>Zrinjski i \u017deljezni\u010dar odigrali su 1:2 u utakmici koja je bila prva premijerliga\u0161ka za aktualnog prvaka u novoj sezoni. Zrinjski nije uspio nastaviti tamo gdje je stao pro\u0161le sezone. Ne samo da nije uspio nastaviti niz pobjeda iz pro\u0161le sezone, nego je do\u017eivio prvi premijerliga\u0161ki poraz nakon rujna pro\u0161le godine. \u017deljezni\u010dar je slavio s 2:1 [&hellip;]<\/p>\n","protected":false},"author":2,"featured_media":162990,"comment_status":"closed","ping_status":"closed","sticky":false,"template":"","format":"standard","meta":{"h5ap_radio_sources":[],"footnotes":""},"categories":[7],"tags":[],"class_list":["post-162984","post","type-post","status-publish","format-standard","has-post-thumbnail","hentry","category-sport"],"yoast_head":"<!-- This site is optimized with the Yoast SEO plugin v27.5 - https:\/\/yoast.com\/product\/yoast-seo-wordpress\/ -->\n<title>\u0160ok za prvake: Preokret \u017deljezni\u010dara za prvi poraz Plemi\u0107a nakon 10 mjeseci! - RADIO LJUBU\u0160KI<\/title>\n<meta name=\"robots\" content=\"index, follow, max-snippet:-1, max-image-preview:large, max-video-preview:-1\" \/>\n<link rel=\"canonical\" href=\"https:\/\/radioljubuski.ba\/index.php\/2022\/07\/25\/sok-za-prvake-preokret-zeljeznicara-za-prvi-poraz-plemica-nakon-10-mjeseci\/\" \/>\n<meta property=\"og:locale\" content=\"hr_HR\" \/>\n<meta property=\"og:type\" content=\"article\" \/>\n<meta property=\"og:title\" content=\"\u0160ok za prvake: Preokret \u017deljezni\u010dara za prvi poraz Plemi\u0107a nakon 10 mjeseci! - RADIO LJUBU\u0160KI\" \/>\n<meta property=\"og:description\" content=\"Zrinjski i \u017deljezni\u010dar odigrali su 1:2 u utakmici koja je bila prva premijerliga\u0161ka za aktualnog prvaka u novoj sezoni. Zrinjski nije uspio nastaviti tamo gdje je stao pro\u0161le sezone. Ne samo da nije uspio nastaviti niz pobjeda iz pro\u0161le sezone, nego je do\u017eivio prvi premijerliga\u0161ki poraz nakon rujna pro\u0161le godine. \u017deljezni\u010dar je slavio s 2:1 [&hellip;]\" \/>\n<meta property=\"og:url\" content=\"https:\/\/radioljubuski.ba\/index.php\/2022\/07\/25\/sok-za-prvake-preokret-zeljeznicara-za-prvi-poraz-plemica-nakon-10-mjeseci\/\" \/>\n<meta property=\"og:site_name\" content=\"RADIO LJUBU\u0160KI\" \/>\n<meta property=\"article:publisher\" content=\"https:\/\/www.facebook.com\/Radiio-Ljubuski-1490835324566332\" \/>\n<meta property=\"article:published_time\" content=\"2022-07-25T07:05:04+00:00\" \/>\n<meta property=\"article:modified_time\" content=\"2022-07-25T07:05:05+00:00\" \/>\n<meta property=\"og:image\" content=\"https:\/\/radioljubuski.ba\/wp-content\/uploads\/2022\/07\/zrinj.jpg\" \/>\n\t<meta property=\"og:image:width\" content=\"275\" \/>\n\t<meta property=\"og:image:height\" content=\"183\" \/>\n\t<meta property=\"og:image:type\" content=\"image\/jpeg\" \/>\n<meta name=\"author\" content=\"Radio Ljubu\u0161ki\" \/>\n<meta name=\"twitter:card\" content=\"summary_large_image\" \/>\n<meta name=\"twitter:creator\" content=\"@radioljubuski\" \/>\n<meta name=\"twitter:site\" content=\"@radioljubuski\" \/>\n<meta name=\"twitter:label1\" content=\"Napisao\/la\" \/>\n\t<meta name=\"twitter:data1\" content=\"Radio Ljubu\u0161ki\" \/>\n\t<meta name=\"twitter:label2\" content=\"Procijenjeno vrijeme \u010ditanja\" \/>\n\t<meta name=\"twitter:data2\" content=\"2 minute\" \/>\n<script type=\"application\/ld+json\" class=\"yoast-schema-graph\">{\"@context\":\"https:\\\/\\\/schema.org\",\"@graph\":[{\"@type\":\"Article\",\"@id\":\"https:\\\/\\\/radioljubuski.ba\\\/index.php\\\/2022\\\/07\\\/25\\\/sok-za-prvake-preokret-zeljeznicara-za-prvi-poraz-plemica-nakon-10-mjeseci\\\/#article\",\"isPartOf\":{\"@id\":\"https:\\\/\\\/radioljubuski.ba\\\/index.php\\\/2022\\\/07\\\/25\\\/sok-za-prvake-preokret-zeljeznicara-za-prvi-poraz-plemica-nakon-10-mjeseci\\\/\"},\"author\":{\"name\":\"Radio Ljubu\u0161ki\",\"@id\":\"https:\\\/\\\/radioljubuski.ba\\\/#\\\/schema\\\/person\\\/19fc700381a780f69665d7956c469e3b\"},\"headline\":\"\u0160ok za prvake: Preokret \u017deljezni\u010dara za prvi poraz Plemi\u0107a nakon 10 mjeseci!\",\"datePublished\":\"2022-07-25T07:05:04+00:00\",\"dateModified\":\"2022-07-25T07:05:05+00:00\",\"mainEntityOfPage\":{\"@id\":\"https:\\\/\\\/radioljubuski.ba\\\/index.php\\\/2022\\\/07\\\/25\\\/sok-za-prvake-preokret-zeljeznicara-za-prvi-poraz-plemica-nakon-10-mjeseci\\\/\"},\"wordCount\":266,\"publisher\":{\"@id\":\"https:\\\/\\\/radioljubuski.ba\\\/#organization\"},\"image\":{\"@id\":\"https:\\\/\\\/radioljubuski.ba\\\/index.php\\\/2022\\\/07\\\/25\\\/sok-za-prvake-preokret-zeljeznicara-za-prvi-poraz-plemica-nakon-10-mjeseci\\\/#primaryimage\"},\"thumbnailUrl\":\"https:\\\/\\\/radioljubuski.ba\\\/wp-content\\\/uploads\\\/2022\\\/07\\\/zrinj.jpg\",\"articleSection\":[\"\u0160port\"],\"inLanguage\":\"hr\"},{\"@type\":\"WebPage\",\"@id\":\"https:\\\/\\\/radioljubuski.ba\\\/index.php\\\/2022\\\/07\\\/25\\\/sok-za-prvake-preokret-zeljeznicara-za-prvi-poraz-plemica-nakon-10-mjeseci\\\/\",\"url\":\"https:\\\/\\\/radioljubuski.ba\\\/index.php\\\/2022\\\/07\\\/25\\\/sok-za-prvake-preokret-zeljeznicara-za-prvi-poraz-plemica-nakon-10-mjeseci\\\/\",\"name\":\"\u0160ok za prvake: Preokret \u017deljezni\u010dara za prvi poraz Plemi\u0107a nakon 10 mjeseci! - RADIO LJUBU\u0160KI\",\"isPartOf\":{\"@id\":\"https:\\\/\\\/radioljubuski.ba\\\/#website\"},\"primaryImageOfPage\":{\"@id\":\"https:\\\/\\\/radioljubuski.ba\\\/index.php\\\/2022\\\/07\\\/25\\\/sok-za-prvake-preokret-zeljeznicara-za-prvi-poraz-plemica-nakon-10-mjeseci\\\/#primaryimage\"},\"image\":{\"@id\":\"https:\\\/\\\/radioljubuski.ba\\\/index.php\\\/2022\\\/07\\\/25\\\/sok-za-prvake-preokret-zeljeznicara-za-prvi-poraz-plemica-nakon-10-mjeseci\\\/#primaryimage\"},\"thumbnailUrl\":\"https:\\\/\\\/radioljubuski.ba\\\/wp-content\\\/uploads\\\/2022\\\/07\\\/zrinj.jpg\",\"datePublished\":\"2022-07-25T07:05:04+00:00\",\"dateModified\":\"2022-07-25T07:05:05+00:00\",\"breadcrumb\":{\"@id\":\"https:\\\/\\\/radioljubuski.ba\\\/index.php\\\/2022\\\/07\\\/25\\\/sok-za-prvake-preokret-zeljeznicara-za-prvi-poraz-plemica-nakon-10-mjeseci\\\/#breadcrumb\"},\"inLanguage\":\"hr\",\"potentialAction\":[{\"@type\":\"ReadAction\",\"target\":[\"https:\\\/\\\/radioljubuski.ba\\\/index.php\\\/2022\\\/07\\\/25\\\/sok-za-prvake-preokret-zeljeznicara-za-prvi-poraz-plemica-nakon-10-mjeseci\\\/\"]}]},{\"@type\":\"ImageObject\",\"inLanguage\":\"hr\",\"@id\":\"https:\\\/\\\/radioljubuski.ba\\\/index.php\\\/2022\\\/07\\\/25\\\/sok-za-prvake-preokret-zeljeznicara-za-prvi-poraz-plemica-nakon-10-mjeseci\\\/#primaryimage\",\"url\":\"https:\\\/\\\/radioljubuski.ba\\\/wp-content\\\/uploads\\\/2022\\\/07\\\/zrinj.jpg\",\"contentUrl\":\"https:\\\/\\\/radioljubuski.ba\\\/wp-content\\\/uploads\\\/2022\\\/07\\\/zrinj.jpg\",\"width\":275,\"height\":183},{\"@type\":\"BreadcrumbList\",\"@id\":\"https:\\\/\\\/radioljubuski.ba\\\/index.php\\\/2022\\\/07\\\/25\\\/sok-za-prvake-preokret-zeljeznicara-za-prvi-poraz-plemica-nakon-10-mjeseci\\\/#breadcrumb\",\"itemListElement\":[{\"@type\":\"ListItem\",\"position\":1,\"name\":\"Po\u010detna stranica\",\"item\":\"https:\\\/\\\/radioljubuski.ba\\\/\"},{\"@type\":\"ListItem\",\"position\":2,\"name\":\"\u0160ok za prvake: Preokret \u017deljezni\u010dara za prvi poraz Plemi\u0107a nakon 10 mjeseci!\"}]},{\"@type\":\"WebSite\",\"@id\":\"https:\\\/\\\/radioljubuski.ba\\\/#website\",\"url\":\"https:\\\/\\\/radioljubuski.ba\\\/\",\"name\":\"Radio Ljubu\u0161ki\",\"description\":\"Sun\u010dana frekvencija Hercegovine\",\"publisher\":{\"@id\":\"https:\\\/\\\/radioljubuski.ba\\\/#organization\"},\"potentialAction\":[{\"@type\":\"SearchAction\",\"target\":{\"@type\":\"EntryPoint\",\"urlTemplate\":\"https:\\\/\\\/radioljubuski.ba\\\/?s={search_term_string}\"},\"query-input\":{\"@type\":\"PropertyValueSpecification\",\"valueRequired\":true,\"valueName\":\"search_term_string\"}}],\"inLanguage\":\"hr\"},{\"@type\":\"Organization\",\"@id\":\"https:\\\/\\\/radioljubuski.ba\\\/#organization\",\"name\":\"Radio Ljubu\u0161ki\",\"url\":\"https:\\\/\\\/radioljubuski.ba\\\/\",\"logo\":{\"@type\":\"ImageObject\",\"inLanguage\":\"hr\",\"@id\":\"https:\\\/\\\/radioljubuski.ba\\\/#\\\/schema\\\/logo\\\/image\\\/\",\"url\":\"https:\\\/\\\/radioljubuski.ba\\\/wp-content\\\/uploads\\\/2021\\\/02\\\/cropped-Radio_Ljubuski_logo1.jpg\",\"contentUrl\":\"https:\\\/\\\/radioljubuski.ba\\\/wp-content\\\/uploads\\\/2021\\\/02\\\/cropped-Radio_Ljubuski_logo1.jpg\",\"width\":512,\"height\":512,\"caption\":\"Radio Ljubu\u0161ki\"},\"image\":{\"@id\":\"https:\\\/\\\/radioljubuski.ba\\\/#\\\/schema\\\/logo\\\/image\\\/\"},\"sameAs\":[\"https:\\\/\\\/www.facebook.com\\\/Radiio-Ljubuski-1490835324566332\",\"https:\\\/\\\/x.com\\\/radioljubuski\",\"https:\\\/\\\/hr.linkedin.com\\\/company\\\/radio-ljubuski\",\"https:\\\/\\\/www.youtube.com\\\/channel\\\/UCHYaeO_n0Db3tjNGudGpXyw\"]},{\"@type\":\"Person\",\"@id\":\"https:\\\/\\\/radioljubuski.ba\\\/#\\\/schema\\\/person\\\/19fc700381a780f69665d7956c469e3b\",\"name\":\"Radio Ljubu\u0161ki\"}]}<\/script>\n<!-- \/ Yoast SEO plugin. -->","yoast_head_json":{"title":"\u0160ok za prvake: Preokret \u017deljezni\u010dara za prvi poraz Plemi\u0107a nakon 10 mjeseci! - RADIO LJUBU\u0160KI","robots":{"index":"index","follow":"follow","max-snippet":"max-snippet:-1","max-image-preview":"max-image-preview:large","max-video-preview":"max-video-preview:-1"},"canonical":"https:\/\/radioljubuski.ba\/index.php\/2022\/07\/25\/sok-za-prvake-preokret-zeljeznicara-za-prvi-poraz-plemica-nakon-10-mjeseci\/","og_locale":"hr_HR","og_type":"article","og_title":"\u0160ok za prvake: Preokret \u017deljezni\u010dara za prvi poraz Plemi\u0107a nakon 10 mjeseci! - RADIO LJUBU\u0160KI","og_description":"Zrinjski i \u017deljezni\u010dar odigrali su 1:2 u utakmici koja je bila prva premijerliga\u0161ka za aktualnog prvaka u novoj sezoni. Zrinjski nije uspio nastaviti tamo gdje je stao pro\u0161le sezone. Ne samo da nije uspio nastaviti niz pobjeda iz pro\u0161le sezone, nego je do\u017eivio prvi premijerliga\u0161ki poraz nakon rujna pro\u0161le godine. \u017deljezni\u010dar je slavio s 2:1 [&hellip;]","og_url":"https:\/\/radioljubuski.ba\/index.php\/2022\/07\/25\/sok-za-prvake-preokret-zeljeznicara-za-prvi-poraz-plemica-nakon-10-mjeseci\/","og_site_name":"RADIO LJUBU\u0160KI","article_publisher":"https:\/\/www.facebook.com\/Radiio-Ljubuski-1490835324566332","article_published_time":"2022-07-25T07:05:04+00:00","article_modified_time":"2022-07-25T07:05:05+00:00","og_image":[{"width":275,"height":183,"url":"https:\/\/radioljubuski.ba\/wp-content\/uploads\/2022\/07\/zrinj.jpg","type":"image\/jpeg"}],"author":"Radio Ljubu\u0161ki","twitter_card":"summary_large_image","twitter_creator":"@radioljubuski","twitter_site":"@radioljubuski","twitter_misc":{"Napisao\/la":"Radio Ljubu\u0161ki","Procijenjeno vrijeme \u010ditanja":"2 minute"},"schema":{"@context":"https:\/\/schema.org","@graph":[{"@type":"Article","@id":"https:\/\/radioljubuski.ba\/index.php\/2022\/07\/25\/sok-za-prvake-preokret-zeljeznicara-za-prvi-poraz-plemica-nakon-10-mjeseci\/#article","isPartOf":{"@id":"https:\/\/radioljubuski.ba\/index.php\/2022\/07\/25\/sok-za-prvake-preokret-zeljeznicara-za-prvi-poraz-plemica-nakon-10-mjeseci\/"},"author":{"name":"Radio Ljubu\u0161ki","@id":"https:\/\/radioljubuski.ba\/#\/schema\/person\/19fc700381a780f69665d7956c469e3b"},"headline":"\u0160ok za prvake: Preokret \u017deljezni\u010dara za prvi poraz Plemi\u0107a nakon 10 mjeseci!","datePublished":"2022-07-25T07:05:04+00:00","dateModified":"2022-07-25T07:05:05+00:00","mainEntityOfPage":{"@id":"https:\/\/radioljubuski.ba\/index.php\/2022\/07\/25\/sok-za-prvake-preokret-zeljeznicara-za-prvi-poraz-plemica-nakon-10-mjeseci\/"},"wordCount":266,"publisher":{"@id":"https:\/\/radioljubuski.ba\/#organization"},"image":{"@id":"https:\/\/radioljubuski.ba\/index.php\/2022\/07\/25\/sok-za-prvake-preokret-zeljeznicara-za-prvi-poraz-plemica-nakon-10-mjeseci\/#primaryimage"},"thumbnailUrl":"https:\/\/radioljubuski.ba\/wp-content\/uploads\/2022\/07\/zrinj.jpg","articleSection":["\u0160port"],"inLanguage":"hr"},{"@type":"WebPage","@id":"https:\/\/radioljubuski.ba\/index.php\/2022\/07\/25\/sok-za-prvake-preokret-zeljeznicara-za-prvi-poraz-plemica-nakon-10-mjeseci\/","url":"https:\/\/radioljubuski.ba\/index.php\/2022\/07\/25\/sok-za-prvake-preokret-zeljeznicara-za-prvi-poraz-plemica-nakon-10-mjeseci\/","name":"\u0160ok za prvake: Preokret \u017deljezni\u010dara za prvi poraz Plemi\u0107a nakon 10 mjeseci! - RADIO LJUBU\u0160KI","isPartOf":{"@id":"https:\/\/radioljubuski.ba\/#website"},"primaryImageOfPage":{"@id":"https:\/\/radioljubuski.ba\/index.php\/2022\/07\/25\/sok-za-prvake-preokret-zeljeznicara-za-prvi-poraz-plemica-nakon-10-mjeseci\/#primaryimage"},"image":{"@id":"https:\/\/radioljubuski.ba\/index.php\/2022\/07\/25\/sok-za-prvake-preokret-zeljeznicara-za-prvi-poraz-plemica-nakon-10-mjeseci\/#primaryimage"},"thumbnailUrl":"https:\/\/radioljubuski.ba\/wp-content\/uploads\/2022\/07\/zrinj.jpg","datePublished":"2022-07-25T07:05:04+00:00","dateModified":"2022-07-25T07:05:05+00:00","breadcrumb":{"@id":"https:\/\/radioljubuski.ba\/index.php\/2022\/07\/25\/sok-za-prvake-preokret-zeljeznicara-za-prvi-poraz-plemica-nakon-10-mjeseci\/#breadcrumb"},"inLanguage":"hr","potentialAction":[{"@type":"ReadAction","target":["https:\/\/radioljubuski.ba\/index.php\/2022\/07\/25\/sok-za-prvake-preokret-zeljeznicara-za-prvi-poraz-plemica-nakon-10-mjeseci\/"]}]},{"@type":"ImageObject","inLanguage":"hr","@id":"https:\/\/radioljubuski.ba\/index.php\/2022\/07\/25\/sok-za-prvake-preokret-zeljeznicara-za-prvi-poraz-plemica-nakon-10-mjeseci\/#primaryimage","url":"https:\/\/radioljubuski.ba\/wp-content\/uploads\/2022\/07\/zrinj.jpg","contentUrl":"https:\/\/radioljubuski.ba\/wp-content\/uploads\/2022\/07\/zrinj.jpg","width":275,"height":183},{"@type":"BreadcrumbList","@id":"https:\/\/radioljubuski.ba\/index.php\/2022\/07\/25\/sok-za-prvake-preokret-zeljeznicara-za-prvi-poraz-plemica-nakon-10-mjeseci\/#breadcrumb","itemListElement":[{"@type":"ListItem","position":1,"name":"Po\u010detna stranica","item":"https:\/\/radioljubuski.ba\/"},{"@type":"ListItem","position":2,"name":"\u0160ok za prvake: Preokret \u017deljezni\u010dara za prvi poraz Plemi\u0107a nakon 10 mjeseci!"}]},{"@type":"WebSite","@id":"https:\/\/radioljubuski.ba\/#website","url":"https:\/\/radioljubuski.ba\/","name":"Radio Ljubu\u0161ki","description":"Sun\u010dana frekvencija Hercegovine","publisher":{"@id":"https:\/\/radioljubuski.ba\/#organization"},"potentialAction":[{"@type":"SearchAction","target":{"@type":"EntryPoint","urlTemplate":"https:\/\/radioljubuski.ba\/?s={search_term_string}"},"query-input":{"@type":"PropertyValueSpecification","valueRequired":true,"valueName":"search_term_string"}}],"inLanguage":"hr"},{"@type":"Organization","@id":"https:\/\/radioljubuski.ba\/#organization","name":"Radio Ljubu\u0161ki","url":"https:\/\/radioljubuski.ba\/","logo":{"@type":"ImageObject","inLanguage":"hr","@id":"https:\/\/radioljubuski.ba\/#\/schema\/logo\/image\/","url":"https:\/\/radioljubuski.ba\/wp-content\/uploads\/2021\/02\/cropped-Radio_Ljubuski_logo1.jpg","contentUrl":"https:\/\/radioljubuski.ba\/wp-content\/uploads\/2021\/02\/cropped-Radio_Ljubuski_logo1.jpg","width":512,"height":512,"caption":"Radio Ljubu\u0161ki"},"image":{"@id":"https:\/\/radioljubuski.ba\/#\/schema\/logo\/image\/"},"sameAs":["https:\/\/www.facebook.com\/Radiio-Ljubuski-1490835324566332","https:\/\/x.com\/radioljubuski","https:\/\/hr.linkedin.com\/company\/radio-ljubuski","https:\/\/www.youtube.com\/channel\/UCHYaeO_n0Db3tjNGudGpXyw"]},{"@type":"Person","@id":"https:\/\/radioljubuski.ba\/#\/schema\/person\/19fc700381a780f69665d7956c469e3b","name":"Radio Ljubu\u0161ki"}]}},"_links":{"self":[{"href":"https:\/\/radioljubuski.ba\/index.php\/wp-json\/wp\/v2\/posts\/162984","targetHints":{"allow":["GET"]}}],"collection":[{"href":"https:\/\/radioljubuski.ba\/index.php\/wp-json\/wp\/v2\/posts"}],"about":[{"href":"https:\/\/radioljubuski.ba\/index.php\/wp-json\/wp\/v2\/types\/post"}],"author":[{"embeddable":true,"href":"https:\/\/radioljubuski.ba\/index.php\/wp-json\/wp\/v2\/users\/2"}],"replies":[{"embeddable":true,"href":"https:\/\/radioljubuski.ba\/index.php\/wp-json\/wp\/v2\/comments?post=162984"}],"version-history":[{"count":1,"href":"https:\/\/radioljubuski.ba\/index.php\/wp-json\/wp\/v2\/posts\/162984\/revisions"}],"predecessor-version":[{"id":162991,"href":"https:\/\/radioljubuski.ba\/index.php\/wp-json\/wp\/v2\/posts\/162984\/revisions\/162991"}],"wp:featuredmedia":[{"embeddable":true,"href":"https:\/\/radioljubuski.ba\/index.php\/wp-json\/wp\/v2\/media\/162990"}],"wp:attachment":[{"href":"https:\/\/radioljubuski.ba\/index.php\/wp-json\/wp\/v2\/media?parent=162984"}],"wp:term":[{"taxonomy":"category","embeddable":true,"href":"https:\/\/radioljubuski.ba\/index.php\/wp-json\/wp\/v2\/categories?post=162984"},{"taxonomy":"post_tag","embeddable":true,"href":"https:\/\/radioljubuski.ba\/index.php\/wp-json\/wp\/v2\/tags?post=162984"}],"curies":[{"name":"wp","href":"https:\/\/api.w.org\/{rel}","templated":true}]}}