{"id":163034,"date":"2022-07-25T09:48:14","date_gmt":"2022-07-25T08:48:14","guid":{"rendered":"https:\/\/radioljubuski.ba\/?p=163034"},"modified":"2022-07-25T09:48:15","modified_gmt":"2022-07-25T08:48:15","slug":"ep-hzhb-trazi-pomoc-ep-bih-problemi-oko-isporuke-struje-korisnicima","status":"publish","type":"post","link":"https:\/\/radioljubuski.ba\/index.php\/2022\/07\/25\/ep-hzhb-trazi-pomoc-ep-bih-problemi-oko-isporuke-struje-korisnicima\/","title":{"rendered":"EP HZHB tra\u017ei pomo\u0107 EP BiH: Problemi oko isporuke struje korisnicima"},"content":{"rendered":"\n<p>Elektroprivreda HZHB, sude\u0107i prema posljednjem dopisu koji su uputili vladi Federacije BiH nalazi se u ozbiljnim problemima kada je u pitanju isporuka elektri\u010dne energije krajnjim korisnicima. <\/p>\n\n\n\n<p>Kako ka\u017eu u dopisu, JP &#8220;Elektroprivreda HZ Herceg Bosne&#8221; d.d. Mostar je u\u0161la u razdoblje kada je uredno snabdijevanje na\u0161ih potro\u0161a\u010da polako postalo upitno, kako potro\u0161a\u010da iz kategorije univerzalne usluge tako i potro\u0161a\u010da iz kategorije tr\u017ei\u0161ne ponude. <\/p>\n\n\n\n<p>&#8220;Potrebno je da Vlada FBiH hitno razmotri novonastalu situaciju po pitanju snabdijevanja elektri\u010dnom energijom unutar Federacije BiH, s obzirom na ekstremno su\u0161nu hidrologiju i ekstremno visoke temperature koje se najavljuju, da donese odluku kojom \u0107e se garantirati redovitu opskrbu elektri\u010dnom energijom svih kupaca u FBiH i cjelokupne industrije u FBIH&#8221;, navode u dopisu. <\/p>\n\n\n\n<p>Kao jedan od prijedloga predla\u017eu da se do kraja septembra ove godine zabrani prodaja odnosno izvoz elektri\u010dne energije van BiH u oba elektroprivredna poduze\u0107a u FBiH direktno ili indirektno preko drugih trgovaca registriranih u BiH, do ispunjenja potpunog snabdijevanje na teritoriji Federacije Bosne i Hercegovine. <\/p>\n\n\n\n<p>Slijedom navedenog, \u017eelim da donesete odluku da Elektroprivreda BIH Sarajevo ponudi sve svoje pozive za elektri\u010dnu energiju u mjesecu kolovozu i rujnu Elektroprivredi HZHB po tr\u017ei\u0161noj ili drugoj cijeni koju odredi Vlada FBiH kao ve\u0107inski vlasnik obje elektrane s odgodom pla\u0107anja od najmanje 90 dana, a sve u cilju osiguranja redovnog snabdijevanja svih kupaca na podru\u010dju Federacije BiH&#8221;, navode iz Elektroprivrede HZHB. <\/p>\n\n\n\n<p>Pitali su i da li su Vlada FBiH i Parlament FBiH svojom Odlukom o produ\u017eenju rada pojedinih termoblokova u Kaknju i Tuzli osigurali dodatnu energiju samo za potro\u0161a\u010de\/kupce samo jednog dijela Federacije Bosne i Hercegovine ili za sve potro\u0161a\u010de\/kupce u Bosni i Hercegovini. <\/p>\n\n\n\n<p>&#8220;Budu\u0107i da je svakim danom na tr\u017ei\u0161tu sve manje energije, ne mo\u017eemo ni nabaviti potrebnu koli\u010dinu elektri\u010dne energije. Na primjer, navodimo da smo do sada dobivali ponude od raznih trgovaca za kupovinu energije, a u zadnjih 15 dana smo svedeni na samo 3 ponude, a za kupovinu energije u naredne tri sedmice smo primili ponudu samo od jednog trgovca\/ponu\u0111a\u010da&#8221;, istaknuli su.<\/p>\n\n\n\n<p><strong>Izvor: Bljesak.info<\/strong><\/p>\n","protected":false},"excerpt":{"rendered":"<p>Elektroprivreda HZHB, sude\u0107i prema posljednjem dopisu koji su uputili vladi Federacije BiH nalazi se u ozbiljnim problemima kada je u pitanju isporuka elektri\u010dne energije krajnjim korisnicima. Kako ka\u017eu u dopisu, JP &#8220;Elektroprivreda HZ Herceg Bosne&#8221; d.d. Mostar je u\u0161la u razdoblje kada je uredno snabdijevanje na\u0161ih potro\u0161a\u010da polako postalo upitno, kako potro\u0161a\u010da iz kategorije univerzalne [&hellip;]<\/p>\n","protected":false},"author":2,"featured_media":132640,"comment_status":"closed","ping_status":"closed","sticky":false,"template":"","format":"standard","meta":{"h5ap_radio_sources":[],"footnotes":""},"categories":[1],"tags":[],"class_list":["post-163034","post","type-post","status-publish","format-standard","has-post-thumbnail","hentry","category-bihiregija"],"yoast_head":"<!-- This site is optimized with the Yoast SEO plugin v27.5 - https:\/\/yoast.com\/product\/yoast-seo-wordpress\/ -->\n<title>EP HZHB tra\u017ei pomo\u0107 EP BiH: Problemi oko isporuke struje korisnicima - RADIO LJUBU\u0160KI<\/title>\n<meta name=\"robots\" content=\"index, follow, max-snippet:-1, max-image-preview:large, max-video-preview:-1\" \/>\n<link rel=\"canonical\" href=\"https:\/\/radioljubuski.ba\/index.php\/2022\/07\/25\/ep-hzhb-trazi-pomoc-ep-bih-problemi-oko-isporuke-struje-korisnicima\/\" \/>\n<meta property=\"og:locale\" content=\"hr_HR\" \/>\n<meta property=\"og:type\" content=\"article\" \/>\n<meta property=\"og:title\" content=\"EP HZHB tra\u017ei pomo\u0107 EP BiH: Problemi oko isporuke struje korisnicima - RADIO LJUBU\u0160KI\" \/>\n<meta property=\"og:description\" content=\"Elektroprivreda HZHB, sude\u0107i prema posljednjem dopisu koji su uputili vladi Federacije BiH nalazi se u ozbiljnim problemima kada je u pitanju isporuka elektri\u010dne energije krajnjim korisnicima. Kako ka\u017eu u dopisu, JP &#8220;Elektroprivreda HZ Herceg Bosne&#8221; d.d. Mostar je u\u0161la u razdoblje kada je uredno snabdijevanje na\u0161ih potro\u0161a\u010da polako postalo upitno, kako potro\u0161a\u010da iz kategorije univerzalne [&hellip;]\" \/>\n<meta property=\"og:url\" content=\"https:\/\/radioljubuski.ba\/index.php\/2022\/07\/25\/ep-hzhb-trazi-pomoc-ep-bih-problemi-oko-isporuke-struje-korisnicima\/\" \/>\n<meta property=\"og:site_name\" content=\"RADIO LJUBU\u0160KI\" \/>\n<meta property=\"article:publisher\" content=\"https:\/\/www.facebook.com\/Radiio-Ljubuski-1490835324566332\" \/>\n<meta property=\"article:published_time\" content=\"2022-07-25T08:48:14+00:00\" \/>\n<meta property=\"article:modified_time\" content=\"2022-07-25T08:48:15+00:00\" \/>\n<meta property=\"og:image\" content=\"https:\/\/radioljubuski.ba\/wp-content\/uploads\/2022\/04\/8-2022-04-14-13-40-58-Struja_juli2021_arhiv.jpg\" \/>\n\t<meta property=\"og:image:width\" content=\"1000\" \/>\n\t<meta property=\"og:image:height\" content=\"625\" \/>\n\t<meta property=\"og:image:type\" content=\"image\/jpeg\" \/>\n<meta name=\"author\" content=\"Radio Ljubu\u0161ki\" \/>\n<meta name=\"twitter:card\" content=\"summary_large_image\" \/>\n<meta name=\"twitter:creator\" content=\"@radioljubuski\" \/>\n<meta name=\"twitter:site\" content=\"@radioljubuski\" \/>\n<meta name=\"twitter:label1\" content=\"Napisao\/la\" \/>\n\t<meta name=\"twitter:data1\" content=\"Radio Ljubu\u0161ki\" \/>\n\t<meta name=\"twitter:label2\" content=\"Procijenjeno vrijeme \u010ditanja\" \/>\n\t<meta name=\"twitter:data2\" content=\"2 minute\" \/>\n<script type=\"application\/ld+json\" class=\"yoast-schema-graph\">{\"@context\":\"https:\\\/\\\/schema.org\",\"@graph\":[{\"@type\":\"Article\",\"@id\":\"https:\\\/\\\/radioljubuski.ba\\\/index.php\\\/2022\\\/07\\\/25\\\/ep-hzhb-trazi-pomoc-ep-bih-problemi-oko-isporuke-struje-korisnicima\\\/#article\",\"isPartOf\":{\"@id\":\"https:\\\/\\\/radioljubuski.ba\\\/index.php\\\/2022\\\/07\\\/25\\\/ep-hzhb-trazi-pomoc-ep-bih-problemi-oko-isporuke-struje-korisnicima\\\/\"},\"author\":{\"name\":\"Radio Ljubu\u0161ki\",\"@id\":\"https:\\\/\\\/radioljubuski.ba\\\/#\\\/schema\\\/person\\\/19fc700381a780f69665d7956c469e3b\"},\"headline\":\"EP HZHB tra\u017ei pomo\u0107 EP BiH: Problemi oko isporuke struje korisnicima\",\"datePublished\":\"2022-07-25T08:48:14+00:00\",\"dateModified\":\"2022-07-25T08:48:15+00:00\",\"mainEntityOfPage\":{\"@id\":\"https:\\\/\\\/radioljubuski.ba\\\/index.php\\\/2022\\\/07\\\/25\\\/ep-hzhb-trazi-pomoc-ep-bih-problemi-oko-isporuke-struje-korisnicima\\\/\"},\"wordCount\":381,\"publisher\":{\"@id\":\"https:\\\/\\\/radioljubuski.ba\\\/#organization\"},\"image\":{\"@id\":\"https:\\\/\\\/radioljubuski.ba\\\/index.php\\\/2022\\\/07\\\/25\\\/ep-hzhb-trazi-pomoc-ep-bih-problemi-oko-isporuke-struje-korisnicima\\\/#primaryimage\"},\"thumbnailUrl\":\"https:\\\/\\\/radioljubuski.ba\\\/wp-content\\\/uploads\\\/2022\\\/04\\\/8-2022-04-14-13-40-58-Struja_juli2021_arhiv.jpg\",\"articleSection\":[\"BIH i regija\"],\"inLanguage\":\"hr\"},{\"@type\":\"WebPage\",\"@id\":\"https:\\\/\\\/radioljubuski.ba\\\/index.php\\\/2022\\\/07\\\/25\\\/ep-hzhb-trazi-pomoc-ep-bih-problemi-oko-isporuke-struje-korisnicima\\\/\",\"url\":\"https:\\\/\\\/radioljubuski.ba\\\/index.php\\\/2022\\\/07\\\/25\\\/ep-hzhb-trazi-pomoc-ep-bih-problemi-oko-isporuke-struje-korisnicima\\\/\",\"name\":\"EP HZHB tra\u017ei pomo\u0107 EP BiH: Problemi oko isporuke struje korisnicima - RADIO LJUBU\u0160KI\",\"isPartOf\":{\"@id\":\"https:\\\/\\\/radioljubuski.ba\\\/#website\"},\"primaryImageOfPage\":{\"@id\":\"https:\\\/\\\/radioljubuski.ba\\\/index.php\\\/2022\\\/07\\\/25\\\/ep-hzhb-trazi-pomoc-ep-bih-problemi-oko-isporuke-struje-korisnicima\\\/#primaryimage\"},\"image\":{\"@id\":\"https:\\\/\\\/radioljubuski.ba\\\/index.php\\\/2022\\\/07\\\/25\\\/ep-hzhb-trazi-pomoc-ep-bih-problemi-oko-isporuke-struje-korisnicima\\\/#primaryimage\"},\"thumbnailUrl\":\"https:\\\/\\\/radioljubuski.ba\\\/wp-content\\\/uploads\\\/2022\\\/04\\\/8-2022-04-14-13-40-58-Struja_juli2021_arhiv.jpg\",\"datePublished\":\"2022-07-25T08:48:14+00:00\",\"dateModified\":\"2022-07-25T08:48:15+00:00\",\"breadcrumb\":{\"@id\":\"https:\\\/\\\/radioljubuski.ba\\\/index.php\\\/2022\\\/07\\\/25\\\/ep-hzhb-trazi-pomoc-ep-bih-problemi-oko-isporuke-struje-korisnicima\\\/#breadcrumb\"},\"inLanguage\":\"hr\",\"potentialAction\":[{\"@type\":\"ReadAction\",\"target\":[\"https:\\\/\\\/radioljubuski.ba\\\/index.php\\\/2022\\\/07\\\/25\\\/ep-hzhb-trazi-pomoc-ep-bih-problemi-oko-isporuke-struje-korisnicima\\\/\"]}]},{\"@type\":\"ImageObject\",\"inLanguage\":\"hr\",\"@id\":\"https:\\\/\\\/radioljubuski.ba\\\/index.php\\\/2022\\\/07\\\/25\\\/ep-hzhb-trazi-pomoc-ep-bih-problemi-oko-isporuke-struje-korisnicima\\\/#primaryimage\",\"url\":\"https:\\\/\\\/radioljubuski.ba\\\/wp-content\\\/uploads\\\/2022\\\/04\\\/8-2022-04-14-13-40-58-Struja_juli2021_arhiv.jpg\",\"contentUrl\":\"https:\\\/\\\/radioljubuski.ba\\\/wp-content\\\/uploads\\\/2022\\\/04\\\/8-2022-04-14-13-40-58-Struja_juli2021_arhiv.jpg\",\"width\":1000,\"height\":625},{\"@type\":\"BreadcrumbList\",\"@id\":\"https:\\\/\\\/radioljubuski.ba\\\/index.php\\\/2022\\\/07\\\/25\\\/ep-hzhb-trazi-pomoc-ep-bih-problemi-oko-isporuke-struje-korisnicima\\\/#breadcrumb\",\"itemListElement\":[{\"@type\":\"ListItem\",\"position\":1,\"name\":\"Po\u010detna stranica\",\"item\":\"https:\\\/\\\/radioljubuski.ba\\\/\"},{\"@type\":\"ListItem\",\"position\":2,\"name\":\"EP HZHB tra\u017ei pomo\u0107 EP BiH: Problemi oko isporuke struje korisnicima\"}]},{\"@type\":\"WebSite\",\"@id\":\"https:\\\/\\\/radioljubuski.ba\\\/#website\",\"url\":\"https:\\\/\\\/radioljubuski.ba\\\/\",\"name\":\"Radio Ljubu\u0161ki\",\"description\":\"Sun\u010dana frekvencija Hercegovine\",\"publisher\":{\"@id\":\"https:\\\/\\\/radioljubuski.ba\\\/#organization\"},\"potentialAction\":[{\"@type\":\"SearchAction\",\"target\":{\"@type\":\"EntryPoint\",\"urlTemplate\":\"https:\\\/\\\/radioljubuski.ba\\\/?s={search_term_string}\"},\"query-input\":{\"@type\":\"PropertyValueSpecification\",\"valueRequired\":true,\"valueName\":\"search_term_string\"}}],\"inLanguage\":\"hr\"},{\"@type\":\"Organization\",\"@id\":\"https:\\\/\\\/radioljubuski.ba\\\/#organization\",\"name\":\"Radio Ljubu\u0161ki\",\"url\":\"https:\\\/\\\/radioljubuski.ba\\\/\",\"logo\":{\"@type\":\"ImageObject\",\"inLanguage\":\"hr\",\"@id\":\"https:\\\/\\\/radioljubuski.ba\\\/#\\\/schema\\\/logo\\\/image\\\/\",\"url\":\"https:\\\/\\\/radioljubuski.ba\\\/wp-content\\\/uploads\\\/2021\\\/02\\\/cropped-Radio_Ljubuski_logo1.jpg\",\"contentUrl\":\"https:\\\/\\\/radioljubuski.ba\\\/wp-content\\\/uploads\\\/2021\\\/02\\\/cropped-Radio_Ljubuski_logo1.jpg\",\"width\":512,\"height\":512,\"caption\":\"Radio Ljubu\u0161ki\"},\"image\":{\"@id\":\"https:\\\/\\\/radioljubuski.ba\\\/#\\\/schema\\\/logo\\\/image\\\/\"},\"sameAs\":[\"https:\\\/\\\/www.facebook.com\\\/Radiio-Ljubuski-1490835324566332\",\"https:\\\/\\\/x.com\\\/radioljubuski\",\"https:\\\/\\\/hr.linkedin.com\\\/company\\\/radio-ljubuski\",\"https:\\\/\\\/www.youtube.com\\\/channel\\\/UCHYaeO_n0Db3tjNGudGpXyw\"]},{\"@type\":\"Person\",\"@id\":\"https:\\\/\\\/radioljubuski.ba\\\/#\\\/schema\\\/person\\\/19fc700381a780f69665d7956c469e3b\",\"name\":\"Radio Ljubu\u0161ki\"}]}<\/script>\n<!-- \/ Yoast SEO plugin. -->","yoast_head_json":{"title":"EP HZHB tra\u017ei pomo\u0107 EP BiH: Problemi oko isporuke struje korisnicima - RADIO LJUBU\u0160KI","robots":{"index":"index","follow":"follow","max-snippet":"max-snippet:-1","max-image-preview":"max-image-preview:large","max-video-preview":"max-video-preview:-1"},"canonical":"https:\/\/radioljubuski.ba\/index.php\/2022\/07\/25\/ep-hzhb-trazi-pomoc-ep-bih-problemi-oko-isporuke-struje-korisnicima\/","og_locale":"hr_HR","og_type":"article","og_title":"EP HZHB tra\u017ei pomo\u0107 EP BiH: Problemi oko isporuke struje korisnicima - RADIO LJUBU\u0160KI","og_description":"Elektroprivreda HZHB, sude\u0107i prema posljednjem dopisu koji su uputili vladi Federacije BiH nalazi se u ozbiljnim problemima kada je u pitanju isporuka elektri\u010dne energije krajnjim korisnicima. Kako ka\u017eu u dopisu, JP &#8220;Elektroprivreda HZ Herceg Bosne&#8221; d.d. Mostar je u\u0161la u razdoblje kada je uredno snabdijevanje na\u0161ih potro\u0161a\u010da polako postalo upitno, kako potro\u0161a\u010da iz kategorije univerzalne [&hellip;]","og_url":"https:\/\/radioljubuski.ba\/index.php\/2022\/07\/25\/ep-hzhb-trazi-pomoc-ep-bih-problemi-oko-isporuke-struje-korisnicima\/","og_site_name":"RADIO LJUBU\u0160KI","article_publisher":"https:\/\/www.facebook.com\/Radiio-Ljubuski-1490835324566332","article_published_time":"2022-07-25T08:48:14+00:00","article_modified_time":"2022-07-25T08:48:15+00:00","og_image":[{"width":1000,"height":625,"url":"https:\/\/radioljubuski.ba\/wp-content\/uploads\/2022\/04\/8-2022-04-14-13-40-58-Struja_juli2021_arhiv.jpg","type":"image\/jpeg"}],"author":"Radio Ljubu\u0161ki","twitter_card":"summary_large_image","twitter_creator":"@radioljubuski","twitter_site":"@radioljubuski","twitter_misc":{"Napisao\/la":"Radio Ljubu\u0161ki","Procijenjeno vrijeme \u010ditanja":"2 minute"},"schema":{"@context":"https:\/\/schema.org","@graph":[{"@type":"Article","@id":"https:\/\/radioljubuski.ba\/index.php\/2022\/07\/25\/ep-hzhb-trazi-pomoc-ep-bih-problemi-oko-isporuke-struje-korisnicima\/#article","isPartOf":{"@id":"https:\/\/radioljubuski.ba\/index.php\/2022\/07\/25\/ep-hzhb-trazi-pomoc-ep-bih-problemi-oko-isporuke-struje-korisnicima\/"},"author":{"name":"Radio Ljubu\u0161ki","@id":"https:\/\/radioljubuski.ba\/#\/schema\/person\/19fc700381a780f69665d7956c469e3b"},"headline":"EP HZHB tra\u017ei pomo\u0107 EP BiH: Problemi oko isporuke struje korisnicima","datePublished":"2022-07-25T08:48:14+00:00","dateModified":"2022-07-25T08:48:15+00:00","mainEntityOfPage":{"@id":"https:\/\/radioljubuski.ba\/index.php\/2022\/07\/25\/ep-hzhb-trazi-pomoc-ep-bih-problemi-oko-isporuke-struje-korisnicima\/"},"wordCount":381,"publisher":{"@id":"https:\/\/radioljubuski.ba\/#organization"},"image":{"@id":"https:\/\/radioljubuski.ba\/index.php\/2022\/07\/25\/ep-hzhb-trazi-pomoc-ep-bih-problemi-oko-isporuke-struje-korisnicima\/#primaryimage"},"thumbnailUrl":"https:\/\/radioljubuski.ba\/wp-content\/uploads\/2022\/04\/8-2022-04-14-13-40-58-Struja_juli2021_arhiv.jpg","articleSection":["BIH i regija"],"inLanguage":"hr"},{"@type":"WebPage","@id":"https:\/\/radioljubuski.ba\/index.php\/2022\/07\/25\/ep-hzhb-trazi-pomoc-ep-bih-problemi-oko-isporuke-struje-korisnicima\/","url":"https:\/\/radioljubuski.ba\/index.php\/2022\/07\/25\/ep-hzhb-trazi-pomoc-ep-bih-problemi-oko-isporuke-struje-korisnicima\/","name":"EP HZHB tra\u017ei pomo\u0107 EP BiH: Problemi oko isporuke struje korisnicima - RADIO LJUBU\u0160KI","isPartOf":{"@id":"https:\/\/radioljubuski.ba\/#website"},"primaryImageOfPage":{"@id":"https:\/\/radioljubuski.ba\/index.php\/2022\/07\/25\/ep-hzhb-trazi-pomoc-ep-bih-problemi-oko-isporuke-struje-korisnicima\/#primaryimage"},"image":{"@id":"https:\/\/radioljubuski.ba\/index.php\/2022\/07\/25\/ep-hzhb-trazi-pomoc-ep-bih-problemi-oko-isporuke-struje-korisnicima\/#primaryimage"},"thumbnailUrl":"https:\/\/radioljubuski.ba\/wp-content\/uploads\/2022\/04\/8-2022-04-14-13-40-58-Struja_juli2021_arhiv.jpg","datePublished":"2022-07-25T08:48:14+00:00","dateModified":"2022-07-25T08:48:15+00:00","breadcrumb":{"@id":"https:\/\/radioljubuski.ba\/index.php\/2022\/07\/25\/ep-hzhb-trazi-pomoc-ep-bih-problemi-oko-isporuke-struje-korisnicima\/#breadcrumb"},"inLanguage":"hr","potentialAction":[{"@type":"ReadAction","target":["https:\/\/radioljubuski.ba\/index.php\/2022\/07\/25\/ep-hzhb-trazi-pomoc-ep-bih-problemi-oko-isporuke-struje-korisnicima\/"]}]},{"@type":"ImageObject","inLanguage":"hr","@id":"https:\/\/radioljubuski.ba\/index.php\/2022\/07\/25\/ep-hzhb-trazi-pomoc-ep-bih-problemi-oko-isporuke-struje-korisnicima\/#primaryimage","url":"https:\/\/radioljubuski.ba\/wp-content\/uploads\/2022\/04\/8-2022-04-14-13-40-58-Struja_juli2021_arhiv.jpg","contentUrl":"https:\/\/radioljubuski.ba\/wp-content\/uploads\/2022\/04\/8-2022-04-14-13-40-58-Struja_juli2021_arhiv.jpg","width":1000,"height":625},{"@type":"BreadcrumbList","@id":"https:\/\/radioljubuski.ba\/index.php\/2022\/07\/25\/ep-hzhb-trazi-pomoc-ep-bih-problemi-oko-isporuke-struje-korisnicima\/#breadcrumb","itemListElement":[{"@type":"ListItem","position":1,"name":"Po\u010detna stranica","item":"https:\/\/radioljubuski.ba\/"},{"@type":"ListItem","position":2,"name":"EP HZHB tra\u017ei pomo\u0107 EP BiH: Problemi oko isporuke struje korisnicima"}]},{"@type":"WebSite","@id":"https:\/\/radioljubuski.ba\/#website","url":"https:\/\/radioljubuski.ba\/","name":"Radio Ljubu\u0161ki","description":"Sun\u010dana frekvencija Hercegovine","publisher":{"@id":"https:\/\/radioljubuski.ba\/#organization"},"potentialAction":[{"@type":"SearchAction","target":{"@type":"EntryPoint","urlTemplate":"https:\/\/radioljubuski.ba\/?s={search_term_string}"},"query-input":{"@type":"PropertyValueSpecification","valueRequired":true,"valueName":"search_term_string"}}],"inLanguage":"hr"},{"@type":"Organization","@id":"https:\/\/radioljubuski.ba\/#organization","name":"Radio Ljubu\u0161ki","url":"https:\/\/radioljubuski.ba\/","logo":{"@type":"ImageObject","inLanguage":"hr","@id":"https:\/\/radioljubuski.ba\/#\/schema\/logo\/image\/","url":"https:\/\/radioljubuski.ba\/wp-content\/uploads\/2021\/02\/cropped-Radio_Ljubuski_logo1.jpg","contentUrl":"https:\/\/radioljubuski.ba\/wp-content\/uploads\/2021\/02\/cropped-Radio_Ljubuski_logo1.jpg","width":512,"height":512,"caption":"Radio Ljubu\u0161ki"},"image":{"@id":"https:\/\/radioljubuski.ba\/#\/schema\/logo\/image\/"},"sameAs":["https:\/\/www.facebook.com\/Radiio-Ljubuski-1490835324566332","https:\/\/x.com\/radioljubuski","https:\/\/hr.linkedin.com\/company\/radio-ljubuski","https:\/\/www.youtube.com\/channel\/UCHYaeO_n0Db3tjNGudGpXyw"]},{"@type":"Person","@id":"https:\/\/radioljubuski.ba\/#\/schema\/person\/19fc700381a780f69665d7956c469e3b","name":"Radio Ljubu\u0161ki"}]}},"_links":{"self":[{"href":"https:\/\/radioljubuski.ba\/index.php\/wp-json\/wp\/v2\/posts\/163034","targetHints":{"allow":["GET"]}}],"collection":[{"href":"https:\/\/radioljubuski.ba\/index.php\/wp-json\/wp\/v2\/posts"}],"about":[{"href":"https:\/\/radioljubuski.ba\/index.php\/wp-json\/wp\/v2\/types\/post"}],"author":[{"embeddable":true,"href":"https:\/\/radioljubuski.ba\/index.php\/wp-json\/wp\/v2\/users\/2"}],"replies":[{"embeddable":true,"href":"https:\/\/radioljubuski.ba\/index.php\/wp-json\/wp\/v2\/comments?post=163034"}],"version-history":[{"count":1,"href":"https:\/\/radioljubuski.ba\/index.php\/wp-json\/wp\/v2\/posts\/163034\/revisions"}],"predecessor-version":[{"id":163035,"href":"https:\/\/radioljubuski.ba\/index.php\/wp-json\/wp\/v2\/posts\/163034\/revisions\/163035"}],"wp:featuredmedia":[{"embeddable":true,"href":"https:\/\/radioljubuski.ba\/index.php\/wp-json\/wp\/v2\/media\/132640"}],"wp:attachment":[{"href":"https:\/\/radioljubuski.ba\/index.php\/wp-json\/wp\/v2\/media?parent=163034"}],"wp:term":[{"taxonomy":"category","embeddable":true,"href":"https:\/\/radioljubuski.ba\/index.php\/wp-json\/wp\/v2\/categories?post=163034"},{"taxonomy":"post_tag","embeddable":true,"href":"https:\/\/radioljubuski.ba\/index.php\/wp-json\/wp\/v2\/tags?post=163034"}],"curies":[{"name":"wp","href":"https:\/\/api.w.org\/{rel}","templated":true}]}}