{"id":163036,"date":"2022-07-25T09:54:18","date_gmt":"2022-07-25T08:54:18","guid":{"rendered":"https:\/\/radioljubuski.ba\/?p=163036"},"modified":"2022-07-25T09:54:19","modified_gmt":"2022-07-25T08:54:19","slug":"hspf-bosnjacki-radikali-su-najveca-prijetnja-miru-u-bih-dobro-da-su-maske-pale","status":"publish","type":"post","link":"https:\/\/radioljubuski.ba\/index.php\/2022\/07\/25\/hspf-bosnjacki-radikali-su-najveca-prijetnja-miru-u-bih-dobro-da-su-maske-pale\/","title":{"rendered":"HSPF: Bo\u0161nja\u010dki radikali su najve\u0107a prijetnja miru u BiH, dobro da su maske pale"},"content":{"rendered":"\n<p>Hrvatski studentski politolo\u0161ki forum (HSPF) uz veliko zgra\u017eanje osu\u0111uje nebrojene prijetnje ratom, nasiljem i nemirima od strane bo\u0161nja\u010dkih radikala. Dok cijeli svijet nakon ruske agresije na Ukrajinu brani i promi\u010de mir kao najve\u0107u vrijednost, velikobo\u0161nja\u010dki nacionalisti grubo naru\u0161avaju mir i pokazuju kako im je jedina vrijednost zapravo bo\u0161nja\u010dka politi\u010dka hegemonija.<\/p>\n\n\n\n<p>Dobro je da su maske pale. Sada je i zadnjem slijepcu jasno kako ne postoji nikakva su\u0161tinska razlika izme\u0111u bo\u0161nja\u010dkih nacionalnih stranaka i tzv. gra\u0111anskih stranaka koje su ustvari bo\u0161nja\u010dke stranke sa multietni\u010dkim vodstvom. Zapravo se radi o jednom politi\u010dkom bloku s istim hegemonisti\u010dkim ciljem, a \u010dije se sastavnice natje\u010du u naru\u0161avanju mira, bezumnim prijetnjama i radikalnim izjavama.<\/p>\n\n\n\n<p>Povod najnovijeg vala agresivnog radikalizma je najava mogu\u0107nosti da visoki predstavnik Christian Schmidt nametne izmjene Izbornog zakona koje bi djelomi\u010dno implementirale Odluku Ljubi\u0107 Ustavnog suda BiH. Time bi se okon\u010dala dugogodi\u0161nja blokada vladavine prava i kr\u0161enje \u010dl. VI st. 4 Ustava BiH kojega provode bo\u0161nja\u010dke stranke.<\/p>\n\n\n\n<p>Gr\u010devito i histeri\u010dno opiranje bo\u0161nja\u010dkih stranaka neodoljivo podsje\u0107a na raspad biv\u0161e Jugoslavije kada je najbrojniji segment htio svim sredstvima ostvariti potpunu dominaciju, a sve pod krinkom gra\u0111anske dr\u017eave i na\u010dela \u201ejedan \u010dovjek \u2013 jedan glas\u201c.<\/p>\n\n\n\n<p>Umjesto rigidnog inzistiranja na propalom milo\u0161evi\u0107evskom receptu, bo\u0161nja\u010dkim strankama bi bilo korisnije ugledati se na sredi\u0161te Europske unije. Za razliku od neiskrenih probo\u0161nja\u010dkih fejkera, u Belgiji se iskreno prihva\u0107a postojanje razli\u010ditih zajednica, posebice u politi\u010dkoj sferi. Umjesto raznih kom\u0161i\u0107a, fejzi\u0107a i \u0161ahinovi\u0107a, belgijske zajednice su autenti\u010dno predstavljane od strane legitimnih politi\u010dkih predstavnika. To je conditio sine qua non za odr\u017eivo funkcioniranje svakog podijeljenog dru\u0161tva.<\/p>\n\n\n\n<p>Podsje\u0107amo kako je upravo Daytonski mirovni sporazum donio mir u BiH, stoga je od neizmjerne va\u017enosti da se po\u0161tuju njegova temeljna na\u010dela. Ta na\u010dela se na\u017ealost u velikoj mjeri zanemaruju ve\u0107 20-ak godina, a izmjene Izbornog zakona koje bi osigurale po\u0161teniju predstavljenost konstitutivnih naroda i Ostalih bi bile zna\u010dajan iskorak za osiguravanje dugoro\u010dnog mira, stabilnosti i relaksacije odnosa na prostoru BiH i \u010ditave regije.<\/p>\n\n\n\n<p>Stoga poru\u010dujemo svim akterima kako vladavina prava mora prevladati u odnosu na razularenu rulju. Demokratski imperativ je po\u0161tivanje mirovnog sporazuma, a ru\u0161itelji mira i ratni hu\u0161ka\u010di se trebaju izolirati zajedno s njihovim bestijalnim prijetnjama. Pozivamo relevantne institucije, kao i cijelu me\u0111unarodnu zajednicu, da se odlu\u010dno suprotstave svim pojedincima i organizacijama koje poti\u010du na rat, nasilje, netrpeljivost i nemire, priop\u0107eno je iz&nbsp;&nbsp; &nbsp;&nbsp;<br>Ureda za odnose s javno\u0161\u0107u HSPF-a.<br>&nbsp; &nbsp;&nbsp;<\/p>\n\n\n\n<p>Izvor:pogled.ba<\/p>\n","protected":false},"excerpt":{"rendered":"<p>Hrvatski studentski politolo\u0161ki forum (HSPF) uz veliko zgra\u017eanje osu\u0111uje nebrojene prijetnje ratom, nasiljem i nemirima od strane bo\u0161nja\u010dkih radikala. Dok cijeli svijet nakon ruske agresije na Ukrajinu brani i promi\u010de mir kao najve\u0107u vrijednost, velikobo\u0161nja\u010dki nacionalisti grubo naru\u0161avaju mir i pokazuju kako im je jedina vrijednost zapravo bo\u0161nja\u010dka politi\u010dka hegemonija. Dobro je da su maske [&hellip;]<\/p>\n","protected":false},"author":2,"featured_media":163037,"comment_status":"closed","ping_status":"closed","sticky":false,"template":"","format":"standard","meta":{"h5ap_radio_sources":[],"footnotes":""},"categories":[1],"tags":[],"class_list":["post-163036","post","type-post","status-publish","format-standard","has-post-thumbnail","hentry","category-bihiregija"],"yoast_head":"<!-- This site is optimized with the Yoast SEO plugin v27.5 - https:\/\/yoast.com\/product\/yoast-seo-wordpress\/ -->\n<title>HSPF: Bo\u0161nja\u010dki radikali su najve\u0107a prijetnja miru u BiH, dobro da su maske pale - RADIO LJUBU\u0160KI<\/title>\n<meta name=\"robots\" content=\"index, follow, max-snippet:-1, max-image-preview:large, max-video-preview:-1\" \/>\n<link rel=\"canonical\" href=\"https:\/\/radioljubuski.ba\/index.php\/2022\/07\/25\/hspf-bosnjacki-radikali-su-najveca-prijetnja-miru-u-bih-dobro-da-su-maske-pale\/\" \/>\n<meta property=\"og:locale\" content=\"hr_HR\" \/>\n<meta property=\"og:type\" content=\"article\" \/>\n<meta property=\"og:title\" content=\"HSPF: Bo\u0161nja\u010dki radikali su najve\u0107a prijetnja miru u BiH, dobro da su maske pale - RADIO LJUBU\u0160KI\" \/>\n<meta property=\"og:description\" content=\"Hrvatski studentski politolo\u0161ki forum (HSPF) uz veliko zgra\u017eanje osu\u0111uje nebrojene prijetnje ratom, nasiljem i nemirima od strane bo\u0161nja\u010dkih radikala. Dok cijeli svijet nakon ruske agresije na Ukrajinu brani i promi\u010de mir kao najve\u0107u vrijednost, velikobo\u0161nja\u010dki nacionalisti grubo naru\u0161avaju mir i pokazuju kako im je jedina vrijednost zapravo bo\u0161nja\u010dka politi\u010dka hegemonija. Dobro je da su maske [&hellip;]\" \/>\n<meta property=\"og:url\" content=\"https:\/\/radioljubuski.ba\/index.php\/2022\/07\/25\/hspf-bosnjacki-radikali-su-najveca-prijetnja-miru-u-bih-dobro-da-su-maske-pale\/\" \/>\n<meta property=\"og:site_name\" content=\"RADIO LJUBU\u0160KI\" \/>\n<meta property=\"article:publisher\" content=\"https:\/\/www.facebook.com\/Radiio-Ljubuski-1490835324566332\" \/>\n<meta property=\"article:published_time\" content=\"2022-07-25T08:54:18+00:00\" \/>\n<meta property=\"article:modified_time\" content=\"2022-07-25T08:54:19+00:00\" \/>\n<meta property=\"og:image\" content=\"https:\/\/radioljubuski.ba\/wp-content\/uploads\/2022\/07\/KvZfk82I_HSPF_10god.jpg\" \/>\n\t<meta property=\"og:image:width\" content=\"1000\" \/>\n\t<meta property=\"og:image:height\" content=\"625\" \/>\n\t<meta property=\"og:image:type\" content=\"image\/jpeg\" \/>\n<meta name=\"author\" content=\"Radio Ljubu\u0161ki\" \/>\n<meta name=\"twitter:card\" content=\"summary_large_image\" \/>\n<meta name=\"twitter:creator\" content=\"@radioljubuski\" \/>\n<meta name=\"twitter:site\" content=\"@radioljubuski\" \/>\n<meta name=\"twitter:label1\" content=\"Napisao\/la\" \/>\n\t<meta name=\"twitter:data1\" content=\"Radio Ljubu\u0161ki\" \/>\n\t<meta name=\"twitter:label2\" content=\"Procijenjeno vrijeme \u010ditanja\" \/>\n\t<meta name=\"twitter:data2\" content=\"2 minute\" \/>\n<script type=\"application\/ld+json\" class=\"yoast-schema-graph\">{\"@context\":\"https:\\\/\\\/schema.org\",\"@graph\":[{\"@type\":\"Article\",\"@id\":\"https:\\\/\\\/radioljubuski.ba\\\/index.php\\\/2022\\\/07\\\/25\\\/hspf-bosnjacki-radikali-su-najveca-prijetnja-miru-u-bih-dobro-da-su-maske-pale\\\/#article\",\"isPartOf\":{\"@id\":\"https:\\\/\\\/radioljubuski.ba\\\/index.php\\\/2022\\\/07\\\/25\\\/hspf-bosnjacki-radikali-su-najveca-prijetnja-miru-u-bih-dobro-da-su-maske-pale\\\/\"},\"author\":{\"name\":\"Radio Ljubu\u0161ki\",\"@id\":\"https:\\\/\\\/radioljubuski.ba\\\/#\\\/schema\\\/person\\\/19fc700381a780f69665d7956c469e3b\"},\"headline\":\"HSPF: Bo\u0161nja\u010dki radikali su najve\u0107a prijetnja miru u BiH, dobro da su maske pale\",\"datePublished\":\"2022-07-25T08:54:18+00:00\",\"dateModified\":\"2022-07-25T08:54:19+00:00\",\"mainEntityOfPage\":{\"@id\":\"https:\\\/\\\/radioljubuski.ba\\\/index.php\\\/2022\\\/07\\\/25\\\/hspf-bosnjacki-radikali-su-najveca-prijetnja-miru-u-bih-dobro-da-su-maske-pale\\\/\"},\"wordCount\":487,\"publisher\":{\"@id\":\"https:\\\/\\\/radioljubuski.ba\\\/#organization\"},\"image\":{\"@id\":\"https:\\\/\\\/radioljubuski.ba\\\/index.php\\\/2022\\\/07\\\/25\\\/hspf-bosnjacki-radikali-su-najveca-prijetnja-miru-u-bih-dobro-da-su-maske-pale\\\/#primaryimage\"},\"thumbnailUrl\":\"https:\\\/\\\/radioljubuski.ba\\\/wp-content\\\/uploads\\\/2022\\\/07\\\/KvZfk82I_HSPF_10god.jpg\",\"articleSection\":[\"BIH i regija\"],\"inLanguage\":\"hr\"},{\"@type\":\"WebPage\",\"@id\":\"https:\\\/\\\/radioljubuski.ba\\\/index.php\\\/2022\\\/07\\\/25\\\/hspf-bosnjacki-radikali-su-najveca-prijetnja-miru-u-bih-dobro-da-su-maske-pale\\\/\",\"url\":\"https:\\\/\\\/radioljubuski.ba\\\/index.php\\\/2022\\\/07\\\/25\\\/hspf-bosnjacki-radikali-su-najveca-prijetnja-miru-u-bih-dobro-da-su-maske-pale\\\/\",\"name\":\"HSPF: Bo\u0161nja\u010dki radikali su najve\u0107a prijetnja miru u BiH, dobro da su maske pale - RADIO LJUBU\u0160KI\",\"isPartOf\":{\"@id\":\"https:\\\/\\\/radioljubuski.ba\\\/#website\"},\"primaryImageOfPage\":{\"@id\":\"https:\\\/\\\/radioljubuski.ba\\\/index.php\\\/2022\\\/07\\\/25\\\/hspf-bosnjacki-radikali-su-najveca-prijetnja-miru-u-bih-dobro-da-su-maske-pale\\\/#primaryimage\"},\"image\":{\"@id\":\"https:\\\/\\\/radioljubuski.ba\\\/index.php\\\/2022\\\/07\\\/25\\\/hspf-bosnjacki-radikali-su-najveca-prijetnja-miru-u-bih-dobro-da-su-maske-pale\\\/#primaryimage\"},\"thumbnailUrl\":\"https:\\\/\\\/radioljubuski.ba\\\/wp-content\\\/uploads\\\/2022\\\/07\\\/KvZfk82I_HSPF_10god.jpg\",\"datePublished\":\"2022-07-25T08:54:18+00:00\",\"dateModified\":\"2022-07-25T08:54:19+00:00\",\"breadcrumb\":{\"@id\":\"https:\\\/\\\/radioljubuski.ba\\\/index.php\\\/2022\\\/07\\\/25\\\/hspf-bosnjacki-radikali-su-najveca-prijetnja-miru-u-bih-dobro-da-su-maske-pale\\\/#breadcrumb\"},\"inLanguage\":\"hr\",\"potentialAction\":[{\"@type\":\"ReadAction\",\"target\":[\"https:\\\/\\\/radioljubuski.ba\\\/index.php\\\/2022\\\/07\\\/25\\\/hspf-bosnjacki-radikali-su-najveca-prijetnja-miru-u-bih-dobro-da-su-maske-pale\\\/\"]}]},{\"@type\":\"ImageObject\",\"inLanguage\":\"hr\",\"@id\":\"https:\\\/\\\/radioljubuski.ba\\\/index.php\\\/2022\\\/07\\\/25\\\/hspf-bosnjacki-radikali-su-najveca-prijetnja-miru-u-bih-dobro-da-su-maske-pale\\\/#primaryimage\",\"url\":\"https:\\\/\\\/radioljubuski.ba\\\/wp-content\\\/uploads\\\/2022\\\/07\\\/KvZfk82I_HSPF_10god.jpg\",\"contentUrl\":\"https:\\\/\\\/radioljubuski.ba\\\/wp-content\\\/uploads\\\/2022\\\/07\\\/KvZfk82I_HSPF_10god.jpg\",\"width\":1000,\"height\":625},{\"@type\":\"BreadcrumbList\",\"@id\":\"https:\\\/\\\/radioljubuski.ba\\\/index.php\\\/2022\\\/07\\\/25\\\/hspf-bosnjacki-radikali-su-najveca-prijetnja-miru-u-bih-dobro-da-su-maske-pale\\\/#breadcrumb\",\"itemListElement\":[{\"@type\":\"ListItem\",\"position\":1,\"name\":\"Po\u010detna stranica\",\"item\":\"https:\\\/\\\/radioljubuski.ba\\\/\"},{\"@type\":\"ListItem\",\"position\":2,\"name\":\"HSPF: Bo\u0161nja\u010dki radikali su najve\u0107a prijetnja miru u BiH, dobro da su maske pale\"}]},{\"@type\":\"WebSite\",\"@id\":\"https:\\\/\\\/radioljubuski.ba\\\/#website\",\"url\":\"https:\\\/\\\/radioljubuski.ba\\\/\",\"name\":\"Radio Ljubu\u0161ki\",\"description\":\"Sun\u010dana frekvencija Hercegovine\",\"publisher\":{\"@id\":\"https:\\\/\\\/radioljubuski.ba\\\/#organization\"},\"potentialAction\":[{\"@type\":\"SearchAction\",\"target\":{\"@type\":\"EntryPoint\",\"urlTemplate\":\"https:\\\/\\\/radioljubuski.ba\\\/?s={search_term_string}\"},\"query-input\":{\"@type\":\"PropertyValueSpecification\",\"valueRequired\":true,\"valueName\":\"search_term_string\"}}],\"inLanguage\":\"hr\"},{\"@type\":\"Organization\",\"@id\":\"https:\\\/\\\/radioljubuski.ba\\\/#organization\",\"name\":\"Radio Ljubu\u0161ki\",\"url\":\"https:\\\/\\\/radioljubuski.ba\\\/\",\"logo\":{\"@type\":\"ImageObject\",\"inLanguage\":\"hr\",\"@id\":\"https:\\\/\\\/radioljubuski.ba\\\/#\\\/schema\\\/logo\\\/image\\\/\",\"url\":\"https:\\\/\\\/radioljubuski.ba\\\/wp-content\\\/uploads\\\/2021\\\/02\\\/cropped-Radio_Ljubuski_logo1.jpg\",\"contentUrl\":\"https:\\\/\\\/radioljubuski.ba\\\/wp-content\\\/uploads\\\/2021\\\/02\\\/cropped-Radio_Ljubuski_logo1.jpg\",\"width\":512,\"height\":512,\"caption\":\"Radio Ljubu\u0161ki\"},\"image\":{\"@id\":\"https:\\\/\\\/radioljubuski.ba\\\/#\\\/schema\\\/logo\\\/image\\\/\"},\"sameAs\":[\"https:\\\/\\\/www.facebook.com\\\/Radiio-Ljubuski-1490835324566332\",\"https:\\\/\\\/x.com\\\/radioljubuski\",\"https:\\\/\\\/hr.linkedin.com\\\/company\\\/radio-ljubuski\",\"https:\\\/\\\/www.youtube.com\\\/channel\\\/UCHYaeO_n0Db3tjNGudGpXyw\"]},{\"@type\":\"Person\",\"@id\":\"https:\\\/\\\/radioljubuski.ba\\\/#\\\/schema\\\/person\\\/19fc700381a780f69665d7956c469e3b\",\"name\":\"Radio Ljubu\u0161ki\"}]}<\/script>\n<!-- \/ Yoast SEO plugin. -->","yoast_head_json":{"title":"HSPF: Bo\u0161nja\u010dki radikali su najve\u0107a prijetnja miru u BiH, dobro da su maske pale - RADIO LJUBU\u0160KI","robots":{"index":"index","follow":"follow","max-snippet":"max-snippet:-1","max-image-preview":"max-image-preview:large","max-video-preview":"max-video-preview:-1"},"canonical":"https:\/\/radioljubuski.ba\/index.php\/2022\/07\/25\/hspf-bosnjacki-radikali-su-najveca-prijetnja-miru-u-bih-dobro-da-su-maske-pale\/","og_locale":"hr_HR","og_type":"article","og_title":"HSPF: Bo\u0161nja\u010dki radikali su najve\u0107a prijetnja miru u BiH, dobro da su maske pale - RADIO LJUBU\u0160KI","og_description":"Hrvatski studentski politolo\u0161ki forum (HSPF) uz veliko zgra\u017eanje osu\u0111uje nebrojene prijetnje ratom, nasiljem i nemirima od strane bo\u0161nja\u010dkih radikala. Dok cijeli svijet nakon ruske agresije na Ukrajinu brani i promi\u010de mir kao najve\u0107u vrijednost, velikobo\u0161nja\u010dki nacionalisti grubo naru\u0161avaju mir i pokazuju kako im je jedina vrijednost zapravo bo\u0161nja\u010dka politi\u010dka hegemonija. Dobro je da su maske [&hellip;]","og_url":"https:\/\/radioljubuski.ba\/index.php\/2022\/07\/25\/hspf-bosnjacki-radikali-su-najveca-prijetnja-miru-u-bih-dobro-da-su-maske-pale\/","og_site_name":"RADIO LJUBU\u0160KI","article_publisher":"https:\/\/www.facebook.com\/Radiio-Ljubuski-1490835324566332","article_published_time":"2022-07-25T08:54:18+00:00","article_modified_time":"2022-07-25T08:54:19+00:00","og_image":[{"width":1000,"height":625,"url":"https:\/\/radioljubuski.ba\/wp-content\/uploads\/2022\/07\/KvZfk82I_HSPF_10god.jpg","type":"image\/jpeg"}],"author":"Radio Ljubu\u0161ki","twitter_card":"summary_large_image","twitter_creator":"@radioljubuski","twitter_site":"@radioljubuski","twitter_misc":{"Napisao\/la":"Radio Ljubu\u0161ki","Procijenjeno vrijeme \u010ditanja":"2 minute"},"schema":{"@context":"https:\/\/schema.org","@graph":[{"@type":"Article","@id":"https:\/\/radioljubuski.ba\/index.php\/2022\/07\/25\/hspf-bosnjacki-radikali-su-najveca-prijetnja-miru-u-bih-dobro-da-su-maske-pale\/#article","isPartOf":{"@id":"https:\/\/radioljubuski.ba\/index.php\/2022\/07\/25\/hspf-bosnjacki-radikali-su-najveca-prijetnja-miru-u-bih-dobro-da-su-maske-pale\/"},"author":{"name":"Radio Ljubu\u0161ki","@id":"https:\/\/radioljubuski.ba\/#\/schema\/person\/19fc700381a780f69665d7956c469e3b"},"headline":"HSPF: Bo\u0161nja\u010dki radikali su najve\u0107a prijetnja miru u BiH, dobro da su maske pale","datePublished":"2022-07-25T08:54:18+00:00","dateModified":"2022-07-25T08:54:19+00:00","mainEntityOfPage":{"@id":"https:\/\/radioljubuski.ba\/index.php\/2022\/07\/25\/hspf-bosnjacki-radikali-su-najveca-prijetnja-miru-u-bih-dobro-da-su-maske-pale\/"},"wordCount":487,"publisher":{"@id":"https:\/\/radioljubuski.ba\/#organization"},"image":{"@id":"https:\/\/radioljubuski.ba\/index.php\/2022\/07\/25\/hspf-bosnjacki-radikali-su-najveca-prijetnja-miru-u-bih-dobro-da-su-maske-pale\/#primaryimage"},"thumbnailUrl":"https:\/\/radioljubuski.ba\/wp-content\/uploads\/2022\/07\/KvZfk82I_HSPF_10god.jpg","articleSection":["BIH i regija"],"inLanguage":"hr"},{"@type":"WebPage","@id":"https:\/\/radioljubuski.ba\/index.php\/2022\/07\/25\/hspf-bosnjacki-radikali-su-najveca-prijetnja-miru-u-bih-dobro-da-su-maske-pale\/","url":"https:\/\/radioljubuski.ba\/index.php\/2022\/07\/25\/hspf-bosnjacki-radikali-su-najveca-prijetnja-miru-u-bih-dobro-da-su-maske-pale\/","name":"HSPF: Bo\u0161nja\u010dki radikali su najve\u0107a prijetnja miru u BiH, dobro da su maske pale - RADIO LJUBU\u0160KI","isPartOf":{"@id":"https:\/\/radioljubuski.ba\/#website"},"primaryImageOfPage":{"@id":"https:\/\/radioljubuski.ba\/index.php\/2022\/07\/25\/hspf-bosnjacki-radikali-su-najveca-prijetnja-miru-u-bih-dobro-da-su-maske-pale\/#primaryimage"},"image":{"@id":"https:\/\/radioljubuski.ba\/index.php\/2022\/07\/25\/hspf-bosnjacki-radikali-su-najveca-prijetnja-miru-u-bih-dobro-da-su-maske-pale\/#primaryimage"},"thumbnailUrl":"https:\/\/radioljubuski.ba\/wp-content\/uploads\/2022\/07\/KvZfk82I_HSPF_10god.jpg","datePublished":"2022-07-25T08:54:18+00:00","dateModified":"2022-07-25T08:54:19+00:00","breadcrumb":{"@id":"https:\/\/radioljubuski.ba\/index.php\/2022\/07\/25\/hspf-bosnjacki-radikali-su-najveca-prijetnja-miru-u-bih-dobro-da-su-maske-pale\/#breadcrumb"},"inLanguage":"hr","potentialAction":[{"@type":"ReadAction","target":["https:\/\/radioljubuski.ba\/index.php\/2022\/07\/25\/hspf-bosnjacki-radikali-su-najveca-prijetnja-miru-u-bih-dobro-da-su-maske-pale\/"]}]},{"@type":"ImageObject","inLanguage":"hr","@id":"https:\/\/radioljubuski.ba\/index.php\/2022\/07\/25\/hspf-bosnjacki-radikali-su-najveca-prijetnja-miru-u-bih-dobro-da-su-maske-pale\/#primaryimage","url":"https:\/\/radioljubuski.ba\/wp-content\/uploads\/2022\/07\/KvZfk82I_HSPF_10god.jpg","contentUrl":"https:\/\/radioljubuski.ba\/wp-content\/uploads\/2022\/07\/KvZfk82I_HSPF_10god.jpg","width":1000,"height":625},{"@type":"BreadcrumbList","@id":"https:\/\/radioljubuski.ba\/index.php\/2022\/07\/25\/hspf-bosnjacki-radikali-su-najveca-prijetnja-miru-u-bih-dobro-da-su-maske-pale\/#breadcrumb","itemListElement":[{"@type":"ListItem","position":1,"name":"Po\u010detna stranica","item":"https:\/\/radioljubuski.ba\/"},{"@type":"ListItem","position":2,"name":"HSPF: Bo\u0161nja\u010dki radikali su najve\u0107a prijetnja miru u BiH, dobro da su maske pale"}]},{"@type":"WebSite","@id":"https:\/\/radioljubuski.ba\/#website","url":"https:\/\/radioljubuski.ba\/","name":"Radio Ljubu\u0161ki","description":"Sun\u010dana frekvencija Hercegovine","publisher":{"@id":"https:\/\/radioljubuski.ba\/#organization"},"potentialAction":[{"@type":"SearchAction","target":{"@type":"EntryPoint","urlTemplate":"https:\/\/radioljubuski.ba\/?s={search_term_string}"},"query-input":{"@type":"PropertyValueSpecification","valueRequired":true,"valueName":"search_term_string"}}],"inLanguage":"hr"},{"@type":"Organization","@id":"https:\/\/radioljubuski.ba\/#organization","name":"Radio Ljubu\u0161ki","url":"https:\/\/radioljubuski.ba\/","logo":{"@type":"ImageObject","inLanguage":"hr","@id":"https:\/\/radioljubuski.ba\/#\/schema\/logo\/image\/","url":"https:\/\/radioljubuski.ba\/wp-content\/uploads\/2021\/02\/cropped-Radio_Ljubuski_logo1.jpg","contentUrl":"https:\/\/radioljubuski.ba\/wp-content\/uploads\/2021\/02\/cropped-Radio_Ljubuski_logo1.jpg","width":512,"height":512,"caption":"Radio Ljubu\u0161ki"},"image":{"@id":"https:\/\/radioljubuski.ba\/#\/schema\/logo\/image\/"},"sameAs":["https:\/\/www.facebook.com\/Radiio-Ljubuski-1490835324566332","https:\/\/x.com\/radioljubuski","https:\/\/hr.linkedin.com\/company\/radio-ljubuski","https:\/\/www.youtube.com\/channel\/UCHYaeO_n0Db3tjNGudGpXyw"]},{"@type":"Person","@id":"https:\/\/radioljubuski.ba\/#\/schema\/person\/19fc700381a780f69665d7956c469e3b","name":"Radio Ljubu\u0161ki"}]}},"_links":{"self":[{"href":"https:\/\/radioljubuski.ba\/index.php\/wp-json\/wp\/v2\/posts\/163036","targetHints":{"allow":["GET"]}}],"collection":[{"href":"https:\/\/radioljubuski.ba\/index.php\/wp-json\/wp\/v2\/posts"}],"about":[{"href":"https:\/\/radioljubuski.ba\/index.php\/wp-json\/wp\/v2\/types\/post"}],"author":[{"embeddable":true,"href":"https:\/\/radioljubuski.ba\/index.php\/wp-json\/wp\/v2\/users\/2"}],"replies":[{"embeddable":true,"href":"https:\/\/radioljubuski.ba\/index.php\/wp-json\/wp\/v2\/comments?post=163036"}],"version-history":[{"count":1,"href":"https:\/\/radioljubuski.ba\/index.php\/wp-json\/wp\/v2\/posts\/163036\/revisions"}],"predecessor-version":[{"id":163038,"href":"https:\/\/radioljubuski.ba\/index.php\/wp-json\/wp\/v2\/posts\/163036\/revisions\/163038"}],"wp:featuredmedia":[{"embeddable":true,"href":"https:\/\/radioljubuski.ba\/index.php\/wp-json\/wp\/v2\/media\/163037"}],"wp:attachment":[{"href":"https:\/\/radioljubuski.ba\/index.php\/wp-json\/wp\/v2\/media?parent=163036"}],"wp:term":[{"taxonomy":"category","embeddable":true,"href":"https:\/\/radioljubuski.ba\/index.php\/wp-json\/wp\/v2\/categories?post=163036"},{"taxonomy":"post_tag","embeddable":true,"href":"https:\/\/radioljubuski.ba\/index.php\/wp-json\/wp\/v2\/tags?post=163036"}],"curies":[{"name":"wp","href":"https:\/\/api.w.org\/{rel}","templated":true}]}}