{"id":163039,"date":"2022-07-25T09:55:14","date_gmt":"2022-07-25T08:55:14","guid":{"rendered":"https:\/\/radioljubuski.ba\/?p=163039"},"modified":"2022-07-25T09:55:16","modified_gmt":"2022-07-25T08:55:16","slug":"tiktokerku-ubio-bivsi-muz-zbog-drustvenih-mreza-pa-izvrsio-samoubojstvo","status":"publish","type":"post","link":"https:\/\/radioljubuski.ba\/index.php\/2022\/07\/25\/tiktokerku-ubio-bivsi-muz-zbog-drustvenih-mreza-pa-izvrsio-samoubojstvo\/","title":{"rendered":"TikTokerku ubio biv\u0161i mu\u017e zbog dru\u0161tvenih mre\u017ea, pa izvr\u0161io samoubojstvo"},"content":{"rendered":"\n<p>Saniju Khan, 29-godi\u0161nju TikTokerku iz Chicaga ubio je biv\u0161i mu\u017e Rahil Ahmed (36), koji je potom presudio i sebi. Kako navodi&nbsp; policija Chicaga, motiv zlo\u010dina je to \u0161to je djevojka na ovoj platformi otvoreno govorila o problemima u braku i nesuglasicama tokom razvoda.<\/p>\n\n\n\n<p>Njen biv\u0161i suprug je navodno otputovao iz Georgije do\u0161ao u Chicago, u koji se ova zvijezda sa mre\u017ea nedavno preselila kako bi radila kao fotografkinja.<\/p>\n\n\n\n<p>Njegov nestanak prijavila je obitelj, koja je policiji rekla da misli da je oti\u0161ao kod biv\u0161e \u017eene. Policija je tada do\u0161la u stan TikTokerke i tamo zatekla i \u017eenu i mu\u0161karca sa prostrijelnim ranama u predjelu glave. Pored tijela mu\u0161karca nalazio se pi\u0161tolj, pi\u0161e ABC News.<\/p>\n\n\n\n<p>\u017dena je progla\u0161ena mrtvom na licu mjesta, dok je mu\u0161karac prevezen u bolnicu u kojoj je preminuo.<\/p>\n\n\n\n<p>Kao motiv ubojstva navodi se to \u0161to je hKan na TikToku govorila o problemima u svom braku koji je trajao manje od godinu dana.<\/p>\n\n\n\n<p>Pri\u010dala je o tome za\u0161to je odlu\u010dila da se razvede i pozvala \u017eene da prestanu da ignorirati \u201ccrvene zastavice\u201d, kao i o tome kako se nosila sa procesom razvoda, jer odre\u0111eni \u010dlanovi njene obitelji nisu podr\u017eali njenu odluku na napusti svog partnera, iako su znali da je on vi\u0161e puta fizi\u010dki nasrnuo na nju.<\/p>\n\n\n\n<p>\u201eKada ste \u017eena porijeklom iz Ju\u017ene Azije i razvodite se, osje\u0107ate se kao da niste uspjeli u \u017eivotu. Svi vas etiketiraju, fali vam emocionalne podr\u0161ke i konstantno se borite sa pritiskom okoline, jer svi strahuju od toga \u2018\u0161to \u0107e ljudi re\u0107i\u2019. Zbog toga je meni bilo lak\u0161e da se izoliram od svih i odem u drugi grad\u201d, rekla je Khan u jednom od videa.<\/p>\n\n\n\n<p>U drugom video snimku je govorila o tome kako joj svi \u010dlanovi obitelji dr\u017ee i govore da bi trebala prestati snimati za TikTok i da na ovoj platformi dijeli intimu.<\/p>\n\n\n\n<p>\u201cOd \u017eena se uvijek o\u010dekuje da \u0161ute, ali ja sam zavr\u0161ila sa takvim na\u010dinom razmi\u0161ljanja\u201d, rekla je u videu, prenosi Nova.<\/p>\n\n\n\n<p>Izvor:pogled.ba<\/p>\n","protected":false},"excerpt":{"rendered":"<p>Saniju Khan, 29-godi\u0161nju TikTokerku iz Chicaga ubio je biv\u0161i mu\u017e Rahil Ahmed (36), koji je potom presudio i sebi. Kako navodi&nbsp; policija Chicaga, motiv zlo\u010dina je to \u0161to je djevojka na ovoj platformi otvoreno govorila o problemima u braku i nesuglasicama tokom razvoda. Njen biv\u0161i suprug je navodno otputovao iz Georgije do\u0161ao u Chicago, u [&hellip;]<\/p>\n","protected":false},"author":2,"featured_media":163040,"comment_status":"closed","ping_status":"closed","sticky":false,"template":"","format":"standard","meta":{"h5ap_radio_sources":[],"footnotes":""},"categories":[1],"tags":[],"class_list":["post-163039","post","type-post","status-publish","format-standard","has-post-thumbnail","hentry","category-bihiregija"],"yoast_head":"<!-- This site is optimized with the Yoast SEO plugin v27.5 - https:\/\/yoast.com\/product\/yoast-seo-wordpress\/ -->\n<title>TikTokerku ubio biv\u0161i mu\u017e zbog dru\u0161tvenih mre\u017ea, pa izvr\u0161io samoubojstvo - RADIO LJUBU\u0160KI<\/title>\n<meta name=\"robots\" content=\"index, follow, max-snippet:-1, max-image-preview:large, max-video-preview:-1\" \/>\n<link rel=\"canonical\" href=\"https:\/\/radioljubuski.ba\/index.php\/2022\/07\/25\/tiktokerku-ubio-bivsi-muz-zbog-drustvenih-mreza-pa-izvrsio-samoubojstvo\/\" \/>\n<meta property=\"og:locale\" content=\"hr_HR\" \/>\n<meta property=\"og:type\" content=\"article\" \/>\n<meta property=\"og:title\" content=\"TikTokerku ubio biv\u0161i mu\u017e zbog dru\u0161tvenih mre\u017ea, pa izvr\u0161io samoubojstvo - RADIO LJUBU\u0160KI\" \/>\n<meta property=\"og:description\" content=\"Saniju Khan, 29-godi\u0161nju TikTokerku iz Chicaga ubio je biv\u0161i mu\u017e Rahil Ahmed (36), koji je potom presudio i sebi. Kako navodi&nbsp; policija Chicaga, motiv zlo\u010dina je to \u0161to je djevojka na ovoj platformi otvoreno govorila o problemima u braku i nesuglasicama tokom razvoda. Njen biv\u0161i suprug je navodno otputovao iz Georgije do\u0161ao u Chicago, u [&hellip;]\" \/>\n<meta property=\"og:url\" content=\"https:\/\/radioljubuski.ba\/index.php\/2022\/07\/25\/tiktokerku-ubio-bivsi-muz-zbog-drustvenih-mreza-pa-izvrsio-samoubojstvo\/\" \/>\n<meta property=\"og:site_name\" content=\"RADIO LJUBU\u0160KI\" \/>\n<meta property=\"article:publisher\" content=\"https:\/\/www.facebook.com\/Radiio-Ljubuski-1490835324566332\" \/>\n<meta property=\"article:published_time\" content=\"2022-07-25T08:55:14+00:00\" \/>\n<meta property=\"article:modified_time\" content=\"2022-07-25T08:55:16+00:00\" \/>\n<meta property=\"og:image\" content=\"https:\/\/radioljubuski.ba\/wp-content\/uploads\/2022\/07\/8-2022-07-24-14-20-36-SANIJA.jpg\" \/>\n\t<meta property=\"og:image:width\" content=\"1000\" \/>\n\t<meta property=\"og:image:height\" content=\"625\" \/>\n\t<meta property=\"og:image:type\" content=\"image\/jpeg\" \/>\n<meta name=\"author\" content=\"Radio Ljubu\u0161ki\" \/>\n<meta name=\"twitter:card\" content=\"summary_large_image\" \/>\n<meta name=\"twitter:creator\" content=\"@radioljubuski\" \/>\n<meta name=\"twitter:site\" content=\"@radioljubuski\" \/>\n<meta name=\"twitter:label1\" content=\"Napisao\/la\" \/>\n\t<meta name=\"twitter:data1\" content=\"Radio Ljubu\u0161ki\" \/>\n\t<meta name=\"twitter:label2\" content=\"Procijenjeno vrijeme \u010ditanja\" \/>\n\t<meta name=\"twitter:data2\" content=\"2 minute\" \/>\n<script type=\"application\/ld+json\" class=\"yoast-schema-graph\">{\"@context\":\"https:\\\/\\\/schema.org\",\"@graph\":[{\"@type\":\"Article\",\"@id\":\"https:\\\/\\\/radioljubuski.ba\\\/index.php\\\/2022\\\/07\\\/25\\\/tiktokerku-ubio-bivsi-muz-zbog-drustvenih-mreza-pa-izvrsio-samoubojstvo\\\/#article\",\"isPartOf\":{\"@id\":\"https:\\\/\\\/radioljubuski.ba\\\/index.php\\\/2022\\\/07\\\/25\\\/tiktokerku-ubio-bivsi-muz-zbog-drustvenih-mreza-pa-izvrsio-samoubojstvo\\\/\"},\"author\":{\"name\":\"Radio Ljubu\u0161ki\",\"@id\":\"https:\\\/\\\/radioljubuski.ba\\\/#\\\/schema\\\/person\\\/19fc700381a780f69665d7956c469e3b\"},\"headline\":\"TikTokerku ubio biv\u0161i mu\u017e zbog dru\u0161tvenih mre\u017ea, pa izvr\u0161io samoubojstvo\",\"datePublished\":\"2022-07-25T08:55:14+00:00\",\"dateModified\":\"2022-07-25T08:55:16+00:00\",\"mainEntityOfPage\":{\"@id\":\"https:\\\/\\\/radioljubuski.ba\\\/index.php\\\/2022\\\/07\\\/25\\\/tiktokerku-ubio-bivsi-muz-zbog-drustvenih-mreza-pa-izvrsio-samoubojstvo\\\/\"},\"wordCount\":373,\"publisher\":{\"@id\":\"https:\\\/\\\/radioljubuski.ba\\\/#organization\"},\"image\":{\"@id\":\"https:\\\/\\\/radioljubuski.ba\\\/index.php\\\/2022\\\/07\\\/25\\\/tiktokerku-ubio-bivsi-muz-zbog-drustvenih-mreza-pa-izvrsio-samoubojstvo\\\/#primaryimage\"},\"thumbnailUrl\":\"https:\\\/\\\/radioljubuski.ba\\\/wp-content\\\/uploads\\\/2022\\\/07\\\/8-2022-07-24-14-20-36-SANIJA.jpg\",\"articleSection\":[\"BIH i regija\"],\"inLanguage\":\"hr\"},{\"@type\":\"WebPage\",\"@id\":\"https:\\\/\\\/radioljubuski.ba\\\/index.php\\\/2022\\\/07\\\/25\\\/tiktokerku-ubio-bivsi-muz-zbog-drustvenih-mreza-pa-izvrsio-samoubojstvo\\\/\",\"url\":\"https:\\\/\\\/radioljubuski.ba\\\/index.php\\\/2022\\\/07\\\/25\\\/tiktokerku-ubio-bivsi-muz-zbog-drustvenih-mreza-pa-izvrsio-samoubojstvo\\\/\",\"name\":\"TikTokerku ubio biv\u0161i mu\u017e zbog dru\u0161tvenih mre\u017ea, pa izvr\u0161io samoubojstvo - RADIO LJUBU\u0160KI\",\"isPartOf\":{\"@id\":\"https:\\\/\\\/radioljubuski.ba\\\/#website\"},\"primaryImageOfPage\":{\"@id\":\"https:\\\/\\\/radioljubuski.ba\\\/index.php\\\/2022\\\/07\\\/25\\\/tiktokerku-ubio-bivsi-muz-zbog-drustvenih-mreza-pa-izvrsio-samoubojstvo\\\/#primaryimage\"},\"image\":{\"@id\":\"https:\\\/\\\/radioljubuski.ba\\\/index.php\\\/2022\\\/07\\\/25\\\/tiktokerku-ubio-bivsi-muz-zbog-drustvenih-mreza-pa-izvrsio-samoubojstvo\\\/#primaryimage\"},\"thumbnailUrl\":\"https:\\\/\\\/radioljubuski.ba\\\/wp-content\\\/uploads\\\/2022\\\/07\\\/8-2022-07-24-14-20-36-SANIJA.jpg\",\"datePublished\":\"2022-07-25T08:55:14+00:00\",\"dateModified\":\"2022-07-25T08:55:16+00:00\",\"breadcrumb\":{\"@id\":\"https:\\\/\\\/radioljubuski.ba\\\/index.php\\\/2022\\\/07\\\/25\\\/tiktokerku-ubio-bivsi-muz-zbog-drustvenih-mreza-pa-izvrsio-samoubojstvo\\\/#breadcrumb\"},\"inLanguage\":\"hr\",\"potentialAction\":[{\"@type\":\"ReadAction\",\"target\":[\"https:\\\/\\\/radioljubuski.ba\\\/index.php\\\/2022\\\/07\\\/25\\\/tiktokerku-ubio-bivsi-muz-zbog-drustvenih-mreza-pa-izvrsio-samoubojstvo\\\/\"]}]},{\"@type\":\"ImageObject\",\"inLanguage\":\"hr\",\"@id\":\"https:\\\/\\\/radioljubuski.ba\\\/index.php\\\/2022\\\/07\\\/25\\\/tiktokerku-ubio-bivsi-muz-zbog-drustvenih-mreza-pa-izvrsio-samoubojstvo\\\/#primaryimage\",\"url\":\"https:\\\/\\\/radioljubuski.ba\\\/wp-content\\\/uploads\\\/2022\\\/07\\\/8-2022-07-24-14-20-36-SANIJA.jpg\",\"contentUrl\":\"https:\\\/\\\/radioljubuski.ba\\\/wp-content\\\/uploads\\\/2022\\\/07\\\/8-2022-07-24-14-20-36-SANIJA.jpg\",\"width\":1000,\"height\":625},{\"@type\":\"BreadcrumbList\",\"@id\":\"https:\\\/\\\/radioljubuski.ba\\\/index.php\\\/2022\\\/07\\\/25\\\/tiktokerku-ubio-bivsi-muz-zbog-drustvenih-mreza-pa-izvrsio-samoubojstvo\\\/#breadcrumb\",\"itemListElement\":[{\"@type\":\"ListItem\",\"position\":1,\"name\":\"Po\u010detna stranica\",\"item\":\"https:\\\/\\\/radioljubuski.ba\\\/\"},{\"@type\":\"ListItem\",\"position\":2,\"name\":\"TikTokerku ubio biv\u0161i mu\u017e zbog dru\u0161tvenih mre\u017ea, pa izvr\u0161io samoubojstvo\"}]},{\"@type\":\"WebSite\",\"@id\":\"https:\\\/\\\/radioljubuski.ba\\\/#website\",\"url\":\"https:\\\/\\\/radioljubuski.ba\\\/\",\"name\":\"Radio Ljubu\u0161ki\",\"description\":\"Sun\u010dana frekvencija Hercegovine\",\"publisher\":{\"@id\":\"https:\\\/\\\/radioljubuski.ba\\\/#organization\"},\"potentialAction\":[{\"@type\":\"SearchAction\",\"target\":{\"@type\":\"EntryPoint\",\"urlTemplate\":\"https:\\\/\\\/radioljubuski.ba\\\/?s={search_term_string}\"},\"query-input\":{\"@type\":\"PropertyValueSpecification\",\"valueRequired\":true,\"valueName\":\"search_term_string\"}}],\"inLanguage\":\"hr\"},{\"@type\":\"Organization\",\"@id\":\"https:\\\/\\\/radioljubuski.ba\\\/#organization\",\"name\":\"Radio Ljubu\u0161ki\",\"url\":\"https:\\\/\\\/radioljubuski.ba\\\/\",\"logo\":{\"@type\":\"ImageObject\",\"inLanguage\":\"hr\",\"@id\":\"https:\\\/\\\/radioljubuski.ba\\\/#\\\/schema\\\/logo\\\/image\\\/\",\"url\":\"https:\\\/\\\/radioljubuski.ba\\\/wp-content\\\/uploads\\\/2021\\\/02\\\/cropped-Radio_Ljubuski_logo1.jpg\",\"contentUrl\":\"https:\\\/\\\/radioljubuski.ba\\\/wp-content\\\/uploads\\\/2021\\\/02\\\/cropped-Radio_Ljubuski_logo1.jpg\",\"width\":512,\"height\":512,\"caption\":\"Radio Ljubu\u0161ki\"},\"image\":{\"@id\":\"https:\\\/\\\/radioljubuski.ba\\\/#\\\/schema\\\/logo\\\/image\\\/\"},\"sameAs\":[\"https:\\\/\\\/www.facebook.com\\\/Radiio-Ljubuski-1490835324566332\",\"https:\\\/\\\/x.com\\\/radioljubuski\",\"https:\\\/\\\/hr.linkedin.com\\\/company\\\/radio-ljubuski\",\"https:\\\/\\\/www.youtube.com\\\/channel\\\/UCHYaeO_n0Db3tjNGudGpXyw\"]},{\"@type\":\"Person\",\"@id\":\"https:\\\/\\\/radioljubuski.ba\\\/#\\\/schema\\\/person\\\/19fc700381a780f69665d7956c469e3b\",\"name\":\"Radio Ljubu\u0161ki\"}]}<\/script>\n<!-- \/ Yoast SEO plugin. -->","yoast_head_json":{"title":"TikTokerku ubio biv\u0161i mu\u017e zbog dru\u0161tvenih mre\u017ea, pa izvr\u0161io samoubojstvo - RADIO LJUBU\u0160KI","robots":{"index":"index","follow":"follow","max-snippet":"max-snippet:-1","max-image-preview":"max-image-preview:large","max-video-preview":"max-video-preview:-1"},"canonical":"https:\/\/radioljubuski.ba\/index.php\/2022\/07\/25\/tiktokerku-ubio-bivsi-muz-zbog-drustvenih-mreza-pa-izvrsio-samoubojstvo\/","og_locale":"hr_HR","og_type":"article","og_title":"TikTokerku ubio biv\u0161i mu\u017e zbog dru\u0161tvenih mre\u017ea, pa izvr\u0161io samoubojstvo - RADIO LJUBU\u0160KI","og_description":"Saniju Khan, 29-godi\u0161nju TikTokerku iz Chicaga ubio je biv\u0161i mu\u017e Rahil Ahmed (36), koji je potom presudio i sebi. Kako navodi&nbsp; policija Chicaga, motiv zlo\u010dina je to \u0161to je djevojka na ovoj platformi otvoreno govorila o problemima u braku i nesuglasicama tokom razvoda. Njen biv\u0161i suprug je navodno otputovao iz Georgije do\u0161ao u Chicago, u [&hellip;]","og_url":"https:\/\/radioljubuski.ba\/index.php\/2022\/07\/25\/tiktokerku-ubio-bivsi-muz-zbog-drustvenih-mreza-pa-izvrsio-samoubojstvo\/","og_site_name":"RADIO LJUBU\u0160KI","article_publisher":"https:\/\/www.facebook.com\/Radiio-Ljubuski-1490835324566332","article_published_time":"2022-07-25T08:55:14+00:00","article_modified_time":"2022-07-25T08:55:16+00:00","og_image":[{"width":1000,"height":625,"url":"https:\/\/radioljubuski.ba\/wp-content\/uploads\/2022\/07\/8-2022-07-24-14-20-36-SANIJA.jpg","type":"image\/jpeg"}],"author":"Radio Ljubu\u0161ki","twitter_card":"summary_large_image","twitter_creator":"@radioljubuski","twitter_site":"@radioljubuski","twitter_misc":{"Napisao\/la":"Radio Ljubu\u0161ki","Procijenjeno vrijeme \u010ditanja":"2 minute"},"schema":{"@context":"https:\/\/schema.org","@graph":[{"@type":"Article","@id":"https:\/\/radioljubuski.ba\/index.php\/2022\/07\/25\/tiktokerku-ubio-bivsi-muz-zbog-drustvenih-mreza-pa-izvrsio-samoubojstvo\/#article","isPartOf":{"@id":"https:\/\/radioljubuski.ba\/index.php\/2022\/07\/25\/tiktokerku-ubio-bivsi-muz-zbog-drustvenih-mreza-pa-izvrsio-samoubojstvo\/"},"author":{"name":"Radio Ljubu\u0161ki","@id":"https:\/\/radioljubuski.ba\/#\/schema\/person\/19fc700381a780f69665d7956c469e3b"},"headline":"TikTokerku ubio biv\u0161i mu\u017e zbog dru\u0161tvenih mre\u017ea, pa izvr\u0161io samoubojstvo","datePublished":"2022-07-25T08:55:14+00:00","dateModified":"2022-07-25T08:55:16+00:00","mainEntityOfPage":{"@id":"https:\/\/radioljubuski.ba\/index.php\/2022\/07\/25\/tiktokerku-ubio-bivsi-muz-zbog-drustvenih-mreza-pa-izvrsio-samoubojstvo\/"},"wordCount":373,"publisher":{"@id":"https:\/\/radioljubuski.ba\/#organization"},"image":{"@id":"https:\/\/radioljubuski.ba\/index.php\/2022\/07\/25\/tiktokerku-ubio-bivsi-muz-zbog-drustvenih-mreza-pa-izvrsio-samoubojstvo\/#primaryimage"},"thumbnailUrl":"https:\/\/radioljubuski.ba\/wp-content\/uploads\/2022\/07\/8-2022-07-24-14-20-36-SANIJA.jpg","articleSection":["BIH i regija"],"inLanguage":"hr"},{"@type":"WebPage","@id":"https:\/\/radioljubuski.ba\/index.php\/2022\/07\/25\/tiktokerku-ubio-bivsi-muz-zbog-drustvenih-mreza-pa-izvrsio-samoubojstvo\/","url":"https:\/\/radioljubuski.ba\/index.php\/2022\/07\/25\/tiktokerku-ubio-bivsi-muz-zbog-drustvenih-mreza-pa-izvrsio-samoubojstvo\/","name":"TikTokerku ubio biv\u0161i mu\u017e zbog dru\u0161tvenih mre\u017ea, pa izvr\u0161io samoubojstvo - RADIO LJUBU\u0160KI","isPartOf":{"@id":"https:\/\/radioljubuski.ba\/#website"},"primaryImageOfPage":{"@id":"https:\/\/radioljubuski.ba\/index.php\/2022\/07\/25\/tiktokerku-ubio-bivsi-muz-zbog-drustvenih-mreza-pa-izvrsio-samoubojstvo\/#primaryimage"},"image":{"@id":"https:\/\/radioljubuski.ba\/index.php\/2022\/07\/25\/tiktokerku-ubio-bivsi-muz-zbog-drustvenih-mreza-pa-izvrsio-samoubojstvo\/#primaryimage"},"thumbnailUrl":"https:\/\/radioljubuski.ba\/wp-content\/uploads\/2022\/07\/8-2022-07-24-14-20-36-SANIJA.jpg","datePublished":"2022-07-25T08:55:14+00:00","dateModified":"2022-07-25T08:55:16+00:00","breadcrumb":{"@id":"https:\/\/radioljubuski.ba\/index.php\/2022\/07\/25\/tiktokerku-ubio-bivsi-muz-zbog-drustvenih-mreza-pa-izvrsio-samoubojstvo\/#breadcrumb"},"inLanguage":"hr","potentialAction":[{"@type":"ReadAction","target":["https:\/\/radioljubuski.ba\/index.php\/2022\/07\/25\/tiktokerku-ubio-bivsi-muz-zbog-drustvenih-mreza-pa-izvrsio-samoubojstvo\/"]}]},{"@type":"ImageObject","inLanguage":"hr","@id":"https:\/\/radioljubuski.ba\/index.php\/2022\/07\/25\/tiktokerku-ubio-bivsi-muz-zbog-drustvenih-mreza-pa-izvrsio-samoubojstvo\/#primaryimage","url":"https:\/\/radioljubuski.ba\/wp-content\/uploads\/2022\/07\/8-2022-07-24-14-20-36-SANIJA.jpg","contentUrl":"https:\/\/radioljubuski.ba\/wp-content\/uploads\/2022\/07\/8-2022-07-24-14-20-36-SANIJA.jpg","width":1000,"height":625},{"@type":"BreadcrumbList","@id":"https:\/\/radioljubuski.ba\/index.php\/2022\/07\/25\/tiktokerku-ubio-bivsi-muz-zbog-drustvenih-mreza-pa-izvrsio-samoubojstvo\/#breadcrumb","itemListElement":[{"@type":"ListItem","position":1,"name":"Po\u010detna stranica","item":"https:\/\/radioljubuski.ba\/"},{"@type":"ListItem","position":2,"name":"TikTokerku ubio biv\u0161i mu\u017e zbog dru\u0161tvenih mre\u017ea, pa izvr\u0161io samoubojstvo"}]},{"@type":"WebSite","@id":"https:\/\/radioljubuski.ba\/#website","url":"https:\/\/radioljubuski.ba\/","name":"Radio Ljubu\u0161ki","description":"Sun\u010dana frekvencija Hercegovine","publisher":{"@id":"https:\/\/radioljubuski.ba\/#organization"},"potentialAction":[{"@type":"SearchAction","target":{"@type":"EntryPoint","urlTemplate":"https:\/\/radioljubuski.ba\/?s={search_term_string}"},"query-input":{"@type":"PropertyValueSpecification","valueRequired":true,"valueName":"search_term_string"}}],"inLanguage":"hr"},{"@type":"Organization","@id":"https:\/\/radioljubuski.ba\/#organization","name":"Radio Ljubu\u0161ki","url":"https:\/\/radioljubuski.ba\/","logo":{"@type":"ImageObject","inLanguage":"hr","@id":"https:\/\/radioljubuski.ba\/#\/schema\/logo\/image\/","url":"https:\/\/radioljubuski.ba\/wp-content\/uploads\/2021\/02\/cropped-Radio_Ljubuski_logo1.jpg","contentUrl":"https:\/\/radioljubuski.ba\/wp-content\/uploads\/2021\/02\/cropped-Radio_Ljubuski_logo1.jpg","width":512,"height":512,"caption":"Radio Ljubu\u0161ki"},"image":{"@id":"https:\/\/radioljubuski.ba\/#\/schema\/logo\/image\/"},"sameAs":["https:\/\/www.facebook.com\/Radiio-Ljubuski-1490835324566332","https:\/\/x.com\/radioljubuski","https:\/\/hr.linkedin.com\/company\/radio-ljubuski","https:\/\/www.youtube.com\/channel\/UCHYaeO_n0Db3tjNGudGpXyw"]},{"@type":"Person","@id":"https:\/\/radioljubuski.ba\/#\/schema\/person\/19fc700381a780f69665d7956c469e3b","name":"Radio Ljubu\u0161ki"}]}},"_links":{"self":[{"href":"https:\/\/radioljubuski.ba\/index.php\/wp-json\/wp\/v2\/posts\/163039","targetHints":{"allow":["GET"]}}],"collection":[{"href":"https:\/\/radioljubuski.ba\/index.php\/wp-json\/wp\/v2\/posts"}],"about":[{"href":"https:\/\/radioljubuski.ba\/index.php\/wp-json\/wp\/v2\/types\/post"}],"author":[{"embeddable":true,"href":"https:\/\/radioljubuski.ba\/index.php\/wp-json\/wp\/v2\/users\/2"}],"replies":[{"embeddable":true,"href":"https:\/\/radioljubuski.ba\/index.php\/wp-json\/wp\/v2\/comments?post=163039"}],"version-history":[{"count":1,"href":"https:\/\/radioljubuski.ba\/index.php\/wp-json\/wp\/v2\/posts\/163039\/revisions"}],"predecessor-version":[{"id":163041,"href":"https:\/\/radioljubuski.ba\/index.php\/wp-json\/wp\/v2\/posts\/163039\/revisions\/163041"}],"wp:featuredmedia":[{"embeddable":true,"href":"https:\/\/radioljubuski.ba\/index.php\/wp-json\/wp\/v2\/media\/163040"}],"wp:attachment":[{"href":"https:\/\/radioljubuski.ba\/index.php\/wp-json\/wp\/v2\/media?parent=163039"}],"wp:term":[{"taxonomy":"category","embeddable":true,"href":"https:\/\/radioljubuski.ba\/index.php\/wp-json\/wp\/v2\/categories?post=163039"},{"taxonomy":"post_tag","embeddable":true,"href":"https:\/\/radioljubuski.ba\/index.php\/wp-json\/wp\/v2\/tags?post=163039"}],"curies":[{"name":"wp","href":"https:\/\/api.w.org\/{rel}","templated":true}]}}