{"id":163042,"date":"2022-07-25T09:56:18","date_gmt":"2022-07-25T08:56:18","guid":{"rendered":"https:\/\/radioljubuski.ba\/?p=163042"},"modified":"2022-07-25T09:56:20","modified_gmt":"2022-07-25T08:56:20","slug":"idete-na-more-u-crnu-goru-evo-koliko-vam-je-novca-potrebno-za-jedan-obican-dan","status":"publish","type":"post","link":"https:\/\/radioljubuski.ba\/index.php\/2022\/07\/25\/idete-na-more-u-crnu-goru-evo-koliko-vam-je-novca-potrebno-za-jedan-obican-dan\/","title":{"rendered":"Idete na more u Crnu Goru? Evo koliko vam je novca potrebno za jedan &#8220;obi\u010dan&#8221; dan"},"content":{"rendered":"\n<p>Cijene hrane, pi\u0107a, &#8220;pla\u017enih setova&#8221;, smje\u0161taja i dnevnog parkinga, na crnogorskom primorju ovog ljeta skuplje su u odnosu na pro\u0161lu godinu, ali poskupljenja ne \u010dude, jer su ove godine aktualna u zemljama \u010ditave regije.<\/p>\n\n\n\n<p>Kako navode mediji, odmor vas dnevno u prosjeku ko\u0161ta oko 70 eura po osobi. Ako je u pitanju \u010detvoro\u010dlana obitelj, onda su dnevni tro\u0161kovi ve\u0107i.<\/p>\n\n\n\n<p>&#8220;Doru\u010dkujemo u pekari ili kupimo u prodavnici salamu, sir, pavlaku, jaja, kruh pa sami napravimo obrok. Iskreno, jeftiniji su pekarski proizvodi nego kad nakupujemo namirnice u radnji, jer je sve preskupo. Ru\u010damo naj\u010de\u0161\u0107e u nekom restoranu, ali ni\u0161ta skupocjeno, pastu sa morskim plodovima ili lignje, ponekad riblju \u010dorbu i salatu, kako kad. Uve\u010der odemo na pizzu ili opet ne\u0161to napravimo u apartmanu\u201c, pri\u010da za <a href=\"https:\/\/nova.rs\/svet\/izracunali-smo-koliko-vam-je-novca-potrebno-za-jedan-obican-dan-u-crnoj-gori\/\" target=\"_blank\" rel=\"noreferrer noopener\">Nova.rs<\/a> Jelena Bo\u017eulovi\u0107, iz Kraljeva, koja je sa suprugom i dvoje male djece na odmoru u Petrovcu.<\/p>\n\n\n\n<p>Osim tri obroka dnevno, nijedan dan ne mo\u017ee pro\u0107i bez sladoleda, jutarnje kave na pla\u017ei i bar jednog piva ili \u010da\u0161e vina uz ve\u010deru.<\/p>\n\n\n\n<p>&#8220;Najvi\u0161e novca ode na te &#8216;sitne&#8217; prohtjeve. Klinci kupuju sladoled na pla\u017ei bar jednom dnevno, suprug i ja popijemo kavu. Dva puta smo autom i\u0161li na druge, udaljenije pla\u017ee, pa smo platili i parking, a dnevno potro\u0161imo 10 do 15 eura, zavisi gdje se kupamo, na le\u017ealjke i suncobran\u201c, ka\u017ee Jelena, i dodaje da ih je smje\u0161taj za 10 dana ko\u0161tao oko 700 eura, apartman za \u010detvero.<\/p>\n\n\n\n<p>U kafi\u0107ima na primorju cijene ovise od lokacije. Ako ste blizu mora, u jednom od popularnijih ljetovali\u0161ta poput Pr\u017ena, Porto Montenegra, Lu\u0161tica ili ste oti\u0161li u Porto Novi, onda su i cijene &#8220;ja\u010de&#8221; za bar jedan euro. Kava u blizini Slovenske pla\u017ee u Budvi je recimo oko 1,5 euro, dok je na ne\u0161to izoliranijim pla\u017eama, gdje nema konkurencije, oko 2,5 eura.<\/p>\n\n\n\n<p>Isto va\u017ei i za le\u017ealjke, koje \u0107ete platiti 10 do 15 eura ako ste u tre\u0107em ili \u010detvrtom redu na punoj pla\u017ei, ali ako ste u prvom redu, a oko vas je mir i ti\u0161ina, onda se spremite da platite 20 do 40 eura.<\/p>\n\n\n\n<p>&#8220;Dan na odmoru je tro\u0161ak. Hvatamo se za nov\u010danik 20 puta dnevno. Plati doru\u010dak, ru\u010dak, ve\u010deru, sladoled, pi\u0107e, pedaline, le\u017ealjke, parking, igrice za djecu na \u0161etali\u0161tu, \u010da\u0161u piva ili vina poslije ve\u010dere, a to je sve minimalni u\u017eitak, koji \u010dovjek sebi mo\u017ee da priu\u0161ti, pa opet treba mnogo novca. Va\u017eno je da kalkulirate i za svaki dan odvojite maksimum koliko smije da se potro\u0161i, u suprotnom \u0107ete u prva tri dana potro\u0161iti sav novac, a smje\u0161taj ste recimo platili za sedam ili 10 dana. Pare idu kao lude, \u010dak i toalet na pla\u017ei napla\u0107uju 50 do 70 centi\u201c, ka\u017ee Nemanja Noci\u0107 iz Beograda, koji je sa suprugom i sinom na odmoru.<\/p>\n\n\n\n<p>Prosje\u010dne cijene dnevnog boravka na crnogorskom primorju:<\/p>\n\n\n\n<p>Doru\u010dak \u2013 2 eura (minimum po osobi: par\u010de pice, pekarski proizvodi\u2026)<\/p>\n\n\n\n<p>Ru\u010dak \u2013 15 eura \u2013 glavno jelo plus jedno pi\u0107e (minimum po osobi, ako je obrok u restoranu)<\/p>\n\n\n\n<p>Ve\u010dera \u2013 10 do 15 eura \u2013 glavno jelo plus pi\u0107e (minimum po osobi, ako je obrok u restoranu)<\/p>\n\n\n\n<p>Kava \u2013 od 1,50 do 3,5 eura&nbsp;<\/p>\n\n\n\n<p>Gazirana voda \u2013 2,5 eura&nbsp;<\/p>\n\n\n\n<p>Negazirana voda \u2013 3 eura&nbsp;<\/p>\n\n\n\n<p>Pivo \u2013 3 do 5 eura&nbsp;<\/p>\n\n\n\n<p>Vino (\u010da\u0161a) \u2013 5 eura&nbsp;<\/p>\n\n\n\n<p>Rakija \u2013 2,5 do 3 eura&nbsp;<\/p>\n\n\n\n<p>Sladoled \u2013 kugla 1,5 eura&nbsp;<\/p>\n\n\n\n<p>Sokovi \u2013 3,5 eura&nbsp;<\/p>\n\n\n\n<p>Smje\u0161taj:<\/p>\n\n\n\n<p>Soba \u2013 15 eura &nbsp;(minimum po osobi)<\/p>\n\n\n\n<p>Apartmani \u2013 50 do 100 eura (za vi\u0161e osoba)<\/p>\n\n\n\n<p>Pla\u017ea:<\/p>\n\n\n\n<p>Dvije le\u017ealjke i suncobran \u2013 10 do 20 eura<\/p>\n\n\n\n<p>Parking \u2013 od 5 (dnevna na pla\u017eama) do 1,5 eura po satu u centru gradova na obali<\/p>\n\n\n\n<p>Prosjek tro\u0161kova \u2013 oko 70 eura na dan po osobi<\/p>\n\n\n\n<p>Izvor:pogled.ba<\/p>\n","protected":false},"excerpt":{"rendered":"<p>Cijene hrane, pi\u0107a, &#8220;pla\u017enih setova&#8221;, smje\u0161taja i dnevnog parkinga, na crnogorskom primorju ovog ljeta skuplje su u odnosu na pro\u0161lu godinu, ali poskupljenja ne \u010dude, jer su ove godine aktualna u zemljama \u010ditave regije. Kako navode mediji, odmor vas dnevno u prosjeku ko\u0161ta oko 70 eura po osobi. Ako je u pitanju \u010detvoro\u010dlana obitelj, onda [&hellip;]<\/p>\n","protected":false},"author":2,"featured_media":15292,"comment_status":"closed","ping_status":"closed","sticky":false,"template":"","format":"standard","meta":{"h5ap_radio_sources":[],"footnotes":""},"categories":[1],"tags":[],"class_list":["post-163042","post","type-post","status-publish","format-standard","has-post-thumbnail","hentry","category-bihiregija"],"yoast_head":"<!-- This site is optimized with the Yoast SEO plugin v27.5 - https:\/\/yoast.com\/product\/yoast-seo-wordpress\/ -->\n<title>Idete na more u Crnu Goru? Evo koliko vam je novca potrebno za jedan &quot;obi\u010dan&quot; dan - RADIO LJUBU\u0160KI<\/title>\n<meta name=\"robots\" content=\"index, follow, max-snippet:-1, max-image-preview:large, max-video-preview:-1\" \/>\n<link rel=\"canonical\" href=\"https:\/\/radioljubuski.ba\/index.php\/2022\/07\/25\/idete-na-more-u-crnu-goru-evo-koliko-vam-je-novca-potrebno-za-jedan-obican-dan\/\" \/>\n<meta property=\"og:locale\" content=\"hr_HR\" \/>\n<meta property=\"og:type\" content=\"article\" \/>\n<meta property=\"og:title\" content=\"Idete na more u Crnu Goru? Evo koliko vam je novca potrebno za jedan &quot;obi\u010dan&quot; dan - RADIO LJUBU\u0160KI\" \/>\n<meta property=\"og:description\" content=\"Cijene hrane, pi\u0107a, &#8220;pla\u017enih setova&#8221;, smje\u0161taja i dnevnog parkinga, na crnogorskom primorju ovog ljeta skuplje su u odnosu na pro\u0161lu godinu, ali poskupljenja ne \u010dude, jer su ove godine aktualna u zemljama \u010ditave regije. Kako navode mediji, odmor vas dnevno u prosjeku ko\u0161ta oko 70 eura po osobi. Ako je u pitanju \u010detvoro\u010dlana obitelj, onda [&hellip;]\" \/>\n<meta property=\"og:url\" content=\"https:\/\/radioljubuski.ba\/index.php\/2022\/07\/25\/idete-na-more-u-crnu-goru-evo-koliko-vam-je-novca-potrebno-za-jedan-obican-dan\/\" \/>\n<meta property=\"og:site_name\" content=\"RADIO LJUBU\u0160KI\" \/>\n<meta property=\"article:publisher\" content=\"https:\/\/www.facebook.com\/Radiio-Ljubuski-1490835324566332\" \/>\n<meta property=\"article:published_time\" content=\"2022-07-25T08:56:18+00:00\" \/>\n<meta property=\"article:modified_time\" content=\"2022-07-25T08:56:20+00:00\" \/>\n<meta property=\"og:image\" content=\"https:\/\/radioljubuski.ba\/wp-content\/uploads\/2021\/04\/crna-gora.jpg\" \/>\n\t<meta property=\"og:image:width\" content=\"800\" \/>\n\t<meta property=\"og:image:height\" content=\"550\" \/>\n\t<meta property=\"og:image:type\" content=\"image\/jpeg\" \/>\n<meta name=\"author\" content=\"Radio Ljubu\u0161ki\" \/>\n<meta name=\"twitter:card\" content=\"summary_large_image\" \/>\n<meta name=\"twitter:creator\" content=\"@radioljubuski\" \/>\n<meta name=\"twitter:site\" content=\"@radioljubuski\" \/>\n<meta name=\"twitter:label1\" content=\"Napisao\/la\" \/>\n\t<meta name=\"twitter:data1\" content=\"Radio Ljubu\u0161ki\" \/>\n\t<meta name=\"twitter:label2\" content=\"Procijenjeno vrijeme \u010ditanja\" \/>\n\t<meta name=\"twitter:data2\" content=\"3 minute\" \/>\n<script type=\"application\/ld+json\" class=\"yoast-schema-graph\">{\"@context\":\"https:\\\/\\\/schema.org\",\"@graph\":[{\"@type\":\"Article\",\"@id\":\"https:\\\/\\\/radioljubuski.ba\\\/index.php\\\/2022\\\/07\\\/25\\\/idete-na-more-u-crnu-goru-evo-koliko-vam-je-novca-potrebno-za-jedan-obican-dan\\\/#article\",\"isPartOf\":{\"@id\":\"https:\\\/\\\/radioljubuski.ba\\\/index.php\\\/2022\\\/07\\\/25\\\/idete-na-more-u-crnu-goru-evo-koliko-vam-je-novca-potrebno-za-jedan-obican-dan\\\/\"},\"author\":{\"name\":\"Radio Ljubu\u0161ki\",\"@id\":\"https:\\\/\\\/radioljubuski.ba\\\/#\\\/schema\\\/person\\\/19fc700381a780f69665d7956c469e3b\"},\"headline\":\"Idete na more u Crnu Goru? Evo koliko vam je novca potrebno za jedan &#8220;obi\u010dan&#8221; dan\",\"datePublished\":\"2022-07-25T08:56:18+00:00\",\"dateModified\":\"2022-07-25T08:56:20+00:00\",\"mainEntityOfPage\":{\"@id\":\"https:\\\/\\\/radioljubuski.ba\\\/index.php\\\/2022\\\/07\\\/25\\\/idete-na-more-u-crnu-goru-evo-koliko-vam-je-novca-potrebno-za-jedan-obican-dan\\\/\"},\"wordCount\":652,\"publisher\":{\"@id\":\"https:\\\/\\\/radioljubuski.ba\\\/#organization\"},\"image\":{\"@id\":\"https:\\\/\\\/radioljubuski.ba\\\/index.php\\\/2022\\\/07\\\/25\\\/idete-na-more-u-crnu-goru-evo-koliko-vam-je-novca-potrebno-za-jedan-obican-dan\\\/#primaryimage\"},\"thumbnailUrl\":\"https:\\\/\\\/radioljubuski.ba\\\/wp-content\\\/uploads\\\/2021\\\/04\\\/crna-gora.jpg\",\"articleSection\":[\"BIH i regija\"],\"inLanguage\":\"hr\"},{\"@type\":\"WebPage\",\"@id\":\"https:\\\/\\\/radioljubuski.ba\\\/index.php\\\/2022\\\/07\\\/25\\\/idete-na-more-u-crnu-goru-evo-koliko-vam-je-novca-potrebno-za-jedan-obican-dan\\\/\",\"url\":\"https:\\\/\\\/radioljubuski.ba\\\/index.php\\\/2022\\\/07\\\/25\\\/idete-na-more-u-crnu-goru-evo-koliko-vam-je-novca-potrebno-za-jedan-obican-dan\\\/\",\"name\":\"Idete na more u Crnu Goru? Evo koliko vam je novca potrebno za jedan \\\"obi\u010dan\\\" dan - RADIO LJUBU\u0160KI\",\"isPartOf\":{\"@id\":\"https:\\\/\\\/radioljubuski.ba\\\/#website\"},\"primaryImageOfPage\":{\"@id\":\"https:\\\/\\\/radioljubuski.ba\\\/index.php\\\/2022\\\/07\\\/25\\\/idete-na-more-u-crnu-goru-evo-koliko-vam-je-novca-potrebno-za-jedan-obican-dan\\\/#primaryimage\"},\"image\":{\"@id\":\"https:\\\/\\\/radioljubuski.ba\\\/index.php\\\/2022\\\/07\\\/25\\\/idete-na-more-u-crnu-goru-evo-koliko-vam-je-novca-potrebno-za-jedan-obican-dan\\\/#primaryimage\"},\"thumbnailUrl\":\"https:\\\/\\\/radioljubuski.ba\\\/wp-content\\\/uploads\\\/2021\\\/04\\\/crna-gora.jpg\",\"datePublished\":\"2022-07-25T08:56:18+00:00\",\"dateModified\":\"2022-07-25T08:56:20+00:00\",\"breadcrumb\":{\"@id\":\"https:\\\/\\\/radioljubuski.ba\\\/index.php\\\/2022\\\/07\\\/25\\\/idete-na-more-u-crnu-goru-evo-koliko-vam-je-novca-potrebno-za-jedan-obican-dan\\\/#breadcrumb\"},\"inLanguage\":\"hr\",\"potentialAction\":[{\"@type\":\"ReadAction\",\"target\":[\"https:\\\/\\\/radioljubuski.ba\\\/index.php\\\/2022\\\/07\\\/25\\\/idete-na-more-u-crnu-goru-evo-koliko-vam-je-novca-potrebno-za-jedan-obican-dan\\\/\"]}]},{\"@type\":\"ImageObject\",\"inLanguage\":\"hr\",\"@id\":\"https:\\\/\\\/radioljubuski.ba\\\/index.php\\\/2022\\\/07\\\/25\\\/idete-na-more-u-crnu-goru-evo-koliko-vam-je-novca-potrebno-za-jedan-obican-dan\\\/#primaryimage\",\"url\":\"https:\\\/\\\/radioljubuski.ba\\\/wp-content\\\/uploads\\\/2021\\\/04\\\/crna-gora.jpg\",\"contentUrl\":\"https:\\\/\\\/radioljubuski.ba\\\/wp-content\\\/uploads\\\/2021\\\/04\\\/crna-gora.jpg\",\"width\":800,\"height\":550},{\"@type\":\"BreadcrumbList\",\"@id\":\"https:\\\/\\\/radioljubuski.ba\\\/index.php\\\/2022\\\/07\\\/25\\\/idete-na-more-u-crnu-goru-evo-koliko-vam-je-novca-potrebno-za-jedan-obican-dan\\\/#breadcrumb\",\"itemListElement\":[{\"@type\":\"ListItem\",\"position\":1,\"name\":\"Po\u010detna stranica\",\"item\":\"https:\\\/\\\/radioljubuski.ba\\\/\"},{\"@type\":\"ListItem\",\"position\":2,\"name\":\"Idete na more u Crnu Goru? Evo koliko vam je novca potrebno za jedan &#8220;obi\u010dan&#8221; dan\"}]},{\"@type\":\"WebSite\",\"@id\":\"https:\\\/\\\/radioljubuski.ba\\\/#website\",\"url\":\"https:\\\/\\\/radioljubuski.ba\\\/\",\"name\":\"Radio Ljubu\u0161ki\",\"description\":\"Sun\u010dana frekvencija Hercegovine\",\"publisher\":{\"@id\":\"https:\\\/\\\/radioljubuski.ba\\\/#organization\"},\"potentialAction\":[{\"@type\":\"SearchAction\",\"target\":{\"@type\":\"EntryPoint\",\"urlTemplate\":\"https:\\\/\\\/radioljubuski.ba\\\/?s={search_term_string}\"},\"query-input\":{\"@type\":\"PropertyValueSpecification\",\"valueRequired\":true,\"valueName\":\"search_term_string\"}}],\"inLanguage\":\"hr\"},{\"@type\":\"Organization\",\"@id\":\"https:\\\/\\\/radioljubuski.ba\\\/#organization\",\"name\":\"Radio Ljubu\u0161ki\",\"url\":\"https:\\\/\\\/radioljubuski.ba\\\/\",\"logo\":{\"@type\":\"ImageObject\",\"inLanguage\":\"hr\",\"@id\":\"https:\\\/\\\/radioljubuski.ba\\\/#\\\/schema\\\/logo\\\/image\\\/\",\"url\":\"https:\\\/\\\/radioljubuski.ba\\\/wp-content\\\/uploads\\\/2021\\\/02\\\/cropped-Radio_Ljubuski_logo1.jpg\",\"contentUrl\":\"https:\\\/\\\/radioljubuski.ba\\\/wp-content\\\/uploads\\\/2021\\\/02\\\/cropped-Radio_Ljubuski_logo1.jpg\",\"width\":512,\"height\":512,\"caption\":\"Radio Ljubu\u0161ki\"},\"image\":{\"@id\":\"https:\\\/\\\/radioljubuski.ba\\\/#\\\/schema\\\/logo\\\/image\\\/\"},\"sameAs\":[\"https:\\\/\\\/www.facebook.com\\\/Radiio-Ljubuski-1490835324566332\",\"https:\\\/\\\/x.com\\\/radioljubuski\",\"https:\\\/\\\/hr.linkedin.com\\\/company\\\/radio-ljubuski\",\"https:\\\/\\\/www.youtube.com\\\/channel\\\/UCHYaeO_n0Db3tjNGudGpXyw\"]},{\"@type\":\"Person\",\"@id\":\"https:\\\/\\\/radioljubuski.ba\\\/#\\\/schema\\\/person\\\/19fc700381a780f69665d7956c469e3b\",\"name\":\"Radio Ljubu\u0161ki\"}]}<\/script>\n<!-- \/ Yoast SEO plugin. -->","yoast_head_json":{"title":"Idete na more u Crnu Goru? Evo koliko vam je novca potrebno za jedan \"obi\u010dan\" dan - RADIO LJUBU\u0160KI","robots":{"index":"index","follow":"follow","max-snippet":"max-snippet:-1","max-image-preview":"max-image-preview:large","max-video-preview":"max-video-preview:-1"},"canonical":"https:\/\/radioljubuski.ba\/index.php\/2022\/07\/25\/idete-na-more-u-crnu-goru-evo-koliko-vam-je-novca-potrebno-za-jedan-obican-dan\/","og_locale":"hr_HR","og_type":"article","og_title":"Idete na more u Crnu Goru? Evo koliko vam je novca potrebno za jedan \"obi\u010dan\" dan - RADIO LJUBU\u0160KI","og_description":"Cijene hrane, pi\u0107a, &#8220;pla\u017enih setova&#8221;, smje\u0161taja i dnevnog parkinga, na crnogorskom primorju ovog ljeta skuplje su u odnosu na pro\u0161lu godinu, ali poskupljenja ne \u010dude, jer su ove godine aktualna u zemljama \u010ditave regije. Kako navode mediji, odmor vas dnevno u prosjeku ko\u0161ta oko 70 eura po osobi. Ako je u pitanju \u010detvoro\u010dlana obitelj, onda [&hellip;]","og_url":"https:\/\/radioljubuski.ba\/index.php\/2022\/07\/25\/idete-na-more-u-crnu-goru-evo-koliko-vam-je-novca-potrebno-za-jedan-obican-dan\/","og_site_name":"RADIO LJUBU\u0160KI","article_publisher":"https:\/\/www.facebook.com\/Radiio-Ljubuski-1490835324566332","article_published_time":"2022-07-25T08:56:18+00:00","article_modified_time":"2022-07-25T08:56:20+00:00","og_image":[{"width":800,"height":550,"url":"https:\/\/radioljubuski.ba\/wp-content\/uploads\/2021\/04\/crna-gora.jpg","type":"image\/jpeg"}],"author":"Radio Ljubu\u0161ki","twitter_card":"summary_large_image","twitter_creator":"@radioljubuski","twitter_site":"@radioljubuski","twitter_misc":{"Napisao\/la":"Radio Ljubu\u0161ki","Procijenjeno vrijeme \u010ditanja":"3 minute"},"schema":{"@context":"https:\/\/schema.org","@graph":[{"@type":"Article","@id":"https:\/\/radioljubuski.ba\/index.php\/2022\/07\/25\/idete-na-more-u-crnu-goru-evo-koliko-vam-je-novca-potrebno-za-jedan-obican-dan\/#article","isPartOf":{"@id":"https:\/\/radioljubuski.ba\/index.php\/2022\/07\/25\/idete-na-more-u-crnu-goru-evo-koliko-vam-je-novca-potrebno-za-jedan-obican-dan\/"},"author":{"name":"Radio Ljubu\u0161ki","@id":"https:\/\/radioljubuski.ba\/#\/schema\/person\/19fc700381a780f69665d7956c469e3b"},"headline":"Idete na more u Crnu Goru? Evo koliko vam je novca potrebno za jedan &#8220;obi\u010dan&#8221; dan","datePublished":"2022-07-25T08:56:18+00:00","dateModified":"2022-07-25T08:56:20+00:00","mainEntityOfPage":{"@id":"https:\/\/radioljubuski.ba\/index.php\/2022\/07\/25\/idete-na-more-u-crnu-goru-evo-koliko-vam-je-novca-potrebno-za-jedan-obican-dan\/"},"wordCount":652,"publisher":{"@id":"https:\/\/radioljubuski.ba\/#organization"},"image":{"@id":"https:\/\/radioljubuski.ba\/index.php\/2022\/07\/25\/idete-na-more-u-crnu-goru-evo-koliko-vam-je-novca-potrebno-za-jedan-obican-dan\/#primaryimage"},"thumbnailUrl":"https:\/\/radioljubuski.ba\/wp-content\/uploads\/2021\/04\/crna-gora.jpg","articleSection":["BIH i regija"],"inLanguage":"hr"},{"@type":"WebPage","@id":"https:\/\/radioljubuski.ba\/index.php\/2022\/07\/25\/idete-na-more-u-crnu-goru-evo-koliko-vam-je-novca-potrebno-za-jedan-obican-dan\/","url":"https:\/\/radioljubuski.ba\/index.php\/2022\/07\/25\/idete-na-more-u-crnu-goru-evo-koliko-vam-je-novca-potrebno-za-jedan-obican-dan\/","name":"Idete na more u Crnu Goru? Evo koliko vam je novca potrebno za jedan \"obi\u010dan\" dan - RADIO LJUBU\u0160KI","isPartOf":{"@id":"https:\/\/radioljubuski.ba\/#website"},"primaryImageOfPage":{"@id":"https:\/\/radioljubuski.ba\/index.php\/2022\/07\/25\/idete-na-more-u-crnu-goru-evo-koliko-vam-je-novca-potrebno-za-jedan-obican-dan\/#primaryimage"},"image":{"@id":"https:\/\/radioljubuski.ba\/index.php\/2022\/07\/25\/idete-na-more-u-crnu-goru-evo-koliko-vam-je-novca-potrebno-za-jedan-obican-dan\/#primaryimage"},"thumbnailUrl":"https:\/\/radioljubuski.ba\/wp-content\/uploads\/2021\/04\/crna-gora.jpg","datePublished":"2022-07-25T08:56:18+00:00","dateModified":"2022-07-25T08:56:20+00:00","breadcrumb":{"@id":"https:\/\/radioljubuski.ba\/index.php\/2022\/07\/25\/idete-na-more-u-crnu-goru-evo-koliko-vam-je-novca-potrebno-za-jedan-obican-dan\/#breadcrumb"},"inLanguage":"hr","potentialAction":[{"@type":"ReadAction","target":["https:\/\/radioljubuski.ba\/index.php\/2022\/07\/25\/idete-na-more-u-crnu-goru-evo-koliko-vam-je-novca-potrebno-za-jedan-obican-dan\/"]}]},{"@type":"ImageObject","inLanguage":"hr","@id":"https:\/\/radioljubuski.ba\/index.php\/2022\/07\/25\/idete-na-more-u-crnu-goru-evo-koliko-vam-je-novca-potrebno-za-jedan-obican-dan\/#primaryimage","url":"https:\/\/radioljubuski.ba\/wp-content\/uploads\/2021\/04\/crna-gora.jpg","contentUrl":"https:\/\/radioljubuski.ba\/wp-content\/uploads\/2021\/04\/crna-gora.jpg","width":800,"height":550},{"@type":"BreadcrumbList","@id":"https:\/\/radioljubuski.ba\/index.php\/2022\/07\/25\/idete-na-more-u-crnu-goru-evo-koliko-vam-je-novca-potrebno-za-jedan-obican-dan\/#breadcrumb","itemListElement":[{"@type":"ListItem","position":1,"name":"Po\u010detna stranica","item":"https:\/\/radioljubuski.ba\/"},{"@type":"ListItem","position":2,"name":"Idete na more u Crnu Goru? Evo koliko vam je novca potrebno za jedan &#8220;obi\u010dan&#8221; dan"}]},{"@type":"WebSite","@id":"https:\/\/radioljubuski.ba\/#website","url":"https:\/\/radioljubuski.ba\/","name":"Radio Ljubu\u0161ki","description":"Sun\u010dana frekvencija Hercegovine","publisher":{"@id":"https:\/\/radioljubuski.ba\/#organization"},"potentialAction":[{"@type":"SearchAction","target":{"@type":"EntryPoint","urlTemplate":"https:\/\/radioljubuski.ba\/?s={search_term_string}"},"query-input":{"@type":"PropertyValueSpecification","valueRequired":true,"valueName":"search_term_string"}}],"inLanguage":"hr"},{"@type":"Organization","@id":"https:\/\/radioljubuski.ba\/#organization","name":"Radio Ljubu\u0161ki","url":"https:\/\/radioljubuski.ba\/","logo":{"@type":"ImageObject","inLanguage":"hr","@id":"https:\/\/radioljubuski.ba\/#\/schema\/logo\/image\/","url":"https:\/\/radioljubuski.ba\/wp-content\/uploads\/2021\/02\/cropped-Radio_Ljubuski_logo1.jpg","contentUrl":"https:\/\/radioljubuski.ba\/wp-content\/uploads\/2021\/02\/cropped-Radio_Ljubuski_logo1.jpg","width":512,"height":512,"caption":"Radio Ljubu\u0161ki"},"image":{"@id":"https:\/\/radioljubuski.ba\/#\/schema\/logo\/image\/"},"sameAs":["https:\/\/www.facebook.com\/Radiio-Ljubuski-1490835324566332","https:\/\/x.com\/radioljubuski","https:\/\/hr.linkedin.com\/company\/radio-ljubuski","https:\/\/www.youtube.com\/channel\/UCHYaeO_n0Db3tjNGudGpXyw"]},{"@type":"Person","@id":"https:\/\/radioljubuski.ba\/#\/schema\/person\/19fc700381a780f69665d7956c469e3b","name":"Radio Ljubu\u0161ki"}]}},"_links":{"self":[{"href":"https:\/\/radioljubuski.ba\/index.php\/wp-json\/wp\/v2\/posts\/163042","targetHints":{"allow":["GET"]}}],"collection":[{"href":"https:\/\/radioljubuski.ba\/index.php\/wp-json\/wp\/v2\/posts"}],"about":[{"href":"https:\/\/radioljubuski.ba\/index.php\/wp-json\/wp\/v2\/types\/post"}],"author":[{"embeddable":true,"href":"https:\/\/radioljubuski.ba\/index.php\/wp-json\/wp\/v2\/users\/2"}],"replies":[{"embeddable":true,"href":"https:\/\/radioljubuski.ba\/index.php\/wp-json\/wp\/v2\/comments?post=163042"}],"version-history":[{"count":1,"href":"https:\/\/radioljubuski.ba\/index.php\/wp-json\/wp\/v2\/posts\/163042\/revisions"}],"predecessor-version":[{"id":163043,"href":"https:\/\/radioljubuski.ba\/index.php\/wp-json\/wp\/v2\/posts\/163042\/revisions\/163043"}],"wp:featuredmedia":[{"embeddable":true,"href":"https:\/\/radioljubuski.ba\/index.php\/wp-json\/wp\/v2\/media\/15292"}],"wp:attachment":[{"href":"https:\/\/radioljubuski.ba\/index.php\/wp-json\/wp\/v2\/media?parent=163042"}],"wp:term":[{"taxonomy":"category","embeddable":true,"href":"https:\/\/radioljubuski.ba\/index.php\/wp-json\/wp\/v2\/categories?post=163042"},{"taxonomy":"post_tag","embeddable":true,"href":"https:\/\/radioljubuski.ba\/index.php\/wp-json\/wp\/v2\/tags?post=163042"}],"curies":[{"name":"wp","href":"https:\/\/api.w.org\/{rel}","templated":true}]}}