{"id":163054,"date":"2022-07-25T10:13:12","date_gmt":"2022-07-25T09:13:12","guid":{"rendered":"https:\/\/radioljubuski.ba\/?p=163054"},"modified":"2022-07-25T10:13:14","modified_gmt":"2022-07-25T09:13:14","slug":"ruzne-scene-u-mostaru-manijaci-bakljama-gadali-gledatelje-na-zapadnoj-tribini","status":"publish","type":"post","link":"https:\/\/radioljubuski.ba\/index.php\/2022\/07\/25\/ruzne-scene-u-mostaru-manijaci-bakljama-gadali-gledatelje-na-zapadnoj-tribini\/","title":{"rendered":"Ru\u017ene scene u Mostaru; Manijaci bakljama ga\u0111ali gledatelje na zapadnoj tribini"},"content":{"rendered":"\n<p>Oko \u0161ezdesete minute susreta izme\u0111u Zrinjskog i \u017deljezni\u010dara, gledatelje na zapadnoj tribini stadiona pod Bijelim brijegom, gdje su bili i roditelji sa djecom, do\u010dekalo je neugodno iznena\u0111enje kada su ih Manijaci (navija\u010di \u017deljezni\u010dara) ga\u0111ali velikim brojem pirotehni\u010dkih sredstava. <\/p>\n\n\n\n<p>Naime, zavr\u0161eno je drugo kolo Premijer lige BiH u kojem je ekipa \u017deljezni\u010dara u Mostaru pobijedila prvaka BiH rezultatom 2:1. <\/p>\n\n\n\n<p>Zanimljiva utakmica puna prilika s obje strane odigrala se pod Bijelim brijegom, a obje mom\u010dadi imale su sjajnu podr\u0161ku s tribina. <\/p>\n\n\n\n<p>Navija\u010di \u017deljezni\u010dara su u velikom broju stigli na stadion pod Bijelim brijegom, a sa sobom su donijeli ve\u0107 vi\u0161e puta vi\u0111ene scene na stadionu u Mostaru. <\/p>\n\n\n\n<p>Zanimljivo je kako se niti jedan medij koji jedva \u010deka &#8221;pogre\u0161an korak&#8221; navija\u010da Zrinjskog nije oglasio po tom pitanju. <\/p>\n\n\n\n<p>Jo\u0161 zanimljivije je kako su pojedini mediji prenijeli bakljadu Manijaka kao &#8221;veliku podr\u0161ku&#8221; i &#8221;fantasti\u010dnu koreografiju&#8221;, a upravo se na tim snimkama vidi kako baklje i sli\u010dni predmeti padaju me\u0111u gledatelje na zapadnoj tribini. <\/p>\n\n\n\n<p>Pripadnici specijalne policije nisu &#8221;kaznili&#8221; navija\u010de \u017deljezni\u010dara, te su ostali na stadionu do 90. minute susreta, a postavlja se pitanje kako su Manijaci pored toliko policijskih snaga uspjeli unijeti veliki broj pirotehni\u010dkih sredstava na stadion. <\/p>\n\n\n\n<p>Podsje\u0107amo, ovo nije prvi put da se ovakve stvari doga\u0111aju na stadionu Zrinjskog, a i posljednji put kada su navija\u010di Vele\u017ea uradili istu stvar, mediji su to prenijeli kao &#8221;ru\u0161ila\u010dki pohod fa\u0161ista iz zapadnog Mostara&#8221;.<\/p>\n\n\n\n<p>Tako\u0111er, va\u017eno je naglasiti kako se niti jedan put uprava H\u0160K Zrinjski nije oglasila po tom pitanju, pa se postavlja pitanje treba li se dogoditi nesretan slu\u010daj kako bi kona\u010dno netko reagirao.<\/p>\n\n\n\n<iframe loading=\"lazy\" width=\"560\" height=\"315\" src=\"https:\/\/www.youtube.com\/embed\/SoC9PvXjOvs\" title=\"YouTube video player\" frameborder=\"0\" allow=\"accelerometer; autoplay; clipboard-write; encrypted-media; gyroscope; picture-in-picture\" allowfullscreen><\/iframe>\n\n\n\n<p><strong>Izvor: Bljesak.info<\/strong><\/p>\n","protected":false},"excerpt":{"rendered":"<p>Oko \u0161ezdesete minute susreta izme\u0111u Zrinjskog i \u017deljezni\u010dara, gledatelje na zapadnoj tribini stadiona pod Bijelim brijegom, gdje su bili i roditelji sa djecom, do\u010dekalo je neugodno iznena\u0111enje kada su ih Manijaci (navija\u010di \u017deljezni\u010dara) ga\u0111ali velikim brojem pirotehni\u010dkih sredstava. Naime, zavr\u0161eno je drugo kolo Premijer lige BiH u kojem je ekipa \u017deljezni\u010dara u Mostaru pobijedila prvaka [&hellip;]<\/p>\n","protected":false},"author":2,"featured_media":163058,"comment_status":"closed","ping_status":"closed","sticky":false,"template":"","format":"standard","meta":{"h5ap_radio_sources":[],"footnotes":""},"categories":[7],"tags":[],"class_list":["post-163054","post","type-post","status-publish","format-standard","has-post-thumbnail","hentry","category-sport"],"yoast_head":"<!-- This site is optimized with the Yoast SEO plugin v27.5 - https:\/\/yoast.com\/product\/yoast-seo-wordpress\/ -->\n<title>Ru\u017ene scene u Mostaru; Manijaci bakljama ga\u0111ali gledatelje na zapadnoj tribini - RADIO LJUBU\u0160KI<\/title>\n<meta name=\"robots\" content=\"index, follow, max-snippet:-1, max-image-preview:large, max-video-preview:-1\" \/>\n<link rel=\"canonical\" href=\"https:\/\/radioljubuski.ba\/index.php\/2022\/07\/25\/ruzne-scene-u-mostaru-manijaci-bakljama-gadali-gledatelje-na-zapadnoj-tribini\/\" \/>\n<meta property=\"og:locale\" content=\"hr_HR\" \/>\n<meta property=\"og:type\" content=\"article\" \/>\n<meta property=\"og:title\" content=\"Ru\u017ene scene u Mostaru; Manijaci bakljama ga\u0111ali gledatelje na zapadnoj tribini - RADIO LJUBU\u0160KI\" \/>\n<meta property=\"og:description\" content=\"Oko \u0161ezdesete minute susreta izme\u0111u Zrinjskog i \u017deljezni\u010dara, gledatelje na zapadnoj tribini stadiona pod Bijelim brijegom, gdje su bili i roditelji sa djecom, do\u010dekalo je neugodno iznena\u0111enje kada su ih Manijaci (navija\u010di \u017deljezni\u010dara) ga\u0111ali velikim brojem pirotehni\u010dkih sredstava. Naime, zavr\u0161eno je drugo kolo Premijer lige BiH u kojem je ekipa \u017deljezni\u010dara u Mostaru pobijedila prvaka [&hellip;]\" \/>\n<meta property=\"og:url\" content=\"https:\/\/radioljubuski.ba\/index.php\/2022\/07\/25\/ruzne-scene-u-mostaru-manijaci-bakljama-gadali-gledatelje-na-zapadnoj-tribini\/\" \/>\n<meta property=\"og:site_name\" content=\"RADIO LJUBU\u0160KI\" \/>\n<meta property=\"article:publisher\" content=\"https:\/\/www.facebook.com\/Radiio-Ljubuski-1490835324566332\" \/>\n<meta property=\"article:published_time\" content=\"2022-07-25T09:13:12+00:00\" \/>\n<meta property=\"article:modified_time\" content=\"2022-07-25T09:13:14+00:00\" \/>\n<meta property=\"og:image\" content=\"https:\/\/radioljubuski.ba\/wp-content\/uploads\/2022\/07\/bakljada-1.jpg\" \/>\n\t<meta property=\"og:image:width\" content=\"800\" \/>\n\t<meta property=\"og:image:height\" content=\"550\" \/>\n\t<meta property=\"og:image:type\" content=\"image\/jpeg\" \/>\n<meta name=\"author\" content=\"Radio Ljubu\u0161ki\" \/>\n<meta name=\"twitter:card\" content=\"summary_large_image\" \/>\n<meta name=\"twitter:creator\" content=\"@radioljubuski\" \/>\n<meta name=\"twitter:site\" content=\"@radioljubuski\" \/>\n<meta name=\"twitter:label1\" content=\"Napisao\/la\" \/>\n\t<meta name=\"twitter:data1\" content=\"Radio Ljubu\u0161ki\" \/>\n\t<meta name=\"twitter:label2\" content=\"Procijenjeno vrijeme \u010ditanja\" \/>\n\t<meta name=\"twitter:data2\" content=\"2 minute\" \/>\n<script type=\"application\/ld+json\" class=\"yoast-schema-graph\">{\"@context\":\"https:\\\/\\\/schema.org\",\"@graph\":[{\"@type\":\"Article\",\"@id\":\"https:\\\/\\\/radioljubuski.ba\\\/index.php\\\/2022\\\/07\\\/25\\\/ruzne-scene-u-mostaru-manijaci-bakljama-gadali-gledatelje-na-zapadnoj-tribini\\\/#article\",\"isPartOf\":{\"@id\":\"https:\\\/\\\/radioljubuski.ba\\\/index.php\\\/2022\\\/07\\\/25\\\/ruzne-scene-u-mostaru-manijaci-bakljama-gadali-gledatelje-na-zapadnoj-tribini\\\/\"},\"author\":{\"name\":\"Radio Ljubu\u0161ki\",\"@id\":\"https:\\\/\\\/radioljubuski.ba\\\/#\\\/schema\\\/person\\\/19fc700381a780f69665d7956c469e3b\"},\"headline\":\"Ru\u017ene scene u Mostaru; Manijaci bakljama ga\u0111ali gledatelje na zapadnoj tribini\",\"datePublished\":\"2022-07-25T09:13:12+00:00\",\"dateModified\":\"2022-07-25T09:13:14+00:00\",\"mainEntityOfPage\":{\"@id\":\"https:\\\/\\\/radioljubuski.ba\\\/index.php\\\/2022\\\/07\\\/25\\\/ruzne-scene-u-mostaru-manijaci-bakljama-gadali-gledatelje-na-zapadnoj-tribini\\\/\"},\"wordCount\":311,\"publisher\":{\"@id\":\"https:\\\/\\\/radioljubuski.ba\\\/#organization\"},\"image\":{\"@id\":\"https:\\\/\\\/radioljubuski.ba\\\/index.php\\\/2022\\\/07\\\/25\\\/ruzne-scene-u-mostaru-manijaci-bakljama-gadali-gledatelje-na-zapadnoj-tribini\\\/#primaryimage\"},\"thumbnailUrl\":\"https:\\\/\\\/radioljubuski.ba\\\/wp-content\\\/uploads\\\/2022\\\/07\\\/bakljada-1.jpg\",\"articleSection\":[\"\u0160port\"],\"inLanguage\":\"hr\"},{\"@type\":\"WebPage\",\"@id\":\"https:\\\/\\\/radioljubuski.ba\\\/index.php\\\/2022\\\/07\\\/25\\\/ruzne-scene-u-mostaru-manijaci-bakljama-gadali-gledatelje-na-zapadnoj-tribini\\\/\",\"url\":\"https:\\\/\\\/radioljubuski.ba\\\/index.php\\\/2022\\\/07\\\/25\\\/ruzne-scene-u-mostaru-manijaci-bakljama-gadali-gledatelje-na-zapadnoj-tribini\\\/\",\"name\":\"Ru\u017ene scene u Mostaru; Manijaci bakljama ga\u0111ali gledatelje na zapadnoj tribini - RADIO LJUBU\u0160KI\",\"isPartOf\":{\"@id\":\"https:\\\/\\\/radioljubuski.ba\\\/#website\"},\"primaryImageOfPage\":{\"@id\":\"https:\\\/\\\/radioljubuski.ba\\\/index.php\\\/2022\\\/07\\\/25\\\/ruzne-scene-u-mostaru-manijaci-bakljama-gadali-gledatelje-na-zapadnoj-tribini\\\/#primaryimage\"},\"image\":{\"@id\":\"https:\\\/\\\/radioljubuski.ba\\\/index.php\\\/2022\\\/07\\\/25\\\/ruzne-scene-u-mostaru-manijaci-bakljama-gadali-gledatelje-na-zapadnoj-tribini\\\/#primaryimage\"},\"thumbnailUrl\":\"https:\\\/\\\/radioljubuski.ba\\\/wp-content\\\/uploads\\\/2022\\\/07\\\/bakljada-1.jpg\",\"datePublished\":\"2022-07-25T09:13:12+00:00\",\"dateModified\":\"2022-07-25T09:13:14+00:00\",\"breadcrumb\":{\"@id\":\"https:\\\/\\\/radioljubuski.ba\\\/index.php\\\/2022\\\/07\\\/25\\\/ruzne-scene-u-mostaru-manijaci-bakljama-gadali-gledatelje-na-zapadnoj-tribini\\\/#breadcrumb\"},\"inLanguage\":\"hr\",\"potentialAction\":[{\"@type\":\"ReadAction\",\"target\":[\"https:\\\/\\\/radioljubuski.ba\\\/index.php\\\/2022\\\/07\\\/25\\\/ruzne-scene-u-mostaru-manijaci-bakljama-gadali-gledatelje-na-zapadnoj-tribini\\\/\"]}]},{\"@type\":\"ImageObject\",\"inLanguage\":\"hr\",\"@id\":\"https:\\\/\\\/radioljubuski.ba\\\/index.php\\\/2022\\\/07\\\/25\\\/ruzne-scene-u-mostaru-manijaci-bakljama-gadali-gledatelje-na-zapadnoj-tribini\\\/#primaryimage\",\"url\":\"https:\\\/\\\/radioljubuski.ba\\\/wp-content\\\/uploads\\\/2022\\\/07\\\/bakljada-1.jpg\",\"contentUrl\":\"https:\\\/\\\/radioljubuski.ba\\\/wp-content\\\/uploads\\\/2022\\\/07\\\/bakljada-1.jpg\",\"width\":800,\"height\":550},{\"@type\":\"BreadcrumbList\",\"@id\":\"https:\\\/\\\/radioljubuski.ba\\\/index.php\\\/2022\\\/07\\\/25\\\/ruzne-scene-u-mostaru-manijaci-bakljama-gadali-gledatelje-na-zapadnoj-tribini\\\/#breadcrumb\",\"itemListElement\":[{\"@type\":\"ListItem\",\"position\":1,\"name\":\"Po\u010detna stranica\",\"item\":\"https:\\\/\\\/radioljubuski.ba\\\/\"},{\"@type\":\"ListItem\",\"position\":2,\"name\":\"Ru\u017ene scene u Mostaru; Manijaci bakljama ga\u0111ali gledatelje na zapadnoj tribini\"}]},{\"@type\":\"WebSite\",\"@id\":\"https:\\\/\\\/radioljubuski.ba\\\/#website\",\"url\":\"https:\\\/\\\/radioljubuski.ba\\\/\",\"name\":\"Radio Ljubu\u0161ki\",\"description\":\"Sun\u010dana frekvencija Hercegovine\",\"publisher\":{\"@id\":\"https:\\\/\\\/radioljubuski.ba\\\/#organization\"},\"potentialAction\":[{\"@type\":\"SearchAction\",\"target\":{\"@type\":\"EntryPoint\",\"urlTemplate\":\"https:\\\/\\\/radioljubuski.ba\\\/?s={search_term_string}\"},\"query-input\":{\"@type\":\"PropertyValueSpecification\",\"valueRequired\":true,\"valueName\":\"search_term_string\"}}],\"inLanguage\":\"hr\"},{\"@type\":\"Organization\",\"@id\":\"https:\\\/\\\/radioljubuski.ba\\\/#organization\",\"name\":\"Radio Ljubu\u0161ki\",\"url\":\"https:\\\/\\\/radioljubuski.ba\\\/\",\"logo\":{\"@type\":\"ImageObject\",\"inLanguage\":\"hr\",\"@id\":\"https:\\\/\\\/radioljubuski.ba\\\/#\\\/schema\\\/logo\\\/image\\\/\",\"url\":\"https:\\\/\\\/radioljubuski.ba\\\/wp-content\\\/uploads\\\/2021\\\/02\\\/cropped-Radio_Ljubuski_logo1.jpg\",\"contentUrl\":\"https:\\\/\\\/radioljubuski.ba\\\/wp-content\\\/uploads\\\/2021\\\/02\\\/cropped-Radio_Ljubuski_logo1.jpg\",\"width\":512,\"height\":512,\"caption\":\"Radio Ljubu\u0161ki\"},\"image\":{\"@id\":\"https:\\\/\\\/radioljubuski.ba\\\/#\\\/schema\\\/logo\\\/image\\\/\"},\"sameAs\":[\"https:\\\/\\\/www.facebook.com\\\/Radiio-Ljubuski-1490835324566332\",\"https:\\\/\\\/x.com\\\/radioljubuski\",\"https:\\\/\\\/hr.linkedin.com\\\/company\\\/radio-ljubuski\",\"https:\\\/\\\/www.youtube.com\\\/channel\\\/UCHYaeO_n0Db3tjNGudGpXyw\"]},{\"@type\":\"Person\",\"@id\":\"https:\\\/\\\/radioljubuski.ba\\\/#\\\/schema\\\/person\\\/19fc700381a780f69665d7956c469e3b\",\"name\":\"Radio Ljubu\u0161ki\"}]}<\/script>\n<!-- \/ Yoast SEO plugin. -->","yoast_head_json":{"title":"Ru\u017ene scene u Mostaru; Manijaci bakljama ga\u0111ali gledatelje na zapadnoj tribini - RADIO LJUBU\u0160KI","robots":{"index":"index","follow":"follow","max-snippet":"max-snippet:-1","max-image-preview":"max-image-preview:large","max-video-preview":"max-video-preview:-1"},"canonical":"https:\/\/radioljubuski.ba\/index.php\/2022\/07\/25\/ruzne-scene-u-mostaru-manijaci-bakljama-gadali-gledatelje-na-zapadnoj-tribini\/","og_locale":"hr_HR","og_type":"article","og_title":"Ru\u017ene scene u Mostaru; Manijaci bakljama ga\u0111ali gledatelje na zapadnoj tribini - RADIO LJUBU\u0160KI","og_description":"Oko \u0161ezdesete minute susreta izme\u0111u Zrinjskog i \u017deljezni\u010dara, gledatelje na zapadnoj tribini stadiona pod Bijelim brijegom, gdje su bili i roditelji sa djecom, do\u010dekalo je neugodno iznena\u0111enje kada su ih Manijaci (navija\u010di \u017deljezni\u010dara) ga\u0111ali velikim brojem pirotehni\u010dkih sredstava. Naime, zavr\u0161eno je drugo kolo Premijer lige BiH u kojem je ekipa \u017deljezni\u010dara u Mostaru pobijedila prvaka [&hellip;]","og_url":"https:\/\/radioljubuski.ba\/index.php\/2022\/07\/25\/ruzne-scene-u-mostaru-manijaci-bakljama-gadali-gledatelje-na-zapadnoj-tribini\/","og_site_name":"RADIO LJUBU\u0160KI","article_publisher":"https:\/\/www.facebook.com\/Radiio-Ljubuski-1490835324566332","article_published_time":"2022-07-25T09:13:12+00:00","article_modified_time":"2022-07-25T09:13:14+00:00","og_image":[{"width":800,"height":550,"url":"https:\/\/radioljubuski.ba\/wp-content\/uploads\/2022\/07\/bakljada-1.jpg","type":"image\/jpeg"}],"author":"Radio Ljubu\u0161ki","twitter_card":"summary_large_image","twitter_creator":"@radioljubuski","twitter_site":"@radioljubuski","twitter_misc":{"Napisao\/la":"Radio Ljubu\u0161ki","Procijenjeno vrijeme \u010ditanja":"2 minute"},"schema":{"@context":"https:\/\/schema.org","@graph":[{"@type":"Article","@id":"https:\/\/radioljubuski.ba\/index.php\/2022\/07\/25\/ruzne-scene-u-mostaru-manijaci-bakljama-gadali-gledatelje-na-zapadnoj-tribini\/#article","isPartOf":{"@id":"https:\/\/radioljubuski.ba\/index.php\/2022\/07\/25\/ruzne-scene-u-mostaru-manijaci-bakljama-gadali-gledatelje-na-zapadnoj-tribini\/"},"author":{"name":"Radio Ljubu\u0161ki","@id":"https:\/\/radioljubuski.ba\/#\/schema\/person\/19fc700381a780f69665d7956c469e3b"},"headline":"Ru\u017ene scene u Mostaru; Manijaci bakljama ga\u0111ali gledatelje na zapadnoj tribini","datePublished":"2022-07-25T09:13:12+00:00","dateModified":"2022-07-25T09:13:14+00:00","mainEntityOfPage":{"@id":"https:\/\/radioljubuski.ba\/index.php\/2022\/07\/25\/ruzne-scene-u-mostaru-manijaci-bakljama-gadali-gledatelje-na-zapadnoj-tribini\/"},"wordCount":311,"publisher":{"@id":"https:\/\/radioljubuski.ba\/#organization"},"image":{"@id":"https:\/\/radioljubuski.ba\/index.php\/2022\/07\/25\/ruzne-scene-u-mostaru-manijaci-bakljama-gadali-gledatelje-na-zapadnoj-tribini\/#primaryimage"},"thumbnailUrl":"https:\/\/radioljubuski.ba\/wp-content\/uploads\/2022\/07\/bakljada-1.jpg","articleSection":["\u0160port"],"inLanguage":"hr"},{"@type":"WebPage","@id":"https:\/\/radioljubuski.ba\/index.php\/2022\/07\/25\/ruzne-scene-u-mostaru-manijaci-bakljama-gadali-gledatelje-na-zapadnoj-tribini\/","url":"https:\/\/radioljubuski.ba\/index.php\/2022\/07\/25\/ruzne-scene-u-mostaru-manijaci-bakljama-gadali-gledatelje-na-zapadnoj-tribini\/","name":"Ru\u017ene scene u Mostaru; Manijaci bakljama ga\u0111ali gledatelje na zapadnoj tribini - RADIO LJUBU\u0160KI","isPartOf":{"@id":"https:\/\/radioljubuski.ba\/#website"},"primaryImageOfPage":{"@id":"https:\/\/radioljubuski.ba\/index.php\/2022\/07\/25\/ruzne-scene-u-mostaru-manijaci-bakljama-gadali-gledatelje-na-zapadnoj-tribini\/#primaryimage"},"image":{"@id":"https:\/\/radioljubuski.ba\/index.php\/2022\/07\/25\/ruzne-scene-u-mostaru-manijaci-bakljama-gadali-gledatelje-na-zapadnoj-tribini\/#primaryimage"},"thumbnailUrl":"https:\/\/radioljubuski.ba\/wp-content\/uploads\/2022\/07\/bakljada-1.jpg","datePublished":"2022-07-25T09:13:12+00:00","dateModified":"2022-07-25T09:13:14+00:00","breadcrumb":{"@id":"https:\/\/radioljubuski.ba\/index.php\/2022\/07\/25\/ruzne-scene-u-mostaru-manijaci-bakljama-gadali-gledatelje-na-zapadnoj-tribini\/#breadcrumb"},"inLanguage":"hr","potentialAction":[{"@type":"ReadAction","target":["https:\/\/radioljubuski.ba\/index.php\/2022\/07\/25\/ruzne-scene-u-mostaru-manijaci-bakljama-gadali-gledatelje-na-zapadnoj-tribini\/"]}]},{"@type":"ImageObject","inLanguage":"hr","@id":"https:\/\/radioljubuski.ba\/index.php\/2022\/07\/25\/ruzne-scene-u-mostaru-manijaci-bakljama-gadali-gledatelje-na-zapadnoj-tribini\/#primaryimage","url":"https:\/\/radioljubuski.ba\/wp-content\/uploads\/2022\/07\/bakljada-1.jpg","contentUrl":"https:\/\/radioljubuski.ba\/wp-content\/uploads\/2022\/07\/bakljada-1.jpg","width":800,"height":550},{"@type":"BreadcrumbList","@id":"https:\/\/radioljubuski.ba\/index.php\/2022\/07\/25\/ruzne-scene-u-mostaru-manijaci-bakljama-gadali-gledatelje-na-zapadnoj-tribini\/#breadcrumb","itemListElement":[{"@type":"ListItem","position":1,"name":"Po\u010detna stranica","item":"https:\/\/radioljubuski.ba\/"},{"@type":"ListItem","position":2,"name":"Ru\u017ene scene u Mostaru; Manijaci bakljama ga\u0111ali gledatelje na zapadnoj tribini"}]},{"@type":"WebSite","@id":"https:\/\/radioljubuski.ba\/#website","url":"https:\/\/radioljubuski.ba\/","name":"Radio Ljubu\u0161ki","description":"Sun\u010dana frekvencija Hercegovine","publisher":{"@id":"https:\/\/radioljubuski.ba\/#organization"},"potentialAction":[{"@type":"SearchAction","target":{"@type":"EntryPoint","urlTemplate":"https:\/\/radioljubuski.ba\/?s={search_term_string}"},"query-input":{"@type":"PropertyValueSpecification","valueRequired":true,"valueName":"search_term_string"}}],"inLanguage":"hr"},{"@type":"Organization","@id":"https:\/\/radioljubuski.ba\/#organization","name":"Radio Ljubu\u0161ki","url":"https:\/\/radioljubuski.ba\/","logo":{"@type":"ImageObject","inLanguage":"hr","@id":"https:\/\/radioljubuski.ba\/#\/schema\/logo\/image\/","url":"https:\/\/radioljubuski.ba\/wp-content\/uploads\/2021\/02\/cropped-Radio_Ljubuski_logo1.jpg","contentUrl":"https:\/\/radioljubuski.ba\/wp-content\/uploads\/2021\/02\/cropped-Radio_Ljubuski_logo1.jpg","width":512,"height":512,"caption":"Radio Ljubu\u0161ki"},"image":{"@id":"https:\/\/radioljubuski.ba\/#\/schema\/logo\/image\/"},"sameAs":["https:\/\/www.facebook.com\/Radiio-Ljubuski-1490835324566332","https:\/\/x.com\/radioljubuski","https:\/\/hr.linkedin.com\/company\/radio-ljubuski","https:\/\/www.youtube.com\/channel\/UCHYaeO_n0Db3tjNGudGpXyw"]},{"@type":"Person","@id":"https:\/\/radioljubuski.ba\/#\/schema\/person\/19fc700381a780f69665d7956c469e3b","name":"Radio Ljubu\u0161ki"}]}},"_links":{"self":[{"href":"https:\/\/radioljubuski.ba\/index.php\/wp-json\/wp\/v2\/posts\/163054","targetHints":{"allow":["GET"]}}],"collection":[{"href":"https:\/\/radioljubuski.ba\/index.php\/wp-json\/wp\/v2\/posts"}],"about":[{"href":"https:\/\/radioljubuski.ba\/index.php\/wp-json\/wp\/v2\/types\/post"}],"author":[{"embeddable":true,"href":"https:\/\/radioljubuski.ba\/index.php\/wp-json\/wp\/v2\/users\/2"}],"replies":[{"embeddable":true,"href":"https:\/\/radioljubuski.ba\/index.php\/wp-json\/wp\/v2\/comments?post=163054"}],"version-history":[{"count":1,"href":"https:\/\/radioljubuski.ba\/index.php\/wp-json\/wp\/v2\/posts\/163054\/revisions"}],"predecessor-version":[{"id":163059,"href":"https:\/\/radioljubuski.ba\/index.php\/wp-json\/wp\/v2\/posts\/163054\/revisions\/163059"}],"wp:featuredmedia":[{"embeddable":true,"href":"https:\/\/radioljubuski.ba\/index.php\/wp-json\/wp\/v2\/media\/163058"}],"wp:attachment":[{"href":"https:\/\/radioljubuski.ba\/index.php\/wp-json\/wp\/v2\/media?parent=163054"}],"wp:term":[{"taxonomy":"category","embeddable":true,"href":"https:\/\/radioljubuski.ba\/index.php\/wp-json\/wp\/v2\/categories?post=163054"},{"taxonomy":"post_tag","embeddable":true,"href":"https:\/\/radioljubuski.ba\/index.php\/wp-json\/wp\/v2\/tags?post=163054"}],"curies":[{"name":"wp","href":"https:\/\/api.w.org\/{rel}","templated":true}]}}