{"id":163055,"date":"2022-07-25T10:12:16","date_gmt":"2022-07-25T09:12:16","guid":{"rendered":"https:\/\/radioljubuski.ba\/?p=163055"},"modified":"2022-07-25T10:12:17","modified_gmt":"2022-07-25T09:12:17","slug":"gotovo-700-migranata-spaseno-uz-talijansku-obalu-pet-mrtvih","status":"publish","type":"post","link":"https:\/\/radioljubuski.ba\/index.php\/2022\/07\/25\/gotovo-700-migranata-spaseno-uz-talijansku-obalu-pet-mrtvih\/","title":{"rendered":"Gotovo 700 migranata spa\u0161eno uz talijansku obalu, pet mrtvih"},"content":{"rendered":"\n<p>Gotovo 700 migranata spa\u0161eno je, a pet mrtvih tijela izvu\u010deno je u subotu na ju\u017enoj obali Italije, priop\u0107ila je u nedjelju obalna stra\u017ea, a povoljni vremenski uvjeti pogoduju pove\u0107anom &nbsp;priljevu migranata koji preko Sredozemlja poku\u0161avaju sti\u0107i do Europe.<\/p>\n\n\n\n<p>Ve\u0107ina od 674 migranata prona\u0111ena je na ribarskom brodu 124 milje dalje od obale Calabrije, \u010dizme Italije. Drugi su spa\u0161eni u vodi.<\/p>\n\n\n\n<p>Operaciju potrage i spa\u0161avanja izveli su trgova\u010dki brod, talijanska obalna stra\u017ea i financijska policija.<\/p>\n\n\n\n<p>Migranti su prevezeni u obalne gradove na Siciliji i Calabriji u nedjelju ujutro, re\u010deno je u priop\u0107enju. Pet tijela odvezeno je u mrtva\u010dnicu u bolnici sicilijanskog grada Messine.<\/p>\n\n\n\n<p>Vi\u0161e od 34.000 tra\u017eitelja azila i migranata pristiglo je u Italiju od po\u010detka godine, \u0161to je pove\u0107anje za oko 25.500 osoba u odnosu na isti period lani, pokazuju podaci talijanskog ministarstva unutarnjih poslova.<\/p>\n\n\n\n<p>Mediteranske zemlje na glavnim migrantskim rutama prema Europi o\u010dekuju vi\u0161e od 150.000 dolazaka ove godine dok nesta\u0161ica hrane uzrokovana ukrajinskim sukobom prijeti novom migrantskom valu iz Afrike i s Bliskog istoka.<\/p>\n\n\n\n<p>Od nedjelje ujutro, brod s norve\u0161kom zastavom Ocean Viking uo\u010dio je pretrpan gumeni \u010damac u me\u0111unarodnim vodama blizu libijske obale i spasio 87 osoba, uklju\u010duju\u0107i i 57 maloljetnika bez pratnje odraslih, re\u010deno je na Twitteru.<\/p>\n\n\n\n<p>Odvojeno, u subotu je njema\u010dki brod za potragu i spa\u0161avanje kojim upravlja nevladina udruga Sea-Watch spasio vi\u0161e od 400 migranata, uklju\u010duju\u0107i nekoliko djece i dvije trudnice, koji su putovali na \u010detiri prekrcana broda.<\/p>\n\n\n\n<p>Prema Sea-Watchu, mirno more i manjak vjetra pomogli su dolascima migranata na talijanske obale.<\/p>\n\n\n\n<p>U Lampedusi, vi\u0161e od 400 migranata iskrcalo se od pro\u0161le no\u0107i, nakon dodatnih 350 ljudi u subotu, stvoriv\u0161i dodatan pritisak na centar za prijem migranata na otoku, koji se sada nosi s 1000 osoba.<\/p>\n\n\n\n<p>Izvor:pogled.ba<\/p>\n","protected":false},"excerpt":{"rendered":"<p>Gotovo 700 migranata spa\u0161eno je, a pet mrtvih tijela izvu\u010deno je u subotu na ju\u017enoj obali Italije, priop\u0107ila je u nedjelju obalna stra\u017ea, a povoljni vremenski uvjeti pogoduju pove\u0107anom &nbsp;priljevu migranata koji preko Sredozemlja poku\u0161avaju sti\u0107i do Europe. Ve\u0107ina od 674 migranata prona\u0111ena je na ribarskom brodu 124 milje dalje od obale Calabrije, \u010dizme Italije. [&hellip;]<\/p>\n","protected":false},"author":2,"featured_media":163056,"comment_status":"closed","ping_status":"closed","sticky":false,"template":"","format":"standard","meta":{"h5ap_radio_sources":[],"footnotes":""},"categories":[1],"tags":[],"class_list":["post-163055","post","type-post","status-publish","format-standard","has-post-thumbnail","hentry","category-bihiregija"],"yoast_head":"<!-- This site is optimized with the Yoast SEO plugin v27.5 - https:\/\/yoast.com\/product\/yoast-seo-wordpress\/ -->\n<title>Gotovo 700 migranata spa\u0161eno uz talijansku obalu, pet mrtvih - RADIO LJUBU\u0160KI<\/title>\n<meta name=\"robots\" content=\"index, follow, max-snippet:-1, max-image-preview:large, max-video-preview:-1\" \/>\n<link rel=\"canonical\" href=\"https:\/\/radioljubuski.ba\/index.php\/2022\/07\/25\/gotovo-700-migranata-spaseno-uz-talijansku-obalu-pet-mrtvih\/\" \/>\n<meta property=\"og:locale\" content=\"hr_HR\" \/>\n<meta property=\"og:type\" content=\"article\" \/>\n<meta property=\"og:title\" content=\"Gotovo 700 migranata spa\u0161eno uz talijansku obalu, pet mrtvih - RADIO LJUBU\u0160KI\" \/>\n<meta property=\"og:description\" content=\"Gotovo 700 migranata spa\u0161eno je, a pet mrtvih tijela izvu\u010deno je u subotu na ju\u017enoj obali Italije, priop\u0107ila je u nedjelju obalna stra\u017ea, a povoljni vremenski uvjeti pogoduju pove\u0107anom &nbsp;priljevu migranata koji preko Sredozemlja poku\u0161avaju sti\u0107i do Europe. Ve\u0107ina od 674 migranata prona\u0111ena je na ribarskom brodu 124 milje dalje od obale Calabrije, \u010dizme Italije. [&hellip;]\" \/>\n<meta property=\"og:url\" content=\"https:\/\/radioljubuski.ba\/index.php\/2022\/07\/25\/gotovo-700-migranata-spaseno-uz-talijansku-obalu-pet-mrtvih\/\" \/>\n<meta property=\"og:site_name\" content=\"RADIO LJUBU\u0160KI\" \/>\n<meta property=\"article:publisher\" content=\"https:\/\/www.facebook.com\/Radiio-Ljubuski-1490835324566332\" \/>\n<meta property=\"article:published_time\" content=\"2022-07-25T09:12:16+00:00\" \/>\n<meta property=\"article:modified_time\" content=\"2022-07-25T09:12:17+00:00\" \/>\n<meta property=\"og:image\" content=\"https:\/\/radioljubuski.ba\/wp-content\/uploads\/2022\/07\/3-2022-07-24-15-47-49-JSRKK.jpg\" \/>\n\t<meta property=\"og:image:width\" content=\"1000\" \/>\n\t<meta property=\"og:image:height\" content=\"625\" \/>\n\t<meta property=\"og:image:type\" content=\"image\/jpeg\" \/>\n<meta name=\"author\" content=\"Radio Ljubu\u0161ki\" \/>\n<meta name=\"twitter:card\" content=\"summary_large_image\" \/>\n<meta name=\"twitter:creator\" content=\"@radioljubuski\" \/>\n<meta name=\"twitter:site\" content=\"@radioljubuski\" \/>\n<meta name=\"twitter:label1\" content=\"Napisao\/la\" \/>\n\t<meta name=\"twitter:data1\" content=\"Radio Ljubu\u0161ki\" \/>\n\t<meta name=\"twitter:label2\" content=\"Procijenjeno vrijeme \u010ditanja\" \/>\n\t<meta name=\"twitter:data2\" content=\"2 minute\" \/>\n<script type=\"application\/ld+json\" class=\"yoast-schema-graph\">{\"@context\":\"https:\\\/\\\/schema.org\",\"@graph\":[{\"@type\":\"Article\",\"@id\":\"https:\\\/\\\/radioljubuski.ba\\\/index.php\\\/2022\\\/07\\\/25\\\/gotovo-700-migranata-spaseno-uz-talijansku-obalu-pet-mrtvih\\\/#article\",\"isPartOf\":{\"@id\":\"https:\\\/\\\/radioljubuski.ba\\\/index.php\\\/2022\\\/07\\\/25\\\/gotovo-700-migranata-spaseno-uz-talijansku-obalu-pet-mrtvih\\\/\"},\"author\":{\"name\":\"Radio Ljubu\u0161ki\",\"@id\":\"https:\\\/\\\/radioljubuski.ba\\\/#\\\/schema\\\/person\\\/19fc700381a780f69665d7956c469e3b\"},\"headline\":\"Gotovo 700 migranata spa\u0161eno uz talijansku obalu, pet mrtvih\",\"datePublished\":\"2022-07-25T09:12:16+00:00\",\"dateModified\":\"2022-07-25T09:12:17+00:00\",\"mainEntityOfPage\":{\"@id\":\"https:\\\/\\\/radioljubuski.ba\\\/index.php\\\/2022\\\/07\\\/25\\\/gotovo-700-migranata-spaseno-uz-talijansku-obalu-pet-mrtvih\\\/\"},\"wordCount\":322,\"publisher\":{\"@id\":\"https:\\\/\\\/radioljubuski.ba\\\/#organization\"},\"image\":{\"@id\":\"https:\\\/\\\/radioljubuski.ba\\\/index.php\\\/2022\\\/07\\\/25\\\/gotovo-700-migranata-spaseno-uz-talijansku-obalu-pet-mrtvih\\\/#primaryimage\"},\"thumbnailUrl\":\"https:\\\/\\\/radioljubuski.ba\\\/wp-content\\\/uploads\\\/2022\\\/07\\\/3-2022-07-24-15-47-49-JSRKK.jpg\",\"articleSection\":[\"BIH i regija\"],\"inLanguage\":\"hr\"},{\"@type\":\"WebPage\",\"@id\":\"https:\\\/\\\/radioljubuski.ba\\\/index.php\\\/2022\\\/07\\\/25\\\/gotovo-700-migranata-spaseno-uz-talijansku-obalu-pet-mrtvih\\\/\",\"url\":\"https:\\\/\\\/radioljubuski.ba\\\/index.php\\\/2022\\\/07\\\/25\\\/gotovo-700-migranata-spaseno-uz-talijansku-obalu-pet-mrtvih\\\/\",\"name\":\"Gotovo 700 migranata spa\u0161eno uz talijansku obalu, pet mrtvih - RADIO LJUBU\u0160KI\",\"isPartOf\":{\"@id\":\"https:\\\/\\\/radioljubuski.ba\\\/#website\"},\"primaryImageOfPage\":{\"@id\":\"https:\\\/\\\/radioljubuski.ba\\\/index.php\\\/2022\\\/07\\\/25\\\/gotovo-700-migranata-spaseno-uz-talijansku-obalu-pet-mrtvih\\\/#primaryimage\"},\"image\":{\"@id\":\"https:\\\/\\\/radioljubuski.ba\\\/index.php\\\/2022\\\/07\\\/25\\\/gotovo-700-migranata-spaseno-uz-talijansku-obalu-pet-mrtvih\\\/#primaryimage\"},\"thumbnailUrl\":\"https:\\\/\\\/radioljubuski.ba\\\/wp-content\\\/uploads\\\/2022\\\/07\\\/3-2022-07-24-15-47-49-JSRKK.jpg\",\"datePublished\":\"2022-07-25T09:12:16+00:00\",\"dateModified\":\"2022-07-25T09:12:17+00:00\",\"breadcrumb\":{\"@id\":\"https:\\\/\\\/radioljubuski.ba\\\/index.php\\\/2022\\\/07\\\/25\\\/gotovo-700-migranata-spaseno-uz-talijansku-obalu-pet-mrtvih\\\/#breadcrumb\"},\"inLanguage\":\"hr\",\"potentialAction\":[{\"@type\":\"ReadAction\",\"target\":[\"https:\\\/\\\/radioljubuski.ba\\\/index.php\\\/2022\\\/07\\\/25\\\/gotovo-700-migranata-spaseno-uz-talijansku-obalu-pet-mrtvih\\\/\"]}]},{\"@type\":\"ImageObject\",\"inLanguage\":\"hr\",\"@id\":\"https:\\\/\\\/radioljubuski.ba\\\/index.php\\\/2022\\\/07\\\/25\\\/gotovo-700-migranata-spaseno-uz-talijansku-obalu-pet-mrtvih\\\/#primaryimage\",\"url\":\"https:\\\/\\\/radioljubuski.ba\\\/wp-content\\\/uploads\\\/2022\\\/07\\\/3-2022-07-24-15-47-49-JSRKK.jpg\",\"contentUrl\":\"https:\\\/\\\/radioljubuski.ba\\\/wp-content\\\/uploads\\\/2022\\\/07\\\/3-2022-07-24-15-47-49-JSRKK.jpg\",\"width\":1000,\"height\":625},{\"@type\":\"BreadcrumbList\",\"@id\":\"https:\\\/\\\/radioljubuski.ba\\\/index.php\\\/2022\\\/07\\\/25\\\/gotovo-700-migranata-spaseno-uz-talijansku-obalu-pet-mrtvih\\\/#breadcrumb\",\"itemListElement\":[{\"@type\":\"ListItem\",\"position\":1,\"name\":\"Po\u010detna stranica\",\"item\":\"https:\\\/\\\/radioljubuski.ba\\\/\"},{\"@type\":\"ListItem\",\"position\":2,\"name\":\"Gotovo 700 migranata spa\u0161eno uz talijansku obalu, pet mrtvih\"}]},{\"@type\":\"WebSite\",\"@id\":\"https:\\\/\\\/radioljubuski.ba\\\/#website\",\"url\":\"https:\\\/\\\/radioljubuski.ba\\\/\",\"name\":\"Radio Ljubu\u0161ki\",\"description\":\"Sun\u010dana frekvencija Hercegovine\",\"publisher\":{\"@id\":\"https:\\\/\\\/radioljubuski.ba\\\/#organization\"},\"potentialAction\":[{\"@type\":\"SearchAction\",\"target\":{\"@type\":\"EntryPoint\",\"urlTemplate\":\"https:\\\/\\\/radioljubuski.ba\\\/?s={search_term_string}\"},\"query-input\":{\"@type\":\"PropertyValueSpecification\",\"valueRequired\":true,\"valueName\":\"search_term_string\"}}],\"inLanguage\":\"hr\"},{\"@type\":\"Organization\",\"@id\":\"https:\\\/\\\/radioljubuski.ba\\\/#organization\",\"name\":\"Radio Ljubu\u0161ki\",\"url\":\"https:\\\/\\\/radioljubuski.ba\\\/\",\"logo\":{\"@type\":\"ImageObject\",\"inLanguage\":\"hr\",\"@id\":\"https:\\\/\\\/radioljubuski.ba\\\/#\\\/schema\\\/logo\\\/image\\\/\",\"url\":\"https:\\\/\\\/radioljubuski.ba\\\/wp-content\\\/uploads\\\/2021\\\/02\\\/cropped-Radio_Ljubuski_logo1.jpg\",\"contentUrl\":\"https:\\\/\\\/radioljubuski.ba\\\/wp-content\\\/uploads\\\/2021\\\/02\\\/cropped-Radio_Ljubuski_logo1.jpg\",\"width\":512,\"height\":512,\"caption\":\"Radio Ljubu\u0161ki\"},\"image\":{\"@id\":\"https:\\\/\\\/radioljubuski.ba\\\/#\\\/schema\\\/logo\\\/image\\\/\"},\"sameAs\":[\"https:\\\/\\\/www.facebook.com\\\/Radiio-Ljubuski-1490835324566332\",\"https:\\\/\\\/x.com\\\/radioljubuski\",\"https:\\\/\\\/hr.linkedin.com\\\/company\\\/radio-ljubuski\",\"https:\\\/\\\/www.youtube.com\\\/channel\\\/UCHYaeO_n0Db3tjNGudGpXyw\"]},{\"@type\":\"Person\",\"@id\":\"https:\\\/\\\/radioljubuski.ba\\\/#\\\/schema\\\/person\\\/19fc700381a780f69665d7956c469e3b\",\"name\":\"Radio Ljubu\u0161ki\"}]}<\/script>\n<!-- \/ Yoast SEO plugin. -->","yoast_head_json":{"title":"Gotovo 700 migranata spa\u0161eno uz talijansku obalu, pet mrtvih - RADIO LJUBU\u0160KI","robots":{"index":"index","follow":"follow","max-snippet":"max-snippet:-1","max-image-preview":"max-image-preview:large","max-video-preview":"max-video-preview:-1"},"canonical":"https:\/\/radioljubuski.ba\/index.php\/2022\/07\/25\/gotovo-700-migranata-spaseno-uz-talijansku-obalu-pet-mrtvih\/","og_locale":"hr_HR","og_type":"article","og_title":"Gotovo 700 migranata spa\u0161eno uz talijansku obalu, pet mrtvih - RADIO LJUBU\u0160KI","og_description":"Gotovo 700 migranata spa\u0161eno je, a pet mrtvih tijela izvu\u010deno je u subotu na ju\u017enoj obali Italije, priop\u0107ila je u nedjelju obalna stra\u017ea, a povoljni vremenski uvjeti pogoduju pove\u0107anom &nbsp;priljevu migranata koji preko Sredozemlja poku\u0161avaju sti\u0107i do Europe. Ve\u0107ina od 674 migranata prona\u0111ena je na ribarskom brodu 124 milje dalje od obale Calabrije, \u010dizme Italije. [&hellip;]","og_url":"https:\/\/radioljubuski.ba\/index.php\/2022\/07\/25\/gotovo-700-migranata-spaseno-uz-talijansku-obalu-pet-mrtvih\/","og_site_name":"RADIO LJUBU\u0160KI","article_publisher":"https:\/\/www.facebook.com\/Radiio-Ljubuski-1490835324566332","article_published_time":"2022-07-25T09:12:16+00:00","article_modified_time":"2022-07-25T09:12:17+00:00","og_image":[{"width":1000,"height":625,"url":"https:\/\/radioljubuski.ba\/wp-content\/uploads\/2022\/07\/3-2022-07-24-15-47-49-JSRKK.jpg","type":"image\/jpeg"}],"author":"Radio Ljubu\u0161ki","twitter_card":"summary_large_image","twitter_creator":"@radioljubuski","twitter_site":"@radioljubuski","twitter_misc":{"Napisao\/la":"Radio Ljubu\u0161ki","Procijenjeno vrijeme \u010ditanja":"2 minute"},"schema":{"@context":"https:\/\/schema.org","@graph":[{"@type":"Article","@id":"https:\/\/radioljubuski.ba\/index.php\/2022\/07\/25\/gotovo-700-migranata-spaseno-uz-talijansku-obalu-pet-mrtvih\/#article","isPartOf":{"@id":"https:\/\/radioljubuski.ba\/index.php\/2022\/07\/25\/gotovo-700-migranata-spaseno-uz-talijansku-obalu-pet-mrtvih\/"},"author":{"name":"Radio Ljubu\u0161ki","@id":"https:\/\/radioljubuski.ba\/#\/schema\/person\/19fc700381a780f69665d7956c469e3b"},"headline":"Gotovo 700 migranata spa\u0161eno uz talijansku obalu, pet mrtvih","datePublished":"2022-07-25T09:12:16+00:00","dateModified":"2022-07-25T09:12:17+00:00","mainEntityOfPage":{"@id":"https:\/\/radioljubuski.ba\/index.php\/2022\/07\/25\/gotovo-700-migranata-spaseno-uz-talijansku-obalu-pet-mrtvih\/"},"wordCount":322,"publisher":{"@id":"https:\/\/radioljubuski.ba\/#organization"},"image":{"@id":"https:\/\/radioljubuski.ba\/index.php\/2022\/07\/25\/gotovo-700-migranata-spaseno-uz-talijansku-obalu-pet-mrtvih\/#primaryimage"},"thumbnailUrl":"https:\/\/radioljubuski.ba\/wp-content\/uploads\/2022\/07\/3-2022-07-24-15-47-49-JSRKK.jpg","articleSection":["BIH i regija"],"inLanguage":"hr"},{"@type":"WebPage","@id":"https:\/\/radioljubuski.ba\/index.php\/2022\/07\/25\/gotovo-700-migranata-spaseno-uz-talijansku-obalu-pet-mrtvih\/","url":"https:\/\/radioljubuski.ba\/index.php\/2022\/07\/25\/gotovo-700-migranata-spaseno-uz-talijansku-obalu-pet-mrtvih\/","name":"Gotovo 700 migranata spa\u0161eno uz talijansku obalu, pet mrtvih - RADIO LJUBU\u0160KI","isPartOf":{"@id":"https:\/\/radioljubuski.ba\/#website"},"primaryImageOfPage":{"@id":"https:\/\/radioljubuski.ba\/index.php\/2022\/07\/25\/gotovo-700-migranata-spaseno-uz-talijansku-obalu-pet-mrtvih\/#primaryimage"},"image":{"@id":"https:\/\/radioljubuski.ba\/index.php\/2022\/07\/25\/gotovo-700-migranata-spaseno-uz-talijansku-obalu-pet-mrtvih\/#primaryimage"},"thumbnailUrl":"https:\/\/radioljubuski.ba\/wp-content\/uploads\/2022\/07\/3-2022-07-24-15-47-49-JSRKK.jpg","datePublished":"2022-07-25T09:12:16+00:00","dateModified":"2022-07-25T09:12:17+00:00","breadcrumb":{"@id":"https:\/\/radioljubuski.ba\/index.php\/2022\/07\/25\/gotovo-700-migranata-spaseno-uz-talijansku-obalu-pet-mrtvih\/#breadcrumb"},"inLanguage":"hr","potentialAction":[{"@type":"ReadAction","target":["https:\/\/radioljubuski.ba\/index.php\/2022\/07\/25\/gotovo-700-migranata-spaseno-uz-talijansku-obalu-pet-mrtvih\/"]}]},{"@type":"ImageObject","inLanguage":"hr","@id":"https:\/\/radioljubuski.ba\/index.php\/2022\/07\/25\/gotovo-700-migranata-spaseno-uz-talijansku-obalu-pet-mrtvih\/#primaryimage","url":"https:\/\/radioljubuski.ba\/wp-content\/uploads\/2022\/07\/3-2022-07-24-15-47-49-JSRKK.jpg","contentUrl":"https:\/\/radioljubuski.ba\/wp-content\/uploads\/2022\/07\/3-2022-07-24-15-47-49-JSRKK.jpg","width":1000,"height":625},{"@type":"BreadcrumbList","@id":"https:\/\/radioljubuski.ba\/index.php\/2022\/07\/25\/gotovo-700-migranata-spaseno-uz-talijansku-obalu-pet-mrtvih\/#breadcrumb","itemListElement":[{"@type":"ListItem","position":1,"name":"Po\u010detna stranica","item":"https:\/\/radioljubuski.ba\/"},{"@type":"ListItem","position":2,"name":"Gotovo 700 migranata spa\u0161eno uz talijansku obalu, pet mrtvih"}]},{"@type":"WebSite","@id":"https:\/\/radioljubuski.ba\/#website","url":"https:\/\/radioljubuski.ba\/","name":"Radio Ljubu\u0161ki","description":"Sun\u010dana frekvencija Hercegovine","publisher":{"@id":"https:\/\/radioljubuski.ba\/#organization"},"potentialAction":[{"@type":"SearchAction","target":{"@type":"EntryPoint","urlTemplate":"https:\/\/radioljubuski.ba\/?s={search_term_string}"},"query-input":{"@type":"PropertyValueSpecification","valueRequired":true,"valueName":"search_term_string"}}],"inLanguage":"hr"},{"@type":"Organization","@id":"https:\/\/radioljubuski.ba\/#organization","name":"Radio Ljubu\u0161ki","url":"https:\/\/radioljubuski.ba\/","logo":{"@type":"ImageObject","inLanguage":"hr","@id":"https:\/\/radioljubuski.ba\/#\/schema\/logo\/image\/","url":"https:\/\/radioljubuski.ba\/wp-content\/uploads\/2021\/02\/cropped-Radio_Ljubuski_logo1.jpg","contentUrl":"https:\/\/radioljubuski.ba\/wp-content\/uploads\/2021\/02\/cropped-Radio_Ljubuski_logo1.jpg","width":512,"height":512,"caption":"Radio Ljubu\u0161ki"},"image":{"@id":"https:\/\/radioljubuski.ba\/#\/schema\/logo\/image\/"},"sameAs":["https:\/\/www.facebook.com\/Radiio-Ljubuski-1490835324566332","https:\/\/x.com\/radioljubuski","https:\/\/hr.linkedin.com\/company\/radio-ljubuski","https:\/\/www.youtube.com\/channel\/UCHYaeO_n0Db3tjNGudGpXyw"]},{"@type":"Person","@id":"https:\/\/radioljubuski.ba\/#\/schema\/person\/19fc700381a780f69665d7956c469e3b","name":"Radio Ljubu\u0161ki"}]}},"_links":{"self":[{"href":"https:\/\/radioljubuski.ba\/index.php\/wp-json\/wp\/v2\/posts\/163055","targetHints":{"allow":["GET"]}}],"collection":[{"href":"https:\/\/radioljubuski.ba\/index.php\/wp-json\/wp\/v2\/posts"}],"about":[{"href":"https:\/\/radioljubuski.ba\/index.php\/wp-json\/wp\/v2\/types\/post"}],"author":[{"embeddable":true,"href":"https:\/\/radioljubuski.ba\/index.php\/wp-json\/wp\/v2\/users\/2"}],"replies":[{"embeddable":true,"href":"https:\/\/radioljubuski.ba\/index.php\/wp-json\/wp\/v2\/comments?post=163055"}],"version-history":[{"count":1,"href":"https:\/\/radioljubuski.ba\/index.php\/wp-json\/wp\/v2\/posts\/163055\/revisions"}],"predecessor-version":[{"id":163057,"href":"https:\/\/radioljubuski.ba\/index.php\/wp-json\/wp\/v2\/posts\/163055\/revisions\/163057"}],"wp:featuredmedia":[{"embeddable":true,"href":"https:\/\/radioljubuski.ba\/index.php\/wp-json\/wp\/v2\/media\/163056"}],"wp:attachment":[{"href":"https:\/\/radioljubuski.ba\/index.php\/wp-json\/wp\/v2\/media?parent=163055"}],"wp:term":[{"taxonomy":"category","embeddable":true,"href":"https:\/\/radioljubuski.ba\/index.php\/wp-json\/wp\/v2\/categories?post=163055"},{"taxonomy":"post_tag","embeddable":true,"href":"https:\/\/radioljubuski.ba\/index.php\/wp-json\/wp\/v2\/tags?post=163055"}],"curies":[{"name":"wp","href":"https:\/\/api.w.org\/{rel}","templated":true}]}}