{"id":163071,"date":"2022-07-25T10:21:00","date_gmt":"2022-07-25T09:21:00","guid":{"rendered":"https:\/\/radioljubuski.ba\/?p=163071"},"modified":"2022-07-25T10:21:01","modified_gmt":"2022-07-25T09:21:01","slug":"banke-salju-obavijesti-i-u-bih-pocele-rasti-kamate","status":"publish","type":"post","link":"https:\/\/radioljubuski.ba\/index.php\/2022\/07\/25\/banke-salju-obavijesti-i-u-bih-pocele-rasti-kamate\/","title":{"rendered":"Banke \u0161alju obavijesti, i u BiH po\u010dele rasti kamate"},"content":{"rendered":"\n<p>Nakon \u0161to je do\u0161lo do rasta euribora, odnosno slijedom odluke Europske sredi\u0161nje banke (ECB) o pove\u0107anju kamatnih stopa, zabilje\u017eeni su i prvi slu\u010dajevi obavijesti unutar Bosne i Hercegovine, a \u0161to je zapravo i o\u010dekivano uzimaju\u0107i u obzir vezanost, odnosno \u010dinjenicu da banke uskla\u0111uju kamatne stope s euriborom dva puta godi\u0161nje.<\/p>\n\n\n\n<p>Kako pi\u0161e Glas Srpske, od osam banaka koje posluju na tr\u017ei\u0161tu Republike Srpske, tri su ve\u0107 obavijestile korisnike kredita s promjenjivom kamatnom stopom da \u0107e do\u0107i do rasta rata za srpanj, a isto toliko njih priprema informaciju da \u0107e biti promijenjen iznos anuiteta. Ravnatelj Agencije za bankarstvo RS-a Sr\u0111an \u0160uput rekao je u izjavi za Glas Srpske kako \u0107e tri banke koje pripremaju obavijesti za klijente taj posao zavr\u0161iti do kraja mjeseca. &#8211; Preostale dvije banke trenuta\u010dno ne \u0161alju obavijesti niti se spremaju, \u0161to ne zna\u010di da u idu\u0107em razdoblju to ne\u0107e u\u010diniti ako euribor nastavi i dalje rasti &#8211; rekao je \u0160uput, pi\u0161e Ve\u010dernji list BiH. &nbsp;<\/p>\n\n\n\n<p>Rast i na depozite<\/p>\n\n\n\n<p>Komentiraju\u0107i ovu situaciju, direktor Udruge banaka BiH Berislav Kutle za Ve\u010dernji list izjavio je kako je promjena kamata samostalna politika svake banke, naglasiv\u0161i kako je jasno da banke mogu mijenjati kamate (ako su ugovorile) do visine promjene kamate ECB-a. &#8211; To pove\u0107anje ne mo\u017ee biti veliko &#8211; zna\u010dajno, a politika banke je kad i u kojem trenutku \u0107e to u\u010diniti &#8211; naveo je Kutle, dodav\u0161i kako to ima ne samo poslovnu nego i marketin\u0161ku poruku. Potvrdio je i kako je jasno da se o\u010dekuje porast kamate na depozite kao odgovor na kredite.<\/p>\n\n\n\n<p>&#8211; Koliko \u0107e ECB morati u idu\u0107em razdoblju jo\u0161 dizati kamatu kako bi sveo inflaciju u srednjoro\u010dnom razdoblju na 2%, to \u0107emo tek vidjeti &#8211; zaklju\u010dio je Kutle. Ina\u010de, u kontekstu stanja u Republici Srpskoj \u0160uput je potvrdio kako na razini bankarskog sektora u RS-u ukupno plasirani krediti s promjenjivom kamatnom stopom, odnosno s klauzulom euribor, iznose 1,900 milijardi maraka. Objasnio je kako se od toga iznosa na gospodarstvo odnosi 950 milijuna, a preostalih 940 milijuna maraka na stanovni\u0161tvo. Ina\u010de, kao \u0161to je poznato, banke uskla\u0111uju kamatne stope s euriborom dva puta godi\u0161nje, i to sredinom i krajem godine. \u0160uput je u tom kontekstu ranije za Glas Srpske podsjetio kako su ve\u0107 najavili da \u0107e do\u0107i do rasta kamatnih stopa na kredite jer je euribor porastao, odnosno on vi\u0161e nije negativan, ni na nuli, ve\u0107 je sada blago pozitivan. Europska sredi\u0161nja banka podigla je, podsje\u0107amo, kamatne stope prvi put u vi\u0161e od 11 godina poku\u0161avaju\u0107i kontrolirati rastu\u0107u inflaciju u eurozoni. ECB je u \u010detvrtak podigao klju\u010dnu kamatnu stopu za 0,5 postotnih bodova na 0,0%, a planira daljnja pove\u0107anja kasnije tijekom godine. Ina\u010de, stopa je negativna od 2014., a cilj je bio potaknuti banke da posu\u0111uju umjesto da pola\u017eu novac kod ECB-a. Rastu\u0107a inflacija Ipak, rastu\u0107a inflacija koja se ogleda u rastu potro\u0161a\u010dkih cijena dovela je do promjene monetarne politike financijskih institucija, pa tako i Europske sredi\u0161nje banke, a rastom kamatnih stopa o\u010dekuju kako \u0107e se uhvatiti u ko\u0161tac s tim problemom.<\/p>\n\n\n\n<p>Pojedine banke u Federaciji BiH uskoro \u0107e tako\u0111er poslati obavijesti korisnicima kredita da \u0107e do\u0107i do promjene kamata za kredite ugovorene s promjenjivom kamatnom stopom. Ravnatelj Agencije za bankarstvo FBiH Jasmin Mahmuzi\u0107 je za klix.ba nedavno potvrdio ovu informaciju. U kontekstu same visine rasta tada je obja\u0161njeno kako \u0107e kamate na kredite s promjenjivom kamatnom stopom porasti u prosjeku za 0,7 posto.&nbsp;<\/p>\n\n\n\n<p>Izvor:vecernji.ba<\/p>\n","protected":false},"excerpt":{"rendered":"<p>Nakon \u0161to je do\u0161lo do rasta euribora, odnosno slijedom odluke Europske sredi\u0161nje banke (ECB) o pove\u0107anju kamatnih stopa, zabilje\u017eeni su i prvi slu\u010dajevi obavijesti unutar Bosne i Hercegovine, a \u0161to je zapravo i o\u010dekivano uzimaju\u0107i u obzir vezanost, odnosno \u010dinjenicu da banke uskla\u0111uju kamatne stope s euriborom dva puta godi\u0161nje. Kako pi\u0161e Glas Srpske, od [&hellip;]<\/p>\n","protected":false},"author":2,"featured_media":163072,"comment_status":"closed","ping_status":"closed","sticky":false,"template":"","format":"standard","meta":{"h5ap_radio_sources":[],"footnotes":""},"categories":[1],"tags":[],"class_list":["post-163071","post","type-post","status-publish","format-standard","has-post-thumbnail","hentry","category-bihiregija"],"yoast_head":"<!-- This site is optimized with the Yoast SEO plugin v27.5 - https:\/\/yoast.com\/product\/yoast-seo-wordpress\/ -->\n<title>Banke \u0161alju obavijesti, i u BiH po\u010dele rasti kamate - RADIO LJUBU\u0160KI<\/title>\n<meta name=\"robots\" content=\"index, follow, max-snippet:-1, max-image-preview:large, max-video-preview:-1\" \/>\n<link rel=\"canonical\" href=\"https:\/\/radioljubuski.ba\/index.php\/2022\/07\/25\/banke-salju-obavijesti-i-u-bih-pocele-rasti-kamate\/\" \/>\n<meta property=\"og:locale\" content=\"hr_HR\" \/>\n<meta property=\"og:type\" content=\"article\" \/>\n<meta property=\"og:title\" content=\"Banke \u0161alju obavijesti, i u BiH po\u010dele rasti kamate - RADIO LJUBU\u0160KI\" \/>\n<meta property=\"og:description\" content=\"Nakon \u0161to je do\u0161lo do rasta euribora, odnosno slijedom odluke Europske sredi\u0161nje banke (ECB) o pove\u0107anju kamatnih stopa, zabilje\u017eeni su i prvi slu\u010dajevi obavijesti unutar Bosne i Hercegovine, a \u0161to je zapravo i o\u010dekivano uzimaju\u0107i u obzir vezanost, odnosno \u010dinjenicu da banke uskla\u0111uju kamatne stope s euriborom dva puta godi\u0161nje. Kako pi\u0161e Glas Srpske, od [&hellip;]\" \/>\n<meta property=\"og:url\" content=\"https:\/\/radioljubuski.ba\/index.php\/2022\/07\/25\/banke-salju-obavijesti-i-u-bih-pocele-rasti-kamate\/\" \/>\n<meta property=\"og:site_name\" content=\"RADIO LJUBU\u0160KI\" \/>\n<meta property=\"article:publisher\" content=\"https:\/\/www.facebook.com\/Radiio-Ljubuski-1490835324566332\" \/>\n<meta property=\"article:published_time\" content=\"2022-07-25T09:21:00+00:00\" \/>\n<meta property=\"article:modified_time\" content=\"2022-07-25T09:21:01+00:00\" \/>\n<meta property=\"og:image\" content=\"https:\/\/radioljubuski.ba\/wp-content\/uploads\/2022\/07\/nx48DuhY_glavobolja.jpg\" \/>\n\t<meta property=\"og:image:width\" content=\"1000\" \/>\n\t<meta property=\"og:image:height\" content=\"625\" \/>\n\t<meta property=\"og:image:type\" content=\"image\/jpeg\" \/>\n<meta name=\"author\" content=\"Radio Ljubu\u0161ki\" \/>\n<meta name=\"twitter:card\" content=\"summary_large_image\" \/>\n<meta name=\"twitter:creator\" content=\"@radioljubuski\" \/>\n<meta name=\"twitter:site\" content=\"@radioljubuski\" \/>\n<meta name=\"twitter:label1\" content=\"Napisao\/la\" \/>\n\t<meta name=\"twitter:data1\" content=\"Radio Ljubu\u0161ki\" \/>\n\t<meta name=\"twitter:label2\" content=\"Procijenjeno vrijeme \u010ditanja\" \/>\n\t<meta name=\"twitter:data2\" content=\"3 minute\" \/>\n<script type=\"application\/ld+json\" class=\"yoast-schema-graph\">{\"@context\":\"https:\\\/\\\/schema.org\",\"@graph\":[{\"@type\":\"Article\",\"@id\":\"https:\\\/\\\/radioljubuski.ba\\\/index.php\\\/2022\\\/07\\\/25\\\/banke-salju-obavijesti-i-u-bih-pocele-rasti-kamate\\\/#article\",\"isPartOf\":{\"@id\":\"https:\\\/\\\/radioljubuski.ba\\\/index.php\\\/2022\\\/07\\\/25\\\/banke-salju-obavijesti-i-u-bih-pocele-rasti-kamate\\\/\"},\"author\":{\"name\":\"Radio Ljubu\u0161ki\",\"@id\":\"https:\\\/\\\/radioljubuski.ba\\\/#\\\/schema\\\/person\\\/19fc700381a780f69665d7956c469e3b\"},\"headline\":\"Banke \u0161alju obavijesti, i u BiH po\u010dele rasti kamate\",\"datePublished\":\"2022-07-25T09:21:00+00:00\",\"dateModified\":\"2022-07-25T09:21:01+00:00\",\"mainEntityOfPage\":{\"@id\":\"https:\\\/\\\/radioljubuski.ba\\\/index.php\\\/2022\\\/07\\\/25\\\/banke-salju-obavijesti-i-u-bih-pocele-rasti-kamate\\\/\"},\"wordCount\":626,\"publisher\":{\"@id\":\"https:\\\/\\\/radioljubuski.ba\\\/#organization\"},\"image\":{\"@id\":\"https:\\\/\\\/radioljubuski.ba\\\/index.php\\\/2022\\\/07\\\/25\\\/banke-salju-obavijesti-i-u-bih-pocele-rasti-kamate\\\/#primaryimage\"},\"thumbnailUrl\":\"https:\\\/\\\/radioljubuski.ba\\\/wp-content\\\/uploads\\\/2022\\\/07\\\/nx48DuhY_glavobolja.jpg\",\"articleSection\":[\"BIH i regija\"],\"inLanguage\":\"hr\"},{\"@type\":\"WebPage\",\"@id\":\"https:\\\/\\\/radioljubuski.ba\\\/index.php\\\/2022\\\/07\\\/25\\\/banke-salju-obavijesti-i-u-bih-pocele-rasti-kamate\\\/\",\"url\":\"https:\\\/\\\/radioljubuski.ba\\\/index.php\\\/2022\\\/07\\\/25\\\/banke-salju-obavijesti-i-u-bih-pocele-rasti-kamate\\\/\",\"name\":\"Banke \u0161alju obavijesti, i u BiH po\u010dele rasti kamate - RADIO LJUBU\u0160KI\",\"isPartOf\":{\"@id\":\"https:\\\/\\\/radioljubuski.ba\\\/#website\"},\"primaryImageOfPage\":{\"@id\":\"https:\\\/\\\/radioljubuski.ba\\\/index.php\\\/2022\\\/07\\\/25\\\/banke-salju-obavijesti-i-u-bih-pocele-rasti-kamate\\\/#primaryimage\"},\"image\":{\"@id\":\"https:\\\/\\\/radioljubuski.ba\\\/index.php\\\/2022\\\/07\\\/25\\\/banke-salju-obavijesti-i-u-bih-pocele-rasti-kamate\\\/#primaryimage\"},\"thumbnailUrl\":\"https:\\\/\\\/radioljubuski.ba\\\/wp-content\\\/uploads\\\/2022\\\/07\\\/nx48DuhY_glavobolja.jpg\",\"datePublished\":\"2022-07-25T09:21:00+00:00\",\"dateModified\":\"2022-07-25T09:21:01+00:00\",\"breadcrumb\":{\"@id\":\"https:\\\/\\\/radioljubuski.ba\\\/index.php\\\/2022\\\/07\\\/25\\\/banke-salju-obavijesti-i-u-bih-pocele-rasti-kamate\\\/#breadcrumb\"},\"inLanguage\":\"hr\",\"potentialAction\":[{\"@type\":\"ReadAction\",\"target\":[\"https:\\\/\\\/radioljubuski.ba\\\/index.php\\\/2022\\\/07\\\/25\\\/banke-salju-obavijesti-i-u-bih-pocele-rasti-kamate\\\/\"]}]},{\"@type\":\"ImageObject\",\"inLanguage\":\"hr\",\"@id\":\"https:\\\/\\\/radioljubuski.ba\\\/index.php\\\/2022\\\/07\\\/25\\\/banke-salju-obavijesti-i-u-bih-pocele-rasti-kamate\\\/#primaryimage\",\"url\":\"https:\\\/\\\/radioljubuski.ba\\\/wp-content\\\/uploads\\\/2022\\\/07\\\/nx48DuhY_glavobolja.jpg\",\"contentUrl\":\"https:\\\/\\\/radioljubuski.ba\\\/wp-content\\\/uploads\\\/2022\\\/07\\\/nx48DuhY_glavobolja.jpg\",\"width\":1000,\"height\":625},{\"@type\":\"BreadcrumbList\",\"@id\":\"https:\\\/\\\/radioljubuski.ba\\\/index.php\\\/2022\\\/07\\\/25\\\/banke-salju-obavijesti-i-u-bih-pocele-rasti-kamate\\\/#breadcrumb\",\"itemListElement\":[{\"@type\":\"ListItem\",\"position\":1,\"name\":\"Po\u010detna stranica\",\"item\":\"https:\\\/\\\/radioljubuski.ba\\\/\"},{\"@type\":\"ListItem\",\"position\":2,\"name\":\"Banke \u0161alju obavijesti, i u BiH po\u010dele rasti kamate\"}]},{\"@type\":\"WebSite\",\"@id\":\"https:\\\/\\\/radioljubuski.ba\\\/#website\",\"url\":\"https:\\\/\\\/radioljubuski.ba\\\/\",\"name\":\"Radio Ljubu\u0161ki\",\"description\":\"Sun\u010dana frekvencija Hercegovine\",\"publisher\":{\"@id\":\"https:\\\/\\\/radioljubuski.ba\\\/#organization\"},\"potentialAction\":[{\"@type\":\"SearchAction\",\"target\":{\"@type\":\"EntryPoint\",\"urlTemplate\":\"https:\\\/\\\/radioljubuski.ba\\\/?s={search_term_string}\"},\"query-input\":{\"@type\":\"PropertyValueSpecification\",\"valueRequired\":true,\"valueName\":\"search_term_string\"}}],\"inLanguage\":\"hr\"},{\"@type\":\"Organization\",\"@id\":\"https:\\\/\\\/radioljubuski.ba\\\/#organization\",\"name\":\"Radio Ljubu\u0161ki\",\"url\":\"https:\\\/\\\/radioljubuski.ba\\\/\",\"logo\":{\"@type\":\"ImageObject\",\"inLanguage\":\"hr\",\"@id\":\"https:\\\/\\\/radioljubuski.ba\\\/#\\\/schema\\\/logo\\\/image\\\/\",\"url\":\"https:\\\/\\\/radioljubuski.ba\\\/wp-content\\\/uploads\\\/2021\\\/02\\\/cropped-Radio_Ljubuski_logo1.jpg\",\"contentUrl\":\"https:\\\/\\\/radioljubuski.ba\\\/wp-content\\\/uploads\\\/2021\\\/02\\\/cropped-Radio_Ljubuski_logo1.jpg\",\"width\":512,\"height\":512,\"caption\":\"Radio Ljubu\u0161ki\"},\"image\":{\"@id\":\"https:\\\/\\\/radioljubuski.ba\\\/#\\\/schema\\\/logo\\\/image\\\/\"},\"sameAs\":[\"https:\\\/\\\/www.facebook.com\\\/Radiio-Ljubuski-1490835324566332\",\"https:\\\/\\\/x.com\\\/radioljubuski\",\"https:\\\/\\\/hr.linkedin.com\\\/company\\\/radio-ljubuski\",\"https:\\\/\\\/www.youtube.com\\\/channel\\\/UCHYaeO_n0Db3tjNGudGpXyw\"]},{\"@type\":\"Person\",\"@id\":\"https:\\\/\\\/radioljubuski.ba\\\/#\\\/schema\\\/person\\\/19fc700381a780f69665d7956c469e3b\",\"name\":\"Radio Ljubu\u0161ki\"}]}<\/script>\n<!-- \/ Yoast SEO plugin. -->","yoast_head_json":{"title":"Banke \u0161alju obavijesti, i u BiH po\u010dele rasti kamate - RADIO LJUBU\u0160KI","robots":{"index":"index","follow":"follow","max-snippet":"max-snippet:-1","max-image-preview":"max-image-preview:large","max-video-preview":"max-video-preview:-1"},"canonical":"https:\/\/radioljubuski.ba\/index.php\/2022\/07\/25\/banke-salju-obavijesti-i-u-bih-pocele-rasti-kamate\/","og_locale":"hr_HR","og_type":"article","og_title":"Banke \u0161alju obavijesti, i u BiH po\u010dele rasti kamate - RADIO LJUBU\u0160KI","og_description":"Nakon \u0161to je do\u0161lo do rasta euribora, odnosno slijedom odluke Europske sredi\u0161nje banke (ECB) o pove\u0107anju kamatnih stopa, zabilje\u017eeni su i prvi slu\u010dajevi obavijesti unutar Bosne i Hercegovine, a \u0161to je zapravo i o\u010dekivano uzimaju\u0107i u obzir vezanost, odnosno \u010dinjenicu da banke uskla\u0111uju kamatne stope s euriborom dva puta godi\u0161nje. Kako pi\u0161e Glas Srpske, od [&hellip;]","og_url":"https:\/\/radioljubuski.ba\/index.php\/2022\/07\/25\/banke-salju-obavijesti-i-u-bih-pocele-rasti-kamate\/","og_site_name":"RADIO LJUBU\u0160KI","article_publisher":"https:\/\/www.facebook.com\/Radiio-Ljubuski-1490835324566332","article_published_time":"2022-07-25T09:21:00+00:00","article_modified_time":"2022-07-25T09:21:01+00:00","og_image":[{"width":1000,"height":625,"url":"https:\/\/radioljubuski.ba\/wp-content\/uploads\/2022\/07\/nx48DuhY_glavobolja.jpg","type":"image\/jpeg"}],"author":"Radio Ljubu\u0161ki","twitter_card":"summary_large_image","twitter_creator":"@radioljubuski","twitter_site":"@radioljubuski","twitter_misc":{"Napisao\/la":"Radio Ljubu\u0161ki","Procijenjeno vrijeme \u010ditanja":"3 minute"},"schema":{"@context":"https:\/\/schema.org","@graph":[{"@type":"Article","@id":"https:\/\/radioljubuski.ba\/index.php\/2022\/07\/25\/banke-salju-obavijesti-i-u-bih-pocele-rasti-kamate\/#article","isPartOf":{"@id":"https:\/\/radioljubuski.ba\/index.php\/2022\/07\/25\/banke-salju-obavijesti-i-u-bih-pocele-rasti-kamate\/"},"author":{"name":"Radio Ljubu\u0161ki","@id":"https:\/\/radioljubuski.ba\/#\/schema\/person\/19fc700381a780f69665d7956c469e3b"},"headline":"Banke \u0161alju obavijesti, i u BiH po\u010dele rasti kamate","datePublished":"2022-07-25T09:21:00+00:00","dateModified":"2022-07-25T09:21:01+00:00","mainEntityOfPage":{"@id":"https:\/\/radioljubuski.ba\/index.php\/2022\/07\/25\/banke-salju-obavijesti-i-u-bih-pocele-rasti-kamate\/"},"wordCount":626,"publisher":{"@id":"https:\/\/radioljubuski.ba\/#organization"},"image":{"@id":"https:\/\/radioljubuski.ba\/index.php\/2022\/07\/25\/banke-salju-obavijesti-i-u-bih-pocele-rasti-kamate\/#primaryimage"},"thumbnailUrl":"https:\/\/radioljubuski.ba\/wp-content\/uploads\/2022\/07\/nx48DuhY_glavobolja.jpg","articleSection":["BIH i regija"],"inLanguage":"hr"},{"@type":"WebPage","@id":"https:\/\/radioljubuski.ba\/index.php\/2022\/07\/25\/banke-salju-obavijesti-i-u-bih-pocele-rasti-kamate\/","url":"https:\/\/radioljubuski.ba\/index.php\/2022\/07\/25\/banke-salju-obavijesti-i-u-bih-pocele-rasti-kamate\/","name":"Banke \u0161alju obavijesti, i u BiH po\u010dele rasti kamate - RADIO LJUBU\u0160KI","isPartOf":{"@id":"https:\/\/radioljubuski.ba\/#website"},"primaryImageOfPage":{"@id":"https:\/\/radioljubuski.ba\/index.php\/2022\/07\/25\/banke-salju-obavijesti-i-u-bih-pocele-rasti-kamate\/#primaryimage"},"image":{"@id":"https:\/\/radioljubuski.ba\/index.php\/2022\/07\/25\/banke-salju-obavijesti-i-u-bih-pocele-rasti-kamate\/#primaryimage"},"thumbnailUrl":"https:\/\/radioljubuski.ba\/wp-content\/uploads\/2022\/07\/nx48DuhY_glavobolja.jpg","datePublished":"2022-07-25T09:21:00+00:00","dateModified":"2022-07-25T09:21:01+00:00","breadcrumb":{"@id":"https:\/\/radioljubuski.ba\/index.php\/2022\/07\/25\/banke-salju-obavijesti-i-u-bih-pocele-rasti-kamate\/#breadcrumb"},"inLanguage":"hr","potentialAction":[{"@type":"ReadAction","target":["https:\/\/radioljubuski.ba\/index.php\/2022\/07\/25\/banke-salju-obavijesti-i-u-bih-pocele-rasti-kamate\/"]}]},{"@type":"ImageObject","inLanguage":"hr","@id":"https:\/\/radioljubuski.ba\/index.php\/2022\/07\/25\/banke-salju-obavijesti-i-u-bih-pocele-rasti-kamate\/#primaryimage","url":"https:\/\/radioljubuski.ba\/wp-content\/uploads\/2022\/07\/nx48DuhY_glavobolja.jpg","contentUrl":"https:\/\/radioljubuski.ba\/wp-content\/uploads\/2022\/07\/nx48DuhY_glavobolja.jpg","width":1000,"height":625},{"@type":"BreadcrumbList","@id":"https:\/\/radioljubuski.ba\/index.php\/2022\/07\/25\/banke-salju-obavijesti-i-u-bih-pocele-rasti-kamate\/#breadcrumb","itemListElement":[{"@type":"ListItem","position":1,"name":"Po\u010detna stranica","item":"https:\/\/radioljubuski.ba\/"},{"@type":"ListItem","position":2,"name":"Banke \u0161alju obavijesti, i u BiH po\u010dele rasti kamate"}]},{"@type":"WebSite","@id":"https:\/\/radioljubuski.ba\/#website","url":"https:\/\/radioljubuski.ba\/","name":"Radio Ljubu\u0161ki","description":"Sun\u010dana frekvencija Hercegovine","publisher":{"@id":"https:\/\/radioljubuski.ba\/#organization"},"potentialAction":[{"@type":"SearchAction","target":{"@type":"EntryPoint","urlTemplate":"https:\/\/radioljubuski.ba\/?s={search_term_string}"},"query-input":{"@type":"PropertyValueSpecification","valueRequired":true,"valueName":"search_term_string"}}],"inLanguage":"hr"},{"@type":"Organization","@id":"https:\/\/radioljubuski.ba\/#organization","name":"Radio Ljubu\u0161ki","url":"https:\/\/radioljubuski.ba\/","logo":{"@type":"ImageObject","inLanguage":"hr","@id":"https:\/\/radioljubuski.ba\/#\/schema\/logo\/image\/","url":"https:\/\/radioljubuski.ba\/wp-content\/uploads\/2021\/02\/cropped-Radio_Ljubuski_logo1.jpg","contentUrl":"https:\/\/radioljubuski.ba\/wp-content\/uploads\/2021\/02\/cropped-Radio_Ljubuski_logo1.jpg","width":512,"height":512,"caption":"Radio Ljubu\u0161ki"},"image":{"@id":"https:\/\/radioljubuski.ba\/#\/schema\/logo\/image\/"},"sameAs":["https:\/\/www.facebook.com\/Radiio-Ljubuski-1490835324566332","https:\/\/x.com\/radioljubuski","https:\/\/hr.linkedin.com\/company\/radio-ljubuski","https:\/\/www.youtube.com\/channel\/UCHYaeO_n0Db3tjNGudGpXyw"]},{"@type":"Person","@id":"https:\/\/radioljubuski.ba\/#\/schema\/person\/19fc700381a780f69665d7956c469e3b","name":"Radio Ljubu\u0161ki"}]}},"_links":{"self":[{"href":"https:\/\/radioljubuski.ba\/index.php\/wp-json\/wp\/v2\/posts\/163071","targetHints":{"allow":["GET"]}}],"collection":[{"href":"https:\/\/radioljubuski.ba\/index.php\/wp-json\/wp\/v2\/posts"}],"about":[{"href":"https:\/\/radioljubuski.ba\/index.php\/wp-json\/wp\/v2\/types\/post"}],"author":[{"embeddable":true,"href":"https:\/\/radioljubuski.ba\/index.php\/wp-json\/wp\/v2\/users\/2"}],"replies":[{"embeddable":true,"href":"https:\/\/radioljubuski.ba\/index.php\/wp-json\/wp\/v2\/comments?post=163071"}],"version-history":[{"count":1,"href":"https:\/\/radioljubuski.ba\/index.php\/wp-json\/wp\/v2\/posts\/163071\/revisions"}],"predecessor-version":[{"id":163073,"href":"https:\/\/radioljubuski.ba\/index.php\/wp-json\/wp\/v2\/posts\/163071\/revisions\/163073"}],"wp:featuredmedia":[{"embeddable":true,"href":"https:\/\/radioljubuski.ba\/index.php\/wp-json\/wp\/v2\/media\/163072"}],"wp:attachment":[{"href":"https:\/\/radioljubuski.ba\/index.php\/wp-json\/wp\/v2\/media?parent=163071"}],"wp:term":[{"taxonomy":"category","embeddable":true,"href":"https:\/\/radioljubuski.ba\/index.php\/wp-json\/wp\/v2\/categories?post=163071"},{"taxonomy":"post_tag","embeddable":true,"href":"https:\/\/radioljubuski.ba\/index.php\/wp-json\/wp\/v2\/tags?post=163071"}],"curies":[{"name":"wp","href":"https:\/\/api.w.org\/{rel}","templated":true}]}}