{"id":163078,"date":"2022-07-25T10:25:05","date_gmt":"2022-07-25T09:25:05","guid":{"rendered":"https:\/\/radioljubuski.ba\/?p=163078"},"modified":"2022-07-25T10:25:06","modified_gmt":"2022-07-25T09:25:06","slug":"lopov-joj-provalio-u-kucu-i-zaspao-policija-je-posavjetovala-da-ga-probudi","status":"publish","type":"post","link":"https:\/\/radioljubuski.ba\/index.php\/2022\/07\/25\/lopov-joj-provalio-u-kucu-i-zaspao-policija-je-posavjetovala-da-ga-probudi\/","title":{"rendered":"Lopov joj provalio u ku\u0107u i zaspao, policija je posavjetovala da ga probudi"},"content":{"rendered":"\n<p>Jedna Kana\u0111anka ostala je potresena nakon \u0161to je pozvala policiju jer je uljez provalio u njen dom, a oni su joj da se sama treba suo\u010diti s mu\u0161karcem.<\/p>\n\n\n\n<p>Angelu Chalmers je 18. lipnja u sedam sati ujutro probudio njen pas, koji je re\u017eao na vrhu stepenica. Kada je oti\u0161la da vidi o \u010demu se radi, zatekla je stranca kako spava na njenom kau\u010du.<\/p>\n\n\n\n<p>Odmah je pozvala policiju, ali joj je dispe\u010der predlo\u017eio da &#8220;si\u0111e dole i sama ga probudi&#8221;. Slu\u017ebenik za provo\u0111enje zakona joj je tako\u0111er rekao da je &#8220;policija stvarno zauzeta&#8221;, prenosi Unilad.<\/p>\n\n\n\n<p>&#8211; Si\u0161la sam da vidim na \u0161to laje, i stigla do pola stepenica i tamo je na mom kau\u010du le\u017eao nepoznat \u010dovjek. Bilo je zastra\u0161uju\u0107e &#8211; rekla je Chalmers za CBC.<\/p>\n\n\n\n<p>Nakon \u0161to je uo\u010dila uljeza, Chalmers, koja \u017eivi u gradu Winnipeg, tiho se vratila na sprat i rekla svojoj cimerki da je u njihov dom provaljeno, te su se zabarikadirale u sobi.<\/p>\n\n\n\n<p>Chalmers je pozvala policiju, kojoj je trebalo 20 minuta da stigne, dok se skrivala u ormaru.<\/p>\n\n\n\n<p>&#8211; Rekli su da je policija jako zauzeta i da li bismo mogli sami da si\u0111emo dole i da ga probudimo? &#8211; dodala je.<\/p>\n\n\n\n<p>Kada je policija stigla, trebala su \u010detiri policajca da izbace \u010dovjeka iz Chalmersove ku\u0107e, a uljez je tako\u0111er postao agresivan kada se probudio.<\/p>\n\n\n\n<p>&#8211; Nisam povrije\u0111ena, ovaj put je ispalo dobro, ali da sam bila neko drugi&#8230; i da sam prihvatila u\u017easnu preporuku tog operatera 911, to se moglo zavr\u0161iti potpuno druga\u010dije &#8211; objasnila je ona.<\/p>\n\n\n\n<p>Iz policije su kazali da se incident razmatra. A \u0161to se ti\u010de 20-minutnog \u010dekanja na policajce, re\u010deno je da vrijeme odgovora mo\u017ee varirati za svaki poziv u zavisnosti od doba dana, raspolo\u017eivih resursa i hitnosti doga\u0111aja, kao i da je u ovom slu\u010daju odgovor upu\u0107en na vrijeme.<\/p>\n\n\n\n<p>Me\u0111utim, Claude Chancy iz policije Winnipeg je odgovorio za CBC da je neobi\u010dno da dispe\u010der savjetuje nekoga da pri\u0111e uljezu jer bi to moglo ugroziti njihovu sigurnost.<\/p>\n\n\n\n<p>&#8211; Osobi bi se savjetovalo da napusti objekt do dolaska policije &#8211; dodao je.<\/p>\n\n\n\n<p>Izvor:pogled.ba<\/p>\n","protected":false},"excerpt":{"rendered":"<p>Jedna Kana\u0111anka ostala je potresena nakon \u0161to je pozvala policiju jer je uljez provalio u njen dom, a oni su joj da se sama treba suo\u010diti s mu\u0161karcem. Angelu Chalmers je 18. lipnja u sedam sati ujutro probudio njen pas, koji je re\u017eao na vrhu stepenica. Kada je oti\u0161la da vidi o \u010demu se radi, [&hellip;]<\/p>\n","protected":false},"author":2,"featured_media":163079,"comment_status":"closed","ping_status":"closed","sticky":false,"template":"","format":"standard","meta":{"h5ap_radio_sources":[],"footnotes":""},"categories":[1],"tags":[],"class_list":["post-163078","post","type-post","status-publish","format-standard","has-post-thumbnail","hentry","category-bihiregija"],"yoast_head":"<!-- This site is optimized with the Yoast SEO plugin v27.5 - https:\/\/yoast.com\/product\/yoast-seo-wordpress\/ -->\n<title>Lopov joj provalio u ku\u0107u i zaspao, policija je posavjetovala da ga probudi - RADIO LJUBU\u0160KI<\/title>\n<meta name=\"robots\" content=\"index, follow, max-snippet:-1, max-image-preview:large, max-video-preview:-1\" \/>\n<link rel=\"canonical\" href=\"https:\/\/radioljubuski.ba\/index.php\/2022\/07\/25\/lopov-joj-provalio-u-kucu-i-zaspao-policija-je-posavjetovala-da-ga-probudi\/\" \/>\n<meta property=\"og:locale\" content=\"hr_HR\" \/>\n<meta property=\"og:type\" content=\"article\" \/>\n<meta property=\"og:title\" content=\"Lopov joj provalio u ku\u0107u i zaspao, policija je posavjetovala da ga probudi - RADIO LJUBU\u0160KI\" \/>\n<meta property=\"og:description\" content=\"Jedna Kana\u0111anka ostala je potresena nakon \u0161to je pozvala policiju jer je uljez provalio u njen dom, a oni su joj da se sama treba suo\u010diti s mu\u0161karcem. Angelu Chalmers je 18. lipnja u sedam sati ujutro probudio njen pas, koji je re\u017eao na vrhu stepenica. Kada je oti\u0161la da vidi o \u010demu se radi, [&hellip;]\" \/>\n<meta property=\"og:url\" content=\"https:\/\/radioljubuski.ba\/index.php\/2022\/07\/25\/lopov-joj-provalio-u-kucu-i-zaspao-policija-je-posavjetovala-da-ga-probudi\/\" \/>\n<meta property=\"og:site_name\" content=\"RADIO LJUBU\u0160KI\" \/>\n<meta property=\"article:publisher\" content=\"https:\/\/www.facebook.com\/Radiio-Ljubuski-1490835324566332\" \/>\n<meta property=\"article:published_time\" content=\"2022-07-25T09:25:05+00:00\" \/>\n<meta property=\"article:modified_time\" content=\"2022-07-25T09:25:06+00:00\" \/>\n<meta property=\"og:image\" content=\"https:\/\/radioljubuski.ba\/wp-content\/uploads\/2022\/07\/wrx0fUhl_spavanje_krevet_wspa.jpg\" \/>\n\t<meta property=\"og:image:width\" content=\"1000\" \/>\n\t<meta property=\"og:image:height\" content=\"625\" \/>\n\t<meta property=\"og:image:type\" content=\"image\/jpeg\" \/>\n<meta name=\"author\" content=\"Radio Ljubu\u0161ki\" \/>\n<meta name=\"twitter:card\" content=\"summary_large_image\" \/>\n<meta name=\"twitter:creator\" content=\"@radioljubuski\" \/>\n<meta name=\"twitter:site\" content=\"@radioljubuski\" \/>\n<meta name=\"twitter:label1\" content=\"Napisao\/la\" \/>\n\t<meta name=\"twitter:data1\" content=\"Radio Ljubu\u0161ki\" \/>\n\t<meta name=\"twitter:label2\" content=\"Procijenjeno vrijeme \u010ditanja\" \/>\n\t<meta name=\"twitter:data2\" content=\"2 minute\" \/>\n<script type=\"application\/ld+json\" class=\"yoast-schema-graph\">{\"@context\":\"https:\\\/\\\/schema.org\",\"@graph\":[{\"@type\":\"Article\",\"@id\":\"https:\\\/\\\/radioljubuski.ba\\\/index.php\\\/2022\\\/07\\\/25\\\/lopov-joj-provalio-u-kucu-i-zaspao-policija-je-posavjetovala-da-ga-probudi\\\/#article\",\"isPartOf\":{\"@id\":\"https:\\\/\\\/radioljubuski.ba\\\/index.php\\\/2022\\\/07\\\/25\\\/lopov-joj-provalio-u-kucu-i-zaspao-policija-je-posavjetovala-da-ga-probudi\\\/\"},\"author\":{\"name\":\"Radio Ljubu\u0161ki\",\"@id\":\"https:\\\/\\\/radioljubuski.ba\\\/#\\\/schema\\\/person\\\/19fc700381a780f69665d7956c469e3b\"},\"headline\":\"Lopov joj provalio u ku\u0107u i zaspao, policija je posavjetovala da ga probudi\",\"datePublished\":\"2022-07-25T09:25:05+00:00\",\"dateModified\":\"2022-07-25T09:25:06+00:00\",\"mainEntityOfPage\":{\"@id\":\"https:\\\/\\\/radioljubuski.ba\\\/index.php\\\/2022\\\/07\\\/25\\\/lopov-joj-provalio-u-kucu-i-zaspao-policija-je-posavjetovala-da-ga-probudi\\\/\"},\"wordCount\":391,\"publisher\":{\"@id\":\"https:\\\/\\\/radioljubuski.ba\\\/#organization\"},\"image\":{\"@id\":\"https:\\\/\\\/radioljubuski.ba\\\/index.php\\\/2022\\\/07\\\/25\\\/lopov-joj-provalio-u-kucu-i-zaspao-policija-je-posavjetovala-da-ga-probudi\\\/#primaryimage\"},\"thumbnailUrl\":\"https:\\\/\\\/radioljubuski.ba\\\/wp-content\\\/uploads\\\/2022\\\/07\\\/wrx0fUhl_spavanje_krevet_wspa.jpg\",\"articleSection\":[\"BIH i regija\"],\"inLanguage\":\"hr\"},{\"@type\":\"WebPage\",\"@id\":\"https:\\\/\\\/radioljubuski.ba\\\/index.php\\\/2022\\\/07\\\/25\\\/lopov-joj-provalio-u-kucu-i-zaspao-policija-je-posavjetovala-da-ga-probudi\\\/\",\"url\":\"https:\\\/\\\/radioljubuski.ba\\\/index.php\\\/2022\\\/07\\\/25\\\/lopov-joj-provalio-u-kucu-i-zaspao-policija-je-posavjetovala-da-ga-probudi\\\/\",\"name\":\"Lopov joj provalio u ku\u0107u i zaspao, policija je posavjetovala da ga probudi - RADIO LJUBU\u0160KI\",\"isPartOf\":{\"@id\":\"https:\\\/\\\/radioljubuski.ba\\\/#website\"},\"primaryImageOfPage\":{\"@id\":\"https:\\\/\\\/radioljubuski.ba\\\/index.php\\\/2022\\\/07\\\/25\\\/lopov-joj-provalio-u-kucu-i-zaspao-policija-je-posavjetovala-da-ga-probudi\\\/#primaryimage\"},\"image\":{\"@id\":\"https:\\\/\\\/radioljubuski.ba\\\/index.php\\\/2022\\\/07\\\/25\\\/lopov-joj-provalio-u-kucu-i-zaspao-policija-je-posavjetovala-da-ga-probudi\\\/#primaryimage\"},\"thumbnailUrl\":\"https:\\\/\\\/radioljubuski.ba\\\/wp-content\\\/uploads\\\/2022\\\/07\\\/wrx0fUhl_spavanje_krevet_wspa.jpg\",\"datePublished\":\"2022-07-25T09:25:05+00:00\",\"dateModified\":\"2022-07-25T09:25:06+00:00\",\"breadcrumb\":{\"@id\":\"https:\\\/\\\/radioljubuski.ba\\\/index.php\\\/2022\\\/07\\\/25\\\/lopov-joj-provalio-u-kucu-i-zaspao-policija-je-posavjetovala-da-ga-probudi\\\/#breadcrumb\"},\"inLanguage\":\"hr\",\"potentialAction\":[{\"@type\":\"ReadAction\",\"target\":[\"https:\\\/\\\/radioljubuski.ba\\\/index.php\\\/2022\\\/07\\\/25\\\/lopov-joj-provalio-u-kucu-i-zaspao-policija-je-posavjetovala-da-ga-probudi\\\/\"]}]},{\"@type\":\"ImageObject\",\"inLanguage\":\"hr\",\"@id\":\"https:\\\/\\\/radioljubuski.ba\\\/index.php\\\/2022\\\/07\\\/25\\\/lopov-joj-provalio-u-kucu-i-zaspao-policija-je-posavjetovala-da-ga-probudi\\\/#primaryimage\",\"url\":\"https:\\\/\\\/radioljubuski.ba\\\/wp-content\\\/uploads\\\/2022\\\/07\\\/wrx0fUhl_spavanje_krevet_wspa.jpg\",\"contentUrl\":\"https:\\\/\\\/radioljubuski.ba\\\/wp-content\\\/uploads\\\/2022\\\/07\\\/wrx0fUhl_spavanje_krevet_wspa.jpg\",\"width\":1000,\"height\":625},{\"@type\":\"BreadcrumbList\",\"@id\":\"https:\\\/\\\/radioljubuski.ba\\\/index.php\\\/2022\\\/07\\\/25\\\/lopov-joj-provalio-u-kucu-i-zaspao-policija-je-posavjetovala-da-ga-probudi\\\/#breadcrumb\",\"itemListElement\":[{\"@type\":\"ListItem\",\"position\":1,\"name\":\"Po\u010detna stranica\",\"item\":\"https:\\\/\\\/radioljubuski.ba\\\/\"},{\"@type\":\"ListItem\",\"position\":2,\"name\":\"Lopov joj provalio u ku\u0107u i zaspao, policija je posavjetovala da ga probudi\"}]},{\"@type\":\"WebSite\",\"@id\":\"https:\\\/\\\/radioljubuski.ba\\\/#website\",\"url\":\"https:\\\/\\\/radioljubuski.ba\\\/\",\"name\":\"Radio Ljubu\u0161ki\",\"description\":\"Sun\u010dana frekvencija Hercegovine\",\"publisher\":{\"@id\":\"https:\\\/\\\/radioljubuski.ba\\\/#organization\"},\"potentialAction\":[{\"@type\":\"SearchAction\",\"target\":{\"@type\":\"EntryPoint\",\"urlTemplate\":\"https:\\\/\\\/radioljubuski.ba\\\/?s={search_term_string}\"},\"query-input\":{\"@type\":\"PropertyValueSpecification\",\"valueRequired\":true,\"valueName\":\"search_term_string\"}}],\"inLanguage\":\"hr\"},{\"@type\":\"Organization\",\"@id\":\"https:\\\/\\\/radioljubuski.ba\\\/#organization\",\"name\":\"Radio Ljubu\u0161ki\",\"url\":\"https:\\\/\\\/radioljubuski.ba\\\/\",\"logo\":{\"@type\":\"ImageObject\",\"inLanguage\":\"hr\",\"@id\":\"https:\\\/\\\/radioljubuski.ba\\\/#\\\/schema\\\/logo\\\/image\\\/\",\"url\":\"https:\\\/\\\/radioljubuski.ba\\\/wp-content\\\/uploads\\\/2021\\\/02\\\/cropped-Radio_Ljubuski_logo1.jpg\",\"contentUrl\":\"https:\\\/\\\/radioljubuski.ba\\\/wp-content\\\/uploads\\\/2021\\\/02\\\/cropped-Radio_Ljubuski_logo1.jpg\",\"width\":512,\"height\":512,\"caption\":\"Radio Ljubu\u0161ki\"},\"image\":{\"@id\":\"https:\\\/\\\/radioljubuski.ba\\\/#\\\/schema\\\/logo\\\/image\\\/\"},\"sameAs\":[\"https:\\\/\\\/www.facebook.com\\\/Radiio-Ljubuski-1490835324566332\",\"https:\\\/\\\/x.com\\\/radioljubuski\",\"https:\\\/\\\/hr.linkedin.com\\\/company\\\/radio-ljubuski\",\"https:\\\/\\\/www.youtube.com\\\/channel\\\/UCHYaeO_n0Db3tjNGudGpXyw\"]},{\"@type\":\"Person\",\"@id\":\"https:\\\/\\\/radioljubuski.ba\\\/#\\\/schema\\\/person\\\/19fc700381a780f69665d7956c469e3b\",\"name\":\"Radio Ljubu\u0161ki\"}]}<\/script>\n<!-- \/ Yoast SEO plugin. -->","yoast_head_json":{"title":"Lopov joj provalio u ku\u0107u i zaspao, policija je posavjetovala da ga probudi - RADIO LJUBU\u0160KI","robots":{"index":"index","follow":"follow","max-snippet":"max-snippet:-1","max-image-preview":"max-image-preview:large","max-video-preview":"max-video-preview:-1"},"canonical":"https:\/\/radioljubuski.ba\/index.php\/2022\/07\/25\/lopov-joj-provalio-u-kucu-i-zaspao-policija-je-posavjetovala-da-ga-probudi\/","og_locale":"hr_HR","og_type":"article","og_title":"Lopov joj provalio u ku\u0107u i zaspao, policija je posavjetovala da ga probudi - RADIO LJUBU\u0160KI","og_description":"Jedna Kana\u0111anka ostala je potresena nakon \u0161to je pozvala policiju jer je uljez provalio u njen dom, a oni su joj da se sama treba suo\u010diti s mu\u0161karcem. Angelu Chalmers je 18. lipnja u sedam sati ujutro probudio njen pas, koji je re\u017eao na vrhu stepenica. Kada je oti\u0161la da vidi o \u010demu se radi, [&hellip;]","og_url":"https:\/\/radioljubuski.ba\/index.php\/2022\/07\/25\/lopov-joj-provalio-u-kucu-i-zaspao-policija-je-posavjetovala-da-ga-probudi\/","og_site_name":"RADIO LJUBU\u0160KI","article_publisher":"https:\/\/www.facebook.com\/Radiio-Ljubuski-1490835324566332","article_published_time":"2022-07-25T09:25:05+00:00","article_modified_time":"2022-07-25T09:25:06+00:00","og_image":[{"width":1000,"height":625,"url":"https:\/\/radioljubuski.ba\/wp-content\/uploads\/2022\/07\/wrx0fUhl_spavanje_krevet_wspa.jpg","type":"image\/jpeg"}],"author":"Radio Ljubu\u0161ki","twitter_card":"summary_large_image","twitter_creator":"@radioljubuski","twitter_site":"@radioljubuski","twitter_misc":{"Napisao\/la":"Radio Ljubu\u0161ki","Procijenjeno vrijeme \u010ditanja":"2 minute"},"schema":{"@context":"https:\/\/schema.org","@graph":[{"@type":"Article","@id":"https:\/\/radioljubuski.ba\/index.php\/2022\/07\/25\/lopov-joj-provalio-u-kucu-i-zaspao-policija-je-posavjetovala-da-ga-probudi\/#article","isPartOf":{"@id":"https:\/\/radioljubuski.ba\/index.php\/2022\/07\/25\/lopov-joj-provalio-u-kucu-i-zaspao-policija-je-posavjetovala-da-ga-probudi\/"},"author":{"name":"Radio Ljubu\u0161ki","@id":"https:\/\/radioljubuski.ba\/#\/schema\/person\/19fc700381a780f69665d7956c469e3b"},"headline":"Lopov joj provalio u ku\u0107u i zaspao, policija je posavjetovala da ga probudi","datePublished":"2022-07-25T09:25:05+00:00","dateModified":"2022-07-25T09:25:06+00:00","mainEntityOfPage":{"@id":"https:\/\/radioljubuski.ba\/index.php\/2022\/07\/25\/lopov-joj-provalio-u-kucu-i-zaspao-policija-je-posavjetovala-da-ga-probudi\/"},"wordCount":391,"publisher":{"@id":"https:\/\/radioljubuski.ba\/#organization"},"image":{"@id":"https:\/\/radioljubuski.ba\/index.php\/2022\/07\/25\/lopov-joj-provalio-u-kucu-i-zaspao-policija-je-posavjetovala-da-ga-probudi\/#primaryimage"},"thumbnailUrl":"https:\/\/radioljubuski.ba\/wp-content\/uploads\/2022\/07\/wrx0fUhl_spavanje_krevet_wspa.jpg","articleSection":["BIH i regija"],"inLanguage":"hr"},{"@type":"WebPage","@id":"https:\/\/radioljubuski.ba\/index.php\/2022\/07\/25\/lopov-joj-provalio-u-kucu-i-zaspao-policija-je-posavjetovala-da-ga-probudi\/","url":"https:\/\/radioljubuski.ba\/index.php\/2022\/07\/25\/lopov-joj-provalio-u-kucu-i-zaspao-policija-je-posavjetovala-da-ga-probudi\/","name":"Lopov joj provalio u ku\u0107u i zaspao, policija je posavjetovala da ga probudi - RADIO LJUBU\u0160KI","isPartOf":{"@id":"https:\/\/radioljubuski.ba\/#website"},"primaryImageOfPage":{"@id":"https:\/\/radioljubuski.ba\/index.php\/2022\/07\/25\/lopov-joj-provalio-u-kucu-i-zaspao-policija-je-posavjetovala-da-ga-probudi\/#primaryimage"},"image":{"@id":"https:\/\/radioljubuski.ba\/index.php\/2022\/07\/25\/lopov-joj-provalio-u-kucu-i-zaspao-policija-je-posavjetovala-da-ga-probudi\/#primaryimage"},"thumbnailUrl":"https:\/\/radioljubuski.ba\/wp-content\/uploads\/2022\/07\/wrx0fUhl_spavanje_krevet_wspa.jpg","datePublished":"2022-07-25T09:25:05+00:00","dateModified":"2022-07-25T09:25:06+00:00","breadcrumb":{"@id":"https:\/\/radioljubuski.ba\/index.php\/2022\/07\/25\/lopov-joj-provalio-u-kucu-i-zaspao-policija-je-posavjetovala-da-ga-probudi\/#breadcrumb"},"inLanguage":"hr","potentialAction":[{"@type":"ReadAction","target":["https:\/\/radioljubuski.ba\/index.php\/2022\/07\/25\/lopov-joj-provalio-u-kucu-i-zaspao-policija-je-posavjetovala-da-ga-probudi\/"]}]},{"@type":"ImageObject","inLanguage":"hr","@id":"https:\/\/radioljubuski.ba\/index.php\/2022\/07\/25\/lopov-joj-provalio-u-kucu-i-zaspao-policija-je-posavjetovala-da-ga-probudi\/#primaryimage","url":"https:\/\/radioljubuski.ba\/wp-content\/uploads\/2022\/07\/wrx0fUhl_spavanje_krevet_wspa.jpg","contentUrl":"https:\/\/radioljubuski.ba\/wp-content\/uploads\/2022\/07\/wrx0fUhl_spavanje_krevet_wspa.jpg","width":1000,"height":625},{"@type":"BreadcrumbList","@id":"https:\/\/radioljubuski.ba\/index.php\/2022\/07\/25\/lopov-joj-provalio-u-kucu-i-zaspao-policija-je-posavjetovala-da-ga-probudi\/#breadcrumb","itemListElement":[{"@type":"ListItem","position":1,"name":"Po\u010detna stranica","item":"https:\/\/radioljubuski.ba\/"},{"@type":"ListItem","position":2,"name":"Lopov joj provalio u ku\u0107u i zaspao, policija je posavjetovala da ga probudi"}]},{"@type":"WebSite","@id":"https:\/\/radioljubuski.ba\/#website","url":"https:\/\/radioljubuski.ba\/","name":"Radio Ljubu\u0161ki","description":"Sun\u010dana frekvencija Hercegovine","publisher":{"@id":"https:\/\/radioljubuski.ba\/#organization"},"potentialAction":[{"@type":"SearchAction","target":{"@type":"EntryPoint","urlTemplate":"https:\/\/radioljubuski.ba\/?s={search_term_string}"},"query-input":{"@type":"PropertyValueSpecification","valueRequired":true,"valueName":"search_term_string"}}],"inLanguage":"hr"},{"@type":"Organization","@id":"https:\/\/radioljubuski.ba\/#organization","name":"Radio Ljubu\u0161ki","url":"https:\/\/radioljubuski.ba\/","logo":{"@type":"ImageObject","inLanguage":"hr","@id":"https:\/\/radioljubuski.ba\/#\/schema\/logo\/image\/","url":"https:\/\/radioljubuski.ba\/wp-content\/uploads\/2021\/02\/cropped-Radio_Ljubuski_logo1.jpg","contentUrl":"https:\/\/radioljubuski.ba\/wp-content\/uploads\/2021\/02\/cropped-Radio_Ljubuski_logo1.jpg","width":512,"height":512,"caption":"Radio Ljubu\u0161ki"},"image":{"@id":"https:\/\/radioljubuski.ba\/#\/schema\/logo\/image\/"},"sameAs":["https:\/\/www.facebook.com\/Radiio-Ljubuski-1490835324566332","https:\/\/x.com\/radioljubuski","https:\/\/hr.linkedin.com\/company\/radio-ljubuski","https:\/\/www.youtube.com\/channel\/UCHYaeO_n0Db3tjNGudGpXyw"]},{"@type":"Person","@id":"https:\/\/radioljubuski.ba\/#\/schema\/person\/19fc700381a780f69665d7956c469e3b","name":"Radio Ljubu\u0161ki"}]}},"_links":{"self":[{"href":"https:\/\/radioljubuski.ba\/index.php\/wp-json\/wp\/v2\/posts\/163078","targetHints":{"allow":["GET"]}}],"collection":[{"href":"https:\/\/radioljubuski.ba\/index.php\/wp-json\/wp\/v2\/posts"}],"about":[{"href":"https:\/\/radioljubuski.ba\/index.php\/wp-json\/wp\/v2\/types\/post"}],"author":[{"embeddable":true,"href":"https:\/\/radioljubuski.ba\/index.php\/wp-json\/wp\/v2\/users\/2"}],"replies":[{"embeddable":true,"href":"https:\/\/radioljubuski.ba\/index.php\/wp-json\/wp\/v2\/comments?post=163078"}],"version-history":[{"count":1,"href":"https:\/\/radioljubuski.ba\/index.php\/wp-json\/wp\/v2\/posts\/163078\/revisions"}],"predecessor-version":[{"id":163080,"href":"https:\/\/radioljubuski.ba\/index.php\/wp-json\/wp\/v2\/posts\/163078\/revisions\/163080"}],"wp:featuredmedia":[{"embeddable":true,"href":"https:\/\/radioljubuski.ba\/index.php\/wp-json\/wp\/v2\/media\/163079"}],"wp:attachment":[{"href":"https:\/\/radioljubuski.ba\/index.php\/wp-json\/wp\/v2\/media?parent=163078"}],"wp:term":[{"taxonomy":"category","embeddable":true,"href":"https:\/\/radioljubuski.ba\/index.php\/wp-json\/wp\/v2\/categories?post=163078"},{"taxonomy":"post_tag","embeddable":true,"href":"https:\/\/radioljubuski.ba\/index.php\/wp-json\/wp\/v2\/tags?post=163078"}],"curies":[{"name":"wp","href":"https:\/\/api.w.org\/{rel}","templated":true}]}}