{"id":163083,"date":"2022-07-25T10:32:39","date_gmt":"2022-07-25T09:32:39","guid":{"rendered":"https:\/\/radioljubuski.ba\/?p=163083"},"modified":"2022-07-25T10:32:40","modified_gmt":"2022-07-25T09:32:40","slug":"vratio-se-iz-londona-u-bih-otisao-sam-kao-seljak-vratio-sam-se-kao-lord","status":"publish","type":"post","link":"https:\/\/radioljubuski.ba\/index.php\/2022\/07\/25\/vratio-se-iz-londona-u-bih-otisao-sam-kao-seljak-vratio-sam-se-kao-lord\/","title":{"rendered":"Vratio se iz Londona u BiH: Oti\u0161ao sam kao seljak, vratio sam se kao lord"},"content":{"rendered":"\n<p>Sejfudin Hod\u017ei\u0107 nakon ratne golgote odlazi iz Bosne i Hercegovine u Englesku, ali &nbsp;ljubav njemu dragih osoba, nisu mogle zamijeniti ni londonske funte.<\/p>\n\n\n\n<p>\u201cNajvi\u0161e mi je falilo kvalitetnog vremena koji provodite s prijateljima ili obitelji, jer u Londonu nemate za to puno vremena. Samim tim kvaliteta tog dru\u017eenja je vremenski i sadr\u017eajem limitiran. Nigdje ovog nema, ovakvog kvaliteta \u017eivota nema. Da vi mo\u017eete da radite i provodite vrijeme sa svojom obitelji, a isto tako da se dru\u017eite sa svojim prijateljima\u201d, ka\u017ee Sejfudin za N1.<\/p>\n\n\n\n<p>\u017divot od seljaka do lorda<br>Ipak, \u017eivot u Londonu mu je pro\u0161irio vidike, spoznao je tijekom boravka tamo, prave vrijednosti \u017eivota i ispri\u010dao anegdotu o profesoru koji ga je ispitivao o njegovom porijeklu.<\/p>\n\n\n\n<p>\u201cJa onako stidno ka\u017eem iz jedne male zemlje Bosne. Pa me pitao, jesam li iz glavnog grada? \u2013 Ja ka\u017eem, ne, ve\u0107 iz jednog malog grada Zvornika. Pa kad me pitao da li smo imali zemlje i stoke, ja onako sav stidan ka\u017eem, ma jesam \u2013 sramota me, ja dijete sa sela\u201d, rekao je Sejfudin i dodao:<\/p>\n\n\n\n<p>\u201cKad sam sve to zavr\u0161io, on meni ka\u017ee: \u201cPa vi ste Lord\u201d. Meni onako \u010dudno, kako sam ja lord. Pro\u0161lo je dugo vremena kada sam ja shvatio, da u engleskoj nije lako do\u0107i do vlasni\u0161tva zemlje i onda \u010desto puta znam re\u0107i \u201cOti\u0161ao sam u London kao seljak, vratio se kao lord\u201d.<\/p>\n\n\n\n<p>Kako izgleda jedan radni dan u Engleskoj?<br>Sejfudin je tijekom svog \u017eivota radio u mnogim sektorima, ali i bankarskom sektoru. Novac koji je dobio, nikad ne\u0107e biti dovoljan za koli\u010dinu stresa koji je pro\u017eivio na poslu.<\/p>\n\n\n\n<p>\u201cRadio sam na Piccadilly Circus u centru Londonu, ali stres je maltene nemjerljiv, jer vi dnevno imate plasman kredita, kreditnih kartica u jednom danu. Da je to neizdr\u017eivo, tri mjeseca ako pre\u017eivite u tom okru\u017eenju, onda ste stvarno uspjeli. Dugo sam tu bio i taj stres je trajao neprekidno. Bez obzira, koliko vi zara\u0111ujete para, to &nbsp;ne opravdava onaj stres, zbog kojeg na kraju krajeva zdravlje ode.\u201d<\/p>\n\n\n\n<p>Dok sa druge strane, idili\u010dno opisuje njegov trenutni \u017eivot u Bosni i Hercegovini. Kojeg kako ka\u017ee, nigdje na svijetu nema.<\/p>\n\n\n\n<p>\u201cZa razliku od toga u Bosni, ja sam jutros od svoje ku\u0107e u miru, da ne ka\u017eem lordovski sa sela krenuo iz Zvornika. Vozio se pored Drine, udisao \u010dist zrak, onu ljepotu, evo do\u0161ao sam sada na Bjela\u0161nicu. Tu sam, evo sami mo\u017eete vidjeti da je to jedan takav mir, da je to nevjerojatno\u201d, rekao je Hod\u017ei\u0107.<\/p>\n\n\n\n<p>Problem vidi u sistemu<br>Njegov savjet mladim ljudima je svakako, da odu vani, nau\u010de i vrate ovdje kako bi u\u010dinili BiH sistem bolji nego \u0161to jeste.<\/p>\n\n\n\n<p>\u201cLjudi \u0107e re\u0107i, pa dobro u Bosni je nemogu\u0107e opstati. Ima jedna velika razlika, a ta razlika je da mi ovdje nemamo sistemske podr\u0161ke, da bi mi sve ove prirodne ljepote i potencijal mogli iskoristiti. Naravno, ima ovdje izazova, uvijek je lak\u0161e misliti da je tamo negdje bolje, dok ljudi ne odu i ne vide. Trebaju mladi ljudi da odu, da nau\u010de stvari, ali da ne zaborave odakle su do\u0161li. Da to svoje iskustvo donesu u BiH. Jedino tako od BiH, mo\u017eemo napraviti neku novu Englesku ili \u0160vicarsku da u njoj \u017eivimo. To mo\u017eemo samo mi. Ne mo\u017eemo da o\u010dekujemo da neko drugi do\u0111e i da ne\u0161to radi, pa da nam gotovo preda u ruke. To se nikada ne\u0107e desiti\u201d, isti\u010de Hod\u017ei\u0107.<\/p>\n\n\n\n<p>Izvor:N1<\/p>\n","protected":false},"excerpt":{"rendered":"<p>Sejfudin Hod\u017ei\u0107 nakon ratne golgote odlazi iz Bosne i Hercegovine u Englesku, ali &nbsp;ljubav njemu dragih osoba, nisu mogle zamijeniti ni londonske funte. \u201cNajvi\u0161e mi je falilo kvalitetnog vremena koji provodite s prijateljima ili obitelji, jer u Londonu nemate za to puno vremena. Samim tim kvaliteta tog dru\u017eenja je vremenski i sadr\u017eajem limitiran. Nigdje ovog [&hellip;]<\/p>\n","protected":false},"author":2,"featured_media":163084,"comment_status":"closed","ping_status":"closed","sticky":false,"template":"","format":"standard","meta":{"h5ap_radio_sources":[],"footnotes":""},"categories":[1],"tags":[],"class_list":["post-163083","post","type-post","status-publish","format-standard","has-post-thumbnail","hentry","category-bihiregija"],"yoast_head":"<!-- This site is optimized with the Yoast SEO plugin v27.5 - https:\/\/yoast.com\/product\/yoast-seo-wordpress\/ -->\n<title>Vratio se iz Londona u BiH: Oti\u0161ao sam kao seljak, vratio sam se kao lord - RADIO LJUBU\u0160KI<\/title>\n<meta name=\"robots\" content=\"index, follow, max-snippet:-1, max-image-preview:large, max-video-preview:-1\" \/>\n<link rel=\"canonical\" href=\"https:\/\/radioljubuski.ba\/index.php\/2022\/07\/25\/vratio-se-iz-londona-u-bih-otisao-sam-kao-seljak-vratio-sam-se-kao-lord\/\" \/>\n<meta property=\"og:locale\" content=\"hr_HR\" \/>\n<meta property=\"og:type\" content=\"article\" \/>\n<meta property=\"og:title\" content=\"Vratio se iz Londona u BiH: Oti\u0161ao sam kao seljak, vratio sam se kao lord - RADIO LJUBU\u0160KI\" \/>\n<meta property=\"og:description\" content=\"Sejfudin Hod\u017ei\u0107 nakon ratne golgote odlazi iz Bosne i Hercegovine u Englesku, ali &nbsp;ljubav njemu dragih osoba, nisu mogle zamijeniti ni londonske funte. \u201cNajvi\u0161e mi je falilo kvalitetnog vremena koji provodite s prijateljima ili obitelji, jer u Londonu nemate za to puno vremena. Samim tim kvaliteta tog dru\u017eenja je vremenski i sadr\u017eajem limitiran. Nigdje ovog [&hellip;]\" \/>\n<meta property=\"og:url\" content=\"https:\/\/radioljubuski.ba\/index.php\/2022\/07\/25\/vratio-se-iz-londona-u-bih-otisao-sam-kao-seljak-vratio-sam-se-kao-lord\/\" \/>\n<meta property=\"og:site_name\" content=\"RADIO LJUBU\u0160KI\" \/>\n<meta property=\"article:publisher\" content=\"https:\/\/www.facebook.com\/Radiio-Ljubuski-1490835324566332\" \/>\n<meta property=\"article:published_time\" content=\"2022-07-25T09:32:39+00:00\" \/>\n<meta property=\"article:modified_time\" content=\"2022-07-25T09:32:40+00:00\" \/>\n<meta property=\"og:image\" content=\"https:\/\/radioljubuski.ba\/wp-content\/uploads\/2022\/07\/3-2022-07-24-19-50-36-Sejfudin-Hodzic.jpeg\" \/>\n\t<meta property=\"og:image:width\" content=\"1000\" \/>\n\t<meta property=\"og:image:height\" content=\"625\" \/>\n\t<meta property=\"og:image:type\" content=\"image\/jpeg\" \/>\n<meta name=\"author\" content=\"Radio Ljubu\u0161ki\" \/>\n<meta name=\"twitter:card\" content=\"summary_large_image\" \/>\n<meta name=\"twitter:creator\" content=\"@radioljubuski\" \/>\n<meta name=\"twitter:site\" content=\"@radioljubuski\" \/>\n<meta name=\"twitter:label1\" content=\"Napisao\/la\" \/>\n\t<meta name=\"twitter:data1\" content=\"Radio Ljubu\u0161ki\" \/>\n\t<meta name=\"twitter:label2\" content=\"Procijenjeno vrijeme \u010ditanja\" \/>\n\t<meta name=\"twitter:data2\" content=\"3 minute\" \/>\n<script type=\"application\/ld+json\" class=\"yoast-schema-graph\">{\"@context\":\"https:\\\/\\\/schema.org\",\"@graph\":[{\"@type\":\"Article\",\"@id\":\"https:\\\/\\\/radioljubuski.ba\\\/index.php\\\/2022\\\/07\\\/25\\\/vratio-se-iz-londona-u-bih-otisao-sam-kao-seljak-vratio-sam-se-kao-lord\\\/#article\",\"isPartOf\":{\"@id\":\"https:\\\/\\\/radioljubuski.ba\\\/index.php\\\/2022\\\/07\\\/25\\\/vratio-se-iz-londona-u-bih-otisao-sam-kao-seljak-vratio-sam-se-kao-lord\\\/\"},\"author\":{\"name\":\"Radio Ljubu\u0161ki\",\"@id\":\"https:\\\/\\\/radioljubuski.ba\\\/#\\\/schema\\\/person\\\/19fc700381a780f69665d7956c469e3b\"},\"headline\":\"Vratio se iz Londona u BiH: Oti\u0161ao sam kao seljak, vratio sam se kao lord\",\"datePublished\":\"2022-07-25T09:32:39+00:00\",\"dateModified\":\"2022-07-25T09:32:40+00:00\",\"mainEntityOfPage\":{\"@id\":\"https:\\\/\\\/radioljubuski.ba\\\/index.php\\\/2022\\\/07\\\/25\\\/vratio-se-iz-londona-u-bih-otisao-sam-kao-seljak-vratio-sam-se-kao-lord\\\/\"},\"wordCount\":621,\"publisher\":{\"@id\":\"https:\\\/\\\/radioljubuski.ba\\\/#organization\"},\"image\":{\"@id\":\"https:\\\/\\\/radioljubuski.ba\\\/index.php\\\/2022\\\/07\\\/25\\\/vratio-se-iz-londona-u-bih-otisao-sam-kao-seljak-vratio-sam-se-kao-lord\\\/#primaryimage\"},\"thumbnailUrl\":\"https:\\\/\\\/radioljubuski.ba\\\/wp-content\\\/uploads\\\/2022\\\/07\\\/3-2022-07-24-19-50-36-Sejfudin-Hodzic.jpeg\",\"articleSection\":[\"BIH i regija\"],\"inLanguage\":\"hr\"},{\"@type\":\"WebPage\",\"@id\":\"https:\\\/\\\/radioljubuski.ba\\\/index.php\\\/2022\\\/07\\\/25\\\/vratio-se-iz-londona-u-bih-otisao-sam-kao-seljak-vratio-sam-se-kao-lord\\\/\",\"url\":\"https:\\\/\\\/radioljubuski.ba\\\/index.php\\\/2022\\\/07\\\/25\\\/vratio-se-iz-londona-u-bih-otisao-sam-kao-seljak-vratio-sam-se-kao-lord\\\/\",\"name\":\"Vratio se iz Londona u BiH: Oti\u0161ao sam kao seljak, vratio sam se kao lord - RADIO LJUBU\u0160KI\",\"isPartOf\":{\"@id\":\"https:\\\/\\\/radioljubuski.ba\\\/#website\"},\"primaryImageOfPage\":{\"@id\":\"https:\\\/\\\/radioljubuski.ba\\\/index.php\\\/2022\\\/07\\\/25\\\/vratio-se-iz-londona-u-bih-otisao-sam-kao-seljak-vratio-sam-se-kao-lord\\\/#primaryimage\"},\"image\":{\"@id\":\"https:\\\/\\\/radioljubuski.ba\\\/index.php\\\/2022\\\/07\\\/25\\\/vratio-se-iz-londona-u-bih-otisao-sam-kao-seljak-vratio-sam-se-kao-lord\\\/#primaryimage\"},\"thumbnailUrl\":\"https:\\\/\\\/radioljubuski.ba\\\/wp-content\\\/uploads\\\/2022\\\/07\\\/3-2022-07-24-19-50-36-Sejfudin-Hodzic.jpeg\",\"datePublished\":\"2022-07-25T09:32:39+00:00\",\"dateModified\":\"2022-07-25T09:32:40+00:00\",\"breadcrumb\":{\"@id\":\"https:\\\/\\\/radioljubuski.ba\\\/index.php\\\/2022\\\/07\\\/25\\\/vratio-se-iz-londona-u-bih-otisao-sam-kao-seljak-vratio-sam-se-kao-lord\\\/#breadcrumb\"},\"inLanguage\":\"hr\",\"potentialAction\":[{\"@type\":\"ReadAction\",\"target\":[\"https:\\\/\\\/radioljubuski.ba\\\/index.php\\\/2022\\\/07\\\/25\\\/vratio-se-iz-londona-u-bih-otisao-sam-kao-seljak-vratio-sam-se-kao-lord\\\/\"]}]},{\"@type\":\"ImageObject\",\"inLanguage\":\"hr\",\"@id\":\"https:\\\/\\\/radioljubuski.ba\\\/index.php\\\/2022\\\/07\\\/25\\\/vratio-se-iz-londona-u-bih-otisao-sam-kao-seljak-vratio-sam-se-kao-lord\\\/#primaryimage\",\"url\":\"https:\\\/\\\/radioljubuski.ba\\\/wp-content\\\/uploads\\\/2022\\\/07\\\/3-2022-07-24-19-50-36-Sejfudin-Hodzic.jpeg\",\"contentUrl\":\"https:\\\/\\\/radioljubuski.ba\\\/wp-content\\\/uploads\\\/2022\\\/07\\\/3-2022-07-24-19-50-36-Sejfudin-Hodzic.jpeg\",\"width\":1000,\"height\":625},{\"@type\":\"BreadcrumbList\",\"@id\":\"https:\\\/\\\/radioljubuski.ba\\\/index.php\\\/2022\\\/07\\\/25\\\/vratio-se-iz-londona-u-bih-otisao-sam-kao-seljak-vratio-sam-se-kao-lord\\\/#breadcrumb\",\"itemListElement\":[{\"@type\":\"ListItem\",\"position\":1,\"name\":\"Po\u010detna stranica\",\"item\":\"https:\\\/\\\/radioljubuski.ba\\\/\"},{\"@type\":\"ListItem\",\"position\":2,\"name\":\"Vratio se iz Londona u BiH: Oti\u0161ao sam kao seljak, vratio sam se kao lord\"}]},{\"@type\":\"WebSite\",\"@id\":\"https:\\\/\\\/radioljubuski.ba\\\/#website\",\"url\":\"https:\\\/\\\/radioljubuski.ba\\\/\",\"name\":\"Radio Ljubu\u0161ki\",\"description\":\"Sun\u010dana frekvencija Hercegovine\",\"publisher\":{\"@id\":\"https:\\\/\\\/radioljubuski.ba\\\/#organization\"},\"potentialAction\":[{\"@type\":\"SearchAction\",\"target\":{\"@type\":\"EntryPoint\",\"urlTemplate\":\"https:\\\/\\\/radioljubuski.ba\\\/?s={search_term_string}\"},\"query-input\":{\"@type\":\"PropertyValueSpecification\",\"valueRequired\":true,\"valueName\":\"search_term_string\"}}],\"inLanguage\":\"hr\"},{\"@type\":\"Organization\",\"@id\":\"https:\\\/\\\/radioljubuski.ba\\\/#organization\",\"name\":\"Radio Ljubu\u0161ki\",\"url\":\"https:\\\/\\\/radioljubuski.ba\\\/\",\"logo\":{\"@type\":\"ImageObject\",\"inLanguage\":\"hr\",\"@id\":\"https:\\\/\\\/radioljubuski.ba\\\/#\\\/schema\\\/logo\\\/image\\\/\",\"url\":\"https:\\\/\\\/radioljubuski.ba\\\/wp-content\\\/uploads\\\/2021\\\/02\\\/cropped-Radio_Ljubuski_logo1.jpg\",\"contentUrl\":\"https:\\\/\\\/radioljubuski.ba\\\/wp-content\\\/uploads\\\/2021\\\/02\\\/cropped-Radio_Ljubuski_logo1.jpg\",\"width\":512,\"height\":512,\"caption\":\"Radio Ljubu\u0161ki\"},\"image\":{\"@id\":\"https:\\\/\\\/radioljubuski.ba\\\/#\\\/schema\\\/logo\\\/image\\\/\"},\"sameAs\":[\"https:\\\/\\\/www.facebook.com\\\/Radiio-Ljubuski-1490835324566332\",\"https:\\\/\\\/x.com\\\/radioljubuski\",\"https:\\\/\\\/hr.linkedin.com\\\/company\\\/radio-ljubuski\",\"https:\\\/\\\/www.youtube.com\\\/channel\\\/UCHYaeO_n0Db3tjNGudGpXyw\"]},{\"@type\":\"Person\",\"@id\":\"https:\\\/\\\/radioljubuski.ba\\\/#\\\/schema\\\/person\\\/19fc700381a780f69665d7956c469e3b\",\"name\":\"Radio Ljubu\u0161ki\"}]}<\/script>\n<!-- \/ Yoast SEO plugin. -->","yoast_head_json":{"title":"Vratio se iz Londona u BiH: Oti\u0161ao sam kao seljak, vratio sam se kao lord - RADIO LJUBU\u0160KI","robots":{"index":"index","follow":"follow","max-snippet":"max-snippet:-1","max-image-preview":"max-image-preview:large","max-video-preview":"max-video-preview:-1"},"canonical":"https:\/\/radioljubuski.ba\/index.php\/2022\/07\/25\/vratio-se-iz-londona-u-bih-otisao-sam-kao-seljak-vratio-sam-se-kao-lord\/","og_locale":"hr_HR","og_type":"article","og_title":"Vratio se iz Londona u BiH: Oti\u0161ao sam kao seljak, vratio sam se kao lord - RADIO LJUBU\u0160KI","og_description":"Sejfudin Hod\u017ei\u0107 nakon ratne golgote odlazi iz Bosne i Hercegovine u Englesku, ali &nbsp;ljubav njemu dragih osoba, nisu mogle zamijeniti ni londonske funte. \u201cNajvi\u0161e mi je falilo kvalitetnog vremena koji provodite s prijateljima ili obitelji, jer u Londonu nemate za to puno vremena. Samim tim kvaliteta tog dru\u017eenja je vremenski i sadr\u017eajem limitiran. Nigdje ovog [&hellip;]","og_url":"https:\/\/radioljubuski.ba\/index.php\/2022\/07\/25\/vratio-se-iz-londona-u-bih-otisao-sam-kao-seljak-vratio-sam-se-kao-lord\/","og_site_name":"RADIO LJUBU\u0160KI","article_publisher":"https:\/\/www.facebook.com\/Radiio-Ljubuski-1490835324566332","article_published_time":"2022-07-25T09:32:39+00:00","article_modified_time":"2022-07-25T09:32:40+00:00","og_image":[{"width":1000,"height":625,"url":"https:\/\/radioljubuski.ba\/wp-content\/uploads\/2022\/07\/3-2022-07-24-19-50-36-Sejfudin-Hodzic.jpeg","type":"image\/jpeg"}],"author":"Radio Ljubu\u0161ki","twitter_card":"summary_large_image","twitter_creator":"@radioljubuski","twitter_site":"@radioljubuski","twitter_misc":{"Napisao\/la":"Radio Ljubu\u0161ki","Procijenjeno vrijeme \u010ditanja":"3 minute"},"schema":{"@context":"https:\/\/schema.org","@graph":[{"@type":"Article","@id":"https:\/\/radioljubuski.ba\/index.php\/2022\/07\/25\/vratio-se-iz-londona-u-bih-otisao-sam-kao-seljak-vratio-sam-se-kao-lord\/#article","isPartOf":{"@id":"https:\/\/radioljubuski.ba\/index.php\/2022\/07\/25\/vratio-se-iz-londona-u-bih-otisao-sam-kao-seljak-vratio-sam-se-kao-lord\/"},"author":{"name":"Radio Ljubu\u0161ki","@id":"https:\/\/radioljubuski.ba\/#\/schema\/person\/19fc700381a780f69665d7956c469e3b"},"headline":"Vratio se iz Londona u BiH: Oti\u0161ao sam kao seljak, vratio sam se kao lord","datePublished":"2022-07-25T09:32:39+00:00","dateModified":"2022-07-25T09:32:40+00:00","mainEntityOfPage":{"@id":"https:\/\/radioljubuski.ba\/index.php\/2022\/07\/25\/vratio-se-iz-londona-u-bih-otisao-sam-kao-seljak-vratio-sam-se-kao-lord\/"},"wordCount":621,"publisher":{"@id":"https:\/\/radioljubuski.ba\/#organization"},"image":{"@id":"https:\/\/radioljubuski.ba\/index.php\/2022\/07\/25\/vratio-se-iz-londona-u-bih-otisao-sam-kao-seljak-vratio-sam-se-kao-lord\/#primaryimage"},"thumbnailUrl":"https:\/\/radioljubuski.ba\/wp-content\/uploads\/2022\/07\/3-2022-07-24-19-50-36-Sejfudin-Hodzic.jpeg","articleSection":["BIH i regija"],"inLanguage":"hr"},{"@type":"WebPage","@id":"https:\/\/radioljubuski.ba\/index.php\/2022\/07\/25\/vratio-se-iz-londona-u-bih-otisao-sam-kao-seljak-vratio-sam-se-kao-lord\/","url":"https:\/\/radioljubuski.ba\/index.php\/2022\/07\/25\/vratio-se-iz-londona-u-bih-otisao-sam-kao-seljak-vratio-sam-se-kao-lord\/","name":"Vratio se iz Londona u BiH: Oti\u0161ao sam kao seljak, vratio sam se kao lord - RADIO LJUBU\u0160KI","isPartOf":{"@id":"https:\/\/radioljubuski.ba\/#website"},"primaryImageOfPage":{"@id":"https:\/\/radioljubuski.ba\/index.php\/2022\/07\/25\/vratio-se-iz-londona-u-bih-otisao-sam-kao-seljak-vratio-sam-se-kao-lord\/#primaryimage"},"image":{"@id":"https:\/\/radioljubuski.ba\/index.php\/2022\/07\/25\/vratio-se-iz-londona-u-bih-otisao-sam-kao-seljak-vratio-sam-se-kao-lord\/#primaryimage"},"thumbnailUrl":"https:\/\/radioljubuski.ba\/wp-content\/uploads\/2022\/07\/3-2022-07-24-19-50-36-Sejfudin-Hodzic.jpeg","datePublished":"2022-07-25T09:32:39+00:00","dateModified":"2022-07-25T09:32:40+00:00","breadcrumb":{"@id":"https:\/\/radioljubuski.ba\/index.php\/2022\/07\/25\/vratio-se-iz-londona-u-bih-otisao-sam-kao-seljak-vratio-sam-se-kao-lord\/#breadcrumb"},"inLanguage":"hr","potentialAction":[{"@type":"ReadAction","target":["https:\/\/radioljubuski.ba\/index.php\/2022\/07\/25\/vratio-se-iz-londona-u-bih-otisao-sam-kao-seljak-vratio-sam-se-kao-lord\/"]}]},{"@type":"ImageObject","inLanguage":"hr","@id":"https:\/\/radioljubuski.ba\/index.php\/2022\/07\/25\/vratio-se-iz-londona-u-bih-otisao-sam-kao-seljak-vratio-sam-se-kao-lord\/#primaryimage","url":"https:\/\/radioljubuski.ba\/wp-content\/uploads\/2022\/07\/3-2022-07-24-19-50-36-Sejfudin-Hodzic.jpeg","contentUrl":"https:\/\/radioljubuski.ba\/wp-content\/uploads\/2022\/07\/3-2022-07-24-19-50-36-Sejfudin-Hodzic.jpeg","width":1000,"height":625},{"@type":"BreadcrumbList","@id":"https:\/\/radioljubuski.ba\/index.php\/2022\/07\/25\/vratio-se-iz-londona-u-bih-otisao-sam-kao-seljak-vratio-sam-se-kao-lord\/#breadcrumb","itemListElement":[{"@type":"ListItem","position":1,"name":"Po\u010detna stranica","item":"https:\/\/radioljubuski.ba\/"},{"@type":"ListItem","position":2,"name":"Vratio se iz Londona u BiH: Oti\u0161ao sam kao seljak, vratio sam se kao lord"}]},{"@type":"WebSite","@id":"https:\/\/radioljubuski.ba\/#website","url":"https:\/\/radioljubuski.ba\/","name":"Radio Ljubu\u0161ki","description":"Sun\u010dana frekvencija Hercegovine","publisher":{"@id":"https:\/\/radioljubuski.ba\/#organization"},"potentialAction":[{"@type":"SearchAction","target":{"@type":"EntryPoint","urlTemplate":"https:\/\/radioljubuski.ba\/?s={search_term_string}"},"query-input":{"@type":"PropertyValueSpecification","valueRequired":true,"valueName":"search_term_string"}}],"inLanguage":"hr"},{"@type":"Organization","@id":"https:\/\/radioljubuski.ba\/#organization","name":"Radio Ljubu\u0161ki","url":"https:\/\/radioljubuski.ba\/","logo":{"@type":"ImageObject","inLanguage":"hr","@id":"https:\/\/radioljubuski.ba\/#\/schema\/logo\/image\/","url":"https:\/\/radioljubuski.ba\/wp-content\/uploads\/2021\/02\/cropped-Radio_Ljubuski_logo1.jpg","contentUrl":"https:\/\/radioljubuski.ba\/wp-content\/uploads\/2021\/02\/cropped-Radio_Ljubuski_logo1.jpg","width":512,"height":512,"caption":"Radio Ljubu\u0161ki"},"image":{"@id":"https:\/\/radioljubuski.ba\/#\/schema\/logo\/image\/"},"sameAs":["https:\/\/www.facebook.com\/Radiio-Ljubuski-1490835324566332","https:\/\/x.com\/radioljubuski","https:\/\/hr.linkedin.com\/company\/radio-ljubuski","https:\/\/www.youtube.com\/channel\/UCHYaeO_n0Db3tjNGudGpXyw"]},{"@type":"Person","@id":"https:\/\/radioljubuski.ba\/#\/schema\/person\/19fc700381a780f69665d7956c469e3b","name":"Radio Ljubu\u0161ki"}]}},"_links":{"self":[{"href":"https:\/\/radioljubuski.ba\/index.php\/wp-json\/wp\/v2\/posts\/163083","targetHints":{"allow":["GET"]}}],"collection":[{"href":"https:\/\/radioljubuski.ba\/index.php\/wp-json\/wp\/v2\/posts"}],"about":[{"href":"https:\/\/radioljubuski.ba\/index.php\/wp-json\/wp\/v2\/types\/post"}],"author":[{"embeddable":true,"href":"https:\/\/radioljubuski.ba\/index.php\/wp-json\/wp\/v2\/users\/2"}],"replies":[{"embeddable":true,"href":"https:\/\/radioljubuski.ba\/index.php\/wp-json\/wp\/v2\/comments?post=163083"}],"version-history":[{"count":1,"href":"https:\/\/radioljubuski.ba\/index.php\/wp-json\/wp\/v2\/posts\/163083\/revisions"}],"predecessor-version":[{"id":163085,"href":"https:\/\/radioljubuski.ba\/index.php\/wp-json\/wp\/v2\/posts\/163083\/revisions\/163085"}],"wp:featuredmedia":[{"embeddable":true,"href":"https:\/\/radioljubuski.ba\/index.php\/wp-json\/wp\/v2\/media\/163084"}],"wp:attachment":[{"href":"https:\/\/radioljubuski.ba\/index.php\/wp-json\/wp\/v2\/media?parent=163083"}],"wp:term":[{"taxonomy":"category","embeddable":true,"href":"https:\/\/radioljubuski.ba\/index.php\/wp-json\/wp\/v2\/categories?post=163083"},{"taxonomy":"post_tag","embeddable":true,"href":"https:\/\/radioljubuski.ba\/index.php\/wp-json\/wp\/v2\/tags?post=163083"}],"curies":[{"name":"wp","href":"https:\/\/api.w.org\/{rel}","templated":true}]}}