{"id":163094,"date":"2022-07-25T10:38:41","date_gmt":"2022-07-25T09:38:41","guid":{"rendered":"https:\/\/radioljubuski.ba\/?p=163094"},"modified":"2022-07-25T10:38:42","modified_gmt":"2022-07-25T09:38:42","slug":"na-atletskim-sp-ima-34-svjetska-rekorda-tri-u-eugeneu","status":"publish","type":"post","link":"https:\/\/radioljubuski.ba\/index.php\/2022\/07\/25\/na-atletskim-sp-ima-34-svjetska-rekorda-tri-u-eugeneu\/","title":{"rendered":"Na atletskim SP-ima 34 svjetska rekorda, tri u Eugeneu"},"content":{"rendered":"\n<p>Na dosada\u0161njih 18 svjetskih atletskih prvenstava na otvorenom postavljena su 34 svjetska rekorda, 17 me\u0111u mu\u0161karcima i 15 me\u0111u \u017eenama, te dva u \u0161tafeti 4 x 400 metara mje\u0161ovito.<\/p>\n\n\n\n<p>Posljednja tri svjetska rekorda postavljena su u ameri\u010dkom Eugeneu &#8211; doma\u0107a atleti\u010darka&nbsp;<strong>Sydney&nbsp;<\/strong><strong>McLaughlin&nbsp;<\/strong>je na 400 m prepone istr\u010dala vrijeme 50.68, Nigerijka&nbsp;<strong>Tobi&nbsp;<\/strong><strong>Amusan&nbsp;<\/strong>je na 100 m prepone postavila rezultat 12.12, dok je \u0160ve\u0111anin&nbsp;<strong>Armand&nbsp;<\/strong><strong>Duplantis&nbsp;<\/strong>u skoku s motkom presko\u010dio 6.21 m.<\/p>\n\n\n\n<p>Do sada samo na \u010detiri svjetska prvenstva, u Ateni (1997), Edmontonu (2001), Osaki (2007) i Moskvi (2013) nije bilo svjetskih rekorda<\/p>\n\n\n\n<p><strong>DOSADA\u0160NJI SVJETSKI REKORDI NA SP-ima<\/strong><\/p>\n\n\n\n<p><strong>HELSINKI 1983 (2):<\/strong><\/p>\n\n\n\n<p>&#8211; mu\u0161karci (1): SAD (Emmit King, Willie Gault, Calvin Smith, Carl Lewis), 4 x 100 m &#8211; 37.86 sek<\/p>\n\n\n\n<p>&#8211; \u017eene (1): Jarmila Kratochvilova (\u010ce\u0161ka), 400 m &#8211; 47.99 sek.<\/p>\n\n\n\n<p><strong>RIM 1987 (1):<\/strong><\/p>\n\n\n\n<p>&#8211; \u017eene (1): \u0160tefka Kostadinova (Bug), vis &#8211; 2.09m<\/p>\n\n\n\n<p><strong>TOKIO 1991. (3):<\/strong><\/p>\n\n\n\n<p>&#8211; mu\u0161karci (3): Carl Lewis (SAD), 100 m &#8211; 9.86 s, Mike Powell (SAD), dalj &#8211; 8.95 m, SAD (Andre Cason, Leroy Burrell, Dennis Mitchell, Carl Lewis), 4 x 100 m &#8211; 37.50 sek.<\/p>\n\n\n\n<p><strong>STUTTGART 1993. (5):<\/strong><\/p>\n\n\n\n<p>&#8211; mu\u0161karci (3): Colin Jackson (VB), 110 m prepone &#8211; 12.91 sek., SAD (Johon Drummond, Andre Cason, Dennis Mitchell, Leroy Burrell 4 x 100 m &#8211; 37.40 sek. (izjedna\u010deno), SAD (Andrew Valmon, Quincy Watts, Harry Butch Reynolds, Michael Johnson), 4 x 400 m &#8211; 2:54.29<\/p>\n\n\n\n<p>&#8211; \u017eene (2): Sally Gunnell (VB), 400 m prepone &#8211; 52.74 sek., Ana Birjukova (Rus) u troskoku &#8211; 15.09 m<\/p>\n\n\n\n<p><strong>GOTHEBORG 1995 (4):<\/strong><\/p>\n\n\n\n<p>&#8211; mu\u0161karci (2): Jonathan Edwards (VB), troskok &#8211; 18.16 m i 18.29 m<\/p>\n\n\n\n<p>&#8211; \u017eene (2): Kim Batten (SAD), 400 m prepone &#8211; 52.61 sek., Inesa Kravec (Ukr), troskok &#8211; 15.50 m<\/p>\n\n\n\n<p><strong>ATENA 1997., bez svjetskog rekorda<\/strong><\/p>\n\n\n\n<p><strong>SEVILLA 1999. (2):<\/strong><\/p>\n\n\n\n<p>&#8211; mu\u0161karci (1): Michael Johnson (SAD), 400 m &#8211; 43.18 sek.<\/p>\n\n\n\n<p>&#8211; \u017eene (1): Stacy Dragila (SAD), motka &#8211; 4.60 m<\/p>\n\n\n\n<p><strong>EDMONTON 2001., bez svjetskog rekorda<\/strong><\/p>\n\n\n\n<p><strong>PARIZ 2003 (2):<\/strong><\/p>\n\n\n\n<p>&#8211; mu\u0161karci (2): Jefferson Perez (Equ), 20 km hodanje &#8211; 1:17:21, Robert Korzeniowski (Pol), 50 km hodanje &#8211; 3:36:03<\/p>\n\n\n\n<p><strong>HELSINKI 2005 (3):<\/strong><\/p>\n\n\n\n<p>&#8211; \u017eene (3): Olimpijada Ivanova (Rus), 20 km hodanje &#8211; 1:25:41, Jelena Isinbajeva (Rusija), motka &#8211; 5.01 m, Osleidys Menendez (Kub), koplje, 71.70 m<\/p>\n\n\n\n<p><strong>OSAKA 2007., bez svjetskog rekorda<\/strong><\/p>\n\n\n\n<p><strong>BERLIN 2009 (3):<\/strong><\/p>\n\n\n\n<p>&#8211; mu\u0161karci (2): Usain Bolt (Jam), 100 m &#8211; 9.58 sek., Usain Bolt (Jam), 200 m &#8211; 19.19 sek.,<\/p>\n\n\n\n<p>&#8211; \u017eene (1): Anita Wlodarczyk (Pol), kladivo &#8211; 77.96 m<\/p>\n\n\n\n<p><strong>DAEGU 2011 (1):<\/strong><\/p>\n\n\n\n<p>&#8211; mu\u0161karci (1): Jamajka (Nesta Carter, Michael Frater, Yohan Blake, Usain Vijak) 4 x 100 m &#8211; 37.04 sek.<\/p>\n\n\n\n<p><strong>MOSKVA 2013., bez svjetskog rekorda<\/strong><\/p>\n\n\n\n<p><strong>PEKING 2015. (1):<\/strong><\/p>\n\n\n\n<p>&#8211; mu\u0161karci (1): Ashton Eaton (SAD), desetoboj, 9.045 bodova,<\/p>\n\n\n\n<p><strong>LONDON 2017. (1):<\/strong><\/p>\n\n\n\n<p>&#8211; \u017eene (1): Ines Henriques (Portugal), 50 kilometara hodanje (4:05:56)<\/p>\n\n\n\n<p><strong>DOHA 2019 (3):<\/strong><\/p>\n\n\n\n<p>&#8211; \u017eene (1): Dalilah Muhammad (SAD), 400 m prepone &#8211; 52.16<\/p>\n\n\n\n<p>&#8211; mje\u0161ovito (2): SAD (Tyrell Richard\/Jessica Beard\/ Jasmine Blocker\/Obi Igbokwe), 4 x 400 m (3:12,42), SAD (Wilbert London\/Allyson Felix\/Courtney Okolo\/Michael Cherry) 4 x 400 m (3:09.34)<\/p>\n\n\n\n<p><strong>EUGENE 2022 (3):<\/strong><\/p>\n\n\n\n<p>&#8211; mu\u0161karci (1): Armand Duplantis (\u0160vedska), skok s motkom &#8211; 6.21 m.<\/p>\n\n\n\n<p>izvor: hrt.hr<\/p>\n","protected":false},"excerpt":{"rendered":"<p>Na dosada\u0161njih 18 svjetskih atletskih prvenstava na otvorenom postavljena su 34 svjetska rekorda, 17 me\u0111u mu\u0161karcima i 15 me\u0111u \u017eenama, te dva u \u0161tafeti 4 x 400 metara mje\u0161ovito. Posljednja tri svjetska rekorda postavljena su u ameri\u010dkom Eugeneu &#8211; doma\u0107a atleti\u010darka&nbsp;Sydney&nbsp;McLaughlin&nbsp;je na 400 m prepone istr\u010dala vrijeme 50.68, Nigerijka&nbsp;Tobi&nbsp;Amusan&nbsp;je na 100 m prepone postavila rezultat [&hellip;]<\/p>\n","protected":false},"author":2,"featured_media":163098,"comment_status":"closed","ping_status":"closed","sticky":false,"template":"","format":"standard","meta":{"h5ap_radio_sources":[],"footnotes":""},"categories":[7],"tags":[],"class_list":["post-163094","post","type-post","status-publish","format-standard","has-post-thumbnail","hentry","category-sport"],"yoast_head":"<!-- This site is optimized with the Yoast SEO plugin v27.5 - https:\/\/yoast.com\/product\/yoast-seo-wordpress\/ -->\n<title>Na atletskim SP-ima 34 svjetska rekorda, tri u Eugeneu - RADIO LJUBU\u0160KI<\/title>\n<meta name=\"robots\" content=\"index, follow, max-snippet:-1, max-image-preview:large, max-video-preview:-1\" \/>\n<link rel=\"canonical\" href=\"https:\/\/radioljubuski.ba\/index.php\/2022\/07\/25\/na-atletskim-sp-ima-34-svjetska-rekorda-tri-u-eugeneu\/\" \/>\n<meta property=\"og:locale\" content=\"hr_HR\" \/>\n<meta property=\"og:type\" content=\"article\" \/>\n<meta property=\"og:title\" content=\"Na atletskim SP-ima 34 svjetska rekorda, tri u Eugeneu - RADIO LJUBU\u0160KI\" \/>\n<meta property=\"og:description\" content=\"Na dosada\u0161njih 18 svjetskih atletskih prvenstava na otvorenom postavljena su 34 svjetska rekorda, 17 me\u0111u mu\u0161karcima i 15 me\u0111u \u017eenama, te dva u \u0161tafeti 4 x 400 metara mje\u0161ovito. Posljednja tri svjetska rekorda postavljena su u ameri\u010dkom Eugeneu &#8211; doma\u0107a atleti\u010darka&nbsp;Sydney&nbsp;McLaughlin&nbsp;je na 400 m prepone istr\u010dala vrijeme 50.68, Nigerijka&nbsp;Tobi&nbsp;Amusan&nbsp;je na 100 m prepone postavila rezultat [&hellip;]\" \/>\n<meta property=\"og:url\" content=\"https:\/\/radioljubuski.ba\/index.php\/2022\/07\/25\/na-atletskim-sp-ima-34-svjetska-rekorda-tri-u-eugeneu\/\" \/>\n<meta property=\"og:site_name\" content=\"RADIO LJUBU\u0160KI\" \/>\n<meta property=\"article:publisher\" content=\"https:\/\/www.facebook.com\/Radiio-Ljubuski-1490835324566332\" \/>\n<meta property=\"article:published_time\" content=\"2022-07-25T09:38:41+00:00\" \/>\n<meta property=\"article:modified_time\" content=\"2022-07-25T09:38:42+00:00\" \/>\n<meta property=\"og:image\" content=\"https:\/\/radioljubuski.ba\/wp-content\/uploads\/2022\/07\/sydney.jpg\" \/>\n\t<meta property=\"og:image:width\" content=\"300\" \/>\n\t<meta property=\"og:image:height\" content=\"168\" \/>\n\t<meta property=\"og:image:type\" content=\"image\/jpeg\" \/>\n<meta name=\"author\" content=\"Radio Ljubu\u0161ki\" \/>\n<meta name=\"twitter:card\" content=\"summary_large_image\" \/>\n<meta name=\"twitter:creator\" content=\"@radioljubuski\" \/>\n<meta name=\"twitter:site\" content=\"@radioljubuski\" \/>\n<meta name=\"twitter:label1\" content=\"Napisao\/la\" \/>\n\t<meta name=\"twitter:data1\" content=\"Radio Ljubu\u0161ki\" \/>\n\t<meta name=\"twitter:label2\" content=\"Procijenjeno vrijeme \u010ditanja\" \/>\n\t<meta name=\"twitter:data2\" content=\"3 minute\" \/>\n<script type=\"application\/ld+json\" class=\"yoast-schema-graph\">{\"@context\":\"https:\\\/\\\/schema.org\",\"@graph\":[{\"@type\":\"Article\",\"@id\":\"https:\\\/\\\/radioljubuski.ba\\\/index.php\\\/2022\\\/07\\\/25\\\/na-atletskim-sp-ima-34-svjetska-rekorda-tri-u-eugeneu\\\/#article\",\"isPartOf\":{\"@id\":\"https:\\\/\\\/radioljubuski.ba\\\/index.php\\\/2022\\\/07\\\/25\\\/na-atletskim-sp-ima-34-svjetska-rekorda-tri-u-eugeneu\\\/\"},\"author\":{\"name\":\"Radio Ljubu\u0161ki\",\"@id\":\"https:\\\/\\\/radioljubuski.ba\\\/#\\\/schema\\\/person\\\/19fc700381a780f69665d7956c469e3b\"},\"headline\":\"Na atletskim SP-ima 34 svjetska rekorda, tri u Eugeneu\",\"datePublished\":\"2022-07-25T09:38:41+00:00\",\"dateModified\":\"2022-07-25T09:38:42+00:00\",\"mainEntityOfPage\":{\"@id\":\"https:\\\/\\\/radioljubuski.ba\\\/index.php\\\/2022\\\/07\\\/25\\\/na-atletskim-sp-ima-34-svjetska-rekorda-tri-u-eugeneu\\\/\"},\"wordCount\":437,\"publisher\":{\"@id\":\"https:\\\/\\\/radioljubuski.ba\\\/#organization\"},\"image\":{\"@id\":\"https:\\\/\\\/radioljubuski.ba\\\/index.php\\\/2022\\\/07\\\/25\\\/na-atletskim-sp-ima-34-svjetska-rekorda-tri-u-eugeneu\\\/#primaryimage\"},\"thumbnailUrl\":\"https:\\\/\\\/radioljubuski.ba\\\/wp-content\\\/uploads\\\/2022\\\/07\\\/sydney.jpg\",\"articleSection\":[\"\u0160port\"],\"inLanguage\":\"hr\"},{\"@type\":\"WebPage\",\"@id\":\"https:\\\/\\\/radioljubuski.ba\\\/index.php\\\/2022\\\/07\\\/25\\\/na-atletskim-sp-ima-34-svjetska-rekorda-tri-u-eugeneu\\\/\",\"url\":\"https:\\\/\\\/radioljubuski.ba\\\/index.php\\\/2022\\\/07\\\/25\\\/na-atletskim-sp-ima-34-svjetska-rekorda-tri-u-eugeneu\\\/\",\"name\":\"Na atletskim SP-ima 34 svjetska rekorda, tri u Eugeneu - RADIO LJUBU\u0160KI\",\"isPartOf\":{\"@id\":\"https:\\\/\\\/radioljubuski.ba\\\/#website\"},\"primaryImageOfPage\":{\"@id\":\"https:\\\/\\\/radioljubuski.ba\\\/index.php\\\/2022\\\/07\\\/25\\\/na-atletskim-sp-ima-34-svjetska-rekorda-tri-u-eugeneu\\\/#primaryimage\"},\"image\":{\"@id\":\"https:\\\/\\\/radioljubuski.ba\\\/index.php\\\/2022\\\/07\\\/25\\\/na-atletskim-sp-ima-34-svjetska-rekorda-tri-u-eugeneu\\\/#primaryimage\"},\"thumbnailUrl\":\"https:\\\/\\\/radioljubuski.ba\\\/wp-content\\\/uploads\\\/2022\\\/07\\\/sydney.jpg\",\"datePublished\":\"2022-07-25T09:38:41+00:00\",\"dateModified\":\"2022-07-25T09:38:42+00:00\",\"breadcrumb\":{\"@id\":\"https:\\\/\\\/radioljubuski.ba\\\/index.php\\\/2022\\\/07\\\/25\\\/na-atletskim-sp-ima-34-svjetska-rekorda-tri-u-eugeneu\\\/#breadcrumb\"},\"inLanguage\":\"hr\",\"potentialAction\":[{\"@type\":\"ReadAction\",\"target\":[\"https:\\\/\\\/radioljubuski.ba\\\/index.php\\\/2022\\\/07\\\/25\\\/na-atletskim-sp-ima-34-svjetska-rekorda-tri-u-eugeneu\\\/\"]}]},{\"@type\":\"ImageObject\",\"inLanguage\":\"hr\",\"@id\":\"https:\\\/\\\/radioljubuski.ba\\\/index.php\\\/2022\\\/07\\\/25\\\/na-atletskim-sp-ima-34-svjetska-rekorda-tri-u-eugeneu\\\/#primaryimage\",\"url\":\"https:\\\/\\\/radioljubuski.ba\\\/wp-content\\\/uploads\\\/2022\\\/07\\\/sydney.jpg\",\"contentUrl\":\"https:\\\/\\\/radioljubuski.ba\\\/wp-content\\\/uploads\\\/2022\\\/07\\\/sydney.jpg\",\"width\":300,\"height\":168},{\"@type\":\"BreadcrumbList\",\"@id\":\"https:\\\/\\\/radioljubuski.ba\\\/index.php\\\/2022\\\/07\\\/25\\\/na-atletskim-sp-ima-34-svjetska-rekorda-tri-u-eugeneu\\\/#breadcrumb\",\"itemListElement\":[{\"@type\":\"ListItem\",\"position\":1,\"name\":\"Po\u010detna stranica\",\"item\":\"https:\\\/\\\/radioljubuski.ba\\\/\"},{\"@type\":\"ListItem\",\"position\":2,\"name\":\"Na atletskim SP-ima 34 svjetska rekorda, tri u Eugeneu\"}]},{\"@type\":\"WebSite\",\"@id\":\"https:\\\/\\\/radioljubuski.ba\\\/#website\",\"url\":\"https:\\\/\\\/radioljubuski.ba\\\/\",\"name\":\"Radio Ljubu\u0161ki\",\"description\":\"Sun\u010dana frekvencija Hercegovine\",\"publisher\":{\"@id\":\"https:\\\/\\\/radioljubuski.ba\\\/#organization\"},\"potentialAction\":[{\"@type\":\"SearchAction\",\"target\":{\"@type\":\"EntryPoint\",\"urlTemplate\":\"https:\\\/\\\/radioljubuski.ba\\\/?s={search_term_string}\"},\"query-input\":{\"@type\":\"PropertyValueSpecification\",\"valueRequired\":true,\"valueName\":\"search_term_string\"}}],\"inLanguage\":\"hr\"},{\"@type\":\"Organization\",\"@id\":\"https:\\\/\\\/radioljubuski.ba\\\/#organization\",\"name\":\"Radio Ljubu\u0161ki\",\"url\":\"https:\\\/\\\/radioljubuski.ba\\\/\",\"logo\":{\"@type\":\"ImageObject\",\"inLanguage\":\"hr\",\"@id\":\"https:\\\/\\\/radioljubuski.ba\\\/#\\\/schema\\\/logo\\\/image\\\/\",\"url\":\"https:\\\/\\\/radioljubuski.ba\\\/wp-content\\\/uploads\\\/2021\\\/02\\\/cropped-Radio_Ljubuski_logo1.jpg\",\"contentUrl\":\"https:\\\/\\\/radioljubuski.ba\\\/wp-content\\\/uploads\\\/2021\\\/02\\\/cropped-Radio_Ljubuski_logo1.jpg\",\"width\":512,\"height\":512,\"caption\":\"Radio Ljubu\u0161ki\"},\"image\":{\"@id\":\"https:\\\/\\\/radioljubuski.ba\\\/#\\\/schema\\\/logo\\\/image\\\/\"},\"sameAs\":[\"https:\\\/\\\/www.facebook.com\\\/Radiio-Ljubuski-1490835324566332\",\"https:\\\/\\\/x.com\\\/radioljubuski\",\"https:\\\/\\\/hr.linkedin.com\\\/company\\\/radio-ljubuski\",\"https:\\\/\\\/www.youtube.com\\\/channel\\\/UCHYaeO_n0Db3tjNGudGpXyw\"]},{\"@type\":\"Person\",\"@id\":\"https:\\\/\\\/radioljubuski.ba\\\/#\\\/schema\\\/person\\\/19fc700381a780f69665d7956c469e3b\",\"name\":\"Radio Ljubu\u0161ki\"}]}<\/script>\n<!-- \/ Yoast SEO plugin. -->","yoast_head_json":{"title":"Na atletskim SP-ima 34 svjetska rekorda, tri u Eugeneu - RADIO LJUBU\u0160KI","robots":{"index":"index","follow":"follow","max-snippet":"max-snippet:-1","max-image-preview":"max-image-preview:large","max-video-preview":"max-video-preview:-1"},"canonical":"https:\/\/radioljubuski.ba\/index.php\/2022\/07\/25\/na-atletskim-sp-ima-34-svjetska-rekorda-tri-u-eugeneu\/","og_locale":"hr_HR","og_type":"article","og_title":"Na atletskim SP-ima 34 svjetska rekorda, tri u Eugeneu - RADIO LJUBU\u0160KI","og_description":"Na dosada\u0161njih 18 svjetskih atletskih prvenstava na otvorenom postavljena su 34 svjetska rekorda, 17 me\u0111u mu\u0161karcima i 15 me\u0111u \u017eenama, te dva u \u0161tafeti 4 x 400 metara mje\u0161ovito. Posljednja tri svjetska rekorda postavljena su u ameri\u010dkom Eugeneu &#8211; doma\u0107a atleti\u010darka&nbsp;Sydney&nbsp;McLaughlin&nbsp;je na 400 m prepone istr\u010dala vrijeme 50.68, Nigerijka&nbsp;Tobi&nbsp;Amusan&nbsp;je na 100 m prepone postavila rezultat [&hellip;]","og_url":"https:\/\/radioljubuski.ba\/index.php\/2022\/07\/25\/na-atletskim-sp-ima-34-svjetska-rekorda-tri-u-eugeneu\/","og_site_name":"RADIO LJUBU\u0160KI","article_publisher":"https:\/\/www.facebook.com\/Radiio-Ljubuski-1490835324566332","article_published_time":"2022-07-25T09:38:41+00:00","article_modified_time":"2022-07-25T09:38:42+00:00","og_image":[{"width":300,"height":168,"url":"https:\/\/radioljubuski.ba\/wp-content\/uploads\/2022\/07\/sydney.jpg","type":"image\/jpeg"}],"author":"Radio Ljubu\u0161ki","twitter_card":"summary_large_image","twitter_creator":"@radioljubuski","twitter_site":"@radioljubuski","twitter_misc":{"Napisao\/la":"Radio Ljubu\u0161ki","Procijenjeno vrijeme \u010ditanja":"3 minute"},"schema":{"@context":"https:\/\/schema.org","@graph":[{"@type":"Article","@id":"https:\/\/radioljubuski.ba\/index.php\/2022\/07\/25\/na-atletskim-sp-ima-34-svjetska-rekorda-tri-u-eugeneu\/#article","isPartOf":{"@id":"https:\/\/radioljubuski.ba\/index.php\/2022\/07\/25\/na-atletskim-sp-ima-34-svjetska-rekorda-tri-u-eugeneu\/"},"author":{"name":"Radio Ljubu\u0161ki","@id":"https:\/\/radioljubuski.ba\/#\/schema\/person\/19fc700381a780f69665d7956c469e3b"},"headline":"Na atletskim SP-ima 34 svjetska rekorda, tri u Eugeneu","datePublished":"2022-07-25T09:38:41+00:00","dateModified":"2022-07-25T09:38:42+00:00","mainEntityOfPage":{"@id":"https:\/\/radioljubuski.ba\/index.php\/2022\/07\/25\/na-atletskim-sp-ima-34-svjetska-rekorda-tri-u-eugeneu\/"},"wordCount":437,"publisher":{"@id":"https:\/\/radioljubuski.ba\/#organization"},"image":{"@id":"https:\/\/radioljubuski.ba\/index.php\/2022\/07\/25\/na-atletskim-sp-ima-34-svjetska-rekorda-tri-u-eugeneu\/#primaryimage"},"thumbnailUrl":"https:\/\/radioljubuski.ba\/wp-content\/uploads\/2022\/07\/sydney.jpg","articleSection":["\u0160port"],"inLanguage":"hr"},{"@type":"WebPage","@id":"https:\/\/radioljubuski.ba\/index.php\/2022\/07\/25\/na-atletskim-sp-ima-34-svjetska-rekorda-tri-u-eugeneu\/","url":"https:\/\/radioljubuski.ba\/index.php\/2022\/07\/25\/na-atletskim-sp-ima-34-svjetska-rekorda-tri-u-eugeneu\/","name":"Na atletskim SP-ima 34 svjetska rekorda, tri u Eugeneu - RADIO LJUBU\u0160KI","isPartOf":{"@id":"https:\/\/radioljubuski.ba\/#website"},"primaryImageOfPage":{"@id":"https:\/\/radioljubuski.ba\/index.php\/2022\/07\/25\/na-atletskim-sp-ima-34-svjetska-rekorda-tri-u-eugeneu\/#primaryimage"},"image":{"@id":"https:\/\/radioljubuski.ba\/index.php\/2022\/07\/25\/na-atletskim-sp-ima-34-svjetska-rekorda-tri-u-eugeneu\/#primaryimage"},"thumbnailUrl":"https:\/\/radioljubuski.ba\/wp-content\/uploads\/2022\/07\/sydney.jpg","datePublished":"2022-07-25T09:38:41+00:00","dateModified":"2022-07-25T09:38:42+00:00","breadcrumb":{"@id":"https:\/\/radioljubuski.ba\/index.php\/2022\/07\/25\/na-atletskim-sp-ima-34-svjetska-rekorda-tri-u-eugeneu\/#breadcrumb"},"inLanguage":"hr","potentialAction":[{"@type":"ReadAction","target":["https:\/\/radioljubuski.ba\/index.php\/2022\/07\/25\/na-atletskim-sp-ima-34-svjetska-rekorda-tri-u-eugeneu\/"]}]},{"@type":"ImageObject","inLanguage":"hr","@id":"https:\/\/radioljubuski.ba\/index.php\/2022\/07\/25\/na-atletskim-sp-ima-34-svjetska-rekorda-tri-u-eugeneu\/#primaryimage","url":"https:\/\/radioljubuski.ba\/wp-content\/uploads\/2022\/07\/sydney.jpg","contentUrl":"https:\/\/radioljubuski.ba\/wp-content\/uploads\/2022\/07\/sydney.jpg","width":300,"height":168},{"@type":"BreadcrumbList","@id":"https:\/\/radioljubuski.ba\/index.php\/2022\/07\/25\/na-atletskim-sp-ima-34-svjetska-rekorda-tri-u-eugeneu\/#breadcrumb","itemListElement":[{"@type":"ListItem","position":1,"name":"Po\u010detna stranica","item":"https:\/\/radioljubuski.ba\/"},{"@type":"ListItem","position":2,"name":"Na atletskim SP-ima 34 svjetska rekorda, tri u Eugeneu"}]},{"@type":"WebSite","@id":"https:\/\/radioljubuski.ba\/#website","url":"https:\/\/radioljubuski.ba\/","name":"Radio Ljubu\u0161ki","description":"Sun\u010dana frekvencija Hercegovine","publisher":{"@id":"https:\/\/radioljubuski.ba\/#organization"},"potentialAction":[{"@type":"SearchAction","target":{"@type":"EntryPoint","urlTemplate":"https:\/\/radioljubuski.ba\/?s={search_term_string}"},"query-input":{"@type":"PropertyValueSpecification","valueRequired":true,"valueName":"search_term_string"}}],"inLanguage":"hr"},{"@type":"Organization","@id":"https:\/\/radioljubuski.ba\/#organization","name":"Radio Ljubu\u0161ki","url":"https:\/\/radioljubuski.ba\/","logo":{"@type":"ImageObject","inLanguage":"hr","@id":"https:\/\/radioljubuski.ba\/#\/schema\/logo\/image\/","url":"https:\/\/radioljubuski.ba\/wp-content\/uploads\/2021\/02\/cropped-Radio_Ljubuski_logo1.jpg","contentUrl":"https:\/\/radioljubuski.ba\/wp-content\/uploads\/2021\/02\/cropped-Radio_Ljubuski_logo1.jpg","width":512,"height":512,"caption":"Radio Ljubu\u0161ki"},"image":{"@id":"https:\/\/radioljubuski.ba\/#\/schema\/logo\/image\/"},"sameAs":["https:\/\/www.facebook.com\/Radiio-Ljubuski-1490835324566332","https:\/\/x.com\/radioljubuski","https:\/\/hr.linkedin.com\/company\/radio-ljubuski","https:\/\/www.youtube.com\/channel\/UCHYaeO_n0Db3tjNGudGpXyw"]},{"@type":"Person","@id":"https:\/\/radioljubuski.ba\/#\/schema\/person\/19fc700381a780f69665d7956c469e3b","name":"Radio Ljubu\u0161ki"}]}},"_links":{"self":[{"href":"https:\/\/radioljubuski.ba\/index.php\/wp-json\/wp\/v2\/posts\/163094","targetHints":{"allow":["GET"]}}],"collection":[{"href":"https:\/\/radioljubuski.ba\/index.php\/wp-json\/wp\/v2\/posts"}],"about":[{"href":"https:\/\/radioljubuski.ba\/index.php\/wp-json\/wp\/v2\/types\/post"}],"author":[{"embeddable":true,"href":"https:\/\/radioljubuski.ba\/index.php\/wp-json\/wp\/v2\/users\/2"}],"replies":[{"embeddable":true,"href":"https:\/\/radioljubuski.ba\/index.php\/wp-json\/wp\/v2\/comments?post=163094"}],"version-history":[{"count":1,"href":"https:\/\/radioljubuski.ba\/index.php\/wp-json\/wp\/v2\/posts\/163094\/revisions"}],"predecessor-version":[{"id":163099,"href":"https:\/\/radioljubuski.ba\/index.php\/wp-json\/wp\/v2\/posts\/163094\/revisions\/163099"}],"wp:featuredmedia":[{"embeddable":true,"href":"https:\/\/radioljubuski.ba\/index.php\/wp-json\/wp\/v2\/media\/163098"}],"wp:attachment":[{"href":"https:\/\/radioljubuski.ba\/index.php\/wp-json\/wp\/v2\/media?parent=163094"}],"wp:term":[{"taxonomy":"category","embeddable":true,"href":"https:\/\/radioljubuski.ba\/index.php\/wp-json\/wp\/v2\/categories?post=163094"},{"taxonomy":"post_tag","embeddable":true,"href":"https:\/\/radioljubuski.ba\/index.php\/wp-json\/wp\/v2\/tags?post=163094"}],"curies":[{"name":"wp","href":"https:\/\/api.w.org\/{rel}","templated":true}]}}