{"id":163096,"date":"2022-07-25T10:38:23","date_gmt":"2022-07-25T09:38:23","guid":{"rendered":"https:\/\/radioljubuski.ba\/?p=163096"},"modified":"2022-07-25T10:38:23","modified_gmt":"2022-07-25T09:38:23","slug":"za-fbih-od-strateskog-je-znacaja-povezati-se-s-hrvatskom-novim-plinovodom","status":"publish","type":"post","link":"https:\/\/radioljubuski.ba\/index.php\/2022\/07\/25\/za-fbih-od-strateskog-je-znacaja-povezati-se-s-hrvatskom-novim-plinovodom\/","title":{"rendered":"Za FBiH od strate\u0161kog je zna\u010daja povezati se s Hrvatskom novim plinovodom"},"content":{"rendered":"\n<p>Poreme\u0107eni lanci opskrbe, kao i rast cijena energenata, ponovno su sa sobom povukli tematiku ja\u010danja energetske neovisnosti Bosne i Hercegovine. I dok se u kontekstu elektri\u010dne energije, a zahvaljuju\u0107i velikim hidropotencijalima, ne o\u010dekuju neki ve\u0107i problemi u kontekstu opskrbe, ova zima svakako \u0107e biti izazovna u kontekstu cijena plina, pi\u0161e Ve\u010dernji list BiH.<\/p>\n\n\n\n<p>No, takav scenarij mo\u017eda se i mogne izbje\u0107i ako se ubrzaju aktivnosti koje Federacija Bosne i Hercegovine provodi ve\u0107 neko vrijeme, a radi se o izgradnji plinovoda preko Hercegovine do sredi\u0161nje Bosne. Ju\u017ena interkonekcija, kako glasi naziv projekta, dobila je podr\u0161ku Europske unije, a sa strate\u0161kog je gledi\u0161ta iznimno va\u017ena za osiguranje energetske diversifikacije izvora opskrbljivanja Federacije BiH. Iako se u realizaciji projekta prili\u010dno odmaknulo, neki od poteza unutar BiH i dalje se \u010dekaju. Pritom treba ukazati na situaciju od prije nekoliko dana kada na sjednici Vije\u0107a ministara BiH nije usvojena to\u010dka dnevnog reda o izgradnji plinovoda &#8220;Ju\u017ena interkonekcija Bosne i Hercegovine i Republike Hrvatske&#8221;.<\/p>\n\n\n\n<p>Niz aktivnosti<\/p>\n\n\n\n<p>No, unato\u010d \u010dinjenici da na dr\u017eavnoj razini stvari ne idu svojim tijekom, Federacija je ipak odlu\u010dna u namjeru realizacije ovoga projekta. Nedavno je izaslanstvo Vlade Federacije Bosne i Hercegovine, predvo\u0111eno premijerom FBiH Fadilom Novali\u0107em, razgovaralo s predstavnicima Europske unije u Bosni i Hercegovini koju su \u010dinili \u0161ef jedinice za BiH i Kosovo pri Europskoj slu\u017ebi za susjedstvo i pregovore o pro\u0161irenju Vassilis Maragos i \u0161ef Izaslanstva EU-a u BiH i posebni predstavnik EU-a u BiH, veleposlanik Johann Sattler. Izme\u0111u ostaloga, na sastanku se razgovaralo o projektu Ju\u017ene interkonekcije, \u0161to je pokazatelj kako EU odr\u017eava razinu zanimanja za realizaciju projekta, a \u0161to i ne \u010dudi s obzirom na problematiku diversifikacije izvora energije koja je ponovno u fokusu. Istodobno, predsjedatelj Doma naroda Parlamenta Federacije BiH Tomislav Martinovi\u0107 tako\u0111er se susreo s izaslanstvom Europske komisije koje je predvodio Vassilis Maragos kao i predstavnicima Izaslanstva EU-a u BiH, a tom prilikom tako\u0111er se govorilo o projektu Ju\u017ene interkonekcije, plinovoda koji \u0107e BiH preko Hrvatske povezati s europskom mre\u017eom plinovoda.<\/p>\n\n\n\n<p>A jo\u0161 krajem pro\u0161le godine Zastupni\u010dki dom Parlamenta Federacije Bosne i Hercegovine prihvatio je prijedlog zakona o plinovodu Ju\u017ena interkonekcija &#8211; Bosna i Hercegovina te Republika Hrvatska. Predlaga\u010d zakona, federalna Vlada, obrazlo\u017eila je tada da je Ju\u017ena interkonekcija klju\u010dna za odr\u017eavanje sigurnosti opskrbljivanja prirodnim plinom na podru\u010dju cijele FBiH, kao i za diversifikaciju izvora te pravaca opskrbe prirodnim plinom. Sve navedeno govori u prilog \u010dinjenici da \u0107e Federacija, neovisno o raspletu na dr\u017eavnoj razini, nastaviti lobirati za \u0161to skoriju realizaciju ovoga kapitalnog projekta koji \u0107e omogu\u0107iti da plin u taj entitet dolazi s LNG-a na otoku Krku. Tehni\u010dki podaci Ju\u017ena interkonekcija plinskih transportnih sustava Hrvatske i Bosne i Hercegovine, na pravcu Zagvozd &#8211; Imotski &#8211; Posu\u0161je &#8211; Tomislavgrad &#8211; Zenica s odvojkom za Mostar, ima strate\u0161ku va\u017enost za sigurnost opskrbe Bosne i Hercegovine jer ona trenuta\u010dno ovisi o samo jednom ulazu u plinski transportni sustav. Projekt osigurava diversifikaciju pravaca i izvora opskrbe (preko LNG terminala na otoku Krku, budu\u0107eg Jonsko-jadranskog plinovoda te ostalih dobavnih pravaca koji idu preko Republike Hrvatske) te daljnju plinofikaciju BiH, a \u0161to \u0107e rezultirati i pove\u0107anjem tranzita prirodnoga plina kroz Republiku Hrvatsku. Hrvatske dionice Ju\u017ene interkonekcije Hrvatska &#8211; Bosna i Hercegovina uklju\u010duju dionicu Dugopolje &#8211; Zagvozd, ukupne duljine 52 km te dionicu Zagvozd &#8211; Imotski &#8211; granica Hrvatske i Bosne i Hercegovine, ukupne duljine 22 km, dok s bosanskohercegova\u010dke strane ukupna duljina trase iznosi 169 km. Navedeni plinovod ulazio bi u BiH na prostoru Posu\u0161ja, a zatim bi se granao na dva pravca &#8211; prvi prema Mostaru, a drugi preko Tomislavgrada, Kupresa i Bugojna do Novog Travnika. Osim \u0161to bi novi plinovod prvi put doveo ovaj vrijedni energent u Hercegovinu, zna\u010dio bi mnogo i za niz lokalnih zajednica na \u0161irem prostoru sredi\u0161nje Bosne. Predvi\u0111eni je kapacitet interkonekcije do 1,5 mlrd. m3 godi\u0161nje. &nbsp;<\/p>\n\n\n\n<p>Izvor:vecernji.ba<\/p>\n","protected":false},"excerpt":{"rendered":"<p>Poreme\u0107eni lanci opskrbe, kao i rast cijena energenata, ponovno su sa sobom povukli tematiku ja\u010danja energetske neovisnosti Bosne i Hercegovine. I dok se u kontekstu elektri\u010dne energije, a zahvaljuju\u0107i velikim hidropotencijalima, ne o\u010dekuju neki ve\u0107i problemi u kontekstu opskrbe, ova zima svakako \u0107e biti izazovna u kontekstu cijena plina, pi\u0161e Ve\u010dernji list BiH. No, takav [&hellip;]<\/p>\n","protected":false},"author":2,"featured_media":7707,"comment_status":"closed","ping_status":"closed","sticky":false,"template":"","format":"standard","meta":{"h5ap_radio_sources":[],"footnotes":""},"categories":[1],"tags":[],"class_list":["post-163096","post","type-post","status-publish","format-standard","has-post-thumbnail","hentry","category-bihiregija"],"yoast_head":"<!-- This site is optimized with the Yoast SEO plugin v27.5 - https:\/\/yoast.com\/product\/yoast-seo-wordpress\/ -->\n<title>Za FBiH od strate\u0161kog je zna\u010daja povezati se s Hrvatskom novim plinovodom - RADIO LJUBU\u0160KI<\/title>\n<meta name=\"robots\" content=\"index, follow, max-snippet:-1, max-image-preview:large, max-video-preview:-1\" \/>\n<link rel=\"canonical\" href=\"https:\/\/radioljubuski.ba\/index.php\/2022\/07\/25\/za-fbih-od-strateskog-je-znacaja-povezati-se-s-hrvatskom-novim-plinovodom\/\" \/>\n<meta property=\"og:locale\" content=\"hr_HR\" \/>\n<meta property=\"og:type\" content=\"article\" \/>\n<meta property=\"og:title\" content=\"Za FBiH od strate\u0161kog je zna\u010daja povezati se s Hrvatskom novim plinovodom - RADIO LJUBU\u0160KI\" \/>\n<meta property=\"og:description\" content=\"Poreme\u0107eni lanci opskrbe, kao i rast cijena energenata, ponovno su sa sobom povukli tematiku ja\u010danja energetske neovisnosti Bosne i Hercegovine. I dok se u kontekstu elektri\u010dne energije, a zahvaljuju\u0107i velikim hidropotencijalima, ne o\u010dekuju neki ve\u0107i problemi u kontekstu opskrbe, ova zima svakako \u0107e biti izazovna u kontekstu cijena plina, pi\u0161e Ve\u010dernji list BiH. No, takav [&hellip;]\" \/>\n<meta property=\"og:url\" content=\"https:\/\/radioljubuski.ba\/index.php\/2022\/07\/25\/za-fbih-od-strateskog-je-znacaja-povezati-se-s-hrvatskom-novim-plinovodom\/\" \/>\n<meta property=\"og:site_name\" content=\"RADIO LJUBU\u0160KI\" \/>\n<meta property=\"article:publisher\" content=\"https:\/\/www.facebook.com\/Radiio-Ljubuski-1490835324566332\" \/>\n<meta property=\"article:published_time\" content=\"2022-07-25T09:38:23+00:00\" \/>\n<meta property=\"og:image\" content=\"https:\/\/radioljubuski.ba\/wp-content\/uploads\/2021\/03\/plinovodposusjetravnik.jpg\" \/>\n\t<meta property=\"og:image:width\" content=\"664\" \/>\n\t<meta property=\"og:image:height\" content=\"372\" \/>\n\t<meta property=\"og:image:type\" content=\"image\/jpeg\" \/>\n<meta name=\"author\" content=\"Radio Ljubu\u0161ki\" \/>\n<meta name=\"twitter:card\" content=\"summary_large_image\" \/>\n<meta name=\"twitter:creator\" content=\"@radioljubuski\" \/>\n<meta name=\"twitter:site\" content=\"@radioljubuski\" \/>\n<meta name=\"twitter:label1\" content=\"Napisao\/la\" \/>\n\t<meta name=\"twitter:data1\" content=\"Radio Ljubu\u0161ki\" \/>\n\t<meta name=\"twitter:label2\" content=\"Procijenjeno vrijeme \u010ditanja\" \/>\n\t<meta name=\"twitter:data2\" content=\"3 minute\" \/>\n<script type=\"application\/ld+json\" class=\"yoast-schema-graph\">{\"@context\":\"https:\\\/\\\/schema.org\",\"@graph\":[{\"@type\":\"Article\",\"@id\":\"https:\\\/\\\/radioljubuski.ba\\\/index.php\\\/2022\\\/07\\\/25\\\/za-fbih-od-strateskog-je-znacaja-povezati-se-s-hrvatskom-novim-plinovodom\\\/#article\",\"isPartOf\":{\"@id\":\"https:\\\/\\\/radioljubuski.ba\\\/index.php\\\/2022\\\/07\\\/25\\\/za-fbih-od-strateskog-je-znacaja-povezati-se-s-hrvatskom-novim-plinovodom\\\/\"},\"author\":{\"name\":\"Radio Ljubu\u0161ki\",\"@id\":\"https:\\\/\\\/radioljubuski.ba\\\/#\\\/schema\\\/person\\\/19fc700381a780f69665d7956c469e3b\"},\"headline\":\"Za FBiH od strate\u0161kog je zna\u010daja povezati se s Hrvatskom novim plinovodom\",\"datePublished\":\"2022-07-25T09:38:23+00:00\",\"mainEntityOfPage\":{\"@id\":\"https:\\\/\\\/radioljubuski.ba\\\/index.php\\\/2022\\\/07\\\/25\\\/za-fbih-od-strateskog-je-znacaja-povezati-se-s-hrvatskom-novim-plinovodom\\\/\"},\"wordCount\":694,\"publisher\":{\"@id\":\"https:\\\/\\\/radioljubuski.ba\\\/#organization\"},\"image\":{\"@id\":\"https:\\\/\\\/radioljubuski.ba\\\/index.php\\\/2022\\\/07\\\/25\\\/za-fbih-od-strateskog-je-znacaja-povezati-se-s-hrvatskom-novim-plinovodom\\\/#primaryimage\"},\"thumbnailUrl\":\"https:\\\/\\\/radioljubuski.ba\\\/wp-content\\\/uploads\\\/2021\\\/03\\\/plinovodposusjetravnik.jpg\",\"articleSection\":[\"BIH i regija\"],\"inLanguage\":\"hr\"},{\"@type\":\"WebPage\",\"@id\":\"https:\\\/\\\/radioljubuski.ba\\\/index.php\\\/2022\\\/07\\\/25\\\/za-fbih-od-strateskog-je-znacaja-povezati-se-s-hrvatskom-novim-plinovodom\\\/\",\"url\":\"https:\\\/\\\/radioljubuski.ba\\\/index.php\\\/2022\\\/07\\\/25\\\/za-fbih-od-strateskog-je-znacaja-povezati-se-s-hrvatskom-novim-plinovodom\\\/\",\"name\":\"Za FBiH od strate\u0161kog je zna\u010daja povezati se s Hrvatskom novim plinovodom - RADIO LJUBU\u0160KI\",\"isPartOf\":{\"@id\":\"https:\\\/\\\/radioljubuski.ba\\\/#website\"},\"primaryImageOfPage\":{\"@id\":\"https:\\\/\\\/radioljubuski.ba\\\/index.php\\\/2022\\\/07\\\/25\\\/za-fbih-od-strateskog-je-znacaja-povezati-se-s-hrvatskom-novim-plinovodom\\\/#primaryimage\"},\"image\":{\"@id\":\"https:\\\/\\\/radioljubuski.ba\\\/index.php\\\/2022\\\/07\\\/25\\\/za-fbih-od-strateskog-je-znacaja-povezati-se-s-hrvatskom-novim-plinovodom\\\/#primaryimage\"},\"thumbnailUrl\":\"https:\\\/\\\/radioljubuski.ba\\\/wp-content\\\/uploads\\\/2021\\\/03\\\/plinovodposusjetravnik.jpg\",\"datePublished\":\"2022-07-25T09:38:23+00:00\",\"breadcrumb\":{\"@id\":\"https:\\\/\\\/radioljubuski.ba\\\/index.php\\\/2022\\\/07\\\/25\\\/za-fbih-od-strateskog-je-znacaja-povezati-se-s-hrvatskom-novim-plinovodom\\\/#breadcrumb\"},\"inLanguage\":\"hr\",\"potentialAction\":[{\"@type\":\"ReadAction\",\"target\":[\"https:\\\/\\\/radioljubuski.ba\\\/index.php\\\/2022\\\/07\\\/25\\\/za-fbih-od-strateskog-je-znacaja-povezati-se-s-hrvatskom-novim-plinovodom\\\/\"]}]},{\"@type\":\"ImageObject\",\"inLanguage\":\"hr\",\"@id\":\"https:\\\/\\\/radioljubuski.ba\\\/index.php\\\/2022\\\/07\\\/25\\\/za-fbih-od-strateskog-je-znacaja-povezati-se-s-hrvatskom-novim-plinovodom\\\/#primaryimage\",\"url\":\"https:\\\/\\\/radioljubuski.ba\\\/wp-content\\\/uploads\\\/2021\\\/03\\\/plinovodposusjetravnik.jpg\",\"contentUrl\":\"https:\\\/\\\/radioljubuski.ba\\\/wp-content\\\/uploads\\\/2021\\\/03\\\/plinovodposusjetravnik.jpg\",\"width\":664,\"height\":372},{\"@type\":\"BreadcrumbList\",\"@id\":\"https:\\\/\\\/radioljubuski.ba\\\/index.php\\\/2022\\\/07\\\/25\\\/za-fbih-od-strateskog-je-znacaja-povezati-se-s-hrvatskom-novim-plinovodom\\\/#breadcrumb\",\"itemListElement\":[{\"@type\":\"ListItem\",\"position\":1,\"name\":\"Po\u010detna stranica\",\"item\":\"https:\\\/\\\/radioljubuski.ba\\\/\"},{\"@type\":\"ListItem\",\"position\":2,\"name\":\"Za FBiH od strate\u0161kog je zna\u010daja povezati se s Hrvatskom novim plinovodom\"}]},{\"@type\":\"WebSite\",\"@id\":\"https:\\\/\\\/radioljubuski.ba\\\/#website\",\"url\":\"https:\\\/\\\/radioljubuski.ba\\\/\",\"name\":\"Radio Ljubu\u0161ki\",\"description\":\"Sun\u010dana frekvencija Hercegovine\",\"publisher\":{\"@id\":\"https:\\\/\\\/radioljubuski.ba\\\/#organization\"},\"potentialAction\":[{\"@type\":\"SearchAction\",\"target\":{\"@type\":\"EntryPoint\",\"urlTemplate\":\"https:\\\/\\\/radioljubuski.ba\\\/?s={search_term_string}\"},\"query-input\":{\"@type\":\"PropertyValueSpecification\",\"valueRequired\":true,\"valueName\":\"search_term_string\"}}],\"inLanguage\":\"hr\"},{\"@type\":\"Organization\",\"@id\":\"https:\\\/\\\/radioljubuski.ba\\\/#organization\",\"name\":\"Radio Ljubu\u0161ki\",\"url\":\"https:\\\/\\\/radioljubuski.ba\\\/\",\"logo\":{\"@type\":\"ImageObject\",\"inLanguage\":\"hr\",\"@id\":\"https:\\\/\\\/radioljubuski.ba\\\/#\\\/schema\\\/logo\\\/image\\\/\",\"url\":\"https:\\\/\\\/radioljubuski.ba\\\/wp-content\\\/uploads\\\/2021\\\/02\\\/cropped-Radio_Ljubuski_logo1.jpg\",\"contentUrl\":\"https:\\\/\\\/radioljubuski.ba\\\/wp-content\\\/uploads\\\/2021\\\/02\\\/cropped-Radio_Ljubuski_logo1.jpg\",\"width\":512,\"height\":512,\"caption\":\"Radio Ljubu\u0161ki\"},\"image\":{\"@id\":\"https:\\\/\\\/radioljubuski.ba\\\/#\\\/schema\\\/logo\\\/image\\\/\"},\"sameAs\":[\"https:\\\/\\\/www.facebook.com\\\/Radiio-Ljubuski-1490835324566332\",\"https:\\\/\\\/x.com\\\/radioljubuski\",\"https:\\\/\\\/hr.linkedin.com\\\/company\\\/radio-ljubuski\",\"https:\\\/\\\/www.youtube.com\\\/channel\\\/UCHYaeO_n0Db3tjNGudGpXyw\"]},{\"@type\":\"Person\",\"@id\":\"https:\\\/\\\/radioljubuski.ba\\\/#\\\/schema\\\/person\\\/19fc700381a780f69665d7956c469e3b\",\"name\":\"Radio Ljubu\u0161ki\"}]}<\/script>\n<!-- \/ Yoast SEO plugin. -->","yoast_head_json":{"title":"Za FBiH od strate\u0161kog je zna\u010daja povezati se s Hrvatskom novim plinovodom - RADIO LJUBU\u0160KI","robots":{"index":"index","follow":"follow","max-snippet":"max-snippet:-1","max-image-preview":"max-image-preview:large","max-video-preview":"max-video-preview:-1"},"canonical":"https:\/\/radioljubuski.ba\/index.php\/2022\/07\/25\/za-fbih-od-strateskog-je-znacaja-povezati-se-s-hrvatskom-novim-plinovodom\/","og_locale":"hr_HR","og_type":"article","og_title":"Za FBiH od strate\u0161kog je zna\u010daja povezati se s Hrvatskom novim plinovodom - RADIO LJUBU\u0160KI","og_description":"Poreme\u0107eni lanci opskrbe, kao i rast cijena energenata, ponovno su sa sobom povukli tematiku ja\u010danja energetske neovisnosti Bosne i Hercegovine. I dok se u kontekstu elektri\u010dne energije, a zahvaljuju\u0107i velikim hidropotencijalima, ne o\u010dekuju neki ve\u0107i problemi u kontekstu opskrbe, ova zima svakako \u0107e biti izazovna u kontekstu cijena plina, pi\u0161e Ve\u010dernji list BiH. No, takav [&hellip;]","og_url":"https:\/\/radioljubuski.ba\/index.php\/2022\/07\/25\/za-fbih-od-strateskog-je-znacaja-povezati-se-s-hrvatskom-novim-plinovodom\/","og_site_name":"RADIO LJUBU\u0160KI","article_publisher":"https:\/\/www.facebook.com\/Radiio-Ljubuski-1490835324566332","article_published_time":"2022-07-25T09:38:23+00:00","og_image":[{"width":664,"height":372,"url":"https:\/\/radioljubuski.ba\/wp-content\/uploads\/2021\/03\/plinovodposusjetravnik.jpg","type":"image\/jpeg"}],"author":"Radio Ljubu\u0161ki","twitter_card":"summary_large_image","twitter_creator":"@radioljubuski","twitter_site":"@radioljubuski","twitter_misc":{"Napisao\/la":"Radio Ljubu\u0161ki","Procijenjeno vrijeme \u010ditanja":"3 minute"},"schema":{"@context":"https:\/\/schema.org","@graph":[{"@type":"Article","@id":"https:\/\/radioljubuski.ba\/index.php\/2022\/07\/25\/za-fbih-od-strateskog-je-znacaja-povezati-se-s-hrvatskom-novim-plinovodom\/#article","isPartOf":{"@id":"https:\/\/radioljubuski.ba\/index.php\/2022\/07\/25\/za-fbih-od-strateskog-je-znacaja-povezati-se-s-hrvatskom-novim-plinovodom\/"},"author":{"name":"Radio Ljubu\u0161ki","@id":"https:\/\/radioljubuski.ba\/#\/schema\/person\/19fc700381a780f69665d7956c469e3b"},"headline":"Za FBiH od strate\u0161kog je zna\u010daja povezati se s Hrvatskom novim plinovodom","datePublished":"2022-07-25T09:38:23+00:00","mainEntityOfPage":{"@id":"https:\/\/radioljubuski.ba\/index.php\/2022\/07\/25\/za-fbih-od-strateskog-je-znacaja-povezati-se-s-hrvatskom-novim-plinovodom\/"},"wordCount":694,"publisher":{"@id":"https:\/\/radioljubuski.ba\/#organization"},"image":{"@id":"https:\/\/radioljubuski.ba\/index.php\/2022\/07\/25\/za-fbih-od-strateskog-je-znacaja-povezati-se-s-hrvatskom-novim-plinovodom\/#primaryimage"},"thumbnailUrl":"https:\/\/radioljubuski.ba\/wp-content\/uploads\/2021\/03\/plinovodposusjetravnik.jpg","articleSection":["BIH i regija"],"inLanguage":"hr"},{"@type":"WebPage","@id":"https:\/\/radioljubuski.ba\/index.php\/2022\/07\/25\/za-fbih-od-strateskog-je-znacaja-povezati-se-s-hrvatskom-novim-plinovodom\/","url":"https:\/\/radioljubuski.ba\/index.php\/2022\/07\/25\/za-fbih-od-strateskog-je-znacaja-povezati-se-s-hrvatskom-novim-plinovodom\/","name":"Za FBiH od strate\u0161kog je zna\u010daja povezati se s Hrvatskom novim plinovodom - RADIO LJUBU\u0160KI","isPartOf":{"@id":"https:\/\/radioljubuski.ba\/#website"},"primaryImageOfPage":{"@id":"https:\/\/radioljubuski.ba\/index.php\/2022\/07\/25\/za-fbih-od-strateskog-je-znacaja-povezati-se-s-hrvatskom-novim-plinovodom\/#primaryimage"},"image":{"@id":"https:\/\/radioljubuski.ba\/index.php\/2022\/07\/25\/za-fbih-od-strateskog-je-znacaja-povezati-se-s-hrvatskom-novim-plinovodom\/#primaryimage"},"thumbnailUrl":"https:\/\/radioljubuski.ba\/wp-content\/uploads\/2021\/03\/plinovodposusjetravnik.jpg","datePublished":"2022-07-25T09:38:23+00:00","breadcrumb":{"@id":"https:\/\/radioljubuski.ba\/index.php\/2022\/07\/25\/za-fbih-od-strateskog-je-znacaja-povezati-se-s-hrvatskom-novim-plinovodom\/#breadcrumb"},"inLanguage":"hr","potentialAction":[{"@type":"ReadAction","target":["https:\/\/radioljubuski.ba\/index.php\/2022\/07\/25\/za-fbih-od-strateskog-je-znacaja-povezati-se-s-hrvatskom-novim-plinovodom\/"]}]},{"@type":"ImageObject","inLanguage":"hr","@id":"https:\/\/radioljubuski.ba\/index.php\/2022\/07\/25\/za-fbih-od-strateskog-je-znacaja-povezati-se-s-hrvatskom-novim-plinovodom\/#primaryimage","url":"https:\/\/radioljubuski.ba\/wp-content\/uploads\/2021\/03\/plinovodposusjetravnik.jpg","contentUrl":"https:\/\/radioljubuski.ba\/wp-content\/uploads\/2021\/03\/plinovodposusjetravnik.jpg","width":664,"height":372},{"@type":"BreadcrumbList","@id":"https:\/\/radioljubuski.ba\/index.php\/2022\/07\/25\/za-fbih-od-strateskog-je-znacaja-povezati-se-s-hrvatskom-novim-plinovodom\/#breadcrumb","itemListElement":[{"@type":"ListItem","position":1,"name":"Po\u010detna stranica","item":"https:\/\/radioljubuski.ba\/"},{"@type":"ListItem","position":2,"name":"Za FBiH od strate\u0161kog je zna\u010daja povezati se s Hrvatskom novim plinovodom"}]},{"@type":"WebSite","@id":"https:\/\/radioljubuski.ba\/#website","url":"https:\/\/radioljubuski.ba\/","name":"Radio Ljubu\u0161ki","description":"Sun\u010dana frekvencija Hercegovine","publisher":{"@id":"https:\/\/radioljubuski.ba\/#organization"},"potentialAction":[{"@type":"SearchAction","target":{"@type":"EntryPoint","urlTemplate":"https:\/\/radioljubuski.ba\/?s={search_term_string}"},"query-input":{"@type":"PropertyValueSpecification","valueRequired":true,"valueName":"search_term_string"}}],"inLanguage":"hr"},{"@type":"Organization","@id":"https:\/\/radioljubuski.ba\/#organization","name":"Radio Ljubu\u0161ki","url":"https:\/\/radioljubuski.ba\/","logo":{"@type":"ImageObject","inLanguage":"hr","@id":"https:\/\/radioljubuski.ba\/#\/schema\/logo\/image\/","url":"https:\/\/radioljubuski.ba\/wp-content\/uploads\/2021\/02\/cropped-Radio_Ljubuski_logo1.jpg","contentUrl":"https:\/\/radioljubuski.ba\/wp-content\/uploads\/2021\/02\/cropped-Radio_Ljubuski_logo1.jpg","width":512,"height":512,"caption":"Radio Ljubu\u0161ki"},"image":{"@id":"https:\/\/radioljubuski.ba\/#\/schema\/logo\/image\/"},"sameAs":["https:\/\/www.facebook.com\/Radiio-Ljubuski-1490835324566332","https:\/\/x.com\/radioljubuski","https:\/\/hr.linkedin.com\/company\/radio-ljubuski","https:\/\/www.youtube.com\/channel\/UCHYaeO_n0Db3tjNGudGpXyw"]},{"@type":"Person","@id":"https:\/\/radioljubuski.ba\/#\/schema\/person\/19fc700381a780f69665d7956c469e3b","name":"Radio Ljubu\u0161ki"}]}},"_links":{"self":[{"href":"https:\/\/radioljubuski.ba\/index.php\/wp-json\/wp\/v2\/posts\/163096","targetHints":{"allow":["GET"]}}],"collection":[{"href":"https:\/\/radioljubuski.ba\/index.php\/wp-json\/wp\/v2\/posts"}],"about":[{"href":"https:\/\/radioljubuski.ba\/index.php\/wp-json\/wp\/v2\/types\/post"}],"author":[{"embeddable":true,"href":"https:\/\/radioljubuski.ba\/index.php\/wp-json\/wp\/v2\/users\/2"}],"replies":[{"embeddable":true,"href":"https:\/\/radioljubuski.ba\/index.php\/wp-json\/wp\/v2\/comments?post=163096"}],"version-history":[{"count":1,"href":"https:\/\/radioljubuski.ba\/index.php\/wp-json\/wp\/v2\/posts\/163096\/revisions"}],"predecessor-version":[{"id":163097,"href":"https:\/\/radioljubuski.ba\/index.php\/wp-json\/wp\/v2\/posts\/163096\/revisions\/163097"}],"wp:featuredmedia":[{"embeddable":true,"href":"https:\/\/radioljubuski.ba\/index.php\/wp-json\/wp\/v2\/media\/7707"}],"wp:attachment":[{"href":"https:\/\/radioljubuski.ba\/index.php\/wp-json\/wp\/v2\/media?parent=163096"}],"wp:term":[{"taxonomy":"category","embeddable":true,"href":"https:\/\/radioljubuski.ba\/index.php\/wp-json\/wp\/v2\/categories?post=163096"},{"taxonomy":"post_tag","embeddable":true,"href":"https:\/\/radioljubuski.ba\/index.php\/wp-json\/wp\/v2\/tags?post=163096"}],"curies":[{"name":"wp","href":"https:\/\/api.w.org\/{rel}","templated":true}]}}