{"id":163100,"date":"2022-07-25T10:40:24","date_gmt":"2022-07-25T09:40:24","guid":{"rendered":"https:\/\/radioljubuski.ba\/?p=163100"},"modified":"2022-07-25T10:40:24","modified_gmt":"2022-07-25T09:40:24","slug":"donacija-vjernika-vrhbosanske-nadbiskupije-za-obnovu-crkve-u-guscu","status":"publish","type":"post","link":"https:\/\/radioljubuski.ba\/index.php\/2022\/07\/25\/donacija-vjernika-vrhbosanske-nadbiskupije-za-obnovu-crkve-u-guscu\/","title":{"rendered":"Donacija vjernika Vrhbosanske nadbiskupije za obnovu crkve u Gu\u0161\u0107u"},"content":{"rendered":"\n<p>Vrhbosanski nadbiskup Tomo Vuk\u0161i\u0107 posjetio je u nedjelju sisa\u010dku \u017eupu Gu\u0161\u0107e povodom donacije drvene gra\u0111e iz \u017eupa Livno i \u0160uica za sanaciju krovi\u0161ta \u017eupne crkve Sv. Nikole stradale u potresu u prosincu 2020.godine.<\/p>\n\n\n\n<p>Donaciju su prikupile tvrtke s podru\u010dja vrhbosanske nadbiskupije, a tom je prigodom nadbiskup Vuk\u0161i\u0107 predvodio misno slavlje u \u017eupnoj crkvi, zajedno s doma\u0107inom biskupom Vladom Ko\u0161i\u0107em, \u017eupnikom Ivanom \u0106ori\u0107em, biskupskim vikarom Markom Cviku\u0161i\u0107em i \u017eupnim vikarom \u017eupe Kupres Jadrankom Kurtom. Uz okupljene vjernike slavlju su nazo\u010dili i predstavnici donatora \u017eupa Livno i \u0160uica Dario Hrnjka\u0161 i Ivan Katanovi\u0107.<\/p>\n\n\n\n<p>Crkva u Gu\u0161\u0107u nosi ime svetog Nikole, sveca koji je bogat darovima, poru\u010dio je vrhbosanski nadbiskup i apostolski administrator Vojnog ordinarijata u BiH Tomo Vuk\u0161i\u0107,<\/p>\n\n\n\n<p>&#8221;U vlastitom je \u017eivotu sveti Nikola vrlo \u010desto priskakao onima koji su u potrebi. Danas se doga\u0111a obratna situacija. Danas je sveti Nikola, ovdje u Gu\u0161\u0107u, onaj koji je u potrebi. Na\u0161li su se ljudi koji su se potrudili kako u okviru svojih mogu\u0107nosti, odvajaju\u0107i vlastita sredstva prisko\u010diti u pomo\u0107 njegovoj crkvi&#8221;, kazao je Vuk\u0161i\u0107 na misnom slavlju.<\/p>\n\n\n\n<p>Biskup Ko\u0161i\u0107 zahvalio je na po\u010detku mise svima koji su ostvarili spomenutu donaciju te je podsjetio kako je Vrhbosanska nadbiskupija me\u0111u prvima pomogla stradaloj Sisa\u010dkoj biskupiji, kada su 17. sije\u010dnja 2021. godine pomo\u0107 donijeli kardinal Vinko Pulji\u0107 i nadbiskup Vuk\u0161i\u0107.<\/p>\n\n\n\n<p>Nadbiskupu i svim dobro\u010diniteljima zahvalio je i \u017eupnik \u0106ori\u0107 istaknuv\u0161i kako je ovo najbolji primjer da se dobro dobrim uvijek vra\u0107a.<\/p>\n\n\n\n<p>&#8221;Prije nekoliko mjeseci ova mala \u017eupna zajednica pripremala je uskrsne obroke za vi\u0161e od 600 izbjeglih Ukrajinaca, a ve\u0107 danas netko drugi njima poma\u017ee u sanaciji \u0161tete od potresa&#8221;, istaknuo je \u010cori\u0107.<\/p>\n\n\n\n<p>Izvor:pogled.ba<\/p>\n","protected":false},"excerpt":{"rendered":"<p>Vrhbosanski nadbiskup Tomo Vuk\u0161i\u0107 posjetio je u nedjelju sisa\u010dku \u017eupu Gu\u0161\u0107e povodom donacije drvene gra\u0111e iz \u017eupa Livno i \u0160uica za sanaciju krovi\u0161ta \u017eupne crkve Sv. Nikole stradale u potresu u prosincu 2020.godine. Donaciju su prikupile tvrtke s podru\u010dja vrhbosanske nadbiskupije, a tom je prigodom nadbiskup Vuk\u0161i\u0107 predvodio misno slavlje u \u017eupnoj crkvi, zajedno s [&hellip;]<\/p>\n","protected":false},"author":2,"featured_media":163101,"comment_status":"closed","ping_status":"closed","sticky":false,"template":"","format":"standard","meta":{"h5ap_radio_sources":[],"footnotes":""},"categories":[1],"tags":[],"class_list":["post-163100","post","type-post","status-publish","format-standard","has-post-thumbnail","hentry","category-bihiregija"],"yoast_head":"<!-- This site is optimized with the Yoast SEO plugin v27.5 - https:\/\/yoast.com\/product\/yoast-seo-wordpress\/ -->\n<title>Donacija vjernika Vrhbosanske nadbiskupije za obnovu crkve u Gu\u0161\u0107u - RADIO LJUBU\u0160KI<\/title>\n<meta name=\"robots\" content=\"index, follow, max-snippet:-1, max-image-preview:large, max-video-preview:-1\" \/>\n<link rel=\"canonical\" href=\"https:\/\/radioljubuski.ba\/index.php\/2022\/07\/25\/donacija-vjernika-vrhbosanske-nadbiskupije-za-obnovu-crkve-u-guscu\/\" \/>\n<meta property=\"og:locale\" content=\"hr_HR\" \/>\n<meta property=\"og:type\" content=\"article\" \/>\n<meta property=\"og:title\" content=\"Donacija vjernika Vrhbosanske nadbiskupije za obnovu crkve u Gu\u0161\u0107u - RADIO LJUBU\u0160KI\" \/>\n<meta property=\"og:description\" content=\"Vrhbosanski nadbiskup Tomo Vuk\u0161i\u0107 posjetio je u nedjelju sisa\u010dku \u017eupu Gu\u0161\u0107e povodom donacije drvene gra\u0111e iz \u017eupa Livno i \u0160uica za sanaciju krovi\u0161ta \u017eupne crkve Sv. Nikole stradale u potresu u prosincu 2020.godine. Donaciju su prikupile tvrtke s podru\u010dja vrhbosanske nadbiskupije, a tom je prigodom nadbiskup Vuk\u0161i\u0107 predvodio misno slavlje u \u017eupnoj crkvi, zajedno s [&hellip;]\" \/>\n<meta property=\"og:url\" content=\"https:\/\/radioljubuski.ba\/index.php\/2022\/07\/25\/donacija-vjernika-vrhbosanske-nadbiskupije-za-obnovu-crkve-u-guscu\/\" \/>\n<meta property=\"og:site_name\" content=\"RADIO LJUBU\u0160KI\" \/>\n<meta property=\"article:publisher\" content=\"https:\/\/www.facebook.com\/Radiio-Ljubuski-1490835324566332\" \/>\n<meta property=\"article:published_time\" content=\"2022-07-25T09:40:24+00:00\" \/>\n<meta property=\"og:image\" content=\"https:\/\/radioljubuski.ba\/wp-content\/uploads\/2022\/07\/3-2022-07-24-23-38-40-phpThumb_cache_nedjelja.ba__srca48b1fdf285cd5b244713ca4132a3d10_par237e4a9ca0b8b807a10bf3329368f378_dat1658693101.jpeg\" \/>\n\t<meta property=\"og:image:width\" content=\"1000\" \/>\n\t<meta property=\"og:image:height\" content=\"625\" \/>\n\t<meta property=\"og:image:type\" content=\"image\/jpeg\" \/>\n<meta name=\"author\" content=\"Radio Ljubu\u0161ki\" \/>\n<meta name=\"twitter:card\" content=\"summary_large_image\" \/>\n<meta name=\"twitter:creator\" content=\"@radioljubuski\" \/>\n<meta name=\"twitter:site\" content=\"@radioljubuski\" \/>\n<meta name=\"twitter:label1\" content=\"Napisao\/la\" \/>\n\t<meta name=\"twitter:data1\" content=\"Radio Ljubu\u0161ki\" \/>\n\t<meta name=\"twitter:label2\" content=\"Procijenjeno vrijeme \u010ditanja\" \/>\n\t<meta name=\"twitter:data2\" content=\"2 minute\" \/>\n<script type=\"application\/ld+json\" class=\"yoast-schema-graph\">{\"@context\":\"https:\\\/\\\/schema.org\",\"@graph\":[{\"@type\":\"Article\",\"@id\":\"https:\\\/\\\/radioljubuski.ba\\\/index.php\\\/2022\\\/07\\\/25\\\/donacija-vjernika-vrhbosanske-nadbiskupije-za-obnovu-crkve-u-guscu\\\/#article\",\"isPartOf\":{\"@id\":\"https:\\\/\\\/radioljubuski.ba\\\/index.php\\\/2022\\\/07\\\/25\\\/donacija-vjernika-vrhbosanske-nadbiskupije-za-obnovu-crkve-u-guscu\\\/\"},\"author\":{\"name\":\"Radio Ljubu\u0161ki\",\"@id\":\"https:\\\/\\\/radioljubuski.ba\\\/#\\\/schema\\\/person\\\/19fc700381a780f69665d7956c469e3b\"},\"headline\":\"Donacija vjernika Vrhbosanske nadbiskupije za obnovu crkve u Gu\u0161\u0107u\",\"datePublished\":\"2022-07-25T09:40:24+00:00\",\"mainEntityOfPage\":{\"@id\":\"https:\\\/\\\/radioljubuski.ba\\\/index.php\\\/2022\\\/07\\\/25\\\/donacija-vjernika-vrhbosanske-nadbiskupije-za-obnovu-crkve-u-guscu\\\/\"},\"wordCount\":312,\"publisher\":{\"@id\":\"https:\\\/\\\/radioljubuski.ba\\\/#organization\"},\"image\":{\"@id\":\"https:\\\/\\\/radioljubuski.ba\\\/index.php\\\/2022\\\/07\\\/25\\\/donacija-vjernika-vrhbosanske-nadbiskupije-za-obnovu-crkve-u-guscu\\\/#primaryimage\"},\"thumbnailUrl\":\"https:\\\/\\\/radioljubuski.ba\\\/wp-content\\\/uploads\\\/2022\\\/07\\\/3-2022-07-24-23-38-40-phpThumb_cache_nedjelja.ba__srca48b1fdf285cd5b244713ca4132a3d10_par237e4a9ca0b8b807a10bf3329368f378_dat1658693101.jpeg\",\"articleSection\":[\"BIH i regija\"],\"inLanguage\":\"hr\"},{\"@type\":\"WebPage\",\"@id\":\"https:\\\/\\\/radioljubuski.ba\\\/index.php\\\/2022\\\/07\\\/25\\\/donacija-vjernika-vrhbosanske-nadbiskupije-za-obnovu-crkve-u-guscu\\\/\",\"url\":\"https:\\\/\\\/radioljubuski.ba\\\/index.php\\\/2022\\\/07\\\/25\\\/donacija-vjernika-vrhbosanske-nadbiskupije-za-obnovu-crkve-u-guscu\\\/\",\"name\":\"Donacija vjernika Vrhbosanske nadbiskupije za obnovu crkve u Gu\u0161\u0107u - RADIO LJUBU\u0160KI\",\"isPartOf\":{\"@id\":\"https:\\\/\\\/radioljubuski.ba\\\/#website\"},\"primaryImageOfPage\":{\"@id\":\"https:\\\/\\\/radioljubuski.ba\\\/index.php\\\/2022\\\/07\\\/25\\\/donacija-vjernika-vrhbosanske-nadbiskupije-za-obnovu-crkve-u-guscu\\\/#primaryimage\"},\"image\":{\"@id\":\"https:\\\/\\\/radioljubuski.ba\\\/index.php\\\/2022\\\/07\\\/25\\\/donacija-vjernika-vrhbosanske-nadbiskupije-za-obnovu-crkve-u-guscu\\\/#primaryimage\"},\"thumbnailUrl\":\"https:\\\/\\\/radioljubuski.ba\\\/wp-content\\\/uploads\\\/2022\\\/07\\\/3-2022-07-24-23-38-40-phpThumb_cache_nedjelja.ba__srca48b1fdf285cd5b244713ca4132a3d10_par237e4a9ca0b8b807a10bf3329368f378_dat1658693101.jpeg\",\"datePublished\":\"2022-07-25T09:40:24+00:00\",\"breadcrumb\":{\"@id\":\"https:\\\/\\\/radioljubuski.ba\\\/index.php\\\/2022\\\/07\\\/25\\\/donacija-vjernika-vrhbosanske-nadbiskupije-za-obnovu-crkve-u-guscu\\\/#breadcrumb\"},\"inLanguage\":\"hr\",\"potentialAction\":[{\"@type\":\"ReadAction\",\"target\":[\"https:\\\/\\\/radioljubuski.ba\\\/index.php\\\/2022\\\/07\\\/25\\\/donacija-vjernika-vrhbosanske-nadbiskupije-za-obnovu-crkve-u-guscu\\\/\"]}]},{\"@type\":\"ImageObject\",\"inLanguage\":\"hr\",\"@id\":\"https:\\\/\\\/radioljubuski.ba\\\/index.php\\\/2022\\\/07\\\/25\\\/donacija-vjernika-vrhbosanske-nadbiskupije-za-obnovu-crkve-u-guscu\\\/#primaryimage\",\"url\":\"https:\\\/\\\/radioljubuski.ba\\\/wp-content\\\/uploads\\\/2022\\\/07\\\/3-2022-07-24-23-38-40-phpThumb_cache_nedjelja.ba__srca48b1fdf285cd5b244713ca4132a3d10_par237e4a9ca0b8b807a10bf3329368f378_dat1658693101.jpeg\",\"contentUrl\":\"https:\\\/\\\/radioljubuski.ba\\\/wp-content\\\/uploads\\\/2022\\\/07\\\/3-2022-07-24-23-38-40-phpThumb_cache_nedjelja.ba__srca48b1fdf285cd5b244713ca4132a3d10_par237e4a9ca0b8b807a10bf3329368f378_dat1658693101.jpeg\",\"width\":1000,\"height\":625},{\"@type\":\"BreadcrumbList\",\"@id\":\"https:\\\/\\\/radioljubuski.ba\\\/index.php\\\/2022\\\/07\\\/25\\\/donacija-vjernika-vrhbosanske-nadbiskupije-za-obnovu-crkve-u-guscu\\\/#breadcrumb\",\"itemListElement\":[{\"@type\":\"ListItem\",\"position\":1,\"name\":\"Po\u010detna stranica\",\"item\":\"https:\\\/\\\/radioljubuski.ba\\\/\"},{\"@type\":\"ListItem\",\"position\":2,\"name\":\"Donacija vjernika Vrhbosanske nadbiskupije za obnovu crkve u Gu\u0161\u0107u\"}]},{\"@type\":\"WebSite\",\"@id\":\"https:\\\/\\\/radioljubuski.ba\\\/#website\",\"url\":\"https:\\\/\\\/radioljubuski.ba\\\/\",\"name\":\"Radio Ljubu\u0161ki\",\"description\":\"Sun\u010dana frekvencija Hercegovine\",\"publisher\":{\"@id\":\"https:\\\/\\\/radioljubuski.ba\\\/#organization\"},\"potentialAction\":[{\"@type\":\"SearchAction\",\"target\":{\"@type\":\"EntryPoint\",\"urlTemplate\":\"https:\\\/\\\/radioljubuski.ba\\\/?s={search_term_string}\"},\"query-input\":{\"@type\":\"PropertyValueSpecification\",\"valueRequired\":true,\"valueName\":\"search_term_string\"}}],\"inLanguage\":\"hr\"},{\"@type\":\"Organization\",\"@id\":\"https:\\\/\\\/radioljubuski.ba\\\/#organization\",\"name\":\"Radio Ljubu\u0161ki\",\"url\":\"https:\\\/\\\/radioljubuski.ba\\\/\",\"logo\":{\"@type\":\"ImageObject\",\"inLanguage\":\"hr\",\"@id\":\"https:\\\/\\\/radioljubuski.ba\\\/#\\\/schema\\\/logo\\\/image\\\/\",\"url\":\"https:\\\/\\\/radioljubuski.ba\\\/wp-content\\\/uploads\\\/2021\\\/02\\\/cropped-Radio_Ljubuski_logo1.jpg\",\"contentUrl\":\"https:\\\/\\\/radioljubuski.ba\\\/wp-content\\\/uploads\\\/2021\\\/02\\\/cropped-Radio_Ljubuski_logo1.jpg\",\"width\":512,\"height\":512,\"caption\":\"Radio Ljubu\u0161ki\"},\"image\":{\"@id\":\"https:\\\/\\\/radioljubuski.ba\\\/#\\\/schema\\\/logo\\\/image\\\/\"},\"sameAs\":[\"https:\\\/\\\/www.facebook.com\\\/Radiio-Ljubuski-1490835324566332\",\"https:\\\/\\\/x.com\\\/radioljubuski\",\"https:\\\/\\\/hr.linkedin.com\\\/company\\\/radio-ljubuski\",\"https:\\\/\\\/www.youtube.com\\\/channel\\\/UCHYaeO_n0Db3tjNGudGpXyw\"]},{\"@type\":\"Person\",\"@id\":\"https:\\\/\\\/radioljubuski.ba\\\/#\\\/schema\\\/person\\\/19fc700381a780f69665d7956c469e3b\",\"name\":\"Radio Ljubu\u0161ki\"}]}<\/script>\n<!-- \/ Yoast SEO plugin. -->","yoast_head_json":{"title":"Donacija vjernika Vrhbosanske nadbiskupije za obnovu crkve u Gu\u0161\u0107u - RADIO LJUBU\u0160KI","robots":{"index":"index","follow":"follow","max-snippet":"max-snippet:-1","max-image-preview":"max-image-preview:large","max-video-preview":"max-video-preview:-1"},"canonical":"https:\/\/radioljubuski.ba\/index.php\/2022\/07\/25\/donacija-vjernika-vrhbosanske-nadbiskupije-za-obnovu-crkve-u-guscu\/","og_locale":"hr_HR","og_type":"article","og_title":"Donacija vjernika Vrhbosanske nadbiskupije za obnovu crkve u Gu\u0161\u0107u - RADIO LJUBU\u0160KI","og_description":"Vrhbosanski nadbiskup Tomo Vuk\u0161i\u0107 posjetio je u nedjelju sisa\u010dku \u017eupu Gu\u0161\u0107e povodom donacije drvene gra\u0111e iz \u017eupa Livno i \u0160uica za sanaciju krovi\u0161ta \u017eupne crkve Sv. Nikole stradale u potresu u prosincu 2020.godine. Donaciju su prikupile tvrtke s podru\u010dja vrhbosanske nadbiskupije, a tom je prigodom nadbiskup Vuk\u0161i\u0107 predvodio misno slavlje u \u017eupnoj crkvi, zajedno s [&hellip;]","og_url":"https:\/\/radioljubuski.ba\/index.php\/2022\/07\/25\/donacija-vjernika-vrhbosanske-nadbiskupije-za-obnovu-crkve-u-guscu\/","og_site_name":"RADIO LJUBU\u0160KI","article_publisher":"https:\/\/www.facebook.com\/Radiio-Ljubuski-1490835324566332","article_published_time":"2022-07-25T09:40:24+00:00","og_image":[{"width":1000,"height":625,"url":"https:\/\/radioljubuski.ba\/wp-content\/uploads\/2022\/07\/3-2022-07-24-23-38-40-phpThumb_cache_nedjelja.ba__srca48b1fdf285cd5b244713ca4132a3d10_par237e4a9ca0b8b807a10bf3329368f378_dat1658693101.jpeg","type":"image\/jpeg"}],"author":"Radio Ljubu\u0161ki","twitter_card":"summary_large_image","twitter_creator":"@radioljubuski","twitter_site":"@radioljubuski","twitter_misc":{"Napisao\/la":"Radio Ljubu\u0161ki","Procijenjeno vrijeme \u010ditanja":"2 minute"},"schema":{"@context":"https:\/\/schema.org","@graph":[{"@type":"Article","@id":"https:\/\/radioljubuski.ba\/index.php\/2022\/07\/25\/donacija-vjernika-vrhbosanske-nadbiskupije-za-obnovu-crkve-u-guscu\/#article","isPartOf":{"@id":"https:\/\/radioljubuski.ba\/index.php\/2022\/07\/25\/donacija-vjernika-vrhbosanske-nadbiskupije-za-obnovu-crkve-u-guscu\/"},"author":{"name":"Radio Ljubu\u0161ki","@id":"https:\/\/radioljubuski.ba\/#\/schema\/person\/19fc700381a780f69665d7956c469e3b"},"headline":"Donacija vjernika Vrhbosanske nadbiskupije za obnovu crkve u Gu\u0161\u0107u","datePublished":"2022-07-25T09:40:24+00:00","mainEntityOfPage":{"@id":"https:\/\/radioljubuski.ba\/index.php\/2022\/07\/25\/donacija-vjernika-vrhbosanske-nadbiskupije-za-obnovu-crkve-u-guscu\/"},"wordCount":312,"publisher":{"@id":"https:\/\/radioljubuski.ba\/#organization"},"image":{"@id":"https:\/\/radioljubuski.ba\/index.php\/2022\/07\/25\/donacija-vjernika-vrhbosanske-nadbiskupije-za-obnovu-crkve-u-guscu\/#primaryimage"},"thumbnailUrl":"https:\/\/radioljubuski.ba\/wp-content\/uploads\/2022\/07\/3-2022-07-24-23-38-40-phpThumb_cache_nedjelja.ba__srca48b1fdf285cd5b244713ca4132a3d10_par237e4a9ca0b8b807a10bf3329368f378_dat1658693101.jpeg","articleSection":["BIH i regija"],"inLanguage":"hr"},{"@type":"WebPage","@id":"https:\/\/radioljubuski.ba\/index.php\/2022\/07\/25\/donacija-vjernika-vrhbosanske-nadbiskupije-za-obnovu-crkve-u-guscu\/","url":"https:\/\/radioljubuski.ba\/index.php\/2022\/07\/25\/donacija-vjernika-vrhbosanske-nadbiskupije-za-obnovu-crkve-u-guscu\/","name":"Donacija vjernika Vrhbosanske nadbiskupije za obnovu crkve u Gu\u0161\u0107u - RADIO LJUBU\u0160KI","isPartOf":{"@id":"https:\/\/radioljubuski.ba\/#website"},"primaryImageOfPage":{"@id":"https:\/\/radioljubuski.ba\/index.php\/2022\/07\/25\/donacija-vjernika-vrhbosanske-nadbiskupije-za-obnovu-crkve-u-guscu\/#primaryimage"},"image":{"@id":"https:\/\/radioljubuski.ba\/index.php\/2022\/07\/25\/donacija-vjernika-vrhbosanske-nadbiskupije-za-obnovu-crkve-u-guscu\/#primaryimage"},"thumbnailUrl":"https:\/\/radioljubuski.ba\/wp-content\/uploads\/2022\/07\/3-2022-07-24-23-38-40-phpThumb_cache_nedjelja.ba__srca48b1fdf285cd5b244713ca4132a3d10_par237e4a9ca0b8b807a10bf3329368f378_dat1658693101.jpeg","datePublished":"2022-07-25T09:40:24+00:00","breadcrumb":{"@id":"https:\/\/radioljubuski.ba\/index.php\/2022\/07\/25\/donacija-vjernika-vrhbosanske-nadbiskupije-za-obnovu-crkve-u-guscu\/#breadcrumb"},"inLanguage":"hr","potentialAction":[{"@type":"ReadAction","target":["https:\/\/radioljubuski.ba\/index.php\/2022\/07\/25\/donacija-vjernika-vrhbosanske-nadbiskupije-za-obnovu-crkve-u-guscu\/"]}]},{"@type":"ImageObject","inLanguage":"hr","@id":"https:\/\/radioljubuski.ba\/index.php\/2022\/07\/25\/donacija-vjernika-vrhbosanske-nadbiskupije-za-obnovu-crkve-u-guscu\/#primaryimage","url":"https:\/\/radioljubuski.ba\/wp-content\/uploads\/2022\/07\/3-2022-07-24-23-38-40-phpThumb_cache_nedjelja.ba__srca48b1fdf285cd5b244713ca4132a3d10_par237e4a9ca0b8b807a10bf3329368f378_dat1658693101.jpeg","contentUrl":"https:\/\/radioljubuski.ba\/wp-content\/uploads\/2022\/07\/3-2022-07-24-23-38-40-phpThumb_cache_nedjelja.ba__srca48b1fdf285cd5b244713ca4132a3d10_par237e4a9ca0b8b807a10bf3329368f378_dat1658693101.jpeg","width":1000,"height":625},{"@type":"BreadcrumbList","@id":"https:\/\/radioljubuski.ba\/index.php\/2022\/07\/25\/donacija-vjernika-vrhbosanske-nadbiskupije-za-obnovu-crkve-u-guscu\/#breadcrumb","itemListElement":[{"@type":"ListItem","position":1,"name":"Po\u010detna stranica","item":"https:\/\/radioljubuski.ba\/"},{"@type":"ListItem","position":2,"name":"Donacija vjernika Vrhbosanske nadbiskupije za obnovu crkve u Gu\u0161\u0107u"}]},{"@type":"WebSite","@id":"https:\/\/radioljubuski.ba\/#website","url":"https:\/\/radioljubuski.ba\/","name":"Radio Ljubu\u0161ki","description":"Sun\u010dana frekvencija Hercegovine","publisher":{"@id":"https:\/\/radioljubuski.ba\/#organization"},"potentialAction":[{"@type":"SearchAction","target":{"@type":"EntryPoint","urlTemplate":"https:\/\/radioljubuski.ba\/?s={search_term_string}"},"query-input":{"@type":"PropertyValueSpecification","valueRequired":true,"valueName":"search_term_string"}}],"inLanguage":"hr"},{"@type":"Organization","@id":"https:\/\/radioljubuski.ba\/#organization","name":"Radio Ljubu\u0161ki","url":"https:\/\/radioljubuski.ba\/","logo":{"@type":"ImageObject","inLanguage":"hr","@id":"https:\/\/radioljubuski.ba\/#\/schema\/logo\/image\/","url":"https:\/\/radioljubuski.ba\/wp-content\/uploads\/2021\/02\/cropped-Radio_Ljubuski_logo1.jpg","contentUrl":"https:\/\/radioljubuski.ba\/wp-content\/uploads\/2021\/02\/cropped-Radio_Ljubuski_logo1.jpg","width":512,"height":512,"caption":"Radio Ljubu\u0161ki"},"image":{"@id":"https:\/\/radioljubuski.ba\/#\/schema\/logo\/image\/"},"sameAs":["https:\/\/www.facebook.com\/Radiio-Ljubuski-1490835324566332","https:\/\/x.com\/radioljubuski","https:\/\/hr.linkedin.com\/company\/radio-ljubuski","https:\/\/www.youtube.com\/channel\/UCHYaeO_n0Db3tjNGudGpXyw"]},{"@type":"Person","@id":"https:\/\/radioljubuski.ba\/#\/schema\/person\/19fc700381a780f69665d7956c469e3b","name":"Radio Ljubu\u0161ki"}]}},"_links":{"self":[{"href":"https:\/\/radioljubuski.ba\/index.php\/wp-json\/wp\/v2\/posts\/163100","targetHints":{"allow":["GET"]}}],"collection":[{"href":"https:\/\/radioljubuski.ba\/index.php\/wp-json\/wp\/v2\/posts"}],"about":[{"href":"https:\/\/radioljubuski.ba\/index.php\/wp-json\/wp\/v2\/types\/post"}],"author":[{"embeddable":true,"href":"https:\/\/radioljubuski.ba\/index.php\/wp-json\/wp\/v2\/users\/2"}],"replies":[{"embeddable":true,"href":"https:\/\/radioljubuski.ba\/index.php\/wp-json\/wp\/v2\/comments?post=163100"}],"version-history":[{"count":1,"href":"https:\/\/radioljubuski.ba\/index.php\/wp-json\/wp\/v2\/posts\/163100\/revisions"}],"predecessor-version":[{"id":163102,"href":"https:\/\/radioljubuski.ba\/index.php\/wp-json\/wp\/v2\/posts\/163100\/revisions\/163102"}],"wp:featuredmedia":[{"embeddable":true,"href":"https:\/\/radioljubuski.ba\/index.php\/wp-json\/wp\/v2\/media\/163101"}],"wp:attachment":[{"href":"https:\/\/radioljubuski.ba\/index.php\/wp-json\/wp\/v2\/media?parent=163100"}],"wp:term":[{"taxonomy":"category","embeddable":true,"href":"https:\/\/radioljubuski.ba\/index.php\/wp-json\/wp\/v2\/categories?post=163100"},{"taxonomy":"post_tag","embeddable":true,"href":"https:\/\/radioljubuski.ba\/index.php\/wp-json\/wp\/v2\/tags?post=163100"}],"curies":[{"name":"wp","href":"https:\/\/api.w.org\/{rel}","templated":true}]}}