{"id":163109,"date":"2022-07-25T10:45:54","date_gmt":"2022-07-25T09:45:54","guid":{"rendered":"https:\/\/radioljubuski.ba\/?p=163109"},"modified":"2022-07-25T10:45:55","modified_gmt":"2022-07-25T09:45:55","slug":"niz-propusta-u-agenciji-za-lijekove-i-medicinska-sredstva-bih-informaticar-radi-i-kao-knjigovoda","status":"publish","type":"post","link":"https:\/\/radioljubuski.ba\/index.php\/2022\/07\/25\/niz-propusta-u-agenciji-za-lijekove-i-medicinska-sredstva-bih-informaticar-radi-i-kao-knjigovoda\/","title":{"rendered":"Niz propusta u Agenciji za lijekove i medicinska sredstva BiH: Informati\u010dar radi i kao knjigovo\u0111a"},"content":{"rendered":"\n<p>Zapo\u0161ljavanje bez natje\u010daja, zlouporaba anga\u017eiranja radnika po osnovu ugovora o djelu, propusti u javnim nabavama, te neusvajanje liste esencijalnih lijekova, samo su neke od zamjerki koje su revizori iznijeli na rad Agencije za lijekove i medicinska sredstva BiH za pro\u0161lu godinu.<\/p>\n\n\n\n<p>Ured za reviziju institucija BiH navep je kako Agencija za lijekove nije usuglasila Pravilnik o unutarnjoj organizaciji sa odlukama Vije\u0107a ministara.<\/p>\n\n\n\n<p>-Odre\u0111eni broj osoba, pored poslova radnog mjesta na koja su raspore\u0111eni, po nalogu direktora obavlja i druge poslove. Tako na primjer referent specijalist za informati\u010dke poslove anga\u017eiran je i na poslovima materijalnog knjigovodstva, dok tehni\u010dki tajnik direktora obavlja poslove u vezi s javnim nabavama &#8211; naveli su revizori.<\/p>\n\n\n\n<p>Istaknuli su kako je takvo stanje zbog ograni\u010denog zapo\u0161ljavanja te nedostataka va\u017ee\u0107eg pravilnika o unutarnjoj organizaciji kojim odre\u0111eni poslovi nisu sistematizirani na odgovaraju\u0107i na\u010din.<\/p>\n\n\n\n<p>Revizori su u \u010de\u0161ljanju knjiga Agencije utvrdili da je u 2021. godini bilo zapo\u0161ljavanja na odre\u0111eno vrijeme bez natje\u010daja, ali i anga\u017eiranja osoba po osnovu ugovora o djelu za poslove koji se nalaze u opisu radnih mjesta utvr\u0111enih Pravilnikom o unutarnjoj organizaciji.<\/p>\n\n\n\n<p>-Tijekom godine tri osobe su anga\u017eirane na odre\u0111eno vrijeme bez provo\u0111enja natje\u010daja. Ugovori o radu sa tim osobama zaklju\u010divani su na dva, odnosno tri mjeseca uz povremene prekide izme\u0111u anga\u017emana od minimalno pet dana &#8211; naveli su revizori te podvukli da se nisu uvjerili da je zapo\u0161ljavanje na odre\u0111eno vrijeme vr\u0161eno zbog hitnosti i nepredvi\u0111enog pove\u0107anja posla s obzirom da se anga\u017eiranje tih osoba vr\u0161i ve\u0107 du\u017ee.<\/p>\n\n\n\n<p>Imali su zamjerke i na zapo\u0161ljavanje po osnovu ugovora o djelu, a po tom osnovu utro\u0161eno je 20.896 KM i to za sedam osoba.&nbsp;<\/p>\n\n\n\n<p>Izvor:glas srpske<\/p>\n","protected":false},"excerpt":{"rendered":"<p>Zapo\u0161ljavanje bez natje\u010daja, zlouporaba anga\u017eiranja radnika po osnovu ugovora o djelu, propusti u javnim nabavama, te neusvajanje liste esencijalnih lijekova, samo su neke od zamjerki koje su revizori iznijeli na rad Agencije za lijekove i medicinska sredstva BiH za pro\u0161lu godinu. Ured za reviziju institucija BiH navep je kako Agencija za lijekove nije usuglasila Pravilnik [&hellip;]<\/p>\n","protected":false},"author":2,"featured_media":163111,"comment_status":"closed","ping_status":"closed","sticky":false,"template":"","format":"standard","meta":{"h5ap_radio_sources":[],"footnotes":""},"categories":[1],"tags":[],"class_list":["post-163109","post","type-post","status-publish","format-standard","has-post-thumbnail","hentry","category-bihiregija"],"yoast_head":"<!-- This site is optimized with the Yoast SEO plugin v27.5 - https:\/\/yoast.com\/product\/yoast-seo-wordpress\/ -->\n<title>Niz propusta u Agenciji za lijekove i medicinska sredstva BiH: Informati\u010dar radi i kao knjigovo\u0111a - RADIO LJUBU\u0160KI<\/title>\n<meta name=\"robots\" content=\"index, follow, max-snippet:-1, max-image-preview:large, max-video-preview:-1\" \/>\n<link rel=\"canonical\" href=\"https:\/\/radioljubuski.ba\/index.php\/2022\/07\/25\/niz-propusta-u-agenciji-za-lijekove-i-medicinska-sredstva-bih-informaticar-radi-i-kao-knjigovoda\/\" \/>\n<meta property=\"og:locale\" content=\"hr_HR\" \/>\n<meta property=\"og:type\" content=\"article\" \/>\n<meta property=\"og:title\" content=\"Niz propusta u Agenciji za lijekove i medicinska sredstva BiH: Informati\u010dar radi i kao knjigovo\u0111a - RADIO LJUBU\u0160KI\" \/>\n<meta property=\"og:description\" content=\"Zapo\u0161ljavanje bez natje\u010daja, zlouporaba anga\u017eiranja radnika po osnovu ugovora o djelu, propusti u javnim nabavama, te neusvajanje liste esencijalnih lijekova, samo su neke od zamjerki koje su revizori iznijeli na rad Agencije za lijekove i medicinska sredstva BiH za pro\u0161lu godinu. Ured za reviziju institucija BiH navep je kako Agencija za lijekove nije usuglasila Pravilnik [&hellip;]\" \/>\n<meta property=\"og:url\" content=\"https:\/\/radioljubuski.ba\/index.php\/2022\/07\/25\/niz-propusta-u-agenciji-za-lijekove-i-medicinska-sredstva-bih-informaticar-radi-i-kao-knjigovoda\/\" \/>\n<meta property=\"og:site_name\" content=\"RADIO LJUBU\u0160KI\" \/>\n<meta property=\"article:publisher\" content=\"https:\/\/www.facebook.com\/Radiio-Ljubuski-1490835324566332\" \/>\n<meta property=\"article:published_time\" content=\"2022-07-25T09:45:54+00:00\" \/>\n<meta property=\"article:modified_time\" content=\"2022-07-25T09:45:55+00:00\" \/>\n<meta property=\"og:image\" content=\"https:\/\/radioljubuski.ba\/wp-content\/uploads\/2022\/07\/McweUlqT_krediz.jpg\" \/>\n\t<meta property=\"og:image:width\" content=\"1000\" \/>\n\t<meta property=\"og:image:height\" content=\"625\" \/>\n\t<meta property=\"og:image:type\" content=\"image\/jpeg\" \/>\n<meta name=\"author\" content=\"Radio Ljubu\u0161ki\" \/>\n<meta name=\"twitter:card\" content=\"summary_large_image\" \/>\n<meta name=\"twitter:creator\" content=\"@radioljubuski\" \/>\n<meta name=\"twitter:site\" content=\"@radioljubuski\" \/>\n<meta name=\"twitter:label1\" content=\"Napisao\/la\" \/>\n\t<meta name=\"twitter:data1\" content=\"Radio Ljubu\u0161ki\" \/>\n\t<meta name=\"twitter:label2\" content=\"Procijenjeno vrijeme \u010ditanja\" \/>\n\t<meta name=\"twitter:data2\" content=\"2 minute\" \/>\n<script type=\"application\/ld+json\" class=\"yoast-schema-graph\">{\"@context\":\"https:\\\/\\\/schema.org\",\"@graph\":[{\"@type\":\"Article\",\"@id\":\"https:\\\/\\\/radioljubuski.ba\\\/index.php\\\/2022\\\/07\\\/25\\\/niz-propusta-u-agenciji-za-lijekove-i-medicinska-sredstva-bih-informaticar-radi-i-kao-knjigovoda\\\/#article\",\"isPartOf\":{\"@id\":\"https:\\\/\\\/radioljubuski.ba\\\/index.php\\\/2022\\\/07\\\/25\\\/niz-propusta-u-agenciji-za-lijekove-i-medicinska-sredstva-bih-informaticar-radi-i-kao-knjigovoda\\\/\"},\"author\":{\"name\":\"Radio Ljubu\u0161ki\",\"@id\":\"https:\\\/\\\/radioljubuski.ba\\\/#\\\/schema\\\/person\\\/19fc700381a780f69665d7956c469e3b\"},\"headline\":\"Niz propusta u Agenciji za lijekove i medicinska sredstva BiH: Informati\u010dar radi i kao knjigovo\u0111a\",\"datePublished\":\"2022-07-25T09:45:54+00:00\",\"dateModified\":\"2022-07-25T09:45:55+00:00\",\"mainEntityOfPage\":{\"@id\":\"https:\\\/\\\/radioljubuski.ba\\\/index.php\\\/2022\\\/07\\\/25\\\/niz-propusta-u-agenciji-za-lijekove-i-medicinska-sredstva-bih-informaticar-radi-i-kao-knjigovoda\\\/\"},\"wordCount\":326,\"publisher\":{\"@id\":\"https:\\\/\\\/radioljubuski.ba\\\/#organization\"},\"image\":{\"@id\":\"https:\\\/\\\/radioljubuski.ba\\\/index.php\\\/2022\\\/07\\\/25\\\/niz-propusta-u-agenciji-za-lijekove-i-medicinska-sredstva-bih-informaticar-radi-i-kao-knjigovoda\\\/#primaryimage\"},\"thumbnailUrl\":\"https:\\\/\\\/radioljubuski.ba\\\/wp-content\\\/uploads\\\/2022\\\/07\\\/McweUlqT_krediz.jpg\",\"articleSection\":[\"BIH i regija\"],\"inLanguage\":\"hr\"},{\"@type\":\"WebPage\",\"@id\":\"https:\\\/\\\/radioljubuski.ba\\\/index.php\\\/2022\\\/07\\\/25\\\/niz-propusta-u-agenciji-za-lijekove-i-medicinska-sredstva-bih-informaticar-radi-i-kao-knjigovoda\\\/\",\"url\":\"https:\\\/\\\/radioljubuski.ba\\\/index.php\\\/2022\\\/07\\\/25\\\/niz-propusta-u-agenciji-za-lijekove-i-medicinska-sredstva-bih-informaticar-radi-i-kao-knjigovoda\\\/\",\"name\":\"Niz propusta u Agenciji za lijekove i medicinska sredstva BiH: Informati\u010dar radi i kao knjigovo\u0111a - RADIO LJUBU\u0160KI\",\"isPartOf\":{\"@id\":\"https:\\\/\\\/radioljubuski.ba\\\/#website\"},\"primaryImageOfPage\":{\"@id\":\"https:\\\/\\\/radioljubuski.ba\\\/index.php\\\/2022\\\/07\\\/25\\\/niz-propusta-u-agenciji-za-lijekove-i-medicinska-sredstva-bih-informaticar-radi-i-kao-knjigovoda\\\/#primaryimage\"},\"image\":{\"@id\":\"https:\\\/\\\/radioljubuski.ba\\\/index.php\\\/2022\\\/07\\\/25\\\/niz-propusta-u-agenciji-za-lijekove-i-medicinska-sredstva-bih-informaticar-radi-i-kao-knjigovoda\\\/#primaryimage\"},\"thumbnailUrl\":\"https:\\\/\\\/radioljubuski.ba\\\/wp-content\\\/uploads\\\/2022\\\/07\\\/McweUlqT_krediz.jpg\",\"datePublished\":\"2022-07-25T09:45:54+00:00\",\"dateModified\":\"2022-07-25T09:45:55+00:00\",\"breadcrumb\":{\"@id\":\"https:\\\/\\\/radioljubuski.ba\\\/index.php\\\/2022\\\/07\\\/25\\\/niz-propusta-u-agenciji-za-lijekove-i-medicinska-sredstva-bih-informaticar-radi-i-kao-knjigovoda\\\/#breadcrumb\"},\"inLanguage\":\"hr\",\"potentialAction\":[{\"@type\":\"ReadAction\",\"target\":[\"https:\\\/\\\/radioljubuski.ba\\\/index.php\\\/2022\\\/07\\\/25\\\/niz-propusta-u-agenciji-za-lijekove-i-medicinska-sredstva-bih-informaticar-radi-i-kao-knjigovoda\\\/\"]}]},{\"@type\":\"ImageObject\",\"inLanguage\":\"hr\",\"@id\":\"https:\\\/\\\/radioljubuski.ba\\\/index.php\\\/2022\\\/07\\\/25\\\/niz-propusta-u-agenciji-za-lijekove-i-medicinska-sredstva-bih-informaticar-radi-i-kao-knjigovoda\\\/#primaryimage\",\"url\":\"https:\\\/\\\/radioljubuski.ba\\\/wp-content\\\/uploads\\\/2022\\\/07\\\/McweUlqT_krediz.jpg\",\"contentUrl\":\"https:\\\/\\\/radioljubuski.ba\\\/wp-content\\\/uploads\\\/2022\\\/07\\\/McweUlqT_krediz.jpg\",\"width\":1000,\"height\":625},{\"@type\":\"BreadcrumbList\",\"@id\":\"https:\\\/\\\/radioljubuski.ba\\\/index.php\\\/2022\\\/07\\\/25\\\/niz-propusta-u-agenciji-za-lijekove-i-medicinska-sredstva-bih-informaticar-radi-i-kao-knjigovoda\\\/#breadcrumb\",\"itemListElement\":[{\"@type\":\"ListItem\",\"position\":1,\"name\":\"Po\u010detna stranica\",\"item\":\"https:\\\/\\\/radioljubuski.ba\\\/\"},{\"@type\":\"ListItem\",\"position\":2,\"name\":\"Niz propusta u Agenciji za lijekove i medicinska sredstva BiH: Informati\u010dar radi i kao knjigovo\u0111a\"}]},{\"@type\":\"WebSite\",\"@id\":\"https:\\\/\\\/radioljubuski.ba\\\/#website\",\"url\":\"https:\\\/\\\/radioljubuski.ba\\\/\",\"name\":\"Radio Ljubu\u0161ki\",\"description\":\"Sun\u010dana frekvencija Hercegovine\",\"publisher\":{\"@id\":\"https:\\\/\\\/radioljubuski.ba\\\/#organization\"},\"potentialAction\":[{\"@type\":\"SearchAction\",\"target\":{\"@type\":\"EntryPoint\",\"urlTemplate\":\"https:\\\/\\\/radioljubuski.ba\\\/?s={search_term_string}\"},\"query-input\":{\"@type\":\"PropertyValueSpecification\",\"valueRequired\":true,\"valueName\":\"search_term_string\"}}],\"inLanguage\":\"hr\"},{\"@type\":\"Organization\",\"@id\":\"https:\\\/\\\/radioljubuski.ba\\\/#organization\",\"name\":\"Radio Ljubu\u0161ki\",\"url\":\"https:\\\/\\\/radioljubuski.ba\\\/\",\"logo\":{\"@type\":\"ImageObject\",\"inLanguage\":\"hr\",\"@id\":\"https:\\\/\\\/radioljubuski.ba\\\/#\\\/schema\\\/logo\\\/image\\\/\",\"url\":\"https:\\\/\\\/radioljubuski.ba\\\/wp-content\\\/uploads\\\/2021\\\/02\\\/cropped-Radio_Ljubuski_logo1.jpg\",\"contentUrl\":\"https:\\\/\\\/radioljubuski.ba\\\/wp-content\\\/uploads\\\/2021\\\/02\\\/cropped-Radio_Ljubuski_logo1.jpg\",\"width\":512,\"height\":512,\"caption\":\"Radio Ljubu\u0161ki\"},\"image\":{\"@id\":\"https:\\\/\\\/radioljubuski.ba\\\/#\\\/schema\\\/logo\\\/image\\\/\"},\"sameAs\":[\"https:\\\/\\\/www.facebook.com\\\/Radiio-Ljubuski-1490835324566332\",\"https:\\\/\\\/x.com\\\/radioljubuski\",\"https:\\\/\\\/hr.linkedin.com\\\/company\\\/radio-ljubuski\",\"https:\\\/\\\/www.youtube.com\\\/channel\\\/UCHYaeO_n0Db3tjNGudGpXyw\"]},{\"@type\":\"Person\",\"@id\":\"https:\\\/\\\/radioljubuski.ba\\\/#\\\/schema\\\/person\\\/19fc700381a780f69665d7956c469e3b\",\"name\":\"Radio Ljubu\u0161ki\"}]}<\/script>\n<!-- \/ Yoast SEO plugin. -->","yoast_head_json":{"title":"Niz propusta u Agenciji za lijekove i medicinska sredstva BiH: Informati\u010dar radi i kao knjigovo\u0111a - RADIO LJUBU\u0160KI","robots":{"index":"index","follow":"follow","max-snippet":"max-snippet:-1","max-image-preview":"max-image-preview:large","max-video-preview":"max-video-preview:-1"},"canonical":"https:\/\/radioljubuski.ba\/index.php\/2022\/07\/25\/niz-propusta-u-agenciji-za-lijekove-i-medicinska-sredstva-bih-informaticar-radi-i-kao-knjigovoda\/","og_locale":"hr_HR","og_type":"article","og_title":"Niz propusta u Agenciji za lijekove i medicinska sredstva BiH: Informati\u010dar radi i kao knjigovo\u0111a - RADIO LJUBU\u0160KI","og_description":"Zapo\u0161ljavanje bez natje\u010daja, zlouporaba anga\u017eiranja radnika po osnovu ugovora o djelu, propusti u javnim nabavama, te neusvajanje liste esencijalnih lijekova, samo su neke od zamjerki koje su revizori iznijeli na rad Agencije za lijekove i medicinska sredstva BiH za pro\u0161lu godinu. Ured za reviziju institucija BiH navep je kako Agencija za lijekove nije usuglasila Pravilnik [&hellip;]","og_url":"https:\/\/radioljubuski.ba\/index.php\/2022\/07\/25\/niz-propusta-u-agenciji-za-lijekove-i-medicinska-sredstva-bih-informaticar-radi-i-kao-knjigovoda\/","og_site_name":"RADIO LJUBU\u0160KI","article_publisher":"https:\/\/www.facebook.com\/Radiio-Ljubuski-1490835324566332","article_published_time":"2022-07-25T09:45:54+00:00","article_modified_time":"2022-07-25T09:45:55+00:00","og_image":[{"width":1000,"height":625,"url":"https:\/\/radioljubuski.ba\/wp-content\/uploads\/2022\/07\/McweUlqT_krediz.jpg","type":"image\/jpeg"}],"author":"Radio Ljubu\u0161ki","twitter_card":"summary_large_image","twitter_creator":"@radioljubuski","twitter_site":"@radioljubuski","twitter_misc":{"Napisao\/la":"Radio Ljubu\u0161ki","Procijenjeno vrijeme \u010ditanja":"2 minute"},"schema":{"@context":"https:\/\/schema.org","@graph":[{"@type":"Article","@id":"https:\/\/radioljubuski.ba\/index.php\/2022\/07\/25\/niz-propusta-u-agenciji-za-lijekove-i-medicinska-sredstva-bih-informaticar-radi-i-kao-knjigovoda\/#article","isPartOf":{"@id":"https:\/\/radioljubuski.ba\/index.php\/2022\/07\/25\/niz-propusta-u-agenciji-za-lijekove-i-medicinska-sredstva-bih-informaticar-radi-i-kao-knjigovoda\/"},"author":{"name":"Radio Ljubu\u0161ki","@id":"https:\/\/radioljubuski.ba\/#\/schema\/person\/19fc700381a780f69665d7956c469e3b"},"headline":"Niz propusta u Agenciji za lijekove i medicinska sredstva BiH: Informati\u010dar radi i kao knjigovo\u0111a","datePublished":"2022-07-25T09:45:54+00:00","dateModified":"2022-07-25T09:45:55+00:00","mainEntityOfPage":{"@id":"https:\/\/radioljubuski.ba\/index.php\/2022\/07\/25\/niz-propusta-u-agenciji-za-lijekove-i-medicinska-sredstva-bih-informaticar-radi-i-kao-knjigovoda\/"},"wordCount":326,"publisher":{"@id":"https:\/\/radioljubuski.ba\/#organization"},"image":{"@id":"https:\/\/radioljubuski.ba\/index.php\/2022\/07\/25\/niz-propusta-u-agenciji-za-lijekove-i-medicinska-sredstva-bih-informaticar-radi-i-kao-knjigovoda\/#primaryimage"},"thumbnailUrl":"https:\/\/radioljubuski.ba\/wp-content\/uploads\/2022\/07\/McweUlqT_krediz.jpg","articleSection":["BIH i regija"],"inLanguage":"hr"},{"@type":"WebPage","@id":"https:\/\/radioljubuski.ba\/index.php\/2022\/07\/25\/niz-propusta-u-agenciji-za-lijekove-i-medicinska-sredstva-bih-informaticar-radi-i-kao-knjigovoda\/","url":"https:\/\/radioljubuski.ba\/index.php\/2022\/07\/25\/niz-propusta-u-agenciji-za-lijekove-i-medicinska-sredstva-bih-informaticar-radi-i-kao-knjigovoda\/","name":"Niz propusta u Agenciji za lijekove i medicinska sredstva BiH: Informati\u010dar radi i kao knjigovo\u0111a - RADIO LJUBU\u0160KI","isPartOf":{"@id":"https:\/\/radioljubuski.ba\/#website"},"primaryImageOfPage":{"@id":"https:\/\/radioljubuski.ba\/index.php\/2022\/07\/25\/niz-propusta-u-agenciji-za-lijekove-i-medicinska-sredstva-bih-informaticar-radi-i-kao-knjigovoda\/#primaryimage"},"image":{"@id":"https:\/\/radioljubuski.ba\/index.php\/2022\/07\/25\/niz-propusta-u-agenciji-za-lijekove-i-medicinska-sredstva-bih-informaticar-radi-i-kao-knjigovoda\/#primaryimage"},"thumbnailUrl":"https:\/\/radioljubuski.ba\/wp-content\/uploads\/2022\/07\/McweUlqT_krediz.jpg","datePublished":"2022-07-25T09:45:54+00:00","dateModified":"2022-07-25T09:45:55+00:00","breadcrumb":{"@id":"https:\/\/radioljubuski.ba\/index.php\/2022\/07\/25\/niz-propusta-u-agenciji-za-lijekove-i-medicinska-sredstva-bih-informaticar-radi-i-kao-knjigovoda\/#breadcrumb"},"inLanguage":"hr","potentialAction":[{"@type":"ReadAction","target":["https:\/\/radioljubuski.ba\/index.php\/2022\/07\/25\/niz-propusta-u-agenciji-za-lijekove-i-medicinska-sredstva-bih-informaticar-radi-i-kao-knjigovoda\/"]}]},{"@type":"ImageObject","inLanguage":"hr","@id":"https:\/\/radioljubuski.ba\/index.php\/2022\/07\/25\/niz-propusta-u-agenciji-za-lijekove-i-medicinska-sredstva-bih-informaticar-radi-i-kao-knjigovoda\/#primaryimage","url":"https:\/\/radioljubuski.ba\/wp-content\/uploads\/2022\/07\/McweUlqT_krediz.jpg","contentUrl":"https:\/\/radioljubuski.ba\/wp-content\/uploads\/2022\/07\/McweUlqT_krediz.jpg","width":1000,"height":625},{"@type":"BreadcrumbList","@id":"https:\/\/radioljubuski.ba\/index.php\/2022\/07\/25\/niz-propusta-u-agenciji-za-lijekove-i-medicinska-sredstva-bih-informaticar-radi-i-kao-knjigovoda\/#breadcrumb","itemListElement":[{"@type":"ListItem","position":1,"name":"Po\u010detna stranica","item":"https:\/\/radioljubuski.ba\/"},{"@type":"ListItem","position":2,"name":"Niz propusta u Agenciji za lijekove i medicinska sredstva BiH: Informati\u010dar radi i kao knjigovo\u0111a"}]},{"@type":"WebSite","@id":"https:\/\/radioljubuski.ba\/#website","url":"https:\/\/radioljubuski.ba\/","name":"Radio Ljubu\u0161ki","description":"Sun\u010dana frekvencija Hercegovine","publisher":{"@id":"https:\/\/radioljubuski.ba\/#organization"},"potentialAction":[{"@type":"SearchAction","target":{"@type":"EntryPoint","urlTemplate":"https:\/\/radioljubuski.ba\/?s={search_term_string}"},"query-input":{"@type":"PropertyValueSpecification","valueRequired":true,"valueName":"search_term_string"}}],"inLanguage":"hr"},{"@type":"Organization","@id":"https:\/\/radioljubuski.ba\/#organization","name":"Radio Ljubu\u0161ki","url":"https:\/\/radioljubuski.ba\/","logo":{"@type":"ImageObject","inLanguage":"hr","@id":"https:\/\/radioljubuski.ba\/#\/schema\/logo\/image\/","url":"https:\/\/radioljubuski.ba\/wp-content\/uploads\/2021\/02\/cropped-Radio_Ljubuski_logo1.jpg","contentUrl":"https:\/\/radioljubuski.ba\/wp-content\/uploads\/2021\/02\/cropped-Radio_Ljubuski_logo1.jpg","width":512,"height":512,"caption":"Radio Ljubu\u0161ki"},"image":{"@id":"https:\/\/radioljubuski.ba\/#\/schema\/logo\/image\/"},"sameAs":["https:\/\/www.facebook.com\/Radiio-Ljubuski-1490835324566332","https:\/\/x.com\/radioljubuski","https:\/\/hr.linkedin.com\/company\/radio-ljubuski","https:\/\/www.youtube.com\/channel\/UCHYaeO_n0Db3tjNGudGpXyw"]},{"@type":"Person","@id":"https:\/\/radioljubuski.ba\/#\/schema\/person\/19fc700381a780f69665d7956c469e3b","name":"Radio Ljubu\u0161ki"}]}},"_links":{"self":[{"href":"https:\/\/radioljubuski.ba\/index.php\/wp-json\/wp\/v2\/posts\/163109","targetHints":{"allow":["GET"]}}],"collection":[{"href":"https:\/\/radioljubuski.ba\/index.php\/wp-json\/wp\/v2\/posts"}],"about":[{"href":"https:\/\/radioljubuski.ba\/index.php\/wp-json\/wp\/v2\/types\/post"}],"author":[{"embeddable":true,"href":"https:\/\/radioljubuski.ba\/index.php\/wp-json\/wp\/v2\/users\/2"}],"replies":[{"embeddable":true,"href":"https:\/\/radioljubuski.ba\/index.php\/wp-json\/wp\/v2\/comments?post=163109"}],"version-history":[{"count":1,"href":"https:\/\/radioljubuski.ba\/index.php\/wp-json\/wp\/v2\/posts\/163109\/revisions"}],"predecessor-version":[{"id":163112,"href":"https:\/\/radioljubuski.ba\/index.php\/wp-json\/wp\/v2\/posts\/163109\/revisions\/163112"}],"wp:featuredmedia":[{"embeddable":true,"href":"https:\/\/radioljubuski.ba\/index.php\/wp-json\/wp\/v2\/media\/163111"}],"wp:attachment":[{"href":"https:\/\/radioljubuski.ba\/index.php\/wp-json\/wp\/v2\/media?parent=163109"}],"wp:term":[{"taxonomy":"category","embeddable":true,"href":"https:\/\/radioljubuski.ba\/index.php\/wp-json\/wp\/v2\/categories?post=163109"},{"taxonomy":"post_tag","embeddable":true,"href":"https:\/\/radioljubuski.ba\/index.php\/wp-json\/wp\/v2\/tags?post=163109"}],"curies":[{"name":"wp","href":"https:\/\/api.w.org\/{rel}","templated":true}]}}