{"id":163122,"date":"2022-07-25T10:51:01","date_gmt":"2022-07-25T09:51:01","guid":{"rendered":"https:\/\/radioljubuski.ba\/?p=163122"},"modified":"2022-07-25T10:51:02","modified_gmt":"2022-07-25T09:51:02","slug":"robot-slomio-prst-djecaku-na-sahovskom-mecu","status":"publish","type":"post","link":"https:\/\/radioljubuski.ba\/index.php\/2022\/07\/25\/robot-slomio-prst-djecaku-na-sahovskom-mecu\/","title":{"rendered":"Robot slomio prst dje\u010daku na \u0161ahovskom me\u010du"},"content":{"rendered":"\n<p>Robot je slomio prst sedmogodi\u0161njem dje\u010daku na \u0161ahovskom me\u010du odr\u017eanom pro\u0161li tjedan u Moskvi, objavio je u nedjelju BBC navode\u0107i ruske medije.<\/p>\n\n\n\n<p>\u201cRobot je slomio dje\u010daku prst,\u201d rekao je Sergej Lazarev, predsjednik Moskovske \u0161ahovske federacije za agenciju Tass.<\/p>\n\n\n\n<p>Video snimka podijeljena na dru\u0161tvenim mre\u017eama pokazuje robota koji uzima jednog od dje\u010dakovih figurica. Dje\u010dak potom vu\u010de potez, a robot grabi njegov prst.<\/p>\n\n\n\n<p>\u010cetvero odraslih po\u017eurilo mu je pomo\u0107i i dje\u010dakov prst oslobo\u0111en je iz robotovog stiska.<\/p>\n\n\n\n<p>Lazarev je rekao da je stroj odigrao dosad puno me\u010deva bez ijednog incidenta.<\/p>\n\n\n\n<p>Dje\u010dak je uspio zavr\u0161iti posljednje dane turnira u gipsu, dodao je Tass.<\/p>\n\n\n\n<p>Izvor:pogled.ba<\/p>\n","protected":false},"excerpt":{"rendered":"<p>Robot je slomio prst sedmogodi\u0161njem dje\u010daku na \u0161ahovskom me\u010du odr\u017eanom pro\u0161li tjedan u Moskvi, objavio je u nedjelju BBC navode\u0107i ruske medije. \u201cRobot je slomio dje\u010daku prst,\u201d rekao je Sergej Lazarev, predsjednik Moskovske \u0161ahovske federacije za agenciju Tass. Video snimka podijeljena na dru\u0161tvenim mre\u017eama pokazuje robota koji uzima jednog od dje\u010dakovih figurica. Dje\u010dak potom vu\u010de [&hellip;]<\/p>\n","protected":false},"author":2,"featured_media":163123,"comment_status":"closed","ping_status":"closed","sticky":false,"template":"","format":"standard","meta":{"h5ap_radio_sources":[],"footnotes":""},"categories":[1],"tags":[],"class_list":["post-163122","post","type-post","status-publish","format-standard","has-post-thumbnail","hentry","category-bihiregija"],"yoast_head":"<!-- This site is optimized with the Yoast SEO plugin v27.5 - https:\/\/yoast.com\/product\/yoast-seo-wordpress\/ -->\n<title>Robot slomio prst dje\u010daku na \u0161ahovskom me\u010du - RADIO LJUBU\u0160KI<\/title>\n<meta name=\"robots\" content=\"index, follow, max-snippet:-1, max-image-preview:large, max-video-preview:-1\" \/>\n<link rel=\"canonical\" href=\"https:\/\/radioljubuski.ba\/index.php\/2022\/07\/25\/robot-slomio-prst-djecaku-na-sahovskom-mecu\/\" \/>\n<meta property=\"og:locale\" content=\"hr_HR\" \/>\n<meta property=\"og:type\" content=\"article\" \/>\n<meta property=\"og:title\" content=\"Robot slomio prst dje\u010daku na \u0161ahovskom me\u010du - RADIO LJUBU\u0160KI\" \/>\n<meta property=\"og:description\" content=\"Robot je slomio prst sedmogodi\u0161njem dje\u010daku na \u0161ahovskom me\u010du odr\u017eanom pro\u0161li tjedan u Moskvi, objavio je u nedjelju BBC navode\u0107i ruske medije. \u201cRobot je slomio dje\u010daku prst,\u201d rekao je Sergej Lazarev, predsjednik Moskovske \u0161ahovske federacije za agenciju Tass. Video snimka podijeljena na dru\u0161tvenim mre\u017eama pokazuje robota koji uzima jednog od dje\u010dakovih figurica. Dje\u010dak potom vu\u010de [&hellip;]\" \/>\n<meta property=\"og:url\" content=\"https:\/\/radioljubuski.ba\/index.php\/2022\/07\/25\/robot-slomio-prst-djecaku-na-sahovskom-mecu\/\" \/>\n<meta property=\"og:site_name\" content=\"RADIO LJUBU\u0160KI\" \/>\n<meta property=\"article:publisher\" content=\"https:\/\/www.facebook.com\/Radiio-Ljubuski-1490835324566332\" \/>\n<meta property=\"article:published_time\" content=\"2022-07-25T09:51:01+00:00\" \/>\n<meta property=\"article:modified_time\" content=\"2022-07-25T09:51:02+00:00\" \/>\n<meta property=\"og:image\" content=\"https:\/\/radioljubuski.ba\/wp-content\/uploads\/2022\/07\/DHsUSnKI_Sahovsko_prvenstvo.jpg\" \/>\n\t<meta property=\"og:image:width\" content=\"1000\" \/>\n\t<meta property=\"og:image:height\" content=\"625\" \/>\n\t<meta property=\"og:image:type\" content=\"image\/jpeg\" \/>\n<meta name=\"author\" content=\"Radio Ljubu\u0161ki\" \/>\n<meta name=\"twitter:card\" content=\"summary_large_image\" \/>\n<meta name=\"twitter:creator\" content=\"@radioljubuski\" \/>\n<meta name=\"twitter:site\" content=\"@radioljubuski\" \/>\n<meta name=\"twitter:label1\" content=\"Napisao\/la\" \/>\n\t<meta name=\"twitter:data1\" content=\"Radio Ljubu\u0161ki\" \/>\n\t<meta name=\"twitter:label2\" content=\"Procijenjeno vrijeme \u010ditanja\" \/>\n\t<meta name=\"twitter:data2\" content=\"1 minuta\" \/>\n<script type=\"application\/ld+json\" class=\"yoast-schema-graph\">{\"@context\":\"https:\\\/\\\/schema.org\",\"@graph\":[{\"@type\":\"Article\",\"@id\":\"https:\\\/\\\/radioljubuski.ba\\\/index.php\\\/2022\\\/07\\\/25\\\/robot-slomio-prst-djecaku-na-sahovskom-mecu\\\/#article\",\"isPartOf\":{\"@id\":\"https:\\\/\\\/radioljubuski.ba\\\/index.php\\\/2022\\\/07\\\/25\\\/robot-slomio-prst-djecaku-na-sahovskom-mecu\\\/\"},\"author\":{\"name\":\"Radio Ljubu\u0161ki\",\"@id\":\"https:\\\/\\\/radioljubuski.ba\\\/#\\\/schema\\\/person\\\/19fc700381a780f69665d7956c469e3b\"},\"headline\":\"Robot slomio prst dje\u010daku na \u0161ahovskom me\u010du\",\"datePublished\":\"2022-07-25T09:51:01+00:00\",\"dateModified\":\"2022-07-25T09:51:02+00:00\",\"mainEntityOfPage\":{\"@id\":\"https:\\\/\\\/radioljubuski.ba\\\/index.php\\\/2022\\\/07\\\/25\\\/robot-slomio-prst-djecaku-na-sahovskom-mecu\\\/\"},\"wordCount\":131,\"publisher\":{\"@id\":\"https:\\\/\\\/radioljubuski.ba\\\/#organization\"},\"image\":{\"@id\":\"https:\\\/\\\/radioljubuski.ba\\\/index.php\\\/2022\\\/07\\\/25\\\/robot-slomio-prst-djecaku-na-sahovskom-mecu\\\/#primaryimage\"},\"thumbnailUrl\":\"https:\\\/\\\/radioljubuski.ba\\\/wp-content\\\/uploads\\\/2022\\\/07\\\/DHsUSnKI_Sahovsko_prvenstvo.jpg\",\"articleSection\":[\"BIH i regija\"],\"inLanguage\":\"hr\"},{\"@type\":\"WebPage\",\"@id\":\"https:\\\/\\\/radioljubuski.ba\\\/index.php\\\/2022\\\/07\\\/25\\\/robot-slomio-prst-djecaku-na-sahovskom-mecu\\\/\",\"url\":\"https:\\\/\\\/radioljubuski.ba\\\/index.php\\\/2022\\\/07\\\/25\\\/robot-slomio-prst-djecaku-na-sahovskom-mecu\\\/\",\"name\":\"Robot slomio prst dje\u010daku na \u0161ahovskom me\u010du - RADIO LJUBU\u0160KI\",\"isPartOf\":{\"@id\":\"https:\\\/\\\/radioljubuski.ba\\\/#website\"},\"primaryImageOfPage\":{\"@id\":\"https:\\\/\\\/radioljubuski.ba\\\/index.php\\\/2022\\\/07\\\/25\\\/robot-slomio-prst-djecaku-na-sahovskom-mecu\\\/#primaryimage\"},\"image\":{\"@id\":\"https:\\\/\\\/radioljubuski.ba\\\/index.php\\\/2022\\\/07\\\/25\\\/robot-slomio-prst-djecaku-na-sahovskom-mecu\\\/#primaryimage\"},\"thumbnailUrl\":\"https:\\\/\\\/radioljubuski.ba\\\/wp-content\\\/uploads\\\/2022\\\/07\\\/DHsUSnKI_Sahovsko_prvenstvo.jpg\",\"datePublished\":\"2022-07-25T09:51:01+00:00\",\"dateModified\":\"2022-07-25T09:51:02+00:00\",\"breadcrumb\":{\"@id\":\"https:\\\/\\\/radioljubuski.ba\\\/index.php\\\/2022\\\/07\\\/25\\\/robot-slomio-prst-djecaku-na-sahovskom-mecu\\\/#breadcrumb\"},\"inLanguage\":\"hr\",\"potentialAction\":[{\"@type\":\"ReadAction\",\"target\":[\"https:\\\/\\\/radioljubuski.ba\\\/index.php\\\/2022\\\/07\\\/25\\\/robot-slomio-prst-djecaku-na-sahovskom-mecu\\\/\"]}]},{\"@type\":\"ImageObject\",\"inLanguage\":\"hr\",\"@id\":\"https:\\\/\\\/radioljubuski.ba\\\/index.php\\\/2022\\\/07\\\/25\\\/robot-slomio-prst-djecaku-na-sahovskom-mecu\\\/#primaryimage\",\"url\":\"https:\\\/\\\/radioljubuski.ba\\\/wp-content\\\/uploads\\\/2022\\\/07\\\/DHsUSnKI_Sahovsko_prvenstvo.jpg\",\"contentUrl\":\"https:\\\/\\\/radioljubuski.ba\\\/wp-content\\\/uploads\\\/2022\\\/07\\\/DHsUSnKI_Sahovsko_prvenstvo.jpg\",\"width\":1000,\"height\":625},{\"@type\":\"BreadcrumbList\",\"@id\":\"https:\\\/\\\/radioljubuski.ba\\\/index.php\\\/2022\\\/07\\\/25\\\/robot-slomio-prst-djecaku-na-sahovskom-mecu\\\/#breadcrumb\",\"itemListElement\":[{\"@type\":\"ListItem\",\"position\":1,\"name\":\"Po\u010detna stranica\",\"item\":\"https:\\\/\\\/radioljubuski.ba\\\/\"},{\"@type\":\"ListItem\",\"position\":2,\"name\":\"Robot slomio prst dje\u010daku na \u0161ahovskom me\u010du\"}]},{\"@type\":\"WebSite\",\"@id\":\"https:\\\/\\\/radioljubuski.ba\\\/#website\",\"url\":\"https:\\\/\\\/radioljubuski.ba\\\/\",\"name\":\"Radio Ljubu\u0161ki\",\"description\":\"Sun\u010dana frekvencija Hercegovine\",\"publisher\":{\"@id\":\"https:\\\/\\\/radioljubuski.ba\\\/#organization\"},\"potentialAction\":[{\"@type\":\"SearchAction\",\"target\":{\"@type\":\"EntryPoint\",\"urlTemplate\":\"https:\\\/\\\/radioljubuski.ba\\\/?s={search_term_string}\"},\"query-input\":{\"@type\":\"PropertyValueSpecification\",\"valueRequired\":true,\"valueName\":\"search_term_string\"}}],\"inLanguage\":\"hr\"},{\"@type\":\"Organization\",\"@id\":\"https:\\\/\\\/radioljubuski.ba\\\/#organization\",\"name\":\"Radio Ljubu\u0161ki\",\"url\":\"https:\\\/\\\/radioljubuski.ba\\\/\",\"logo\":{\"@type\":\"ImageObject\",\"inLanguage\":\"hr\",\"@id\":\"https:\\\/\\\/radioljubuski.ba\\\/#\\\/schema\\\/logo\\\/image\\\/\",\"url\":\"https:\\\/\\\/radioljubuski.ba\\\/wp-content\\\/uploads\\\/2021\\\/02\\\/cropped-Radio_Ljubuski_logo1.jpg\",\"contentUrl\":\"https:\\\/\\\/radioljubuski.ba\\\/wp-content\\\/uploads\\\/2021\\\/02\\\/cropped-Radio_Ljubuski_logo1.jpg\",\"width\":512,\"height\":512,\"caption\":\"Radio Ljubu\u0161ki\"},\"image\":{\"@id\":\"https:\\\/\\\/radioljubuski.ba\\\/#\\\/schema\\\/logo\\\/image\\\/\"},\"sameAs\":[\"https:\\\/\\\/www.facebook.com\\\/Radiio-Ljubuski-1490835324566332\",\"https:\\\/\\\/x.com\\\/radioljubuski\",\"https:\\\/\\\/hr.linkedin.com\\\/company\\\/radio-ljubuski\",\"https:\\\/\\\/www.youtube.com\\\/channel\\\/UCHYaeO_n0Db3tjNGudGpXyw\"]},{\"@type\":\"Person\",\"@id\":\"https:\\\/\\\/radioljubuski.ba\\\/#\\\/schema\\\/person\\\/19fc700381a780f69665d7956c469e3b\",\"name\":\"Radio Ljubu\u0161ki\"}]}<\/script>\n<!-- \/ Yoast SEO plugin. -->","yoast_head_json":{"title":"Robot slomio prst dje\u010daku na \u0161ahovskom me\u010du - RADIO LJUBU\u0160KI","robots":{"index":"index","follow":"follow","max-snippet":"max-snippet:-1","max-image-preview":"max-image-preview:large","max-video-preview":"max-video-preview:-1"},"canonical":"https:\/\/radioljubuski.ba\/index.php\/2022\/07\/25\/robot-slomio-prst-djecaku-na-sahovskom-mecu\/","og_locale":"hr_HR","og_type":"article","og_title":"Robot slomio prst dje\u010daku na \u0161ahovskom me\u010du - RADIO LJUBU\u0160KI","og_description":"Robot je slomio prst sedmogodi\u0161njem dje\u010daku na \u0161ahovskom me\u010du odr\u017eanom pro\u0161li tjedan u Moskvi, objavio je u nedjelju BBC navode\u0107i ruske medije. \u201cRobot je slomio dje\u010daku prst,\u201d rekao je Sergej Lazarev, predsjednik Moskovske \u0161ahovske federacije za agenciju Tass. Video snimka podijeljena na dru\u0161tvenim mre\u017eama pokazuje robota koji uzima jednog od dje\u010dakovih figurica. Dje\u010dak potom vu\u010de [&hellip;]","og_url":"https:\/\/radioljubuski.ba\/index.php\/2022\/07\/25\/robot-slomio-prst-djecaku-na-sahovskom-mecu\/","og_site_name":"RADIO LJUBU\u0160KI","article_publisher":"https:\/\/www.facebook.com\/Radiio-Ljubuski-1490835324566332","article_published_time":"2022-07-25T09:51:01+00:00","article_modified_time":"2022-07-25T09:51:02+00:00","og_image":[{"width":1000,"height":625,"url":"https:\/\/radioljubuski.ba\/wp-content\/uploads\/2022\/07\/DHsUSnKI_Sahovsko_prvenstvo.jpg","type":"image\/jpeg"}],"author":"Radio Ljubu\u0161ki","twitter_card":"summary_large_image","twitter_creator":"@radioljubuski","twitter_site":"@radioljubuski","twitter_misc":{"Napisao\/la":"Radio Ljubu\u0161ki","Procijenjeno vrijeme \u010ditanja":"1 minuta"},"schema":{"@context":"https:\/\/schema.org","@graph":[{"@type":"Article","@id":"https:\/\/radioljubuski.ba\/index.php\/2022\/07\/25\/robot-slomio-prst-djecaku-na-sahovskom-mecu\/#article","isPartOf":{"@id":"https:\/\/radioljubuski.ba\/index.php\/2022\/07\/25\/robot-slomio-prst-djecaku-na-sahovskom-mecu\/"},"author":{"name":"Radio Ljubu\u0161ki","@id":"https:\/\/radioljubuski.ba\/#\/schema\/person\/19fc700381a780f69665d7956c469e3b"},"headline":"Robot slomio prst dje\u010daku na \u0161ahovskom me\u010du","datePublished":"2022-07-25T09:51:01+00:00","dateModified":"2022-07-25T09:51:02+00:00","mainEntityOfPage":{"@id":"https:\/\/radioljubuski.ba\/index.php\/2022\/07\/25\/robot-slomio-prst-djecaku-na-sahovskom-mecu\/"},"wordCount":131,"publisher":{"@id":"https:\/\/radioljubuski.ba\/#organization"},"image":{"@id":"https:\/\/radioljubuski.ba\/index.php\/2022\/07\/25\/robot-slomio-prst-djecaku-na-sahovskom-mecu\/#primaryimage"},"thumbnailUrl":"https:\/\/radioljubuski.ba\/wp-content\/uploads\/2022\/07\/DHsUSnKI_Sahovsko_prvenstvo.jpg","articleSection":["BIH i regija"],"inLanguage":"hr"},{"@type":"WebPage","@id":"https:\/\/radioljubuski.ba\/index.php\/2022\/07\/25\/robot-slomio-prst-djecaku-na-sahovskom-mecu\/","url":"https:\/\/radioljubuski.ba\/index.php\/2022\/07\/25\/robot-slomio-prst-djecaku-na-sahovskom-mecu\/","name":"Robot slomio prst dje\u010daku na \u0161ahovskom me\u010du - RADIO LJUBU\u0160KI","isPartOf":{"@id":"https:\/\/radioljubuski.ba\/#website"},"primaryImageOfPage":{"@id":"https:\/\/radioljubuski.ba\/index.php\/2022\/07\/25\/robot-slomio-prst-djecaku-na-sahovskom-mecu\/#primaryimage"},"image":{"@id":"https:\/\/radioljubuski.ba\/index.php\/2022\/07\/25\/robot-slomio-prst-djecaku-na-sahovskom-mecu\/#primaryimage"},"thumbnailUrl":"https:\/\/radioljubuski.ba\/wp-content\/uploads\/2022\/07\/DHsUSnKI_Sahovsko_prvenstvo.jpg","datePublished":"2022-07-25T09:51:01+00:00","dateModified":"2022-07-25T09:51:02+00:00","breadcrumb":{"@id":"https:\/\/radioljubuski.ba\/index.php\/2022\/07\/25\/robot-slomio-prst-djecaku-na-sahovskom-mecu\/#breadcrumb"},"inLanguage":"hr","potentialAction":[{"@type":"ReadAction","target":["https:\/\/radioljubuski.ba\/index.php\/2022\/07\/25\/robot-slomio-prst-djecaku-na-sahovskom-mecu\/"]}]},{"@type":"ImageObject","inLanguage":"hr","@id":"https:\/\/radioljubuski.ba\/index.php\/2022\/07\/25\/robot-slomio-prst-djecaku-na-sahovskom-mecu\/#primaryimage","url":"https:\/\/radioljubuski.ba\/wp-content\/uploads\/2022\/07\/DHsUSnKI_Sahovsko_prvenstvo.jpg","contentUrl":"https:\/\/radioljubuski.ba\/wp-content\/uploads\/2022\/07\/DHsUSnKI_Sahovsko_prvenstvo.jpg","width":1000,"height":625},{"@type":"BreadcrumbList","@id":"https:\/\/radioljubuski.ba\/index.php\/2022\/07\/25\/robot-slomio-prst-djecaku-na-sahovskom-mecu\/#breadcrumb","itemListElement":[{"@type":"ListItem","position":1,"name":"Po\u010detna stranica","item":"https:\/\/radioljubuski.ba\/"},{"@type":"ListItem","position":2,"name":"Robot slomio prst dje\u010daku na \u0161ahovskom me\u010du"}]},{"@type":"WebSite","@id":"https:\/\/radioljubuski.ba\/#website","url":"https:\/\/radioljubuski.ba\/","name":"Radio Ljubu\u0161ki","description":"Sun\u010dana frekvencija Hercegovine","publisher":{"@id":"https:\/\/radioljubuski.ba\/#organization"},"potentialAction":[{"@type":"SearchAction","target":{"@type":"EntryPoint","urlTemplate":"https:\/\/radioljubuski.ba\/?s={search_term_string}"},"query-input":{"@type":"PropertyValueSpecification","valueRequired":true,"valueName":"search_term_string"}}],"inLanguage":"hr"},{"@type":"Organization","@id":"https:\/\/radioljubuski.ba\/#organization","name":"Radio Ljubu\u0161ki","url":"https:\/\/radioljubuski.ba\/","logo":{"@type":"ImageObject","inLanguage":"hr","@id":"https:\/\/radioljubuski.ba\/#\/schema\/logo\/image\/","url":"https:\/\/radioljubuski.ba\/wp-content\/uploads\/2021\/02\/cropped-Radio_Ljubuski_logo1.jpg","contentUrl":"https:\/\/radioljubuski.ba\/wp-content\/uploads\/2021\/02\/cropped-Radio_Ljubuski_logo1.jpg","width":512,"height":512,"caption":"Radio Ljubu\u0161ki"},"image":{"@id":"https:\/\/radioljubuski.ba\/#\/schema\/logo\/image\/"},"sameAs":["https:\/\/www.facebook.com\/Radiio-Ljubuski-1490835324566332","https:\/\/x.com\/radioljubuski","https:\/\/hr.linkedin.com\/company\/radio-ljubuski","https:\/\/www.youtube.com\/channel\/UCHYaeO_n0Db3tjNGudGpXyw"]},{"@type":"Person","@id":"https:\/\/radioljubuski.ba\/#\/schema\/person\/19fc700381a780f69665d7956c469e3b","name":"Radio Ljubu\u0161ki"}]}},"_links":{"self":[{"href":"https:\/\/radioljubuski.ba\/index.php\/wp-json\/wp\/v2\/posts\/163122","targetHints":{"allow":["GET"]}}],"collection":[{"href":"https:\/\/radioljubuski.ba\/index.php\/wp-json\/wp\/v2\/posts"}],"about":[{"href":"https:\/\/radioljubuski.ba\/index.php\/wp-json\/wp\/v2\/types\/post"}],"author":[{"embeddable":true,"href":"https:\/\/radioljubuski.ba\/index.php\/wp-json\/wp\/v2\/users\/2"}],"replies":[{"embeddable":true,"href":"https:\/\/radioljubuski.ba\/index.php\/wp-json\/wp\/v2\/comments?post=163122"}],"version-history":[{"count":1,"href":"https:\/\/radioljubuski.ba\/index.php\/wp-json\/wp\/v2\/posts\/163122\/revisions"}],"predecessor-version":[{"id":163124,"href":"https:\/\/radioljubuski.ba\/index.php\/wp-json\/wp\/v2\/posts\/163122\/revisions\/163124"}],"wp:featuredmedia":[{"embeddable":true,"href":"https:\/\/radioljubuski.ba\/index.php\/wp-json\/wp\/v2\/media\/163123"}],"wp:attachment":[{"href":"https:\/\/radioljubuski.ba\/index.php\/wp-json\/wp\/v2\/media?parent=163122"}],"wp:term":[{"taxonomy":"category","embeddable":true,"href":"https:\/\/radioljubuski.ba\/index.php\/wp-json\/wp\/v2\/categories?post=163122"},{"taxonomy":"post_tag","embeddable":true,"href":"https:\/\/radioljubuski.ba\/index.php\/wp-json\/wp\/v2\/tags?post=163122"}],"curies":[{"name":"wp","href":"https:\/\/api.w.org\/{rel}","templated":true}]}}