{"id":163127,"date":"2022-07-25T10:53:31","date_gmt":"2022-07-25T09:53:31","guid":{"rendered":"https:\/\/radioljubuski.ba\/?p=163127"},"modified":"2022-07-25T10:53:32","modified_gmt":"2022-07-25T09:53:32","slug":"scholz-i-njegova-supruga-bacili-u-smece-strogo-povjerljive-dokumente","status":"publish","type":"post","link":"https:\/\/radioljubuski.ba\/index.php\/2022\/07\/25\/scholz-i-njegova-supruga-bacili-u-smece-strogo-povjerljive-dokumente\/","title":{"rendered":"Scholz i njegova supruga bacili u sme\u0107e strogo povjerljive dokumente"},"content":{"rendered":"\n<p>Strogo povjerljivi dokumenti njema\u010dke vlade prona\u0111eni su razbacani ispred privatnog stana kancelara Olafa Scholza nakon \u0161to su mu lisice rastrgle vre\u0107e za sme\u0107e, pi\u0161e The Telegraph.<\/p>\n\n\n\n<p>Olaf Scholz kritiziran je zbog bacanja povjerljivih informacija u kantu nakon \u0161to su susjedi u Potsdamu, na periferiji Berlina, prona\u0161li nekoliko papira sa oznakom povjerljivo razbacane po ulici ispred njihove ku\u0107e.<\/p>\n\n\n\n<p>Dokumenti se uglavnom odnose na kancelarovu suprugu Britu Ernst, koja je ministrica obrazovanja u pokrajini Brandenburg, \u010diji je glavni grad Potsdam. Susjedi su za njema\u010dke medije rekle da je na prvi pogled jasno da su dokumenti, koji nisu bili isje\u010deni, vladini brifinzi koji strogo nisu za javnu upotrebu.<\/p>\n\n\n\n<p>Sme\u0107e, koje su vidjeli mediji, uklju\u010divalo je brifing koji je izradilo ministarstvo vanjskih poslova zemlje sa informacijama o nadolaze\u0107em summitu G7, uklju\u010duju\u0107i pojedinosti o svakom od partnera \u010delnika G7, prenosi Jutarnji pisanje Telegraph-a.<\/p>\n\n\n\n<p>Nekoliko dokumenata imalo je oznaku &#8220;VS povjerljivo&#8221;, \u0161to je najvi\u0161i standard za dokumente vlade.<\/p>\n\n\n\n<p>Tko zna \u0161to jo\u0161 ima u Scholzovom sme\u0107u.&nbsp;<\/p>\n\n\n\n<p>Izvor:pogled.ba<\/p>\n","protected":false},"excerpt":{"rendered":"<p>Strogo povjerljivi dokumenti njema\u010dke vlade prona\u0111eni su razbacani ispred privatnog stana kancelara Olafa Scholza nakon \u0161to su mu lisice rastrgle vre\u0107e za sme\u0107e, pi\u0161e The Telegraph. Olaf Scholz kritiziran je zbog bacanja povjerljivih informacija u kantu nakon \u0161to su susjedi u Potsdamu, na periferiji Berlina, prona\u0161li nekoliko papira sa oznakom povjerljivo razbacane po ulici ispred [&hellip;]<\/p>\n","protected":false},"author":2,"featured_media":114912,"comment_status":"closed","ping_status":"closed","sticky":false,"template":"","format":"standard","meta":{"h5ap_radio_sources":[],"footnotes":""},"categories":[1],"tags":[],"class_list":["post-163127","post","type-post","status-publish","format-standard","has-post-thumbnail","hentry","category-bihiregija"],"yoast_head":"<!-- This site is optimized with the Yoast SEO plugin v27.5 - https:\/\/yoast.com\/product\/yoast-seo-wordpress\/ -->\n<title>Scholz i njegova supruga bacili u sme\u0107e strogo povjerljive dokumente - RADIO LJUBU\u0160KI<\/title>\n<meta name=\"robots\" content=\"index, follow, max-snippet:-1, max-image-preview:large, max-video-preview:-1\" \/>\n<link rel=\"canonical\" href=\"https:\/\/radioljubuski.ba\/index.php\/2022\/07\/25\/scholz-i-njegova-supruga-bacili-u-smece-strogo-povjerljive-dokumente\/\" \/>\n<meta property=\"og:locale\" content=\"hr_HR\" \/>\n<meta property=\"og:type\" content=\"article\" \/>\n<meta property=\"og:title\" content=\"Scholz i njegova supruga bacili u sme\u0107e strogo povjerljive dokumente - RADIO LJUBU\u0160KI\" \/>\n<meta property=\"og:description\" content=\"Strogo povjerljivi dokumenti njema\u010dke vlade prona\u0111eni su razbacani ispred privatnog stana kancelara Olafa Scholza nakon \u0161to su mu lisice rastrgle vre\u0107e za sme\u0107e, pi\u0161e The Telegraph. Olaf Scholz kritiziran je zbog bacanja povjerljivih informacija u kantu nakon \u0161to su susjedi u Potsdamu, na periferiji Berlina, prona\u0161li nekoliko papira sa oznakom povjerljivo razbacane po ulici ispred [&hellip;]\" \/>\n<meta property=\"og:url\" content=\"https:\/\/radioljubuski.ba\/index.php\/2022\/07\/25\/scholz-i-njegova-supruga-bacili-u-smece-strogo-povjerljive-dokumente\/\" \/>\n<meta property=\"og:site_name\" content=\"RADIO LJUBU\u0160KI\" \/>\n<meta property=\"article:publisher\" content=\"https:\/\/www.facebook.com\/Radiio-Ljubuski-1490835324566332\" \/>\n<meta property=\"article:published_time\" content=\"2022-07-25T09:53:31+00:00\" \/>\n<meta property=\"article:modified_time\" content=\"2022-07-25T09:53:32+00:00\" \/>\n<meta property=\"og:image\" content=\"https:\/\/radioljubuski.ba\/wp-content\/uploads\/2022\/02\/8-2021-12-08-10-32-33-olaf-scholz-209_v-videowebm.jpg\" \/>\n\t<meta property=\"og:image:width\" content=\"1000\" \/>\n\t<meta property=\"og:image:height\" content=\"625\" \/>\n\t<meta property=\"og:image:type\" content=\"image\/jpeg\" \/>\n<meta name=\"author\" content=\"Radio Ljubu\u0161ki\" \/>\n<meta name=\"twitter:card\" content=\"summary_large_image\" \/>\n<meta name=\"twitter:creator\" content=\"@radioljubuski\" \/>\n<meta name=\"twitter:site\" content=\"@radioljubuski\" \/>\n<meta name=\"twitter:label1\" content=\"Napisao\/la\" \/>\n\t<meta name=\"twitter:data1\" content=\"Radio Ljubu\u0161ki\" \/>\n\t<meta name=\"twitter:label2\" content=\"Procijenjeno vrijeme \u010ditanja\" \/>\n\t<meta name=\"twitter:data2\" content=\"1 minuta\" \/>\n<script type=\"application\/ld+json\" class=\"yoast-schema-graph\">{\"@context\":\"https:\\\/\\\/schema.org\",\"@graph\":[{\"@type\":\"Article\",\"@id\":\"https:\\\/\\\/radioljubuski.ba\\\/index.php\\\/2022\\\/07\\\/25\\\/scholz-i-njegova-supruga-bacili-u-smece-strogo-povjerljive-dokumente\\\/#article\",\"isPartOf\":{\"@id\":\"https:\\\/\\\/radioljubuski.ba\\\/index.php\\\/2022\\\/07\\\/25\\\/scholz-i-njegova-supruga-bacili-u-smece-strogo-povjerljive-dokumente\\\/\"},\"author\":{\"name\":\"Radio Ljubu\u0161ki\",\"@id\":\"https:\\\/\\\/radioljubuski.ba\\\/#\\\/schema\\\/person\\\/19fc700381a780f69665d7956c469e3b\"},\"headline\":\"Scholz i njegova supruga bacili u sme\u0107e strogo povjerljive dokumente\",\"datePublished\":\"2022-07-25T09:53:31+00:00\",\"dateModified\":\"2022-07-25T09:53:32+00:00\",\"mainEntityOfPage\":{\"@id\":\"https:\\\/\\\/radioljubuski.ba\\\/index.php\\\/2022\\\/07\\\/25\\\/scholz-i-njegova-supruga-bacili-u-smece-strogo-povjerljive-dokumente\\\/\"},\"wordCount\":191,\"publisher\":{\"@id\":\"https:\\\/\\\/radioljubuski.ba\\\/#organization\"},\"image\":{\"@id\":\"https:\\\/\\\/radioljubuski.ba\\\/index.php\\\/2022\\\/07\\\/25\\\/scholz-i-njegova-supruga-bacili-u-smece-strogo-povjerljive-dokumente\\\/#primaryimage\"},\"thumbnailUrl\":\"https:\\\/\\\/radioljubuski.ba\\\/wp-content\\\/uploads\\\/2022\\\/02\\\/8-2021-12-08-10-32-33-olaf-scholz-209_v-videowebm.jpg\",\"articleSection\":[\"BIH i regija\"],\"inLanguage\":\"hr\"},{\"@type\":\"WebPage\",\"@id\":\"https:\\\/\\\/radioljubuski.ba\\\/index.php\\\/2022\\\/07\\\/25\\\/scholz-i-njegova-supruga-bacili-u-smece-strogo-povjerljive-dokumente\\\/\",\"url\":\"https:\\\/\\\/radioljubuski.ba\\\/index.php\\\/2022\\\/07\\\/25\\\/scholz-i-njegova-supruga-bacili-u-smece-strogo-povjerljive-dokumente\\\/\",\"name\":\"Scholz i njegova supruga bacili u sme\u0107e strogo povjerljive dokumente - RADIO LJUBU\u0160KI\",\"isPartOf\":{\"@id\":\"https:\\\/\\\/radioljubuski.ba\\\/#website\"},\"primaryImageOfPage\":{\"@id\":\"https:\\\/\\\/radioljubuski.ba\\\/index.php\\\/2022\\\/07\\\/25\\\/scholz-i-njegova-supruga-bacili-u-smece-strogo-povjerljive-dokumente\\\/#primaryimage\"},\"image\":{\"@id\":\"https:\\\/\\\/radioljubuski.ba\\\/index.php\\\/2022\\\/07\\\/25\\\/scholz-i-njegova-supruga-bacili-u-smece-strogo-povjerljive-dokumente\\\/#primaryimage\"},\"thumbnailUrl\":\"https:\\\/\\\/radioljubuski.ba\\\/wp-content\\\/uploads\\\/2022\\\/02\\\/8-2021-12-08-10-32-33-olaf-scholz-209_v-videowebm.jpg\",\"datePublished\":\"2022-07-25T09:53:31+00:00\",\"dateModified\":\"2022-07-25T09:53:32+00:00\",\"breadcrumb\":{\"@id\":\"https:\\\/\\\/radioljubuski.ba\\\/index.php\\\/2022\\\/07\\\/25\\\/scholz-i-njegova-supruga-bacili-u-smece-strogo-povjerljive-dokumente\\\/#breadcrumb\"},\"inLanguage\":\"hr\",\"potentialAction\":[{\"@type\":\"ReadAction\",\"target\":[\"https:\\\/\\\/radioljubuski.ba\\\/index.php\\\/2022\\\/07\\\/25\\\/scholz-i-njegova-supruga-bacili-u-smece-strogo-povjerljive-dokumente\\\/\"]}]},{\"@type\":\"ImageObject\",\"inLanguage\":\"hr\",\"@id\":\"https:\\\/\\\/radioljubuski.ba\\\/index.php\\\/2022\\\/07\\\/25\\\/scholz-i-njegova-supruga-bacili-u-smece-strogo-povjerljive-dokumente\\\/#primaryimage\",\"url\":\"https:\\\/\\\/radioljubuski.ba\\\/wp-content\\\/uploads\\\/2022\\\/02\\\/8-2021-12-08-10-32-33-olaf-scholz-209_v-videowebm.jpg\",\"contentUrl\":\"https:\\\/\\\/radioljubuski.ba\\\/wp-content\\\/uploads\\\/2022\\\/02\\\/8-2021-12-08-10-32-33-olaf-scholz-209_v-videowebm.jpg\",\"width\":1000,\"height\":625},{\"@type\":\"BreadcrumbList\",\"@id\":\"https:\\\/\\\/radioljubuski.ba\\\/index.php\\\/2022\\\/07\\\/25\\\/scholz-i-njegova-supruga-bacili-u-smece-strogo-povjerljive-dokumente\\\/#breadcrumb\",\"itemListElement\":[{\"@type\":\"ListItem\",\"position\":1,\"name\":\"Po\u010detna stranica\",\"item\":\"https:\\\/\\\/radioljubuski.ba\\\/\"},{\"@type\":\"ListItem\",\"position\":2,\"name\":\"Scholz i njegova supruga bacili u sme\u0107e strogo povjerljive dokumente\"}]},{\"@type\":\"WebSite\",\"@id\":\"https:\\\/\\\/radioljubuski.ba\\\/#website\",\"url\":\"https:\\\/\\\/radioljubuski.ba\\\/\",\"name\":\"Radio Ljubu\u0161ki\",\"description\":\"Sun\u010dana frekvencija Hercegovine\",\"publisher\":{\"@id\":\"https:\\\/\\\/radioljubuski.ba\\\/#organization\"},\"potentialAction\":[{\"@type\":\"SearchAction\",\"target\":{\"@type\":\"EntryPoint\",\"urlTemplate\":\"https:\\\/\\\/radioljubuski.ba\\\/?s={search_term_string}\"},\"query-input\":{\"@type\":\"PropertyValueSpecification\",\"valueRequired\":true,\"valueName\":\"search_term_string\"}}],\"inLanguage\":\"hr\"},{\"@type\":\"Organization\",\"@id\":\"https:\\\/\\\/radioljubuski.ba\\\/#organization\",\"name\":\"Radio Ljubu\u0161ki\",\"url\":\"https:\\\/\\\/radioljubuski.ba\\\/\",\"logo\":{\"@type\":\"ImageObject\",\"inLanguage\":\"hr\",\"@id\":\"https:\\\/\\\/radioljubuski.ba\\\/#\\\/schema\\\/logo\\\/image\\\/\",\"url\":\"https:\\\/\\\/radioljubuski.ba\\\/wp-content\\\/uploads\\\/2021\\\/02\\\/cropped-Radio_Ljubuski_logo1.jpg\",\"contentUrl\":\"https:\\\/\\\/radioljubuski.ba\\\/wp-content\\\/uploads\\\/2021\\\/02\\\/cropped-Radio_Ljubuski_logo1.jpg\",\"width\":512,\"height\":512,\"caption\":\"Radio Ljubu\u0161ki\"},\"image\":{\"@id\":\"https:\\\/\\\/radioljubuski.ba\\\/#\\\/schema\\\/logo\\\/image\\\/\"},\"sameAs\":[\"https:\\\/\\\/www.facebook.com\\\/Radiio-Ljubuski-1490835324566332\",\"https:\\\/\\\/x.com\\\/radioljubuski\",\"https:\\\/\\\/hr.linkedin.com\\\/company\\\/radio-ljubuski\",\"https:\\\/\\\/www.youtube.com\\\/channel\\\/UCHYaeO_n0Db3tjNGudGpXyw\"]},{\"@type\":\"Person\",\"@id\":\"https:\\\/\\\/radioljubuski.ba\\\/#\\\/schema\\\/person\\\/19fc700381a780f69665d7956c469e3b\",\"name\":\"Radio Ljubu\u0161ki\"}]}<\/script>\n<!-- \/ Yoast SEO plugin. -->","yoast_head_json":{"title":"Scholz i njegova supruga bacili u sme\u0107e strogo povjerljive dokumente - RADIO LJUBU\u0160KI","robots":{"index":"index","follow":"follow","max-snippet":"max-snippet:-1","max-image-preview":"max-image-preview:large","max-video-preview":"max-video-preview:-1"},"canonical":"https:\/\/radioljubuski.ba\/index.php\/2022\/07\/25\/scholz-i-njegova-supruga-bacili-u-smece-strogo-povjerljive-dokumente\/","og_locale":"hr_HR","og_type":"article","og_title":"Scholz i njegova supruga bacili u sme\u0107e strogo povjerljive dokumente - RADIO LJUBU\u0160KI","og_description":"Strogo povjerljivi dokumenti njema\u010dke vlade prona\u0111eni su razbacani ispred privatnog stana kancelara Olafa Scholza nakon \u0161to su mu lisice rastrgle vre\u0107e za sme\u0107e, pi\u0161e The Telegraph. Olaf Scholz kritiziran je zbog bacanja povjerljivih informacija u kantu nakon \u0161to su susjedi u Potsdamu, na periferiji Berlina, prona\u0161li nekoliko papira sa oznakom povjerljivo razbacane po ulici ispred [&hellip;]","og_url":"https:\/\/radioljubuski.ba\/index.php\/2022\/07\/25\/scholz-i-njegova-supruga-bacili-u-smece-strogo-povjerljive-dokumente\/","og_site_name":"RADIO LJUBU\u0160KI","article_publisher":"https:\/\/www.facebook.com\/Radiio-Ljubuski-1490835324566332","article_published_time":"2022-07-25T09:53:31+00:00","article_modified_time":"2022-07-25T09:53:32+00:00","og_image":[{"width":1000,"height":625,"url":"https:\/\/radioljubuski.ba\/wp-content\/uploads\/2022\/02\/8-2021-12-08-10-32-33-olaf-scholz-209_v-videowebm.jpg","type":"image\/jpeg"}],"author":"Radio Ljubu\u0161ki","twitter_card":"summary_large_image","twitter_creator":"@radioljubuski","twitter_site":"@radioljubuski","twitter_misc":{"Napisao\/la":"Radio Ljubu\u0161ki","Procijenjeno vrijeme \u010ditanja":"1 minuta"},"schema":{"@context":"https:\/\/schema.org","@graph":[{"@type":"Article","@id":"https:\/\/radioljubuski.ba\/index.php\/2022\/07\/25\/scholz-i-njegova-supruga-bacili-u-smece-strogo-povjerljive-dokumente\/#article","isPartOf":{"@id":"https:\/\/radioljubuski.ba\/index.php\/2022\/07\/25\/scholz-i-njegova-supruga-bacili-u-smece-strogo-povjerljive-dokumente\/"},"author":{"name":"Radio Ljubu\u0161ki","@id":"https:\/\/radioljubuski.ba\/#\/schema\/person\/19fc700381a780f69665d7956c469e3b"},"headline":"Scholz i njegova supruga bacili u sme\u0107e strogo povjerljive dokumente","datePublished":"2022-07-25T09:53:31+00:00","dateModified":"2022-07-25T09:53:32+00:00","mainEntityOfPage":{"@id":"https:\/\/radioljubuski.ba\/index.php\/2022\/07\/25\/scholz-i-njegova-supruga-bacili-u-smece-strogo-povjerljive-dokumente\/"},"wordCount":191,"publisher":{"@id":"https:\/\/radioljubuski.ba\/#organization"},"image":{"@id":"https:\/\/radioljubuski.ba\/index.php\/2022\/07\/25\/scholz-i-njegova-supruga-bacili-u-smece-strogo-povjerljive-dokumente\/#primaryimage"},"thumbnailUrl":"https:\/\/radioljubuski.ba\/wp-content\/uploads\/2022\/02\/8-2021-12-08-10-32-33-olaf-scholz-209_v-videowebm.jpg","articleSection":["BIH i regija"],"inLanguage":"hr"},{"@type":"WebPage","@id":"https:\/\/radioljubuski.ba\/index.php\/2022\/07\/25\/scholz-i-njegova-supruga-bacili-u-smece-strogo-povjerljive-dokumente\/","url":"https:\/\/radioljubuski.ba\/index.php\/2022\/07\/25\/scholz-i-njegova-supruga-bacili-u-smece-strogo-povjerljive-dokumente\/","name":"Scholz i njegova supruga bacili u sme\u0107e strogo povjerljive dokumente - RADIO LJUBU\u0160KI","isPartOf":{"@id":"https:\/\/radioljubuski.ba\/#website"},"primaryImageOfPage":{"@id":"https:\/\/radioljubuski.ba\/index.php\/2022\/07\/25\/scholz-i-njegova-supruga-bacili-u-smece-strogo-povjerljive-dokumente\/#primaryimage"},"image":{"@id":"https:\/\/radioljubuski.ba\/index.php\/2022\/07\/25\/scholz-i-njegova-supruga-bacili-u-smece-strogo-povjerljive-dokumente\/#primaryimage"},"thumbnailUrl":"https:\/\/radioljubuski.ba\/wp-content\/uploads\/2022\/02\/8-2021-12-08-10-32-33-olaf-scholz-209_v-videowebm.jpg","datePublished":"2022-07-25T09:53:31+00:00","dateModified":"2022-07-25T09:53:32+00:00","breadcrumb":{"@id":"https:\/\/radioljubuski.ba\/index.php\/2022\/07\/25\/scholz-i-njegova-supruga-bacili-u-smece-strogo-povjerljive-dokumente\/#breadcrumb"},"inLanguage":"hr","potentialAction":[{"@type":"ReadAction","target":["https:\/\/radioljubuski.ba\/index.php\/2022\/07\/25\/scholz-i-njegova-supruga-bacili-u-smece-strogo-povjerljive-dokumente\/"]}]},{"@type":"ImageObject","inLanguage":"hr","@id":"https:\/\/radioljubuski.ba\/index.php\/2022\/07\/25\/scholz-i-njegova-supruga-bacili-u-smece-strogo-povjerljive-dokumente\/#primaryimage","url":"https:\/\/radioljubuski.ba\/wp-content\/uploads\/2022\/02\/8-2021-12-08-10-32-33-olaf-scholz-209_v-videowebm.jpg","contentUrl":"https:\/\/radioljubuski.ba\/wp-content\/uploads\/2022\/02\/8-2021-12-08-10-32-33-olaf-scholz-209_v-videowebm.jpg","width":1000,"height":625},{"@type":"BreadcrumbList","@id":"https:\/\/radioljubuski.ba\/index.php\/2022\/07\/25\/scholz-i-njegova-supruga-bacili-u-smece-strogo-povjerljive-dokumente\/#breadcrumb","itemListElement":[{"@type":"ListItem","position":1,"name":"Po\u010detna stranica","item":"https:\/\/radioljubuski.ba\/"},{"@type":"ListItem","position":2,"name":"Scholz i njegova supruga bacili u sme\u0107e strogo povjerljive dokumente"}]},{"@type":"WebSite","@id":"https:\/\/radioljubuski.ba\/#website","url":"https:\/\/radioljubuski.ba\/","name":"Radio Ljubu\u0161ki","description":"Sun\u010dana frekvencija Hercegovine","publisher":{"@id":"https:\/\/radioljubuski.ba\/#organization"},"potentialAction":[{"@type":"SearchAction","target":{"@type":"EntryPoint","urlTemplate":"https:\/\/radioljubuski.ba\/?s={search_term_string}"},"query-input":{"@type":"PropertyValueSpecification","valueRequired":true,"valueName":"search_term_string"}}],"inLanguage":"hr"},{"@type":"Organization","@id":"https:\/\/radioljubuski.ba\/#organization","name":"Radio Ljubu\u0161ki","url":"https:\/\/radioljubuski.ba\/","logo":{"@type":"ImageObject","inLanguage":"hr","@id":"https:\/\/radioljubuski.ba\/#\/schema\/logo\/image\/","url":"https:\/\/radioljubuski.ba\/wp-content\/uploads\/2021\/02\/cropped-Radio_Ljubuski_logo1.jpg","contentUrl":"https:\/\/radioljubuski.ba\/wp-content\/uploads\/2021\/02\/cropped-Radio_Ljubuski_logo1.jpg","width":512,"height":512,"caption":"Radio Ljubu\u0161ki"},"image":{"@id":"https:\/\/radioljubuski.ba\/#\/schema\/logo\/image\/"},"sameAs":["https:\/\/www.facebook.com\/Radiio-Ljubuski-1490835324566332","https:\/\/x.com\/radioljubuski","https:\/\/hr.linkedin.com\/company\/radio-ljubuski","https:\/\/www.youtube.com\/channel\/UCHYaeO_n0Db3tjNGudGpXyw"]},{"@type":"Person","@id":"https:\/\/radioljubuski.ba\/#\/schema\/person\/19fc700381a780f69665d7956c469e3b","name":"Radio Ljubu\u0161ki"}]}},"_links":{"self":[{"href":"https:\/\/radioljubuski.ba\/index.php\/wp-json\/wp\/v2\/posts\/163127","targetHints":{"allow":["GET"]}}],"collection":[{"href":"https:\/\/radioljubuski.ba\/index.php\/wp-json\/wp\/v2\/posts"}],"about":[{"href":"https:\/\/radioljubuski.ba\/index.php\/wp-json\/wp\/v2\/types\/post"}],"author":[{"embeddable":true,"href":"https:\/\/radioljubuski.ba\/index.php\/wp-json\/wp\/v2\/users\/2"}],"replies":[{"embeddable":true,"href":"https:\/\/radioljubuski.ba\/index.php\/wp-json\/wp\/v2\/comments?post=163127"}],"version-history":[{"count":1,"href":"https:\/\/radioljubuski.ba\/index.php\/wp-json\/wp\/v2\/posts\/163127\/revisions"}],"predecessor-version":[{"id":163128,"href":"https:\/\/radioljubuski.ba\/index.php\/wp-json\/wp\/v2\/posts\/163127\/revisions\/163128"}],"wp:featuredmedia":[{"embeddable":true,"href":"https:\/\/radioljubuski.ba\/index.php\/wp-json\/wp\/v2\/media\/114912"}],"wp:attachment":[{"href":"https:\/\/radioljubuski.ba\/index.php\/wp-json\/wp\/v2\/media?parent=163127"}],"wp:term":[{"taxonomy":"category","embeddable":true,"href":"https:\/\/radioljubuski.ba\/index.php\/wp-json\/wp\/v2\/categories?post=163127"},{"taxonomy":"post_tag","embeddable":true,"href":"https:\/\/radioljubuski.ba\/index.php\/wp-json\/wp\/v2\/tags?post=163127"}],"curies":[{"name":"wp","href":"https:\/\/api.w.org\/{rel}","templated":true}]}}