{"id":163162,"date":"2022-07-25T11:03:51","date_gmt":"2022-07-25T10:03:51","guid":{"rendered":"https:\/\/radioljubuski.ba\/?p=163162"},"modified":"2022-07-25T11:03:53","modified_gmt":"2022-07-25T10:03:53","slug":"svecano-otkriven-spomenik-ubijenim-fratrima-iz-zupe-medugorje","status":"publish","type":"post","link":"https:\/\/radioljubuski.ba\/index.php\/2022\/07\/25\/svecano-otkriven-spomenik-ubijenim-fratrima-iz-zupe-medugorje\/","title":{"rendered":"Sve\u010dano otkriven spomenik ubijenim fratrima iz \u017eupe Me\u0111ugorje"},"content":{"rendered":"\n<p>Uo\u010di blagdana sv. Jakova, za\u0161titnika \u017eupe u Me\u0111ugorju je pored temelja stare crkve sve\u010dano otkriven spomenik sedmorici ubijenih fratara iz \u017eupe Me\u0111ugorje, a to su: fra Jozo Bencun, fra Marko Dragi\u0107evi\u0107, fra Mariofil Sivri\u0107, fra Grgo Vasilj i fra Jenko Vasilj, \u0161esti je fra Kri\u017ean Gali\u0107 koji je bio na slu\u017ebi u Me\u0111ugorju kad je ubijen, a sedmi fra Bernardin Smoljan, koji je ranije bio \u017eupnik u Me\u0111ugorju i sa \u017eupljanima je izgradio kri\u017e na Kri\u017eevcu. Spomenik je djelo akademskog kipara Tonija Kozari\u0107a. Mno\u0161tvo \u017eupljana, te hodo\u010dasnika koji se ovih dana nalaze u Me\u0111ugorju, nazo\u010dilo je ovom doga\u0111aju koji je od velikoga zna\u010denja, kako za \u017eupu Me\u0111ugorje tako i za njene \u017eupljane. Sve okupljene na po\u010detku je pozdravio me\u0111ugorski \u017eupnik, fra Marinko \u0160akota.<\/p>\n\n\n\n<p><em><strong>Tekst i foto: Mateo Ivankovi\u0107<\/strong><\/em><\/p>\n\n\n\n<p>\u201eOvo je trenutak zahvalnosti! Ovo je trenutak kada je dostojno i pravedno re\u0107i \u2018Hvala\u2019. Hvala Bogu dragom i Gospi Kraljici Mira na toliko ljubavi prema nama, prema \u017eupi Me\u0111ugorje. Hvala na izabranju na\u0161e \u017eupe za veliku misiju mira u svijetu. Hvala za sve milosti od turskih vremena kada su se fratri krili po ku\u0107ama, ali su donosili Evan\u0111elje ovom puku koji je ostao \u017eivjeti izme\u0111u ova dva zagrljena brda\u2026 Hvala mons. Aldi Cavalliju za podr\u0161ku i mnoge poticaje u ostvarenju ovoga prostora, kao i provincijalu fra Jozi Grbe\u0161u na dolasku i podr\u0161ci. Hvala Mariju Vasilju Totinu za puno toga, od ideje za spomenik i prostor, preko realizacije, sve do pripremanja ve\u010dera\u0161njeg programa. Hvala autoru spomenika akademskom kiparu Toniju Kozari\u0107u na otvorenosti bljesku ideje ovakvom spomeniku. Hvala ljevaonici \u201eJurki\u0107 d.o.o.\u201c koja je izradila kip u bronci, te Berislavu Kozini i Vinku Kosiru na anga\u017emanu i trudu. Izvo\u0111a\u010dima radova, na\u0161im djelatnicima, donatorima, a posebno vama \u017eupljanima hvala koji ste se odazvali u lijepom broju. Spomenik ubijenim fratrima postavljamo na prostoru gdje su oni kr\u0161teni i gdje su slavili svete mise i druge sakramente, a postavljamo ga uz Ulicu Franjeva\u010dkih mu\u010denika koja je upravo iza spomenika. Kad sam jednom mons. Cavalliju spomenuo kako je lijep ovaj ovdje prostor oko temelja stare crkve, mons. Cavalli mi je odgovorio: \u2018Ovom prostoru smo vratili dostojanstvo\u2019. Ovaj prostor ima posebno zna\u010denje za na\u0161e \u017eupljane, a vjerujem da \u0107e biti i za hodo\u010dasnike\u201c, kazao je fra Marinko naglasiv\u0161i da je ovo prostor molitve i sje\u0107anja, sje\u0107anja koje postaje molitva, te kad god budemo gledali ovaj spomenik u nama \u0107e se buditi misao o Uskrsnu\u0107u kako njih sedmorica zagrljeni u znaku kri\u017ea izviru iz Neretve i jama kao novi uskrsnuli.<\/p>\n\n\n\n<p>\u201eDok izviru puca \u017eica i pucaju okovi, a cvijeta novo stablo, novi \u017eivot ni\u010de. Kad god budemo gledali ovaj spomenik on \u0107e u nama buditi vjeru koju su njih sedmorica \u017eivjeli. A \u017eivjeli su je jer su je ponijeli iz svojih obitelji Bencuna, Dragi\u0107evi\u0107a, Gali\u0107a, Sivri\u0107a, Smoljana, Vasilja. To je ona vjera koja je do\u010dekala Gospu. To je ona vjera zbog koje je Gospa izabrala nas. To je ona vjera \u010dvrsta poput kamena \u017eivca s Kri\u017eevca i Podbrda. Zato postavljamo ovaj spomenik. Ne samo zbog njih sedmorice, nego zbog nas. Da ne bismo nikad izdali tu vjeru, da ne bismo nikad postali klimavi kamen kojeg mo\u017ee svaka neprilika, ideologija, duh dana\u0161njeg relativizma, trka za materijalnim, mlakost i ravnodu\u0161nost odgurnuti i smetnuti s puta, te odvesti u krivom smjeru koji nije Gospin. Ovo je mjesto molitve i sje\u0107anja koje nas poziva na \u017eivljenje Evan\u0111elja, na mir, pra\u0161tanje i ljubav. Ovo je mjesto uzora, uzora u \u017eivljenju Evan\u0111elja\u201c, kazao je fra Marinko \u0160akota, te na kraju citirao rije\u010di fra Otona Knezovi\u0107a: \u201eTreba potomstvu iznositi na vidjelo svjetle likove i velika djela otaca sna\u017enih u vjeri da se u njih ugleda, pa da i potomci budu dobri i po\u017ertvovni za op\u0107e dobro svoga naroda i cijeloga \u010dovje\u010danstva, za svetu vjeru i domovinu da budu sveti i hrabri \u010duvari i zagovaratelji narodnih i vjerskih prava\u201c.<\/p>\n\n\n\n<p>\u201eKr\u0161\u0107anstvo je zapo\u010delo mu\u010deni\u0161tvom i to \u0107e ga pratiti do kraja svijeta. No, unato\u010d tome, nije pokleknulo ve\u0107 se hrabro borilo za istinu na ovom svijetu. Zbog svega toga ve\u0107 prvi kr\u0161\u0107ani marljivo popisuju svoje mu\u010denike, da bi se prvo oni sami, a onda i budu\u0107i nara\u0161taji napajali na njihovu primjeru. Ne postoji razlog zbog \u010dega bi se smjelo izdati svoje svetinje. Dana\u0161nje suvremeno vrijeme govori o kulturi sje\u0107anja. Na\u017ealost ono se po\u010desto odvija po na\u010delu \u201epoliti\u010dke korektnosti\u201c i prirodno je da se ne dolazi do prave istine. Vicepostulatura postupka mu\u010deni\u0161tva \u201eFra Leo Petrovi\u0107 i 65 subra\u0107e\u201c u skladu s kr\u0161\u0107anskom duhovno\u0161\u0107u ve\u0107 godinama traga za punom istinom ma kakva ona bila o pobijenim \u010dlanovima Hercegova\u010dke franjeva\u010dke provincije. Tako i za istinom o ovoj sedmorici kojima danas otkrivamo ovaj spomenik. Te\u0161ko je u ovome trenutku sada re\u0107i tko \u0107e od 66 ubijenih franjevaca biti uzdignut na \u010dast oltara. Ovisi to o dokazima koje skupimo za njihovo mu\u010deni\u0161tvo. Me\u0111utim, neka samo jedan od njih postigne naslov mu\u010denika, on \u0107e svojom \u017ertvom osvijetliti \u017ertvu i svih ostalih pobijenih franjevaca, kao i \u017ertvu mno\u0161tva pobijenih \u010dlanova vjernoga puka Bo\u017ejega\u201c, kazao je izme\u0111u ostaloga fra Miljenko Mi\u0107a Stoji\u0107, vicepostulator postupka mu\u010deni\u0161tva \u201eFra Leo Petrovi\u0107 i 65 subra\u0107e\u201c.<\/p>\n\n\n\n<p>Svoje dojmove iznio je i mons. Aldo Cavalli, apostolski vizitator s posebnom ulogom za \u017eupu Me\u0111ugorje, kazav\u0161i da osobe kojih se ve\u010deras sje\u0107amo su u\u010dinile jednu jako, jako veliku stvar.<\/p>\n\n\n\n<p>\u201eDarovali su svoj \u017eivot. Ne rije\u010dima, nego krvlju, kao i Isus! Ostvarili su jedan svoj cilj svoga \u017eivota, jednu veliku ljubav prema Kristu Gospodinu, jednu veliku ljubav prema svom narodu. Gospodin Isus je njima darovao jednu misiju i poslanje, a to poslanje se ostvarivalo u ovoj zemlji i me\u0111u ovim narodom. Ostali su potpuno vjerni i poslanju i narodu. Shva\u0107aju da imaju jedno poslanje i ostvaruju ga \u017eivotom, tamo gdje se izvr\u0161ava i poslanje. Ove osobe kojih se sje\u0107amo ve\u010deras su nam primjer i model. I ja trebam tako \u010diniti i mi trebamo tako \u010diniti. Vjerni poslanju koje nam Gospodin Isus daruje i vjerni mjestu i narodu gdje izvr\u0161avamo poslanje. Sada slavimo jedan veliki doga\u0111aj, osobe koje su darovale \u017eivot da bi ostvarili dobro\u201c, kazao je mons. Aldo Cavalli.<\/p>\n\n\n\n<p>Na kraju samoga programa, svoje rije\u010di uputio je i fra Jozo Grbe\u0161, provincijal Hercegova\u010dke franjeva\u010dke provincije.<\/p>\n\n\n\n<p>\u201ePitam se \u010desto kako puno patnje je sadr\u017eano u imenu \u201eHrvatski puk\u201c. Kako puno spomenika i kri\u017eeva obilje\u017eene patnje na ovim prostorima na\u0161im ovdje i gdje Hrvati po\u010divaju. Kako puno patnje je sadr\u017eano u tom imenu patnje koja je nastavljena i nakon 1945. godine i razlila se diljem svijeta, pa je puk na\u0161 i Hercegovine i ostalih dijelova domovine ra\u0161iren diljem svijeta, zbog te patnje i s tom patnjom postao ono \u0161to jest. Pitam se koliko je patnje u tom imenu \u201eFratar ili habit\u201c na ovim na\u0161im prostorima. Pitam se to \u010desto da bismo bili dostojni kora\u010dati tim njihovim stopama. Ostavili su nam zavjet i zalog da \u010dovjek ne smije nikada \u010diniti kompromise istine i Krista. Meni ovaj prostor izgleda kao jedna predivna velika u\u010dionica. Ja bih volio da to i postane. Da ovo ne bude jedna od divnih skulptura na tragediju koja se dogodila nekada u nekom pro\u0161lom stolje\u0107u, nego da postane u\u010dionica savjesti, istine i vjere. Memorija koja podi\u017ee nove generacije. Ako nam ona ovdje bude u\u010dionica, onda kada pre\u0111emo prijeko do crkve mo\u017eemo za oltarom Gospodnjim re\u0107i \u201eHvala\u201c. I svaki put kazati \u201eHvala\u201c da bismo bili dostojni kora\u010dati njihovim stazama\u201c, kazao je fra Jozo Grbe\u0161.<\/p>\n\n\n\n<p>Nakon toga uslijedio je i sve\u010dani \u010din otkrivanja spomenika ubijenim fratrima iz \u017eupe Me\u0111ugorje, te zatim i sam blagoslov spomenika. Spomenik su zajedno otkrili mons. Aldo Cavalli i provincijal fra Jozo Grbe\u0161, a zatim je provincijal i blagoslovio spomenik.<\/p>\n\n\n\n<p>Voditeljica programa bila je Sanja Pehar. U glazbenom djelu nastupili su \u017eenska klapa \u201eMir\u201c, mu\u0161ka klapa \u201eConcordia\u201c, Lucija Zovko, fra Zvonimir Pavi\u010di\u0107 i sestra Irena Azinovi\u0107, a svojim sudjelovanjem u programu ovu ve\u010der su uveli\u010dali i Robert Pehar, te \u010dlanovi HKUD \u201eSveti Marko \u2013 Vionica\u201c i HKUD \u0160urmanci.<\/p>\n\n\n\n<p>Izvor:radio mir me\u0111ugorje<\/p>\n","protected":false},"excerpt":{"rendered":"<p>Uo\u010di blagdana sv. Jakova, za\u0161titnika \u017eupe u Me\u0111ugorju je pored temelja stare crkve sve\u010dano otkriven spomenik sedmorici ubijenih fratara iz \u017eupe Me\u0111ugorje, a to su: fra Jozo Bencun, fra Marko Dragi\u0107evi\u0107, fra Mariofil Sivri\u0107, fra Grgo Vasilj i fra Jenko Vasilj, \u0161esti je fra Kri\u017ean Gali\u0107 koji je bio na slu\u017ebi u Me\u0111ugorju kad je [&hellip;]<\/p>\n","protected":false},"author":2,"featured_media":163163,"comment_status":"closed","ping_status":"closed","sticky":false,"template":"","format":"standard","meta":{"h5ap_radio_sources":[],"footnotes":""},"categories":[1],"tags":[],"class_list":["post-163162","post","type-post","status-publish","format-standard","has-post-thumbnail","hentry","category-bihiregija"],"yoast_head":"<!-- This site is optimized with the Yoast SEO plugin v27.5 - https:\/\/yoast.com\/product\/yoast-seo-wordpress\/ -->\n<title>Sve\u010dano otkriven spomenik ubijenim fratrima iz \u017eupe Me\u0111ugorje - RADIO LJUBU\u0160KI<\/title>\n<meta name=\"robots\" content=\"index, follow, max-snippet:-1, max-image-preview:large, max-video-preview:-1\" \/>\n<link rel=\"canonical\" href=\"https:\/\/radioljubuski.ba\/index.php\/2022\/07\/25\/svecano-otkriven-spomenik-ubijenim-fratrima-iz-zupe-medugorje\/\" \/>\n<meta property=\"og:locale\" content=\"hr_HR\" \/>\n<meta property=\"og:type\" content=\"article\" \/>\n<meta property=\"og:title\" content=\"Sve\u010dano otkriven spomenik ubijenim fratrima iz \u017eupe Me\u0111ugorje - RADIO LJUBU\u0160KI\" \/>\n<meta property=\"og:description\" content=\"Uo\u010di blagdana sv. Jakova, za\u0161titnika \u017eupe u Me\u0111ugorju je pored temelja stare crkve sve\u010dano otkriven spomenik sedmorici ubijenih fratara iz \u017eupe Me\u0111ugorje, a to su: fra Jozo Bencun, fra Marko Dragi\u0107evi\u0107, fra Mariofil Sivri\u0107, fra Grgo Vasilj i fra Jenko Vasilj, \u0161esti je fra Kri\u017ean Gali\u0107 koji je bio na slu\u017ebi u Me\u0111ugorju kad je [&hellip;]\" \/>\n<meta property=\"og:url\" content=\"https:\/\/radioljubuski.ba\/index.php\/2022\/07\/25\/svecano-otkriven-spomenik-ubijenim-fratrima-iz-zupe-medugorje\/\" \/>\n<meta property=\"og:site_name\" content=\"RADIO LJUBU\u0160KI\" \/>\n<meta property=\"article:publisher\" content=\"https:\/\/www.facebook.com\/Radiio-Ljubuski-1490835324566332\" \/>\n<meta property=\"article:published_time\" content=\"2022-07-25T10:03:51+00:00\" \/>\n<meta property=\"article:modified_time\" content=\"2022-07-25T10:03:53+00:00\" \/>\n<meta property=\"og:image\" content=\"https:\/\/radioljubuski.ba\/wp-content\/uploads\/2022\/07\/22-1.jpg\" \/>\n\t<meta property=\"og:image:width\" content=\"1000\" \/>\n\t<meta property=\"og:image:height\" content=\"625\" \/>\n\t<meta property=\"og:image:type\" content=\"image\/jpeg\" \/>\n<meta name=\"author\" content=\"Radio Ljubu\u0161ki\" \/>\n<meta name=\"twitter:card\" content=\"summary_large_image\" \/>\n<meta name=\"twitter:creator\" content=\"@radioljubuski\" \/>\n<meta name=\"twitter:site\" content=\"@radioljubuski\" \/>\n<meta name=\"twitter:label1\" content=\"Napisao\/la\" \/>\n\t<meta name=\"twitter:data1\" content=\"Radio Ljubu\u0161ki\" \/>\n\t<meta name=\"twitter:label2\" content=\"Procijenjeno vrijeme \u010ditanja\" \/>\n\t<meta name=\"twitter:data2\" content=\"6 minuta\" \/>\n<script type=\"application\/ld+json\" class=\"yoast-schema-graph\">{\"@context\":\"https:\\\/\\\/schema.org\",\"@graph\":[{\"@type\":\"Article\",\"@id\":\"https:\\\/\\\/radioljubuski.ba\\\/index.php\\\/2022\\\/07\\\/25\\\/svecano-otkriven-spomenik-ubijenim-fratrima-iz-zupe-medugorje\\\/#article\",\"isPartOf\":{\"@id\":\"https:\\\/\\\/radioljubuski.ba\\\/index.php\\\/2022\\\/07\\\/25\\\/svecano-otkriven-spomenik-ubijenim-fratrima-iz-zupe-medugorje\\\/\"},\"author\":{\"name\":\"Radio Ljubu\u0161ki\",\"@id\":\"https:\\\/\\\/radioljubuski.ba\\\/#\\\/schema\\\/person\\\/19fc700381a780f69665d7956c469e3b\"},\"headline\":\"Sve\u010dano otkriven spomenik ubijenim fratrima iz \u017eupe Me\u0111ugorje\",\"datePublished\":\"2022-07-25T10:03:51+00:00\",\"dateModified\":\"2022-07-25T10:03:53+00:00\",\"mainEntityOfPage\":{\"@id\":\"https:\\\/\\\/radioljubuski.ba\\\/index.php\\\/2022\\\/07\\\/25\\\/svecano-otkriven-spomenik-ubijenim-fratrima-iz-zupe-medugorje\\\/\"},\"wordCount\":1448,\"publisher\":{\"@id\":\"https:\\\/\\\/radioljubuski.ba\\\/#organization\"},\"image\":{\"@id\":\"https:\\\/\\\/radioljubuski.ba\\\/index.php\\\/2022\\\/07\\\/25\\\/svecano-otkriven-spomenik-ubijenim-fratrima-iz-zupe-medugorje\\\/#primaryimage\"},\"thumbnailUrl\":\"https:\\\/\\\/radioljubuski.ba\\\/wp-content\\\/uploads\\\/2022\\\/07\\\/22-1.jpg\",\"articleSection\":[\"BIH i regija\"],\"inLanguage\":\"hr\"},{\"@type\":\"WebPage\",\"@id\":\"https:\\\/\\\/radioljubuski.ba\\\/index.php\\\/2022\\\/07\\\/25\\\/svecano-otkriven-spomenik-ubijenim-fratrima-iz-zupe-medugorje\\\/\",\"url\":\"https:\\\/\\\/radioljubuski.ba\\\/index.php\\\/2022\\\/07\\\/25\\\/svecano-otkriven-spomenik-ubijenim-fratrima-iz-zupe-medugorje\\\/\",\"name\":\"Sve\u010dano otkriven spomenik ubijenim fratrima iz \u017eupe Me\u0111ugorje - RADIO LJUBU\u0160KI\",\"isPartOf\":{\"@id\":\"https:\\\/\\\/radioljubuski.ba\\\/#website\"},\"primaryImageOfPage\":{\"@id\":\"https:\\\/\\\/radioljubuski.ba\\\/index.php\\\/2022\\\/07\\\/25\\\/svecano-otkriven-spomenik-ubijenim-fratrima-iz-zupe-medugorje\\\/#primaryimage\"},\"image\":{\"@id\":\"https:\\\/\\\/radioljubuski.ba\\\/index.php\\\/2022\\\/07\\\/25\\\/svecano-otkriven-spomenik-ubijenim-fratrima-iz-zupe-medugorje\\\/#primaryimage\"},\"thumbnailUrl\":\"https:\\\/\\\/radioljubuski.ba\\\/wp-content\\\/uploads\\\/2022\\\/07\\\/22-1.jpg\",\"datePublished\":\"2022-07-25T10:03:51+00:00\",\"dateModified\":\"2022-07-25T10:03:53+00:00\",\"breadcrumb\":{\"@id\":\"https:\\\/\\\/radioljubuski.ba\\\/index.php\\\/2022\\\/07\\\/25\\\/svecano-otkriven-spomenik-ubijenim-fratrima-iz-zupe-medugorje\\\/#breadcrumb\"},\"inLanguage\":\"hr\",\"potentialAction\":[{\"@type\":\"ReadAction\",\"target\":[\"https:\\\/\\\/radioljubuski.ba\\\/index.php\\\/2022\\\/07\\\/25\\\/svecano-otkriven-spomenik-ubijenim-fratrima-iz-zupe-medugorje\\\/\"]}]},{\"@type\":\"ImageObject\",\"inLanguage\":\"hr\",\"@id\":\"https:\\\/\\\/radioljubuski.ba\\\/index.php\\\/2022\\\/07\\\/25\\\/svecano-otkriven-spomenik-ubijenim-fratrima-iz-zupe-medugorje\\\/#primaryimage\",\"url\":\"https:\\\/\\\/radioljubuski.ba\\\/wp-content\\\/uploads\\\/2022\\\/07\\\/22-1.jpg\",\"contentUrl\":\"https:\\\/\\\/radioljubuski.ba\\\/wp-content\\\/uploads\\\/2022\\\/07\\\/22-1.jpg\",\"width\":1000,\"height\":625},{\"@type\":\"BreadcrumbList\",\"@id\":\"https:\\\/\\\/radioljubuski.ba\\\/index.php\\\/2022\\\/07\\\/25\\\/svecano-otkriven-spomenik-ubijenim-fratrima-iz-zupe-medugorje\\\/#breadcrumb\",\"itemListElement\":[{\"@type\":\"ListItem\",\"position\":1,\"name\":\"Po\u010detna stranica\",\"item\":\"https:\\\/\\\/radioljubuski.ba\\\/\"},{\"@type\":\"ListItem\",\"position\":2,\"name\":\"Sve\u010dano otkriven spomenik ubijenim fratrima iz \u017eupe Me\u0111ugorje\"}]},{\"@type\":\"WebSite\",\"@id\":\"https:\\\/\\\/radioljubuski.ba\\\/#website\",\"url\":\"https:\\\/\\\/radioljubuski.ba\\\/\",\"name\":\"Radio Ljubu\u0161ki\",\"description\":\"Sun\u010dana frekvencija Hercegovine\",\"publisher\":{\"@id\":\"https:\\\/\\\/radioljubuski.ba\\\/#organization\"},\"potentialAction\":[{\"@type\":\"SearchAction\",\"target\":{\"@type\":\"EntryPoint\",\"urlTemplate\":\"https:\\\/\\\/radioljubuski.ba\\\/?s={search_term_string}\"},\"query-input\":{\"@type\":\"PropertyValueSpecification\",\"valueRequired\":true,\"valueName\":\"search_term_string\"}}],\"inLanguage\":\"hr\"},{\"@type\":\"Organization\",\"@id\":\"https:\\\/\\\/radioljubuski.ba\\\/#organization\",\"name\":\"Radio Ljubu\u0161ki\",\"url\":\"https:\\\/\\\/radioljubuski.ba\\\/\",\"logo\":{\"@type\":\"ImageObject\",\"inLanguage\":\"hr\",\"@id\":\"https:\\\/\\\/radioljubuski.ba\\\/#\\\/schema\\\/logo\\\/image\\\/\",\"url\":\"https:\\\/\\\/radioljubuski.ba\\\/wp-content\\\/uploads\\\/2021\\\/02\\\/cropped-Radio_Ljubuski_logo1.jpg\",\"contentUrl\":\"https:\\\/\\\/radioljubuski.ba\\\/wp-content\\\/uploads\\\/2021\\\/02\\\/cropped-Radio_Ljubuski_logo1.jpg\",\"width\":512,\"height\":512,\"caption\":\"Radio Ljubu\u0161ki\"},\"image\":{\"@id\":\"https:\\\/\\\/radioljubuski.ba\\\/#\\\/schema\\\/logo\\\/image\\\/\"},\"sameAs\":[\"https:\\\/\\\/www.facebook.com\\\/Radiio-Ljubuski-1490835324566332\",\"https:\\\/\\\/x.com\\\/radioljubuski\",\"https:\\\/\\\/hr.linkedin.com\\\/company\\\/radio-ljubuski\",\"https:\\\/\\\/www.youtube.com\\\/channel\\\/UCHYaeO_n0Db3tjNGudGpXyw\"]},{\"@type\":\"Person\",\"@id\":\"https:\\\/\\\/radioljubuski.ba\\\/#\\\/schema\\\/person\\\/19fc700381a780f69665d7956c469e3b\",\"name\":\"Radio Ljubu\u0161ki\"}]}<\/script>\n<!-- \/ Yoast SEO plugin. -->","yoast_head_json":{"title":"Sve\u010dano otkriven spomenik ubijenim fratrima iz \u017eupe Me\u0111ugorje - RADIO LJUBU\u0160KI","robots":{"index":"index","follow":"follow","max-snippet":"max-snippet:-1","max-image-preview":"max-image-preview:large","max-video-preview":"max-video-preview:-1"},"canonical":"https:\/\/radioljubuski.ba\/index.php\/2022\/07\/25\/svecano-otkriven-spomenik-ubijenim-fratrima-iz-zupe-medugorje\/","og_locale":"hr_HR","og_type":"article","og_title":"Sve\u010dano otkriven spomenik ubijenim fratrima iz \u017eupe Me\u0111ugorje - RADIO LJUBU\u0160KI","og_description":"Uo\u010di blagdana sv. Jakova, za\u0161titnika \u017eupe u Me\u0111ugorju je pored temelja stare crkve sve\u010dano otkriven spomenik sedmorici ubijenih fratara iz \u017eupe Me\u0111ugorje, a to su: fra Jozo Bencun, fra Marko Dragi\u0107evi\u0107, fra Mariofil Sivri\u0107, fra Grgo Vasilj i fra Jenko Vasilj, \u0161esti je fra Kri\u017ean Gali\u0107 koji je bio na slu\u017ebi u Me\u0111ugorju kad je [&hellip;]","og_url":"https:\/\/radioljubuski.ba\/index.php\/2022\/07\/25\/svecano-otkriven-spomenik-ubijenim-fratrima-iz-zupe-medugorje\/","og_site_name":"RADIO LJUBU\u0160KI","article_publisher":"https:\/\/www.facebook.com\/Radiio-Ljubuski-1490835324566332","article_published_time":"2022-07-25T10:03:51+00:00","article_modified_time":"2022-07-25T10:03:53+00:00","og_image":[{"width":1000,"height":625,"url":"https:\/\/radioljubuski.ba\/wp-content\/uploads\/2022\/07\/22-1.jpg","type":"image\/jpeg"}],"author":"Radio Ljubu\u0161ki","twitter_card":"summary_large_image","twitter_creator":"@radioljubuski","twitter_site":"@radioljubuski","twitter_misc":{"Napisao\/la":"Radio Ljubu\u0161ki","Procijenjeno vrijeme \u010ditanja":"6 minuta"},"schema":{"@context":"https:\/\/schema.org","@graph":[{"@type":"Article","@id":"https:\/\/radioljubuski.ba\/index.php\/2022\/07\/25\/svecano-otkriven-spomenik-ubijenim-fratrima-iz-zupe-medugorje\/#article","isPartOf":{"@id":"https:\/\/radioljubuski.ba\/index.php\/2022\/07\/25\/svecano-otkriven-spomenik-ubijenim-fratrima-iz-zupe-medugorje\/"},"author":{"name":"Radio Ljubu\u0161ki","@id":"https:\/\/radioljubuski.ba\/#\/schema\/person\/19fc700381a780f69665d7956c469e3b"},"headline":"Sve\u010dano otkriven spomenik ubijenim fratrima iz \u017eupe Me\u0111ugorje","datePublished":"2022-07-25T10:03:51+00:00","dateModified":"2022-07-25T10:03:53+00:00","mainEntityOfPage":{"@id":"https:\/\/radioljubuski.ba\/index.php\/2022\/07\/25\/svecano-otkriven-spomenik-ubijenim-fratrima-iz-zupe-medugorje\/"},"wordCount":1448,"publisher":{"@id":"https:\/\/radioljubuski.ba\/#organization"},"image":{"@id":"https:\/\/radioljubuski.ba\/index.php\/2022\/07\/25\/svecano-otkriven-spomenik-ubijenim-fratrima-iz-zupe-medugorje\/#primaryimage"},"thumbnailUrl":"https:\/\/radioljubuski.ba\/wp-content\/uploads\/2022\/07\/22-1.jpg","articleSection":["BIH i regija"],"inLanguage":"hr"},{"@type":"WebPage","@id":"https:\/\/radioljubuski.ba\/index.php\/2022\/07\/25\/svecano-otkriven-spomenik-ubijenim-fratrima-iz-zupe-medugorje\/","url":"https:\/\/radioljubuski.ba\/index.php\/2022\/07\/25\/svecano-otkriven-spomenik-ubijenim-fratrima-iz-zupe-medugorje\/","name":"Sve\u010dano otkriven spomenik ubijenim fratrima iz \u017eupe Me\u0111ugorje - RADIO LJUBU\u0160KI","isPartOf":{"@id":"https:\/\/radioljubuski.ba\/#website"},"primaryImageOfPage":{"@id":"https:\/\/radioljubuski.ba\/index.php\/2022\/07\/25\/svecano-otkriven-spomenik-ubijenim-fratrima-iz-zupe-medugorje\/#primaryimage"},"image":{"@id":"https:\/\/radioljubuski.ba\/index.php\/2022\/07\/25\/svecano-otkriven-spomenik-ubijenim-fratrima-iz-zupe-medugorje\/#primaryimage"},"thumbnailUrl":"https:\/\/radioljubuski.ba\/wp-content\/uploads\/2022\/07\/22-1.jpg","datePublished":"2022-07-25T10:03:51+00:00","dateModified":"2022-07-25T10:03:53+00:00","breadcrumb":{"@id":"https:\/\/radioljubuski.ba\/index.php\/2022\/07\/25\/svecano-otkriven-spomenik-ubijenim-fratrima-iz-zupe-medugorje\/#breadcrumb"},"inLanguage":"hr","potentialAction":[{"@type":"ReadAction","target":["https:\/\/radioljubuski.ba\/index.php\/2022\/07\/25\/svecano-otkriven-spomenik-ubijenim-fratrima-iz-zupe-medugorje\/"]}]},{"@type":"ImageObject","inLanguage":"hr","@id":"https:\/\/radioljubuski.ba\/index.php\/2022\/07\/25\/svecano-otkriven-spomenik-ubijenim-fratrima-iz-zupe-medugorje\/#primaryimage","url":"https:\/\/radioljubuski.ba\/wp-content\/uploads\/2022\/07\/22-1.jpg","contentUrl":"https:\/\/radioljubuski.ba\/wp-content\/uploads\/2022\/07\/22-1.jpg","width":1000,"height":625},{"@type":"BreadcrumbList","@id":"https:\/\/radioljubuski.ba\/index.php\/2022\/07\/25\/svecano-otkriven-spomenik-ubijenim-fratrima-iz-zupe-medugorje\/#breadcrumb","itemListElement":[{"@type":"ListItem","position":1,"name":"Po\u010detna stranica","item":"https:\/\/radioljubuski.ba\/"},{"@type":"ListItem","position":2,"name":"Sve\u010dano otkriven spomenik ubijenim fratrima iz \u017eupe Me\u0111ugorje"}]},{"@type":"WebSite","@id":"https:\/\/radioljubuski.ba\/#website","url":"https:\/\/radioljubuski.ba\/","name":"Radio Ljubu\u0161ki","description":"Sun\u010dana frekvencija Hercegovine","publisher":{"@id":"https:\/\/radioljubuski.ba\/#organization"},"potentialAction":[{"@type":"SearchAction","target":{"@type":"EntryPoint","urlTemplate":"https:\/\/radioljubuski.ba\/?s={search_term_string}"},"query-input":{"@type":"PropertyValueSpecification","valueRequired":true,"valueName":"search_term_string"}}],"inLanguage":"hr"},{"@type":"Organization","@id":"https:\/\/radioljubuski.ba\/#organization","name":"Radio Ljubu\u0161ki","url":"https:\/\/radioljubuski.ba\/","logo":{"@type":"ImageObject","inLanguage":"hr","@id":"https:\/\/radioljubuski.ba\/#\/schema\/logo\/image\/","url":"https:\/\/radioljubuski.ba\/wp-content\/uploads\/2021\/02\/cropped-Radio_Ljubuski_logo1.jpg","contentUrl":"https:\/\/radioljubuski.ba\/wp-content\/uploads\/2021\/02\/cropped-Radio_Ljubuski_logo1.jpg","width":512,"height":512,"caption":"Radio Ljubu\u0161ki"},"image":{"@id":"https:\/\/radioljubuski.ba\/#\/schema\/logo\/image\/"},"sameAs":["https:\/\/www.facebook.com\/Radiio-Ljubuski-1490835324566332","https:\/\/x.com\/radioljubuski","https:\/\/hr.linkedin.com\/company\/radio-ljubuski","https:\/\/www.youtube.com\/channel\/UCHYaeO_n0Db3tjNGudGpXyw"]},{"@type":"Person","@id":"https:\/\/radioljubuski.ba\/#\/schema\/person\/19fc700381a780f69665d7956c469e3b","name":"Radio Ljubu\u0161ki"}]}},"_links":{"self":[{"href":"https:\/\/radioljubuski.ba\/index.php\/wp-json\/wp\/v2\/posts\/163162","targetHints":{"allow":["GET"]}}],"collection":[{"href":"https:\/\/radioljubuski.ba\/index.php\/wp-json\/wp\/v2\/posts"}],"about":[{"href":"https:\/\/radioljubuski.ba\/index.php\/wp-json\/wp\/v2\/types\/post"}],"author":[{"embeddable":true,"href":"https:\/\/radioljubuski.ba\/index.php\/wp-json\/wp\/v2\/users\/2"}],"replies":[{"embeddable":true,"href":"https:\/\/radioljubuski.ba\/index.php\/wp-json\/wp\/v2\/comments?post=163162"}],"version-history":[{"count":1,"href":"https:\/\/radioljubuski.ba\/index.php\/wp-json\/wp\/v2\/posts\/163162\/revisions"}],"predecessor-version":[{"id":163164,"href":"https:\/\/radioljubuski.ba\/index.php\/wp-json\/wp\/v2\/posts\/163162\/revisions\/163164"}],"wp:featuredmedia":[{"embeddable":true,"href":"https:\/\/radioljubuski.ba\/index.php\/wp-json\/wp\/v2\/media\/163163"}],"wp:attachment":[{"href":"https:\/\/radioljubuski.ba\/index.php\/wp-json\/wp\/v2\/media?parent=163162"}],"wp:term":[{"taxonomy":"category","embeddable":true,"href":"https:\/\/radioljubuski.ba\/index.php\/wp-json\/wp\/v2\/categories?post=163162"},{"taxonomy":"post_tag","embeddable":true,"href":"https:\/\/radioljubuski.ba\/index.php\/wp-json\/wp\/v2\/tags?post=163162"}],"curies":[{"name":"wp","href":"https:\/\/api.w.org\/{rel}","templated":true}]}}