{"id":163168,"date":"2022-07-25T11:07:49","date_gmt":"2022-07-25T10:07:49","guid":{"rendered":"https:\/\/radioljubuski.ba\/?p=163168"},"modified":"2022-07-25T11:07:50","modified_gmt":"2022-07-25T10:07:50","slug":"procurile-platne-liste-lijecnika-hubol-bijesan-ovo-je-huskanje-gradana","status":"publish","type":"post","link":"https:\/\/radioljubuski.ba\/index.php\/2022\/07\/25\/procurile-platne-liste-lijecnika-hubol-bijesan-ovo-je-huskanje-gradana\/","title":{"rendered":"Procurile platne liste lije\u010dnika: HUBOL bijesan, \u201eovo je hu\u0161kanje gra\u0111ana\u201c"},"content":{"rendered":"\n<p>Nekad popularni ministar zdravstva Vili Bero\u0161 ponovno je navukao bijes dijela kolega iz struke nakon \u0161to je u Jutarnjem objavljena lista najbolje pla\u0107enih lije\u010dnika.<\/p>\n\n\n\n<p>Tako se saznao da je lije\u010dnik iz Op\u0107e bolnice Dubrovnik dobio pla\u0107u za travanj koja je iznosila 57.400 kuna neto, odnosno 105.000 kuna bruto. Na\u0161lo se tu i drugih s pla\u0107ama debelo preko 40 tisu\u0107a kuna, a kako pi\u0161e Jutarnji, pla\u0107e iznad 30 tisu\u0107a kuna nisu rijetkost.<\/p>\n\n\n\n<p>Pojedinci iz lije\u010dnikih krugova ukazali su na to kako je znakovito da su platne liste procurile u javnost odmah nakon \u0161to vode\u0107e hrvatske lije\u010dni\u010dke udruge tra\u017eile podizanje koeficijenata, a posebno je \u017eestoko reagirala Hrvatska udruga bolni\u010dkih lije\u010dnika u kojoj su uvjereni da je ovo poku\u0161aj hu\u0161kanja gra\u0111ana na lije\u010dnike. Istovremeno su po\u017eurili dokazati da su pla\u0107e u zdravstvu malene. Tako su naveli dva primjera gdje lije\u010dnik specijalizant ima neto pla\u0107u od 8.649 kuna, a lije\u010dnik specijalist neto pla\u0107u 11.536 kuna.<\/p>\n\n\n\n<p>Njihovu objavu u kojoj te\u0161ko optu\u017euju ministra Bero\u0161a i tvrde da lije\u010dnici rade puno prekovremenih prenosimo u cijelosti.<\/p>\n\n\n\n<h2 class=\"wp-block-heading\">\u201cMoj tata \u017eivi u bolnici\u201d<\/h2>\n\n\n\n<p>\u201cMoj tata \u017eivi u bolnici i povremeno nas do\u0111e posjetiti doma\u201c rekao je dje\u010dak u vrti\u0107u, odgovaraju\u0107i na pitanje \u0161to je njegov otac po zanimanju. Njegov tata je \u2013 lije\u010dnik. Ova dje\u010dja iskrenost najbolje opisuje situaciju s 3 milijuna prekovremenih sati koje lije\u010dnici odrade u jednoj godini.<\/p>\n\n\n\n<p>Ministre, znate li koliko je zakonski dozvoljen godi\u0161nji broj prekovremenih sati? 180.<\/p>\n\n\n\n<p>Podaci objavljeni u medijima o lije\u010dnicima koji su, zbog nedostatka lije\u010dnika u njihovim bolnicama, primorani odra\u0111ivati vi\u0161e od 200 ili \u010dak vi\u0161e od 300 prekovremenih sati mjese\u010dno, su posljedica Va\u0161e neodgovornosti i ne\u010dinjenja, Ministre. Vi ste odgovorni zbog sustavnog i kontinuiranog kr\u0161enja Zakona o radu. Lije\u010dnici s takvom prekovremenom satnicom rade za dvoje ili \u010dak troje lije\u010dnika, a Ministarstvo je, plasiraju\u0107i njihove pla\u0107e u medije, na sre\u0107u neuspje\u0161no poku\u0161alo nahu\u0161kati gra\u0111ane na lije\u010dnike zbog visokih primanja. Jasno je da je, ministre Bero\u0161, Va\u0161e Ministarstvo plasiralo lije\u010dni\u010dke pla\u0107e u medije jer ste upravo Vi u zdravstvu jedini imali te podatke.<\/p>\n\n\n\n<p>Je li Vam namjera bila hu\u0161kati gra\u0111ane na lije\u010dnike koji mjese\u010dno odrade vi\u0161e od godi\u0161nje zakonom dozvoljenih 180 prekovremenih sati? Ti lije\u010dnici ba\u0161 svaki vikend provode rade\u0107i u bolnici, ti lije\u010dnici su de\u017eurni 15-tak puta mjese\u010dno po 24 sata! Bez njih, zdravstveni sustav prestaje funkcionirati.<\/p>\n\n\n\n<p>Vi zadnje dvije godine, a Va\u0161i prethodnici od 2013., gledate kako se zbog nedostatka lije\u010dnika kr\u0161i Zakon o radu, no ne poduzimate ni\u0161ta da to prestane! Za\u0161to ste nas uop\u0107e, Ministre, doveli do situacije da bez enormnog prekovremenog rada pojedinaca zdravstveni sustav pada na koljena, a bolnice mo\u017eete zatvoriti\u201d, pitaju se u HUBOL-u.<\/p>\n\n\n\n<h2 class=\"wp-block-heading\">Tra\u017ee bolje pla\u0107e<\/h2>\n\n\n\n<p>\u201cKada mislite da bi hrvatski lije\u010dnici kona\u010dno trebali po\u010deti raditi zakonito? Kada \u0107e na\u0161e pla\u0107e za redovan rad biti odgovaraju\u0107e za na\u0161u odgovornost, znanje, stru\u010dnost i dostojanstven \u017eivot? Radi li itko u Hrvatskoj iz mjeseca u mjesec, iz godine u godinu vi\u0161e od 100 prekovremenih sati mjese\u010dno osim lije\u010dnika? Pri tome ti prekovremeni sati, koji prosje\u010dno u cijelom profesionalnom \u017eivotu lije\u010dnika narastu na ukupno 7 radnih godina, nisu niti su ikada bili ura\u010dunati u radni sta\u017e. Stotine na\u0161ih kolegica i kolega taj dio radnog sta\u017ea, umjesto da ga pretvore u dobno raniju, a zaslu\u017eenu mirovinu, daruju dru\u0161tvu.<\/p>\n\n\n\n<p>Ovakve lije\u010dni\u010dke prekovremene satnice su posljedica Va\u0161eg ne\u010dinjenja. Oni su posljedica toga da ni\u0161ta ne kontrolirate u sustavu zdravstva. Jer da postoji kontrola, ne bi se doga\u0111alo da su lije\u010dnici primorani prakti\u010dki se preseliti u bolnicu i odra\u0111ivati takve nenormaIne prekovremene satnice.<\/p>\n\n\n\n<p>Tra\u017eimo da lije\u010dnici za redovan rad budu odgovaraju\u0107e pla\u0107eni, da lije\u010dnici u bolnicama rade sukladno zakonu (do 180 prekovremenih sati godi\u0161nje), a ne da moraju \u017eivjeti u bolnici i biti primorani kr\u0161iti zakone kako sustav ne bi kolabirao. Mo\u017eda bi tada vi\u0161e ljudi ostalo u Hrvatskoj\u201d, zaklju\u010duju u svojoj objavi.<\/p>\n\n\n\n<p>Izvor: <strong>Dnevno.hr<\/strong><\/p>\n","protected":false},"excerpt":{"rendered":"<p>Nekad popularni ministar zdravstva Vili Bero\u0161 ponovno je navukao bijes dijela kolega iz struke nakon \u0161to je u Jutarnjem objavljena lista najbolje pla\u0107enih lije\u010dnika. Tako se saznao da je lije\u010dnik iz Op\u0107e bolnice Dubrovnik dobio pla\u0107u za travanj koja je iznosila 57.400 kuna neto, odnosno 105.000 kuna bruto. Na\u0161lo se tu i drugih s pla\u0107ama [&hellip;]<\/p>\n","protected":false},"author":2,"featured_media":142800,"comment_status":"closed","ping_status":"closed","sticky":false,"template":"","format":"standard","meta":{"h5ap_radio_sources":[],"footnotes":""},"categories":[1],"tags":[],"class_list":["post-163168","post","type-post","status-publish","format-standard","has-post-thumbnail","hentry","category-bihiregija"],"yoast_head":"<!-- This site is optimized with the Yoast SEO plugin v27.5 - https:\/\/yoast.com\/product\/yoast-seo-wordpress\/ -->\n<title>Procurile platne liste lije\u010dnika: HUBOL bijesan, \u201eovo je hu\u0161kanje gra\u0111ana\u201c - RADIO LJUBU\u0160KI<\/title>\n<meta name=\"robots\" content=\"index, follow, max-snippet:-1, max-image-preview:large, max-video-preview:-1\" \/>\n<link rel=\"canonical\" href=\"https:\/\/radioljubuski.ba\/index.php\/2022\/07\/25\/procurile-platne-liste-lijecnika-hubol-bijesan-ovo-je-huskanje-gradana\/\" \/>\n<meta property=\"og:locale\" content=\"hr_HR\" \/>\n<meta property=\"og:type\" content=\"article\" \/>\n<meta property=\"og:title\" content=\"Procurile platne liste lije\u010dnika: HUBOL bijesan, \u201eovo je hu\u0161kanje gra\u0111ana\u201c - RADIO LJUBU\u0160KI\" \/>\n<meta property=\"og:description\" content=\"Nekad popularni ministar zdravstva Vili Bero\u0161 ponovno je navukao bijes dijela kolega iz struke nakon \u0161to je u Jutarnjem objavljena lista najbolje pla\u0107enih lije\u010dnika. Tako se saznao da je lije\u010dnik iz Op\u0107e bolnice Dubrovnik dobio pla\u0107u za travanj koja je iznosila 57.400 kuna neto, odnosno 105.000 kuna bruto. Na\u0161lo se tu i drugih s pla\u0107ama [&hellip;]\" \/>\n<meta property=\"og:url\" content=\"https:\/\/radioljubuski.ba\/index.php\/2022\/07\/25\/procurile-platne-liste-lijecnika-hubol-bijesan-ovo-je-huskanje-gradana\/\" \/>\n<meta property=\"og:site_name\" content=\"RADIO LJUBU\u0160KI\" \/>\n<meta property=\"article:publisher\" content=\"https:\/\/www.facebook.com\/Radiio-Ljubuski-1490835324566332\" \/>\n<meta property=\"article:published_time\" content=\"2022-07-25T10:07:49+00:00\" \/>\n<meta property=\"article:modified_time\" content=\"2022-07-25T10:07:50+00:00\" \/>\n<meta property=\"og:image\" content=\"https:\/\/radioljubuski.ba\/wp-content\/uploads\/2022\/05\/2-2022-05-20-08-19-34-Doktor-lijecnik.jpg\" \/>\n\t<meta property=\"og:image:width\" content=\"1000\" \/>\n\t<meta property=\"og:image:height\" content=\"625\" \/>\n\t<meta property=\"og:image:type\" content=\"image\/jpeg\" \/>\n<meta name=\"author\" content=\"Radio Ljubu\u0161ki\" \/>\n<meta name=\"twitter:card\" content=\"summary_large_image\" \/>\n<meta name=\"twitter:creator\" content=\"@radioljubuski\" \/>\n<meta name=\"twitter:site\" content=\"@radioljubuski\" \/>\n<meta name=\"twitter:label1\" content=\"Napisao\/la\" \/>\n\t<meta name=\"twitter:data1\" content=\"Radio Ljubu\u0161ki\" \/>\n\t<meta name=\"twitter:label2\" content=\"Procijenjeno vrijeme \u010ditanja\" \/>\n\t<meta name=\"twitter:data2\" content=\"3 minute\" \/>\n<script type=\"application\/ld+json\" class=\"yoast-schema-graph\">{\"@context\":\"https:\\\/\\\/schema.org\",\"@graph\":[{\"@type\":\"Article\",\"@id\":\"https:\\\/\\\/radioljubuski.ba\\\/index.php\\\/2022\\\/07\\\/25\\\/procurile-platne-liste-lijecnika-hubol-bijesan-ovo-je-huskanje-gradana\\\/#article\",\"isPartOf\":{\"@id\":\"https:\\\/\\\/radioljubuski.ba\\\/index.php\\\/2022\\\/07\\\/25\\\/procurile-platne-liste-lijecnika-hubol-bijesan-ovo-je-huskanje-gradana\\\/\"},\"author\":{\"name\":\"Radio Ljubu\u0161ki\",\"@id\":\"https:\\\/\\\/radioljubuski.ba\\\/#\\\/schema\\\/person\\\/19fc700381a780f69665d7956c469e3b\"},\"headline\":\"Procurile platne liste lije\u010dnika: HUBOL bijesan, \u201eovo je hu\u0161kanje gra\u0111ana\u201c\",\"datePublished\":\"2022-07-25T10:07:49+00:00\",\"dateModified\":\"2022-07-25T10:07:50+00:00\",\"mainEntityOfPage\":{\"@id\":\"https:\\\/\\\/radioljubuski.ba\\\/index.php\\\/2022\\\/07\\\/25\\\/procurile-platne-liste-lijecnika-hubol-bijesan-ovo-je-huskanje-gradana\\\/\"},\"wordCount\":741,\"publisher\":{\"@id\":\"https:\\\/\\\/radioljubuski.ba\\\/#organization\"},\"image\":{\"@id\":\"https:\\\/\\\/radioljubuski.ba\\\/index.php\\\/2022\\\/07\\\/25\\\/procurile-platne-liste-lijecnika-hubol-bijesan-ovo-je-huskanje-gradana\\\/#primaryimage\"},\"thumbnailUrl\":\"https:\\\/\\\/radioljubuski.ba\\\/wp-content\\\/uploads\\\/2022\\\/05\\\/2-2022-05-20-08-19-34-Doktor-lijecnik.jpg\",\"articleSection\":[\"BIH i regija\"],\"inLanguage\":\"hr\"},{\"@type\":\"WebPage\",\"@id\":\"https:\\\/\\\/radioljubuski.ba\\\/index.php\\\/2022\\\/07\\\/25\\\/procurile-platne-liste-lijecnika-hubol-bijesan-ovo-je-huskanje-gradana\\\/\",\"url\":\"https:\\\/\\\/radioljubuski.ba\\\/index.php\\\/2022\\\/07\\\/25\\\/procurile-platne-liste-lijecnika-hubol-bijesan-ovo-je-huskanje-gradana\\\/\",\"name\":\"Procurile platne liste lije\u010dnika: HUBOL bijesan, \u201eovo je hu\u0161kanje gra\u0111ana\u201c - RADIO LJUBU\u0160KI\",\"isPartOf\":{\"@id\":\"https:\\\/\\\/radioljubuski.ba\\\/#website\"},\"primaryImageOfPage\":{\"@id\":\"https:\\\/\\\/radioljubuski.ba\\\/index.php\\\/2022\\\/07\\\/25\\\/procurile-platne-liste-lijecnika-hubol-bijesan-ovo-je-huskanje-gradana\\\/#primaryimage\"},\"image\":{\"@id\":\"https:\\\/\\\/radioljubuski.ba\\\/index.php\\\/2022\\\/07\\\/25\\\/procurile-platne-liste-lijecnika-hubol-bijesan-ovo-je-huskanje-gradana\\\/#primaryimage\"},\"thumbnailUrl\":\"https:\\\/\\\/radioljubuski.ba\\\/wp-content\\\/uploads\\\/2022\\\/05\\\/2-2022-05-20-08-19-34-Doktor-lijecnik.jpg\",\"datePublished\":\"2022-07-25T10:07:49+00:00\",\"dateModified\":\"2022-07-25T10:07:50+00:00\",\"breadcrumb\":{\"@id\":\"https:\\\/\\\/radioljubuski.ba\\\/index.php\\\/2022\\\/07\\\/25\\\/procurile-platne-liste-lijecnika-hubol-bijesan-ovo-je-huskanje-gradana\\\/#breadcrumb\"},\"inLanguage\":\"hr\",\"potentialAction\":[{\"@type\":\"ReadAction\",\"target\":[\"https:\\\/\\\/radioljubuski.ba\\\/index.php\\\/2022\\\/07\\\/25\\\/procurile-platne-liste-lijecnika-hubol-bijesan-ovo-je-huskanje-gradana\\\/\"]}]},{\"@type\":\"ImageObject\",\"inLanguage\":\"hr\",\"@id\":\"https:\\\/\\\/radioljubuski.ba\\\/index.php\\\/2022\\\/07\\\/25\\\/procurile-platne-liste-lijecnika-hubol-bijesan-ovo-je-huskanje-gradana\\\/#primaryimage\",\"url\":\"https:\\\/\\\/radioljubuski.ba\\\/wp-content\\\/uploads\\\/2022\\\/05\\\/2-2022-05-20-08-19-34-Doktor-lijecnik.jpg\",\"contentUrl\":\"https:\\\/\\\/radioljubuski.ba\\\/wp-content\\\/uploads\\\/2022\\\/05\\\/2-2022-05-20-08-19-34-Doktor-lijecnik.jpg\",\"width\":1000,\"height\":625},{\"@type\":\"BreadcrumbList\",\"@id\":\"https:\\\/\\\/radioljubuski.ba\\\/index.php\\\/2022\\\/07\\\/25\\\/procurile-platne-liste-lijecnika-hubol-bijesan-ovo-je-huskanje-gradana\\\/#breadcrumb\",\"itemListElement\":[{\"@type\":\"ListItem\",\"position\":1,\"name\":\"Po\u010detna stranica\",\"item\":\"https:\\\/\\\/radioljubuski.ba\\\/\"},{\"@type\":\"ListItem\",\"position\":2,\"name\":\"Procurile platne liste lije\u010dnika: HUBOL bijesan, \u201eovo je hu\u0161kanje gra\u0111ana\u201c\"}]},{\"@type\":\"WebSite\",\"@id\":\"https:\\\/\\\/radioljubuski.ba\\\/#website\",\"url\":\"https:\\\/\\\/radioljubuski.ba\\\/\",\"name\":\"Radio Ljubu\u0161ki\",\"description\":\"Sun\u010dana frekvencija Hercegovine\",\"publisher\":{\"@id\":\"https:\\\/\\\/radioljubuski.ba\\\/#organization\"},\"potentialAction\":[{\"@type\":\"SearchAction\",\"target\":{\"@type\":\"EntryPoint\",\"urlTemplate\":\"https:\\\/\\\/radioljubuski.ba\\\/?s={search_term_string}\"},\"query-input\":{\"@type\":\"PropertyValueSpecification\",\"valueRequired\":true,\"valueName\":\"search_term_string\"}}],\"inLanguage\":\"hr\"},{\"@type\":\"Organization\",\"@id\":\"https:\\\/\\\/radioljubuski.ba\\\/#organization\",\"name\":\"Radio Ljubu\u0161ki\",\"url\":\"https:\\\/\\\/radioljubuski.ba\\\/\",\"logo\":{\"@type\":\"ImageObject\",\"inLanguage\":\"hr\",\"@id\":\"https:\\\/\\\/radioljubuski.ba\\\/#\\\/schema\\\/logo\\\/image\\\/\",\"url\":\"https:\\\/\\\/radioljubuski.ba\\\/wp-content\\\/uploads\\\/2021\\\/02\\\/cropped-Radio_Ljubuski_logo1.jpg\",\"contentUrl\":\"https:\\\/\\\/radioljubuski.ba\\\/wp-content\\\/uploads\\\/2021\\\/02\\\/cropped-Radio_Ljubuski_logo1.jpg\",\"width\":512,\"height\":512,\"caption\":\"Radio Ljubu\u0161ki\"},\"image\":{\"@id\":\"https:\\\/\\\/radioljubuski.ba\\\/#\\\/schema\\\/logo\\\/image\\\/\"},\"sameAs\":[\"https:\\\/\\\/www.facebook.com\\\/Radiio-Ljubuski-1490835324566332\",\"https:\\\/\\\/x.com\\\/radioljubuski\",\"https:\\\/\\\/hr.linkedin.com\\\/company\\\/radio-ljubuski\",\"https:\\\/\\\/www.youtube.com\\\/channel\\\/UCHYaeO_n0Db3tjNGudGpXyw\"]},{\"@type\":\"Person\",\"@id\":\"https:\\\/\\\/radioljubuski.ba\\\/#\\\/schema\\\/person\\\/19fc700381a780f69665d7956c469e3b\",\"name\":\"Radio Ljubu\u0161ki\"}]}<\/script>\n<!-- \/ Yoast SEO plugin. -->","yoast_head_json":{"title":"Procurile platne liste lije\u010dnika: HUBOL bijesan, \u201eovo je hu\u0161kanje gra\u0111ana\u201c - RADIO LJUBU\u0160KI","robots":{"index":"index","follow":"follow","max-snippet":"max-snippet:-1","max-image-preview":"max-image-preview:large","max-video-preview":"max-video-preview:-1"},"canonical":"https:\/\/radioljubuski.ba\/index.php\/2022\/07\/25\/procurile-platne-liste-lijecnika-hubol-bijesan-ovo-je-huskanje-gradana\/","og_locale":"hr_HR","og_type":"article","og_title":"Procurile platne liste lije\u010dnika: HUBOL bijesan, \u201eovo je hu\u0161kanje gra\u0111ana\u201c - RADIO LJUBU\u0160KI","og_description":"Nekad popularni ministar zdravstva Vili Bero\u0161 ponovno je navukao bijes dijela kolega iz struke nakon \u0161to je u Jutarnjem objavljena lista najbolje pla\u0107enih lije\u010dnika. Tako se saznao da je lije\u010dnik iz Op\u0107e bolnice Dubrovnik dobio pla\u0107u za travanj koja je iznosila 57.400 kuna neto, odnosno 105.000 kuna bruto. Na\u0161lo se tu i drugih s pla\u0107ama [&hellip;]","og_url":"https:\/\/radioljubuski.ba\/index.php\/2022\/07\/25\/procurile-platne-liste-lijecnika-hubol-bijesan-ovo-je-huskanje-gradana\/","og_site_name":"RADIO LJUBU\u0160KI","article_publisher":"https:\/\/www.facebook.com\/Radiio-Ljubuski-1490835324566332","article_published_time":"2022-07-25T10:07:49+00:00","article_modified_time":"2022-07-25T10:07:50+00:00","og_image":[{"width":1000,"height":625,"url":"https:\/\/radioljubuski.ba\/wp-content\/uploads\/2022\/05\/2-2022-05-20-08-19-34-Doktor-lijecnik.jpg","type":"image\/jpeg"}],"author":"Radio Ljubu\u0161ki","twitter_card":"summary_large_image","twitter_creator":"@radioljubuski","twitter_site":"@radioljubuski","twitter_misc":{"Napisao\/la":"Radio Ljubu\u0161ki","Procijenjeno vrijeme \u010ditanja":"3 minute"},"schema":{"@context":"https:\/\/schema.org","@graph":[{"@type":"Article","@id":"https:\/\/radioljubuski.ba\/index.php\/2022\/07\/25\/procurile-platne-liste-lijecnika-hubol-bijesan-ovo-je-huskanje-gradana\/#article","isPartOf":{"@id":"https:\/\/radioljubuski.ba\/index.php\/2022\/07\/25\/procurile-platne-liste-lijecnika-hubol-bijesan-ovo-je-huskanje-gradana\/"},"author":{"name":"Radio Ljubu\u0161ki","@id":"https:\/\/radioljubuski.ba\/#\/schema\/person\/19fc700381a780f69665d7956c469e3b"},"headline":"Procurile platne liste lije\u010dnika: HUBOL bijesan, \u201eovo je hu\u0161kanje gra\u0111ana\u201c","datePublished":"2022-07-25T10:07:49+00:00","dateModified":"2022-07-25T10:07:50+00:00","mainEntityOfPage":{"@id":"https:\/\/radioljubuski.ba\/index.php\/2022\/07\/25\/procurile-platne-liste-lijecnika-hubol-bijesan-ovo-je-huskanje-gradana\/"},"wordCount":741,"publisher":{"@id":"https:\/\/radioljubuski.ba\/#organization"},"image":{"@id":"https:\/\/radioljubuski.ba\/index.php\/2022\/07\/25\/procurile-platne-liste-lijecnika-hubol-bijesan-ovo-je-huskanje-gradana\/#primaryimage"},"thumbnailUrl":"https:\/\/radioljubuski.ba\/wp-content\/uploads\/2022\/05\/2-2022-05-20-08-19-34-Doktor-lijecnik.jpg","articleSection":["BIH i regija"],"inLanguage":"hr"},{"@type":"WebPage","@id":"https:\/\/radioljubuski.ba\/index.php\/2022\/07\/25\/procurile-platne-liste-lijecnika-hubol-bijesan-ovo-je-huskanje-gradana\/","url":"https:\/\/radioljubuski.ba\/index.php\/2022\/07\/25\/procurile-platne-liste-lijecnika-hubol-bijesan-ovo-je-huskanje-gradana\/","name":"Procurile platne liste lije\u010dnika: HUBOL bijesan, \u201eovo je hu\u0161kanje gra\u0111ana\u201c - RADIO LJUBU\u0160KI","isPartOf":{"@id":"https:\/\/radioljubuski.ba\/#website"},"primaryImageOfPage":{"@id":"https:\/\/radioljubuski.ba\/index.php\/2022\/07\/25\/procurile-platne-liste-lijecnika-hubol-bijesan-ovo-je-huskanje-gradana\/#primaryimage"},"image":{"@id":"https:\/\/radioljubuski.ba\/index.php\/2022\/07\/25\/procurile-platne-liste-lijecnika-hubol-bijesan-ovo-je-huskanje-gradana\/#primaryimage"},"thumbnailUrl":"https:\/\/radioljubuski.ba\/wp-content\/uploads\/2022\/05\/2-2022-05-20-08-19-34-Doktor-lijecnik.jpg","datePublished":"2022-07-25T10:07:49+00:00","dateModified":"2022-07-25T10:07:50+00:00","breadcrumb":{"@id":"https:\/\/radioljubuski.ba\/index.php\/2022\/07\/25\/procurile-platne-liste-lijecnika-hubol-bijesan-ovo-je-huskanje-gradana\/#breadcrumb"},"inLanguage":"hr","potentialAction":[{"@type":"ReadAction","target":["https:\/\/radioljubuski.ba\/index.php\/2022\/07\/25\/procurile-platne-liste-lijecnika-hubol-bijesan-ovo-je-huskanje-gradana\/"]}]},{"@type":"ImageObject","inLanguage":"hr","@id":"https:\/\/radioljubuski.ba\/index.php\/2022\/07\/25\/procurile-platne-liste-lijecnika-hubol-bijesan-ovo-je-huskanje-gradana\/#primaryimage","url":"https:\/\/radioljubuski.ba\/wp-content\/uploads\/2022\/05\/2-2022-05-20-08-19-34-Doktor-lijecnik.jpg","contentUrl":"https:\/\/radioljubuski.ba\/wp-content\/uploads\/2022\/05\/2-2022-05-20-08-19-34-Doktor-lijecnik.jpg","width":1000,"height":625},{"@type":"BreadcrumbList","@id":"https:\/\/radioljubuski.ba\/index.php\/2022\/07\/25\/procurile-platne-liste-lijecnika-hubol-bijesan-ovo-je-huskanje-gradana\/#breadcrumb","itemListElement":[{"@type":"ListItem","position":1,"name":"Po\u010detna stranica","item":"https:\/\/radioljubuski.ba\/"},{"@type":"ListItem","position":2,"name":"Procurile platne liste lije\u010dnika: HUBOL bijesan, \u201eovo je hu\u0161kanje gra\u0111ana\u201c"}]},{"@type":"WebSite","@id":"https:\/\/radioljubuski.ba\/#website","url":"https:\/\/radioljubuski.ba\/","name":"Radio Ljubu\u0161ki","description":"Sun\u010dana frekvencija Hercegovine","publisher":{"@id":"https:\/\/radioljubuski.ba\/#organization"},"potentialAction":[{"@type":"SearchAction","target":{"@type":"EntryPoint","urlTemplate":"https:\/\/radioljubuski.ba\/?s={search_term_string}"},"query-input":{"@type":"PropertyValueSpecification","valueRequired":true,"valueName":"search_term_string"}}],"inLanguage":"hr"},{"@type":"Organization","@id":"https:\/\/radioljubuski.ba\/#organization","name":"Radio Ljubu\u0161ki","url":"https:\/\/radioljubuski.ba\/","logo":{"@type":"ImageObject","inLanguage":"hr","@id":"https:\/\/radioljubuski.ba\/#\/schema\/logo\/image\/","url":"https:\/\/radioljubuski.ba\/wp-content\/uploads\/2021\/02\/cropped-Radio_Ljubuski_logo1.jpg","contentUrl":"https:\/\/radioljubuski.ba\/wp-content\/uploads\/2021\/02\/cropped-Radio_Ljubuski_logo1.jpg","width":512,"height":512,"caption":"Radio Ljubu\u0161ki"},"image":{"@id":"https:\/\/radioljubuski.ba\/#\/schema\/logo\/image\/"},"sameAs":["https:\/\/www.facebook.com\/Radiio-Ljubuski-1490835324566332","https:\/\/x.com\/radioljubuski","https:\/\/hr.linkedin.com\/company\/radio-ljubuski","https:\/\/www.youtube.com\/channel\/UCHYaeO_n0Db3tjNGudGpXyw"]},{"@type":"Person","@id":"https:\/\/radioljubuski.ba\/#\/schema\/person\/19fc700381a780f69665d7956c469e3b","name":"Radio Ljubu\u0161ki"}]}},"_links":{"self":[{"href":"https:\/\/radioljubuski.ba\/index.php\/wp-json\/wp\/v2\/posts\/163168","targetHints":{"allow":["GET"]}}],"collection":[{"href":"https:\/\/radioljubuski.ba\/index.php\/wp-json\/wp\/v2\/posts"}],"about":[{"href":"https:\/\/radioljubuski.ba\/index.php\/wp-json\/wp\/v2\/types\/post"}],"author":[{"embeddable":true,"href":"https:\/\/radioljubuski.ba\/index.php\/wp-json\/wp\/v2\/users\/2"}],"replies":[{"embeddable":true,"href":"https:\/\/radioljubuski.ba\/index.php\/wp-json\/wp\/v2\/comments?post=163168"}],"version-history":[{"count":1,"href":"https:\/\/radioljubuski.ba\/index.php\/wp-json\/wp\/v2\/posts\/163168\/revisions"}],"predecessor-version":[{"id":163169,"href":"https:\/\/radioljubuski.ba\/index.php\/wp-json\/wp\/v2\/posts\/163168\/revisions\/163169"}],"wp:featuredmedia":[{"embeddable":true,"href":"https:\/\/radioljubuski.ba\/index.php\/wp-json\/wp\/v2\/media\/142800"}],"wp:attachment":[{"href":"https:\/\/radioljubuski.ba\/index.php\/wp-json\/wp\/v2\/media?parent=163168"}],"wp:term":[{"taxonomy":"category","embeddable":true,"href":"https:\/\/radioljubuski.ba\/index.php\/wp-json\/wp\/v2\/categories?post=163168"},{"taxonomy":"post_tag","embeddable":true,"href":"https:\/\/radioljubuski.ba\/index.php\/wp-json\/wp\/v2\/tags?post=163168"}],"curies":[{"name":"wp","href":"https:\/\/api.w.org\/{rel}","templated":true}]}}