{"id":163174,"date":"2022-07-25T11:13:12","date_gmt":"2022-07-25T10:13:12","guid":{"rendered":"https:\/\/radioljubuski.ba\/?p=163174"},"modified":"2022-07-25T11:13:13","modified_gmt":"2022-07-25T10:13:13","slug":"schmidta-u-tuzli-docekala-dva-prosvjednika-sejdic-poziva-na-borbu-protiv-fasizma-i-rasistickog-izbornog-zakona","status":"publish","type":"post","link":"https:\/\/radioljubuski.ba\/index.php\/2022\/07\/25\/schmidta-u-tuzli-docekala-dva-prosvjednika-sejdic-poziva-na-borbu-protiv-fasizma-i-rasistickog-izbornog-zakona\/","title":{"rendered":"Schmidta u Tuzli do\u010dekala dva prosvjednika, Sejdi\u0107 poziva na \u201cborbu protiv fa\u0161izma i rasisti\u010dkog Izbornog zakona\u201d"},"content":{"rendered":"\n<p><strong>Nastavljaju se pritisci (pro)bo\u0161nja\u010dke javnosti na visokog predstavnika Christiana Schmidta zbog najave nametanja izmjena Izbornog zakona BiH kojima bi Hrvatima bio vra\u0107en barem dio ustavom zajam\u010denih prava koja su im kroz zadnjih 20 godina otimali predstavnici me\u0111unarodne zajednice.<\/strong><\/p>\n\n\n\n<p>Portal Istraga.ba objavio je na Twitteru da gra\u0111ani prosvjeduju protiv Schmidta.<\/p>\n\n\n\n<p>\u201cGra\u0111ani s transparentima do\u010dekali visokog predstavnika Christiana Schmidta na Aerodromu u Tuzli\u201d, pi\u0161e Istraga na Twitteru iako su na fotografijama prikazana samo dvojica mu\u0161karaca s transparentima.<\/p>\n\n\n\n<blockquote class=\"twitter-tweet\"><p lang=\"und\" dir=\"ltr\">Gra\u0111ani sa transparentima do\u010dekali visokog predstavnika Christiana Schmidta na Aerodromu u Tuzli. <a href=\"https:\/\/twitter.com\/OHR_BiH?ref_src=twsrc%5Etfw\">@OHR_BiH<\/a> <a href=\"https:\/\/t.co\/YmMVjHcibn\">pic.twitter.com\/YmMVjHcibn<\/a><\/p>&mdash; Istraga.ba (@IstragaB) <a href=\"https:\/\/twitter.com\/IstragaB\/status\/1551223222812778497?ref_src=twsrc%5Etfw\">July 24, 2022<\/a><\/blockquote> <script async src=\"https:\/\/platform.twitter.com\/widgets.js\" charset=\"utf-8\"><\/script> \n\n\n\n<p>S druge strane, portal <a href=\"https:\/\/www.klix.ba\/vijesti\/bih\/christian-schmidt-se-vratio-u-bih-u-utorak-bi-mogao-nametnuti-izmjene-izbornog-zakona\/220724058\">Klix.ba<\/a> donosi tekst naslovljen \u201cChristian Schmidt se vratio u BiH, u utorak bi mogao nametnuti izmjene Izbornog zakona\u201d u kojem se navodi da je planirano da Schmidt u utorak donese izmjene Izbornog zakona BiH te Ustava Federacije BiH.<\/p>\n\n\n\n<p>Tako\u0111er, sarajevskim medijima se \u0161iri poziv Derve Sejdi\u0107a, \u010dlana SDP-a i apelanta pred Me\u0111unarodnim sudom za ljudska prava.<\/p>\n\n\n\n<p>On je kazao da su protesti planirani u 11:55 sati 25. srpnja ispred OHR-a, a pozvao je gra\u0111ane da mu se pridru\u017ee u, kako ka\u017ee, \u201cborbi protiv fa\u0161izma i rasizma\u201d.<\/p>\n\n\n\n<p>\u201cAko nas, gra\u0111ane Bosne i Hercegovine sad svojim nametanjem rasisti\u010dkog Izbornog zakona ne ujedini Schmidt u borbi protiv fa\u0161izma i rasizma ne\u0107e nikad nitko drugi\u201d, napisao je on na svom Facebooku.<\/p>\n\n\n\n<p>Zatim je pozvao gra\u0111ane da se okupljaju sve dok Schmidt ne odbaci planirane izmjene.<\/p>\n\n\n\n<p>\/HMS\/<\/p>\n\n\n\n<p><\/p>\n\n\n\n<p><\/p>\n","protected":false},"excerpt":{"rendered":"<p>Nastavljaju se pritisci (pro)bo\u0161nja\u010dke javnosti na visokog predstavnika Christiana Schmidta zbog najave nametanja izmjena Izbornog zakona BiH kojima bi Hrvatima bio vra\u0107en barem dio ustavom zajam\u010denih prava koja su im kroz zadnjih 20 godina otimali predstavnici me\u0111unarodne zajednice. Portal Istraga.ba objavio je na Twitteru da gra\u0111ani prosvjeduju protiv Schmidta. \u201cGra\u0111ani s transparentima do\u010dekali visokog predstavnika [&hellip;]<\/p>\n","protected":false},"author":2,"featured_media":163178,"comment_status":"closed","ping_status":"closed","sticky":false,"template":"","format":"standard","meta":{"h5ap_radio_sources":[],"footnotes":""},"categories":[1],"tags":[],"class_list":["post-163174","post","type-post","status-publish","format-standard","has-post-thumbnail","hentry","category-bihiregija"],"yoast_head":"<!-- This site is optimized with the Yoast SEO plugin v27.5 - https:\/\/yoast.com\/product\/yoast-seo-wordpress\/ -->\n<title>Schmidta u Tuzli do\u010dekala dva prosvjednika, Sejdi\u0107 poziva na \u201cborbu protiv fa\u0161izma i rasisti\u010dkog Izbornog zakona\u201d - RADIO LJUBU\u0160KI<\/title>\n<meta name=\"robots\" content=\"index, follow, max-snippet:-1, max-image-preview:large, max-video-preview:-1\" \/>\n<link rel=\"canonical\" href=\"https:\/\/radioljubuski.ba\/index.php\/2022\/07\/25\/schmidta-u-tuzli-docekala-dva-prosvjednika-sejdic-poziva-na-borbu-protiv-fasizma-i-rasistickog-izbornog-zakona\/\" \/>\n<meta property=\"og:locale\" content=\"hr_HR\" \/>\n<meta property=\"og:type\" content=\"article\" \/>\n<meta property=\"og:title\" content=\"Schmidta u Tuzli do\u010dekala dva prosvjednika, Sejdi\u0107 poziva na \u201cborbu protiv fa\u0161izma i rasisti\u010dkog Izbornog zakona\u201d - RADIO LJUBU\u0160KI\" \/>\n<meta property=\"og:description\" content=\"Nastavljaju se pritisci (pro)bo\u0161nja\u010dke javnosti na visokog predstavnika Christiana Schmidta zbog najave nametanja izmjena Izbornog zakona BiH kojima bi Hrvatima bio vra\u0107en barem dio ustavom zajam\u010denih prava koja su im kroz zadnjih 20 godina otimali predstavnici me\u0111unarodne zajednice. Portal Istraga.ba objavio je na Twitteru da gra\u0111ani prosvjeduju protiv Schmidta. \u201cGra\u0111ani s transparentima do\u010dekali visokog predstavnika [&hellip;]\" \/>\n<meta property=\"og:url\" content=\"https:\/\/radioljubuski.ba\/index.php\/2022\/07\/25\/schmidta-u-tuzli-docekala-dva-prosvjednika-sejdic-poziva-na-borbu-protiv-fasizma-i-rasistickog-izbornog-zakona\/\" \/>\n<meta property=\"og:site_name\" content=\"RADIO LJUBU\u0160KI\" \/>\n<meta property=\"article:publisher\" content=\"https:\/\/www.facebook.com\/Radiio-Ljubuski-1490835324566332\" \/>\n<meta property=\"article:published_time\" content=\"2022-07-25T10:13:12+00:00\" \/>\n<meta property=\"article:modified_time\" content=\"2022-07-25T10:13:13+00:00\" \/>\n<meta property=\"og:image\" content=\"https:\/\/radioljubuski.ba\/wp-content\/uploads\/2022\/07\/FYcNS0MWAAIjCM8-1068x481-1.jpg\" \/>\n\t<meta property=\"og:image:width\" content=\"1068\" \/>\n\t<meta property=\"og:image:height\" content=\"481\" \/>\n\t<meta property=\"og:image:type\" content=\"image\/jpeg\" \/>\n<meta name=\"author\" content=\"Radio Ljubu\u0161ki\" \/>\n<meta name=\"twitter:card\" content=\"summary_large_image\" \/>\n<meta name=\"twitter:creator\" content=\"@radioljubuski\" \/>\n<meta name=\"twitter:site\" content=\"@radioljubuski\" \/>\n<meta name=\"twitter:label1\" content=\"Napisao\/la\" \/>\n\t<meta name=\"twitter:data1\" content=\"Radio Ljubu\u0161ki\" \/>\n\t<meta name=\"twitter:label2\" content=\"Procijenjeno vrijeme \u010ditanja\" \/>\n\t<meta name=\"twitter:data2\" content=\"2 minute\" \/>\n<script type=\"application\/ld+json\" class=\"yoast-schema-graph\">{\"@context\":\"https:\\\/\\\/schema.org\",\"@graph\":[{\"@type\":\"Article\",\"@id\":\"https:\\\/\\\/radioljubuski.ba\\\/index.php\\\/2022\\\/07\\\/25\\\/schmidta-u-tuzli-docekala-dva-prosvjednika-sejdic-poziva-na-borbu-protiv-fasizma-i-rasistickog-izbornog-zakona\\\/#article\",\"isPartOf\":{\"@id\":\"https:\\\/\\\/radioljubuski.ba\\\/index.php\\\/2022\\\/07\\\/25\\\/schmidta-u-tuzli-docekala-dva-prosvjednika-sejdic-poziva-na-borbu-protiv-fasizma-i-rasistickog-izbornog-zakona\\\/\"},\"author\":{\"name\":\"Radio Ljubu\u0161ki\",\"@id\":\"https:\\\/\\\/radioljubuski.ba\\\/#\\\/schema\\\/person\\\/19fc700381a780f69665d7956c469e3b\"},\"headline\":\"Schmidta u Tuzli do\u010dekala dva prosvjednika, Sejdi\u0107 poziva na \u201cborbu protiv fa\u0161izma i rasisti\u010dkog Izbornog zakona\u201d\",\"datePublished\":\"2022-07-25T10:13:12+00:00\",\"dateModified\":\"2022-07-25T10:13:13+00:00\",\"mainEntityOfPage\":{\"@id\":\"https:\\\/\\\/radioljubuski.ba\\\/index.php\\\/2022\\\/07\\\/25\\\/schmidta-u-tuzli-docekala-dva-prosvjednika-sejdic-poziva-na-borbu-protiv-fasizma-i-rasistickog-izbornog-zakona\\\/\"},\"wordCount\":277,\"publisher\":{\"@id\":\"https:\\\/\\\/radioljubuski.ba\\\/#organization\"},\"image\":{\"@id\":\"https:\\\/\\\/radioljubuski.ba\\\/index.php\\\/2022\\\/07\\\/25\\\/schmidta-u-tuzli-docekala-dva-prosvjednika-sejdic-poziva-na-borbu-protiv-fasizma-i-rasistickog-izbornog-zakona\\\/#primaryimage\"},\"thumbnailUrl\":\"https:\\\/\\\/radioljubuski.ba\\\/wp-content\\\/uploads\\\/2022\\\/07\\\/FYcNS0MWAAIjCM8-1068x481-1.jpg\",\"articleSection\":[\"BIH i regija\"],\"inLanguage\":\"hr\"},{\"@type\":\"WebPage\",\"@id\":\"https:\\\/\\\/radioljubuski.ba\\\/index.php\\\/2022\\\/07\\\/25\\\/schmidta-u-tuzli-docekala-dva-prosvjednika-sejdic-poziva-na-borbu-protiv-fasizma-i-rasistickog-izbornog-zakona\\\/\",\"url\":\"https:\\\/\\\/radioljubuski.ba\\\/index.php\\\/2022\\\/07\\\/25\\\/schmidta-u-tuzli-docekala-dva-prosvjednika-sejdic-poziva-na-borbu-protiv-fasizma-i-rasistickog-izbornog-zakona\\\/\",\"name\":\"Schmidta u Tuzli do\u010dekala dva prosvjednika, Sejdi\u0107 poziva na \u201cborbu protiv fa\u0161izma i rasisti\u010dkog Izbornog zakona\u201d - RADIO LJUBU\u0160KI\",\"isPartOf\":{\"@id\":\"https:\\\/\\\/radioljubuski.ba\\\/#website\"},\"primaryImageOfPage\":{\"@id\":\"https:\\\/\\\/radioljubuski.ba\\\/index.php\\\/2022\\\/07\\\/25\\\/schmidta-u-tuzli-docekala-dva-prosvjednika-sejdic-poziva-na-borbu-protiv-fasizma-i-rasistickog-izbornog-zakona\\\/#primaryimage\"},\"image\":{\"@id\":\"https:\\\/\\\/radioljubuski.ba\\\/index.php\\\/2022\\\/07\\\/25\\\/schmidta-u-tuzli-docekala-dva-prosvjednika-sejdic-poziva-na-borbu-protiv-fasizma-i-rasistickog-izbornog-zakona\\\/#primaryimage\"},\"thumbnailUrl\":\"https:\\\/\\\/radioljubuski.ba\\\/wp-content\\\/uploads\\\/2022\\\/07\\\/FYcNS0MWAAIjCM8-1068x481-1.jpg\",\"datePublished\":\"2022-07-25T10:13:12+00:00\",\"dateModified\":\"2022-07-25T10:13:13+00:00\",\"breadcrumb\":{\"@id\":\"https:\\\/\\\/radioljubuski.ba\\\/index.php\\\/2022\\\/07\\\/25\\\/schmidta-u-tuzli-docekala-dva-prosvjednika-sejdic-poziva-na-borbu-protiv-fasizma-i-rasistickog-izbornog-zakona\\\/#breadcrumb\"},\"inLanguage\":\"hr\",\"potentialAction\":[{\"@type\":\"ReadAction\",\"target\":[\"https:\\\/\\\/radioljubuski.ba\\\/index.php\\\/2022\\\/07\\\/25\\\/schmidta-u-tuzli-docekala-dva-prosvjednika-sejdic-poziva-na-borbu-protiv-fasizma-i-rasistickog-izbornog-zakona\\\/\"]}]},{\"@type\":\"ImageObject\",\"inLanguage\":\"hr\",\"@id\":\"https:\\\/\\\/radioljubuski.ba\\\/index.php\\\/2022\\\/07\\\/25\\\/schmidta-u-tuzli-docekala-dva-prosvjednika-sejdic-poziva-na-borbu-protiv-fasizma-i-rasistickog-izbornog-zakona\\\/#primaryimage\",\"url\":\"https:\\\/\\\/radioljubuski.ba\\\/wp-content\\\/uploads\\\/2022\\\/07\\\/FYcNS0MWAAIjCM8-1068x481-1.jpg\",\"contentUrl\":\"https:\\\/\\\/radioljubuski.ba\\\/wp-content\\\/uploads\\\/2022\\\/07\\\/FYcNS0MWAAIjCM8-1068x481-1.jpg\",\"width\":1068,\"height\":481},{\"@type\":\"BreadcrumbList\",\"@id\":\"https:\\\/\\\/radioljubuski.ba\\\/index.php\\\/2022\\\/07\\\/25\\\/schmidta-u-tuzli-docekala-dva-prosvjednika-sejdic-poziva-na-borbu-protiv-fasizma-i-rasistickog-izbornog-zakona\\\/#breadcrumb\",\"itemListElement\":[{\"@type\":\"ListItem\",\"position\":1,\"name\":\"Po\u010detna stranica\",\"item\":\"https:\\\/\\\/radioljubuski.ba\\\/\"},{\"@type\":\"ListItem\",\"position\":2,\"name\":\"Schmidta u Tuzli do\u010dekala dva prosvjednika, Sejdi\u0107 poziva na \u201cborbu protiv fa\u0161izma i rasisti\u010dkog Izbornog zakona\u201d\"}]},{\"@type\":\"WebSite\",\"@id\":\"https:\\\/\\\/radioljubuski.ba\\\/#website\",\"url\":\"https:\\\/\\\/radioljubuski.ba\\\/\",\"name\":\"Radio Ljubu\u0161ki\",\"description\":\"Sun\u010dana frekvencija Hercegovine\",\"publisher\":{\"@id\":\"https:\\\/\\\/radioljubuski.ba\\\/#organization\"},\"potentialAction\":[{\"@type\":\"SearchAction\",\"target\":{\"@type\":\"EntryPoint\",\"urlTemplate\":\"https:\\\/\\\/radioljubuski.ba\\\/?s={search_term_string}\"},\"query-input\":{\"@type\":\"PropertyValueSpecification\",\"valueRequired\":true,\"valueName\":\"search_term_string\"}}],\"inLanguage\":\"hr\"},{\"@type\":\"Organization\",\"@id\":\"https:\\\/\\\/radioljubuski.ba\\\/#organization\",\"name\":\"Radio Ljubu\u0161ki\",\"url\":\"https:\\\/\\\/radioljubuski.ba\\\/\",\"logo\":{\"@type\":\"ImageObject\",\"inLanguage\":\"hr\",\"@id\":\"https:\\\/\\\/radioljubuski.ba\\\/#\\\/schema\\\/logo\\\/image\\\/\",\"url\":\"https:\\\/\\\/radioljubuski.ba\\\/wp-content\\\/uploads\\\/2021\\\/02\\\/cropped-Radio_Ljubuski_logo1.jpg\",\"contentUrl\":\"https:\\\/\\\/radioljubuski.ba\\\/wp-content\\\/uploads\\\/2021\\\/02\\\/cropped-Radio_Ljubuski_logo1.jpg\",\"width\":512,\"height\":512,\"caption\":\"Radio Ljubu\u0161ki\"},\"image\":{\"@id\":\"https:\\\/\\\/radioljubuski.ba\\\/#\\\/schema\\\/logo\\\/image\\\/\"},\"sameAs\":[\"https:\\\/\\\/www.facebook.com\\\/Radiio-Ljubuski-1490835324566332\",\"https:\\\/\\\/x.com\\\/radioljubuski\",\"https:\\\/\\\/hr.linkedin.com\\\/company\\\/radio-ljubuski\",\"https:\\\/\\\/www.youtube.com\\\/channel\\\/UCHYaeO_n0Db3tjNGudGpXyw\"]},{\"@type\":\"Person\",\"@id\":\"https:\\\/\\\/radioljubuski.ba\\\/#\\\/schema\\\/person\\\/19fc700381a780f69665d7956c469e3b\",\"name\":\"Radio Ljubu\u0161ki\"}]}<\/script>\n<!-- \/ Yoast SEO plugin. -->","yoast_head_json":{"title":"Schmidta u Tuzli do\u010dekala dva prosvjednika, Sejdi\u0107 poziva na \u201cborbu protiv fa\u0161izma i rasisti\u010dkog Izbornog zakona\u201d - RADIO LJUBU\u0160KI","robots":{"index":"index","follow":"follow","max-snippet":"max-snippet:-1","max-image-preview":"max-image-preview:large","max-video-preview":"max-video-preview:-1"},"canonical":"https:\/\/radioljubuski.ba\/index.php\/2022\/07\/25\/schmidta-u-tuzli-docekala-dva-prosvjednika-sejdic-poziva-na-borbu-protiv-fasizma-i-rasistickog-izbornog-zakona\/","og_locale":"hr_HR","og_type":"article","og_title":"Schmidta u Tuzli do\u010dekala dva prosvjednika, Sejdi\u0107 poziva na \u201cborbu protiv fa\u0161izma i rasisti\u010dkog Izbornog zakona\u201d - RADIO LJUBU\u0160KI","og_description":"Nastavljaju se pritisci (pro)bo\u0161nja\u010dke javnosti na visokog predstavnika Christiana Schmidta zbog najave nametanja izmjena Izbornog zakona BiH kojima bi Hrvatima bio vra\u0107en barem dio ustavom zajam\u010denih prava koja su im kroz zadnjih 20 godina otimali predstavnici me\u0111unarodne zajednice. Portal Istraga.ba objavio je na Twitteru da gra\u0111ani prosvjeduju protiv Schmidta. \u201cGra\u0111ani s transparentima do\u010dekali visokog predstavnika [&hellip;]","og_url":"https:\/\/radioljubuski.ba\/index.php\/2022\/07\/25\/schmidta-u-tuzli-docekala-dva-prosvjednika-sejdic-poziva-na-borbu-protiv-fasizma-i-rasistickog-izbornog-zakona\/","og_site_name":"RADIO LJUBU\u0160KI","article_publisher":"https:\/\/www.facebook.com\/Radiio-Ljubuski-1490835324566332","article_published_time":"2022-07-25T10:13:12+00:00","article_modified_time":"2022-07-25T10:13:13+00:00","og_image":[{"width":1068,"height":481,"url":"https:\/\/radioljubuski.ba\/wp-content\/uploads\/2022\/07\/FYcNS0MWAAIjCM8-1068x481-1.jpg","type":"image\/jpeg"}],"author":"Radio Ljubu\u0161ki","twitter_card":"summary_large_image","twitter_creator":"@radioljubuski","twitter_site":"@radioljubuski","twitter_misc":{"Napisao\/la":"Radio Ljubu\u0161ki","Procijenjeno vrijeme \u010ditanja":"2 minute"},"schema":{"@context":"https:\/\/schema.org","@graph":[{"@type":"Article","@id":"https:\/\/radioljubuski.ba\/index.php\/2022\/07\/25\/schmidta-u-tuzli-docekala-dva-prosvjednika-sejdic-poziva-na-borbu-protiv-fasizma-i-rasistickog-izbornog-zakona\/#article","isPartOf":{"@id":"https:\/\/radioljubuski.ba\/index.php\/2022\/07\/25\/schmidta-u-tuzli-docekala-dva-prosvjednika-sejdic-poziva-na-borbu-protiv-fasizma-i-rasistickog-izbornog-zakona\/"},"author":{"name":"Radio Ljubu\u0161ki","@id":"https:\/\/radioljubuski.ba\/#\/schema\/person\/19fc700381a780f69665d7956c469e3b"},"headline":"Schmidta u Tuzli do\u010dekala dva prosvjednika, Sejdi\u0107 poziva na \u201cborbu protiv fa\u0161izma i rasisti\u010dkog Izbornog zakona\u201d","datePublished":"2022-07-25T10:13:12+00:00","dateModified":"2022-07-25T10:13:13+00:00","mainEntityOfPage":{"@id":"https:\/\/radioljubuski.ba\/index.php\/2022\/07\/25\/schmidta-u-tuzli-docekala-dva-prosvjednika-sejdic-poziva-na-borbu-protiv-fasizma-i-rasistickog-izbornog-zakona\/"},"wordCount":277,"publisher":{"@id":"https:\/\/radioljubuski.ba\/#organization"},"image":{"@id":"https:\/\/radioljubuski.ba\/index.php\/2022\/07\/25\/schmidta-u-tuzli-docekala-dva-prosvjednika-sejdic-poziva-na-borbu-protiv-fasizma-i-rasistickog-izbornog-zakona\/#primaryimage"},"thumbnailUrl":"https:\/\/radioljubuski.ba\/wp-content\/uploads\/2022\/07\/FYcNS0MWAAIjCM8-1068x481-1.jpg","articleSection":["BIH i regija"],"inLanguage":"hr"},{"@type":"WebPage","@id":"https:\/\/radioljubuski.ba\/index.php\/2022\/07\/25\/schmidta-u-tuzli-docekala-dva-prosvjednika-sejdic-poziva-na-borbu-protiv-fasizma-i-rasistickog-izbornog-zakona\/","url":"https:\/\/radioljubuski.ba\/index.php\/2022\/07\/25\/schmidta-u-tuzli-docekala-dva-prosvjednika-sejdic-poziva-na-borbu-protiv-fasizma-i-rasistickog-izbornog-zakona\/","name":"Schmidta u Tuzli do\u010dekala dva prosvjednika, Sejdi\u0107 poziva na \u201cborbu protiv fa\u0161izma i rasisti\u010dkog Izbornog zakona\u201d - RADIO LJUBU\u0160KI","isPartOf":{"@id":"https:\/\/radioljubuski.ba\/#website"},"primaryImageOfPage":{"@id":"https:\/\/radioljubuski.ba\/index.php\/2022\/07\/25\/schmidta-u-tuzli-docekala-dva-prosvjednika-sejdic-poziva-na-borbu-protiv-fasizma-i-rasistickog-izbornog-zakona\/#primaryimage"},"image":{"@id":"https:\/\/radioljubuski.ba\/index.php\/2022\/07\/25\/schmidta-u-tuzli-docekala-dva-prosvjednika-sejdic-poziva-na-borbu-protiv-fasizma-i-rasistickog-izbornog-zakona\/#primaryimage"},"thumbnailUrl":"https:\/\/radioljubuski.ba\/wp-content\/uploads\/2022\/07\/FYcNS0MWAAIjCM8-1068x481-1.jpg","datePublished":"2022-07-25T10:13:12+00:00","dateModified":"2022-07-25T10:13:13+00:00","breadcrumb":{"@id":"https:\/\/radioljubuski.ba\/index.php\/2022\/07\/25\/schmidta-u-tuzli-docekala-dva-prosvjednika-sejdic-poziva-na-borbu-protiv-fasizma-i-rasistickog-izbornog-zakona\/#breadcrumb"},"inLanguage":"hr","potentialAction":[{"@type":"ReadAction","target":["https:\/\/radioljubuski.ba\/index.php\/2022\/07\/25\/schmidta-u-tuzli-docekala-dva-prosvjednika-sejdic-poziva-na-borbu-protiv-fasizma-i-rasistickog-izbornog-zakona\/"]}]},{"@type":"ImageObject","inLanguage":"hr","@id":"https:\/\/radioljubuski.ba\/index.php\/2022\/07\/25\/schmidta-u-tuzli-docekala-dva-prosvjednika-sejdic-poziva-na-borbu-protiv-fasizma-i-rasistickog-izbornog-zakona\/#primaryimage","url":"https:\/\/radioljubuski.ba\/wp-content\/uploads\/2022\/07\/FYcNS0MWAAIjCM8-1068x481-1.jpg","contentUrl":"https:\/\/radioljubuski.ba\/wp-content\/uploads\/2022\/07\/FYcNS0MWAAIjCM8-1068x481-1.jpg","width":1068,"height":481},{"@type":"BreadcrumbList","@id":"https:\/\/radioljubuski.ba\/index.php\/2022\/07\/25\/schmidta-u-tuzli-docekala-dva-prosvjednika-sejdic-poziva-na-borbu-protiv-fasizma-i-rasistickog-izbornog-zakona\/#breadcrumb","itemListElement":[{"@type":"ListItem","position":1,"name":"Po\u010detna stranica","item":"https:\/\/radioljubuski.ba\/"},{"@type":"ListItem","position":2,"name":"Schmidta u Tuzli do\u010dekala dva prosvjednika, Sejdi\u0107 poziva na \u201cborbu protiv fa\u0161izma i rasisti\u010dkog Izbornog zakona\u201d"}]},{"@type":"WebSite","@id":"https:\/\/radioljubuski.ba\/#website","url":"https:\/\/radioljubuski.ba\/","name":"Radio Ljubu\u0161ki","description":"Sun\u010dana frekvencija Hercegovine","publisher":{"@id":"https:\/\/radioljubuski.ba\/#organization"},"potentialAction":[{"@type":"SearchAction","target":{"@type":"EntryPoint","urlTemplate":"https:\/\/radioljubuski.ba\/?s={search_term_string}"},"query-input":{"@type":"PropertyValueSpecification","valueRequired":true,"valueName":"search_term_string"}}],"inLanguage":"hr"},{"@type":"Organization","@id":"https:\/\/radioljubuski.ba\/#organization","name":"Radio Ljubu\u0161ki","url":"https:\/\/radioljubuski.ba\/","logo":{"@type":"ImageObject","inLanguage":"hr","@id":"https:\/\/radioljubuski.ba\/#\/schema\/logo\/image\/","url":"https:\/\/radioljubuski.ba\/wp-content\/uploads\/2021\/02\/cropped-Radio_Ljubuski_logo1.jpg","contentUrl":"https:\/\/radioljubuski.ba\/wp-content\/uploads\/2021\/02\/cropped-Radio_Ljubuski_logo1.jpg","width":512,"height":512,"caption":"Radio Ljubu\u0161ki"},"image":{"@id":"https:\/\/radioljubuski.ba\/#\/schema\/logo\/image\/"},"sameAs":["https:\/\/www.facebook.com\/Radiio-Ljubuski-1490835324566332","https:\/\/x.com\/radioljubuski","https:\/\/hr.linkedin.com\/company\/radio-ljubuski","https:\/\/www.youtube.com\/channel\/UCHYaeO_n0Db3tjNGudGpXyw"]},{"@type":"Person","@id":"https:\/\/radioljubuski.ba\/#\/schema\/person\/19fc700381a780f69665d7956c469e3b","name":"Radio Ljubu\u0161ki"}]}},"_links":{"self":[{"href":"https:\/\/radioljubuski.ba\/index.php\/wp-json\/wp\/v2\/posts\/163174","targetHints":{"allow":["GET"]}}],"collection":[{"href":"https:\/\/radioljubuski.ba\/index.php\/wp-json\/wp\/v2\/posts"}],"about":[{"href":"https:\/\/radioljubuski.ba\/index.php\/wp-json\/wp\/v2\/types\/post"}],"author":[{"embeddable":true,"href":"https:\/\/radioljubuski.ba\/index.php\/wp-json\/wp\/v2\/users\/2"}],"replies":[{"embeddable":true,"href":"https:\/\/radioljubuski.ba\/index.php\/wp-json\/wp\/v2\/comments?post=163174"}],"version-history":[{"count":1,"href":"https:\/\/radioljubuski.ba\/index.php\/wp-json\/wp\/v2\/posts\/163174\/revisions"}],"predecessor-version":[{"id":163179,"href":"https:\/\/radioljubuski.ba\/index.php\/wp-json\/wp\/v2\/posts\/163174\/revisions\/163179"}],"wp:featuredmedia":[{"embeddable":true,"href":"https:\/\/radioljubuski.ba\/index.php\/wp-json\/wp\/v2\/media\/163178"}],"wp:attachment":[{"href":"https:\/\/radioljubuski.ba\/index.php\/wp-json\/wp\/v2\/media?parent=163174"}],"wp:term":[{"taxonomy":"category","embeddable":true,"href":"https:\/\/radioljubuski.ba\/index.php\/wp-json\/wp\/v2\/categories?post=163174"},{"taxonomy":"post_tag","embeddable":true,"href":"https:\/\/radioljubuski.ba\/index.php\/wp-json\/wp\/v2\/tags?post=163174"}],"curies":[{"name":"wp","href":"https:\/\/api.w.org\/{rel}","templated":true}]}}