{"id":16318,"date":"2021-04-25T23:30:46","date_gmt":"2021-04-25T22:30:46","guid":{"rendered":"https:\/\/radioljubuski.ba\/?p=16318"},"modified":"2021-04-25T23:30:48","modified_gmt":"2021-04-25T22:30:48","slug":"bracni-par-iz-medimurja-udomio-preko-100-djece-vratili-smo-im-djetinjstvo-to-se-srcem-radi","status":"publish","type":"post","link":"https:\/\/radioljubuski.ba\/index.php\/2021\/04\/25\/bracni-par-iz-medimurja-udomio-preko-100-djece-vratili-smo-im-djetinjstvo-to-se-srcem-radi\/","title":{"rendered":"Bra\u010dni par iz Me\u0111imurja udomio preko 100 djece: &#8216;Vratili smo im djetinjstvo, to se srcem radi&#8217;"},"content":{"rendered":"\n<p>Anica i Drago Bogar iz mjesta Banfi u Me\u0111imurju, prije 30 godina su prodali sve \u0161to su imali i izgradili veliku ku\u0107u kako bi mogli udomljavati djecu bez roditeljske skrbi. Ka\u017eu kako nikad nisu po\u017ealili svoju odluku.<\/p>\n\n\n\n<p>Mi imamo moto, a taj je da nema lo\u0161e djece pa \u010dak ni lo\u0161ih roditelja, ve\u0107 samo lo\u0161eg odgoja do kojeg do\u0111e jer neki jednostavno ne znaju ili ne mogu bolje. Nikoga tu ne treba kriviti, treba jednostavno toj djeci vratiti djetinjstvo, ka\u017ee Anica Bogar (61).<\/p>\n\n\n\n<p>U malom me\u0111imurskom mjestu Banfi, ona i suprug Drago (63) tako, ve\u0107 vi\u0161e od 30 godina, primaju u svoj dom traumatiziranu, prepla\u0161enu, tu\u017enu i ogor\u010denu djecu bez adekvatne roditeljske skrbi, koja su u svojim kratkim \u017eivotima pretrpjela vi\u0161e u\u017easa nego \u0161to stane i u jedan odrasli \u017eivot. Na dan kad zakora\u010de u dom Bogarovih, nikome ne vjeruju, distancirani su i mrze sve oko sebe. S vremenom, sve te negativne emocije u potpunosti nestanu, uvjeravaju nas Anica i Drago, a zamijene ih ozareni osmjesi, sre\u0107a na malim licima koji se svojim udomiteljima vi\u0161e ne obra\u0107aju sa &#8216;stri\u010dek&#8217; i &#8216;teta&#8217; ve\u0107 s &#8216;mama&#8217; i &#8216;tata&#8217;.<\/p>\n\n\n\n<p>Kako im to uspijeva? Da ste bili u njihovoj blizini i samo pet minuta, znali bi kako. Toplina i ljudskost koji iz njih izbijaju, jednostavno su autenti\u010dni. Nema tu glume pred gostima, la\u017enih rije\u010di i osmijeha. Sve \u0107e vam priznati, i najve\u0107u slabost i najbolju vrlinu, pokazat \u0107e vam \u017euljeve na rukama od rada u vrtu i svakodnevnog pripremanja obroka za 13 usta, pospremanja goleme ku\u0107erine s desetak soba, ribanja, pranja, izra\u0111ivanja ku\u0107ica za ptice i svega ostalog \u0161to ve\u0107 djeca po\u017eele&#8230;<\/p>\n\n\n\n<p>&#8211; Biti udomitelj je najdivnija stvar na svijetu, ali tra\u017ei puno odricanja. Mi nemamo slobodne vikende ili godi\u0161nje odmore pa da otputujemo, stavimo mozak na pa\u0161u i odmaramo. Praznici su nam pak razdoblje kad imamo najvi\u0161e posla. Treba pripremiti vagone kola\u010da i drugih jela, okititi sve, stvoriti pravi blagdanski ugo\u0111aj, a to nije mala stvar u ovako velikoj obitelji. Nema tu odmora ni lje\u0161karenja, nema privatnog \u017eivota. Djeci smo posve\u0107eni tisu\u0107u posto i tu nema mjesta za zabu\u0161avanje &#8211; odlu\u010dni su Anica i Drago.<\/p>\n\n\n\n<p>Rekli su im da su stvoreni za udomitelje<\/p>\n\n\n\n<p>A sve je po\u010delo jo\u0161 prije 30 godina kada im je na \u010duvanje povjerena curica stara 10 godina kojoj je majka preminula, a otac se nije mogao o njoj tada brinuti. Curica je ostala kod njih puno du\u017ee no \u0161to su mislili i jako su je zavoljeli ba\u0161 kao i ona njih. Na predivan odnos kojeg su stvorili s djevoj\u010dicom, do\u0161lo je i to da zbog zdravstvenih problema nisu mogli imati vlastitu djecu.<\/p>\n\n\n\n<p>&#8211; Jo\u0161 su nam dok smo imali tu prvu curicu, neki od djelatnika Ministarstva obitelji znali re\u0107i: &#8220;Ajde Bogari, posvetite se udomiteljstvu jo\u0161 vi\u0161e, vi ste stvoreni za to&#8221;. Tu smo prelomili u sebi \u0161to zapravo \u017eelimo u \u017eivotu. Prodali smo sve \u0161to smo imali. Drago je vozio kamione i sve ih prodao, ja sam radila kao tekstilni radnik i dala sam otkaz. Vlastitim smo rukama sagradili ovu ku\u0107u i o svoj tro\u0161ak. Javili smo se Centru za socijalnu skrb i bili spremni za prihvat svakog mogu\u0107eg djeteta koje bude trebalo ovu obitelj. Postali smo prvi hrvatski profesionalni udomitelji &#8211; pri\u010da Anica i dodaje kako je samo naziv takav, ali da s rije\u010di &#8216;profesija&#8217; i &#8216;posao&#8217; to nema nikakve veze.<\/p>\n\n\n\n<p>&#8211; To je pravi, istinski poziv. Udomljavati se mo\u017ee samo srcem i du\u0161om, ni\u010dim vi\u0161e &#8211; iskreno \u0107e&nbsp; Anica koja je do danas bila majka vi\u0161e od 100 djece.<\/p>\n\n\n\n<p>Zajedno s Dragom, svima njima su vratili djetinjstvo kakvo zaslu\u017euju. Bra\u010dni par otkriva kako u ku\u0107i nemaju stroga pravila jer misle da djeca ne funkcioniraju dobro pod pritiskom. Puno im je va\u017enije da znaju koje su njihove obveze i da se trude ispunjavati koliko tko mo\u017ee. A najva\u017enije od svega im je, ka\u017eu, usaditi im ljudskost i ukazati im na va\u017enost \u0161kolovanja, obitelji i zajedni\u0161tva.<\/p>\n\n\n\n<p>&#8211; Svakome od njih pristupamo individualno. Ako vidimo da je netko dobar u \u0161koli, tada ga jo\u0161 vi\u0161e guramo. Ako pak uo\u010dimo da nekome u\u010denje ide slabije, poma\u017eemo mu koliko mo\u017eemo da savlada gradivo, ali nastojimo da postane \u0161to bolji \u010dovjek. Smatramo da ne mora svako dijete upisati fakultet, ali zato svatko od njih mo\u017ee biti \u010dastan \u010dovjek &#8211; ka\u017ee Drago.<\/p>\n\n\n\n<p>Dodaje da i&nbsp; on i njegova supruga nastoje djeci pravi put pokazati vlastitim primjerom i trude se da ne ostane sve samo na rije\u010dima.<\/p>\n\n\n\n<p>&#8211; Mi \u017eivimo ono \u0161to njih u\u010dimo, a oni upijaju. Zato se uvijek trudimo biti iskreni u svojim postupcima jer znamo da nas djeca gledaju, prate i u\u010de od nas. Svjesni smo da oni sve osjete i sve primijete. Ni\u0161ta im ne mo\u017eemo sakriti pa se niti ne trudimo oko toga. Radije im uvijek sve ka\u017eemo onako kako je, \u010dak i ako istina nije nekad ugodna. A svi ti na\u0161i razgovori odvijaju se gotovo svakodnevno i to za stolom, za vrijeme ru\u010dka ili ve\u010dere. Stra\u0161no puno razgovaramo i uvijek sve rije\u0161imo &#8211; priznaje Drago.<\/p>\n\n\n\n<p>Jo\u0161 uvijek imaju kontakt sa gotovo svom djecom<\/p>\n\n\n\n<p>Iz njihove obitelji, mnogi nikad ne \u017eele oti\u0107i. Po zakonu, trebali bi ostati jo\u0161 maksimalno godinu dana nakon \u0161to zavr\u0161e srednju \u0161kolu, ali ve\u0107ina ostane i du\u017ee. Oni koji odu i otplove u bra\u010dnu luku, dolaze svaki vikend u goste. S gotovo stotinu djece koju su odgojili, ovaj bra\u010dni par jo\u0161 uvijek ima barem neki kontakt. Ima i onih, ka\u017eu, s kojima su izgubili kontakt, ali ih do\u0111u potra\u017eiti nakon 25 godina primjerice. Zbog privr\u017eenosti ba\u0161 svakom djetetu koje udome, Anica i Drago nikada nisu nikoga posvojili.<\/p>\n\n\n\n<p>A dobri su ne samo prema djeci, ve\u0107 i prema njihovim roditeljima. Svaki put kad neko dijete ima ro\u0111endan, pri\u010dest, krizmu pa \u010dak i vjen\u010danje, u ku\u0107i se organizira proslava, a tada Bogari pozovu i njihove roditelje, bra\u0107u i sestre ako ih imaju.<\/p>\n\n\n\n<p>&#8211; I s njima puno razgovaramo i \u010desto im dajemo savjete ako nas pitaju. Jedan me tata nedavno pitao: &#8220;\u010cuj, Drago, ho\u0107e li mi se k\u0107er vratiti napokon, ne mogu vi\u0161e \u010dekati'&#8221; Rekao samo mu: &#8220;Mora\u0161 sam na\u0107i put do nje. Mora\u0161 se ispri\u010dati i tra\u017eiti oprost. Mora\u0161 joj re\u0107i da si zakazao i da se kaje\u0161. Djeci je to va\u017eno \u010duti. Pa ne mogu je na silu \u0161iknuti k tebi ako ona to ne \u017eeli&#8221; &#8211; iskren je Drago.<\/p>\n\n\n\n<p>Na kraju, ka\u017ee, neka djeca nikad nisu spremna za povratak roditeljima. Ona koja pak odu iz ku\u0107e, u Anici i Dragu ostavljaju veliku bol i prazninu i unato\u010d tome \u0161to ostaju u kontaktu.<\/p>\n\n\n\n<p>&#8211; Ja uvijek ka\u017eem &#8211; mi smo puni o\u017eiljaka. Toliko sve pro\u017eivljavamo s njima da je nemogu\u0107e da to sve ne ostavi traga na vas. Nedavno je jedna na\u0161a cura koja je oti\u0161la dobila tumor na mozgu. Jako smo te\u0161ko pro\u017eivljavali te dane. I zamislite tako sa stotinu djece. Uvijek je nekome ne\u0161to. Uvijek netko odlazi i patite za njim. Tu su i dobre i lo\u0161e stvari. To je veliki stres, ali i velika ljubav i ona nas gura dalje. Nikad nismo po\u017ealili \u0161to smo odabrali ovakav \u017eivot, ali priznajem, znalo je biti jako te\u0161ko. I \u0161to onda bude? Ni\u0161ta, djeca te vrate natrag na stari put, na onu stazu koju si odabrao i obe\u0107ao sebi da \u0107e\u0161 uvijek davati ljubav tim malenim, potrebitim srcima &#8211; govori Anica.<\/p>\n\n\n\n<p>&#8216;Socijalni radnici su divni ljudi kojima je stalo&#8217;<\/p>\n\n\n\n<p>Osvrnula se i na nedavne nemile doga\u0111aje koje su potresli Hrvatsku. Na smrt male Nikoll i na napade na socijalne radnike.<\/p>\n\n\n\n<p>&#8211; Ljudi nemaju pojma koliko divnih socijalnih radnika ima. To su tako predani ljudi koji na terenu sva\u0161ta vide i do\u017eive i znam da taj posao rade sa srcem. Ne postane\u0161 ba\u0161 socijalni radnik ako te nije briga. Odabere\u0161 neki drugi posao. Mislim da oni koji su u ovome, ipak ne\u0161to osje\u0107aju. Svaka moja suradnja s njima je bila predivna. Sada kada do\u0111em k njima, vidim koliko su o\u010dajni zbog svega \u0161to se u Hrvatskoj doga\u0111a. Tako\u0111er, osje\u0107aju se neza\u0161ti\u0107eno. U slu\u010daju male Nikol, sigurna sam da su htjeli sve najbolje. Ali stvarnost nije uvijek takva. Socijalni radnik ne mo\u017ee znati kada \u0107e se nekom roditelju zamra\u010diti um. To se desi u sekundi. Da su imalo naslu\u0107ivali ono \u0161to \u0107e se dogoditi, druga\u010dije bi postupili &#8211; sla\u017eu se Anica i Drago.<\/p>\n\n\n\n<p>Izvor:24sata.hr<\/p>\n","protected":false},"excerpt":{"rendered":"<p>Anica i Drago Bogar iz mjesta Banfi u Me\u0111imurju, prije 30 godina su prodali sve \u0161to su imali i izgradili veliku ku\u0107u kako bi mogli udomljavati djecu bez roditeljske skrbi. Ka\u017eu kako nikad nisu po\u017ealili svoju odluku. Mi imamo moto, a taj je da nema lo\u0161e djece pa \u010dak ni lo\u0161ih roditelja, ve\u0107 samo lo\u0161eg [&hellip;]<\/p>\n","protected":false},"author":2,"featured_media":16319,"comment_status":"closed","ping_status":"closed","sticky":false,"template":"","format":"standard","meta":{"h5ap_radio_sources":[],"footnotes":""},"categories":[1],"tags":[],"class_list":["post-16318","post","type-post","status-publish","format-standard","has-post-thumbnail","hentry","category-bihiregija"],"yoast_head":"<!-- This site is optimized with the Yoast SEO plugin v27.4 - https:\/\/yoast.com\/product\/yoast-seo-wordpress\/ -->\n<title>Bra\u010dni par iz Me\u0111imurja udomio preko 100 djece: &#039;Vratili smo im djetinjstvo, to se srcem radi&#039; - RADIO LJUBU\u0160KI<\/title>\n<meta name=\"robots\" content=\"index, follow, max-snippet:-1, max-image-preview:large, max-video-preview:-1\" \/>\n<link rel=\"canonical\" href=\"https:\/\/radioljubuski.ba\/index.php\/2021\/04\/25\/bracni-par-iz-medimurja-udomio-preko-100-djece-vratili-smo-im-djetinjstvo-to-se-srcem-radi\/\" \/>\n<meta property=\"og:locale\" content=\"hr_HR\" \/>\n<meta property=\"og:type\" content=\"article\" \/>\n<meta property=\"og:title\" content=\"Bra\u010dni par iz Me\u0111imurja udomio preko 100 djece: &#039;Vratili smo im djetinjstvo, to se srcem radi&#039; - RADIO LJUBU\u0160KI\" \/>\n<meta property=\"og:description\" content=\"Anica i Drago Bogar iz mjesta Banfi u Me\u0111imurju, prije 30 godina su prodali sve \u0161to su imali i izgradili veliku ku\u0107u kako bi mogli udomljavati djecu bez roditeljske skrbi. Ka\u017eu kako nikad nisu po\u017ealili svoju odluku. Mi imamo moto, a taj je da nema lo\u0161e djece pa \u010dak ni lo\u0161ih roditelja, ve\u0107 samo lo\u0161eg [&hellip;]\" \/>\n<meta property=\"og:url\" content=\"https:\/\/radioljubuski.ba\/index.php\/2021\/04\/25\/bracni-par-iz-medimurja-udomio-preko-100-djece-vratili-smo-im-djetinjstvo-to-se-srcem-radi\/\" \/>\n<meta property=\"og:site_name\" content=\"RADIO LJUBU\u0160KI\" \/>\n<meta property=\"article:publisher\" content=\"https:\/\/www.facebook.com\/Radiio-Ljubuski-1490835324566332\" \/>\n<meta property=\"article:published_time\" content=\"2021-04-25T22:30:46+00:00\" \/>\n<meta property=\"article:modified_time\" content=\"2021-04-25T22:30:48+00:00\" \/>\n<meta property=\"og:image\" content=\"https:\/\/radioljubuski.ba\/wp-content\/uploads\/2021\/04\/7-2021-04-25-17-09-06-9293992.jpg\" \/>\n\t<meta property=\"og:image:width\" content=\"1000\" \/>\n\t<meta property=\"og:image:height\" content=\"625\" \/>\n\t<meta property=\"og:image:type\" content=\"image\/jpeg\" \/>\n<meta name=\"author\" content=\"Radio Ljubu\u0161ki\" \/>\n<meta name=\"twitter:card\" content=\"summary_large_image\" \/>\n<meta name=\"twitter:creator\" content=\"@radioljubuski\" \/>\n<meta name=\"twitter:site\" content=\"@radioljubuski\" \/>\n<meta name=\"twitter:label1\" content=\"Napisao\/la\" \/>\n\t<meta name=\"twitter:data1\" content=\"Radio Ljubu\u0161ki\" \/>\n\t<meta name=\"twitter:label2\" content=\"Procijenjeno vrijeme \u010ditanja\" \/>\n\t<meta name=\"twitter:data2\" content=\"6 minuta\" \/>\n<script type=\"application\/ld+json\" class=\"yoast-schema-graph\">{\"@context\":\"https:\\\/\\\/schema.org\",\"@graph\":[{\"@type\":\"Article\",\"@id\":\"https:\\\/\\\/radioljubuski.ba\\\/index.php\\\/2021\\\/04\\\/25\\\/bracni-par-iz-medimurja-udomio-preko-100-djece-vratili-smo-im-djetinjstvo-to-se-srcem-radi\\\/#article\",\"isPartOf\":{\"@id\":\"https:\\\/\\\/radioljubuski.ba\\\/index.php\\\/2021\\\/04\\\/25\\\/bracni-par-iz-medimurja-udomio-preko-100-djece-vratili-smo-im-djetinjstvo-to-se-srcem-radi\\\/\"},\"author\":{\"name\":\"Radio Ljubu\u0161ki\",\"@id\":\"https:\\\/\\\/radioljubuski.ba\\\/#\\\/schema\\\/person\\\/19fc700381a780f69665d7956c469e3b\"},\"headline\":\"Bra\u010dni par iz Me\u0111imurja udomio preko 100 djece: &#8216;Vratili smo im djetinjstvo, to se srcem radi&#8217;\",\"datePublished\":\"2021-04-25T22:30:46+00:00\",\"dateModified\":\"2021-04-25T22:30:48+00:00\",\"mainEntityOfPage\":{\"@id\":\"https:\\\/\\\/radioljubuski.ba\\\/index.php\\\/2021\\\/04\\\/25\\\/bracni-par-iz-medimurja-udomio-preko-100-djece-vratili-smo-im-djetinjstvo-to-se-srcem-radi\\\/\"},\"wordCount\":1518,\"publisher\":{\"@id\":\"https:\\\/\\\/radioljubuski.ba\\\/#organization\"},\"image\":{\"@id\":\"https:\\\/\\\/radioljubuski.ba\\\/index.php\\\/2021\\\/04\\\/25\\\/bracni-par-iz-medimurja-udomio-preko-100-djece-vratili-smo-im-djetinjstvo-to-se-srcem-radi\\\/#primaryimage\"},\"thumbnailUrl\":\"https:\\\/\\\/radioljubuski.ba\\\/wp-content\\\/uploads\\\/2021\\\/04\\\/7-2021-04-25-17-09-06-9293992.jpg\",\"articleSection\":[\"BIH i regija\"],\"inLanguage\":\"hr\"},{\"@type\":\"WebPage\",\"@id\":\"https:\\\/\\\/radioljubuski.ba\\\/index.php\\\/2021\\\/04\\\/25\\\/bracni-par-iz-medimurja-udomio-preko-100-djece-vratili-smo-im-djetinjstvo-to-se-srcem-radi\\\/\",\"url\":\"https:\\\/\\\/radioljubuski.ba\\\/index.php\\\/2021\\\/04\\\/25\\\/bracni-par-iz-medimurja-udomio-preko-100-djece-vratili-smo-im-djetinjstvo-to-se-srcem-radi\\\/\",\"name\":\"Bra\u010dni par iz Me\u0111imurja udomio preko 100 djece: 'Vratili smo im djetinjstvo, to se srcem radi' - RADIO LJUBU\u0160KI\",\"isPartOf\":{\"@id\":\"https:\\\/\\\/radioljubuski.ba\\\/#website\"},\"primaryImageOfPage\":{\"@id\":\"https:\\\/\\\/radioljubuski.ba\\\/index.php\\\/2021\\\/04\\\/25\\\/bracni-par-iz-medimurja-udomio-preko-100-djece-vratili-smo-im-djetinjstvo-to-se-srcem-radi\\\/#primaryimage\"},\"image\":{\"@id\":\"https:\\\/\\\/radioljubuski.ba\\\/index.php\\\/2021\\\/04\\\/25\\\/bracni-par-iz-medimurja-udomio-preko-100-djece-vratili-smo-im-djetinjstvo-to-se-srcem-radi\\\/#primaryimage\"},\"thumbnailUrl\":\"https:\\\/\\\/radioljubuski.ba\\\/wp-content\\\/uploads\\\/2021\\\/04\\\/7-2021-04-25-17-09-06-9293992.jpg\",\"datePublished\":\"2021-04-25T22:30:46+00:00\",\"dateModified\":\"2021-04-25T22:30:48+00:00\",\"breadcrumb\":{\"@id\":\"https:\\\/\\\/radioljubuski.ba\\\/index.php\\\/2021\\\/04\\\/25\\\/bracni-par-iz-medimurja-udomio-preko-100-djece-vratili-smo-im-djetinjstvo-to-se-srcem-radi\\\/#breadcrumb\"},\"inLanguage\":\"hr\",\"potentialAction\":[{\"@type\":\"ReadAction\",\"target\":[\"https:\\\/\\\/radioljubuski.ba\\\/index.php\\\/2021\\\/04\\\/25\\\/bracni-par-iz-medimurja-udomio-preko-100-djece-vratili-smo-im-djetinjstvo-to-se-srcem-radi\\\/\"]}]},{\"@type\":\"ImageObject\",\"inLanguage\":\"hr\",\"@id\":\"https:\\\/\\\/radioljubuski.ba\\\/index.php\\\/2021\\\/04\\\/25\\\/bracni-par-iz-medimurja-udomio-preko-100-djece-vratili-smo-im-djetinjstvo-to-se-srcem-radi\\\/#primaryimage\",\"url\":\"https:\\\/\\\/radioljubuski.ba\\\/wp-content\\\/uploads\\\/2021\\\/04\\\/7-2021-04-25-17-09-06-9293992.jpg\",\"contentUrl\":\"https:\\\/\\\/radioljubuski.ba\\\/wp-content\\\/uploads\\\/2021\\\/04\\\/7-2021-04-25-17-09-06-9293992.jpg\",\"width\":1000,\"height\":625},{\"@type\":\"BreadcrumbList\",\"@id\":\"https:\\\/\\\/radioljubuski.ba\\\/index.php\\\/2021\\\/04\\\/25\\\/bracni-par-iz-medimurja-udomio-preko-100-djece-vratili-smo-im-djetinjstvo-to-se-srcem-radi\\\/#breadcrumb\",\"itemListElement\":[{\"@type\":\"ListItem\",\"position\":1,\"name\":\"Po\u010detna stranica\",\"item\":\"https:\\\/\\\/radioljubuski.ba\\\/\"},{\"@type\":\"ListItem\",\"position\":2,\"name\":\"Bra\u010dni par iz Me\u0111imurja udomio preko 100 djece: &#8216;Vratili smo im djetinjstvo, to se srcem radi&#8217;\"}]},{\"@type\":\"WebSite\",\"@id\":\"https:\\\/\\\/radioljubuski.ba\\\/#website\",\"url\":\"https:\\\/\\\/radioljubuski.ba\\\/\",\"name\":\"Radio Ljubu\u0161ki\",\"description\":\"Sun\u010dana frekvencija Hercegovine\",\"publisher\":{\"@id\":\"https:\\\/\\\/radioljubuski.ba\\\/#organization\"},\"potentialAction\":[{\"@type\":\"SearchAction\",\"target\":{\"@type\":\"EntryPoint\",\"urlTemplate\":\"https:\\\/\\\/radioljubuski.ba\\\/?s={search_term_string}\"},\"query-input\":{\"@type\":\"PropertyValueSpecification\",\"valueRequired\":true,\"valueName\":\"search_term_string\"}}],\"inLanguage\":\"hr\"},{\"@type\":\"Organization\",\"@id\":\"https:\\\/\\\/radioljubuski.ba\\\/#organization\",\"name\":\"Radio Ljubu\u0161ki\",\"url\":\"https:\\\/\\\/radioljubuski.ba\\\/\",\"logo\":{\"@type\":\"ImageObject\",\"inLanguage\":\"hr\",\"@id\":\"https:\\\/\\\/radioljubuski.ba\\\/#\\\/schema\\\/logo\\\/image\\\/\",\"url\":\"https:\\\/\\\/radioljubuski.ba\\\/wp-content\\\/uploads\\\/2021\\\/02\\\/cropped-Radio_Ljubuski_logo1.jpg\",\"contentUrl\":\"https:\\\/\\\/radioljubuski.ba\\\/wp-content\\\/uploads\\\/2021\\\/02\\\/cropped-Radio_Ljubuski_logo1.jpg\",\"width\":512,\"height\":512,\"caption\":\"Radio Ljubu\u0161ki\"},\"image\":{\"@id\":\"https:\\\/\\\/radioljubuski.ba\\\/#\\\/schema\\\/logo\\\/image\\\/\"},\"sameAs\":[\"https:\\\/\\\/www.facebook.com\\\/Radiio-Ljubuski-1490835324566332\",\"https:\\\/\\\/x.com\\\/radioljubuski\",\"https:\\\/\\\/hr.linkedin.com\\\/company\\\/radio-ljubuski\",\"https:\\\/\\\/www.youtube.com\\\/channel\\\/UCHYaeO_n0Db3tjNGudGpXyw\"]},{\"@type\":\"Person\",\"@id\":\"https:\\\/\\\/radioljubuski.ba\\\/#\\\/schema\\\/person\\\/19fc700381a780f69665d7956c469e3b\",\"name\":\"Radio Ljubu\u0161ki\"}]}<\/script>\n<!-- \/ Yoast SEO plugin. -->","yoast_head_json":{"title":"Bra\u010dni par iz Me\u0111imurja udomio preko 100 djece: 'Vratili smo im djetinjstvo, to se srcem radi' - RADIO LJUBU\u0160KI","robots":{"index":"index","follow":"follow","max-snippet":"max-snippet:-1","max-image-preview":"max-image-preview:large","max-video-preview":"max-video-preview:-1"},"canonical":"https:\/\/radioljubuski.ba\/index.php\/2021\/04\/25\/bracni-par-iz-medimurja-udomio-preko-100-djece-vratili-smo-im-djetinjstvo-to-se-srcem-radi\/","og_locale":"hr_HR","og_type":"article","og_title":"Bra\u010dni par iz Me\u0111imurja udomio preko 100 djece: 'Vratili smo im djetinjstvo, to se srcem radi' - RADIO LJUBU\u0160KI","og_description":"Anica i Drago Bogar iz mjesta Banfi u Me\u0111imurju, prije 30 godina su prodali sve \u0161to su imali i izgradili veliku ku\u0107u kako bi mogli udomljavati djecu bez roditeljske skrbi. Ka\u017eu kako nikad nisu po\u017ealili svoju odluku. Mi imamo moto, a taj je da nema lo\u0161e djece pa \u010dak ni lo\u0161ih roditelja, ve\u0107 samo lo\u0161eg [&hellip;]","og_url":"https:\/\/radioljubuski.ba\/index.php\/2021\/04\/25\/bracni-par-iz-medimurja-udomio-preko-100-djece-vratili-smo-im-djetinjstvo-to-se-srcem-radi\/","og_site_name":"RADIO LJUBU\u0160KI","article_publisher":"https:\/\/www.facebook.com\/Radiio-Ljubuski-1490835324566332","article_published_time":"2021-04-25T22:30:46+00:00","article_modified_time":"2021-04-25T22:30:48+00:00","og_image":[{"width":1000,"height":625,"url":"https:\/\/radioljubuski.ba\/wp-content\/uploads\/2021\/04\/7-2021-04-25-17-09-06-9293992.jpg","type":"image\/jpeg"}],"author":"Radio Ljubu\u0161ki","twitter_card":"summary_large_image","twitter_creator":"@radioljubuski","twitter_site":"@radioljubuski","twitter_misc":{"Napisao\/la":"Radio Ljubu\u0161ki","Procijenjeno vrijeme \u010ditanja":"6 minuta"},"schema":{"@context":"https:\/\/schema.org","@graph":[{"@type":"Article","@id":"https:\/\/radioljubuski.ba\/index.php\/2021\/04\/25\/bracni-par-iz-medimurja-udomio-preko-100-djece-vratili-smo-im-djetinjstvo-to-se-srcem-radi\/#article","isPartOf":{"@id":"https:\/\/radioljubuski.ba\/index.php\/2021\/04\/25\/bracni-par-iz-medimurja-udomio-preko-100-djece-vratili-smo-im-djetinjstvo-to-se-srcem-radi\/"},"author":{"name":"Radio Ljubu\u0161ki","@id":"https:\/\/radioljubuski.ba\/#\/schema\/person\/19fc700381a780f69665d7956c469e3b"},"headline":"Bra\u010dni par iz Me\u0111imurja udomio preko 100 djece: &#8216;Vratili smo im djetinjstvo, to se srcem radi&#8217;","datePublished":"2021-04-25T22:30:46+00:00","dateModified":"2021-04-25T22:30:48+00:00","mainEntityOfPage":{"@id":"https:\/\/radioljubuski.ba\/index.php\/2021\/04\/25\/bracni-par-iz-medimurja-udomio-preko-100-djece-vratili-smo-im-djetinjstvo-to-se-srcem-radi\/"},"wordCount":1518,"publisher":{"@id":"https:\/\/radioljubuski.ba\/#organization"},"image":{"@id":"https:\/\/radioljubuski.ba\/index.php\/2021\/04\/25\/bracni-par-iz-medimurja-udomio-preko-100-djece-vratili-smo-im-djetinjstvo-to-se-srcem-radi\/#primaryimage"},"thumbnailUrl":"https:\/\/radioljubuski.ba\/wp-content\/uploads\/2021\/04\/7-2021-04-25-17-09-06-9293992.jpg","articleSection":["BIH i regija"],"inLanguage":"hr"},{"@type":"WebPage","@id":"https:\/\/radioljubuski.ba\/index.php\/2021\/04\/25\/bracni-par-iz-medimurja-udomio-preko-100-djece-vratili-smo-im-djetinjstvo-to-se-srcem-radi\/","url":"https:\/\/radioljubuski.ba\/index.php\/2021\/04\/25\/bracni-par-iz-medimurja-udomio-preko-100-djece-vratili-smo-im-djetinjstvo-to-se-srcem-radi\/","name":"Bra\u010dni par iz Me\u0111imurja udomio preko 100 djece: 'Vratili smo im djetinjstvo, to se srcem radi' - RADIO LJUBU\u0160KI","isPartOf":{"@id":"https:\/\/radioljubuski.ba\/#website"},"primaryImageOfPage":{"@id":"https:\/\/radioljubuski.ba\/index.php\/2021\/04\/25\/bracni-par-iz-medimurja-udomio-preko-100-djece-vratili-smo-im-djetinjstvo-to-se-srcem-radi\/#primaryimage"},"image":{"@id":"https:\/\/radioljubuski.ba\/index.php\/2021\/04\/25\/bracni-par-iz-medimurja-udomio-preko-100-djece-vratili-smo-im-djetinjstvo-to-se-srcem-radi\/#primaryimage"},"thumbnailUrl":"https:\/\/radioljubuski.ba\/wp-content\/uploads\/2021\/04\/7-2021-04-25-17-09-06-9293992.jpg","datePublished":"2021-04-25T22:30:46+00:00","dateModified":"2021-04-25T22:30:48+00:00","breadcrumb":{"@id":"https:\/\/radioljubuski.ba\/index.php\/2021\/04\/25\/bracni-par-iz-medimurja-udomio-preko-100-djece-vratili-smo-im-djetinjstvo-to-se-srcem-radi\/#breadcrumb"},"inLanguage":"hr","potentialAction":[{"@type":"ReadAction","target":["https:\/\/radioljubuski.ba\/index.php\/2021\/04\/25\/bracni-par-iz-medimurja-udomio-preko-100-djece-vratili-smo-im-djetinjstvo-to-se-srcem-radi\/"]}]},{"@type":"ImageObject","inLanguage":"hr","@id":"https:\/\/radioljubuski.ba\/index.php\/2021\/04\/25\/bracni-par-iz-medimurja-udomio-preko-100-djece-vratili-smo-im-djetinjstvo-to-se-srcem-radi\/#primaryimage","url":"https:\/\/radioljubuski.ba\/wp-content\/uploads\/2021\/04\/7-2021-04-25-17-09-06-9293992.jpg","contentUrl":"https:\/\/radioljubuski.ba\/wp-content\/uploads\/2021\/04\/7-2021-04-25-17-09-06-9293992.jpg","width":1000,"height":625},{"@type":"BreadcrumbList","@id":"https:\/\/radioljubuski.ba\/index.php\/2021\/04\/25\/bracni-par-iz-medimurja-udomio-preko-100-djece-vratili-smo-im-djetinjstvo-to-se-srcem-radi\/#breadcrumb","itemListElement":[{"@type":"ListItem","position":1,"name":"Po\u010detna stranica","item":"https:\/\/radioljubuski.ba\/"},{"@type":"ListItem","position":2,"name":"Bra\u010dni par iz Me\u0111imurja udomio preko 100 djece: &#8216;Vratili smo im djetinjstvo, to se srcem radi&#8217;"}]},{"@type":"WebSite","@id":"https:\/\/radioljubuski.ba\/#website","url":"https:\/\/radioljubuski.ba\/","name":"Radio Ljubu\u0161ki","description":"Sun\u010dana frekvencija Hercegovine","publisher":{"@id":"https:\/\/radioljubuski.ba\/#organization"},"potentialAction":[{"@type":"SearchAction","target":{"@type":"EntryPoint","urlTemplate":"https:\/\/radioljubuski.ba\/?s={search_term_string}"},"query-input":{"@type":"PropertyValueSpecification","valueRequired":true,"valueName":"search_term_string"}}],"inLanguage":"hr"},{"@type":"Organization","@id":"https:\/\/radioljubuski.ba\/#organization","name":"Radio Ljubu\u0161ki","url":"https:\/\/radioljubuski.ba\/","logo":{"@type":"ImageObject","inLanguage":"hr","@id":"https:\/\/radioljubuski.ba\/#\/schema\/logo\/image\/","url":"https:\/\/radioljubuski.ba\/wp-content\/uploads\/2021\/02\/cropped-Radio_Ljubuski_logo1.jpg","contentUrl":"https:\/\/radioljubuski.ba\/wp-content\/uploads\/2021\/02\/cropped-Radio_Ljubuski_logo1.jpg","width":512,"height":512,"caption":"Radio Ljubu\u0161ki"},"image":{"@id":"https:\/\/radioljubuski.ba\/#\/schema\/logo\/image\/"},"sameAs":["https:\/\/www.facebook.com\/Radiio-Ljubuski-1490835324566332","https:\/\/x.com\/radioljubuski","https:\/\/hr.linkedin.com\/company\/radio-ljubuski","https:\/\/www.youtube.com\/channel\/UCHYaeO_n0Db3tjNGudGpXyw"]},{"@type":"Person","@id":"https:\/\/radioljubuski.ba\/#\/schema\/person\/19fc700381a780f69665d7956c469e3b","name":"Radio Ljubu\u0161ki"}]}},"_links":{"self":[{"href":"https:\/\/radioljubuski.ba\/index.php\/wp-json\/wp\/v2\/posts\/16318","targetHints":{"allow":["GET"]}}],"collection":[{"href":"https:\/\/radioljubuski.ba\/index.php\/wp-json\/wp\/v2\/posts"}],"about":[{"href":"https:\/\/radioljubuski.ba\/index.php\/wp-json\/wp\/v2\/types\/post"}],"author":[{"embeddable":true,"href":"https:\/\/radioljubuski.ba\/index.php\/wp-json\/wp\/v2\/users\/2"}],"replies":[{"embeddable":true,"href":"https:\/\/radioljubuski.ba\/index.php\/wp-json\/wp\/v2\/comments?post=16318"}],"version-history":[{"count":1,"href":"https:\/\/radioljubuski.ba\/index.php\/wp-json\/wp\/v2\/posts\/16318\/revisions"}],"predecessor-version":[{"id":16320,"href":"https:\/\/radioljubuski.ba\/index.php\/wp-json\/wp\/v2\/posts\/16318\/revisions\/16320"}],"wp:featuredmedia":[{"embeddable":true,"href":"https:\/\/radioljubuski.ba\/index.php\/wp-json\/wp\/v2\/media\/16319"}],"wp:attachment":[{"href":"https:\/\/radioljubuski.ba\/index.php\/wp-json\/wp\/v2\/media?parent=16318"}],"wp:term":[{"taxonomy":"category","embeddable":true,"href":"https:\/\/radioljubuski.ba\/index.php\/wp-json\/wp\/v2\/categories?post=16318"},{"taxonomy":"post_tag","embeddable":true,"href":"https:\/\/radioljubuski.ba\/index.php\/wp-json\/wp\/v2\/tags?post=16318"}],"curies":[{"name":"wp","href":"https:\/\/api.w.org\/{rel}","templated":true}]}}