{"id":163192,"date":"2022-07-25T11:21:41","date_gmt":"2022-07-25T10:21:41","guid":{"rendered":"https:\/\/radioljubuski.ba\/?p=163192"},"modified":"2022-07-25T11:21:42","modified_gmt":"2022-07-25T10:21:42","slug":"rusija-ukrajinski-obavjestajci-su-pokusali-oteti-nas-vojni-avion-pilotima-davali-eu-drzavljanstva","status":"publish","type":"post","link":"https:\/\/radioljubuski.ba\/index.php\/2022\/07\/25\/rusija-ukrajinski-obavjestajci-su-pokusali-oteti-nas-vojni-avion-pilotima-davali-eu-drzavljanstva\/","title":{"rendered":"Rusija: &#8220;Ukrajinski obavje\u0161tajci su poku\u0161ali oteti na\u0161 vojni avion, pilotima davali EU dr\u017eavljanstva&#8221;"},"content":{"rendered":"\n<p>Ruska slu\u017eba dr\u017eavne sigurnosti FSB objavila je da su njeni agenti sprije\u010dili ukrajinske vojne obavje\u0161tajce koji su poku\u0161avali oteti ruske zrakoplove, pi\u0161e ruska novinska agencija Tass. Tvrde i da su operaciju nadzirale specijalne slu\u017ebe NATO-a.<\/p>\n\n\n\n<p>&#8220;Federalna slu\u017eba sigurnosti otkrila je i zaustavila operaciju Glavne obavje\u0161tajne uprave ministarstva obrane Ukrajine za otmicu borbenih zrakoplova ruskih zra\u010dnih snaga, pod nadzorom specijalnih slu\u017ebi NATO-a&#8221;, istaknuo je CSO.<\/p>\n\n\n\n<p><strong>&#8220;Obe\u0107avali su novac i dr\u017eavljanstvo neke EU \u010dlanice&#8221;<\/strong><\/p>\n\n\n\n<p>FSB je izvijestio da su &#8220;ukrajinski vojni obavje\u0161tajci, djeluju\u0107i u ime politi\u010dkog vodstva svoje zemlje, poku\u0161ali regrutirati ruske vojne pilote za nov\u010danu nagradu i jamstvo dobivanja dr\u017eavljanstva jedne od zemalja EU, kako bi ih uvjerili da slete na aerodromima pod kontrolom Oru\u017eanih snaga Ukrajine&#8221;.<\/p>\n\n\n\n<p>FSB tvrdi i da je identifikacija ovih planova tako\u0111er omogu\u0107ila napad na niz ukrajinskih vojnih objekata.<\/p>\n\n\n\n<p>&#8220;Tijekom operativne igre, ruski protuobavje\u0161tajni slu\u017ebenici do\u0161li su do informacija koje su pomogle na\u0161im oru\u017eanim snagama da nanesu po\u017earnu \u0161tetu nizu ukrajinskih vojnih objekata&#8221;, objavio je FSB i naveo da su identificirani djelatnici ukrajinskih specijalnih slu\u017ebi uklju\u010deni u operaciju.<\/p>\n\n\n\n<p>Izvor: Dnevnik.ba<\/p>\n","protected":false},"excerpt":{"rendered":"<p>Ruska slu\u017eba dr\u017eavne sigurnosti FSB objavila je da su njeni agenti sprije\u010dili ukrajinske vojne obavje\u0161tajce koji su poku\u0161avali oteti ruske zrakoplove, pi\u0161e ruska novinska agencija Tass. Tvrde i da su operaciju nadzirale specijalne slu\u017ebe NATO-a. &#8220;Federalna slu\u017eba sigurnosti otkrila je i zaustavila operaciju Glavne obavje\u0161tajne uprave ministarstva obrane Ukrajine za otmicu borbenih zrakoplova ruskih zra\u010dnih [&hellip;]<\/p>\n","protected":false},"author":2,"featured_media":163193,"comment_status":"closed","ping_status":"closed","sticky":false,"template":"","format":"standard","meta":{"h5ap_radio_sources":[],"footnotes":""},"categories":[1],"tags":[],"class_list":["post-163192","post","type-post","status-publish","format-standard","has-post-thumbnail","hentry","category-bihiregija"],"yoast_head":"<!-- This site is optimized with the Yoast SEO plugin v27.5 - https:\/\/yoast.com\/product\/yoast-seo-wordpress\/ -->\n<title>Rusija: &quot;Ukrajinski obavje\u0161tajci su poku\u0161ali oteti na\u0161 vojni avion, pilotima davali EU dr\u017eavljanstva&quot; - RADIO LJUBU\u0160KI<\/title>\n<meta name=\"robots\" content=\"index, follow, max-snippet:-1, max-image-preview:large, max-video-preview:-1\" \/>\n<link rel=\"canonical\" href=\"https:\/\/radioljubuski.ba\/index.php\/2022\/07\/25\/rusija-ukrajinski-obavjestajci-su-pokusali-oteti-nas-vojni-avion-pilotima-davali-eu-drzavljanstva\/\" \/>\n<meta property=\"og:locale\" content=\"hr_HR\" \/>\n<meta property=\"og:type\" content=\"article\" \/>\n<meta property=\"og:title\" content=\"Rusija: &quot;Ukrajinski obavje\u0161tajci su poku\u0161ali oteti na\u0161 vojni avion, pilotima davali EU dr\u017eavljanstva&quot; - RADIO LJUBU\u0160KI\" \/>\n<meta property=\"og:description\" content=\"Ruska slu\u017eba dr\u017eavne sigurnosti FSB objavila je da su njeni agenti sprije\u010dili ukrajinske vojne obavje\u0161tajce koji su poku\u0161avali oteti ruske zrakoplove, pi\u0161e ruska novinska agencija Tass. Tvrde i da su operaciju nadzirale specijalne slu\u017ebe NATO-a. &#8220;Federalna slu\u017eba sigurnosti otkrila je i zaustavila operaciju Glavne obavje\u0161tajne uprave ministarstva obrane Ukrajine za otmicu borbenih zrakoplova ruskih zra\u010dnih [&hellip;]\" \/>\n<meta property=\"og:url\" content=\"https:\/\/radioljubuski.ba\/index.php\/2022\/07\/25\/rusija-ukrajinski-obavjestajci-su-pokusali-oteti-nas-vojni-avion-pilotima-davali-eu-drzavljanstva\/\" \/>\n<meta property=\"og:site_name\" content=\"RADIO LJUBU\u0160KI\" \/>\n<meta property=\"article:publisher\" content=\"https:\/\/www.facebook.com\/Radiio-Ljubuski-1490835324566332\" \/>\n<meta property=\"article:published_time\" content=\"2022-07-25T10:21:41+00:00\" \/>\n<meta property=\"article:modified_time\" content=\"2022-07-25T10:21:42+00:00\" \/>\n<meta property=\"og:image\" content=\"https:\/\/radioljubuski.ba\/wp-content\/uploads\/2022\/07\/o_115958_1024.jpg\" \/>\n\t<meta property=\"og:image:width\" content=\"1024\" \/>\n\t<meta property=\"og:image:height\" content=\"682\" \/>\n\t<meta property=\"og:image:type\" content=\"image\/jpeg\" \/>\n<meta name=\"author\" content=\"Radio Ljubu\u0161ki\" \/>\n<meta name=\"twitter:card\" content=\"summary_large_image\" \/>\n<meta name=\"twitter:creator\" content=\"@radioljubuski\" \/>\n<meta name=\"twitter:site\" content=\"@radioljubuski\" \/>\n<meta name=\"twitter:label1\" content=\"Napisao\/la\" \/>\n\t<meta name=\"twitter:data1\" content=\"Radio Ljubu\u0161ki\" \/>\n\t<meta name=\"twitter:label2\" content=\"Procijenjeno vrijeme \u010ditanja\" \/>\n\t<meta name=\"twitter:data2\" content=\"1 minuta\" \/>\n<script type=\"application\/ld+json\" class=\"yoast-schema-graph\">{\"@context\":\"https:\\\/\\\/schema.org\",\"@graph\":[{\"@type\":\"Article\",\"@id\":\"https:\\\/\\\/radioljubuski.ba\\\/index.php\\\/2022\\\/07\\\/25\\\/rusija-ukrajinski-obavjestajci-su-pokusali-oteti-nas-vojni-avion-pilotima-davali-eu-drzavljanstva\\\/#article\",\"isPartOf\":{\"@id\":\"https:\\\/\\\/radioljubuski.ba\\\/index.php\\\/2022\\\/07\\\/25\\\/rusija-ukrajinski-obavjestajci-su-pokusali-oteti-nas-vojni-avion-pilotima-davali-eu-drzavljanstva\\\/\"},\"author\":{\"name\":\"Radio Ljubu\u0161ki\",\"@id\":\"https:\\\/\\\/radioljubuski.ba\\\/#\\\/schema\\\/person\\\/19fc700381a780f69665d7956c469e3b\"},\"headline\":\"Rusija: &#8220;Ukrajinski obavje\u0161tajci su poku\u0161ali oteti na\u0161 vojni avion, pilotima davali EU dr\u017eavljanstva&#8221;\",\"datePublished\":\"2022-07-25T10:21:41+00:00\",\"dateModified\":\"2022-07-25T10:21:42+00:00\",\"mainEntityOfPage\":{\"@id\":\"https:\\\/\\\/radioljubuski.ba\\\/index.php\\\/2022\\\/07\\\/25\\\/rusija-ukrajinski-obavjestajci-su-pokusali-oteti-nas-vojni-avion-pilotima-davali-eu-drzavljanstva\\\/\"},\"wordCount\":220,\"publisher\":{\"@id\":\"https:\\\/\\\/radioljubuski.ba\\\/#organization\"},\"image\":{\"@id\":\"https:\\\/\\\/radioljubuski.ba\\\/index.php\\\/2022\\\/07\\\/25\\\/rusija-ukrajinski-obavjestajci-su-pokusali-oteti-nas-vojni-avion-pilotima-davali-eu-drzavljanstva\\\/#primaryimage\"},\"thumbnailUrl\":\"https:\\\/\\\/radioljubuski.ba\\\/wp-content\\\/uploads\\\/2022\\\/07\\\/o_115958_1024.jpg\",\"articleSection\":[\"BIH i regija\"],\"inLanguage\":\"hr\"},{\"@type\":\"WebPage\",\"@id\":\"https:\\\/\\\/radioljubuski.ba\\\/index.php\\\/2022\\\/07\\\/25\\\/rusija-ukrajinski-obavjestajci-su-pokusali-oteti-nas-vojni-avion-pilotima-davali-eu-drzavljanstva\\\/\",\"url\":\"https:\\\/\\\/radioljubuski.ba\\\/index.php\\\/2022\\\/07\\\/25\\\/rusija-ukrajinski-obavjestajci-su-pokusali-oteti-nas-vojni-avion-pilotima-davali-eu-drzavljanstva\\\/\",\"name\":\"Rusija: \\\"Ukrajinski obavje\u0161tajci su poku\u0161ali oteti na\u0161 vojni avion, pilotima davali EU dr\u017eavljanstva\\\" - RADIO LJUBU\u0160KI\",\"isPartOf\":{\"@id\":\"https:\\\/\\\/radioljubuski.ba\\\/#website\"},\"primaryImageOfPage\":{\"@id\":\"https:\\\/\\\/radioljubuski.ba\\\/index.php\\\/2022\\\/07\\\/25\\\/rusija-ukrajinski-obavjestajci-su-pokusali-oteti-nas-vojni-avion-pilotima-davali-eu-drzavljanstva\\\/#primaryimage\"},\"image\":{\"@id\":\"https:\\\/\\\/radioljubuski.ba\\\/index.php\\\/2022\\\/07\\\/25\\\/rusija-ukrajinski-obavjestajci-su-pokusali-oteti-nas-vojni-avion-pilotima-davali-eu-drzavljanstva\\\/#primaryimage\"},\"thumbnailUrl\":\"https:\\\/\\\/radioljubuski.ba\\\/wp-content\\\/uploads\\\/2022\\\/07\\\/o_115958_1024.jpg\",\"datePublished\":\"2022-07-25T10:21:41+00:00\",\"dateModified\":\"2022-07-25T10:21:42+00:00\",\"breadcrumb\":{\"@id\":\"https:\\\/\\\/radioljubuski.ba\\\/index.php\\\/2022\\\/07\\\/25\\\/rusija-ukrajinski-obavjestajci-su-pokusali-oteti-nas-vojni-avion-pilotima-davali-eu-drzavljanstva\\\/#breadcrumb\"},\"inLanguage\":\"hr\",\"potentialAction\":[{\"@type\":\"ReadAction\",\"target\":[\"https:\\\/\\\/radioljubuski.ba\\\/index.php\\\/2022\\\/07\\\/25\\\/rusija-ukrajinski-obavjestajci-su-pokusali-oteti-nas-vojni-avion-pilotima-davali-eu-drzavljanstva\\\/\"]}]},{\"@type\":\"ImageObject\",\"inLanguage\":\"hr\",\"@id\":\"https:\\\/\\\/radioljubuski.ba\\\/index.php\\\/2022\\\/07\\\/25\\\/rusija-ukrajinski-obavjestajci-su-pokusali-oteti-nas-vojni-avion-pilotima-davali-eu-drzavljanstva\\\/#primaryimage\",\"url\":\"https:\\\/\\\/radioljubuski.ba\\\/wp-content\\\/uploads\\\/2022\\\/07\\\/o_115958_1024.jpg\",\"contentUrl\":\"https:\\\/\\\/radioljubuski.ba\\\/wp-content\\\/uploads\\\/2022\\\/07\\\/o_115958_1024.jpg\",\"width\":1024,\"height\":682},{\"@type\":\"BreadcrumbList\",\"@id\":\"https:\\\/\\\/radioljubuski.ba\\\/index.php\\\/2022\\\/07\\\/25\\\/rusija-ukrajinski-obavjestajci-su-pokusali-oteti-nas-vojni-avion-pilotima-davali-eu-drzavljanstva\\\/#breadcrumb\",\"itemListElement\":[{\"@type\":\"ListItem\",\"position\":1,\"name\":\"Po\u010detna stranica\",\"item\":\"https:\\\/\\\/radioljubuski.ba\\\/\"},{\"@type\":\"ListItem\",\"position\":2,\"name\":\"Rusija: &#8220;Ukrajinski obavje\u0161tajci su poku\u0161ali oteti na\u0161 vojni avion, pilotima davali EU dr\u017eavljanstva&#8221;\"}]},{\"@type\":\"WebSite\",\"@id\":\"https:\\\/\\\/radioljubuski.ba\\\/#website\",\"url\":\"https:\\\/\\\/radioljubuski.ba\\\/\",\"name\":\"Radio Ljubu\u0161ki\",\"description\":\"Sun\u010dana frekvencija Hercegovine\",\"publisher\":{\"@id\":\"https:\\\/\\\/radioljubuski.ba\\\/#organization\"},\"potentialAction\":[{\"@type\":\"SearchAction\",\"target\":{\"@type\":\"EntryPoint\",\"urlTemplate\":\"https:\\\/\\\/radioljubuski.ba\\\/?s={search_term_string}\"},\"query-input\":{\"@type\":\"PropertyValueSpecification\",\"valueRequired\":true,\"valueName\":\"search_term_string\"}}],\"inLanguage\":\"hr\"},{\"@type\":\"Organization\",\"@id\":\"https:\\\/\\\/radioljubuski.ba\\\/#organization\",\"name\":\"Radio Ljubu\u0161ki\",\"url\":\"https:\\\/\\\/radioljubuski.ba\\\/\",\"logo\":{\"@type\":\"ImageObject\",\"inLanguage\":\"hr\",\"@id\":\"https:\\\/\\\/radioljubuski.ba\\\/#\\\/schema\\\/logo\\\/image\\\/\",\"url\":\"https:\\\/\\\/radioljubuski.ba\\\/wp-content\\\/uploads\\\/2021\\\/02\\\/cropped-Radio_Ljubuski_logo1.jpg\",\"contentUrl\":\"https:\\\/\\\/radioljubuski.ba\\\/wp-content\\\/uploads\\\/2021\\\/02\\\/cropped-Radio_Ljubuski_logo1.jpg\",\"width\":512,\"height\":512,\"caption\":\"Radio Ljubu\u0161ki\"},\"image\":{\"@id\":\"https:\\\/\\\/radioljubuski.ba\\\/#\\\/schema\\\/logo\\\/image\\\/\"},\"sameAs\":[\"https:\\\/\\\/www.facebook.com\\\/Radiio-Ljubuski-1490835324566332\",\"https:\\\/\\\/x.com\\\/radioljubuski\",\"https:\\\/\\\/hr.linkedin.com\\\/company\\\/radio-ljubuski\",\"https:\\\/\\\/www.youtube.com\\\/channel\\\/UCHYaeO_n0Db3tjNGudGpXyw\"]},{\"@type\":\"Person\",\"@id\":\"https:\\\/\\\/radioljubuski.ba\\\/#\\\/schema\\\/person\\\/19fc700381a780f69665d7956c469e3b\",\"name\":\"Radio Ljubu\u0161ki\"}]}<\/script>\n<!-- \/ Yoast SEO plugin. -->","yoast_head_json":{"title":"Rusija: \"Ukrajinski obavje\u0161tajci su poku\u0161ali oteti na\u0161 vojni avion, pilotima davali EU dr\u017eavljanstva\" - RADIO LJUBU\u0160KI","robots":{"index":"index","follow":"follow","max-snippet":"max-snippet:-1","max-image-preview":"max-image-preview:large","max-video-preview":"max-video-preview:-1"},"canonical":"https:\/\/radioljubuski.ba\/index.php\/2022\/07\/25\/rusija-ukrajinski-obavjestajci-su-pokusali-oteti-nas-vojni-avion-pilotima-davali-eu-drzavljanstva\/","og_locale":"hr_HR","og_type":"article","og_title":"Rusija: \"Ukrajinski obavje\u0161tajci su poku\u0161ali oteti na\u0161 vojni avion, pilotima davali EU dr\u017eavljanstva\" - RADIO LJUBU\u0160KI","og_description":"Ruska slu\u017eba dr\u017eavne sigurnosti FSB objavila je da su njeni agenti sprije\u010dili ukrajinske vojne obavje\u0161tajce koji su poku\u0161avali oteti ruske zrakoplove, pi\u0161e ruska novinska agencija Tass. Tvrde i da su operaciju nadzirale specijalne slu\u017ebe NATO-a. &#8220;Federalna slu\u017eba sigurnosti otkrila je i zaustavila operaciju Glavne obavje\u0161tajne uprave ministarstva obrane Ukrajine za otmicu borbenih zrakoplova ruskih zra\u010dnih [&hellip;]","og_url":"https:\/\/radioljubuski.ba\/index.php\/2022\/07\/25\/rusija-ukrajinski-obavjestajci-su-pokusali-oteti-nas-vojni-avion-pilotima-davali-eu-drzavljanstva\/","og_site_name":"RADIO LJUBU\u0160KI","article_publisher":"https:\/\/www.facebook.com\/Radiio-Ljubuski-1490835324566332","article_published_time":"2022-07-25T10:21:41+00:00","article_modified_time":"2022-07-25T10:21:42+00:00","og_image":[{"width":1024,"height":682,"url":"https:\/\/radioljubuski.ba\/wp-content\/uploads\/2022\/07\/o_115958_1024.jpg","type":"image\/jpeg"}],"author":"Radio Ljubu\u0161ki","twitter_card":"summary_large_image","twitter_creator":"@radioljubuski","twitter_site":"@radioljubuski","twitter_misc":{"Napisao\/la":"Radio Ljubu\u0161ki","Procijenjeno vrijeme \u010ditanja":"1 minuta"},"schema":{"@context":"https:\/\/schema.org","@graph":[{"@type":"Article","@id":"https:\/\/radioljubuski.ba\/index.php\/2022\/07\/25\/rusija-ukrajinski-obavjestajci-su-pokusali-oteti-nas-vojni-avion-pilotima-davali-eu-drzavljanstva\/#article","isPartOf":{"@id":"https:\/\/radioljubuski.ba\/index.php\/2022\/07\/25\/rusija-ukrajinski-obavjestajci-su-pokusali-oteti-nas-vojni-avion-pilotima-davali-eu-drzavljanstva\/"},"author":{"name":"Radio Ljubu\u0161ki","@id":"https:\/\/radioljubuski.ba\/#\/schema\/person\/19fc700381a780f69665d7956c469e3b"},"headline":"Rusija: &#8220;Ukrajinski obavje\u0161tajci su poku\u0161ali oteti na\u0161 vojni avion, pilotima davali EU dr\u017eavljanstva&#8221;","datePublished":"2022-07-25T10:21:41+00:00","dateModified":"2022-07-25T10:21:42+00:00","mainEntityOfPage":{"@id":"https:\/\/radioljubuski.ba\/index.php\/2022\/07\/25\/rusija-ukrajinski-obavjestajci-su-pokusali-oteti-nas-vojni-avion-pilotima-davali-eu-drzavljanstva\/"},"wordCount":220,"publisher":{"@id":"https:\/\/radioljubuski.ba\/#organization"},"image":{"@id":"https:\/\/radioljubuski.ba\/index.php\/2022\/07\/25\/rusija-ukrajinski-obavjestajci-su-pokusali-oteti-nas-vojni-avion-pilotima-davali-eu-drzavljanstva\/#primaryimage"},"thumbnailUrl":"https:\/\/radioljubuski.ba\/wp-content\/uploads\/2022\/07\/o_115958_1024.jpg","articleSection":["BIH i regija"],"inLanguage":"hr"},{"@type":"WebPage","@id":"https:\/\/radioljubuski.ba\/index.php\/2022\/07\/25\/rusija-ukrajinski-obavjestajci-su-pokusali-oteti-nas-vojni-avion-pilotima-davali-eu-drzavljanstva\/","url":"https:\/\/radioljubuski.ba\/index.php\/2022\/07\/25\/rusija-ukrajinski-obavjestajci-su-pokusali-oteti-nas-vojni-avion-pilotima-davali-eu-drzavljanstva\/","name":"Rusija: \"Ukrajinski obavje\u0161tajci su poku\u0161ali oteti na\u0161 vojni avion, pilotima davali EU dr\u017eavljanstva\" - RADIO LJUBU\u0160KI","isPartOf":{"@id":"https:\/\/radioljubuski.ba\/#website"},"primaryImageOfPage":{"@id":"https:\/\/radioljubuski.ba\/index.php\/2022\/07\/25\/rusija-ukrajinski-obavjestajci-su-pokusali-oteti-nas-vojni-avion-pilotima-davali-eu-drzavljanstva\/#primaryimage"},"image":{"@id":"https:\/\/radioljubuski.ba\/index.php\/2022\/07\/25\/rusija-ukrajinski-obavjestajci-su-pokusali-oteti-nas-vojni-avion-pilotima-davali-eu-drzavljanstva\/#primaryimage"},"thumbnailUrl":"https:\/\/radioljubuski.ba\/wp-content\/uploads\/2022\/07\/o_115958_1024.jpg","datePublished":"2022-07-25T10:21:41+00:00","dateModified":"2022-07-25T10:21:42+00:00","breadcrumb":{"@id":"https:\/\/radioljubuski.ba\/index.php\/2022\/07\/25\/rusija-ukrajinski-obavjestajci-su-pokusali-oteti-nas-vojni-avion-pilotima-davali-eu-drzavljanstva\/#breadcrumb"},"inLanguage":"hr","potentialAction":[{"@type":"ReadAction","target":["https:\/\/radioljubuski.ba\/index.php\/2022\/07\/25\/rusija-ukrajinski-obavjestajci-su-pokusali-oteti-nas-vojni-avion-pilotima-davali-eu-drzavljanstva\/"]}]},{"@type":"ImageObject","inLanguage":"hr","@id":"https:\/\/radioljubuski.ba\/index.php\/2022\/07\/25\/rusija-ukrajinski-obavjestajci-su-pokusali-oteti-nas-vojni-avion-pilotima-davali-eu-drzavljanstva\/#primaryimage","url":"https:\/\/radioljubuski.ba\/wp-content\/uploads\/2022\/07\/o_115958_1024.jpg","contentUrl":"https:\/\/radioljubuski.ba\/wp-content\/uploads\/2022\/07\/o_115958_1024.jpg","width":1024,"height":682},{"@type":"BreadcrumbList","@id":"https:\/\/radioljubuski.ba\/index.php\/2022\/07\/25\/rusija-ukrajinski-obavjestajci-su-pokusali-oteti-nas-vojni-avion-pilotima-davali-eu-drzavljanstva\/#breadcrumb","itemListElement":[{"@type":"ListItem","position":1,"name":"Po\u010detna stranica","item":"https:\/\/radioljubuski.ba\/"},{"@type":"ListItem","position":2,"name":"Rusija: &#8220;Ukrajinski obavje\u0161tajci su poku\u0161ali oteti na\u0161 vojni avion, pilotima davali EU dr\u017eavljanstva&#8221;"}]},{"@type":"WebSite","@id":"https:\/\/radioljubuski.ba\/#website","url":"https:\/\/radioljubuski.ba\/","name":"Radio Ljubu\u0161ki","description":"Sun\u010dana frekvencija Hercegovine","publisher":{"@id":"https:\/\/radioljubuski.ba\/#organization"},"potentialAction":[{"@type":"SearchAction","target":{"@type":"EntryPoint","urlTemplate":"https:\/\/radioljubuski.ba\/?s={search_term_string}"},"query-input":{"@type":"PropertyValueSpecification","valueRequired":true,"valueName":"search_term_string"}}],"inLanguage":"hr"},{"@type":"Organization","@id":"https:\/\/radioljubuski.ba\/#organization","name":"Radio Ljubu\u0161ki","url":"https:\/\/radioljubuski.ba\/","logo":{"@type":"ImageObject","inLanguage":"hr","@id":"https:\/\/radioljubuski.ba\/#\/schema\/logo\/image\/","url":"https:\/\/radioljubuski.ba\/wp-content\/uploads\/2021\/02\/cropped-Radio_Ljubuski_logo1.jpg","contentUrl":"https:\/\/radioljubuski.ba\/wp-content\/uploads\/2021\/02\/cropped-Radio_Ljubuski_logo1.jpg","width":512,"height":512,"caption":"Radio Ljubu\u0161ki"},"image":{"@id":"https:\/\/radioljubuski.ba\/#\/schema\/logo\/image\/"},"sameAs":["https:\/\/www.facebook.com\/Radiio-Ljubuski-1490835324566332","https:\/\/x.com\/radioljubuski","https:\/\/hr.linkedin.com\/company\/radio-ljubuski","https:\/\/www.youtube.com\/channel\/UCHYaeO_n0Db3tjNGudGpXyw"]},{"@type":"Person","@id":"https:\/\/radioljubuski.ba\/#\/schema\/person\/19fc700381a780f69665d7956c469e3b","name":"Radio Ljubu\u0161ki"}]}},"_links":{"self":[{"href":"https:\/\/radioljubuski.ba\/index.php\/wp-json\/wp\/v2\/posts\/163192","targetHints":{"allow":["GET"]}}],"collection":[{"href":"https:\/\/radioljubuski.ba\/index.php\/wp-json\/wp\/v2\/posts"}],"about":[{"href":"https:\/\/radioljubuski.ba\/index.php\/wp-json\/wp\/v2\/types\/post"}],"author":[{"embeddable":true,"href":"https:\/\/radioljubuski.ba\/index.php\/wp-json\/wp\/v2\/users\/2"}],"replies":[{"embeddable":true,"href":"https:\/\/radioljubuski.ba\/index.php\/wp-json\/wp\/v2\/comments?post=163192"}],"version-history":[{"count":1,"href":"https:\/\/radioljubuski.ba\/index.php\/wp-json\/wp\/v2\/posts\/163192\/revisions"}],"predecessor-version":[{"id":163194,"href":"https:\/\/radioljubuski.ba\/index.php\/wp-json\/wp\/v2\/posts\/163192\/revisions\/163194"}],"wp:featuredmedia":[{"embeddable":true,"href":"https:\/\/radioljubuski.ba\/index.php\/wp-json\/wp\/v2\/media\/163193"}],"wp:attachment":[{"href":"https:\/\/radioljubuski.ba\/index.php\/wp-json\/wp\/v2\/media?parent=163192"}],"wp:term":[{"taxonomy":"category","embeddable":true,"href":"https:\/\/radioljubuski.ba\/index.php\/wp-json\/wp\/v2\/categories?post=163192"},{"taxonomy":"post_tag","embeddable":true,"href":"https:\/\/radioljubuski.ba\/index.php\/wp-json\/wp\/v2\/tags?post=163192"}],"curies":[{"name":"wp","href":"https:\/\/api.w.org\/{rel}","templated":true}]}}