{"id":163195,"date":"2022-07-25T11:24:16","date_gmt":"2022-07-25T10:24:16","guid":{"rendered":"https:\/\/radioljubuski.ba\/?p=163195"},"modified":"2022-07-25T11:24:17","modified_gmt":"2022-07-25T10:24:17","slug":"hrs-antihrvatska-histerija-mora-stati-dizemo-kaznene-prijave-zbog-ratnog-huskanja","status":"publish","type":"post","link":"https:\/\/radioljubuski.ba\/index.php\/2022\/07\/25\/hrs-antihrvatska-histerija-mora-stati-dizemo-kaznene-prijave-zbog-ratnog-huskanja\/","title":{"rendered":"HRS: Antihrvatska histerija mora stati, di\u017eemo kaznene prijave zbog ratnog hu\u0161kanja"},"content":{"rendered":"\n<p><strong>Bez obzira na brojne upite, nismo se htjeli ogla\u0161avati po pitanju mo\u017eebitnih nametanja Christiana Schmidta. Me\u0111utim, histerija koja se podigla u politi\u010dkom Sarajevu, prijetnje ratom, krvoproli\u0107ima, jednostavno tjeraju svakog politi\u010dki osvije\u0161tenog \u010dovjeka na reakciju. Naravno da \u0107emo reagirati. No, prvo da rezimiramo tri glavna zaklju\u010dka koja se mogu izvu\u0107i iz cijele ove histerije, stoji u priop\u0107enju Hrvatske Republikanske stranke.<\/strong><\/p>\n\n\n\n<p><strong>Zaklju\u010dak prvi<\/strong><\/p>\n\n\n\n<p>Republikanci, kako prenosi Hrvatski Medijski Servis, isti\u010du da se histerija stvorila zbog \u010dinjenice da je Nijemac, malo re\u010deno, \u201eupitno\u201c imenovan kao Visoki predstavnik, odlu\u010dio djelovati nad-ustavno i nad-institucionalno po unutarnjim pitanjima u BiH.<\/p>\n\n\n\n<p>-Toliko o suverenitetu BiH kao dr\u017eave. Njegova najava djelovanja na izborni zakon digla je na noge sve politi\u010dki \u017eivo i ne\u017eivo u Sarajevu. Jedna od boljih stvari u cijeloj ovoj situaciji je \u010dinjenica da su se pseudogra\u0111anske opcije demaskirale kao naj\u017ee\u0161\u0107e bo\u0161nja\u010dke radikalne opcije. Patriote po vokaciji i du\u017enosti govore o \u201eobrani islama u ovom dijelu Europe\u201c, \u201emuslimanima ogra\u0111enim bodljikavom \u017eicom\u201c, itd. Uz to, prijete ratom i krvoproli\u0107em ukoliko se \u201efa\u0161isti\u010dki\u201c OHR usudi \u201enametnuti apartheid\u201c. Da tragikomedija bude ve\u0107a, taj isti \u201efa\u0161isti\u010dki\u201c OHR je samo par tjedana ranije kada je donio odluku o financiranju izbora bio \u201ebedem bosanskog suvereniteta\u201c, \u201estup obrane od agresora sa zapada i istoka\u201c, podsje\u0107a HRS.<\/p>\n\n\n\n<p>Republikanci navode kako se licemjerstvo ove pseudogra\u0111anske opcije upravo ogleda u \u010dinjenici \u0161to ustrajava na oduzimanju nacionalnih prava hrvatskog naroda, podr\u017eavaju\u0107i izbor raznih Fejzi\u0107a\/Halki\u0107a u Dom naroda i organizirano, mjesecima prije izbora, najavljuje osvajanje hrvatskih mjesta u Domu naroda kroz \u201ebo\u0161nja\u010dki izborni in\u017einjering\u201c.<\/p>\n\n\n\n<p>-Na \u017ealost ovaj in\u017einjering im je omogu\u0107en upravo nametnutim Odlukama OHR-a, odnosno Wolfganga Petrischa koje su donesene 2002.godine u zra\u010dnoj luci. Tada su poga\u017eena prava hrvatskog naroda zajam\u010dena Washinsgtonskim i Daytonskim sporazumima i stvorena mogu\u0107nost izgradnje bo\u0161nja\u010dko-muslimanskog entiteta. Tada OHR nije bio fa\u0161isti\u010dki, navodi se u priop\u0107enju.<\/p>\n\n\n\n<p>\u017dalosti, ka\u017eu Republikanci, i \u010dinjenica da predstavnici Islamske zajednice podr\u017eavaju ostanak odredbi Izbornog zakona kojima se hrvatskom narodu onemogu\u0107ava izbor svojih predstavnika i smanjuju njegova ustavna prava.<\/p>\n\n\n\n<p><strong>Zaklju\u010dak drugi<\/strong><\/p>\n\n\n\n<p>-Kakva je to me\u0111unarodna zajednica, koliki je stupanj stru\u010dnosti ljudi koji rade u OHR-u i bli\u017eim veleposlanstvima, kada se dopustilo da portali bliski Osmanu Mehmedagi\u0107u objave Odluku koju Schmidt tek treba objaviti, prije nego ju je Schmidt vjerojatno dobio isprintanu iz printera?! Toliko o neovisnosti me\u0111unarodne zajednice, njenoj objektivnosti. Netko u OHR-u bi se itekako morao i trebao zabrinuti zbog ovoga, osobito znaju\u0107i kako je curenje informacija popra\u0107eno najavama krvoproli\u0107a, rata i prijetnjama istog onog radikalnog dijela sarajevske politike koji je duboko involviran u masovne zlo\u010dine koji su se doga\u0111ali tijekom rata. Ono \u0161to nam je drago jeste da sada i stranci poput Christiana Schmidta mogu osjetiti na svojoj ko\u017ei \u0161to to zna\u010di \u201eistinska borba za gra\u0111ansku BiH, isti\u010de se u priop\u0107enju HRS-a.<\/p>\n\n\n\n<p><strong>Zaklju\u010dak tre\u0107i<\/strong><\/p>\n\n\n\n<p>Hrvatski republikanci pitaju za\u0161to nitko ne postavlja pitanje, kako je mogu\u0107e da je u javnost isplivao tekst Odluke s kojom Schmidt name\u0107e izmjene Izbornog zakona, a ne i Odluke s kojom name\u0107e izmjene Ustava Federacije?<\/p>\n\n\n\n<p>-Vra\u0107a nas to na kolosalnu strate\u0161ku pogre\u0161ku hrvatskih pregovara\u010da u Neumu gdje se pristalo razgovarati o nadle\u017enostima Doma naroda FBiH, umjesto da se inzistira na vra\u0107anje na polazne postavke. Dragan \u010covi\u0107 je otvoreno rekao kako je za njega \u201epreradikalno\u201c govoriti o povratku na Washingtonski sporazum, \u0161to odavno HRS zagovara, \u010dime je on prakti\u010dki zacementirao Petricheve amandmane iz 2002. i diskriminatorne odredbe funkcioniranja Vlade FBiH. Tra\u017eio je samo izmjene izbornog zakona, s ovime ih je dobio, ako uistinu Schmidt nametne ovo \u0161to je najavljeno. Nitko ne zna koja je cijena za to, jer, ponavljamo ono s po\u010detka ovog zaklju\u010dka, nitko ne zna sadr\u017eaj Odluke o izmjenama Ustava Federacije, koja smanjenjem ovlasti Doma naroda ide u prilog radikalno bo\u0161nja\u010dkom dijelu. Bo\u0161nja\u010dko paraobavje\u0161tajno podzemlje je samo objavio sadr\u017eaj Odluke koja djeluje na Izborni zakon, a koja samo dijelom ide u prilog hrvatskoj politici, jer djelomi\u010dno po\u0161tuje Odluku Ustavnog suda iz predmeta Ljubi\u0107, navodi HRS.<\/p>\n\n\n\n<p><strong>\u0160to \u010diniti?<\/strong><\/p>\n\n\n\n<p>Po mi\u0161ljenju republikanaca jedini na\u010din izlaska iz ove krize je stavljanje izvan snage Odluka Wolfganga Petrischa kojima je mijenjao Ustav F BiH, koji je usvojen od strane izabranih predstavnika naroda 1994. u Ustavotvornoj skup\u0161tini Federacije BiH.<\/p>\n\n\n\n<p>-To je HRS-ov stav od po\u010detka pregovora oko izbornog zakona, jo\u0161 od 2014. godine i ostajemo na tome. Dok Schmidt ne objavi slu\u017ebeno Odluku, politi\u010dki se ni\u0161ta ne mo\u017ee napraviti. U skladu s tim \u0107emo se i postaviti nakon slu\u017ebene objave. Kozmeti\u010dke izmjene ne mogu biti cilj, isti\u010du.<\/p>\n\n\n\n<p>No, nagla\u0161avaju, mora se stati u kraj antihrvatskoj histeriji i pozivima na rat. HRS \u0107e, ka\u017eu, sa svoje strane to u\u010diniti na na\u010din da \u0107e prikupiti sve ratnohu\u0161ka\u010dke izjave politi\u010dkih du\u017enosnika, ali i onih koji to nisu te ih kazneno prijaviti Tu\u017eiteljstvu.<\/p>\n\n\n\n<p>-Ako \u201epatriote\u201c vjeruju u institucije dr\u017eave za koje se toliko bore i koje toliko brane da su spremni licitirati tu\u0111im \u017eivotima za iste, neka to budu spremni pokazati i dokazati pred pravosudnim institucijama, poru\u010duju Republikanci.<\/p>\n\n\n\n<p>Pozivaju i hrvatske predstavnike u vlasti da u\u010dine isto.<\/p>\n\n\n\n<p>-Nema veze ako ste prespavali svoje mandate u institucijama vlasti, sada je trenutak va\u0161eg djelovanja. Hrvati imaju na raspolaganju visokorangirane ljude u pravosu\u0111u i na \u010delu Federacije, sada je trenutak da djeluju u\u010dinkovito i djelotvorno, a ne sterilnim priop\u0107enjima i izjavama za javnost, navode u priop\u0107enju za javnost.<\/p>\n\n\n\n<p>HRS \u0107e, isti\u010du, sa svoje strane u\u010diniti ono \u0161to je u njihovoj mo\u0107i. Pozivaju na djelovanje i one \u010dija je mo\u0107, ako ni\u0161ta do Izbora u listopadu, itekako ve\u0107a.<\/p>\n\n\n\n<p>-Pozivamo i Cristiana Schmidta da razmisli o tome da izrekne sankcije svima onima koji pozivaju na ratno djelovanje i nasilje, jer je to izravno kr\u0161enje Daytonskog sporazuma, pogotovo imaju\u0107i u vidu \u010dinjenicu kako ve\u0107 spomenuto bo\u0161nja\u010dko paraobavje\u0161tajno podzemlje kontrolira rad tu\u017eiteljstava i sigurnosnih agencija, stoji na kraju priop\u0107enja Hrvatske republikanske stranke.<\/p>\n\n\n\n<p>\/HMS\/<\/p>\n","protected":false},"excerpt":{"rendered":"<p>Bez obzira na brojne upite, nismo se htjeli ogla\u0161avati po pitanju mo\u017eebitnih nametanja Christiana Schmidta. Me\u0111utim, histerija koja se podigla u politi\u010dkom Sarajevu, prijetnje ratom, krvoproli\u0107ima, jednostavno tjeraju svakog politi\u010dki osvije\u0161tenog \u010dovjeka na reakciju. Naravno da \u0107emo reagirati. No, prvo da rezimiramo tri glavna zaklju\u010dka koja se mogu izvu\u0107i iz cijele ove histerije, stoji u [&hellip;]<\/p>\n","protected":false},"author":2,"featured_media":114819,"comment_status":"closed","ping_status":"closed","sticky":false,"template":"","format":"standard","meta":{"h5ap_radio_sources":[],"footnotes":""},"categories":[1],"tags":[],"class_list":["post-163195","post","type-post","status-publish","format-standard","has-post-thumbnail","hentry","category-bihiregija"],"yoast_head":"<!-- This site is optimized with the Yoast SEO plugin v27.5 - https:\/\/yoast.com\/product\/yoast-seo-wordpress\/ -->\n<title>HRS: Antihrvatska histerija mora stati, di\u017eemo kaznene prijave zbog ratnog hu\u0161kanja - RADIO LJUBU\u0160KI<\/title>\n<meta name=\"robots\" content=\"index, follow, max-snippet:-1, max-image-preview:large, max-video-preview:-1\" \/>\n<link rel=\"canonical\" href=\"https:\/\/radioljubuski.ba\/index.php\/2022\/07\/25\/hrs-antihrvatska-histerija-mora-stati-dizemo-kaznene-prijave-zbog-ratnog-huskanja\/\" \/>\n<meta property=\"og:locale\" content=\"hr_HR\" \/>\n<meta property=\"og:type\" content=\"article\" \/>\n<meta property=\"og:title\" content=\"HRS: Antihrvatska histerija mora stati, di\u017eemo kaznene prijave zbog ratnog hu\u0161kanja - RADIO LJUBU\u0160KI\" \/>\n<meta property=\"og:description\" content=\"Bez obzira na brojne upite, nismo se htjeli ogla\u0161avati po pitanju mo\u017eebitnih nametanja Christiana Schmidta. Me\u0111utim, histerija koja se podigla u politi\u010dkom Sarajevu, prijetnje ratom, krvoproli\u0107ima, jednostavno tjeraju svakog politi\u010dki osvije\u0161tenog \u010dovjeka na reakciju. Naravno da \u0107emo reagirati. No, prvo da rezimiramo tri glavna zaklju\u010dka koja se mogu izvu\u0107i iz cijele ove histerije, stoji u [&hellip;]\" \/>\n<meta property=\"og:url\" content=\"https:\/\/radioljubuski.ba\/index.php\/2022\/07\/25\/hrs-antihrvatska-histerija-mora-stati-dizemo-kaznene-prijave-zbog-ratnog-huskanja\/\" \/>\n<meta property=\"og:site_name\" content=\"RADIO LJUBU\u0160KI\" \/>\n<meta property=\"article:publisher\" content=\"https:\/\/www.facebook.com\/Radiio-Ljubuski-1490835324566332\" \/>\n<meta property=\"article:published_time\" content=\"2022-07-25T10:24:16+00:00\" \/>\n<meta property=\"article:modified_time\" content=\"2022-07-25T10:24:17+00:00\" \/>\n<meta property=\"og:image\" content=\"https:\/\/radioljubuski.ba\/wp-content\/uploads\/2022\/02\/slaven-raguz.png\" \/>\n\t<meta property=\"og:image:width\" content=\"1024\" \/>\n\t<meta property=\"og:image:height\" content=\"540\" \/>\n\t<meta property=\"og:image:type\" content=\"image\/png\" \/>\n<meta name=\"author\" content=\"Radio Ljubu\u0161ki\" \/>\n<meta name=\"twitter:card\" content=\"summary_large_image\" \/>\n<meta name=\"twitter:creator\" content=\"@radioljubuski\" \/>\n<meta name=\"twitter:site\" content=\"@radioljubuski\" \/>\n<meta name=\"twitter:label1\" content=\"Napisao\/la\" \/>\n\t<meta name=\"twitter:data1\" content=\"Radio Ljubu\u0161ki\" \/>\n\t<meta name=\"twitter:label2\" content=\"Procijenjeno vrijeme \u010ditanja\" \/>\n\t<meta name=\"twitter:data2\" content=\"5 minuta\" \/>\n<script type=\"application\/ld+json\" class=\"yoast-schema-graph\">{\"@context\":\"https:\\\/\\\/schema.org\",\"@graph\":[{\"@type\":\"Article\",\"@id\":\"https:\\\/\\\/radioljubuski.ba\\\/index.php\\\/2022\\\/07\\\/25\\\/hrs-antihrvatska-histerija-mora-stati-dizemo-kaznene-prijave-zbog-ratnog-huskanja\\\/#article\",\"isPartOf\":{\"@id\":\"https:\\\/\\\/radioljubuski.ba\\\/index.php\\\/2022\\\/07\\\/25\\\/hrs-antihrvatska-histerija-mora-stati-dizemo-kaznene-prijave-zbog-ratnog-huskanja\\\/\"},\"author\":{\"name\":\"Radio Ljubu\u0161ki\",\"@id\":\"https:\\\/\\\/radioljubuski.ba\\\/#\\\/schema\\\/person\\\/19fc700381a780f69665d7956c469e3b\"},\"headline\":\"HRS: Antihrvatska histerija mora stati, di\u017eemo kaznene prijave zbog ratnog hu\u0161kanja\",\"datePublished\":\"2022-07-25T10:24:16+00:00\",\"dateModified\":\"2022-07-25T10:24:17+00:00\",\"mainEntityOfPage\":{\"@id\":\"https:\\\/\\\/radioljubuski.ba\\\/index.php\\\/2022\\\/07\\\/25\\\/hrs-antihrvatska-histerija-mora-stati-dizemo-kaznene-prijave-zbog-ratnog-huskanja\\\/\"},\"wordCount\":1080,\"publisher\":{\"@id\":\"https:\\\/\\\/radioljubuski.ba\\\/#organization\"},\"image\":{\"@id\":\"https:\\\/\\\/radioljubuski.ba\\\/index.php\\\/2022\\\/07\\\/25\\\/hrs-antihrvatska-histerija-mora-stati-dizemo-kaznene-prijave-zbog-ratnog-huskanja\\\/#primaryimage\"},\"thumbnailUrl\":\"https:\\\/\\\/radioljubuski.ba\\\/wp-content\\\/uploads\\\/2022\\\/02\\\/slaven-raguz.png\",\"articleSection\":[\"BIH i regija\"],\"inLanguage\":\"hr\"},{\"@type\":\"WebPage\",\"@id\":\"https:\\\/\\\/radioljubuski.ba\\\/index.php\\\/2022\\\/07\\\/25\\\/hrs-antihrvatska-histerija-mora-stati-dizemo-kaznene-prijave-zbog-ratnog-huskanja\\\/\",\"url\":\"https:\\\/\\\/radioljubuski.ba\\\/index.php\\\/2022\\\/07\\\/25\\\/hrs-antihrvatska-histerija-mora-stati-dizemo-kaznene-prijave-zbog-ratnog-huskanja\\\/\",\"name\":\"HRS: Antihrvatska histerija mora stati, di\u017eemo kaznene prijave zbog ratnog hu\u0161kanja - RADIO LJUBU\u0160KI\",\"isPartOf\":{\"@id\":\"https:\\\/\\\/radioljubuski.ba\\\/#website\"},\"primaryImageOfPage\":{\"@id\":\"https:\\\/\\\/radioljubuski.ba\\\/index.php\\\/2022\\\/07\\\/25\\\/hrs-antihrvatska-histerija-mora-stati-dizemo-kaznene-prijave-zbog-ratnog-huskanja\\\/#primaryimage\"},\"image\":{\"@id\":\"https:\\\/\\\/radioljubuski.ba\\\/index.php\\\/2022\\\/07\\\/25\\\/hrs-antihrvatska-histerija-mora-stati-dizemo-kaznene-prijave-zbog-ratnog-huskanja\\\/#primaryimage\"},\"thumbnailUrl\":\"https:\\\/\\\/radioljubuski.ba\\\/wp-content\\\/uploads\\\/2022\\\/02\\\/slaven-raguz.png\",\"datePublished\":\"2022-07-25T10:24:16+00:00\",\"dateModified\":\"2022-07-25T10:24:17+00:00\",\"breadcrumb\":{\"@id\":\"https:\\\/\\\/radioljubuski.ba\\\/index.php\\\/2022\\\/07\\\/25\\\/hrs-antihrvatska-histerija-mora-stati-dizemo-kaznene-prijave-zbog-ratnog-huskanja\\\/#breadcrumb\"},\"inLanguage\":\"hr\",\"potentialAction\":[{\"@type\":\"ReadAction\",\"target\":[\"https:\\\/\\\/radioljubuski.ba\\\/index.php\\\/2022\\\/07\\\/25\\\/hrs-antihrvatska-histerija-mora-stati-dizemo-kaznene-prijave-zbog-ratnog-huskanja\\\/\"]}]},{\"@type\":\"ImageObject\",\"inLanguage\":\"hr\",\"@id\":\"https:\\\/\\\/radioljubuski.ba\\\/index.php\\\/2022\\\/07\\\/25\\\/hrs-antihrvatska-histerija-mora-stati-dizemo-kaznene-prijave-zbog-ratnog-huskanja\\\/#primaryimage\",\"url\":\"https:\\\/\\\/radioljubuski.ba\\\/wp-content\\\/uploads\\\/2022\\\/02\\\/slaven-raguz.png\",\"contentUrl\":\"https:\\\/\\\/radioljubuski.ba\\\/wp-content\\\/uploads\\\/2022\\\/02\\\/slaven-raguz.png\",\"width\":1024,\"height\":540},{\"@type\":\"BreadcrumbList\",\"@id\":\"https:\\\/\\\/radioljubuski.ba\\\/index.php\\\/2022\\\/07\\\/25\\\/hrs-antihrvatska-histerija-mora-stati-dizemo-kaznene-prijave-zbog-ratnog-huskanja\\\/#breadcrumb\",\"itemListElement\":[{\"@type\":\"ListItem\",\"position\":1,\"name\":\"Po\u010detna stranica\",\"item\":\"https:\\\/\\\/radioljubuski.ba\\\/\"},{\"@type\":\"ListItem\",\"position\":2,\"name\":\"HRS: Antihrvatska histerija mora stati, di\u017eemo kaznene prijave zbog ratnog hu\u0161kanja\"}]},{\"@type\":\"WebSite\",\"@id\":\"https:\\\/\\\/radioljubuski.ba\\\/#website\",\"url\":\"https:\\\/\\\/radioljubuski.ba\\\/\",\"name\":\"Radio Ljubu\u0161ki\",\"description\":\"Sun\u010dana frekvencija Hercegovine\",\"publisher\":{\"@id\":\"https:\\\/\\\/radioljubuski.ba\\\/#organization\"},\"potentialAction\":[{\"@type\":\"SearchAction\",\"target\":{\"@type\":\"EntryPoint\",\"urlTemplate\":\"https:\\\/\\\/radioljubuski.ba\\\/?s={search_term_string}\"},\"query-input\":{\"@type\":\"PropertyValueSpecification\",\"valueRequired\":true,\"valueName\":\"search_term_string\"}}],\"inLanguage\":\"hr\"},{\"@type\":\"Organization\",\"@id\":\"https:\\\/\\\/radioljubuski.ba\\\/#organization\",\"name\":\"Radio Ljubu\u0161ki\",\"url\":\"https:\\\/\\\/radioljubuski.ba\\\/\",\"logo\":{\"@type\":\"ImageObject\",\"inLanguage\":\"hr\",\"@id\":\"https:\\\/\\\/radioljubuski.ba\\\/#\\\/schema\\\/logo\\\/image\\\/\",\"url\":\"https:\\\/\\\/radioljubuski.ba\\\/wp-content\\\/uploads\\\/2021\\\/02\\\/cropped-Radio_Ljubuski_logo1.jpg\",\"contentUrl\":\"https:\\\/\\\/radioljubuski.ba\\\/wp-content\\\/uploads\\\/2021\\\/02\\\/cropped-Radio_Ljubuski_logo1.jpg\",\"width\":512,\"height\":512,\"caption\":\"Radio Ljubu\u0161ki\"},\"image\":{\"@id\":\"https:\\\/\\\/radioljubuski.ba\\\/#\\\/schema\\\/logo\\\/image\\\/\"},\"sameAs\":[\"https:\\\/\\\/www.facebook.com\\\/Radiio-Ljubuski-1490835324566332\",\"https:\\\/\\\/x.com\\\/radioljubuski\",\"https:\\\/\\\/hr.linkedin.com\\\/company\\\/radio-ljubuski\",\"https:\\\/\\\/www.youtube.com\\\/channel\\\/UCHYaeO_n0Db3tjNGudGpXyw\"]},{\"@type\":\"Person\",\"@id\":\"https:\\\/\\\/radioljubuski.ba\\\/#\\\/schema\\\/person\\\/19fc700381a780f69665d7956c469e3b\",\"name\":\"Radio Ljubu\u0161ki\"}]}<\/script>\n<!-- \/ Yoast SEO plugin. -->","yoast_head_json":{"title":"HRS: Antihrvatska histerija mora stati, di\u017eemo kaznene prijave zbog ratnog hu\u0161kanja - RADIO LJUBU\u0160KI","robots":{"index":"index","follow":"follow","max-snippet":"max-snippet:-1","max-image-preview":"max-image-preview:large","max-video-preview":"max-video-preview:-1"},"canonical":"https:\/\/radioljubuski.ba\/index.php\/2022\/07\/25\/hrs-antihrvatska-histerija-mora-stati-dizemo-kaznene-prijave-zbog-ratnog-huskanja\/","og_locale":"hr_HR","og_type":"article","og_title":"HRS: Antihrvatska histerija mora stati, di\u017eemo kaznene prijave zbog ratnog hu\u0161kanja - RADIO LJUBU\u0160KI","og_description":"Bez obzira na brojne upite, nismo se htjeli ogla\u0161avati po pitanju mo\u017eebitnih nametanja Christiana Schmidta. Me\u0111utim, histerija koja se podigla u politi\u010dkom Sarajevu, prijetnje ratom, krvoproli\u0107ima, jednostavno tjeraju svakog politi\u010dki osvije\u0161tenog \u010dovjeka na reakciju. Naravno da \u0107emo reagirati. No, prvo da rezimiramo tri glavna zaklju\u010dka koja se mogu izvu\u0107i iz cijele ove histerije, stoji u [&hellip;]","og_url":"https:\/\/radioljubuski.ba\/index.php\/2022\/07\/25\/hrs-antihrvatska-histerija-mora-stati-dizemo-kaznene-prijave-zbog-ratnog-huskanja\/","og_site_name":"RADIO LJUBU\u0160KI","article_publisher":"https:\/\/www.facebook.com\/Radiio-Ljubuski-1490835324566332","article_published_time":"2022-07-25T10:24:16+00:00","article_modified_time":"2022-07-25T10:24:17+00:00","og_image":[{"width":1024,"height":540,"url":"https:\/\/radioljubuski.ba\/wp-content\/uploads\/2022\/02\/slaven-raguz.png","type":"image\/png"}],"author":"Radio Ljubu\u0161ki","twitter_card":"summary_large_image","twitter_creator":"@radioljubuski","twitter_site":"@radioljubuski","twitter_misc":{"Napisao\/la":"Radio Ljubu\u0161ki","Procijenjeno vrijeme \u010ditanja":"5 minuta"},"schema":{"@context":"https:\/\/schema.org","@graph":[{"@type":"Article","@id":"https:\/\/radioljubuski.ba\/index.php\/2022\/07\/25\/hrs-antihrvatska-histerija-mora-stati-dizemo-kaznene-prijave-zbog-ratnog-huskanja\/#article","isPartOf":{"@id":"https:\/\/radioljubuski.ba\/index.php\/2022\/07\/25\/hrs-antihrvatska-histerija-mora-stati-dizemo-kaznene-prijave-zbog-ratnog-huskanja\/"},"author":{"name":"Radio Ljubu\u0161ki","@id":"https:\/\/radioljubuski.ba\/#\/schema\/person\/19fc700381a780f69665d7956c469e3b"},"headline":"HRS: Antihrvatska histerija mora stati, di\u017eemo kaznene prijave zbog ratnog hu\u0161kanja","datePublished":"2022-07-25T10:24:16+00:00","dateModified":"2022-07-25T10:24:17+00:00","mainEntityOfPage":{"@id":"https:\/\/radioljubuski.ba\/index.php\/2022\/07\/25\/hrs-antihrvatska-histerija-mora-stati-dizemo-kaznene-prijave-zbog-ratnog-huskanja\/"},"wordCount":1080,"publisher":{"@id":"https:\/\/radioljubuski.ba\/#organization"},"image":{"@id":"https:\/\/radioljubuski.ba\/index.php\/2022\/07\/25\/hrs-antihrvatska-histerija-mora-stati-dizemo-kaznene-prijave-zbog-ratnog-huskanja\/#primaryimage"},"thumbnailUrl":"https:\/\/radioljubuski.ba\/wp-content\/uploads\/2022\/02\/slaven-raguz.png","articleSection":["BIH i regija"],"inLanguage":"hr"},{"@type":"WebPage","@id":"https:\/\/radioljubuski.ba\/index.php\/2022\/07\/25\/hrs-antihrvatska-histerija-mora-stati-dizemo-kaznene-prijave-zbog-ratnog-huskanja\/","url":"https:\/\/radioljubuski.ba\/index.php\/2022\/07\/25\/hrs-antihrvatska-histerija-mora-stati-dizemo-kaznene-prijave-zbog-ratnog-huskanja\/","name":"HRS: Antihrvatska histerija mora stati, di\u017eemo kaznene prijave zbog ratnog hu\u0161kanja - RADIO LJUBU\u0160KI","isPartOf":{"@id":"https:\/\/radioljubuski.ba\/#website"},"primaryImageOfPage":{"@id":"https:\/\/radioljubuski.ba\/index.php\/2022\/07\/25\/hrs-antihrvatska-histerija-mora-stati-dizemo-kaznene-prijave-zbog-ratnog-huskanja\/#primaryimage"},"image":{"@id":"https:\/\/radioljubuski.ba\/index.php\/2022\/07\/25\/hrs-antihrvatska-histerija-mora-stati-dizemo-kaznene-prijave-zbog-ratnog-huskanja\/#primaryimage"},"thumbnailUrl":"https:\/\/radioljubuski.ba\/wp-content\/uploads\/2022\/02\/slaven-raguz.png","datePublished":"2022-07-25T10:24:16+00:00","dateModified":"2022-07-25T10:24:17+00:00","breadcrumb":{"@id":"https:\/\/radioljubuski.ba\/index.php\/2022\/07\/25\/hrs-antihrvatska-histerija-mora-stati-dizemo-kaznene-prijave-zbog-ratnog-huskanja\/#breadcrumb"},"inLanguage":"hr","potentialAction":[{"@type":"ReadAction","target":["https:\/\/radioljubuski.ba\/index.php\/2022\/07\/25\/hrs-antihrvatska-histerija-mora-stati-dizemo-kaznene-prijave-zbog-ratnog-huskanja\/"]}]},{"@type":"ImageObject","inLanguage":"hr","@id":"https:\/\/radioljubuski.ba\/index.php\/2022\/07\/25\/hrs-antihrvatska-histerija-mora-stati-dizemo-kaznene-prijave-zbog-ratnog-huskanja\/#primaryimage","url":"https:\/\/radioljubuski.ba\/wp-content\/uploads\/2022\/02\/slaven-raguz.png","contentUrl":"https:\/\/radioljubuski.ba\/wp-content\/uploads\/2022\/02\/slaven-raguz.png","width":1024,"height":540},{"@type":"BreadcrumbList","@id":"https:\/\/radioljubuski.ba\/index.php\/2022\/07\/25\/hrs-antihrvatska-histerija-mora-stati-dizemo-kaznene-prijave-zbog-ratnog-huskanja\/#breadcrumb","itemListElement":[{"@type":"ListItem","position":1,"name":"Po\u010detna stranica","item":"https:\/\/radioljubuski.ba\/"},{"@type":"ListItem","position":2,"name":"HRS: Antihrvatska histerija mora stati, di\u017eemo kaznene prijave zbog ratnog hu\u0161kanja"}]},{"@type":"WebSite","@id":"https:\/\/radioljubuski.ba\/#website","url":"https:\/\/radioljubuski.ba\/","name":"Radio Ljubu\u0161ki","description":"Sun\u010dana frekvencija Hercegovine","publisher":{"@id":"https:\/\/radioljubuski.ba\/#organization"},"potentialAction":[{"@type":"SearchAction","target":{"@type":"EntryPoint","urlTemplate":"https:\/\/radioljubuski.ba\/?s={search_term_string}"},"query-input":{"@type":"PropertyValueSpecification","valueRequired":true,"valueName":"search_term_string"}}],"inLanguage":"hr"},{"@type":"Organization","@id":"https:\/\/radioljubuski.ba\/#organization","name":"Radio Ljubu\u0161ki","url":"https:\/\/radioljubuski.ba\/","logo":{"@type":"ImageObject","inLanguage":"hr","@id":"https:\/\/radioljubuski.ba\/#\/schema\/logo\/image\/","url":"https:\/\/radioljubuski.ba\/wp-content\/uploads\/2021\/02\/cropped-Radio_Ljubuski_logo1.jpg","contentUrl":"https:\/\/radioljubuski.ba\/wp-content\/uploads\/2021\/02\/cropped-Radio_Ljubuski_logo1.jpg","width":512,"height":512,"caption":"Radio Ljubu\u0161ki"},"image":{"@id":"https:\/\/radioljubuski.ba\/#\/schema\/logo\/image\/"},"sameAs":["https:\/\/www.facebook.com\/Radiio-Ljubuski-1490835324566332","https:\/\/x.com\/radioljubuski","https:\/\/hr.linkedin.com\/company\/radio-ljubuski","https:\/\/www.youtube.com\/channel\/UCHYaeO_n0Db3tjNGudGpXyw"]},{"@type":"Person","@id":"https:\/\/radioljubuski.ba\/#\/schema\/person\/19fc700381a780f69665d7956c469e3b","name":"Radio Ljubu\u0161ki"}]}},"_links":{"self":[{"href":"https:\/\/radioljubuski.ba\/index.php\/wp-json\/wp\/v2\/posts\/163195","targetHints":{"allow":["GET"]}}],"collection":[{"href":"https:\/\/radioljubuski.ba\/index.php\/wp-json\/wp\/v2\/posts"}],"about":[{"href":"https:\/\/radioljubuski.ba\/index.php\/wp-json\/wp\/v2\/types\/post"}],"author":[{"embeddable":true,"href":"https:\/\/radioljubuski.ba\/index.php\/wp-json\/wp\/v2\/users\/2"}],"replies":[{"embeddable":true,"href":"https:\/\/radioljubuski.ba\/index.php\/wp-json\/wp\/v2\/comments?post=163195"}],"version-history":[{"count":1,"href":"https:\/\/radioljubuski.ba\/index.php\/wp-json\/wp\/v2\/posts\/163195\/revisions"}],"predecessor-version":[{"id":163196,"href":"https:\/\/radioljubuski.ba\/index.php\/wp-json\/wp\/v2\/posts\/163195\/revisions\/163196"}],"wp:featuredmedia":[{"embeddable":true,"href":"https:\/\/radioljubuski.ba\/index.php\/wp-json\/wp\/v2\/media\/114819"}],"wp:attachment":[{"href":"https:\/\/radioljubuski.ba\/index.php\/wp-json\/wp\/v2\/media?parent=163195"}],"wp:term":[{"taxonomy":"category","embeddable":true,"href":"https:\/\/radioljubuski.ba\/index.php\/wp-json\/wp\/v2\/categories?post=163195"},{"taxonomy":"post_tag","embeddable":true,"href":"https:\/\/radioljubuski.ba\/index.php\/wp-json\/wp\/v2\/tags?post=163195"}],"curies":[{"name":"wp","href":"https:\/\/api.w.org\/{rel}","templated":true}]}}