{"id":163199,"date":"2022-07-25T11:28:45","date_gmt":"2022-07-25T10:28:45","guid":{"rendered":"https:\/\/radioljubuski.ba\/?p=163199"},"modified":"2022-07-25T11:28:48","modified_gmt":"2022-07-25T10:28:48","slug":"konzulica-bih-u-frankfurtu-od-njemackih-vlasti-trazila-odbacivanje-nakaradnog-i-neustavnog-prijedloga-visokog-predstavnika","status":"publish","type":"post","link":"https:\/\/radioljubuski.ba\/index.php\/2022\/07\/25\/konzulica-bih-u-frankfurtu-od-njemackih-vlasti-trazila-odbacivanje-nakaradnog-i-neustavnog-prijedloga-visokog-predstavnika\/","title":{"rendered":"Konzulica BiH u Frankfurtu od njema\u010dkih vlasti tra\u017eila odbacivanje \u201cnakaradnog i neustavnog prijedloga visokog predstavnika\u201d"},"content":{"rendered":"\n<p><strong>Vi\u0161nja Lon\u010dar, generalna konzulica BiH u Frankfurtu koja \u017deljka Kom\u0161i\u0107a oslovljava s \u201cmoj predsjednik\u201d ne prestaje nizati skandale i sramotiti dr\u017eavu koju predstavlja, ali i diplomatsku profesiju u cjelini, pi\u0161e Hrvatski Medijski Servis.<\/strong><\/p>\n\n\n\n<p>Ona je, naime, poslala otvoreno pismo vlastima Njema\u010dke s ciljem da se, kako ka\u017ee, \u201codbaci ovaj nakaradni i neustavni prijedlog visokog predstavnika\u201d (o izmjenama Izbornog zakona, op. hms).<\/p>\n\n\n\n<p>Na ovaj skandal na Twitteru je reagirao Lu\u010dijano Kalu\u017ea, biv\u0161i generalni konzul BiH u Frankfurtu.<\/p>\n\n\n\n<p>\u201cBe\u010dkom konvencijom o konzularnim odnosima jasno je definirana uloga i mandat generalnog konzula tj. \u0161efa konzularnog predstavni\u0161tva. Pisati ovakva otvorena pisma vlastima dr\u017eave primateljice je u najmanju ruku skandal. Kako \u0107e Veleposlanstvo BiH objasniti ovakvo postupanje?\u201d, napisao je Kalu\u017ea na Twitteru referiraju\u0107i se na tweet Sini\u0161e Pepi\u0107a koji je prethodno podijelio vijest o otvorenom pismu Vi\u0161nje Lon\u010dar.<\/p>\n\n\n\n<blockquote class=\"twitter-tweet\"><p lang=\"und\" dir=\"ltr\">Be\u010dkom konvencijom o konzularnim odnosima jasno je definisana uloga i mandat generalnog konzula tj. \u0161efa konzularnog predstavni\u0161tva.<br>Pisati ovakva otvorena pisma vlastima dr\u017eave prijema je u najmanju ruku skandal.<br>Kako \u0107e Ambasada BiH objasniti ovakvo postupanje? <a href=\"https:\/\/t.co\/xi36HTISxP\">https:\/\/t.co\/xi36HTISxP<\/a><\/p>&mdash; Lu\u010diano Kalu\u017ea (@LucianoKaluza) <a href=\"https:\/\/twitter.com\/LucianoKaluza\/status\/1551083476920803330?ref_src=twsrc%5Etfw\">July 24, 2022<\/a><\/blockquote> <script async src=\"https:\/\/platform.twitter.com\/widgets.js\" charset=\"utf-8\"><\/script> \n\n\n\n<p>Zanimljivo, kada smo poku\u0161ali pogledati sadr\u017eaj cijelog pisma koje je njema\u010dkim vlastima poslala Lon\u010dar isto nismo mogli u\u010diniti.<\/p>\n\n\n\n<p>Naime, na portalu Hayat.ba, na kojemu je prvotno objavljena vijest naslovljena \u201c<a href=\"https:\/\/hayat.ba\/molim-vas-odbacite-ovaj-nakaradni-i-neustavni-i-prijedlog-visokog-predstavnika-konzulica-visnja-loncar-uputila-otvoreno-pismo\/721622\/\">MOLIM VAS,ODBACITE OVAJ NAKARADNI I NEUSTAVNI PRIJEDLOG VISOKOG PREDSTAVNIKA: KONZULICA VI\u0160NJA LON\u010cAR UPUTILA OTVORENO PISMO VLASTIMA NJEMA\u010cKE<\/a>\u201d ova vijest vi\u0161e ne postoji jer je izbrisana tako da nismo mogli pogledati cijelo pismo.<\/p>\n\n\n\n<p>Prije samo mjesec dana Lon\u010dar se na\u0161la u sredi\u0161tu jo\u0161 jednog diplomatskog skandala o \u010demu je HMS ranije pisao.<\/p>\n\n\n\n<p>Podsje\u0107amo, ona je dr\u017eavljane BiH koji \u017eive Njema\u010dkoj pozvala da izi\u0111u na \u201chistorijske izbore\u201d te da podr\u017ee \u201cgra\u0111ansku opciju.\u201d<\/p>\n\n\n\n<p>\/HMS\/<\/p>\n","protected":false},"excerpt":{"rendered":"<p>Vi\u0161nja Lon\u010dar, generalna konzulica BiH u Frankfurtu koja \u017deljka Kom\u0161i\u0107a oslovljava s \u201cmoj predsjednik\u201d ne prestaje nizati skandale i sramotiti dr\u017eavu koju predstavlja, ali i diplomatsku profesiju u cjelini, pi\u0161e Hrvatski Medijski Servis. Ona je, naime, poslala otvoreno pismo vlastima Njema\u010dke s ciljem da se, kako ka\u017ee, \u201codbaci ovaj nakaradni i neustavni prijedlog visokog predstavnika\u201d [&hellip;]<\/p>\n","protected":false},"author":2,"featured_media":163200,"comment_status":"closed","ping_status":"closed","sticky":false,"template":"","format":"standard","meta":{"h5ap_radio_sources":[],"footnotes":""},"categories":[1],"tags":[],"class_list":["post-163199","post","type-post","status-publish","format-standard","has-post-thumbnail","hentry","category-bihiregija"],"yoast_head":"<!-- This site is optimized with the Yoast SEO plugin v27.5 - https:\/\/yoast.com\/product\/yoast-seo-wordpress\/ -->\n<title>Konzulica BiH u Frankfurtu od njema\u010dkih vlasti tra\u017eila odbacivanje \u201cnakaradnog i neustavnog prijedloga visokog predstavnika\u201d - RADIO LJUBU\u0160KI<\/title>\n<meta name=\"robots\" content=\"index, follow, max-snippet:-1, max-image-preview:large, max-video-preview:-1\" \/>\n<link rel=\"canonical\" href=\"https:\/\/radioljubuski.ba\/index.php\/2022\/07\/25\/konzulica-bih-u-frankfurtu-od-njemackih-vlasti-trazila-odbacivanje-nakaradnog-i-neustavnog-prijedloga-visokog-predstavnika\/\" \/>\n<meta property=\"og:locale\" content=\"hr_HR\" \/>\n<meta property=\"og:type\" content=\"article\" \/>\n<meta property=\"og:title\" content=\"Konzulica BiH u Frankfurtu od njema\u010dkih vlasti tra\u017eila odbacivanje \u201cnakaradnog i neustavnog prijedloga visokog predstavnika\u201d - RADIO LJUBU\u0160KI\" \/>\n<meta property=\"og:description\" content=\"Vi\u0161nja Lon\u010dar, generalna konzulica BiH u Frankfurtu koja \u017deljka Kom\u0161i\u0107a oslovljava s \u201cmoj predsjednik\u201d ne prestaje nizati skandale i sramotiti dr\u017eavu koju predstavlja, ali i diplomatsku profesiju u cjelini, pi\u0161e Hrvatski Medijski Servis. Ona je, naime, poslala otvoreno pismo vlastima Njema\u010dke s ciljem da se, kako ka\u017ee, \u201codbaci ovaj nakaradni i neustavni prijedlog visokog predstavnika\u201d [&hellip;]\" \/>\n<meta property=\"og:url\" content=\"https:\/\/radioljubuski.ba\/index.php\/2022\/07\/25\/konzulica-bih-u-frankfurtu-od-njemackih-vlasti-trazila-odbacivanje-nakaradnog-i-neustavnog-prijedloga-visokog-predstavnika\/\" \/>\n<meta property=\"og:site_name\" content=\"RADIO LJUBU\u0160KI\" \/>\n<meta property=\"article:publisher\" content=\"https:\/\/www.facebook.com\/Radiio-Ljubuski-1490835324566332\" \/>\n<meta property=\"article:published_time\" content=\"2022-07-25T10:28:45+00:00\" \/>\n<meta property=\"article:modified_time\" content=\"2022-07-25T10:28:48+00:00\" \/>\n<meta property=\"og:image\" content=\"https:\/\/radioljubuski.ba\/wp-content\/uploads\/2022\/07\/visnja-loncar123-1068x827-1.jpg\" \/>\n\t<meta property=\"og:image:width\" content=\"1068\" \/>\n\t<meta property=\"og:image:height\" content=\"827\" \/>\n\t<meta property=\"og:image:type\" content=\"image\/jpeg\" \/>\n<meta name=\"author\" content=\"Radio Ljubu\u0161ki\" \/>\n<meta name=\"twitter:card\" content=\"summary_large_image\" \/>\n<meta name=\"twitter:creator\" content=\"@radioljubuski\" \/>\n<meta name=\"twitter:site\" content=\"@radioljubuski\" \/>\n<meta name=\"twitter:label1\" content=\"Napisao\/la\" \/>\n\t<meta name=\"twitter:data1\" content=\"Radio Ljubu\u0161ki\" \/>\n\t<meta name=\"twitter:label2\" content=\"Procijenjeno vrijeme \u010ditanja\" \/>\n\t<meta name=\"twitter:data2\" content=\"2 minute\" \/>\n<script type=\"application\/ld+json\" class=\"yoast-schema-graph\">{\"@context\":\"https:\\\/\\\/schema.org\",\"@graph\":[{\"@type\":\"Article\",\"@id\":\"https:\\\/\\\/radioljubuski.ba\\\/index.php\\\/2022\\\/07\\\/25\\\/konzulica-bih-u-frankfurtu-od-njemackih-vlasti-trazila-odbacivanje-nakaradnog-i-neustavnog-prijedloga-visokog-predstavnika\\\/#article\",\"isPartOf\":{\"@id\":\"https:\\\/\\\/radioljubuski.ba\\\/index.php\\\/2022\\\/07\\\/25\\\/konzulica-bih-u-frankfurtu-od-njemackih-vlasti-trazila-odbacivanje-nakaradnog-i-neustavnog-prijedloga-visokog-predstavnika\\\/\"},\"author\":{\"name\":\"Radio Ljubu\u0161ki\",\"@id\":\"https:\\\/\\\/radioljubuski.ba\\\/#\\\/schema\\\/person\\\/19fc700381a780f69665d7956c469e3b\"},\"headline\":\"Konzulica BiH u Frankfurtu od njema\u010dkih vlasti tra\u017eila odbacivanje \u201cnakaradnog i neustavnog prijedloga visokog predstavnika\u201d\",\"datePublished\":\"2022-07-25T10:28:45+00:00\",\"dateModified\":\"2022-07-25T10:28:48+00:00\",\"mainEntityOfPage\":{\"@id\":\"https:\\\/\\\/radioljubuski.ba\\\/index.php\\\/2022\\\/07\\\/25\\\/konzulica-bih-u-frankfurtu-od-njemackih-vlasti-trazila-odbacivanje-nakaradnog-i-neustavnog-prijedloga-visokog-predstavnika\\\/\"},\"wordCount\":341,\"publisher\":{\"@id\":\"https:\\\/\\\/radioljubuski.ba\\\/#organization\"},\"image\":{\"@id\":\"https:\\\/\\\/radioljubuski.ba\\\/index.php\\\/2022\\\/07\\\/25\\\/konzulica-bih-u-frankfurtu-od-njemackih-vlasti-trazila-odbacivanje-nakaradnog-i-neustavnog-prijedloga-visokog-predstavnika\\\/#primaryimage\"},\"thumbnailUrl\":\"https:\\\/\\\/radioljubuski.ba\\\/wp-content\\\/uploads\\\/2022\\\/07\\\/visnja-loncar123-1068x827-1.jpg\",\"articleSection\":[\"BIH i regija\"],\"inLanguage\":\"hr\"},{\"@type\":\"WebPage\",\"@id\":\"https:\\\/\\\/radioljubuski.ba\\\/index.php\\\/2022\\\/07\\\/25\\\/konzulica-bih-u-frankfurtu-od-njemackih-vlasti-trazila-odbacivanje-nakaradnog-i-neustavnog-prijedloga-visokog-predstavnika\\\/\",\"url\":\"https:\\\/\\\/radioljubuski.ba\\\/index.php\\\/2022\\\/07\\\/25\\\/konzulica-bih-u-frankfurtu-od-njemackih-vlasti-trazila-odbacivanje-nakaradnog-i-neustavnog-prijedloga-visokog-predstavnika\\\/\",\"name\":\"Konzulica BiH u Frankfurtu od njema\u010dkih vlasti tra\u017eila odbacivanje \u201cnakaradnog i neustavnog prijedloga visokog predstavnika\u201d - RADIO LJUBU\u0160KI\",\"isPartOf\":{\"@id\":\"https:\\\/\\\/radioljubuski.ba\\\/#website\"},\"primaryImageOfPage\":{\"@id\":\"https:\\\/\\\/radioljubuski.ba\\\/index.php\\\/2022\\\/07\\\/25\\\/konzulica-bih-u-frankfurtu-od-njemackih-vlasti-trazila-odbacivanje-nakaradnog-i-neustavnog-prijedloga-visokog-predstavnika\\\/#primaryimage\"},\"image\":{\"@id\":\"https:\\\/\\\/radioljubuski.ba\\\/index.php\\\/2022\\\/07\\\/25\\\/konzulica-bih-u-frankfurtu-od-njemackih-vlasti-trazila-odbacivanje-nakaradnog-i-neustavnog-prijedloga-visokog-predstavnika\\\/#primaryimage\"},\"thumbnailUrl\":\"https:\\\/\\\/radioljubuski.ba\\\/wp-content\\\/uploads\\\/2022\\\/07\\\/visnja-loncar123-1068x827-1.jpg\",\"datePublished\":\"2022-07-25T10:28:45+00:00\",\"dateModified\":\"2022-07-25T10:28:48+00:00\",\"breadcrumb\":{\"@id\":\"https:\\\/\\\/radioljubuski.ba\\\/index.php\\\/2022\\\/07\\\/25\\\/konzulica-bih-u-frankfurtu-od-njemackih-vlasti-trazila-odbacivanje-nakaradnog-i-neustavnog-prijedloga-visokog-predstavnika\\\/#breadcrumb\"},\"inLanguage\":\"hr\",\"potentialAction\":[{\"@type\":\"ReadAction\",\"target\":[\"https:\\\/\\\/radioljubuski.ba\\\/index.php\\\/2022\\\/07\\\/25\\\/konzulica-bih-u-frankfurtu-od-njemackih-vlasti-trazila-odbacivanje-nakaradnog-i-neustavnog-prijedloga-visokog-predstavnika\\\/\"]}]},{\"@type\":\"ImageObject\",\"inLanguage\":\"hr\",\"@id\":\"https:\\\/\\\/radioljubuski.ba\\\/index.php\\\/2022\\\/07\\\/25\\\/konzulica-bih-u-frankfurtu-od-njemackih-vlasti-trazila-odbacivanje-nakaradnog-i-neustavnog-prijedloga-visokog-predstavnika\\\/#primaryimage\",\"url\":\"https:\\\/\\\/radioljubuski.ba\\\/wp-content\\\/uploads\\\/2022\\\/07\\\/visnja-loncar123-1068x827-1.jpg\",\"contentUrl\":\"https:\\\/\\\/radioljubuski.ba\\\/wp-content\\\/uploads\\\/2022\\\/07\\\/visnja-loncar123-1068x827-1.jpg\",\"width\":1068,\"height\":827},{\"@type\":\"BreadcrumbList\",\"@id\":\"https:\\\/\\\/radioljubuski.ba\\\/index.php\\\/2022\\\/07\\\/25\\\/konzulica-bih-u-frankfurtu-od-njemackih-vlasti-trazila-odbacivanje-nakaradnog-i-neustavnog-prijedloga-visokog-predstavnika\\\/#breadcrumb\",\"itemListElement\":[{\"@type\":\"ListItem\",\"position\":1,\"name\":\"Po\u010detna stranica\",\"item\":\"https:\\\/\\\/radioljubuski.ba\\\/\"},{\"@type\":\"ListItem\",\"position\":2,\"name\":\"Konzulica BiH u Frankfurtu od njema\u010dkih vlasti tra\u017eila odbacivanje \u201cnakaradnog i neustavnog prijedloga visokog predstavnika\u201d\"}]},{\"@type\":\"WebSite\",\"@id\":\"https:\\\/\\\/radioljubuski.ba\\\/#website\",\"url\":\"https:\\\/\\\/radioljubuski.ba\\\/\",\"name\":\"Radio Ljubu\u0161ki\",\"description\":\"Sun\u010dana frekvencija Hercegovine\",\"publisher\":{\"@id\":\"https:\\\/\\\/radioljubuski.ba\\\/#organization\"},\"potentialAction\":[{\"@type\":\"SearchAction\",\"target\":{\"@type\":\"EntryPoint\",\"urlTemplate\":\"https:\\\/\\\/radioljubuski.ba\\\/?s={search_term_string}\"},\"query-input\":{\"@type\":\"PropertyValueSpecification\",\"valueRequired\":true,\"valueName\":\"search_term_string\"}}],\"inLanguage\":\"hr\"},{\"@type\":\"Organization\",\"@id\":\"https:\\\/\\\/radioljubuski.ba\\\/#organization\",\"name\":\"Radio Ljubu\u0161ki\",\"url\":\"https:\\\/\\\/radioljubuski.ba\\\/\",\"logo\":{\"@type\":\"ImageObject\",\"inLanguage\":\"hr\",\"@id\":\"https:\\\/\\\/radioljubuski.ba\\\/#\\\/schema\\\/logo\\\/image\\\/\",\"url\":\"https:\\\/\\\/radioljubuski.ba\\\/wp-content\\\/uploads\\\/2021\\\/02\\\/cropped-Radio_Ljubuski_logo1.jpg\",\"contentUrl\":\"https:\\\/\\\/radioljubuski.ba\\\/wp-content\\\/uploads\\\/2021\\\/02\\\/cropped-Radio_Ljubuski_logo1.jpg\",\"width\":512,\"height\":512,\"caption\":\"Radio Ljubu\u0161ki\"},\"image\":{\"@id\":\"https:\\\/\\\/radioljubuski.ba\\\/#\\\/schema\\\/logo\\\/image\\\/\"},\"sameAs\":[\"https:\\\/\\\/www.facebook.com\\\/Radiio-Ljubuski-1490835324566332\",\"https:\\\/\\\/x.com\\\/radioljubuski\",\"https:\\\/\\\/hr.linkedin.com\\\/company\\\/radio-ljubuski\",\"https:\\\/\\\/www.youtube.com\\\/channel\\\/UCHYaeO_n0Db3tjNGudGpXyw\"]},{\"@type\":\"Person\",\"@id\":\"https:\\\/\\\/radioljubuski.ba\\\/#\\\/schema\\\/person\\\/19fc700381a780f69665d7956c469e3b\",\"name\":\"Radio Ljubu\u0161ki\"}]}<\/script>\n<!-- \/ Yoast SEO plugin. -->","yoast_head_json":{"title":"Konzulica BiH u Frankfurtu od njema\u010dkih vlasti tra\u017eila odbacivanje \u201cnakaradnog i neustavnog prijedloga visokog predstavnika\u201d - RADIO LJUBU\u0160KI","robots":{"index":"index","follow":"follow","max-snippet":"max-snippet:-1","max-image-preview":"max-image-preview:large","max-video-preview":"max-video-preview:-1"},"canonical":"https:\/\/radioljubuski.ba\/index.php\/2022\/07\/25\/konzulica-bih-u-frankfurtu-od-njemackih-vlasti-trazila-odbacivanje-nakaradnog-i-neustavnog-prijedloga-visokog-predstavnika\/","og_locale":"hr_HR","og_type":"article","og_title":"Konzulica BiH u Frankfurtu od njema\u010dkih vlasti tra\u017eila odbacivanje \u201cnakaradnog i neustavnog prijedloga visokog predstavnika\u201d - RADIO LJUBU\u0160KI","og_description":"Vi\u0161nja Lon\u010dar, generalna konzulica BiH u Frankfurtu koja \u017deljka Kom\u0161i\u0107a oslovljava s \u201cmoj predsjednik\u201d ne prestaje nizati skandale i sramotiti dr\u017eavu koju predstavlja, ali i diplomatsku profesiju u cjelini, pi\u0161e Hrvatski Medijski Servis. Ona je, naime, poslala otvoreno pismo vlastima Njema\u010dke s ciljem da se, kako ka\u017ee, \u201codbaci ovaj nakaradni i neustavni prijedlog visokog predstavnika\u201d [&hellip;]","og_url":"https:\/\/radioljubuski.ba\/index.php\/2022\/07\/25\/konzulica-bih-u-frankfurtu-od-njemackih-vlasti-trazila-odbacivanje-nakaradnog-i-neustavnog-prijedloga-visokog-predstavnika\/","og_site_name":"RADIO LJUBU\u0160KI","article_publisher":"https:\/\/www.facebook.com\/Radiio-Ljubuski-1490835324566332","article_published_time":"2022-07-25T10:28:45+00:00","article_modified_time":"2022-07-25T10:28:48+00:00","og_image":[{"width":1068,"height":827,"url":"https:\/\/radioljubuski.ba\/wp-content\/uploads\/2022\/07\/visnja-loncar123-1068x827-1.jpg","type":"image\/jpeg"}],"author":"Radio Ljubu\u0161ki","twitter_card":"summary_large_image","twitter_creator":"@radioljubuski","twitter_site":"@radioljubuski","twitter_misc":{"Napisao\/la":"Radio Ljubu\u0161ki","Procijenjeno vrijeme \u010ditanja":"2 minute"},"schema":{"@context":"https:\/\/schema.org","@graph":[{"@type":"Article","@id":"https:\/\/radioljubuski.ba\/index.php\/2022\/07\/25\/konzulica-bih-u-frankfurtu-od-njemackih-vlasti-trazila-odbacivanje-nakaradnog-i-neustavnog-prijedloga-visokog-predstavnika\/#article","isPartOf":{"@id":"https:\/\/radioljubuski.ba\/index.php\/2022\/07\/25\/konzulica-bih-u-frankfurtu-od-njemackih-vlasti-trazila-odbacivanje-nakaradnog-i-neustavnog-prijedloga-visokog-predstavnika\/"},"author":{"name":"Radio Ljubu\u0161ki","@id":"https:\/\/radioljubuski.ba\/#\/schema\/person\/19fc700381a780f69665d7956c469e3b"},"headline":"Konzulica BiH u Frankfurtu od njema\u010dkih vlasti tra\u017eila odbacivanje \u201cnakaradnog i neustavnog prijedloga visokog predstavnika\u201d","datePublished":"2022-07-25T10:28:45+00:00","dateModified":"2022-07-25T10:28:48+00:00","mainEntityOfPage":{"@id":"https:\/\/radioljubuski.ba\/index.php\/2022\/07\/25\/konzulica-bih-u-frankfurtu-od-njemackih-vlasti-trazila-odbacivanje-nakaradnog-i-neustavnog-prijedloga-visokog-predstavnika\/"},"wordCount":341,"publisher":{"@id":"https:\/\/radioljubuski.ba\/#organization"},"image":{"@id":"https:\/\/radioljubuski.ba\/index.php\/2022\/07\/25\/konzulica-bih-u-frankfurtu-od-njemackih-vlasti-trazila-odbacivanje-nakaradnog-i-neustavnog-prijedloga-visokog-predstavnika\/#primaryimage"},"thumbnailUrl":"https:\/\/radioljubuski.ba\/wp-content\/uploads\/2022\/07\/visnja-loncar123-1068x827-1.jpg","articleSection":["BIH i regija"],"inLanguage":"hr"},{"@type":"WebPage","@id":"https:\/\/radioljubuski.ba\/index.php\/2022\/07\/25\/konzulica-bih-u-frankfurtu-od-njemackih-vlasti-trazila-odbacivanje-nakaradnog-i-neustavnog-prijedloga-visokog-predstavnika\/","url":"https:\/\/radioljubuski.ba\/index.php\/2022\/07\/25\/konzulica-bih-u-frankfurtu-od-njemackih-vlasti-trazila-odbacivanje-nakaradnog-i-neustavnog-prijedloga-visokog-predstavnika\/","name":"Konzulica BiH u Frankfurtu od njema\u010dkih vlasti tra\u017eila odbacivanje \u201cnakaradnog i neustavnog prijedloga visokog predstavnika\u201d - RADIO LJUBU\u0160KI","isPartOf":{"@id":"https:\/\/radioljubuski.ba\/#website"},"primaryImageOfPage":{"@id":"https:\/\/radioljubuski.ba\/index.php\/2022\/07\/25\/konzulica-bih-u-frankfurtu-od-njemackih-vlasti-trazila-odbacivanje-nakaradnog-i-neustavnog-prijedloga-visokog-predstavnika\/#primaryimage"},"image":{"@id":"https:\/\/radioljubuski.ba\/index.php\/2022\/07\/25\/konzulica-bih-u-frankfurtu-od-njemackih-vlasti-trazila-odbacivanje-nakaradnog-i-neustavnog-prijedloga-visokog-predstavnika\/#primaryimage"},"thumbnailUrl":"https:\/\/radioljubuski.ba\/wp-content\/uploads\/2022\/07\/visnja-loncar123-1068x827-1.jpg","datePublished":"2022-07-25T10:28:45+00:00","dateModified":"2022-07-25T10:28:48+00:00","breadcrumb":{"@id":"https:\/\/radioljubuski.ba\/index.php\/2022\/07\/25\/konzulica-bih-u-frankfurtu-od-njemackih-vlasti-trazila-odbacivanje-nakaradnog-i-neustavnog-prijedloga-visokog-predstavnika\/#breadcrumb"},"inLanguage":"hr","potentialAction":[{"@type":"ReadAction","target":["https:\/\/radioljubuski.ba\/index.php\/2022\/07\/25\/konzulica-bih-u-frankfurtu-od-njemackih-vlasti-trazila-odbacivanje-nakaradnog-i-neustavnog-prijedloga-visokog-predstavnika\/"]}]},{"@type":"ImageObject","inLanguage":"hr","@id":"https:\/\/radioljubuski.ba\/index.php\/2022\/07\/25\/konzulica-bih-u-frankfurtu-od-njemackih-vlasti-trazila-odbacivanje-nakaradnog-i-neustavnog-prijedloga-visokog-predstavnika\/#primaryimage","url":"https:\/\/radioljubuski.ba\/wp-content\/uploads\/2022\/07\/visnja-loncar123-1068x827-1.jpg","contentUrl":"https:\/\/radioljubuski.ba\/wp-content\/uploads\/2022\/07\/visnja-loncar123-1068x827-1.jpg","width":1068,"height":827},{"@type":"BreadcrumbList","@id":"https:\/\/radioljubuski.ba\/index.php\/2022\/07\/25\/konzulica-bih-u-frankfurtu-od-njemackih-vlasti-trazila-odbacivanje-nakaradnog-i-neustavnog-prijedloga-visokog-predstavnika\/#breadcrumb","itemListElement":[{"@type":"ListItem","position":1,"name":"Po\u010detna stranica","item":"https:\/\/radioljubuski.ba\/"},{"@type":"ListItem","position":2,"name":"Konzulica BiH u Frankfurtu od njema\u010dkih vlasti tra\u017eila odbacivanje \u201cnakaradnog i neustavnog prijedloga visokog predstavnika\u201d"}]},{"@type":"WebSite","@id":"https:\/\/radioljubuski.ba\/#website","url":"https:\/\/radioljubuski.ba\/","name":"Radio Ljubu\u0161ki","description":"Sun\u010dana frekvencija Hercegovine","publisher":{"@id":"https:\/\/radioljubuski.ba\/#organization"},"potentialAction":[{"@type":"SearchAction","target":{"@type":"EntryPoint","urlTemplate":"https:\/\/radioljubuski.ba\/?s={search_term_string}"},"query-input":{"@type":"PropertyValueSpecification","valueRequired":true,"valueName":"search_term_string"}}],"inLanguage":"hr"},{"@type":"Organization","@id":"https:\/\/radioljubuski.ba\/#organization","name":"Radio Ljubu\u0161ki","url":"https:\/\/radioljubuski.ba\/","logo":{"@type":"ImageObject","inLanguage":"hr","@id":"https:\/\/radioljubuski.ba\/#\/schema\/logo\/image\/","url":"https:\/\/radioljubuski.ba\/wp-content\/uploads\/2021\/02\/cropped-Radio_Ljubuski_logo1.jpg","contentUrl":"https:\/\/radioljubuski.ba\/wp-content\/uploads\/2021\/02\/cropped-Radio_Ljubuski_logo1.jpg","width":512,"height":512,"caption":"Radio Ljubu\u0161ki"},"image":{"@id":"https:\/\/radioljubuski.ba\/#\/schema\/logo\/image\/"},"sameAs":["https:\/\/www.facebook.com\/Radiio-Ljubuski-1490835324566332","https:\/\/x.com\/radioljubuski","https:\/\/hr.linkedin.com\/company\/radio-ljubuski","https:\/\/www.youtube.com\/channel\/UCHYaeO_n0Db3tjNGudGpXyw"]},{"@type":"Person","@id":"https:\/\/radioljubuski.ba\/#\/schema\/person\/19fc700381a780f69665d7956c469e3b","name":"Radio Ljubu\u0161ki"}]}},"_links":{"self":[{"href":"https:\/\/radioljubuski.ba\/index.php\/wp-json\/wp\/v2\/posts\/163199","targetHints":{"allow":["GET"]}}],"collection":[{"href":"https:\/\/radioljubuski.ba\/index.php\/wp-json\/wp\/v2\/posts"}],"about":[{"href":"https:\/\/radioljubuski.ba\/index.php\/wp-json\/wp\/v2\/types\/post"}],"author":[{"embeddable":true,"href":"https:\/\/radioljubuski.ba\/index.php\/wp-json\/wp\/v2\/users\/2"}],"replies":[{"embeddable":true,"href":"https:\/\/radioljubuski.ba\/index.php\/wp-json\/wp\/v2\/comments?post=163199"}],"version-history":[{"count":1,"href":"https:\/\/radioljubuski.ba\/index.php\/wp-json\/wp\/v2\/posts\/163199\/revisions"}],"predecessor-version":[{"id":163201,"href":"https:\/\/radioljubuski.ba\/index.php\/wp-json\/wp\/v2\/posts\/163199\/revisions\/163201"}],"wp:featuredmedia":[{"embeddable":true,"href":"https:\/\/radioljubuski.ba\/index.php\/wp-json\/wp\/v2\/media\/163200"}],"wp:attachment":[{"href":"https:\/\/radioljubuski.ba\/index.php\/wp-json\/wp\/v2\/media?parent=163199"}],"wp:term":[{"taxonomy":"category","embeddable":true,"href":"https:\/\/radioljubuski.ba\/index.php\/wp-json\/wp\/v2\/categories?post=163199"},{"taxonomy":"post_tag","embeddable":true,"href":"https:\/\/radioljubuski.ba\/index.php\/wp-json\/wp\/v2\/tags?post=163199"}],"curies":[{"name":"wp","href":"https:\/\/api.w.org\/{rel}","templated":true}]}}