{"id":163206,"date":"2022-07-25T11:32:49","date_gmt":"2022-07-25T10:32:49","guid":{"rendered":"https:\/\/radioljubuski.ba\/?p=163206"},"modified":"2022-07-25T11:32:50","modified_gmt":"2022-07-25T10:32:50","slug":"nato-trazi-rotaciju-generala-na-celu-vojske-u-bih","status":"publish","type":"post","link":"https:\/\/radioljubuski.ba\/index.php\/2022\/07\/25\/nato-trazi-rotaciju-generala-na-celu-vojske-u-bih\/","title":{"rendered":"NATO tra\u017ei rotaciju generala na \u010delu vojske u BiH"},"content":{"rendered":"\n<p><strong>Jo\u0161 po\u010detkom o\u017eujka istekao je mandat na\u010delniku Zajedni\u010dkog zapovjedni\u0161tva Oru\u017eanih snaga Bosne i Hercegovine general-pukovniku Senadu Ma\u0161ovi\u0107u te njegovoj dvojici zamjenika general-bojnicima Ivici Jerki\u0107u i Gojku Kne\u017eevi\u0107u, pi\u0161e <a href=\"https:\/\/m.vecernji.ba\/vijesti\/nato-trazi-rotaciju-generala-na-celu-vojske-u-bih-1604531\">Ve\u010dernji list BiH.<\/a><\/strong><\/p>\n\n\n\n<p>No iz nepoznatih razloga Predsjedni\u0161tvo Bosne i Hercegovine jo\u0161 uvijek nije pokrenulo postupak imenovanja novog zapovjedni\u0161tva, ali i popune generalskoga kora zbog odlaska u beneficiranu mirovinu nekolicine visokih \u010dasnika.<\/p>\n\n\n\n<p>Kako se doznaje, mjesecima iz sjedi\u0161ta NATO-ova sto\u017eera u Sarajevu kojemu je odnedavno na \u010delu brigadna generalica Pamela L. McGaha inzistiraju upravo na promjeni rukovodne strukture Oru\u017eanih snaga. S obzirom na to da se na toj poziciji doga\u0111a rotacija po nacionalnom klju\u010du, sada je na redu da se nakon hrvatskog i bo\u0161nja\u010dkog generala Ante Jele\u010da i Senada Ma\u0161ovi\u0107a na\u0111e srpski general.<\/p>\n\n\n\n<p><strong>Rotacija pozicija<\/strong><\/p>\n\n\n\n<p>O\u010dekuje se da \u0107e bo\u0161nja\u010dka strana vjerojatno dobiti sada\u0161nju poziciju na kojoj se nalazi hrvatski general-bojnik Ivica Jerki\u0107 koji obna\u0161a du\u017enost zamjenika za operacije, dok je general-bojnik Gojko Kne\u017eevi\u0107 zamjenik za resurse. Pojedini od ovih \u010dasnika, ali i ukupno 13 generala mora po sili zakona u mirovinu zbog \u010dega se o\u010dekuje promaknu\u0107e novih \u010dasnika Oru\u017eanih snaga BiH.<\/p>\n\n\n\n<p>Valja znati kako je Zajedni\u010dki sto\u017eer Oru\u017eanih snaga BiH stru\u010dno tijelo pod\u010dinjeno ministru obrane i u svom sastavu ima operacije s tri uprave i verifikacijskim centrom, resurse s \u010detiri uprave, odjeljenje za potporu, ured za vojnu policiju te Dom Oru\u017eanih snaga.<\/p>\n\n\n\n<p>Zajedni\u010dkom sto\u017eeru podre\u0111eni su Operativno zapovjedni\u0161tvo i Zapovjedni\u0161tvo za potporu. Istodobno, Operativno zapovjedni\u0161tvo u svom sastavu ima tri pje\u0161a\u010dke brigade \u010dije je sjedi\u0161te u Banjoj Luci, \u010capljini i Tuzli koje pak u svom sastavu imaju po tri pje\u0161a\u010dka bataljuna, jedan artiljerijski bataljun, zatim izvi\u0111a\u010dku \u010detu, vod vojne policije i vod veze. Brigada takti\u010dke potpore sa sjedi\u0161tem u Sarajevu u svom sastavu ima bataljun veze, in\u017eenjerijski bataljun, vojno-obavje\u0161tajni bataljun, deminerski bataljun, bataljun vojne policije, oklopni bataljun, \u010detu atomsko-biolo\u0161ko-kemijskog djelovanja i vod veze. Brigada zra\u010dnih snaga i protuzra\u010dne obrane ima sjedi\u0161te u Banjoj Luci, a \u010dine je 2 helikopterska skvadrona, bataljun leta\u010dke potpore, zatim bataljun protuzra\u010dne obrane, bataljun zra\u010dnog osmatranja i javljanja te zrakoplovna eskadrila. Na ve\u0107ini vode\u0107ih pozicija nalaze se \u010dasnici koji su sudjelovali u ratu i oni mogu konkurirati na vode\u0107e pozicije bez obzira na to je li rije\u010d o Zajedni\u010dkom zapovjedni\u0161tvu OS BiH ili pak sve ni\u017ee strukturne organizacije u okviru Operativnog zapovjedni\u0161tva i Zapovjedni\u0161tva za potporu. Do sada je u zna\u010dajnoj mjeri upravo ta \u010dinjenica zna\u010dajno optere\u0107ivala visoke \u010dasnike.<\/p>\n\n\n\n<p><strong>Sedma muslimanska<\/strong><\/p>\n\n\n\n<p>Posebno se to odnosi na sada\u0161njeg odlaze\u0107eg na\u010delnika Glavnog sto\u017eera Oru\u017eanih snaga BiH. Senad Ma\u0161ovi\u0107 je, naime, bio biv\u0161i pripadnik 7. muslimanske brigade Armije BiH koja je bila poznata po ideolo\u0161koj i vjerskoj indoktrinaciji lokalnih Bo\u0161njaka, ali i brutalnim zlo\u010dinima za koje je odgovarao samo jedan njihov pripadnik. Ma\u0161ovi\u0107 je bio i jedan od pukovnika pri Vojsci Federacije BiH u \u010diji je sastav u\u0161la i 7. muslimanska kao \u201cSedma vite\u0161ka mehanizirana brigada\u201d.<\/p>\n\n\n\n<p>Bila je to vode\u0107a bo\u0161nja\u010dko-muslimanska postrojba u ratu u \u010dijem su sastavu bili brojni mud\u017eahedini uz tada\u0161nje Bo\u0161njake. Ma\u0161ovi\u0107 je vrlo brzo napredovao u vojnoj karijeri. Kada je stupio na visoke du\u017enosti nije imao ni visoko\u0161kolsko obrazovanje. Bio je i zamjenik na\u010delnika Zajedni\u010dkog sto\u017eera Oru\u017eanih snaga BiH. Vojne edukacije poha\u0111ao je u Turskoj nakon \u0161to mu je Visoko vojno u\u010dili\u0161te u Zagrebu odbilo zahtjev za \u0161kolovanje upravo zbog ratnog anga\u017emana u 7. muslimanskoj brigadi. Poznato je da je biv\u0161i vojni ata\u0161e SAD-a u BiH pukovnik Ayers 2007. od tada\u0161njeg na\u010delnika Zajedni\u010dkog \u0161taba OS BiH generala Sifeta Pod\u017ei\u0107a pismenim putem zatra\u017eio da iz OS-a otpusti Ma\u0161ovi\u0107a.<\/p>\n\n\n\n<p>\/HMS\/<\/p>\n","protected":false},"excerpt":{"rendered":"<p>Jo\u0161 po\u010detkom o\u017eujka istekao je mandat na\u010delniku Zajedni\u010dkog zapovjedni\u0161tva Oru\u017eanih snaga Bosne i Hercegovine general-pukovniku Senadu Ma\u0161ovi\u0107u te njegovoj dvojici zamjenika general-bojnicima Ivici Jerki\u0107u i Gojku Kne\u017eevi\u0107u, pi\u0161e Ve\u010dernji list BiH. No iz nepoznatih razloga Predsjedni\u0161tvo Bosne i Hercegovine jo\u0161 uvijek nije pokrenulo postupak imenovanja novog zapovjedni\u0161tva, ali i popune generalskoga kora zbog odlaska u [&hellip;]<\/p>\n","protected":false},"author":2,"featured_media":163207,"comment_status":"closed","ping_status":"closed","sticky":false,"template":"","format":"standard","meta":{"h5ap_radio_sources":[],"footnotes":""},"categories":[1],"tags":[],"class_list":["post-163206","post","type-post","status-publish","format-standard","has-post-thumbnail","hentry","category-bihiregija"],"yoast_head":"<!-- This site is optimized with the Yoast SEO plugin v27.5 - https:\/\/yoast.com\/product\/yoast-seo-wordpress\/ -->\n<title>NATO tra\u017ei rotaciju generala na \u010delu vojske u BiH - RADIO LJUBU\u0160KI<\/title>\n<meta name=\"robots\" content=\"index, follow, max-snippet:-1, max-image-preview:large, max-video-preview:-1\" \/>\n<link rel=\"canonical\" href=\"https:\/\/radioljubuski.ba\/index.php\/2022\/07\/25\/nato-trazi-rotaciju-generala-na-celu-vojske-u-bih\/\" \/>\n<meta property=\"og:locale\" content=\"hr_HR\" \/>\n<meta property=\"og:type\" content=\"article\" \/>\n<meta property=\"og:title\" content=\"NATO tra\u017ei rotaciju generala na \u010delu vojske u BiH - RADIO LJUBU\u0160KI\" \/>\n<meta property=\"og:description\" content=\"Jo\u0161 po\u010detkom o\u017eujka istekao je mandat na\u010delniku Zajedni\u010dkog zapovjedni\u0161tva Oru\u017eanih snaga Bosne i Hercegovine general-pukovniku Senadu Ma\u0161ovi\u0107u te njegovoj dvojici zamjenika general-bojnicima Ivici Jerki\u0107u i Gojku Kne\u017eevi\u0107u, pi\u0161e Ve\u010dernji list BiH. No iz nepoznatih razloga Predsjedni\u0161tvo Bosne i Hercegovine jo\u0161 uvijek nije pokrenulo postupak imenovanja novog zapovjedni\u0161tva, ali i popune generalskoga kora zbog odlaska u [&hellip;]\" \/>\n<meta property=\"og:url\" content=\"https:\/\/radioljubuski.ba\/index.php\/2022\/07\/25\/nato-trazi-rotaciju-generala-na-celu-vojske-u-bih\/\" \/>\n<meta property=\"og:site_name\" content=\"RADIO LJUBU\u0160KI\" \/>\n<meta property=\"article:publisher\" content=\"https:\/\/www.facebook.com\/Radiio-Ljubuski-1490835324566332\" \/>\n<meta property=\"article:published_time\" content=\"2022-07-25T10:32:49+00:00\" \/>\n<meta property=\"article:modified_time\" content=\"2022-07-25T10:32:50+00:00\" \/>\n<meta property=\"og:image\" content=\"https:\/\/radioljubuski.ba\/wp-content\/uploads\/2022\/07\/33-2.jpg\" \/>\n\t<meta property=\"og:image:width\" content=\"612\" \/>\n\t<meta property=\"og:image:height\" content=\"408\" \/>\n\t<meta property=\"og:image:type\" content=\"image\/jpeg\" \/>\n<meta name=\"author\" content=\"Radio Ljubu\u0161ki\" \/>\n<meta name=\"twitter:card\" content=\"summary_large_image\" \/>\n<meta name=\"twitter:creator\" content=\"@radioljubuski\" \/>\n<meta name=\"twitter:site\" content=\"@radioljubuski\" \/>\n<meta name=\"twitter:label1\" content=\"Napisao\/la\" \/>\n\t<meta name=\"twitter:data1\" content=\"Radio Ljubu\u0161ki\" \/>\n\t<meta name=\"twitter:label2\" content=\"Procijenjeno vrijeme \u010ditanja\" \/>\n\t<meta name=\"twitter:data2\" content=\"3 minute\" \/>\n<script type=\"application\/ld+json\" class=\"yoast-schema-graph\">{\"@context\":\"https:\\\/\\\/schema.org\",\"@graph\":[{\"@type\":\"Article\",\"@id\":\"https:\\\/\\\/radioljubuski.ba\\\/index.php\\\/2022\\\/07\\\/25\\\/nato-trazi-rotaciju-generala-na-celu-vojske-u-bih\\\/#article\",\"isPartOf\":{\"@id\":\"https:\\\/\\\/radioljubuski.ba\\\/index.php\\\/2022\\\/07\\\/25\\\/nato-trazi-rotaciju-generala-na-celu-vojske-u-bih\\\/\"},\"author\":{\"name\":\"Radio Ljubu\u0161ki\",\"@id\":\"https:\\\/\\\/radioljubuski.ba\\\/#\\\/schema\\\/person\\\/19fc700381a780f69665d7956c469e3b\"},\"headline\":\"NATO tra\u017ei rotaciju generala na \u010delu vojske u BiH\",\"datePublished\":\"2022-07-25T10:32:49+00:00\",\"dateModified\":\"2022-07-25T10:32:50+00:00\",\"mainEntityOfPage\":{\"@id\":\"https:\\\/\\\/radioljubuski.ba\\\/index.php\\\/2022\\\/07\\\/25\\\/nato-trazi-rotaciju-generala-na-celu-vojske-u-bih\\\/\"},\"wordCount\":693,\"publisher\":{\"@id\":\"https:\\\/\\\/radioljubuski.ba\\\/#organization\"},\"image\":{\"@id\":\"https:\\\/\\\/radioljubuski.ba\\\/index.php\\\/2022\\\/07\\\/25\\\/nato-trazi-rotaciju-generala-na-celu-vojske-u-bih\\\/#primaryimage\"},\"thumbnailUrl\":\"https:\\\/\\\/radioljubuski.ba\\\/wp-content\\\/uploads\\\/2022\\\/07\\\/33-2.jpg\",\"articleSection\":[\"BIH i regija\"],\"inLanguage\":\"hr\"},{\"@type\":\"WebPage\",\"@id\":\"https:\\\/\\\/radioljubuski.ba\\\/index.php\\\/2022\\\/07\\\/25\\\/nato-trazi-rotaciju-generala-na-celu-vojske-u-bih\\\/\",\"url\":\"https:\\\/\\\/radioljubuski.ba\\\/index.php\\\/2022\\\/07\\\/25\\\/nato-trazi-rotaciju-generala-na-celu-vojske-u-bih\\\/\",\"name\":\"NATO tra\u017ei rotaciju generala na \u010delu vojske u BiH - RADIO LJUBU\u0160KI\",\"isPartOf\":{\"@id\":\"https:\\\/\\\/radioljubuski.ba\\\/#website\"},\"primaryImageOfPage\":{\"@id\":\"https:\\\/\\\/radioljubuski.ba\\\/index.php\\\/2022\\\/07\\\/25\\\/nato-trazi-rotaciju-generala-na-celu-vojske-u-bih\\\/#primaryimage\"},\"image\":{\"@id\":\"https:\\\/\\\/radioljubuski.ba\\\/index.php\\\/2022\\\/07\\\/25\\\/nato-trazi-rotaciju-generala-na-celu-vojske-u-bih\\\/#primaryimage\"},\"thumbnailUrl\":\"https:\\\/\\\/radioljubuski.ba\\\/wp-content\\\/uploads\\\/2022\\\/07\\\/33-2.jpg\",\"datePublished\":\"2022-07-25T10:32:49+00:00\",\"dateModified\":\"2022-07-25T10:32:50+00:00\",\"breadcrumb\":{\"@id\":\"https:\\\/\\\/radioljubuski.ba\\\/index.php\\\/2022\\\/07\\\/25\\\/nato-trazi-rotaciju-generala-na-celu-vojske-u-bih\\\/#breadcrumb\"},\"inLanguage\":\"hr\",\"potentialAction\":[{\"@type\":\"ReadAction\",\"target\":[\"https:\\\/\\\/radioljubuski.ba\\\/index.php\\\/2022\\\/07\\\/25\\\/nato-trazi-rotaciju-generala-na-celu-vojske-u-bih\\\/\"]}]},{\"@type\":\"ImageObject\",\"inLanguage\":\"hr\",\"@id\":\"https:\\\/\\\/radioljubuski.ba\\\/index.php\\\/2022\\\/07\\\/25\\\/nato-trazi-rotaciju-generala-na-celu-vojske-u-bih\\\/#primaryimage\",\"url\":\"https:\\\/\\\/radioljubuski.ba\\\/wp-content\\\/uploads\\\/2022\\\/07\\\/33-2.jpg\",\"contentUrl\":\"https:\\\/\\\/radioljubuski.ba\\\/wp-content\\\/uploads\\\/2022\\\/07\\\/33-2.jpg\",\"width\":612,\"height\":408},{\"@type\":\"BreadcrumbList\",\"@id\":\"https:\\\/\\\/radioljubuski.ba\\\/index.php\\\/2022\\\/07\\\/25\\\/nato-trazi-rotaciju-generala-na-celu-vojske-u-bih\\\/#breadcrumb\",\"itemListElement\":[{\"@type\":\"ListItem\",\"position\":1,\"name\":\"Po\u010detna stranica\",\"item\":\"https:\\\/\\\/radioljubuski.ba\\\/\"},{\"@type\":\"ListItem\",\"position\":2,\"name\":\"NATO tra\u017ei rotaciju generala na \u010delu vojske u BiH\"}]},{\"@type\":\"WebSite\",\"@id\":\"https:\\\/\\\/radioljubuski.ba\\\/#website\",\"url\":\"https:\\\/\\\/radioljubuski.ba\\\/\",\"name\":\"Radio Ljubu\u0161ki\",\"description\":\"Sun\u010dana frekvencija Hercegovine\",\"publisher\":{\"@id\":\"https:\\\/\\\/radioljubuski.ba\\\/#organization\"},\"potentialAction\":[{\"@type\":\"SearchAction\",\"target\":{\"@type\":\"EntryPoint\",\"urlTemplate\":\"https:\\\/\\\/radioljubuski.ba\\\/?s={search_term_string}\"},\"query-input\":{\"@type\":\"PropertyValueSpecification\",\"valueRequired\":true,\"valueName\":\"search_term_string\"}}],\"inLanguage\":\"hr\"},{\"@type\":\"Organization\",\"@id\":\"https:\\\/\\\/radioljubuski.ba\\\/#organization\",\"name\":\"Radio Ljubu\u0161ki\",\"url\":\"https:\\\/\\\/radioljubuski.ba\\\/\",\"logo\":{\"@type\":\"ImageObject\",\"inLanguage\":\"hr\",\"@id\":\"https:\\\/\\\/radioljubuski.ba\\\/#\\\/schema\\\/logo\\\/image\\\/\",\"url\":\"https:\\\/\\\/radioljubuski.ba\\\/wp-content\\\/uploads\\\/2021\\\/02\\\/cropped-Radio_Ljubuski_logo1.jpg\",\"contentUrl\":\"https:\\\/\\\/radioljubuski.ba\\\/wp-content\\\/uploads\\\/2021\\\/02\\\/cropped-Radio_Ljubuski_logo1.jpg\",\"width\":512,\"height\":512,\"caption\":\"Radio Ljubu\u0161ki\"},\"image\":{\"@id\":\"https:\\\/\\\/radioljubuski.ba\\\/#\\\/schema\\\/logo\\\/image\\\/\"},\"sameAs\":[\"https:\\\/\\\/www.facebook.com\\\/Radiio-Ljubuski-1490835324566332\",\"https:\\\/\\\/x.com\\\/radioljubuski\",\"https:\\\/\\\/hr.linkedin.com\\\/company\\\/radio-ljubuski\",\"https:\\\/\\\/www.youtube.com\\\/channel\\\/UCHYaeO_n0Db3tjNGudGpXyw\"]},{\"@type\":\"Person\",\"@id\":\"https:\\\/\\\/radioljubuski.ba\\\/#\\\/schema\\\/person\\\/19fc700381a780f69665d7956c469e3b\",\"name\":\"Radio Ljubu\u0161ki\"}]}<\/script>\n<!-- \/ Yoast SEO plugin. -->","yoast_head_json":{"title":"NATO tra\u017ei rotaciju generala na \u010delu vojske u BiH - RADIO LJUBU\u0160KI","robots":{"index":"index","follow":"follow","max-snippet":"max-snippet:-1","max-image-preview":"max-image-preview:large","max-video-preview":"max-video-preview:-1"},"canonical":"https:\/\/radioljubuski.ba\/index.php\/2022\/07\/25\/nato-trazi-rotaciju-generala-na-celu-vojske-u-bih\/","og_locale":"hr_HR","og_type":"article","og_title":"NATO tra\u017ei rotaciju generala na \u010delu vojske u BiH - RADIO LJUBU\u0160KI","og_description":"Jo\u0161 po\u010detkom o\u017eujka istekao je mandat na\u010delniku Zajedni\u010dkog zapovjedni\u0161tva Oru\u017eanih snaga Bosne i Hercegovine general-pukovniku Senadu Ma\u0161ovi\u0107u te njegovoj dvojici zamjenika general-bojnicima Ivici Jerki\u0107u i Gojku Kne\u017eevi\u0107u, pi\u0161e Ve\u010dernji list BiH. No iz nepoznatih razloga Predsjedni\u0161tvo Bosne i Hercegovine jo\u0161 uvijek nije pokrenulo postupak imenovanja novog zapovjedni\u0161tva, ali i popune generalskoga kora zbog odlaska u [&hellip;]","og_url":"https:\/\/radioljubuski.ba\/index.php\/2022\/07\/25\/nato-trazi-rotaciju-generala-na-celu-vojske-u-bih\/","og_site_name":"RADIO LJUBU\u0160KI","article_publisher":"https:\/\/www.facebook.com\/Radiio-Ljubuski-1490835324566332","article_published_time":"2022-07-25T10:32:49+00:00","article_modified_time":"2022-07-25T10:32:50+00:00","og_image":[{"width":612,"height":408,"url":"https:\/\/radioljubuski.ba\/wp-content\/uploads\/2022\/07\/33-2.jpg","type":"image\/jpeg"}],"author":"Radio Ljubu\u0161ki","twitter_card":"summary_large_image","twitter_creator":"@radioljubuski","twitter_site":"@radioljubuski","twitter_misc":{"Napisao\/la":"Radio Ljubu\u0161ki","Procijenjeno vrijeme \u010ditanja":"3 minute"},"schema":{"@context":"https:\/\/schema.org","@graph":[{"@type":"Article","@id":"https:\/\/radioljubuski.ba\/index.php\/2022\/07\/25\/nato-trazi-rotaciju-generala-na-celu-vojske-u-bih\/#article","isPartOf":{"@id":"https:\/\/radioljubuski.ba\/index.php\/2022\/07\/25\/nato-trazi-rotaciju-generala-na-celu-vojske-u-bih\/"},"author":{"name":"Radio Ljubu\u0161ki","@id":"https:\/\/radioljubuski.ba\/#\/schema\/person\/19fc700381a780f69665d7956c469e3b"},"headline":"NATO tra\u017ei rotaciju generala na \u010delu vojske u BiH","datePublished":"2022-07-25T10:32:49+00:00","dateModified":"2022-07-25T10:32:50+00:00","mainEntityOfPage":{"@id":"https:\/\/radioljubuski.ba\/index.php\/2022\/07\/25\/nato-trazi-rotaciju-generala-na-celu-vojske-u-bih\/"},"wordCount":693,"publisher":{"@id":"https:\/\/radioljubuski.ba\/#organization"},"image":{"@id":"https:\/\/radioljubuski.ba\/index.php\/2022\/07\/25\/nato-trazi-rotaciju-generala-na-celu-vojske-u-bih\/#primaryimage"},"thumbnailUrl":"https:\/\/radioljubuski.ba\/wp-content\/uploads\/2022\/07\/33-2.jpg","articleSection":["BIH i regija"],"inLanguage":"hr"},{"@type":"WebPage","@id":"https:\/\/radioljubuski.ba\/index.php\/2022\/07\/25\/nato-trazi-rotaciju-generala-na-celu-vojske-u-bih\/","url":"https:\/\/radioljubuski.ba\/index.php\/2022\/07\/25\/nato-trazi-rotaciju-generala-na-celu-vojske-u-bih\/","name":"NATO tra\u017ei rotaciju generala na \u010delu vojske u BiH - RADIO LJUBU\u0160KI","isPartOf":{"@id":"https:\/\/radioljubuski.ba\/#website"},"primaryImageOfPage":{"@id":"https:\/\/radioljubuski.ba\/index.php\/2022\/07\/25\/nato-trazi-rotaciju-generala-na-celu-vojske-u-bih\/#primaryimage"},"image":{"@id":"https:\/\/radioljubuski.ba\/index.php\/2022\/07\/25\/nato-trazi-rotaciju-generala-na-celu-vojske-u-bih\/#primaryimage"},"thumbnailUrl":"https:\/\/radioljubuski.ba\/wp-content\/uploads\/2022\/07\/33-2.jpg","datePublished":"2022-07-25T10:32:49+00:00","dateModified":"2022-07-25T10:32:50+00:00","breadcrumb":{"@id":"https:\/\/radioljubuski.ba\/index.php\/2022\/07\/25\/nato-trazi-rotaciju-generala-na-celu-vojske-u-bih\/#breadcrumb"},"inLanguage":"hr","potentialAction":[{"@type":"ReadAction","target":["https:\/\/radioljubuski.ba\/index.php\/2022\/07\/25\/nato-trazi-rotaciju-generala-na-celu-vojske-u-bih\/"]}]},{"@type":"ImageObject","inLanguage":"hr","@id":"https:\/\/radioljubuski.ba\/index.php\/2022\/07\/25\/nato-trazi-rotaciju-generala-na-celu-vojske-u-bih\/#primaryimage","url":"https:\/\/radioljubuski.ba\/wp-content\/uploads\/2022\/07\/33-2.jpg","contentUrl":"https:\/\/radioljubuski.ba\/wp-content\/uploads\/2022\/07\/33-2.jpg","width":612,"height":408},{"@type":"BreadcrumbList","@id":"https:\/\/radioljubuski.ba\/index.php\/2022\/07\/25\/nato-trazi-rotaciju-generala-na-celu-vojske-u-bih\/#breadcrumb","itemListElement":[{"@type":"ListItem","position":1,"name":"Po\u010detna stranica","item":"https:\/\/radioljubuski.ba\/"},{"@type":"ListItem","position":2,"name":"NATO tra\u017ei rotaciju generala na \u010delu vojske u BiH"}]},{"@type":"WebSite","@id":"https:\/\/radioljubuski.ba\/#website","url":"https:\/\/radioljubuski.ba\/","name":"Radio Ljubu\u0161ki","description":"Sun\u010dana frekvencija Hercegovine","publisher":{"@id":"https:\/\/radioljubuski.ba\/#organization"},"potentialAction":[{"@type":"SearchAction","target":{"@type":"EntryPoint","urlTemplate":"https:\/\/radioljubuski.ba\/?s={search_term_string}"},"query-input":{"@type":"PropertyValueSpecification","valueRequired":true,"valueName":"search_term_string"}}],"inLanguage":"hr"},{"@type":"Organization","@id":"https:\/\/radioljubuski.ba\/#organization","name":"Radio Ljubu\u0161ki","url":"https:\/\/radioljubuski.ba\/","logo":{"@type":"ImageObject","inLanguage":"hr","@id":"https:\/\/radioljubuski.ba\/#\/schema\/logo\/image\/","url":"https:\/\/radioljubuski.ba\/wp-content\/uploads\/2021\/02\/cropped-Radio_Ljubuski_logo1.jpg","contentUrl":"https:\/\/radioljubuski.ba\/wp-content\/uploads\/2021\/02\/cropped-Radio_Ljubuski_logo1.jpg","width":512,"height":512,"caption":"Radio Ljubu\u0161ki"},"image":{"@id":"https:\/\/radioljubuski.ba\/#\/schema\/logo\/image\/"},"sameAs":["https:\/\/www.facebook.com\/Radiio-Ljubuski-1490835324566332","https:\/\/x.com\/radioljubuski","https:\/\/hr.linkedin.com\/company\/radio-ljubuski","https:\/\/www.youtube.com\/channel\/UCHYaeO_n0Db3tjNGudGpXyw"]},{"@type":"Person","@id":"https:\/\/radioljubuski.ba\/#\/schema\/person\/19fc700381a780f69665d7956c469e3b","name":"Radio Ljubu\u0161ki"}]}},"_links":{"self":[{"href":"https:\/\/radioljubuski.ba\/index.php\/wp-json\/wp\/v2\/posts\/163206","targetHints":{"allow":["GET"]}}],"collection":[{"href":"https:\/\/radioljubuski.ba\/index.php\/wp-json\/wp\/v2\/posts"}],"about":[{"href":"https:\/\/radioljubuski.ba\/index.php\/wp-json\/wp\/v2\/types\/post"}],"author":[{"embeddable":true,"href":"https:\/\/radioljubuski.ba\/index.php\/wp-json\/wp\/v2\/users\/2"}],"replies":[{"embeddable":true,"href":"https:\/\/radioljubuski.ba\/index.php\/wp-json\/wp\/v2\/comments?post=163206"}],"version-history":[{"count":1,"href":"https:\/\/radioljubuski.ba\/index.php\/wp-json\/wp\/v2\/posts\/163206\/revisions"}],"predecessor-version":[{"id":163208,"href":"https:\/\/radioljubuski.ba\/index.php\/wp-json\/wp\/v2\/posts\/163206\/revisions\/163208"}],"wp:featuredmedia":[{"embeddable":true,"href":"https:\/\/radioljubuski.ba\/index.php\/wp-json\/wp\/v2\/media\/163207"}],"wp:attachment":[{"href":"https:\/\/radioljubuski.ba\/index.php\/wp-json\/wp\/v2\/media?parent=163206"}],"wp:term":[{"taxonomy":"category","embeddable":true,"href":"https:\/\/radioljubuski.ba\/index.php\/wp-json\/wp\/v2\/categories?post=163206"},{"taxonomy":"post_tag","embeddable":true,"href":"https:\/\/radioljubuski.ba\/index.php\/wp-json\/wp\/v2\/tags?post=163206"}],"curies":[{"name":"wp","href":"https:\/\/api.w.org\/{rel}","templated":true}]}}