{"id":163214,"date":"2022-07-25T11:35:31","date_gmt":"2022-07-25T10:35:31","guid":{"rendered":"https:\/\/radioljubuski.ba\/?p=163214"},"modified":"2022-07-25T11:35:32","modified_gmt":"2022-07-25T10:35:32","slug":"kozul-ima-li-trenutno-ista-licemjernije-od-brige-probosanske-politicke-i-medijske-masinerije-za-hrvate","status":"publish","type":"post","link":"https:\/\/radioljubuski.ba\/index.php\/2022\/07\/25\/kozul-ima-li-trenutno-ista-licemjernije-od-brige-probosanske-politicke-i-medijske-masinerije-za-hrvate\/","title":{"rendered":"Ko\u017eul: Ima li trenutno i\u0161ta licemjernije od brige \u201cprobosanske\u201d politi\u010dke i medijske ma\u0161inerije za Hrvate?"},"content":{"rendered":"\n<p><strong>SDP BiH, stranka koja je u dva navrata formirala vlast u Federaciji BiH bez predstavnika Hrvata, Demokratska fronta, protuhrvatskog i protuustavnog \u010dlana Predsjedni\u0161tva BiH \u017deljka Kom\u0161i\u0107a te Dervo Sejdi\u0107 pozvali su \u201cgra\u0111ane i gra\u0111anke BiH\u201d na prosvjed ispred ureda visokog predstavnika Christiana Schmidta u Sarajevu, ve\u010deras u 19 sati, javlja Hrvatski Medijski Servis.<\/strong><\/p>\n\n\n\n<p>Njihove proglase na udarnim mjestima naslovnica odmah su objavili gotovo svi sarajevski mediji.<\/p>\n\n\n\n<p>\u201cPozivamo sve stanovnike Bosne i Hercegovine koji vole svoju domovinu, jedinstvenu, multietni\u010dku, nedjeljivu i suverenu, a koji u planiranom nametanju odluke visokog predstavnika prepoznaju prijetnju opstanku takve Bosne i Hercegovine da nam se pridru\u017ee\u201d, poru\u010dili su iz SDP-a BiH.<\/p>\n\n\n\n<p>Pozivu se uskoro pridru\u017eila i Kom\u0161i\u0107eva stranka. \u201cDemokratska fronta pridru\u017euje se pozivima Derve Sejdi\u0107a i SDP-a gra\u0111anima, i tako\u0111er poziva na mirne prosvjede povodom namjere Visokog predstavnika u BiH da nametne \u201cdiskriminiraju\u0107e, anticivilizacijske i rasisti\u010dke izmjene Izbornog zakona BiH\u201d.<\/p>\n\n\n\n<p><strong>Vedran Ko\u017eul: La\u017ene informacije, potpuno iskrivljivanje stvarnosti<\/strong><\/p>\n\n\n\n<p>Komentar na najavu navedenih prosvjeda, ali i \u010ditave histerije koja vlada u medijima pod izravnom ili neizravnom kontrolom \u201cprobosanske\u201d, to jest bo\u0161nja\u010dke politike, za portal <a href=\"https:\/\/www.vrisak.info\/kolumne\/uoci-prosvjeda-u-sarajevu-ima-li-trenutno-ista-licemjernije-od-brige-probosanske-politicke-i-medijske-masinerije-za-hrvate\/\">Vrisak.info<\/a> dao je politolog Vedran Ko\u017eul.<\/p>\n\n\n\n<p>\u201cIma li u ovom trenutku i\u0161ta licemjernije od brige \u201cprobosanske\u201d politi\u010dke i medijske ma\u0161inerije za Hrvate? Naravno da nema. La\u017ene informacije, potpuno iskrivljivanje stvarnosti, la\u017ena i licemjerna briga za Hrvate u dijelovima Bosne i Hercegovine u kojima su manjina ili ih gotovo i nema, sve nam se to servira u sklopu dobro smi\u0161ljene medijske operacije.<\/p>\n\n\n\n<p>Brinu se kao, kako \u0107e netko oduzeti pravo glasa Hrvatima u Sarajevu, Gora\u017edu, Biha\u0107u\u2026 Pri tom notorno la\u017eu, jer se pravo glasa, a i kandidiranja, nikome ne\u0107e oduzeti ukoliko stupe na snagu izmjene Izbornog zakona BiH od strane Visokog predstavnika o kojima ovih dana \u010ditamo u medijima.<\/p>\n\n\n\n<p>Bo\u0161njak, Srbin, Hrvat i svaki ostali gra\u0111anin BiH imao bi i dalje mogu\u0107nost biti izabran u Dom naroda Parlamenta Federacije BiH iz svih deset \u017eupanija u FBiH. I to je prava istina! Isto kao \u0161to je istina i realnost kako bi i po takvom Izbornom zakonu Bo\u0161njaci, kao i do sada, mogli nastaviti birati hrvatskog \u010dlana Predsjedni\u0161tva BiH. U taj \u201cosinjak\u201d Schmidt nije ni poku\u0161ao dirati.<\/p>\n\n\n\n<p>Ta njihova briga za Hrvate je jako \u010dudna. U vi\u0161e navrata, i u ovom mjesecu, uni\u0161tavala se zastava hrvatskog naroda kod Te\u0161nja. Nadalje, \u0161to je jo\u0161 stra\u0161nije, napadnuta je hrvatska obitelj, po cesti im je iscrtavana prijete\u0107a poruka\u2026 Ali, o tom niste mogli pro\u010ditati ni\u0161ta u tim \u201cprobosanskim\u201d medijima iz Sarajeva \u2013 grada u kojem je i spomenik braniteljima iz HVO-a morao biti onakav kakvog ga ve\u0107ina nametne, a ne onakav kakvim bi ga Hrvati i branitelji tog istog Sarajeva \u017eeljeli.<\/p>\n\n\n\n<p>Hrvatima se name\u0107u politi\u010dki predstavnici, u sredinama gdje su u manjini name\u0107e im se bosanski jezik. Sutra bi nam nametnuli i nacionalnost ili bi je jednostavno izbrisali, \u010dim bi im se ukazala prilika\u201d, zaklju\u010dio je Ko\u017eul u komentaru za <a href=\"https:\/\/www.vrisak.info\/kolumne\/uoci-prosvjeda-u-sarajevu-ima-li-trenutno-ista-licemjernije-od-brige-probosanske-politicke-i-medijske-masinerije-za-hrvate\/\">Vrisak.info<\/a>.<\/p>\n\n\n\n<p>\/HMS\/<\/p>\n","protected":false},"excerpt":{"rendered":"<p>SDP BiH, stranka koja je u dva navrata formirala vlast u Federaciji BiH bez predstavnika Hrvata, Demokratska fronta, protuhrvatskog i protuustavnog \u010dlana Predsjedni\u0161tva BiH \u017deljka Kom\u0161i\u0107a te Dervo Sejdi\u0107 pozvali su \u201cgra\u0111ane i gra\u0111anke BiH\u201d na prosvjed ispred ureda visokog predstavnika Christiana Schmidta u Sarajevu, ve\u010deras u 19 sati, javlja Hrvatski Medijski Servis. Njihove proglase [&hellip;]<\/p>\n","protected":false},"author":2,"featured_media":163215,"comment_status":"closed","ping_status":"closed","sticky":false,"template":"","format":"standard","meta":{"h5ap_radio_sources":[],"footnotes":""},"categories":[1],"tags":[],"class_list":["post-163214","post","type-post","status-publish","format-standard","has-post-thumbnail","hentry","category-bihiregija"],"yoast_head":"<!-- This site is optimized with the Yoast SEO plugin v27.5 - https:\/\/yoast.com\/product\/yoast-seo-wordpress\/ -->\n<title>Ko\u017eul: Ima li trenutno i\u0161ta licemjernije od brige \u201cprobosanske\u201d politi\u010dke i medijske ma\u0161inerije za Hrvate? - RADIO LJUBU\u0160KI<\/title>\n<meta name=\"robots\" content=\"index, follow, max-snippet:-1, max-image-preview:large, max-video-preview:-1\" \/>\n<link rel=\"canonical\" href=\"https:\/\/radioljubuski.ba\/index.php\/2022\/07\/25\/kozul-ima-li-trenutno-ista-licemjernije-od-brige-probosanske-politicke-i-medijske-masinerije-za-hrvate\/\" \/>\n<meta property=\"og:locale\" content=\"hr_HR\" \/>\n<meta property=\"og:type\" content=\"article\" \/>\n<meta property=\"og:title\" content=\"Ko\u017eul: Ima li trenutno i\u0161ta licemjernije od brige \u201cprobosanske\u201d politi\u010dke i medijske ma\u0161inerije za Hrvate? - RADIO LJUBU\u0160KI\" \/>\n<meta property=\"og:description\" content=\"SDP BiH, stranka koja je u dva navrata formirala vlast u Federaciji BiH bez predstavnika Hrvata, Demokratska fronta, protuhrvatskog i protuustavnog \u010dlana Predsjedni\u0161tva BiH \u017deljka Kom\u0161i\u0107a te Dervo Sejdi\u0107 pozvali su \u201cgra\u0111ane i gra\u0111anke BiH\u201d na prosvjed ispred ureda visokog predstavnika Christiana Schmidta u Sarajevu, ve\u010deras u 19 sati, javlja Hrvatski Medijski Servis. Njihove proglase [&hellip;]\" \/>\n<meta property=\"og:url\" content=\"https:\/\/radioljubuski.ba\/index.php\/2022\/07\/25\/kozul-ima-li-trenutno-ista-licemjernije-od-brige-probosanske-politicke-i-medijske-masinerije-za-hrvate\/\" \/>\n<meta property=\"og:site_name\" content=\"RADIO LJUBU\u0160KI\" \/>\n<meta property=\"article:publisher\" content=\"https:\/\/www.facebook.com\/Radiio-Ljubuski-1490835324566332\" \/>\n<meta property=\"article:published_time\" content=\"2022-07-25T10:35:31+00:00\" \/>\n<meta property=\"article:modified_time\" content=\"2022-07-25T10:35:32+00:00\" \/>\n<meta property=\"og:image\" content=\"https:\/\/radioljubuski.ba\/wp-content\/uploads\/2022\/07\/vedran-kozul-ozujak2021-1.jpg\" \/>\n\t<meta property=\"og:image:width\" content=\"1000\" \/>\n\t<meta property=\"og:image:height\" content=\"667\" \/>\n\t<meta property=\"og:image:type\" content=\"image\/jpeg\" \/>\n<meta name=\"author\" content=\"Radio Ljubu\u0161ki\" \/>\n<meta name=\"twitter:card\" content=\"summary_large_image\" \/>\n<meta name=\"twitter:creator\" content=\"@radioljubuski\" \/>\n<meta name=\"twitter:site\" content=\"@radioljubuski\" \/>\n<meta name=\"twitter:label1\" content=\"Napisao\/la\" \/>\n\t<meta name=\"twitter:data1\" content=\"Radio Ljubu\u0161ki\" \/>\n\t<meta name=\"twitter:label2\" content=\"Procijenjeno vrijeme \u010ditanja\" \/>\n\t<meta name=\"twitter:data2\" content=\"3 minute\" \/>\n<script type=\"application\/ld+json\" class=\"yoast-schema-graph\">{\"@context\":\"https:\\\/\\\/schema.org\",\"@graph\":[{\"@type\":\"Article\",\"@id\":\"https:\\\/\\\/radioljubuski.ba\\\/index.php\\\/2022\\\/07\\\/25\\\/kozul-ima-li-trenutno-ista-licemjernije-od-brige-probosanske-politicke-i-medijske-masinerije-za-hrvate\\\/#article\",\"isPartOf\":{\"@id\":\"https:\\\/\\\/radioljubuski.ba\\\/index.php\\\/2022\\\/07\\\/25\\\/kozul-ima-li-trenutno-ista-licemjernije-od-brige-probosanske-politicke-i-medijske-masinerije-za-hrvate\\\/\"},\"author\":{\"name\":\"Radio Ljubu\u0161ki\",\"@id\":\"https:\\\/\\\/radioljubuski.ba\\\/#\\\/schema\\\/person\\\/19fc700381a780f69665d7956c469e3b\"},\"headline\":\"Ko\u017eul: Ima li trenutno i\u0161ta licemjernije od brige \u201cprobosanske\u201d politi\u010dke i medijske ma\u0161inerije za Hrvate?\",\"datePublished\":\"2022-07-25T10:35:31+00:00\",\"dateModified\":\"2022-07-25T10:35:32+00:00\",\"mainEntityOfPage\":{\"@id\":\"https:\\\/\\\/radioljubuski.ba\\\/index.php\\\/2022\\\/07\\\/25\\\/kozul-ima-li-trenutno-ista-licemjernije-od-brige-probosanske-politicke-i-medijske-masinerije-za-hrvate\\\/\"},\"wordCount\":543,\"publisher\":{\"@id\":\"https:\\\/\\\/radioljubuski.ba\\\/#organization\"},\"image\":{\"@id\":\"https:\\\/\\\/radioljubuski.ba\\\/index.php\\\/2022\\\/07\\\/25\\\/kozul-ima-li-trenutno-ista-licemjernije-od-brige-probosanske-politicke-i-medijske-masinerije-za-hrvate\\\/#primaryimage\"},\"thumbnailUrl\":\"https:\\\/\\\/radioljubuski.ba\\\/wp-content\\\/uploads\\\/2022\\\/07\\\/vedran-kozul-ozujak2021-1.jpg\",\"articleSection\":[\"BIH i regija\"],\"inLanguage\":\"hr\"},{\"@type\":\"WebPage\",\"@id\":\"https:\\\/\\\/radioljubuski.ba\\\/index.php\\\/2022\\\/07\\\/25\\\/kozul-ima-li-trenutno-ista-licemjernije-od-brige-probosanske-politicke-i-medijske-masinerije-za-hrvate\\\/\",\"url\":\"https:\\\/\\\/radioljubuski.ba\\\/index.php\\\/2022\\\/07\\\/25\\\/kozul-ima-li-trenutno-ista-licemjernije-od-brige-probosanske-politicke-i-medijske-masinerije-za-hrvate\\\/\",\"name\":\"Ko\u017eul: Ima li trenutno i\u0161ta licemjernije od brige \u201cprobosanske\u201d politi\u010dke i medijske ma\u0161inerije za Hrvate? - RADIO LJUBU\u0160KI\",\"isPartOf\":{\"@id\":\"https:\\\/\\\/radioljubuski.ba\\\/#website\"},\"primaryImageOfPage\":{\"@id\":\"https:\\\/\\\/radioljubuski.ba\\\/index.php\\\/2022\\\/07\\\/25\\\/kozul-ima-li-trenutno-ista-licemjernije-od-brige-probosanske-politicke-i-medijske-masinerije-za-hrvate\\\/#primaryimage\"},\"image\":{\"@id\":\"https:\\\/\\\/radioljubuski.ba\\\/index.php\\\/2022\\\/07\\\/25\\\/kozul-ima-li-trenutno-ista-licemjernije-od-brige-probosanske-politicke-i-medijske-masinerije-za-hrvate\\\/#primaryimage\"},\"thumbnailUrl\":\"https:\\\/\\\/radioljubuski.ba\\\/wp-content\\\/uploads\\\/2022\\\/07\\\/vedran-kozul-ozujak2021-1.jpg\",\"datePublished\":\"2022-07-25T10:35:31+00:00\",\"dateModified\":\"2022-07-25T10:35:32+00:00\",\"breadcrumb\":{\"@id\":\"https:\\\/\\\/radioljubuski.ba\\\/index.php\\\/2022\\\/07\\\/25\\\/kozul-ima-li-trenutno-ista-licemjernije-od-brige-probosanske-politicke-i-medijske-masinerije-za-hrvate\\\/#breadcrumb\"},\"inLanguage\":\"hr\",\"potentialAction\":[{\"@type\":\"ReadAction\",\"target\":[\"https:\\\/\\\/radioljubuski.ba\\\/index.php\\\/2022\\\/07\\\/25\\\/kozul-ima-li-trenutno-ista-licemjernije-od-brige-probosanske-politicke-i-medijske-masinerije-za-hrvate\\\/\"]}]},{\"@type\":\"ImageObject\",\"inLanguage\":\"hr\",\"@id\":\"https:\\\/\\\/radioljubuski.ba\\\/index.php\\\/2022\\\/07\\\/25\\\/kozul-ima-li-trenutno-ista-licemjernije-od-brige-probosanske-politicke-i-medijske-masinerije-za-hrvate\\\/#primaryimage\",\"url\":\"https:\\\/\\\/radioljubuski.ba\\\/wp-content\\\/uploads\\\/2022\\\/07\\\/vedran-kozul-ozujak2021-1.jpg\",\"contentUrl\":\"https:\\\/\\\/radioljubuski.ba\\\/wp-content\\\/uploads\\\/2022\\\/07\\\/vedran-kozul-ozujak2021-1.jpg\",\"width\":1000,\"height\":667},{\"@type\":\"BreadcrumbList\",\"@id\":\"https:\\\/\\\/radioljubuski.ba\\\/index.php\\\/2022\\\/07\\\/25\\\/kozul-ima-li-trenutno-ista-licemjernije-od-brige-probosanske-politicke-i-medijske-masinerije-za-hrvate\\\/#breadcrumb\",\"itemListElement\":[{\"@type\":\"ListItem\",\"position\":1,\"name\":\"Po\u010detna stranica\",\"item\":\"https:\\\/\\\/radioljubuski.ba\\\/\"},{\"@type\":\"ListItem\",\"position\":2,\"name\":\"Ko\u017eul: Ima li trenutno i\u0161ta licemjernije od brige \u201cprobosanske\u201d politi\u010dke i medijske ma\u0161inerije za Hrvate?\"}]},{\"@type\":\"WebSite\",\"@id\":\"https:\\\/\\\/radioljubuski.ba\\\/#website\",\"url\":\"https:\\\/\\\/radioljubuski.ba\\\/\",\"name\":\"Radio Ljubu\u0161ki\",\"description\":\"Sun\u010dana frekvencija Hercegovine\",\"publisher\":{\"@id\":\"https:\\\/\\\/radioljubuski.ba\\\/#organization\"},\"potentialAction\":[{\"@type\":\"SearchAction\",\"target\":{\"@type\":\"EntryPoint\",\"urlTemplate\":\"https:\\\/\\\/radioljubuski.ba\\\/?s={search_term_string}\"},\"query-input\":{\"@type\":\"PropertyValueSpecification\",\"valueRequired\":true,\"valueName\":\"search_term_string\"}}],\"inLanguage\":\"hr\"},{\"@type\":\"Organization\",\"@id\":\"https:\\\/\\\/radioljubuski.ba\\\/#organization\",\"name\":\"Radio Ljubu\u0161ki\",\"url\":\"https:\\\/\\\/radioljubuski.ba\\\/\",\"logo\":{\"@type\":\"ImageObject\",\"inLanguage\":\"hr\",\"@id\":\"https:\\\/\\\/radioljubuski.ba\\\/#\\\/schema\\\/logo\\\/image\\\/\",\"url\":\"https:\\\/\\\/radioljubuski.ba\\\/wp-content\\\/uploads\\\/2021\\\/02\\\/cropped-Radio_Ljubuski_logo1.jpg\",\"contentUrl\":\"https:\\\/\\\/radioljubuski.ba\\\/wp-content\\\/uploads\\\/2021\\\/02\\\/cropped-Radio_Ljubuski_logo1.jpg\",\"width\":512,\"height\":512,\"caption\":\"Radio Ljubu\u0161ki\"},\"image\":{\"@id\":\"https:\\\/\\\/radioljubuski.ba\\\/#\\\/schema\\\/logo\\\/image\\\/\"},\"sameAs\":[\"https:\\\/\\\/www.facebook.com\\\/Radiio-Ljubuski-1490835324566332\",\"https:\\\/\\\/x.com\\\/radioljubuski\",\"https:\\\/\\\/hr.linkedin.com\\\/company\\\/radio-ljubuski\",\"https:\\\/\\\/www.youtube.com\\\/channel\\\/UCHYaeO_n0Db3tjNGudGpXyw\"]},{\"@type\":\"Person\",\"@id\":\"https:\\\/\\\/radioljubuski.ba\\\/#\\\/schema\\\/person\\\/19fc700381a780f69665d7956c469e3b\",\"name\":\"Radio Ljubu\u0161ki\"}]}<\/script>\n<!-- \/ Yoast SEO plugin. -->","yoast_head_json":{"title":"Ko\u017eul: Ima li trenutno i\u0161ta licemjernije od brige \u201cprobosanske\u201d politi\u010dke i medijske ma\u0161inerije za Hrvate? - RADIO LJUBU\u0160KI","robots":{"index":"index","follow":"follow","max-snippet":"max-snippet:-1","max-image-preview":"max-image-preview:large","max-video-preview":"max-video-preview:-1"},"canonical":"https:\/\/radioljubuski.ba\/index.php\/2022\/07\/25\/kozul-ima-li-trenutno-ista-licemjernije-od-brige-probosanske-politicke-i-medijske-masinerije-za-hrvate\/","og_locale":"hr_HR","og_type":"article","og_title":"Ko\u017eul: Ima li trenutno i\u0161ta licemjernije od brige \u201cprobosanske\u201d politi\u010dke i medijske ma\u0161inerije za Hrvate? - RADIO LJUBU\u0160KI","og_description":"SDP BiH, stranka koja je u dva navrata formirala vlast u Federaciji BiH bez predstavnika Hrvata, Demokratska fronta, protuhrvatskog i protuustavnog \u010dlana Predsjedni\u0161tva BiH \u017deljka Kom\u0161i\u0107a te Dervo Sejdi\u0107 pozvali su \u201cgra\u0111ane i gra\u0111anke BiH\u201d na prosvjed ispred ureda visokog predstavnika Christiana Schmidta u Sarajevu, ve\u010deras u 19 sati, javlja Hrvatski Medijski Servis. Njihove proglase [&hellip;]","og_url":"https:\/\/radioljubuski.ba\/index.php\/2022\/07\/25\/kozul-ima-li-trenutno-ista-licemjernije-od-brige-probosanske-politicke-i-medijske-masinerije-za-hrvate\/","og_site_name":"RADIO LJUBU\u0160KI","article_publisher":"https:\/\/www.facebook.com\/Radiio-Ljubuski-1490835324566332","article_published_time":"2022-07-25T10:35:31+00:00","article_modified_time":"2022-07-25T10:35:32+00:00","og_image":[{"width":1000,"height":667,"url":"https:\/\/radioljubuski.ba\/wp-content\/uploads\/2022\/07\/vedran-kozul-ozujak2021-1.jpg","type":"image\/jpeg"}],"author":"Radio Ljubu\u0161ki","twitter_card":"summary_large_image","twitter_creator":"@radioljubuski","twitter_site":"@radioljubuski","twitter_misc":{"Napisao\/la":"Radio Ljubu\u0161ki","Procijenjeno vrijeme \u010ditanja":"3 minute"},"schema":{"@context":"https:\/\/schema.org","@graph":[{"@type":"Article","@id":"https:\/\/radioljubuski.ba\/index.php\/2022\/07\/25\/kozul-ima-li-trenutno-ista-licemjernije-od-brige-probosanske-politicke-i-medijske-masinerije-za-hrvate\/#article","isPartOf":{"@id":"https:\/\/radioljubuski.ba\/index.php\/2022\/07\/25\/kozul-ima-li-trenutno-ista-licemjernije-od-brige-probosanske-politicke-i-medijske-masinerije-za-hrvate\/"},"author":{"name":"Radio Ljubu\u0161ki","@id":"https:\/\/radioljubuski.ba\/#\/schema\/person\/19fc700381a780f69665d7956c469e3b"},"headline":"Ko\u017eul: Ima li trenutno i\u0161ta licemjernije od brige \u201cprobosanske\u201d politi\u010dke i medijske ma\u0161inerije za Hrvate?","datePublished":"2022-07-25T10:35:31+00:00","dateModified":"2022-07-25T10:35:32+00:00","mainEntityOfPage":{"@id":"https:\/\/radioljubuski.ba\/index.php\/2022\/07\/25\/kozul-ima-li-trenutno-ista-licemjernije-od-brige-probosanske-politicke-i-medijske-masinerije-za-hrvate\/"},"wordCount":543,"publisher":{"@id":"https:\/\/radioljubuski.ba\/#organization"},"image":{"@id":"https:\/\/radioljubuski.ba\/index.php\/2022\/07\/25\/kozul-ima-li-trenutno-ista-licemjernije-od-brige-probosanske-politicke-i-medijske-masinerije-za-hrvate\/#primaryimage"},"thumbnailUrl":"https:\/\/radioljubuski.ba\/wp-content\/uploads\/2022\/07\/vedran-kozul-ozujak2021-1.jpg","articleSection":["BIH i regija"],"inLanguage":"hr"},{"@type":"WebPage","@id":"https:\/\/radioljubuski.ba\/index.php\/2022\/07\/25\/kozul-ima-li-trenutno-ista-licemjernije-od-brige-probosanske-politicke-i-medijske-masinerije-za-hrvate\/","url":"https:\/\/radioljubuski.ba\/index.php\/2022\/07\/25\/kozul-ima-li-trenutno-ista-licemjernije-od-brige-probosanske-politicke-i-medijske-masinerije-za-hrvate\/","name":"Ko\u017eul: Ima li trenutno i\u0161ta licemjernije od brige \u201cprobosanske\u201d politi\u010dke i medijske ma\u0161inerije za Hrvate? - RADIO LJUBU\u0160KI","isPartOf":{"@id":"https:\/\/radioljubuski.ba\/#website"},"primaryImageOfPage":{"@id":"https:\/\/radioljubuski.ba\/index.php\/2022\/07\/25\/kozul-ima-li-trenutno-ista-licemjernije-od-brige-probosanske-politicke-i-medijske-masinerije-za-hrvate\/#primaryimage"},"image":{"@id":"https:\/\/radioljubuski.ba\/index.php\/2022\/07\/25\/kozul-ima-li-trenutno-ista-licemjernije-od-brige-probosanske-politicke-i-medijske-masinerije-za-hrvate\/#primaryimage"},"thumbnailUrl":"https:\/\/radioljubuski.ba\/wp-content\/uploads\/2022\/07\/vedran-kozul-ozujak2021-1.jpg","datePublished":"2022-07-25T10:35:31+00:00","dateModified":"2022-07-25T10:35:32+00:00","breadcrumb":{"@id":"https:\/\/radioljubuski.ba\/index.php\/2022\/07\/25\/kozul-ima-li-trenutno-ista-licemjernije-od-brige-probosanske-politicke-i-medijske-masinerije-za-hrvate\/#breadcrumb"},"inLanguage":"hr","potentialAction":[{"@type":"ReadAction","target":["https:\/\/radioljubuski.ba\/index.php\/2022\/07\/25\/kozul-ima-li-trenutno-ista-licemjernije-od-brige-probosanske-politicke-i-medijske-masinerije-za-hrvate\/"]}]},{"@type":"ImageObject","inLanguage":"hr","@id":"https:\/\/radioljubuski.ba\/index.php\/2022\/07\/25\/kozul-ima-li-trenutno-ista-licemjernije-od-brige-probosanske-politicke-i-medijske-masinerije-za-hrvate\/#primaryimage","url":"https:\/\/radioljubuski.ba\/wp-content\/uploads\/2022\/07\/vedran-kozul-ozujak2021-1.jpg","contentUrl":"https:\/\/radioljubuski.ba\/wp-content\/uploads\/2022\/07\/vedran-kozul-ozujak2021-1.jpg","width":1000,"height":667},{"@type":"BreadcrumbList","@id":"https:\/\/radioljubuski.ba\/index.php\/2022\/07\/25\/kozul-ima-li-trenutno-ista-licemjernije-od-brige-probosanske-politicke-i-medijske-masinerije-za-hrvate\/#breadcrumb","itemListElement":[{"@type":"ListItem","position":1,"name":"Po\u010detna stranica","item":"https:\/\/radioljubuski.ba\/"},{"@type":"ListItem","position":2,"name":"Ko\u017eul: Ima li trenutno i\u0161ta licemjernije od brige \u201cprobosanske\u201d politi\u010dke i medijske ma\u0161inerije za Hrvate?"}]},{"@type":"WebSite","@id":"https:\/\/radioljubuski.ba\/#website","url":"https:\/\/radioljubuski.ba\/","name":"Radio Ljubu\u0161ki","description":"Sun\u010dana frekvencija Hercegovine","publisher":{"@id":"https:\/\/radioljubuski.ba\/#organization"},"potentialAction":[{"@type":"SearchAction","target":{"@type":"EntryPoint","urlTemplate":"https:\/\/radioljubuski.ba\/?s={search_term_string}"},"query-input":{"@type":"PropertyValueSpecification","valueRequired":true,"valueName":"search_term_string"}}],"inLanguage":"hr"},{"@type":"Organization","@id":"https:\/\/radioljubuski.ba\/#organization","name":"Radio Ljubu\u0161ki","url":"https:\/\/radioljubuski.ba\/","logo":{"@type":"ImageObject","inLanguage":"hr","@id":"https:\/\/radioljubuski.ba\/#\/schema\/logo\/image\/","url":"https:\/\/radioljubuski.ba\/wp-content\/uploads\/2021\/02\/cropped-Radio_Ljubuski_logo1.jpg","contentUrl":"https:\/\/radioljubuski.ba\/wp-content\/uploads\/2021\/02\/cropped-Radio_Ljubuski_logo1.jpg","width":512,"height":512,"caption":"Radio Ljubu\u0161ki"},"image":{"@id":"https:\/\/radioljubuski.ba\/#\/schema\/logo\/image\/"},"sameAs":["https:\/\/www.facebook.com\/Radiio-Ljubuski-1490835324566332","https:\/\/x.com\/radioljubuski","https:\/\/hr.linkedin.com\/company\/radio-ljubuski","https:\/\/www.youtube.com\/channel\/UCHYaeO_n0Db3tjNGudGpXyw"]},{"@type":"Person","@id":"https:\/\/radioljubuski.ba\/#\/schema\/person\/19fc700381a780f69665d7956c469e3b","name":"Radio Ljubu\u0161ki"}]}},"_links":{"self":[{"href":"https:\/\/radioljubuski.ba\/index.php\/wp-json\/wp\/v2\/posts\/163214","targetHints":{"allow":["GET"]}}],"collection":[{"href":"https:\/\/radioljubuski.ba\/index.php\/wp-json\/wp\/v2\/posts"}],"about":[{"href":"https:\/\/radioljubuski.ba\/index.php\/wp-json\/wp\/v2\/types\/post"}],"author":[{"embeddable":true,"href":"https:\/\/radioljubuski.ba\/index.php\/wp-json\/wp\/v2\/users\/2"}],"replies":[{"embeddable":true,"href":"https:\/\/radioljubuski.ba\/index.php\/wp-json\/wp\/v2\/comments?post=163214"}],"version-history":[{"count":1,"href":"https:\/\/radioljubuski.ba\/index.php\/wp-json\/wp\/v2\/posts\/163214\/revisions"}],"predecessor-version":[{"id":163216,"href":"https:\/\/radioljubuski.ba\/index.php\/wp-json\/wp\/v2\/posts\/163214\/revisions\/163216"}],"wp:featuredmedia":[{"embeddable":true,"href":"https:\/\/radioljubuski.ba\/index.php\/wp-json\/wp\/v2\/media\/163215"}],"wp:attachment":[{"href":"https:\/\/radioljubuski.ba\/index.php\/wp-json\/wp\/v2\/media?parent=163214"}],"wp:term":[{"taxonomy":"category","embeddable":true,"href":"https:\/\/radioljubuski.ba\/index.php\/wp-json\/wp\/v2\/categories?post=163214"},{"taxonomy":"post_tag","embeddable":true,"href":"https:\/\/radioljubuski.ba\/index.php\/wp-json\/wp\/v2\/tags?post=163214"}],"curies":[{"name":"wp","href":"https:\/\/api.w.org\/{rel}","templated":true}]}}