{"id":163217,"date":"2022-07-25T11:36:46","date_gmt":"2022-07-25T10:36:46","guid":{"rendered":"https:\/\/radioljubuski.ba\/?p=163217"},"modified":"2022-07-25T11:36:48","modified_gmt":"2022-07-25T10:36:48","slug":"hoce-li-schmidt-hrvatima-omoguciti-da-biraju-clana-predsjednistva-bih","status":"publish","type":"post","link":"https:\/\/radioljubuski.ba\/index.php\/2022\/07\/25\/hoce-li-schmidt-hrvatima-omoguciti-da-biraju-clana-predsjednistva-bih\/","title":{"rendered":"Ho\u0107e li Schmidt Hrvatima omogu\u0107iti da biraju \u010dlana Predsjedni\u0161tva BiH?"},"content":{"rendered":"\n<p>Navodne odluke visokog predstavnika u BiH Christiana Schmidta, a kojima bi se nametnule izmjene Izbornoga zakona i Ustava Federacije BiH u dijelu koji se odnosi na Dom naroda, osim sveop\u0107e histerije u politi\u010dkom Sarajevu, \u010diji radikalniji predstavnici otvoreno prijete, sa sobom postavlja i pitanje koji bi zapravo bio doseg navodnih promjena, pi\u0161e <a href=\"https:\/\/www.vecernji.ba\/vijesti\/hoce-li-schmidt-hrvatima-omoguciti-da-biraju-clana-predsjednistva-bih-1604631\" target=\"_blank\" rel=\"noreferrer noopener\">Ve\u010dernji list BiH<\/a>.<\/p>\n\n\n\n<p>Naime, iz onoga \u0161to je plasirano u odre\u0111enim medijima, Schmidtova bi se odluka fokusirala na izbor izaslanika u federalni Dom naroda, pa se onda postavlja opravdano pitanje zbog \u010dega bi Hrvati zapravo bili zadovoljni ne\u010dim \u0161to bi tek polovi\u010dno rije\u0161ilo hrvatsko pitanje u BiH. Do sada se ni jednom rije\u010dju nije spomenuo drugi, izrazito va\u017ean dio hrvatskog politi\u010dkog pitanja, a to je nemogu\u0107nost da hrvatski narod, kao konstitutivan, bira svoje predstavnike u klju\u010dni dio izvr\u0161ne vlasti na razini dr\u017eave, a to je Predsjedni\u0161tvo BiH. Do sada su u \u010dak tri navrata brojniji Bo\u0161njaci svojim glasovima birali hrvatskoga \u010dlana Predsjedni\u0161tva te ih time li\u0161ili politi\u010dkih prava na razini dr\u017eave, a ako se pogleda raspon nadle\u017enosti Predsjedni\u0161tva BiH kao kreatora vanjske politike, takvim su pona\u0161anjem Bo\u0161njaka Hrvati dodatno onemogu\u0107eni artikulirati svoje stavove.<\/p>\n\n\n\n<p><strong>Rje\u0161enje i odluke<\/strong><\/p>\n\n\n\n<p>Gledaju\u0107i u bli\u017eu pro\u0161lost, Predsjedni\u0161tvo BiH jest bilo dio pregovora oko izmjena Izbornog zakona, a i u mostarskom sporazumu, koji su potpisali SDA i HDZ BiH, jasno pi\u0161e kako \u0107e stranke po\u010deti s &#8220;izradom izmjena i dopuna Izbornog zakona BiH kako bi se osigurao legitiman izbor i legitimno politi\u010dko predstavljanje konstitutivnih naroda i gra\u0111ana na svim administrativno-politi\u010dkim razinama, u Predsjedni\u0161tvu BiH i domovima naroda&#8230;&#8221;<\/p>\n\n\n\n<p>Schmidtove navodne odluke samo bi jednim manjim dijelom tretirale pitanje izbora izaslanika u federalni Dom naroda. No, one ne bi rije\u0161ile sr\u017e presude u slu\u010daju &#8220;Ljubi\u0107&#8221; niti bi omogu\u0107ile izbor legitimnog \u010dlana Predsjedni\u0161tva. Istodobno, ono \u0161to zabrinjava je situacija u kojoj bi se agresivno reduciralo institut vitalnog nacionalnog interesa, odnosno obezglavilo bi ga se. Prakti\u010dki bi se tim zahvatima i\u0161lo u korist bo\u0161nja\u010dke politike koja \u017eeli reducirati ovlasti federalnog Doma naroda.<\/p>\n\n\n\n<p>Ovo je osobito zabrinjavaju\u0107e ako se uzme u obzir \u010dinjenica da je do sada u samo devet slu\u010dajeva povu\u010den vitalni nacionalni interes u federalnom Domu naroda. Od toga broja \u010detiri puta su ga povukli Hrvati, \u010detiri puta Bo\u0161njaci i jednom Srbi. Drugim rije\u010dima, padaju u vodu ocjene kako je Dom naroda ko\u010dnica zakonodavnog procesa, tako da u praksi nema razloga za reduciranje mehanizma vitalnog nacionalnog interesa. Nadalje, uvo\u0111enje cenzusa od 3 posto nekoga naroda u \u017eupaniji kao preduvjeta da ima izaslanika u Domu naroda tako\u0111er ne jam\u010di da se Hrvatima ne\u0107e birati izaslanici bo\u0161nja\u010dkim glasovima iz ve\u0107inski bo\u0161nja\u010dkih \u017eupanija.<\/p>\n\n\n\n<p>Hrvati tra\u017ee da se ispo\u0161tuje cenzus od pet posto kako bi se provela presuda &#8220;Ljubi\u0107&#8221; i sprije\u010dila mogu\u0107nost izbora nelegitimnih predstavnika.<\/p>\n\n\n\n<p><strong>Osudili prijetnje<\/strong><\/p>\n\n\n\n<p>I dok bi se navodnim Schmidtovim odlukama rije\u0161io tek dio hrvatskog pitanja, u politi\u010dkom Sarajevu ve\u0107 danima traje hu\u0161ka\u010dka kampanja. Iz Hrvatskog narodnog sabora BiH ju\u010der su uputili pismo me\u0111unarodnoj zajednici u kojem upozoravaju kako javnost u BiH svjedo\u010di iznimno agresivnoj retorici bo\u0161nja\u010dkog politi\u010dkog vodstva u povodu najava OHR-a.<\/p>\n\n\n\n<p>&#8211; O\u010dekujemo kako \u0107e se provesti odluka Ustavnog suda BiH U-23\/14 i time zaustaviti grubo kr\u0161enje osnovnih na\u010dela demokracije i vladavine prava. Sustav pariteta i podjele vlasti izme\u0111u predstavnika konstitutivnih naroda i svih drugih gra\u0111ana u skladu s Washingtonskim i Daytonskim sporazumom temelj je politi\u010dke stabilnosti BiH &#8211; poru\u010dili su iz HNS-a u pismu.<\/p>\n\n\n\n<p>Dodaju kako su zabrinuti zbog alarmantne koli\u010dine ekstremizma i govora mr\u017enje koji \u0161ire pojedini bo\u0161nja\u010dki politi\u010dki lideri, dobro uigrane skupine na dru\u0161tvenim mre\u017eama, ali, na\u017ealost, i predstavnici pojedinih medija.<\/p>\n\n\n\n<p>&#8211; Pozivi na nasilne prosvjede i sukobe ne smiju se tolerirati. Izra\u017eavamo zabrinutost zbog mogu\u0107ih nasilnih izgreda, pogotovo znaju\u0107i za sve u\u010destalije napade na hrvatske povratnike i njihove simbole u sredi\u0161njoj Bosni te drugim mije\u0161anim podru\u010djima &#8211; upozorili su iz HNS-a.<\/p>\n\n\n\n<p>Izvor: Dnevnik.ba<\/p>\n","protected":false},"excerpt":{"rendered":"<p>Navodne odluke visokog predstavnika u BiH Christiana Schmidta, a kojima bi se nametnule izmjene Izbornoga zakona i Ustava Federacije BiH u dijelu koji se odnosi na Dom naroda, osim sveop\u0107e histerije u politi\u010dkom Sarajevu, \u010diji radikalniji predstavnici otvoreno prijete, sa sobom postavlja i pitanje koji bi zapravo bio doseg navodnih promjena, pi\u0161e Ve\u010dernji list BiH. [&hellip;]<\/p>\n","protected":false},"author":2,"featured_media":161391,"comment_status":"closed","ping_status":"closed","sticky":false,"template":"","format":"standard","meta":{"h5ap_radio_sources":[],"footnotes":""},"categories":[1],"tags":[],"class_list":["post-163217","post","type-post","status-publish","format-standard","has-post-thumbnail","hentry","category-bihiregija"],"yoast_head":"<!-- This site is optimized with the Yoast SEO plugin v27.5 - https:\/\/yoast.com\/product\/yoast-seo-wordpress\/ -->\n<title>Ho\u0107e li Schmidt Hrvatima omogu\u0107iti da biraju \u010dlana Predsjedni\u0161tva BiH? - RADIO LJUBU\u0160KI<\/title>\n<meta name=\"robots\" content=\"index, follow, max-snippet:-1, max-image-preview:large, max-video-preview:-1\" \/>\n<link rel=\"canonical\" href=\"https:\/\/radioljubuski.ba\/index.php\/2022\/07\/25\/hoce-li-schmidt-hrvatima-omoguciti-da-biraju-clana-predsjednistva-bih\/\" \/>\n<meta property=\"og:locale\" content=\"hr_HR\" \/>\n<meta property=\"og:type\" content=\"article\" \/>\n<meta property=\"og:title\" content=\"Ho\u0107e li Schmidt Hrvatima omogu\u0107iti da biraju \u010dlana Predsjedni\u0161tva BiH? - RADIO LJUBU\u0160KI\" \/>\n<meta property=\"og:description\" content=\"Navodne odluke visokog predstavnika u BiH Christiana Schmidta, a kojima bi se nametnule izmjene Izbornoga zakona i Ustava Federacije BiH u dijelu koji se odnosi na Dom naroda, osim sveop\u0107e histerije u politi\u010dkom Sarajevu, \u010diji radikalniji predstavnici otvoreno prijete, sa sobom postavlja i pitanje koji bi zapravo bio doseg navodnih promjena, pi\u0161e Ve\u010dernji list BiH. [&hellip;]\" \/>\n<meta property=\"og:url\" content=\"https:\/\/radioljubuski.ba\/index.php\/2022\/07\/25\/hoce-li-schmidt-hrvatima-omoguciti-da-biraju-clana-predsjednistva-bih\/\" \/>\n<meta property=\"og:site_name\" content=\"RADIO LJUBU\u0160KI\" \/>\n<meta property=\"article:publisher\" content=\"https:\/\/www.facebook.com\/Radiio-Ljubuski-1490835324566332\" \/>\n<meta property=\"article:published_time\" content=\"2022-07-25T10:36:46+00:00\" \/>\n<meta property=\"article:modified_time\" content=\"2022-07-25T10:36:48+00:00\" \/>\n<meta property=\"og:image\" content=\"https:\/\/radioljubuski.ba\/wp-content\/uploads\/2022\/07\/schmidt.jpg\" \/>\n\t<meta property=\"og:image:width\" content=\"1000\" \/>\n\t<meta property=\"og:image:height\" content=\"625\" \/>\n\t<meta property=\"og:image:type\" content=\"image\/jpeg\" \/>\n<meta name=\"author\" content=\"Radio Ljubu\u0161ki\" \/>\n<meta name=\"twitter:card\" content=\"summary_large_image\" \/>\n<meta name=\"twitter:creator\" content=\"@radioljubuski\" \/>\n<meta name=\"twitter:site\" content=\"@radioljubuski\" \/>\n<meta name=\"twitter:label1\" content=\"Napisao\/la\" \/>\n\t<meta name=\"twitter:data1\" content=\"Radio Ljubu\u0161ki\" \/>\n\t<meta name=\"twitter:label2\" content=\"Procijenjeno vrijeme \u010ditanja\" \/>\n\t<meta name=\"twitter:data2\" content=\"3 minute\" \/>\n<script type=\"application\/ld+json\" class=\"yoast-schema-graph\">{\"@context\":\"https:\\\/\\\/schema.org\",\"@graph\":[{\"@type\":\"Article\",\"@id\":\"https:\\\/\\\/radioljubuski.ba\\\/index.php\\\/2022\\\/07\\\/25\\\/hoce-li-schmidt-hrvatima-omoguciti-da-biraju-clana-predsjednistva-bih\\\/#article\",\"isPartOf\":{\"@id\":\"https:\\\/\\\/radioljubuski.ba\\\/index.php\\\/2022\\\/07\\\/25\\\/hoce-li-schmidt-hrvatima-omoguciti-da-biraju-clana-predsjednistva-bih\\\/\"},\"author\":{\"name\":\"Radio Ljubu\u0161ki\",\"@id\":\"https:\\\/\\\/radioljubuski.ba\\\/#\\\/schema\\\/person\\\/19fc700381a780f69665d7956c469e3b\"},\"headline\":\"Ho\u0107e li Schmidt Hrvatima omogu\u0107iti da biraju \u010dlana Predsjedni\u0161tva BiH?\",\"datePublished\":\"2022-07-25T10:36:46+00:00\",\"dateModified\":\"2022-07-25T10:36:48+00:00\",\"mainEntityOfPage\":{\"@id\":\"https:\\\/\\\/radioljubuski.ba\\\/index.php\\\/2022\\\/07\\\/25\\\/hoce-li-schmidt-hrvatima-omoguciti-da-biraju-clana-predsjednistva-bih\\\/\"},\"wordCount\":729,\"publisher\":{\"@id\":\"https:\\\/\\\/radioljubuski.ba\\\/#organization\"},\"image\":{\"@id\":\"https:\\\/\\\/radioljubuski.ba\\\/index.php\\\/2022\\\/07\\\/25\\\/hoce-li-schmidt-hrvatima-omoguciti-da-biraju-clana-predsjednistva-bih\\\/#primaryimage\"},\"thumbnailUrl\":\"https:\\\/\\\/radioljubuski.ba\\\/wp-content\\\/uploads\\\/2022\\\/07\\\/schmidt.jpg\",\"articleSection\":[\"BIH i regija\"],\"inLanguage\":\"hr\"},{\"@type\":\"WebPage\",\"@id\":\"https:\\\/\\\/radioljubuski.ba\\\/index.php\\\/2022\\\/07\\\/25\\\/hoce-li-schmidt-hrvatima-omoguciti-da-biraju-clana-predsjednistva-bih\\\/\",\"url\":\"https:\\\/\\\/radioljubuski.ba\\\/index.php\\\/2022\\\/07\\\/25\\\/hoce-li-schmidt-hrvatima-omoguciti-da-biraju-clana-predsjednistva-bih\\\/\",\"name\":\"Ho\u0107e li Schmidt Hrvatima omogu\u0107iti da biraju \u010dlana Predsjedni\u0161tva BiH? - RADIO LJUBU\u0160KI\",\"isPartOf\":{\"@id\":\"https:\\\/\\\/radioljubuski.ba\\\/#website\"},\"primaryImageOfPage\":{\"@id\":\"https:\\\/\\\/radioljubuski.ba\\\/index.php\\\/2022\\\/07\\\/25\\\/hoce-li-schmidt-hrvatima-omoguciti-da-biraju-clana-predsjednistva-bih\\\/#primaryimage\"},\"image\":{\"@id\":\"https:\\\/\\\/radioljubuski.ba\\\/index.php\\\/2022\\\/07\\\/25\\\/hoce-li-schmidt-hrvatima-omoguciti-da-biraju-clana-predsjednistva-bih\\\/#primaryimage\"},\"thumbnailUrl\":\"https:\\\/\\\/radioljubuski.ba\\\/wp-content\\\/uploads\\\/2022\\\/07\\\/schmidt.jpg\",\"datePublished\":\"2022-07-25T10:36:46+00:00\",\"dateModified\":\"2022-07-25T10:36:48+00:00\",\"breadcrumb\":{\"@id\":\"https:\\\/\\\/radioljubuski.ba\\\/index.php\\\/2022\\\/07\\\/25\\\/hoce-li-schmidt-hrvatima-omoguciti-da-biraju-clana-predsjednistva-bih\\\/#breadcrumb\"},\"inLanguage\":\"hr\",\"potentialAction\":[{\"@type\":\"ReadAction\",\"target\":[\"https:\\\/\\\/radioljubuski.ba\\\/index.php\\\/2022\\\/07\\\/25\\\/hoce-li-schmidt-hrvatima-omoguciti-da-biraju-clana-predsjednistva-bih\\\/\"]}]},{\"@type\":\"ImageObject\",\"inLanguage\":\"hr\",\"@id\":\"https:\\\/\\\/radioljubuski.ba\\\/index.php\\\/2022\\\/07\\\/25\\\/hoce-li-schmidt-hrvatima-omoguciti-da-biraju-clana-predsjednistva-bih\\\/#primaryimage\",\"url\":\"https:\\\/\\\/radioljubuski.ba\\\/wp-content\\\/uploads\\\/2022\\\/07\\\/schmidt.jpg\",\"contentUrl\":\"https:\\\/\\\/radioljubuski.ba\\\/wp-content\\\/uploads\\\/2022\\\/07\\\/schmidt.jpg\",\"width\":1000,\"height\":625},{\"@type\":\"BreadcrumbList\",\"@id\":\"https:\\\/\\\/radioljubuski.ba\\\/index.php\\\/2022\\\/07\\\/25\\\/hoce-li-schmidt-hrvatima-omoguciti-da-biraju-clana-predsjednistva-bih\\\/#breadcrumb\",\"itemListElement\":[{\"@type\":\"ListItem\",\"position\":1,\"name\":\"Po\u010detna stranica\",\"item\":\"https:\\\/\\\/radioljubuski.ba\\\/\"},{\"@type\":\"ListItem\",\"position\":2,\"name\":\"Ho\u0107e li Schmidt Hrvatima omogu\u0107iti da biraju \u010dlana Predsjedni\u0161tva BiH?\"}]},{\"@type\":\"WebSite\",\"@id\":\"https:\\\/\\\/radioljubuski.ba\\\/#website\",\"url\":\"https:\\\/\\\/radioljubuski.ba\\\/\",\"name\":\"Radio Ljubu\u0161ki\",\"description\":\"Sun\u010dana frekvencija Hercegovine\",\"publisher\":{\"@id\":\"https:\\\/\\\/radioljubuski.ba\\\/#organization\"},\"potentialAction\":[{\"@type\":\"SearchAction\",\"target\":{\"@type\":\"EntryPoint\",\"urlTemplate\":\"https:\\\/\\\/radioljubuski.ba\\\/?s={search_term_string}\"},\"query-input\":{\"@type\":\"PropertyValueSpecification\",\"valueRequired\":true,\"valueName\":\"search_term_string\"}}],\"inLanguage\":\"hr\"},{\"@type\":\"Organization\",\"@id\":\"https:\\\/\\\/radioljubuski.ba\\\/#organization\",\"name\":\"Radio Ljubu\u0161ki\",\"url\":\"https:\\\/\\\/radioljubuski.ba\\\/\",\"logo\":{\"@type\":\"ImageObject\",\"inLanguage\":\"hr\",\"@id\":\"https:\\\/\\\/radioljubuski.ba\\\/#\\\/schema\\\/logo\\\/image\\\/\",\"url\":\"https:\\\/\\\/radioljubuski.ba\\\/wp-content\\\/uploads\\\/2021\\\/02\\\/cropped-Radio_Ljubuski_logo1.jpg\",\"contentUrl\":\"https:\\\/\\\/radioljubuski.ba\\\/wp-content\\\/uploads\\\/2021\\\/02\\\/cropped-Radio_Ljubuski_logo1.jpg\",\"width\":512,\"height\":512,\"caption\":\"Radio Ljubu\u0161ki\"},\"image\":{\"@id\":\"https:\\\/\\\/radioljubuski.ba\\\/#\\\/schema\\\/logo\\\/image\\\/\"},\"sameAs\":[\"https:\\\/\\\/www.facebook.com\\\/Radiio-Ljubuski-1490835324566332\",\"https:\\\/\\\/x.com\\\/radioljubuski\",\"https:\\\/\\\/hr.linkedin.com\\\/company\\\/radio-ljubuski\",\"https:\\\/\\\/www.youtube.com\\\/channel\\\/UCHYaeO_n0Db3tjNGudGpXyw\"]},{\"@type\":\"Person\",\"@id\":\"https:\\\/\\\/radioljubuski.ba\\\/#\\\/schema\\\/person\\\/19fc700381a780f69665d7956c469e3b\",\"name\":\"Radio Ljubu\u0161ki\"}]}<\/script>\n<!-- \/ Yoast SEO plugin. -->","yoast_head_json":{"title":"Ho\u0107e li Schmidt Hrvatima omogu\u0107iti da biraju \u010dlana Predsjedni\u0161tva BiH? - RADIO LJUBU\u0160KI","robots":{"index":"index","follow":"follow","max-snippet":"max-snippet:-1","max-image-preview":"max-image-preview:large","max-video-preview":"max-video-preview:-1"},"canonical":"https:\/\/radioljubuski.ba\/index.php\/2022\/07\/25\/hoce-li-schmidt-hrvatima-omoguciti-da-biraju-clana-predsjednistva-bih\/","og_locale":"hr_HR","og_type":"article","og_title":"Ho\u0107e li Schmidt Hrvatima omogu\u0107iti da biraju \u010dlana Predsjedni\u0161tva BiH? - RADIO LJUBU\u0160KI","og_description":"Navodne odluke visokog predstavnika u BiH Christiana Schmidta, a kojima bi se nametnule izmjene Izbornoga zakona i Ustava Federacije BiH u dijelu koji se odnosi na Dom naroda, osim sveop\u0107e histerije u politi\u010dkom Sarajevu, \u010diji radikalniji predstavnici otvoreno prijete, sa sobom postavlja i pitanje koji bi zapravo bio doseg navodnih promjena, pi\u0161e Ve\u010dernji list BiH. [&hellip;]","og_url":"https:\/\/radioljubuski.ba\/index.php\/2022\/07\/25\/hoce-li-schmidt-hrvatima-omoguciti-da-biraju-clana-predsjednistva-bih\/","og_site_name":"RADIO LJUBU\u0160KI","article_publisher":"https:\/\/www.facebook.com\/Radiio-Ljubuski-1490835324566332","article_published_time":"2022-07-25T10:36:46+00:00","article_modified_time":"2022-07-25T10:36:48+00:00","og_image":[{"width":1000,"height":625,"url":"https:\/\/radioljubuski.ba\/wp-content\/uploads\/2022\/07\/schmidt.jpg","type":"image\/jpeg"}],"author":"Radio Ljubu\u0161ki","twitter_card":"summary_large_image","twitter_creator":"@radioljubuski","twitter_site":"@radioljubuski","twitter_misc":{"Napisao\/la":"Radio Ljubu\u0161ki","Procijenjeno vrijeme \u010ditanja":"3 minute"},"schema":{"@context":"https:\/\/schema.org","@graph":[{"@type":"Article","@id":"https:\/\/radioljubuski.ba\/index.php\/2022\/07\/25\/hoce-li-schmidt-hrvatima-omoguciti-da-biraju-clana-predsjednistva-bih\/#article","isPartOf":{"@id":"https:\/\/radioljubuski.ba\/index.php\/2022\/07\/25\/hoce-li-schmidt-hrvatima-omoguciti-da-biraju-clana-predsjednistva-bih\/"},"author":{"name":"Radio Ljubu\u0161ki","@id":"https:\/\/radioljubuski.ba\/#\/schema\/person\/19fc700381a780f69665d7956c469e3b"},"headline":"Ho\u0107e li Schmidt Hrvatima omogu\u0107iti da biraju \u010dlana Predsjedni\u0161tva BiH?","datePublished":"2022-07-25T10:36:46+00:00","dateModified":"2022-07-25T10:36:48+00:00","mainEntityOfPage":{"@id":"https:\/\/radioljubuski.ba\/index.php\/2022\/07\/25\/hoce-li-schmidt-hrvatima-omoguciti-da-biraju-clana-predsjednistva-bih\/"},"wordCount":729,"publisher":{"@id":"https:\/\/radioljubuski.ba\/#organization"},"image":{"@id":"https:\/\/radioljubuski.ba\/index.php\/2022\/07\/25\/hoce-li-schmidt-hrvatima-omoguciti-da-biraju-clana-predsjednistva-bih\/#primaryimage"},"thumbnailUrl":"https:\/\/radioljubuski.ba\/wp-content\/uploads\/2022\/07\/schmidt.jpg","articleSection":["BIH i regija"],"inLanguage":"hr"},{"@type":"WebPage","@id":"https:\/\/radioljubuski.ba\/index.php\/2022\/07\/25\/hoce-li-schmidt-hrvatima-omoguciti-da-biraju-clana-predsjednistva-bih\/","url":"https:\/\/radioljubuski.ba\/index.php\/2022\/07\/25\/hoce-li-schmidt-hrvatima-omoguciti-da-biraju-clana-predsjednistva-bih\/","name":"Ho\u0107e li Schmidt Hrvatima omogu\u0107iti da biraju \u010dlana Predsjedni\u0161tva BiH? - RADIO LJUBU\u0160KI","isPartOf":{"@id":"https:\/\/radioljubuski.ba\/#website"},"primaryImageOfPage":{"@id":"https:\/\/radioljubuski.ba\/index.php\/2022\/07\/25\/hoce-li-schmidt-hrvatima-omoguciti-da-biraju-clana-predsjednistva-bih\/#primaryimage"},"image":{"@id":"https:\/\/radioljubuski.ba\/index.php\/2022\/07\/25\/hoce-li-schmidt-hrvatima-omoguciti-da-biraju-clana-predsjednistva-bih\/#primaryimage"},"thumbnailUrl":"https:\/\/radioljubuski.ba\/wp-content\/uploads\/2022\/07\/schmidt.jpg","datePublished":"2022-07-25T10:36:46+00:00","dateModified":"2022-07-25T10:36:48+00:00","breadcrumb":{"@id":"https:\/\/radioljubuski.ba\/index.php\/2022\/07\/25\/hoce-li-schmidt-hrvatima-omoguciti-da-biraju-clana-predsjednistva-bih\/#breadcrumb"},"inLanguage":"hr","potentialAction":[{"@type":"ReadAction","target":["https:\/\/radioljubuski.ba\/index.php\/2022\/07\/25\/hoce-li-schmidt-hrvatima-omoguciti-da-biraju-clana-predsjednistva-bih\/"]}]},{"@type":"ImageObject","inLanguage":"hr","@id":"https:\/\/radioljubuski.ba\/index.php\/2022\/07\/25\/hoce-li-schmidt-hrvatima-omoguciti-da-biraju-clana-predsjednistva-bih\/#primaryimage","url":"https:\/\/radioljubuski.ba\/wp-content\/uploads\/2022\/07\/schmidt.jpg","contentUrl":"https:\/\/radioljubuski.ba\/wp-content\/uploads\/2022\/07\/schmidt.jpg","width":1000,"height":625},{"@type":"BreadcrumbList","@id":"https:\/\/radioljubuski.ba\/index.php\/2022\/07\/25\/hoce-li-schmidt-hrvatima-omoguciti-da-biraju-clana-predsjednistva-bih\/#breadcrumb","itemListElement":[{"@type":"ListItem","position":1,"name":"Po\u010detna stranica","item":"https:\/\/radioljubuski.ba\/"},{"@type":"ListItem","position":2,"name":"Ho\u0107e li Schmidt Hrvatima omogu\u0107iti da biraju \u010dlana Predsjedni\u0161tva BiH?"}]},{"@type":"WebSite","@id":"https:\/\/radioljubuski.ba\/#website","url":"https:\/\/radioljubuski.ba\/","name":"Radio Ljubu\u0161ki","description":"Sun\u010dana frekvencija Hercegovine","publisher":{"@id":"https:\/\/radioljubuski.ba\/#organization"},"potentialAction":[{"@type":"SearchAction","target":{"@type":"EntryPoint","urlTemplate":"https:\/\/radioljubuski.ba\/?s={search_term_string}"},"query-input":{"@type":"PropertyValueSpecification","valueRequired":true,"valueName":"search_term_string"}}],"inLanguage":"hr"},{"@type":"Organization","@id":"https:\/\/radioljubuski.ba\/#organization","name":"Radio Ljubu\u0161ki","url":"https:\/\/radioljubuski.ba\/","logo":{"@type":"ImageObject","inLanguage":"hr","@id":"https:\/\/radioljubuski.ba\/#\/schema\/logo\/image\/","url":"https:\/\/radioljubuski.ba\/wp-content\/uploads\/2021\/02\/cropped-Radio_Ljubuski_logo1.jpg","contentUrl":"https:\/\/radioljubuski.ba\/wp-content\/uploads\/2021\/02\/cropped-Radio_Ljubuski_logo1.jpg","width":512,"height":512,"caption":"Radio Ljubu\u0161ki"},"image":{"@id":"https:\/\/radioljubuski.ba\/#\/schema\/logo\/image\/"},"sameAs":["https:\/\/www.facebook.com\/Radiio-Ljubuski-1490835324566332","https:\/\/x.com\/radioljubuski","https:\/\/hr.linkedin.com\/company\/radio-ljubuski","https:\/\/www.youtube.com\/channel\/UCHYaeO_n0Db3tjNGudGpXyw"]},{"@type":"Person","@id":"https:\/\/radioljubuski.ba\/#\/schema\/person\/19fc700381a780f69665d7956c469e3b","name":"Radio Ljubu\u0161ki"}]}},"_links":{"self":[{"href":"https:\/\/radioljubuski.ba\/index.php\/wp-json\/wp\/v2\/posts\/163217","targetHints":{"allow":["GET"]}}],"collection":[{"href":"https:\/\/radioljubuski.ba\/index.php\/wp-json\/wp\/v2\/posts"}],"about":[{"href":"https:\/\/radioljubuski.ba\/index.php\/wp-json\/wp\/v2\/types\/post"}],"author":[{"embeddable":true,"href":"https:\/\/radioljubuski.ba\/index.php\/wp-json\/wp\/v2\/users\/2"}],"replies":[{"embeddable":true,"href":"https:\/\/radioljubuski.ba\/index.php\/wp-json\/wp\/v2\/comments?post=163217"}],"version-history":[{"count":1,"href":"https:\/\/radioljubuski.ba\/index.php\/wp-json\/wp\/v2\/posts\/163217\/revisions"}],"predecessor-version":[{"id":163218,"href":"https:\/\/radioljubuski.ba\/index.php\/wp-json\/wp\/v2\/posts\/163217\/revisions\/163218"}],"wp:featuredmedia":[{"embeddable":true,"href":"https:\/\/radioljubuski.ba\/index.php\/wp-json\/wp\/v2\/media\/161391"}],"wp:attachment":[{"href":"https:\/\/radioljubuski.ba\/index.php\/wp-json\/wp\/v2\/media?parent=163217"}],"wp:term":[{"taxonomy":"category","embeddable":true,"href":"https:\/\/radioljubuski.ba\/index.php\/wp-json\/wp\/v2\/categories?post=163217"},{"taxonomy":"post_tag","embeddable":true,"href":"https:\/\/radioljubuski.ba\/index.php\/wp-json\/wp\/v2\/tags?post=163217"}],"curies":[{"name":"wp","href":"https:\/\/api.w.org\/{rel}","templated":true}]}}