{"id":163221,"date":"2022-07-25T11:40:36","date_gmt":"2022-07-25T10:40:36","guid":{"rendered":"https:\/\/radioljubuski.ba\/?p=163221"},"modified":"2022-07-25T11:40:38","modified_gmt":"2022-07-25T10:40:38","slug":"odgovor-hsk-u-njemackoj-na-skandalozan-istup-df-ove-konzulice-u-frankfurtu","status":"publish","type":"post","link":"https:\/\/radioljubuski.ba\/index.php\/2022\/07\/25\/odgovor-hsk-u-njemackoj-na-skandalozan-istup-df-ove-konzulice-u-frankfurtu\/","title":{"rendered":"Odgovor HSK u Njema\u010dkoj na skandalozan istup DF-ove konzulice u Frankfurtu"},"content":{"rendered":"\n<p>Hrvatski svjetski kongres u Njema\u010dkoj najo\u0161trije je osudio pismo generalne konzulice Bosne i Herzegovine Vi\u0161nje Lon\u010dar i zatra\u017eio javnu ispriku, te pismeno poja\u0161njenje pristrasnog i strana\u010dkog stava koji je upu\u0107en njema\u010dkim vlastima.<\/p>\n\n\n\n<figure class=\"wp-block-embed is-type-wp-embed is-provider-radio-ljubuski wp-block-embed-radio-ljubuski\"><div class=\"wp-block-embed__wrapper\">\n<blockquote class=\"wp-embedded-content\" data-secret=\"r7wP1SEbQv\"><a href=\"https:\/\/radioljubuski.ba\/index.php\/2022\/07\/25\/konzulica-bih-u-frankfurtu-od-njemackih-vlasti-trazila-odbacivanje-nakaradnog-i-neustavnog-prijedloga-visokog-predstavnika\/\">Konzulica BiH u Frankfurtu od njema\u010dkih vlasti tra\u017eila odbacivanje \u201cnakaradnog i neustavnog prijedloga visokog predstavnika\u201d<\/a><\/blockquote><iframe loading=\"lazy\" class=\"wp-embedded-content\" sandbox=\"allow-scripts\" security=\"restricted\" style=\"position: absolute; clip: rect(1px, 1px, 1px, 1px);\" title=\"&#8220;Konzulica BiH u Frankfurtu od njema\u010dkih vlasti tra\u017eila odbacivanje \u201cnakaradnog i neustavnog prijedloga visokog predstavnika\u201d&#8221; &#8212;   RADIO LJUBU\u0160KI\" src=\"https:\/\/radioljubuski.ba\/index.php\/2022\/07\/25\/konzulica-bih-u-frankfurtu-od-njemackih-vlasti-trazila-odbacivanje-nakaradnog-i-neustavnog-prijedloga-visokog-predstavnika\/embed\/#?secret=pr7hqz4Lc0#?secret=r7wP1SEbQv\" data-secret=\"r7wP1SEbQv\" width=\"600\" height=\"338\" frameborder=\"0\" marginwidth=\"0\" marginheight=\"0\" scrolling=\"no\"><\/iframe>\n<\/div><\/figure>\n\n\n\n<p>Najo\u0161trije osu\u0111ujemo otvoreno pismo generalne konzulice Bosne i Herzegovine Vi\u0161nje Lon\u010dar i tra\u017eimo javnu ispriku, te pismeno poja\u0161njenje pristrasnog i strana\u010dkog stava koji je upu\u0107en njema\u010dkim vlastima. Pismo je zlonamjerno i dovodi u zabludu one kojima je upu\u0107eno. U pitanju je prvorazredni skandal, jer privatna osoba Vi\u0161nja Lon\u010dar koristi instituciju Generalnog konzulata BiH u Frankfurtu za izra\u017eavanje osobnih mi\u0161ljenja i mi\u0161ljenja svoje stranke, \u0161to je suprotno Be\u010dkoj konvenciji o konzularnim odnosima.<\/p>\n\n\n\n<p>Smatramo stra\u0161nim i neprihvatljivim da se za osobne i strana\u010dke ciljeve koriste la\u017ei i denunciranje druk\u010dijih politi\u010dkih mi\u0161ljenja pod imenom slu\u017ebenih dr\u017eavnih institucija. Izdavanje strana\u010dkih i osobnih priop\u0107enja u svojstvu generalne konzulice je izdaja dr\u017eave i svakoga tko \u017eeli mir i prosperitet u BiH.<\/p>\n\n\n\n<p>Ve\u0107 drugi put iz ovog konzulata na Majni se poziva na mr\u017enju protiv Hrvata, \u0161to je apsolutno neprihvatljivo instituciji koja bi trebala predstavljati sve gra\u0111ane BiH i biti otvorena svim dr\u017eavljanima Bosne i Hercegovine.<\/p>\n\n\n\n<p>Nadamo se da ovakvi izljevi mr\u017enje i neistina nisu slu\u017ebeni stav Generalnog konzulata, te stoga o\u010dekujemo isprike i poja\u0161njenja nadle\u017enih institucija u BiH.<\/p>\n\n\n\n<p>Generalna konzulica Bosne i Hercegovine u Frankfurtu na Majni Vi\u0161nja Lon\u010dar, me\u0111u ostalim, je u otvorenom pismu zamolila njema\u010dke vlasti da ne podr\u017ee prijedlog izmjena Izbornog zakona i sprije\u010de Schmidta u njegovim namjerama. Time je konzulica Lon\u010dar se stavila na stranu antiustavnih i antidejtonskih snaga u Sarajevu, koje u zadnje vrijeme poku\u0161avaju sijati strah i paniku, te unositi nemir me\u0111u gra\u0111ane BiH.<\/p>\n\n\n\n<p>U svim izjavama bo\u0161nja\u010dkih politi\u010dara iz Sarajeva na temu nametanja izbornih rje\u0161enja od strane Ureda visokog me\u0111unarodnog predstavnika u BiH Christiana Schmidta, iznosi se niz neutemeljenih i neto\u010dnih tvrdnji. Sarajevski nacionalisti\u010dki narativ sve vi\u0161e li\u010di na Milo\u0161evi\u0107evu hegemonisti\u010dku i unitaristi\u010dku politiku s po\u010detka devedesetih, koja je odvela tada\u0161nju Jugoslaviju u vrtlog mr\u017enje i krvavog rata. Milo\u0161evi\u0107 je pod krinkom borbe za Jugoslaviju i multietni\u010dnost \u017eelio sustave jedan \u010dovjek &#8211; jedan glas, unitarizam i centralizaciju.<\/p>\n\n\n\n<p>Unitarna i gra\u0111anska dr\u017eava, dominacija te nametanje politi\u010dkih predstavnika drugim narodima jednostavno ne mogu pro\u0107i u BiH.<\/p>\n\n\n\n<p>Ustav BiH i pravni poredak proiza\u0161li su iz Daytonskog mirovnog sporazuma, koji jasno govori o dr\u017eavi s tri konstitutivna, jednakopravna naroda i samo takvu dr\u017eavu Hrvati \u017eele i zagovaraju. To na\u010delo ugra\u0111eno je u temelje Daytonskog i Washingtonskog mirovnog sporazuma i Ustava BiH kao i svih drugih ustava u ovoj zemlji.<\/p>\n\n\n\n<p>Iako neslu\u017ebeno, dokument izbornih izmjena Christiana Schmidta, visokog me\u0111unarodnog predstavnika u BiH, koji se pojavio u medijima, samo dijelom \u0107e osigurati prekid kontinurane politi\u010dke majorizacije i sustavne diskriminacije Bo\u0161njaka nad Hrvatima, koja traje ve\u0107 dvadeset godina. Eventualna izmjena Izbornog zakona bi vratila BiH opet u ustavne okvire i da BiH bude prihvatljiva svima, a ne samo dijelu gra\u0111ana BiH.<\/p>\n\n\n\n<p>Svjedoci smo da sarajevske medijske i politi\u010dke elite svakodnevno prijete nasiljem, protjerivanjem i demonstracijama, kako bi odr\u017eali nepravedni sustav politi\u010dke dominacije, te u kona\u010dnici sru\u0161ili Daytonski mirovni sporazum. Ovo je dokaz da nacionalisti\u010dka sarajevska javnost ne \u017eele Bosnu i Hercegovinu kao zajedni\u010dku, demokratsku dr\u017eavu.<\/p>\n\n\n\n<p>Hrvatskom narodu nitko ne\u0107e i ne mo\u017ee oduzeti pravo na Bosnu i Hercegovinu.<\/p>\n\n\n\n<p>Hrvati o\u010dekuju pravedno rje\u0161enje, sukladno duhu i slovu Daytonskog mirovnog sporazuma, definiranom ulogom konstitutivnih naroda i svih ostalih, koji moraju mo\u0107i birati legitimne politi\u010dke predstavnike na svim razinama i imati ulogu u raspodjeli vlasti.<\/p>\n\n\n\n<p>Pozivamo me\u0111unarodne predstavnike da ne podlegnu pritiscima. Nu\u017eno nam treba stabilni politi\u010dki sustav, stabilizacija svih prilika u BiH &#8211; domovini tri konstitutivna naroda i svih gra\u0111ana, te puna podr\u0161ka na euroatlantskome putu.<\/p>\n\n\n\n<p>Hrvatski svjetski kongres u Njema\u010dkoj<\/p>\n\n\n\n<p>Izvor: Dnevnik.ba<\/p>\n","protected":false},"excerpt":{"rendered":"<p>Hrvatski svjetski kongres u Njema\u010dkoj najo\u0161trije je osudio pismo generalne konzulice Bosne i Herzegovine Vi\u0161nje Lon\u010dar i zatra\u017eio javnu ispriku, te pismeno poja\u0161njenje pristrasnog i strana\u010dkog stava koji je upu\u0107en njema\u010dkim vlastima. Najo\u0161trije osu\u0111ujemo otvoreno pismo generalne konzulice Bosne i Herzegovine Vi\u0161nje Lon\u010dar i tra\u017eimo javnu ispriku, te pismeno poja\u0161njenje pristrasnog i strana\u010dkog stava koji [&hellip;]<\/p>\n","protected":false},"author":2,"featured_media":163222,"comment_status":"closed","ping_status":"closed","sticky":false,"template":"","format":"standard","meta":{"h5ap_radio_sources":[],"footnotes":""},"categories":[1],"tags":[],"class_list":["post-163221","post","type-post","status-publish","format-standard","has-post-thumbnail","hentry","category-bihiregija"],"yoast_head":"<!-- This site is optimized with the Yoast SEO plugin v27.5 - https:\/\/yoast.com\/product\/yoast-seo-wordpress\/ -->\n<title>Odgovor HSK u Njema\u010dkoj na skandalozan istup DF-ove konzulice u Frankfurtu - RADIO LJUBU\u0160KI<\/title>\n<meta name=\"robots\" content=\"index, follow, max-snippet:-1, max-image-preview:large, max-video-preview:-1\" \/>\n<link rel=\"canonical\" href=\"https:\/\/radioljubuski.ba\/index.php\/2022\/07\/25\/odgovor-hsk-u-njemackoj-na-skandalozan-istup-df-ove-konzulice-u-frankfurtu\/\" \/>\n<meta property=\"og:locale\" content=\"hr_HR\" \/>\n<meta property=\"og:type\" content=\"article\" \/>\n<meta property=\"og:title\" content=\"Odgovor HSK u Njema\u010dkoj na skandalozan istup DF-ove konzulice u Frankfurtu - RADIO LJUBU\u0160KI\" \/>\n<meta property=\"og:description\" content=\"Hrvatski svjetski kongres u Njema\u010dkoj najo\u0161trije je osudio pismo generalne konzulice Bosne i Herzegovine Vi\u0161nje Lon\u010dar i zatra\u017eio javnu ispriku, te pismeno poja\u0161njenje pristrasnog i strana\u010dkog stava koji je upu\u0107en njema\u010dkim vlastima. Najo\u0161trije osu\u0111ujemo otvoreno pismo generalne konzulice Bosne i Herzegovine Vi\u0161nje Lon\u010dar i tra\u017eimo javnu ispriku, te pismeno poja\u0161njenje pristrasnog i strana\u010dkog stava koji [&hellip;]\" \/>\n<meta property=\"og:url\" content=\"https:\/\/radioljubuski.ba\/index.php\/2022\/07\/25\/odgovor-hsk-u-njemackoj-na-skandalozan-istup-df-ove-konzulice-u-frankfurtu\/\" \/>\n<meta property=\"og:site_name\" content=\"RADIO LJUBU\u0160KI\" \/>\n<meta property=\"article:publisher\" content=\"https:\/\/www.facebook.com\/Radiio-Ljubuski-1490835324566332\" \/>\n<meta property=\"article:published_time\" content=\"2022-07-25T10:40:36+00:00\" \/>\n<meta property=\"article:modified_time\" content=\"2022-07-25T10:40:38+00:00\" \/>\n<meta property=\"og:image\" content=\"https:\/\/radioljubuski.ba\/wp-content\/uploads\/2022\/07\/o_115963_1024.png\" \/>\n\t<meta property=\"og:image:width\" content=\"1024\" \/>\n\t<meta property=\"og:image:height\" content=\"541\" \/>\n\t<meta property=\"og:image:type\" content=\"image\/png\" \/>\n<meta name=\"author\" content=\"Radio Ljubu\u0161ki\" \/>\n<meta name=\"twitter:card\" content=\"summary_large_image\" \/>\n<meta name=\"twitter:creator\" content=\"@radioljubuski\" \/>\n<meta name=\"twitter:site\" content=\"@radioljubuski\" \/>\n<meta name=\"twitter:label1\" content=\"Napisao\/la\" \/>\n\t<meta name=\"twitter:data1\" content=\"Radio Ljubu\u0161ki\" \/>\n\t<meta name=\"twitter:label2\" content=\"Procijenjeno vrijeme \u010ditanja\" \/>\n\t<meta name=\"twitter:data2\" content=\"3 minute\" \/>\n<script type=\"application\/ld+json\" class=\"yoast-schema-graph\">{\"@context\":\"https:\\\/\\\/schema.org\",\"@graph\":[{\"@type\":\"Article\",\"@id\":\"https:\\\/\\\/radioljubuski.ba\\\/index.php\\\/2022\\\/07\\\/25\\\/odgovor-hsk-u-njemackoj-na-skandalozan-istup-df-ove-konzulice-u-frankfurtu\\\/#article\",\"isPartOf\":{\"@id\":\"https:\\\/\\\/radioljubuski.ba\\\/index.php\\\/2022\\\/07\\\/25\\\/odgovor-hsk-u-njemackoj-na-skandalozan-istup-df-ove-konzulice-u-frankfurtu\\\/\"},\"author\":{\"name\":\"Radio Ljubu\u0161ki\",\"@id\":\"https:\\\/\\\/radioljubuski.ba\\\/#\\\/schema\\\/person\\\/19fc700381a780f69665d7956c469e3b\"},\"headline\":\"Odgovor HSK u Njema\u010dkoj na skandalozan istup DF-ove konzulice u Frankfurtu\",\"datePublished\":\"2022-07-25T10:40:36+00:00\",\"dateModified\":\"2022-07-25T10:40:38+00:00\",\"mainEntityOfPage\":{\"@id\":\"https:\\\/\\\/radioljubuski.ba\\\/index.php\\\/2022\\\/07\\\/25\\\/odgovor-hsk-u-njemackoj-na-skandalozan-istup-df-ove-konzulice-u-frankfurtu\\\/\"},\"wordCount\":722,\"publisher\":{\"@id\":\"https:\\\/\\\/radioljubuski.ba\\\/#organization\"},\"image\":{\"@id\":\"https:\\\/\\\/radioljubuski.ba\\\/index.php\\\/2022\\\/07\\\/25\\\/odgovor-hsk-u-njemackoj-na-skandalozan-istup-df-ove-konzulice-u-frankfurtu\\\/#primaryimage\"},\"thumbnailUrl\":\"https:\\\/\\\/radioljubuski.ba\\\/wp-content\\\/uploads\\\/2022\\\/07\\\/o_115963_1024.png\",\"articleSection\":[\"BIH i regija\"],\"inLanguage\":\"hr\"},{\"@type\":\"WebPage\",\"@id\":\"https:\\\/\\\/radioljubuski.ba\\\/index.php\\\/2022\\\/07\\\/25\\\/odgovor-hsk-u-njemackoj-na-skandalozan-istup-df-ove-konzulice-u-frankfurtu\\\/\",\"url\":\"https:\\\/\\\/radioljubuski.ba\\\/index.php\\\/2022\\\/07\\\/25\\\/odgovor-hsk-u-njemackoj-na-skandalozan-istup-df-ove-konzulice-u-frankfurtu\\\/\",\"name\":\"Odgovor HSK u Njema\u010dkoj na skandalozan istup DF-ove konzulice u Frankfurtu - RADIO LJUBU\u0160KI\",\"isPartOf\":{\"@id\":\"https:\\\/\\\/radioljubuski.ba\\\/#website\"},\"primaryImageOfPage\":{\"@id\":\"https:\\\/\\\/radioljubuski.ba\\\/index.php\\\/2022\\\/07\\\/25\\\/odgovor-hsk-u-njemackoj-na-skandalozan-istup-df-ove-konzulice-u-frankfurtu\\\/#primaryimage\"},\"image\":{\"@id\":\"https:\\\/\\\/radioljubuski.ba\\\/index.php\\\/2022\\\/07\\\/25\\\/odgovor-hsk-u-njemackoj-na-skandalozan-istup-df-ove-konzulice-u-frankfurtu\\\/#primaryimage\"},\"thumbnailUrl\":\"https:\\\/\\\/radioljubuski.ba\\\/wp-content\\\/uploads\\\/2022\\\/07\\\/o_115963_1024.png\",\"datePublished\":\"2022-07-25T10:40:36+00:00\",\"dateModified\":\"2022-07-25T10:40:38+00:00\",\"breadcrumb\":{\"@id\":\"https:\\\/\\\/radioljubuski.ba\\\/index.php\\\/2022\\\/07\\\/25\\\/odgovor-hsk-u-njemackoj-na-skandalozan-istup-df-ove-konzulice-u-frankfurtu\\\/#breadcrumb\"},\"inLanguage\":\"hr\",\"potentialAction\":[{\"@type\":\"ReadAction\",\"target\":[\"https:\\\/\\\/radioljubuski.ba\\\/index.php\\\/2022\\\/07\\\/25\\\/odgovor-hsk-u-njemackoj-na-skandalozan-istup-df-ove-konzulice-u-frankfurtu\\\/\"]}]},{\"@type\":\"ImageObject\",\"inLanguage\":\"hr\",\"@id\":\"https:\\\/\\\/radioljubuski.ba\\\/index.php\\\/2022\\\/07\\\/25\\\/odgovor-hsk-u-njemackoj-na-skandalozan-istup-df-ove-konzulice-u-frankfurtu\\\/#primaryimage\",\"url\":\"https:\\\/\\\/radioljubuski.ba\\\/wp-content\\\/uploads\\\/2022\\\/07\\\/o_115963_1024.png\",\"contentUrl\":\"https:\\\/\\\/radioljubuski.ba\\\/wp-content\\\/uploads\\\/2022\\\/07\\\/o_115963_1024.png\",\"width\":1024,\"height\":541},{\"@type\":\"BreadcrumbList\",\"@id\":\"https:\\\/\\\/radioljubuski.ba\\\/index.php\\\/2022\\\/07\\\/25\\\/odgovor-hsk-u-njemackoj-na-skandalozan-istup-df-ove-konzulice-u-frankfurtu\\\/#breadcrumb\",\"itemListElement\":[{\"@type\":\"ListItem\",\"position\":1,\"name\":\"Po\u010detna stranica\",\"item\":\"https:\\\/\\\/radioljubuski.ba\\\/\"},{\"@type\":\"ListItem\",\"position\":2,\"name\":\"Odgovor HSK u Njema\u010dkoj na skandalozan istup DF-ove konzulice u Frankfurtu\"}]},{\"@type\":\"WebSite\",\"@id\":\"https:\\\/\\\/radioljubuski.ba\\\/#website\",\"url\":\"https:\\\/\\\/radioljubuski.ba\\\/\",\"name\":\"Radio Ljubu\u0161ki\",\"description\":\"Sun\u010dana frekvencija Hercegovine\",\"publisher\":{\"@id\":\"https:\\\/\\\/radioljubuski.ba\\\/#organization\"},\"potentialAction\":[{\"@type\":\"SearchAction\",\"target\":{\"@type\":\"EntryPoint\",\"urlTemplate\":\"https:\\\/\\\/radioljubuski.ba\\\/?s={search_term_string}\"},\"query-input\":{\"@type\":\"PropertyValueSpecification\",\"valueRequired\":true,\"valueName\":\"search_term_string\"}}],\"inLanguage\":\"hr\"},{\"@type\":\"Organization\",\"@id\":\"https:\\\/\\\/radioljubuski.ba\\\/#organization\",\"name\":\"Radio Ljubu\u0161ki\",\"url\":\"https:\\\/\\\/radioljubuski.ba\\\/\",\"logo\":{\"@type\":\"ImageObject\",\"inLanguage\":\"hr\",\"@id\":\"https:\\\/\\\/radioljubuski.ba\\\/#\\\/schema\\\/logo\\\/image\\\/\",\"url\":\"https:\\\/\\\/radioljubuski.ba\\\/wp-content\\\/uploads\\\/2021\\\/02\\\/cropped-Radio_Ljubuski_logo1.jpg\",\"contentUrl\":\"https:\\\/\\\/radioljubuski.ba\\\/wp-content\\\/uploads\\\/2021\\\/02\\\/cropped-Radio_Ljubuski_logo1.jpg\",\"width\":512,\"height\":512,\"caption\":\"Radio Ljubu\u0161ki\"},\"image\":{\"@id\":\"https:\\\/\\\/radioljubuski.ba\\\/#\\\/schema\\\/logo\\\/image\\\/\"},\"sameAs\":[\"https:\\\/\\\/www.facebook.com\\\/Radiio-Ljubuski-1490835324566332\",\"https:\\\/\\\/x.com\\\/radioljubuski\",\"https:\\\/\\\/hr.linkedin.com\\\/company\\\/radio-ljubuski\",\"https:\\\/\\\/www.youtube.com\\\/channel\\\/UCHYaeO_n0Db3tjNGudGpXyw\"]},{\"@type\":\"Person\",\"@id\":\"https:\\\/\\\/radioljubuski.ba\\\/#\\\/schema\\\/person\\\/19fc700381a780f69665d7956c469e3b\",\"name\":\"Radio Ljubu\u0161ki\"}]}<\/script>\n<!-- \/ Yoast SEO plugin. -->","yoast_head_json":{"title":"Odgovor HSK u Njema\u010dkoj na skandalozan istup DF-ove konzulice u Frankfurtu - RADIO LJUBU\u0160KI","robots":{"index":"index","follow":"follow","max-snippet":"max-snippet:-1","max-image-preview":"max-image-preview:large","max-video-preview":"max-video-preview:-1"},"canonical":"https:\/\/radioljubuski.ba\/index.php\/2022\/07\/25\/odgovor-hsk-u-njemackoj-na-skandalozan-istup-df-ove-konzulice-u-frankfurtu\/","og_locale":"hr_HR","og_type":"article","og_title":"Odgovor HSK u Njema\u010dkoj na skandalozan istup DF-ove konzulice u Frankfurtu - RADIO LJUBU\u0160KI","og_description":"Hrvatski svjetski kongres u Njema\u010dkoj najo\u0161trije je osudio pismo generalne konzulice Bosne i Herzegovine Vi\u0161nje Lon\u010dar i zatra\u017eio javnu ispriku, te pismeno poja\u0161njenje pristrasnog i strana\u010dkog stava koji je upu\u0107en njema\u010dkim vlastima. Najo\u0161trije osu\u0111ujemo otvoreno pismo generalne konzulice Bosne i Herzegovine Vi\u0161nje Lon\u010dar i tra\u017eimo javnu ispriku, te pismeno poja\u0161njenje pristrasnog i strana\u010dkog stava koji [&hellip;]","og_url":"https:\/\/radioljubuski.ba\/index.php\/2022\/07\/25\/odgovor-hsk-u-njemackoj-na-skandalozan-istup-df-ove-konzulice-u-frankfurtu\/","og_site_name":"RADIO LJUBU\u0160KI","article_publisher":"https:\/\/www.facebook.com\/Radiio-Ljubuski-1490835324566332","article_published_time":"2022-07-25T10:40:36+00:00","article_modified_time":"2022-07-25T10:40:38+00:00","og_image":[{"width":1024,"height":541,"url":"https:\/\/radioljubuski.ba\/wp-content\/uploads\/2022\/07\/o_115963_1024.png","type":"image\/png"}],"author":"Radio Ljubu\u0161ki","twitter_card":"summary_large_image","twitter_creator":"@radioljubuski","twitter_site":"@radioljubuski","twitter_misc":{"Napisao\/la":"Radio Ljubu\u0161ki","Procijenjeno vrijeme \u010ditanja":"3 minute"},"schema":{"@context":"https:\/\/schema.org","@graph":[{"@type":"Article","@id":"https:\/\/radioljubuski.ba\/index.php\/2022\/07\/25\/odgovor-hsk-u-njemackoj-na-skandalozan-istup-df-ove-konzulice-u-frankfurtu\/#article","isPartOf":{"@id":"https:\/\/radioljubuski.ba\/index.php\/2022\/07\/25\/odgovor-hsk-u-njemackoj-na-skandalozan-istup-df-ove-konzulice-u-frankfurtu\/"},"author":{"name":"Radio Ljubu\u0161ki","@id":"https:\/\/radioljubuski.ba\/#\/schema\/person\/19fc700381a780f69665d7956c469e3b"},"headline":"Odgovor HSK u Njema\u010dkoj na skandalozan istup DF-ove konzulice u Frankfurtu","datePublished":"2022-07-25T10:40:36+00:00","dateModified":"2022-07-25T10:40:38+00:00","mainEntityOfPage":{"@id":"https:\/\/radioljubuski.ba\/index.php\/2022\/07\/25\/odgovor-hsk-u-njemackoj-na-skandalozan-istup-df-ove-konzulice-u-frankfurtu\/"},"wordCount":722,"publisher":{"@id":"https:\/\/radioljubuski.ba\/#organization"},"image":{"@id":"https:\/\/radioljubuski.ba\/index.php\/2022\/07\/25\/odgovor-hsk-u-njemackoj-na-skandalozan-istup-df-ove-konzulice-u-frankfurtu\/#primaryimage"},"thumbnailUrl":"https:\/\/radioljubuski.ba\/wp-content\/uploads\/2022\/07\/o_115963_1024.png","articleSection":["BIH i regija"],"inLanguage":"hr"},{"@type":"WebPage","@id":"https:\/\/radioljubuski.ba\/index.php\/2022\/07\/25\/odgovor-hsk-u-njemackoj-na-skandalozan-istup-df-ove-konzulice-u-frankfurtu\/","url":"https:\/\/radioljubuski.ba\/index.php\/2022\/07\/25\/odgovor-hsk-u-njemackoj-na-skandalozan-istup-df-ove-konzulice-u-frankfurtu\/","name":"Odgovor HSK u Njema\u010dkoj na skandalozan istup DF-ove konzulice u Frankfurtu - RADIO LJUBU\u0160KI","isPartOf":{"@id":"https:\/\/radioljubuski.ba\/#website"},"primaryImageOfPage":{"@id":"https:\/\/radioljubuski.ba\/index.php\/2022\/07\/25\/odgovor-hsk-u-njemackoj-na-skandalozan-istup-df-ove-konzulice-u-frankfurtu\/#primaryimage"},"image":{"@id":"https:\/\/radioljubuski.ba\/index.php\/2022\/07\/25\/odgovor-hsk-u-njemackoj-na-skandalozan-istup-df-ove-konzulice-u-frankfurtu\/#primaryimage"},"thumbnailUrl":"https:\/\/radioljubuski.ba\/wp-content\/uploads\/2022\/07\/o_115963_1024.png","datePublished":"2022-07-25T10:40:36+00:00","dateModified":"2022-07-25T10:40:38+00:00","breadcrumb":{"@id":"https:\/\/radioljubuski.ba\/index.php\/2022\/07\/25\/odgovor-hsk-u-njemackoj-na-skandalozan-istup-df-ove-konzulice-u-frankfurtu\/#breadcrumb"},"inLanguage":"hr","potentialAction":[{"@type":"ReadAction","target":["https:\/\/radioljubuski.ba\/index.php\/2022\/07\/25\/odgovor-hsk-u-njemackoj-na-skandalozan-istup-df-ove-konzulice-u-frankfurtu\/"]}]},{"@type":"ImageObject","inLanguage":"hr","@id":"https:\/\/radioljubuski.ba\/index.php\/2022\/07\/25\/odgovor-hsk-u-njemackoj-na-skandalozan-istup-df-ove-konzulice-u-frankfurtu\/#primaryimage","url":"https:\/\/radioljubuski.ba\/wp-content\/uploads\/2022\/07\/o_115963_1024.png","contentUrl":"https:\/\/radioljubuski.ba\/wp-content\/uploads\/2022\/07\/o_115963_1024.png","width":1024,"height":541},{"@type":"BreadcrumbList","@id":"https:\/\/radioljubuski.ba\/index.php\/2022\/07\/25\/odgovor-hsk-u-njemackoj-na-skandalozan-istup-df-ove-konzulice-u-frankfurtu\/#breadcrumb","itemListElement":[{"@type":"ListItem","position":1,"name":"Po\u010detna stranica","item":"https:\/\/radioljubuski.ba\/"},{"@type":"ListItem","position":2,"name":"Odgovor HSK u Njema\u010dkoj na skandalozan istup DF-ove konzulice u Frankfurtu"}]},{"@type":"WebSite","@id":"https:\/\/radioljubuski.ba\/#website","url":"https:\/\/radioljubuski.ba\/","name":"Radio Ljubu\u0161ki","description":"Sun\u010dana frekvencija Hercegovine","publisher":{"@id":"https:\/\/radioljubuski.ba\/#organization"},"potentialAction":[{"@type":"SearchAction","target":{"@type":"EntryPoint","urlTemplate":"https:\/\/radioljubuski.ba\/?s={search_term_string}"},"query-input":{"@type":"PropertyValueSpecification","valueRequired":true,"valueName":"search_term_string"}}],"inLanguage":"hr"},{"@type":"Organization","@id":"https:\/\/radioljubuski.ba\/#organization","name":"Radio Ljubu\u0161ki","url":"https:\/\/radioljubuski.ba\/","logo":{"@type":"ImageObject","inLanguage":"hr","@id":"https:\/\/radioljubuski.ba\/#\/schema\/logo\/image\/","url":"https:\/\/radioljubuski.ba\/wp-content\/uploads\/2021\/02\/cropped-Radio_Ljubuski_logo1.jpg","contentUrl":"https:\/\/radioljubuski.ba\/wp-content\/uploads\/2021\/02\/cropped-Radio_Ljubuski_logo1.jpg","width":512,"height":512,"caption":"Radio Ljubu\u0161ki"},"image":{"@id":"https:\/\/radioljubuski.ba\/#\/schema\/logo\/image\/"},"sameAs":["https:\/\/www.facebook.com\/Radiio-Ljubuski-1490835324566332","https:\/\/x.com\/radioljubuski","https:\/\/hr.linkedin.com\/company\/radio-ljubuski","https:\/\/www.youtube.com\/channel\/UCHYaeO_n0Db3tjNGudGpXyw"]},{"@type":"Person","@id":"https:\/\/radioljubuski.ba\/#\/schema\/person\/19fc700381a780f69665d7956c469e3b","name":"Radio Ljubu\u0161ki"}]}},"_links":{"self":[{"href":"https:\/\/radioljubuski.ba\/index.php\/wp-json\/wp\/v2\/posts\/163221","targetHints":{"allow":["GET"]}}],"collection":[{"href":"https:\/\/radioljubuski.ba\/index.php\/wp-json\/wp\/v2\/posts"}],"about":[{"href":"https:\/\/radioljubuski.ba\/index.php\/wp-json\/wp\/v2\/types\/post"}],"author":[{"embeddable":true,"href":"https:\/\/radioljubuski.ba\/index.php\/wp-json\/wp\/v2\/users\/2"}],"replies":[{"embeddable":true,"href":"https:\/\/radioljubuski.ba\/index.php\/wp-json\/wp\/v2\/comments?post=163221"}],"version-history":[{"count":1,"href":"https:\/\/radioljubuski.ba\/index.php\/wp-json\/wp\/v2\/posts\/163221\/revisions"}],"predecessor-version":[{"id":163223,"href":"https:\/\/radioljubuski.ba\/index.php\/wp-json\/wp\/v2\/posts\/163221\/revisions\/163223"}],"wp:featuredmedia":[{"embeddable":true,"href":"https:\/\/radioljubuski.ba\/index.php\/wp-json\/wp\/v2\/media\/163222"}],"wp:attachment":[{"href":"https:\/\/radioljubuski.ba\/index.php\/wp-json\/wp\/v2\/media?parent=163221"}],"wp:term":[{"taxonomy":"category","embeddable":true,"href":"https:\/\/radioljubuski.ba\/index.php\/wp-json\/wp\/v2\/categories?post=163221"},{"taxonomy":"post_tag","embeddable":true,"href":"https:\/\/radioljubuski.ba\/index.php\/wp-json\/wp\/v2\/tags?post=163221"}],"curies":[{"name":"wp","href":"https:\/\/api.w.org\/{rel}","templated":true}]}}