{"id":163224,"date":"2022-07-25T11:42:39","date_gmt":"2022-07-25T10:42:39","guid":{"rendered":"https:\/\/radioljubuski.ba\/?p=163224"},"modified":"2022-07-25T11:42:40","modified_gmt":"2022-07-25T10:42:40","slug":"hms-schmidt-verbalno-napadnut-u-zracnoj-luci-u-tuzli-bila-mu-ogranicena-sloboda-kretanja-galic-nalozio-istragu","status":"publish","type":"post","link":"https:\/\/radioljubuski.ba\/index.php\/2022\/07\/25\/hms-schmidt-verbalno-napadnut-u-zracnoj-luci-u-tuzli-bila-mu-ogranicena-sloboda-kretanja-galic-nalozio-istragu\/","title":{"rendered":"HMS: Schmidt verbalno napadnut u Zra\u010dnoj luci u Tuzli, bila mu ograni\u010dena sloboda kretanja, Gali\u0107 nalo\u017eio istragu"},"content":{"rendered":"\n<p><strong>Ju\u010der je u Me\u0111unarodnoj zra\u010dnoj luci Tuzla verbalno napadnut visoki predstavnik Christian Schmidt od strane organizirane \u201cskupine gra\u0111ana\u201d, doznaje Hrvatski Medijski Servis.<\/strong><\/p>\n\n\n\n<p>Schmit je prethodno sletio na tuzlansku zra\u010dnu luku iz njema\u010dkog N\u00fcrnberga. Uz asistenciju policijskih slu\u017ebenika Grani\u010dne policije BiH i PU \u017divinice situacija je stavljena pod kontrolu.<\/p>\n\n\n\n<figure class=\"wp-block-embed is-type-wp-embed is-provider-radio-ljubuski wp-block-embed-radio-ljubuski\"><div class=\"wp-block-embed__wrapper\">\n<blockquote class=\"wp-embedded-content\" data-secret=\"pmSwNIU8Mo\"><a href=\"https:\/\/radioljubuski.ba\/index.php\/2022\/07\/25\/schmidta-u-tuzli-docekala-dva-prosvjednika-sejdic-poziva-na-borbu-protiv-fasizma-i-rasistickog-izbornog-zakona\/\">Schmidta u Tuzli do\u010dekala dva prosvjednika, Sejdi\u0107 poziva na \u201cborbu protiv fa\u0161izma i rasisti\u010dkog Izbornog zakona\u201d<\/a><\/blockquote><iframe loading=\"lazy\" class=\"wp-embedded-content\" sandbox=\"allow-scripts\" security=\"restricted\" style=\"position: absolute; clip: rect(1px, 1px, 1px, 1px);\" title=\"&#8220;Schmidta u Tuzli do\u010dekala dva prosvjednika, Sejdi\u0107 poziva na \u201cborbu protiv fa\u0161izma i rasisti\u010dkog Izbornog zakona\u201d&#8221; &#8212;   RADIO LJUBU\u0160KI\" src=\"https:\/\/radioljubuski.ba\/index.php\/2022\/07\/25\/schmidta-u-tuzli-docekala-dva-prosvjednika-sejdic-poziva-na-borbu-protiv-fasizma-i-rasistickog-izbornog-zakona\/embed\/#?secret=k0IFaYvV9f#?secret=pmSwNIU8Mo\" data-secret=\"pmSwNIU8Mo\" width=\"600\" height=\"338\" frameborder=\"0\" marginwidth=\"0\" marginheight=\"0\" scrolling=\"no\"><\/iframe>\n<\/div><\/figure>\n\n\n\n<p>Ovu informaciju HMS-u je potvrdio Svevlad Hoffmann, savjetnik ravnatelja Grani\u010dne policije BiH.<\/p>\n\n\n\n<p>Hoffmann je HMS-u kazao da je ravnatelj Grani\u010dne policije BiH, Zoran Gali\u0107, nalo\u017eio provo\u0111enje interne istrage koju \u0107e provesti Ured za profesionalne standarde i unutarnju kontrolu GP BiH da bi se utvrdilo je li bilo propusta u osiguranju Schmidta, osobe pod me\u0111unarodnom pravnom za\u0161titom.<\/p>\n\n\n\n<p>\u201cNije jasno kako je skupina gra\u0111ana bez prethodne najave u\u0161la na podru\u010dje Me\u0111unarodne zra\u010dne luke u Tuzli\u201d, kazao je Hoffmann i pojasnio da \u0107e se utvrditi je li bilo propusta u osiguranju visokog predstavnika.<\/p>\n\n\n\n<p>Tako\u0111er, Hoffmann dodaje da je potrebno utvrditi ima li elemenata kaznenog djela jer je Schmidtu u odre\u0111enom trenutku bila ograni\u010dena sloboda kretanja \u0161to je posebno definirano \u010dlankom 192. Kaznenog zakona BiH.<\/p>\n\n\n\n<p>\u201cTko osobu pod me\u0111unarodnopravnom za\u0161titom zatvori, dr\u017ei zatvorenog ili mu na drugi na\u010din oduzme ili ograni\u010di slobodu kretanja, u cilju da njega ili neku drugu osobu primora da ne\u0161to izvr\u0161i ili ne izvr\u0161i, ili tko u\u010dini neko drugo nasilje prema osobi pod me\u0111unarodnopravnom za\u0161titom ili protiv njene slobode, ili napadne njegove slu\u017ebene prostorije, privatni smje\u0161taj ili prijevozno sredstvo, a takav bi napad mogao ugroziti njegovu li\u010dnost ili slobodu, kaznit \u0107e se kaznom zatvora najmanje tri godine\u201d, navodi se u \u010dlanku 192. KZ BiH.<\/p>\n\n\n\n<p>Ostaje za vidjeti i ho\u0107e li Tu\u017eiteljstvo BiH reagirati na ovo i formalno pokrenuti kazneni postupak.<\/p>\n\n\n\n<figure class=\"wp-block-embed is-type-wp-embed is-provider-radio-ljubuski wp-block-embed-radio-ljubuski\"><div class=\"wp-block-embed__wrapper\">\n<blockquote class=\"wp-embedded-content\" data-secret=\"XkXJaZebFa\"><a href=\"https:\/\/radioljubuski.ba\/index.php\/2022\/07\/25\/schmidt-se-slikao-s-jednim-od-dva-prosvjednika-u-tuzli\/\">Schmidt se slikao s jednim od dva prosvjednika u Tuzli<\/a><\/blockquote><iframe loading=\"lazy\" class=\"wp-embedded-content\" sandbox=\"allow-scripts\" security=\"restricted\" style=\"position: absolute; clip: rect(1px, 1px, 1px, 1px);\" title=\"&#8220;Schmidt se slikao s jednim od dva prosvjednika u Tuzli&#8221; &#8212;   RADIO LJUBU\u0160KI\" src=\"https:\/\/radioljubuski.ba\/index.php\/2022\/07\/25\/schmidt-se-slikao-s-jednim-od-dva-prosvjednika-u-tuzli\/embed\/#?secret=ffbOW9oJ4k#?secret=XkXJaZebFa\" data-secret=\"XkXJaZebFa\" width=\"600\" height=\"338\" frameborder=\"0\" marginwidth=\"0\" marginheight=\"0\" scrolling=\"no\"><\/iframe>\n<\/div><\/figure>\n\n\n\n<p>Izvor: \/HMS\/<\/p>\n","protected":false},"excerpt":{"rendered":"<p>Ju\u010der je u Me\u0111unarodnoj zra\u010dnoj luci Tuzla verbalno napadnut visoki predstavnik Christian Schmidt od strane organizirane \u201cskupine gra\u0111ana\u201d, doznaje Hrvatski Medijski Servis. Schmit je prethodno sletio na tuzlansku zra\u010dnu luku iz njema\u010dkog N\u00fcrnberga. Uz asistenciju policijskih slu\u017ebenika Grani\u010dne policije BiH i PU \u017divinice situacija je stavljena pod kontrolu. Ovu informaciju HMS-u je potvrdio Svevlad Hoffmann, [&hellip;]<\/p>\n","protected":false},"author":2,"featured_media":163225,"comment_status":"closed","ping_status":"closed","sticky":false,"template":"","format":"standard","meta":{"h5ap_radio_sources":[],"footnotes":""},"categories":[1],"tags":[],"class_list":["post-163224","post","type-post","status-publish","format-standard","has-post-thumbnail","hentry","category-bihiregija"],"yoast_head":"<!-- This site is optimized with the Yoast SEO plugin v27.5 - https:\/\/yoast.com\/product\/yoast-seo-wordpress\/ -->\n<title>HMS: Schmidt verbalno napadnut u Zra\u010dnoj luci u Tuzli, bila mu ograni\u010dena sloboda kretanja, Gali\u0107 nalo\u017eio istragu - RADIO LJUBU\u0160KI<\/title>\n<meta name=\"robots\" content=\"index, follow, max-snippet:-1, max-image-preview:large, max-video-preview:-1\" \/>\n<link rel=\"canonical\" href=\"https:\/\/radioljubuski.ba\/index.php\/2022\/07\/25\/hms-schmidt-verbalno-napadnut-u-zracnoj-luci-u-tuzli-bila-mu-ogranicena-sloboda-kretanja-galic-nalozio-istragu\/\" \/>\n<meta property=\"og:locale\" content=\"hr_HR\" \/>\n<meta property=\"og:type\" content=\"article\" \/>\n<meta property=\"og:title\" content=\"HMS: Schmidt verbalno napadnut u Zra\u010dnoj luci u Tuzli, bila mu ograni\u010dena sloboda kretanja, Gali\u0107 nalo\u017eio istragu - RADIO LJUBU\u0160KI\" \/>\n<meta property=\"og:description\" content=\"Ju\u010der je u Me\u0111unarodnoj zra\u010dnoj luci Tuzla verbalno napadnut visoki predstavnik Christian Schmidt od strane organizirane \u201cskupine gra\u0111ana\u201d, doznaje Hrvatski Medijski Servis. Schmit je prethodno sletio na tuzlansku zra\u010dnu luku iz njema\u010dkog N\u00fcrnberga. Uz asistenciju policijskih slu\u017ebenika Grani\u010dne policije BiH i PU \u017divinice situacija je stavljena pod kontrolu. Ovu informaciju HMS-u je potvrdio Svevlad Hoffmann, [&hellip;]\" \/>\n<meta property=\"og:url\" content=\"https:\/\/radioljubuski.ba\/index.php\/2022\/07\/25\/hms-schmidt-verbalno-napadnut-u-zracnoj-luci-u-tuzli-bila-mu-ogranicena-sloboda-kretanja-galic-nalozio-istragu\/\" \/>\n<meta property=\"og:site_name\" content=\"RADIO LJUBU\u0160KI\" \/>\n<meta property=\"article:publisher\" content=\"https:\/\/www.facebook.com\/Radiio-Ljubuski-1490835324566332\" \/>\n<meta property=\"article:published_time\" content=\"2022-07-25T10:42:39+00:00\" \/>\n<meta property=\"article:modified_time\" content=\"2022-07-25T10:42:40+00:00\" \/>\n<meta property=\"og:image\" content=\"https:\/\/radioljubuski.ba\/wp-content\/uploads\/2022\/07\/christian_schmidt_aerodrom_tuzla7.jpg\" \/>\n\t<meta property=\"og:image:width\" content=\"900\" \/>\n\t<meta property=\"og:image:height\" content=\"569\" \/>\n\t<meta property=\"og:image:type\" content=\"image\/jpeg\" \/>\n<meta name=\"author\" content=\"Radio Ljubu\u0161ki\" \/>\n<meta name=\"twitter:card\" content=\"summary_large_image\" \/>\n<meta name=\"twitter:creator\" content=\"@radioljubuski\" \/>\n<meta name=\"twitter:site\" content=\"@radioljubuski\" \/>\n<meta name=\"twitter:label1\" content=\"Napisao\/la\" \/>\n\t<meta name=\"twitter:data1\" content=\"Radio Ljubu\u0161ki\" \/>\n\t<meta name=\"twitter:label2\" content=\"Procijenjeno vrijeme \u010ditanja\" \/>\n\t<meta name=\"twitter:data2\" content=\"2 minute\" \/>\n<script type=\"application\/ld+json\" class=\"yoast-schema-graph\">{\"@context\":\"https:\\\/\\\/schema.org\",\"@graph\":[{\"@type\":\"Article\",\"@id\":\"https:\\\/\\\/radioljubuski.ba\\\/index.php\\\/2022\\\/07\\\/25\\\/hms-schmidt-verbalno-napadnut-u-zracnoj-luci-u-tuzli-bila-mu-ogranicena-sloboda-kretanja-galic-nalozio-istragu\\\/#article\",\"isPartOf\":{\"@id\":\"https:\\\/\\\/radioljubuski.ba\\\/index.php\\\/2022\\\/07\\\/25\\\/hms-schmidt-verbalno-napadnut-u-zracnoj-luci-u-tuzli-bila-mu-ogranicena-sloboda-kretanja-galic-nalozio-istragu\\\/\"},\"author\":{\"name\":\"Radio Ljubu\u0161ki\",\"@id\":\"https:\\\/\\\/radioljubuski.ba\\\/#\\\/schema\\\/person\\\/19fc700381a780f69665d7956c469e3b\"},\"headline\":\"HMS: Schmidt verbalno napadnut u Zra\u010dnoj luci u Tuzli, bila mu ograni\u010dena sloboda kretanja, Gali\u0107 nalo\u017eio istragu\",\"datePublished\":\"2022-07-25T10:42:39+00:00\",\"dateModified\":\"2022-07-25T10:42:40+00:00\",\"mainEntityOfPage\":{\"@id\":\"https:\\\/\\\/radioljubuski.ba\\\/index.php\\\/2022\\\/07\\\/25\\\/hms-schmidt-verbalno-napadnut-u-zracnoj-luci-u-tuzli-bila-mu-ogranicena-sloboda-kretanja-galic-nalozio-istragu\\\/\"},\"wordCount\":339,\"publisher\":{\"@id\":\"https:\\\/\\\/radioljubuski.ba\\\/#organization\"},\"image\":{\"@id\":\"https:\\\/\\\/radioljubuski.ba\\\/index.php\\\/2022\\\/07\\\/25\\\/hms-schmidt-verbalno-napadnut-u-zracnoj-luci-u-tuzli-bila-mu-ogranicena-sloboda-kretanja-galic-nalozio-istragu\\\/#primaryimage\"},\"thumbnailUrl\":\"https:\\\/\\\/radioljubuski.ba\\\/wp-content\\\/uploads\\\/2022\\\/07\\\/christian_schmidt_aerodrom_tuzla7.jpg\",\"articleSection\":[\"BIH i regija\"],\"inLanguage\":\"hr\"},{\"@type\":\"WebPage\",\"@id\":\"https:\\\/\\\/radioljubuski.ba\\\/index.php\\\/2022\\\/07\\\/25\\\/hms-schmidt-verbalno-napadnut-u-zracnoj-luci-u-tuzli-bila-mu-ogranicena-sloboda-kretanja-galic-nalozio-istragu\\\/\",\"url\":\"https:\\\/\\\/radioljubuski.ba\\\/index.php\\\/2022\\\/07\\\/25\\\/hms-schmidt-verbalno-napadnut-u-zracnoj-luci-u-tuzli-bila-mu-ogranicena-sloboda-kretanja-galic-nalozio-istragu\\\/\",\"name\":\"HMS: Schmidt verbalno napadnut u Zra\u010dnoj luci u Tuzli, bila mu ograni\u010dena sloboda kretanja, Gali\u0107 nalo\u017eio istragu - RADIO LJUBU\u0160KI\",\"isPartOf\":{\"@id\":\"https:\\\/\\\/radioljubuski.ba\\\/#website\"},\"primaryImageOfPage\":{\"@id\":\"https:\\\/\\\/radioljubuski.ba\\\/index.php\\\/2022\\\/07\\\/25\\\/hms-schmidt-verbalno-napadnut-u-zracnoj-luci-u-tuzli-bila-mu-ogranicena-sloboda-kretanja-galic-nalozio-istragu\\\/#primaryimage\"},\"image\":{\"@id\":\"https:\\\/\\\/radioljubuski.ba\\\/index.php\\\/2022\\\/07\\\/25\\\/hms-schmidt-verbalno-napadnut-u-zracnoj-luci-u-tuzli-bila-mu-ogranicena-sloboda-kretanja-galic-nalozio-istragu\\\/#primaryimage\"},\"thumbnailUrl\":\"https:\\\/\\\/radioljubuski.ba\\\/wp-content\\\/uploads\\\/2022\\\/07\\\/christian_schmidt_aerodrom_tuzla7.jpg\",\"datePublished\":\"2022-07-25T10:42:39+00:00\",\"dateModified\":\"2022-07-25T10:42:40+00:00\",\"breadcrumb\":{\"@id\":\"https:\\\/\\\/radioljubuski.ba\\\/index.php\\\/2022\\\/07\\\/25\\\/hms-schmidt-verbalno-napadnut-u-zracnoj-luci-u-tuzli-bila-mu-ogranicena-sloboda-kretanja-galic-nalozio-istragu\\\/#breadcrumb\"},\"inLanguage\":\"hr\",\"potentialAction\":[{\"@type\":\"ReadAction\",\"target\":[\"https:\\\/\\\/radioljubuski.ba\\\/index.php\\\/2022\\\/07\\\/25\\\/hms-schmidt-verbalno-napadnut-u-zracnoj-luci-u-tuzli-bila-mu-ogranicena-sloboda-kretanja-galic-nalozio-istragu\\\/\"]}]},{\"@type\":\"ImageObject\",\"inLanguage\":\"hr\",\"@id\":\"https:\\\/\\\/radioljubuski.ba\\\/index.php\\\/2022\\\/07\\\/25\\\/hms-schmidt-verbalno-napadnut-u-zracnoj-luci-u-tuzli-bila-mu-ogranicena-sloboda-kretanja-galic-nalozio-istragu\\\/#primaryimage\",\"url\":\"https:\\\/\\\/radioljubuski.ba\\\/wp-content\\\/uploads\\\/2022\\\/07\\\/christian_schmidt_aerodrom_tuzla7.jpg\",\"contentUrl\":\"https:\\\/\\\/radioljubuski.ba\\\/wp-content\\\/uploads\\\/2022\\\/07\\\/christian_schmidt_aerodrom_tuzla7.jpg\",\"width\":900,\"height\":569},{\"@type\":\"BreadcrumbList\",\"@id\":\"https:\\\/\\\/radioljubuski.ba\\\/index.php\\\/2022\\\/07\\\/25\\\/hms-schmidt-verbalno-napadnut-u-zracnoj-luci-u-tuzli-bila-mu-ogranicena-sloboda-kretanja-galic-nalozio-istragu\\\/#breadcrumb\",\"itemListElement\":[{\"@type\":\"ListItem\",\"position\":1,\"name\":\"Po\u010detna stranica\",\"item\":\"https:\\\/\\\/radioljubuski.ba\\\/\"},{\"@type\":\"ListItem\",\"position\":2,\"name\":\"HMS: Schmidt verbalno napadnut u Zra\u010dnoj luci u Tuzli, bila mu ograni\u010dena sloboda kretanja, Gali\u0107 nalo\u017eio istragu\"}]},{\"@type\":\"WebSite\",\"@id\":\"https:\\\/\\\/radioljubuski.ba\\\/#website\",\"url\":\"https:\\\/\\\/radioljubuski.ba\\\/\",\"name\":\"Radio Ljubu\u0161ki\",\"description\":\"Sun\u010dana frekvencija Hercegovine\",\"publisher\":{\"@id\":\"https:\\\/\\\/radioljubuski.ba\\\/#organization\"},\"potentialAction\":[{\"@type\":\"SearchAction\",\"target\":{\"@type\":\"EntryPoint\",\"urlTemplate\":\"https:\\\/\\\/radioljubuski.ba\\\/?s={search_term_string}\"},\"query-input\":{\"@type\":\"PropertyValueSpecification\",\"valueRequired\":true,\"valueName\":\"search_term_string\"}}],\"inLanguage\":\"hr\"},{\"@type\":\"Organization\",\"@id\":\"https:\\\/\\\/radioljubuski.ba\\\/#organization\",\"name\":\"Radio Ljubu\u0161ki\",\"url\":\"https:\\\/\\\/radioljubuski.ba\\\/\",\"logo\":{\"@type\":\"ImageObject\",\"inLanguage\":\"hr\",\"@id\":\"https:\\\/\\\/radioljubuski.ba\\\/#\\\/schema\\\/logo\\\/image\\\/\",\"url\":\"https:\\\/\\\/radioljubuski.ba\\\/wp-content\\\/uploads\\\/2021\\\/02\\\/cropped-Radio_Ljubuski_logo1.jpg\",\"contentUrl\":\"https:\\\/\\\/radioljubuski.ba\\\/wp-content\\\/uploads\\\/2021\\\/02\\\/cropped-Radio_Ljubuski_logo1.jpg\",\"width\":512,\"height\":512,\"caption\":\"Radio Ljubu\u0161ki\"},\"image\":{\"@id\":\"https:\\\/\\\/radioljubuski.ba\\\/#\\\/schema\\\/logo\\\/image\\\/\"},\"sameAs\":[\"https:\\\/\\\/www.facebook.com\\\/Radiio-Ljubuski-1490835324566332\",\"https:\\\/\\\/x.com\\\/radioljubuski\",\"https:\\\/\\\/hr.linkedin.com\\\/company\\\/radio-ljubuski\",\"https:\\\/\\\/www.youtube.com\\\/channel\\\/UCHYaeO_n0Db3tjNGudGpXyw\"]},{\"@type\":\"Person\",\"@id\":\"https:\\\/\\\/radioljubuski.ba\\\/#\\\/schema\\\/person\\\/19fc700381a780f69665d7956c469e3b\",\"name\":\"Radio Ljubu\u0161ki\"}]}<\/script>\n<!-- \/ Yoast SEO plugin. -->","yoast_head_json":{"title":"HMS: Schmidt verbalno napadnut u Zra\u010dnoj luci u Tuzli, bila mu ograni\u010dena sloboda kretanja, Gali\u0107 nalo\u017eio istragu - RADIO LJUBU\u0160KI","robots":{"index":"index","follow":"follow","max-snippet":"max-snippet:-1","max-image-preview":"max-image-preview:large","max-video-preview":"max-video-preview:-1"},"canonical":"https:\/\/radioljubuski.ba\/index.php\/2022\/07\/25\/hms-schmidt-verbalno-napadnut-u-zracnoj-luci-u-tuzli-bila-mu-ogranicena-sloboda-kretanja-galic-nalozio-istragu\/","og_locale":"hr_HR","og_type":"article","og_title":"HMS: Schmidt verbalno napadnut u Zra\u010dnoj luci u Tuzli, bila mu ograni\u010dena sloboda kretanja, Gali\u0107 nalo\u017eio istragu - RADIO LJUBU\u0160KI","og_description":"Ju\u010der je u Me\u0111unarodnoj zra\u010dnoj luci Tuzla verbalno napadnut visoki predstavnik Christian Schmidt od strane organizirane \u201cskupine gra\u0111ana\u201d, doznaje Hrvatski Medijski Servis. Schmit je prethodno sletio na tuzlansku zra\u010dnu luku iz njema\u010dkog N\u00fcrnberga. Uz asistenciju policijskih slu\u017ebenika Grani\u010dne policije BiH i PU \u017divinice situacija je stavljena pod kontrolu. Ovu informaciju HMS-u je potvrdio Svevlad Hoffmann, [&hellip;]","og_url":"https:\/\/radioljubuski.ba\/index.php\/2022\/07\/25\/hms-schmidt-verbalno-napadnut-u-zracnoj-luci-u-tuzli-bila-mu-ogranicena-sloboda-kretanja-galic-nalozio-istragu\/","og_site_name":"RADIO LJUBU\u0160KI","article_publisher":"https:\/\/www.facebook.com\/Radiio-Ljubuski-1490835324566332","article_published_time":"2022-07-25T10:42:39+00:00","article_modified_time":"2022-07-25T10:42:40+00:00","og_image":[{"width":900,"height":569,"url":"https:\/\/radioljubuski.ba\/wp-content\/uploads\/2022\/07\/christian_schmidt_aerodrom_tuzla7.jpg","type":"image\/jpeg"}],"author":"Radio Ljubu\u0161ki","twitter_card":"summary_large_image","twitter_creator":"@radioljubuski","twitter_site":"@radioljubuski","twitter_misc":{"Napisao\/la":"Radio Ljubu\u0161ki","Procijenjeno vrijeme \u010ditanja":"2 minute"},"schema":{"@context":"https:\/\/schema.org","@graph":[{"@type":"Article","@id":"https:\/\/radioljubuski.ba\/index.php\/2022\/07\/25\/hms-schmidt-verbalno-napadnut-u-zracnoj-luci-u-tuzli-bila-mu-ogranicena-sloboda-kretanja-galic-nalozio-istragu\/#article","isPartOf":{"@id":"https:\/\/radioljubuski.ba\/index.php\/2022\/07\/25\/hms-schmidt-verbalno-napadnut-u-zracnoj-luci-u-tuzli-bila-mu-ogranicena-sloboda-kretanja-galic-nalozio-istragu\/"},"author":{"name":"Radio Ljubu\u0161ki","@id":"https:\/\/radioljubuski.ba\/#\/schema\/person\/19fc700381a780f69665d7956c469e3b"},"headline":"HMS: Schmidt verbalno napadnut u Zra\u010dnoj luci u Tuzli, bila mu ograni\u010dena sloboda kretanja, Gali\u0107 nalo\u017eio istragu","datePublished":"2022-07-25T10:42:39+00:00","dateModified":"2022-07-25T10:42:40+00:00","mainEntityOfPage":{"@id":"https:\/\/radioljubuski.ba\/index.php\/2022\/07\/25\/hms-schmidt-verbalno-napadnut-u-zracnoj-luci-u-tuzli-bila-mu-ogranicena-sloboda-kretanja-galic-nalozio-istragu\/"},"wordCount":339,"publisher":{"@id":"https:\/\/radioljubuski.ba\/#organization"},"image":{"@id":"https:\/\/radioljubuski.ba\/index.php\/2022\/07\/25\/hms-schmidt-verbalno-napadnut-u-zracnoj-luci-u-tuzli-bila-mu-ogranicena-sloboda-kretanja-galic-nalozio-istragu\/#primaryimage"},"thumbnailUrl":"https:\/\/radioljubuski.ba\/wp-content\/uploads\/2022\/07\/christian_schmidt_aerodrom_tuzla7.jpg","articleSection":["BIH i regija"],"inLanguage":"hr"},{"@type":"WebPage","@id":"https:\/\/radioljubuski.ba\/index.php\/2022\/07\/25\/hms-schmidt-verbalno-napadnut-u-zracnoj-luci-u-tuzli-bila-mu-ogranicena-sloboda-kretanja-galic-nalozio-istragu\/","url":"https:\/\/radioljubuski.ba\/index.php\/2022\/07\/25\/hms-schmidt-verbalno-napadnut-u-zracnoj-luci-u-tuzli-bila-mu-ogranicena-sloboda-kretanja-galic-nalozio-istragu\/","name":"HMS: Schmidt verbalno napadnut u Zra\u010dnoj luci u Tuzli, bila mu ograni\u010dena sloboda kretanja, Gali\u0107 nalo\u017eio istragu - RADIO LJUBU\u0160KI","isPartOf":{"@id":"https:\/\/radioljubuski.ba\/#website"},"primaryImageOfPage":{"@id":"https:\/\/radioljubuski.ba\/index.php\/2022\/07\/25\/hms-schmidt-verbalno-napadnut-u-zracnoj-luci-u-tuzli-bila-mu-ogranicena-sloboda-kretanja-galic-nalozio-istragu\/#primaryimage"},"image":{"@id":"https:\/\/radioljubuski.ba\/index.php\/2022\/07\/25\/hms-schmidt-verbalno-napadnut-u-zracnoj-luci-u-tuzli-bila-mu-ogranicena-sloboda-kretanja-galic-nalozio-istragu\/#primaryimage"},"thumbnailUrl":"https:\/\/radioljubuski.ba\/wp-content\/uploads\/2022\/07\/christian_schmidt_aerodrom_tuzla7.jpg","datePublished":"2022-07-25T10:42:39+00:00","dateModified":"2022-07-25T10:42:40+00:00","breadcrumb":{"@id":"https:\/\/radioljubuski.ba\/index.php\/2022\/07\/25\/hms-schmidt-verbalno-napadnut-u-zracnoj-luci-u-tuzli-bila-mu-ogranicena-sloboda-kretanja-galic-nalozio-istragu\/#breadcrumb"},"inLanguage":"hr","potentialAction":[{"@type":"ReadAction","target":["https:\/\/radioljubuski.ba\/index.php\/2022\/07\/25\/hms-schmidt-verbalno-napadnut-u-zracnoj-luci-u-tuzli-bila-mu-ogranicena-sloboda-kretanja-galic-nalozio-istragu\/"]}]},{"@type":"ImageObject","inLanguage":"hr","@id":"https:\/\/radioljubuski.ba\/index.php\/2022\/07\/25\/hms-schmidt-verbalno-napadnut-u-zracnoj-luci-u-tuzli-bila-mu-ogranicena-sloboda-kretanja-galic-nalozio-istragu\/#primaryimage","url":"https:\/\/radioljubuski.ba\/wp-content\/uploads\/2022\/07\/christian_schmidt_aerodrom_tuzla7.jpg","contentUrl":"https:\/\/radioljubuski.ba\/wp-content\/uploads\/2022\/07\/christian_schmidt_aerodrom_tuzla7.jpg","width":900,"height":569},{"@type":"BreadcrumbList","@id":"https:\/\/radioljubuski.ba\/index.php\/2022\/07\/25\/hms-schmidt-verbalno-napadnut-u-zracnoj-luci-u-tuzli-bila-mu-ogranicena-sloboda-kretanja-galic-nalozio-istragu\/#breadcrumb","itemListElement":[{"@type":"ListItem","position":1,"name":"Po\u010detna stranica","item":"https:\/\/radioljubuski.ba\/"},{"@type":"ListItem","position":2,"name":"HMS: Schmidt verbalno napadnut u Zra\u010dnoj luci u Tuzli, bila mu ograni\u010dena sloboda kretanja, Gali\u0107 nalo\u017eio istragu"}]},{"@type":"WebSite","@id":"https:\/\/radioljubuski.ba\/#website","url":"https:\/\/radioljubuski.ba\/","name":"Radio Ljubu\u0161ki","description":"Sun\u010dana frekvencija Hercegovine","publisher":{"@id":"https:\/\/radioljubuski.ba\/#organization"},"potentialAction":[{"@type":"SearchAction","target":{"@type":"EntryPoint","urlTemplate":"https:\/\/radioljubuski.ba\/?s={search_term_string}"},"query-input":{"@type":"PropertyValueSpecification","valueRequired":true,"valueName":"search_term_string"}}],"inLanguage":"hr"},{"@type":"Organization","@id":"https:\/\/radioljubuski.ba\/#organization","name":"Radio Ljubu\u0161ki","url":"https:\/\/radioljubuski.ba\/","logo":{"@type":"ImageObject","inLanguage":"hr","@id":"https:\/\/radioljubuski.ba\/#\/schema\/logo\/image\/","url":"https:\/\/radioljubuski.ba\/wp-content\/uploads\/2021\/02\/cropped-Radio_Ljubuski_logo1.jpg","contentUrl":"https:\/\/radioljubuski.ba\/wp-content\/uploads\/2021\/02\/cropped-Radio_Ljubuski_logo1.jpg","width":512,"height":512,"caption":"Radio Ljubu\u0161ki"},"image":{"@id":"https:\/\/radioljubuski.ba\/#\/schema\/logo\/image\/"},"sameAs":["https:\/\/www.facebook.com\/Radiio-Ljubuski-1490835324566332","https:\/\/x.com\/radioljubuski","https:\/\/hr.linkedin.com\/company\/radio-ljubuski","https:\/\/www.youtube.com\/channel\/UCHYaeO_n0Db3tjNGudGpXyw"]},{"@type":"Person","@id":"https:\/\/radioljubuski.ba\/#\/schema\/person\/19fc700381a780f69665d7956c469e3b","name":"Radio Ljubu\u0161ki"}]}},"_links":{"self":[{"href":"https:\/\/radioljubuski.ba\/index.php\/wp-json\/wp\/v2\/posts\/163224","targetHints":{"allow":["GET"]}}],"collection":[{"href":"https:\/\/radioljubuski.ba\/index.php\/wp-json\/wp\/v2\/posts"}],"about":[{"href":"https:\/\/radioljubuski.ba\/index.php\/wp-json\/wp\/v2\/types\/post"}],"author":[{"embeddable":true,"href":"https:\/\/radioljubuski.ba\/index.php\/wp-json\/wp\/v2\/users\/2"}],"replies":[{"embeddable":true,"href":"https:\/\/radioljubuski.ba\/index.php\/wp-json\/wp\/v2\/comments?post=163224"}],"version-history":[{"count":1,"href":"https:\/\/radioljubuski.ba\/index.php\/wp-json\/wp\/v2\/posts\/163224\/revisions"}],"predecessor-version":[{"id":163226,"href":"https:\/\/radioljubuski.ba\/index.php\/wp-json\/wp\/v2\/posts\/163224\/revisions\/163226"}],"wp:featuredmedia":[{"embeddable":true,"href":"https:\/\/radioljubuski.ba\/index.php\/wp-json\/wp\/v2\/media\/163225"}],"wp:attachment":[{"href":"https:\/\/radioljubuski.ba\/index.php\/wp-json\/wp\/v2\/media?parent=163224"}],"wp:term":[{"taxonomy":"category","embeddable":true,"href":"https:\/\/radioljubuski.ba\/index.php\/wp-json\/wp\/v2\/categories?post=163224"},{"taxonomy":"post_tag","embeddable":true,"href":"https:\/\/radioljubuski.ba\/index.php\/wp-json\/wp\/v2\/tags?post=163224"}],"curies":[{"name":"wp","href":"https:\/\/api.w.org\/{rel}","templated":true}]}}