{"id":163236,"date":"2022-07-25T11:59:04","date_gmt":"2022-07-25T10:59:04","guid":{"rendered":"https:\/\/radioljubuski.ba\/?p=163236"},"modified":"2022-07-25T11:59:05","modified_gmt":"2022-07-25T10:59:05","slug":"granicni-policajac-pomagao-kriminalcima-da-prebacuju-drogu-preko-granica","status":"publish","type":"post","link":"https:\/\/radioljubuski.ba\/index.php\/2022\/07\/25\/granicni-policajac-pomagao-kriminalcima-da-prebacuju-drogu-preko-granica\/","title":{"rendered":"Grani\u010dni policajac pomagao kriminalcima da prebacuju drogu preko granica"},"content":{"rendered":"\n<p>Postupaju\u0107i po nalogu i pod nadzorom tu\u017eitelja Tu\u017eiteljstva Bosne i Hercegovine, policijski djelatnici Grani\u010dne policije BiH uhitili su aktivnog djelatnika te policije.<\/p>\n\n\n\n<p>Osumnji\u010deni je pod istragom Tu\u017eiteljstva BiH u predmetu organiziranog kriminala i osumnji\u010den je za koruptivno djelovanje i zlouporabu policijske du\u017enosti i dostupnih informacija.<\/p>\n\n\n\n<p>Prema prikupljenim dokazima, navedeni osumnji\u010deni bio je u kontaktu s pripadnicima organizirane kriminalne skupine koju u predmetu Ra\u0161evi\u0107 i dr. (akcija kodnog naziva \u201cGolub\u201d), istra\u017euje Tu\u017eiteljstvo BiH zbog organiziranog kriminala, krijum\u010darenja velike koli\u010dine narkotika i drugih kaznenih djela.<\/p>\n\n\n\n<p>Prikupljeni su dokazi, da je osumnji\u010deni pripadnik Grani\u010dne policije BiH, radi ostvarivanja nezakonite imovinske koristi, odavao osumnji\u010denima informacije, te davao upute i pomagao ih u ilegalnom prelasku granice Bosne i Hercegovine, \u010dime je omogu\u0107io krijum\u010darenje ve\u0107e koli\u010dine opojnih droga.<\/p>\n\n\n\n<p>Policijski djelatnici Grani\u010dne policije BiH osumnji\u010denog \u0107e u zakonskom roku predati tu\u017eitelju, koji \u0107e ispitati osumnji\u010denog, nakon \u010dega \u0107e donijeti odluku o daljim aktivnostima u predmetu, saop\u0107eno je iz Tu\u017eiteljstva BiH.\u00a0<\/p>\n\n\n\n<p>Izvor: <a href=\"https:\/\/pogled.ba\/crna-kronika\/granicni-policajac-pomagao-kriminalcima-da-uvoze-drogu-u-bih\/251517\">Pogled.ba<\/a><\/p>\n","protected":false},"excerpt":{"rendered":"<p>Postupaju\u0107i po nalogu i pod nadzorom tu\u017eitelja Tu\u017eiteljstva Bosne i Hercegovine, policijski djelatnici Grani\u010dne policije BiH uhitili su aktivnog djelatnika te policije. Osumnji\u010deni je pod istragom Tu\u017eiteljstva BiH u predmetu organiziranog kriminala i osumnji\u010den je za koruptivno djelovanje i zlouporabu policijske du\u017enosti i dostupnih informacija. Prema prikupljenim dokazima, navedeni osumnji\u010deni bio je u kontaktu s [&hellip;]<\/p>\n","protected":false},"author":2,"featured_media":163237,"comment_status":"closed","ping_status":"closed","sticky":false,"template":"","format":"standard","meta":{"h5ap_radio_sources":[],"footnotes":""},"categories":[1],"tags":[],"class_list":["post-163236","post","type-post","status-publish","format-standard","has-post-thumbnail","hentry","category-bihiregija"],"yoast_head":"<!-- This site is optimized with the Yoast SEO plugin v27.5 - https:\/\/yoast.com\/product\/yoast-seo-wordpress\/ -->\n<title>Grani\u010dni policajac pomagao kriminalcima da prebacuju drogu preko granica - RADIO LJUBU\u0160KI<\/title>\n<meta name=\"robots\" content=\"index, follow, max-snippet:-1, max-image-preview:large, max-video-preview:-1\" \/>\n<link rel=\"canonical\" href=\"https:\/\/radioljubuski.ba\/index.php\/2022\/07\/25\/granicni-policajac-pomagao-kriminalcima-da-prebacuju-drogu-preko-granica\/\" \/>\n<meta property=\"og:locale\" content=\"hr_HR\" \/>\n<meta property=\"og:type\" content=\"article\" \/>\n<meta property=\"og:title\" content=\"Grani\u010dni policajac pomagao kriminalcima da prebacuju drogu preko granica - RADIO LJUBU\u0160KI\" \/>\n<meta property=\"og:description\" content=\"Postupaju\u0107i po nalogu i pod nadzorom tu\u017eitelja Tu\u017eiteljstva Bosne i Hercegovine, policijski djelatnici Grani\u010dne policije BiH uhitili su aktivnog djelatnika te policije. Osumnji\u010deni je pod istragom Tu\u017eiteljstva BiH u predmetu organiziranog kriminala i osumnji\u010den je za koruptivno djelovanje i zlouporabu policijske du\u017enosti i dostupnih informacija. Prema prikupljenim dokazima, navedeni osumnji\u010deni bio je u kontaktu s [&hellip;]\" \/>\n<meta property=\"og:url\" content=\"https:\/\/radioljubuski.ba\/index.php\/2022\/07\/25\/granicni-policajac-pomagao-kriminalcima-da-prebacuju-drogu-preko-granica\/\" \/>\n<meta property=\"og:site_name\" content=\"RADIO LJUBU\u0160KI\" \/>\n<meta property=\"article:publisher\" content=\"https:\/\/www.facebook.com\/Radiio-Ljubuski-1490835324566332\" \/>\n<meta property=\"article:published_time\" content=\"2022-07-25T10:59:04+00:00\" \/>\n<meta property=\"article:modified_time\" content=\"2022-07-25T10:59:05+00:00\" \/>\n<meta property=\"og:image\" content=\"https:\/\/radioljubuski.ba\/wp-content\/uploads\/2022\/07\/8-2022-06-23-14-27-14-granicna-policija-bih-ilustracija-1-1.jpg\" \/>\n\t<meta property=\"og:image:width\" content=\"1000\" \/>\n\t<meta property=\"og:image:height\" content=\"625\" \/>\n\t<meta property=\"og:image:type\" content=\"image\/jpeg\" \/>\n<meta name=\"author\" content=\"Radio Ljubu\u0161ki\" \/>\n<meta name=\"twitter:card\" content=\"summary_large_image\" \/>\n<meta name=\"twitter:creator\" content=\"@radioljubuski\" \/>\n<meta name=\"twitter:site\" content=\"@radioljubuski\" \/>\n<meta name=\"twitter:label1\" content=\"Napisao\/la\" \/>\n\t<meta name=\"twitter:data1\" content=\"Radio Ljubu\u0161ki\" \/>\n\t<meta name=\"twitter:label2\" content=\"Procijenjeno vrijeme \u010ditanja\" \/>\n\t<meta name=\"twitter:data2\" content=\"1 minuta\" \/>\n<script type=\"application\/ld+json\" class=\"yoast-schema-graph\">{\"@context\":\"https:\\\/\\\/schema.org\",\"@graph\":[{\"@type\":\"Article\",\"@id\":\"https:\\\/\\\/radioljubuski.ba\\\/index.php\\\/2022\\\/07\\\/25\\\/granicni-policajac-pomagao-kriminalcima-da-prebacuju-drogu-preko-granica\\\/#article\",\"isPartOf\":{\"@id\":\"https:\\\/\\\/radioljubuski.ba\\\/index.php\\\/2022\\\/07\\\/25\\\/granicni-policajac-pomagao-kriminalcima-da-prebacuju-drogu-preko-granica\\\/\"},\"author\":{\"name\":\"Radio Ljubu\u0161ki\",\"@id\":\"https:\\\/\\\/radioljubuski.ba\\\/#\\\/schema\\\/person\\\/19fc700381a780f69665d7956c469e3b\"},\"headline\":\"Grani\u010dni policajac pomagao kriminalcima da prebacuju drogu preko granica\",\"datePublished\":\"2022-07-25T10:59:04+00:00\",\"dateModified\":\"2022-07-25T10:59:05+00:00\",\"mainEntityOfPage\":{\"@id\":\"https:\\\/\\\/radioljubuski.ba\\\/index.php\\\/2022\\\/07\\\/25\\\/granicni-policajac-pomagao-kriminalcima-da-prebacuju-drogu-preko-granica\\\/\"},\"wordCount\":193,\"publisher\":{\"@id\":\"https:\\\/\\\/radioljubuski.ba\\\/#organization\"},\"image\":{\"@id\":\"https:\\\/\\\/radioljubuski.ba\\\/index.php\\\/2022\\\/07\\\/25\\\/granicni-policajac-pomagao-kriminalcima-da-prebacuju-drogu-preko-granica\\\/#primaryimage\"},\"thumbnailUrl\":\"https:\\\/\\\/radioljubuski.ba\\\/wp-content\\\/uploads\\\/2022\\\/07\\\/8-2022-06-23-14-27-14-granicna-policija-bih-ilustracija-1-1.jpg\",\"articleSection\":[\"BIH i regija\"],\"inLanguage\":\"hr\"},{\"@type\":\"WebPage\",\"@id\":\"https:\\\/\\\/radioljubuski.ba\\\/index.php\\\/2022\\\/07\\\/25\\\/granicni-policajac-pomagao-kriminalcima-da-prebacuju-drogu-preko-granica\\\/\",\"url\":\"https:\\\/\\\/radioljubuski.ba\\\/index.php\\\/2022\\\/07\\\/25\\\/granicni-policajac-pomagao-kriminalcima-da-prebacuju-drogu-preko-granica\\\/\",\"name\":\"Grani\u010dni policajac pomagao kriminalcima da prebacuju drogu preko granica - RADIO LJUBU\u0160KI\",\"isPartOf\":{\"@id\":\"https:\\\/\\\/radioljubuski.ba\\\/#website\"},\"primaryImageOfPage\":{\"@id\":\"https:\\\/\\\/radioljubuski.ba\\\/index.php\\\/2022\\\/07\\\/25\\\/granicni-policajac-pomagao-kriminalcima-da-prebacuju-drogu-preko-granica\\\/#primaryimage\"},\"image\":{\"@id\":\"https:\\\/\\\/radioljubuski.ba\\\/index.php\\\/2022\\\/07\\\/25\\\/granicni-policajac-pomagao-kriminalcima-da-prebacuju-drogu-preko-granica\\\/#primaryimage\"},\"thumbnailUrl\":\"https:\\\/\\\/radioljubuski.ba\\\/wp-content\\\/uploads\\\/2022\\\/07\\\/8-2022-06-23-14-27-14-granicna-policija-bih-ilustracija-1-1.jpg\",\"datePublished\":\"2022-07-25T10:59:04+00:00\",\"dateModified\":\"2022-07-25T10:59:05+00:00\",\"breadcrumb\":{\"@id\":\"https:\\\/\\\/radioljubuski.ba\\\/index.php\\\/2022\\\/07\\\/25\\\/granicni-policajac-pomagao-kriminalcima-da-prebacuju-drogu-preko-granica\\\/#breadcrumb\"},\"inLanguage\":\"hr\",\"potentialAction\":[{\"@type\":\"ReadAction\",\"target\":[\"https:\\\/\\\/radioljubuski.ba\\\/index.php\\\/2022\\\/07\\\/25\\\/granicni-policajac-pomagao-kriminalcima-da-prebacuju-drogu-preko-granica\\\/\"]}]},{\"@type\":\"ImageObject\",\"inLanguage\":\"hr\",\"@id\":\"https:\\\/\\\/radioljubuski.ba\\\/index.php\\\/2022\\\/07\\\/25\\\/granicni-policajac-pomagao-kriminalcima-da-prebacuju-drogu-preko-granica\\\/#primaryimage\",\"url\":\"https:\\\/\\\/radioljubuski.ba\\\/wp-content\\\/uploads\\\/2022\\\/07\\\/8-2022-06-23-14-27-14-granicna-policija-bih-ilustracija-1-1.jpg\",\"contentUrl\":\"https:\\\/\\\/radioljubuski.ba\\\/wp-content\\\/uploads\\\/2022\\\/07\\\/8-2022-06-23-14-27-14-granicna-policija-bih-ilustracija-1-1.jpg\",\"width\":1000,\"height\":625},{\"@type\":\"BreadcrumbList\",\"@id\":\"https:\\\/\\\/radioljubuski.ba\\\/index.php\\\/2022\\\/07\\\/25\\\/granicni-policajac-pomagao-kriminalcima-da-prebacuju-drogu-preko-granica\\\/#breadcrumb\",\"itemListElement\":[{\"@type\":\"ListItem\",\"position\":1,\"name\":\"Po\u010detna stranica\",\"item\":\"https:\\\/\\\/radioljubuski.ba\\\/\"},{\"@type\":\"ListItem\",\"position\":2,\"name\":\"Grani\u010dni policajac pomagao kriminalcima da prebacuju drogu preko granica\"}]},{\"@type\":\"WebSite\",\"@id\":\"https:\\\/\\\/radioljubuski.ba\\\/#website\",\"url\":\"https:\\\/\\\/radioljubuski.ba\\\/\",\"name\":\"Radio Ljubu\u0161ki\",\"description\":\"Sun\u010dana frekvencija Hercegovine\",\"publisher\":{\"@id\":\"https:\\\/\\\/radioljubuski.ba\\\/#organization\"},\"potentialAction\":[{\"@type\":\"SearchAction\",\"target\":{\"@type\":\"EntryPoint\",\"urlTemplate\":\"https:\\\/\\\/radioljubuski.ba\\\/?s={search_term_string}\"},\"query-input\":{\"@type\":\"PropertyValueSpecification\",\"valueRequired\":true,\"valueName\":\"search_term_string\"}}],\"inLanguage\":\"hr\"},{\"@type\":\"Organization\",\"@id\":\"https:\\\/\\\/radioljubuski.ba\\\/#organization\",\"name\":\"Radio Ljubu\u0161ki\",\"url\":\"https:\\\/\\\/radioljubuski.ba\\\/\",\"logo\":{\"@type\":\"ImageObject\",\"inLanguage\":\"hr\",\"@id\":\"https:\\\/\\\/radioljubuski.ba\\\/#\\\/schema\\\/logo\\\/image\\\/\",\"url\":\"https:\\\/\\\/radioljubuski.ba\\\/wp-content\\\/uploads\\\/2021\\\/02\\\/cropped-Radio_Ljubuski_logo1.jpg\",\"contentUrl\":\"https:\\\/\\\/radioljubuski.ba\\\/wp-content\\\/uploads\\\/2021\\\/02\\\/cropped-Radio_Ljubuski_logo1.jpg\",\"width\":512,\"height\":512,\"caption\":\"Radio Ljubu\u0161ki\"},\"image\":{\"@id\":\"https:\\\/\\\/radioljubuski.ba\\\/#\\\/schema\\\/logo\\\/image\\\/\"},\"sameAs\":[\"https:\\\/\\\/www.facebook.com\\\/Radiio-Ljubuski-1490835324566332\",\"https:\\\/\\\/x.com\\\/radioljubuski\",\"https:\\\/\\\/hr.linkedin.com\\\/company\\\/radio-ljubuski\",\"https:\\\/\\\/www.youtube.com\\\/channel\\\/UCHYaeO_n0Db3tjNGudGpXyw\"]},{\"@type\":\"Person\",\"@id\":\"https:\\\/\\\/radioljubuski.ba\\\/#\\\/schema\\\/person\\\/19fc700381a780f69665d7956c469e3b\",\"name\":\"Radio Ljubu\u0161ki\"}]}<\/script>\n<!-- \/ Yoast SEO plugin. -->","yoast_head_json":{"title":"Grani\u010dni policajac pomagao kriminalcima da prebacuju drogu preko granica - RADIO LJUBU\u0160KI","robots":{"index":"index","follow":"follow","max-snippet":"max-snippet:-1","max-image-preview":"max-image-preview:large","max-video-preview":"max-video-preview:-1"},"canonical":"https:\/\/radioljubuski.ba\/index.php\/2022\/07\/25\/granicni-policajac-pomagao-kriminalcima-da-prebacuju-drogu-preko-granica\/","og_locale":"hr_HR","og_type":"article","og_title":"Grani\u010dni policajac pomagao kriminalcima da prebacuju drogu preko granica - RADIO LJUBU\u0160KI","og_description":"Postupaju\u0107i po nalogu i pod nadzorom tu\u017eitelja Tu\u017eiteljstva Bosne i Hercegovine, policijski djelatnici Grani\u010dne policije BiH uhitili su aktivnog djelatnika te policije. Osumnji\u010deni je pod istragom Tu\u017eiteljstva BiH u predmetu organiziranog kriminala i osumnji\u010den je za koruptivno djelovanje i zlouporabu policijske du\u017enosti i dostupnih informacija. Prema prikupljenim dokazima, navedeni osumnji\u010deni bio je u kontaktu s [&hellip;]","og_url":"https:\/\/radioljubuski.ba\/index.php\/2022\/07\/25\/granicni-policajac-pomagao-kriminalcima-da-prebacuju-drogu-preko-granica\/","og_site_name":"RADIO LJUBU\u0160KI","article_publisher":"https:\/\/www.facebook.com\/Radiio-Ljubuski-1490835324566332","article_published_time":"2022-07-25T10:59:04+00:00","article_modified_time":"2022-07-25T10:59:05+00:00","og_image":[{"width":1000,"height":625,"url":"https:\/\/radioljubuski.ba\/wp-content\/uploads\/2022\/07\/8-2022-06-23-14-27-14-granicna-policija-bih-ilustracija-1-1.jpg","type":"image\/jpeg"}],"author":"Radio Ljubu\u0161ki","twitter_card":"summary_large_image","twitter_creator":"@radioljubuski","twitter_site":"@radioljubuski","twitter_misc":{"Napisao\/la":"Radio Ljubu\u0161ki","Procijenjeno vrijeme \u010ditanja":"1 minuta"},"schema":{"@context":"https:\/\/schema.org","@graph":[{"@type":"Article","@id":"https:\/\/radioljubuski.ba\/index.php\/2022\/07\/25\/granicni-policajac-pomagao-kriminalcima-da-prebacuju-drogu-preko-granica\/#article","isPartOf":{"@id":"https:\/\/radioljubuski.ba\/index.php\/2022\/07\/25\/granicni-policajac-pomagao-kriminalcima-da-prebacuju-drogu-preko-granica\/"},"author":{"name":"Radio Ljubu\u0161ki","@id":"https:\/\/radioljubuski.ba\/#\/schema\/person\/19fc700381a780f69665d7956c469e3b"},"headline":"Grani\u010dni policajac pomagao kriminalcima da prebacuju drogu preko granica","datePublished":"2022-07-25T10:59:04+00:00","dateModified":"2022-07-25T10:59:05+00:00","mainEntityOfPage":{"@id":"https:\/\/radioljubuski.ba\/index.php\/2022\/07\/25\/granicni-policajac-pomagao-kriminalcima-da-prebacuju-drogu-preko-granica\/"},"wordCount":193,"publisher":{"@id":"https:\/\/radioljubuski.ba\/#organization"},"image":{"@id":"https:\/\/radioljubuski.ba\/index.php\/2022\/07\/25\/granicni-policajac-pomagao-kriminalcima-da-prebacuju-drogu-preko-granica\/#primaryimage"},"thumbnailUrl":"https:\/\/radioljubuski.ba\/wp-content\/uploads\/2022\/07\/8-2022-06-23-14-27-14-granicna-policija-bih-ilustracija-1-1.jpg","articleSection":["BIH i regija"],"inLanguage":"hr"},{"@type":"WebPage","@id":"https:\/\/radioljubuski.ba\/index.php\/2022\/07\/25\/granicni-policajac-pomagao-kriminalcima-da-prebacuju-drogu-preko-granica\/","url":"https:\/\/radioljubuski.ba\/index.php\/2022\/07\/25\/granicni-policajac-pomagao-kriminalcima-da-prebacuju-drogu-preko-granica\/","name":"Grani\u010dni policajac pomagao kriminalcima da prebacuju drogu preko granica - RADIO LJUBU\u0160KI","isPartOf":{"@id":"https:\/\/radioljubuski.ba\/#website"},"primaryImageOfPage":{"@id":"https:\/\/radioljubuski.ba\/index.php\/2022\/07\/25\/granicni-policajac-pomagao-kriminalcima-da-prebacuju-drogu-preko-granica\/#primaryimage"},"image":{"@id":"https:\/\/radioljubuski.ba\/index.php\/2022\/07\/25\/granicni-policajac-pomagao-kriminalcima-da-prebacuju-drogu-preko-granica\/#primaryimage"},"thumbnailUrl":"https:\/\/radioljubuski.ba\/wp-content\/uploads\/2022\/07\/8-2022-06-23-14-27-14-granicna-policija-bih-ilustracija-1-1.jpg","datePublished":"2022-07-25T10:59:04+00:00","dateModified":"2022-07-25T10:59:05+00:00","breadcrumb":{"@id":"https:\/\/radioljubuski.ba\/index.php\/2022\/07\/25\/granicni-policajac-pomagao-kriminalcima-da-prebacuju-drogu-preko-granica\/#breadcrumb"},"inLanguage":"hr","potentialAction":[{"@type":"ReadAction","target":["https:\/\/radioljubuski.ba\/index.php\/2022\/07\/25\/granicni-policajac-pomagao-kriminalcima-da-prebacuju-drogu-preko-granica\/"]}]},{"@type":"ImageObject","inLanguage":"hr","@id":"https:\/\/radioljubuski.ba\/index.php\/2022\/07\/25\/granicni-policajac-pomagao-kriminalcima-da-prebacuju-drogu-preko-granica\/#primaryimage","url":"https:\/\/radioljubuski.ba\/wp-content\/uploads\/2022\/07\/8-2022-06-23-14-27-14-granicna-policija-bih-ilustracija-1-1.jpg","contentUrl":"https:\/\/radioljubuski.ba\/wp-content\/uploads\/2022\/07\/8-2022-06-23-14-27-14-granicna-policija-bih-ilustracija-1-1.jpg","width":1000,"height":625},{"@type":"BreadcrumbList","@id":"https:\/\/radioljubuski.ba\/index.php\/2022\/07\/25\/granicni-policajac-pomagao-kriminalcima-da-prebacuju-drogu-preko-granica\/#breadcrumb","itemListElement":[{"@type":"ListItem","position":1,"name":"Po\u010detna stranica","item":"https:\/\/radioljubuski.ba\/"},{"@type":"ListItem","position":2,"name":"Grani\u010dni policajac pomagao kriminalcima da prebacuju drogu preko granica"}]},{"@type":"WebSite","@id":"https:\/\/radioljubuski.ba\/#website","url":"https:\/\/radioljubuski.ba\/","name":"Radio Ljubu\u0161ki","description":"Sun\u010dana frekvencija Hercegovine","publisher":{"@id":"https:\/\/radioljubuski.ba\/#organization"},"potentialAction":[{"@type":"SearchAction","target":{"@type":"EntryPoint","urlTemplate":"https:\/\/radioljubuski.ba\/?s={search_term_string}"},"query-input":{"@type":"PropertyValueSpecification","valueRequired":true,"valueName":"search_term_string"}}],"inLanguage":"hr"},{"@type":"Organization","@id":"https:\/\/radioljubuski.ba\/#organization","name":"Radio Ljubu\u0161ki","url":"https:\/\/radioljubuski.ba\/","logo":{"@type":"ImageObject","inLanguage":"hr","@id":"https:\/\/radioljubuski.ba\/#\/schema\/logo\/image\/","url":"https:\/\/radioljubuski.ba\/wp-content\/uploads\/2021\/02\/cropped-Radio_Ljubuski_logo1.jpg","contentUrl":"https:\/\/radioljubuski.ba\/wp-content\/uploads\/2021\/02\/cropped-Radio_Ljubuski_logo1.jpg","width":512,"height":512,"caption":"Radio Ljubu\u0161ki"},"image":{"@id":"https:\/\/radioljubuski.ba\/#\/schema\/logo\/image\/"},"sameAs":["https:\/\/www.facebook.com\/Radiio-Ljubuski-1490835324566332","https:\/\/x.com\/radioljubuski","https:\/\/hr.linkedin.com\/company\/radio-ljubuski","https:\/\/www.youtube.com\/channel\/UCHYaeO_n0Db3tjNGudGpXyw"]},{"@type":"Person","@id":"https:\/\/radioljubuski.ba\/#\/schema\/person\/19fc700381a780f69665d7956c469e3b","name":"Radio Ljubu\u0161ki"}]}},"_links":{"self":[{"href":"https:\/\/radioljubuski.ba\/index.php\/wp-json\/wp\/v2\/posts\/163236","targetHints":{"allow":["GET"]}}],"collection":[{"href":"https:\/\/radioljubuski.ba\/index.php\/wp-json\/wp\/v2\/posts"}],"about":[{"href":"https:\/\/radioljubuski.ba\/index.php\/wp-json\/wp\/v2\/types\/post"}],"author":[{"embeddable":true,"href":"https:\/\/radioljubuski.ba\/index.php\/wp-json\/wp\/v2\/users\/2"}],"replies":[{"embeddable":true,"href":"https:\/\/radioljubuski.ba\/index.php\/wp-json\/wp\/v2\/comments?post=163236"}],"version-history":[{"count":1,"href":"https:\/\/radioljubuski.ba\/index.php\/wp-json\/wp\/v2\/posts\/163236\/revisions"}],"predecessor-version":[{"id":163238,"href":"https:\/\/radioljubuski.ba\/index.php\/wp-json\/wp\/v2\/posts\/163236\/revisions\/163238"}],"wp:featuredmedia":[{"embeddable":true,"href":"https:\/\/radioljubuski.ba\/index.php\/wp-json\/wp\/v2\/media\/163237"}],"wp:attachment":[{"href":"https:\/\/radioljubuski.ba\/index.php\/wp-json\/wp\/v2\/media?parent=163236"}],"wp:term":[{"taxonomy":"category","embeddable":true,"href":"https:\/\/radioljubuski.ba\/index.php\/wp-json\/wp\/v2\/categories?post=163236"},{"taxonomy":"post_tag","embeddable":true,"href":"https:\/\/radioljubuski.ba\/index.php\/wp-json\/wp\/v2\/tags?post=163236"}],"curies":[{"name":"wp","href":"https:\/\/api.w.org\/{rel}","templated":true}]}}